{"id":38552,"date":"2024-01-15T12:17:47","date_gmt":"2024-01-15T11:17:47","guid":{"rendered":"https:\/\/www.krafthand.de\/truck\/?p=38552"},"modified":"2024-01-15T12:21:00","modified_gmt":"2024-01-15T11:21:00","slug":"hella-marcel-wiedmann-uebernimmt-leitung-des-globalen-ersatzteil-und-werkstattgeschaeftes","status":"publish","type":"post","link":"https:\/\/www.krafthand.de\/truck\/artikel\/hella-marcel-wiedmann-uebernimmt-leitung-des-globalen-ersatzteil-und-werkstattgeschaeftes-38552\/","title":{"rendered":"HELLA: Marcel Wiedmann \u00fcbernimmt Leitung des globalen Ersatzteil- und Werkstattgesch\u00e4ftes"},"content":{"rendered":"<p>Mit Wirkung zum 1. Januar 2024 hat Dr. Marcel Wiedmann die Leitung des weltweiten Ersatzteil- und Werkstattgesch\u00e4ftes bei HELLA (FORVIA) \u00fcbernommen. In seiner Funktion berichtet Wiedmann an Stefan van Dalen, der als Mitglied der HELLA-Gesch\u00e4ftsf\u00fchrung die Business Group Lifecycle Solutions verantwortet und bislang die Leitung des Ersatzteil- und Werkstattgesch\u00e4fts in Personalunion innehatte.<\/p>\n<p>Marcel Wiedmann (45) ist bereits seit September 2017 bei HELLA besch\u00e4ftigt. F\u00fcr eine \u00dcbergangsphase war er noch Leiter des HELLA Corporate Center Asia sowie Executive Vice President Finance &amp; Controlling China. Zuvor hatte Wiedmann unterschiedliche F\u00fchrungspositionen in den Bereichen Aftermarket und Logistik inne. Vor seiner Zeit bei HELLA war der promovierte Wirtschaftswissenschaftler unter anderem f\u00fcr die Robert Bosch GmbH sowie die Unternehmensberatung McKinsey &amp; Company t\u00e4tig.<\/p>\n<p>Das Ersatzteil- und Werkstattgesch\u00e4ft ist Teil der <a href=\"https:\/\/www.hella.com\/hella-com\/de\/Lifecycle-Solutions-17493.html\" target=\"_blank\" rel=\"noopener\">Business Group Lifecycle Solutions<\/a>. Im Independent Aftermarket vertreibt HELLA ein Portfolio aus rund 46.000 Verschlei\u00df-, Ersatz- sowie Zubeh\u00f6rteilen. Das Werkstattgesch\u00e4ft wird \u00fcber das Tochterunternehmen <a href=\"https:\/\/www.hella-gutmann.com\/de\" target=\"_blank\" rel=\"noopener\">Hella Gutmann Solutions<\/a> mit Sitz in Ihringen (Deutschland) bedient. Es umfasst vor allem die T\u00e4tigkeitsfelder Fahrzeugdiagnose, Batterietest, Abgastest, Lichteinstellung und Kalibrierung sowie service- und datenbasierte Leistungen. Gesch\u00e4ftsf\u00fchrer von Hella Gutmann Solutions ist seit 1. Juli 2023 Adnan Cemal, der in dieser Rolle an Dr. Marcel Wiedmann berichtet.<\/p>\n","protected":false},"excerpt":{"rendered":"<p>Mit Wirkung zum 1. Januar 2024 hat Dr. Marcel Wiedmann die Leitung des weltweiten Ersatzteil- und Werkstattgesch\u00e4ftes bei HELLA (FORVIA) \u00fcbernommen. In seiner Funktion berichtet Wiedmann an Stefan van Dalen, der als Mitglied der HELLA-Gesch\u00e4ftsf\u00fchrung die Business Group Lifecycle Solutions verantwortet und bislang die Leitung des Ersatzteil- und Werkstattgesch\u00e4fts in Personalunion innehatte. <span class=\"excerpt-more__dots\">&#8230;<\/span> <a class=\"excerpt-more__link\" href=\"https:\/\/www.krafthand.de\/truck\/artikel\/hella-marcel-wiedmann-uebernimmt-leitung-des-globalen-ersatzteil-und-werkstattgeschaeftes-38552\/\" >weiter<\/a><\/p>\n","protected":false},"author":9,"featured_media":38557,"comment_status":"closed","ping_status":"closed","sticky":false,"template":"","format":"standard","meta":{"footnotes":""},"categories":[4238,4235],"tags":[5285,597,5829],"settings":[4766,3523],"class_list":["post-38552","post","type-post","status-publish","format-standard","has-post-thumbnail","hentry","category-koepfe","category-unternehmen","tag-forvia","tag-hella","tag-wiedemann"],"yoast_head":"<!-- This site is optimized with the Yoast SEO plugin v27.3 - https:\/\/yoast.com\/product\/yoast-seo-wordpress\/ -->\n<title>HELLA: Marcel Wiedmann \u00fcbernimmt Leitung des globalen Ersatzteil- und Werkstattgesch\u00e4ftes - Krafthand-Truck<\/title>\n<meta name=\"description\" content=\"Dr. Marcel Wiedmann hat die Leitung des weltweiten Ersatzteil- und Werkstattgesch\u00e4ftes bei HELLA (FORVIA) \u00fcbernommen.\" \/>\n<meta name=\"robots\" content=\"index, follow, max-snippet:-1, max-image-preview:large, max-video-preview:-1\" \/>\n<link rel=\"canonical\" href=\"https:\/\/www.krafthand.de\/truck\/artikel\/hella-marcel-wiedmann-uebernimmt-leitung-des-globalen-ersatzteil-und-werkstattgeschaeftes-38552\/\" \/>\n<meta property=\"og:locale\" content=\"de_DE\" \/>\n<meta property=\"og:type\" content=\"article\" \/>\n<meta property=\"og:title\" content=\"HELLA: Marcel Wiedmann \u00fcbernimmt Leitung des globalen Ersatzteil- und Werkstattgesch\u00e4ftes - Krafthand-Truck\" \/>\n<meta property=\"og:description\" content=\"Dr. Marcel Wiedmann hat die Leitung des weltweiten Ersatzteil- und Werkstattgesch\u00e4ftes bei HELLA (FORVIA) \u00fcbernommen.\" \/>\n<meta property=\"og:url\" content=\"https:\/\/www.krafthand-truck.de\/artikel\/hella-marcel-wiedmann-uebernimmt-leitung-des-globalen-ersatzteil-und-werkstattgeschaeftes-38552\/\" \/>\n<meta property=\"og:site_name\" content=\"Krafthand-Truck\" \/>\n<meta property=\"article:published_time\" content=\"2024-01-15T11:17:47+00:00\" \/>\n<meta property=\"article:modified_time\" content=\"2024-01-15T11:21:00+00:00\" \/>\n<meta property=\"og:image\" content=\"https:\/\/static.krafthand-truck.de\/uploads\/2024\/01\/Marcel_Wiedmann_Forvia_HELLA.jpg\" \/>\n\t<meta property=\"og:image:width\" content=\"1200\" \/>\n\t<meta property=\"og:image:height\" content=\"735\" \/>\n\t<meta property=\"og:image:type\" content=\"image\/jpeg\" \/>\n<meta name=\"author\" content=\"georg.blenk@krafthand-medien.de\" \/>\n<meta name=\"twitter:card\" content=\"summary_large_image\" \/>\n<meta name=\"twitter:label1\" content=\"Verfasst von\" \/>\n\t<meta name=\"twitter:data1\" content=\"georg.blenk@krafthand-medien.de\" \/>\n\t<meta name=\"twitter:label2\" content=\"Gesch\u00e4tzte Lesezeit\" \/>\n\t<meta name=\"twitter:data2\" content=\"2\u00a0Minuten\" \/>\n<script type=\"application\/ld+json\" class=\"yoast-schema-graph\">{\"@context\":\"https:\\\/\\\/schema.org\",\"@graph\":[{\"@type\":\"Article\",\"@id\":\"https:\\\/\\\/www.krafthand.de\\\/truck\\\/artikel\\\/hella-marcel-wiedmann-uebernimmt-leitung-des-globalen-ersatzteil-und-werkstattgeschaeftes-38552\\\/#article\",\"isPartOf\":{\"@id\":\"https:\\\/\\\/www.krafthand.de\\\/truck\\\/artikel\\\/hella-marcel-wiedmann-uebernimmt-leitung-des-globalen-ersatzteil-und-werkstattgeschaeftes-38552\\\/\"},\"author\":{\"name\":\"georg.blenk@krafthand-medien.de\",\"@id\":\"https:\\\/\\\/www.krafthand.de\\\/truck\\\/#\\\/schema\\\/person\\\/51fa80b1c57034c4bf63f9f988fc24ce\"},\"headline\":\"HELLA: Marcel Wiedmann \u00fcbernimmt Leitung des globalen Ersatzteil- und Werkstattgesch\u00e4ftes\",\"datePublished\":\"2024-01-15T11:17:47+00:00\",\"dateModified\":\"2024-01-15T11:21:00+00:00\",\"mainEntityOfPage\":{\"@id\":\"https:\\\/\\\/www.krafthand.de\\\/truck\\\/artikel\\\/hella-marcel-wiedmann-uebernimmt-leitung-des-globalen-ersatzteil-und-werkstattgeschaeftes-38552\\\/\"},\"wordCount\":216,\"image\":{\"@id\":\"https:\\\/\\\/www.krafthand.de\\\/truck\\\/artikel\\\/hella-marcel-wiedmann-uebernimmt-leitung-des-globalen-ersatzteil-und-werkstattgeschaeftes-38552\\\/#primaryimage\"},\"thumbnailUrl\":\"https:\\\/\\\/static.krafthand-truck.de\\\/uploads\\\/2024\\\/01\\\/Marcel_Wiedmann_Forvia_HELLA.jpg\",\"keywords\":[\"Forvia\",\"Hella\",\"Wiedemann\"],\"articleSection\":[\"K\u00f6pfe\\\/Personen\",\"Unternehmen\"],\"inLanguage\":\"de\"},{\"@type\":\"WebPage\",\"@id\":\"https:\\\/\\\/www.krafthand.de\\\/truck\\\/artikel\\\/hella-marcel-wiedmann-uebernimmt-leitung-des-globalen-ersatzteil-und-werkstattgeschaeftes-38552\\\/\",\"url\":\"https:\\\/\\\/www.krafthand.de\\\/truck\\\/artikel\\\/hella-marcel-wiedmann-uebernimmt-leitung-des-globalen-ersatzteil-und-werkstattgeschaeftes-38552\\\/\",\"name\":\"HELLA: Marcel Wiedmann \u00fcbernimmt Leitung des globalen Ersatzteil- und Werkstattgesch\u00e4ftes - Krafthand-Truck\",\"isPartOf\":{\"@id\":\"https:\\\/\\\/www.krafthand.de\\\/truck\\\/#website\"},\"primaryImageOfPage\":{\"@id\":\"https:\\\/\\\/www.krafthand.de\\\/truck\\\/artikel\\\/hella-marcel-wiedmann-uebernimmt-leitung-des-globalen-ersatzteil-und-werkstattgeschaeftes-38552\\\/#primaryimage\"},\"image\":{\"@id\":\"https:\\\/\\\/www.krafthand.de\\\/truck\\\/artikel\\\/hella-marcel-wiedmann-uebernimmt-leitung-des-globalen-ersatzteil-und-werkstattgeschaeftes-38552\\\/#primaryimage\"},\"thumbnailUrl\":\"https:\\\/\\\/static.krafthand-truck.de\\\/uploads\\\/2024\\\/01\\\/Marcel_Wiedmann_Forvia_HELLA.jpg\",\"datePublished\":\"2024-01-15T11:17:47+00:00\",\"dateModified\":\"2024-01-15T11:21:00+00:00\",\"author\":{\"@id\":\"https:\\\/\\\/www.krafthand.de\\\/truck\\\/#\\\/schema\\\/person\\\/51fa80b1c57034c4bf63f9f988fc24ce\"},\"description\":\"Dr. Marcel Wiedmann hat die Leitung des weltweiten Ersatzteil- und Werkstattgesch\u00e4ftes bei HELLA (FORVIA) \u00fcbernommen.\",\"breadcrumb\":{\"@id\":\"https:\\\/\\\/www.krafthand.de\\\/truck\\\/artikel\\\/hella-marcel-wiedmann-uebernimmt-leitung-des-globalen-ersatzteil-und-werkstattgeschaeftes-38552\\\/#breadcrumb\"},\"inLanguage\":\"de\",\"potentialAction\":[{\"@type\":\"ReadAction\",\"target\":[\"https:\\\/\\\/www.krafthand.de\\\/truck\\\/artikel\\\/hella-marcel-wiedmann-uebernimmt-leitung-des-globalen-ersatzteil-und-werkstattgeschaeftes-38552\\\/\"]}]},{\"@type\":\"ImageObject\",\"inLanguage\":\"de\",\"@id\":\"https:\\\/\\\/www.krafthand.de\\\/truck\\\/artikel\\\/hella-marcel-wiedmann-uebernimmt-leitung-des-globalen-ersatzteil-und-werkstattgeschaeftes-38552\\\/#primaryimage\",\"url\":\"https:\\\/\\\/static.krafthand-truck.de\\\/uploads\\\/2024\\\/01\\\/Marcel_Wiedmann_Forvia_HELLA.jpg\",\"contentUrl\":\"https:\\\/\\\/static.krafthand-truck.de\\\/uploads\\\/2024\\\/01\\\/Marcel_Wiedmann_Forvia_HELLA.jpg\",\"width\":1200,\"height\":735},{\"@type\":\"BreadcrumbList\",\"@id\":\"https:\\\/\\\/www.krafthand.de\\\/truck\\\/artikel\\\/hella-marcel-wiedmann-uebernimmt-leitung-des-globalen-ersatzteil-und-werkstattgeschaeftes-38552\\\/#breadcrumb\",\"itemListElement\":[{\"@type\":\"ListItem\",\"position\":1,\"name\":\"Krafthand-Truck\",\"item\":\"https:\\\/\\\/www.krafthand.de\\\/truck\\\/\"},{\"@type\":\"ListItem\",\"position\":2,\"name\":\"Nfz-Branche\",\"item\":\"https:\\\/\\\/www.krafthand.de\\\/truck\\\/kategorie\\\/branche\\\/\"},{\"@type\":\"ListItem\",\"position\":3,\"name\":\"K\u00f6pfe\\\/Personen\",\"item\":\"https:\\\/\\\/www.krafthand.de\\\/truck\\\/kategorie\\\/branche\\\/koepfe\\\/\"},{\"@type\":\"ListItem\",\"position\":4,\"name\":\"HELLA: Marcel Wiedmann \u00fcbernimmt Leitung des globalen Ersatzteil- und Werkstattgesch\u00e4ftes\"}]},{\"@type\":\"WebSite\",\"@id\":\"https:\\\/\\\/www.krafthand.de\\\/truck\\\/#website\",\"url\":\"https:\\\/\\\/www.krafthand.de\\\/truck\\\/\",\"name\":\"Krafthand-Truck\",\"description\":\"\",\"potentialAction\":[{\"@type\":\"SearchAction\",\"target\":{\"@type\":\"EntryPoint\",\"urlTemplate\":\"https:\\\/\\\/www.krafthand.de\\\/truck\\\/?s={search_term_string}\"},\"query-input\":{\"@type\":\"PropertyValueSpecification\",\"valueRequired\":true,\"valueName\":\"search_term_string\"}}],\"inLanguage\":\"de\"},{\"@type\":\"Person\",\"@id\":\"https:\\\/\\\/www.krafthand.de\\\/truck\\\/#\\\/schema\\\/person\\\/51fa80b1c57034c4bf63f9f988fc24ce\",\"name\":\"georg.blenk@krafthand-medien.de\",\"image\":{\"@type\":\"ImageObject\",\"inLanguage\":\"de\",\"@id\":\"https:\\\/\\\/secure.gravatar.com\\\/avatar\\\/93713c30affe0aa95d3a4130e499bb1abee2eb31adbdd9ce2aa1543538490215?s=96&d=mm&r=g\",\"url\":\"https:\\\/\\\/secure.gravatar.com\\\/avatar\\\/93713c30affe0aa95d3a4130e499bb1abee2eb31adbdd9ce2aa1543538490215?s=96&d=mm&r=g\",\"contentUrl\":\"https:\\\/\\\/secure.gravatar.com\\\/avatar\\\/93713c30affe0aa95d3a4130e499bb1abee2eb31adbdd9ce2aa1543538490215?s=96&d=mm&r=g\",\"caption\":\"georg.blenk@krafthand-medien.de\"}}]}<\/script>\n<!-- \/ Yoast SEO plugin. -->","yoast_head_json":{"title":"HELLA: Marcel Wiedmann \u00fcbernimmt Leitung des globalen Ersatzteil- und Werkstattgesch\u00e4ftes - Krafthand-Truck","description":"Dr. Marcel Wiedmann hat die Leitung des weltweiten Ersatzteil- und Werkstattgesch\u00e4ftes bei HELLA (FORVIA) \u00fcbernommen.","robots":{"index":"index","follow":"follow","max-snippet":"max-snippet:-1","max-image-preview":"max-image-preview:large","max-video-preview":"max-video-preview:-1"},"canonical":"https:\/\/www.krafthand.de\/truck\/artikel\/hella-marcel-wiedmann-uebernimmt-leitung-des-globalen-ersatzteil-und-werkstattgeschaeftes-38552\/","og_locale":"de_DE","og_type":"article","og_title":"HELLA: Marcel Wiedmann \u00fcbernimmt Leitung des globalen Ersatzteil- und Werkstattgesch\u00e4ftes - Krafthand-Truck","og_description":"Dr. Marcel Wiedmann hat die Leitung des weltweiten Ersatzteil- und Werkstattgesch\u00e4ftes bei HELLA (FORVIA) \u00fcbernommen.","og_url":"https:\/\/www.krafthand-truck.de\/artikel\/hella-marcel-wiedmann-uebernimmt-leitung-des-globalen-ersatzteil-und-werkstattgeschaeftes-38552\/","og_site_name":"Krafthand-Truck","article_published_time":"2024-01-15T11:17:47+00:00","article_modified_time":"2024-01-15T11:21:00+00:00","og_image":[{"width":1200,"height":735,"url":"https:\/\/static.krafthand-truck.de\/uploads\/2024\/01\/Marcel_Wiedmann_Forvia_HELLA.jpg","type":"image\/jpeg"}],"author":"georg.blenk@krafthand-medien.de","twitter_card":"summary_large_image","twitter_misc":{"Verfasst von":"georg.blenk@krafthand-medien.de","Gesch\u00e4tzte Lesezeit":"2\u00a0Minuten"},"schema":{"@context":"https:\/\/schema.org","@graph":[{"@type":"Article","@id":"https:\/\/www.krafthand.de\/truck\/artikel\/hella-marcel-wiedmann-uebernimmt-leitung-des-globalen-ersatzteil-und-werkstattgeschaeftes-38552\/#article","isPartOf":{"@id":"https:\/\/www.krafthand.de\/truck\/artikel\/hella-marcel-wiedmann-uebernimmt-leitung-des-globalen-ersatzteil-und-werkstattgeschaeftes-38552\/"},"author":{"name":"georg.blenk@krafthand-medien.de","@id":"https:\/\/www.krafthand.de\/truck\/#\/schema\/person\/51fa80b1c57034c4bf63f9f988fc24ce"},"headline":"HELLA: Marcel Wiedmann \u00fcbernimmt Leitung des globalen Ersatzteil- und Werkstattgesch\u00e4ftes","datePublished":"2024-01-15T11:17:47+00:00","dateModified":"2024-01-15T11:21:00+00:00","mainEntityOfPage":{"@id":"https:\/\/www.krafthand.de\/truck\/artikel\/hella-marcel-wiedmann-uebernimmt-leitung-des-globalen-ersatzteil-und-werkstattgeschaeftes-38552\/"},"wordCount":216,"image":{"@id":"https:\/\/www.krafthand.de\/truck\/artikel\/hella-marcel-wiedmann-uebernimmt-leitung-des-globalen-ersatzteil-und-werkstattgeschaeftes-38552\/#primaryimage"},"thumbnailUrl":"https:\/\/static.krafthand-truck.de\/uploads\/2024\/01\/Marcel_Wiedmann_Forvia_HELLA.jpg","keywords":["Forvia","Hella","Wiedemann"],"articleSection":["K\u00f6pfe\/Personen","Unternehmen"],"inLanguage":"de"},{"@type":"WebPage","@id":"https:\/\/www.krafthand.de\/truck\/artikel\/hella-marcel-wiedmann-uebernimmt-leitung-des-globalen-ersatzteil-und-werkstattgeschaeftes-38552\/","url":"https:\/\/www.krafthand.de\/truck\/artikel\/hella-marcel-wiedmann-uebernimmt-leitung-des-globalen-ersatzteil-und-werkstattgeschaeftes-38552\/","name":"HELLA: Marcel Wiedmann \u00fcbernimmt Leitung des globalen Ersatzteil- und Werkstattgesch\u00e4ftes - Krafthand-Truck","isPartOf":{"@id":"https:\/\/www.krafthand.de\/truck\/#website"},"primaryImageOfPage":{"@id":"https:\/\/www.krafthand.de\/truck\/artikel\/hella-marcel-wiedmann-uebernimmt-leitung-des-globalen-ersatzteil-und-werkstattgeschaeftes-38552\/#primaryimage"},"image":{"@id":"https:\/\/www.krafthand.de\/truck\/artikel\/hella-marcel-wiedmann-uebernimmt-leitung-des-globalen-ersatzteil-und-werkstattgeschaeftes-38552\/#primaryimage"},"thumbnailUrl":"https:\/\/static.krafthand-truck.de\/uploads\/2024\/01\/Marcel_Wiedmann_Forvia_HELLA.jpg","datePublished":"2024-01-15T11:17:47+00:00","dateModified":"2024-01-15T11:21:00+00:00","author":{"@id":"https:\/\/www.krafthand.de\/truck\/#\/schema\/person\/51fa80b1c57034c4bf63f9f988fc24ce"},"description":"Dr. Marcel Wiedmann hat die Leitung des weltweiten Ersatzteil- und Werkstattgesch\u00e4ftes bei HELLA (FORVIA) \u00fcbernommen.","breadcrumb":{"@id":"https:\/\/www.krafthand.de\/truck\/artikel\/hella-marcel-wiedmann-uebernimmt-leitung-des-globalen-ersatzteil-und-werkstattgeschaeftes-38552\/#breadcrumb"},"inLanguage":"de","potentialAction":[{"@type":"ReadAction","target":["https:\/\/www.krafthand.de\/truck\/artikel\/hella-marcel-wiedmann-uebernimmt-leitung-des-globalen-ersatzteil-und-werkstattgeschaeftes-38552\/"]}]},{"@type":"ImageObject","inLanguage":"de","@id":"https:\/\/www.krafthand.de\/truck\/artikel\/hella-marcel-wiedmann-uebernimmt-leitung-des-globalen-ersatzteil-und-werkstattgeschaeftes-38552\/#primaryimage","url":"https:\/\/static.krafthand-truck.de\/uploads\/2024\/01\/Marcel_Wiedmann_Forvia_HELLA.jpg","contentUrl":"https:\/\/static.krafthand-truck.de\/uploads\/2024\/01\/Marcel_Wiedmann_Forvia_HELLA.jpg","width":1200,"height":735},{"@type":"BreadcrumbList","@id":"https:\/\/www.krafthand.de\/truck\/artikel\/hella-marcel-wiedmann-uebernimmt-leitung-des-globalen-ersatzteil-und-werkstattgeschaeftes-38552\/#breadcrumb","itemListElement":[{"@type":"ListItem","position":1,"name":"Krafthand-Truck","item":"https:\/\/www.krafthand.de\/truck\/"},{"@type":"ListItem","position":2,"name":"Nfz-Branche","item":"https:\/\/www.krafthand.de\/truck\/kategorie\/branche\/"},{"@type":"ListItem","position":3,"name":"K\u00f6pfe\/Personen","item":"https:\/\/www.krafthand.de\/truck\/kategorie\/branche\/koepfe\/"},{"@type":"ListItem","position":4,"name":"HELLA: Marcel Wiedmann \u00fcbernimmt Leitung des globalen Ersatzteil- und Werkstattgesch\u00e4ftes"}]},{"@type":"WebSite","@id":"https:\/\/www.krafthand.de\/truck\/#website","url":"https:\/\/www.krafthand.de\/truck\/","name":"Krafthand-Truck","description":"","potentialAction":[{"@type":"SearchAction","target":{"@type":"EntryPoint","urlTemplate":"https:\/\/www.krafthand.de\/truck\/?s={search_term_string}"},"query-input":{"@type":"PropertyValueSpecification","valueRequired":true,"valueName":"search_term_string"}}],"inLanguage":"de"},{"@type":"Person","@id":"https:\/\/www.krafthand.de\/truck\/#\/schema\/person\/51fa80b1c57034c4bf63f9f988fc24ce","name":"georg.blenk@krafthand-medien.de","image":{"@type":"ImageObject","inLanguage":"de","@id":"https:\/\/secure.gravatar.com\/avatar\/93713c30affe0aa95d3a4130e499bb1abee2eb31adbdd9ce2aa1543538490215?s=96&d=mm&r=g","url":"https:\/\/secure.gravatar.com\/avatar\/93713c30affe0aa95d3a4130e499bb1abee2eb31adbdd9ce2aa1543538490215?s=96&d=mm&r=g","contentUrl":"https:\/\/secure.gravatar.com\/avatar\/93713c30affe0aa95d3a4130e499bb1abee2eb31adbdd9ce2aa1543538490215?s=96&d=mm&r=g","caption":"georg.blenk@krafthand-medien.de"}}]}},"_links":{"self":[{"href":"https:\/\/www.krafthand.de\/truck\/wp-json\/wp\/v2\/posts\/38552","targetHints":{"allow":["GET"]}}],"collection":[{"href":"https:\/\/www.krafthand.de\/truck\/wp-json\/wp\/v2\/posts"}],"about":[{"href":"https:\/\/www.krafthand.de\/truck\/wp-json\/wp\/v2\/types\/post"}],"author":[{"embeddable":true,"href":"https:\/\/www.krafthand.de\/truck\/wp-json\/wp\/v2\/users\/9"}],"replies":[{"embeddable":true,"href":"https:\/\/www.krafthand.de\/truck\/wp-json\/wp\/v2\/comments?post=38552"}],"version-history":[{"count":4,"href":"https:\/\/www.krafthand.de\/truck\/wp-json\/wp\/v2\/posts\/38552\/revisions"}],"predecessor-version":[{"id":38556,"href":"https:\/\/www.krafthand.de\/truck\/wp-json\/wp\/v2\/posts\/38552\/revisions\/38556"}],"wp:featuredmedia":[{"embeddable":true,"href":"https:\/\/www.krafthand.de\/truck\/wp-json\/wp\/v2\/media\/38557"}],"wp:attachment":[{"href":"https:\/\/www.krafthand.de\/truck\/wp-json\/wp\/v2\/media?parent=38552"}],"wp:term":[{"taxonomy":"category","embeddable":true,"href":"https:\/\/www.krafthand.de\/truck\/wp-json\/wp\/v2\/categories?post=38552"},{"taxonomy":"post_tag","embeddable":true,"href":"https:\/\/www.krafthand.de\/truck\/wp-json\/wp\/v2\/tags?post=38552"},{"taxonomy":"settings","embeddable":true,"href":"https:\/\/www.krafthand.de\/truck\/wp-json\/wp\/v2\/settings?post=38552"}],"curies":[{"name":"wp","href":"https:\/\/api.w.org\/{rel}","templated":true}]}}