{"id":38540,"date":"2024-01-12T08:45:14","date_gmt":"2024-01-12T07:45:14","guid":{"rendered":"https:\/\/www.krafthand.de\/truck\/?p=38540"},"modified":"2025-12-02T11:03:18","modified_gmt":"2025-12-02T10:03:18","slug":"designwerk-liefert-26-elektrische-abfallentsorgungsfahrzeuge-nach-zuerich","status":"publish","type":"post","link":"https:\/\/www.krafthand.de\/truck\/artikel\/designwerk-liefert-26-elektrische-abfallentsorgungsfahrzeuge-nach-zuerich-38540\/","title":{"rendered":"Designwerk liefert 26 elektrische Abfallentsorgungsfahrzeuge nach Z\u00fcrich"},"content":{"rendered":"<p>Mit dem bislang gr\u00f6\u00dften Auftrag ihrer Firmengeschichte sicherte sich die Winterthurer Designwerk Technologies AG den Zuschlag der Stadt Z\u00fcrich zur Lieferung von 26 vollelektrischen Abfallsammelfahrzeugen mit Niederflurkabine. Designwerk erf\u00fcllte die hohen Anforderungen an die Fahrzeuge und setzte sich gegen die Konkurrenz durch. Bis Ende 2027 werden demnach 26 Designwerk LOW CABs an das Departement Entsorgung + Recycling der Stadt Z\u00fcrich (ERZ) ausgeliefert.<\/p>\n<p>Bereits 2008 verpflichtete sich die Stadt Z\u00fcrich zu einer nachhaltigeren Fahrzeug- und Verkehrspolitik. Dazu geh\u00f6rt auch der Ausbau elektrischer Mobilit\u00e4t. Bis 2032 soll die komplette ERZ-Flotte elektrisch angetrieben sein. Mit dem Entscheid zur Beschaffung von weiteren 26 vollelektrischen Abfallsammelfahrzeugen wurde bereits jetzt ein weiterer Meilenstein gelegt.<\/p>\n<blockquote>\n<figure id=\"attachment_38544\" aria-describedby=\"caption-attachment-38544\" style=\"width: 280px\" class=\"wp-caption alignleft\"><a href=\"https:\/\/static.krafthand-truck.de\/uploads\/2024\/01\/Designwerk-Reto-Schmid-Vertriebsleiter-ELKW-Europa.jpg\" target=\"_blank\" rel=\"noopener\"><img fetchpriority=\"high\" decoding=\"async\" class=\"wp-image-38544\" src=\"https:\/\/static.krafthand-truck.de\/uploads\/2024\/01\/Designwerk-Reto-Schmid-Vertriebsleiter-ELKW-Europa-300x204.jpg\" alt=\"\" width=\"280\" height=\"190\" srcset=\"https:\/\/static.krafthand-truck.de\/uploads\/2024\/01\/Designwerk-Reto-Schmid-Vertriebsleiter-ELKW-Europa-300x204.jpg 300w, https:\/\/static.krafthand-truck.de\/uploads\/2024\/01\/Designwerk-Reto-Schmid-Vertriebsleiter-ELKW-Europa-768x522.jpg 768w, https:\/\/static.krafthand-truck.de\/uploads\/2024\/01\/Designwerk-Reto-Schmid-Vertriebsleiter-ELKW-Europa.jpg 999w\" sizes=\"(max-width: 280px) 100vw, 280px\" \/><\/a><figcaption id=\"caption-attachment-38544\" class=\"wp-caption-text\">Reto Schmid.<\/figcaption><\/figure>\n<p>\u201cDer Gewinn dieser Ausschreibung best\u00e4tigt unsere technologische F\u00fchrungsposition hinsichtlich Nutzfahrzeuge, welche keine &#8218;Stangenware&#8216; sind und sich zunehmend vom OEM-Serienfahrzeug abheben. Durch unsere Flexibilit\u00e4t sowie der gro\u00dfen Wissens- &amp; Fertigungstiefe k\u00f6nnen wir die immer komplexer werdenden Anforderungen an die Fahrzeuge erf\u00fcllen.\u201d kommentiert Reto Schmid, Vertriebsleiter E-Lkw Europe South bei Designwerk Technologies AG.<\/p><\/blockquote>\n<h3>Kurzer Radstand und 450 KW Batteriekapazit\u00e4t<\/h3>\n<p>Die hohen Anforderungen an Abfallfahrzeuge machen sich laut <a href=\"https:\/\/www.designwerk.com\" target=\"_blank\" rel=\"noopener\">Designwerk<\/a> vor allem in der Bauweise der E-Lkws bemerkbar. Um den besonderen Herausforderungen im engen Stra\u00dfenverkehr gerecht zu werden, m\u00fcssen sie \u00fcber einen m\u00f6glichst geringen Randstand verf\u00fcgen. So ist auch ein Alleinstellungsmerkmal des Gewinnerfahrzeuges ein geringer Radstand von lediglich 3.450 Millimeter. Im st\u00e4dtischen Raum mit engen Stra\u00dfen tr\u00e4gt der kurze Radstand mit kleinem Wendekreis zur optimalen Man\u00f6vrierf\u00e4higkeit bei.<br \/>\nTrotz des kurzen Radstandes und dem damit verbundenen begrenzten Platz, soll der LOW CAB Collect 6x2R 450E von Designwerk durch seine gro\u00dfe Batteriekapazit\u00e4t von 450 Kilowattstunden \u00fcberzeugen. Die notwendige Kapazit\u00e4t wurde so ausgelegt, dass ein Ganztagesbetrieb auch nach zehn Jahren Nutzung sowie in der kalten Jahreszeit ohne Zwischenladen gew\u00e4hrleistet ist.<\/p>\n<p>F\u00fcr die Ladeinfrastruktur ist fahrzeugseitig bereits gesorgt. Die 26 neuen E-LKWs verf\u00fcgen jeweils \u00fcber zwei auf dem Fahrzeug verbaute On Board-Ladeger\u00e4te mit gesamt 44 Kilowatt Ladeleistung (AC). Diese erm\u00f6glichen das Laden der Batterien \u00fcber Nacht mit schonendem Ladestrom. \u00dcbergeben werden die Fahrzeuge des Typs LOW CAB Collect 6x2R 450E von Designwerk jeweils nach der Fertigstellung. Bis Ende 2027 werden alle 26 Entsorgungsfahrzeuge an die Stadt Z\u00fcrich ausgeliefert.<\/p>\n\r\n\t\t\t\t<div class=\"post-author\">\r\n\t\t\t\t\t<div class=\"khm-cp-author clearfix\">\r\n\t\t\t\t\t\t<div class=\"khm-cp-author__content\">\r\n\t\t\t\t\t\t\t\tKontakt zum Autor:<br \/>\r\n\t\t\t\t\t\t\t\t<strong>Georg Blenk<\/strong>, 08247 \/ 3007-45 |  <a href=\"mailto:georg.blenk@krafthand-medien.de\">georg.blenk@krafthand-medien.de<\/a>\r\n\t\t\t\t\t\t\t<div class=\"khm-cp-author__image\">\r\n\t\t\t\t\t\t<img src=\"https:\/\/static.krafthand-truck.de\/uploads\/2021\/01\/Blenk_6104-250x300-1-removebg-preview.png\" class=\"img-responsive\">\r\n\t\t\t\t\t<\/div>\r\n\t\t\t\t\t\t<\/div>\r\n\t\t\t\t\t<\/div>\r\n\t\t\t\t<\/div>\r\n\t\t\t\t","protected":false},"excerpt":{"rendered":"<p>Mit dem bislang gr\u00f6\u00dften Auftrag ihrer Firmengeschichte sicherte sich die Winterthurer Designwerk Technologies AG den Zuschlag der Stadt Z\u00fcrich zur Lieferung von 26 vollelektrischen Abfallsammelfahrzeugen mit Niederflurkabine. <span class=\"excerpt-more__dots\">&#8230;<\/span> <a class=\"excerpt-more__link\" href=\"https:\/\/www.krafthand.de\/truck\/artikel\/designwerk-liefert-26-elektrische-abfallentsorgungsfahrzeuge-nach-zuerich-38540\/\" >weiter<\/a><\/p>\n","protected":false},"author":9,"featured_media":38549,"comment_status":"closed","ping_status":"closed","sticky":false,"template":"","format":"standard","meta":{"footnotes":""},"categories":[4224,6375,4235],"tags":[5161,5826,5827,5828],"settings":[3524,4766,3523],"class_list":["post-38540","post","type-post","status-publish","format-standard","has-post-thumbnail","hentry","category-e-antrieb","category-lade-tank-infrastruktur","category-unternehmen","tag-designwerk","tag-muellsammelfahrzeug","tag-reto-schmid","tag-zuerich"],"yoast_head":"<!-- This site is optimized with the Yoast SEO plugin v27.3 - https:\/\/yoast.com\/product\/yoast-seo-wordpress\/ -->\n<title>Designwerk liefert 26 elektrische Abfallentsorgungsfahrzeuge nach Z\u00fcrich - Krafthand-Truck<\/title>\n<meta name=\"description\" content=\"Die Designwerk Technologies AG erh\u00e4lt Zuschlag der Stadt Z\u00fcrich zur Lieferung von 26 vollelektrischen Abfallsammelfahrzeugen.\" \/>\n<meta name=\"robots\" content=\"index, follow, max-snippet:-1, max-image-preview:large, max-video-preview:-1\" \/>\n<link rel=\"canonical\" href=\"https:\/\/www.krafthand.de\/truck\/artikel\/designwerk-liefert-26-elektrische-abfallentsorgungsfahrzeuge-nach-zuerich-38540\/\" \/>\n<meta property=\"og:locale\" content=\"de_DE\" \/>\n<meta property=\"og:type\" content=\"article\" \/>\n<meta property=\"og:title\" content=\"Designwerk liefert 26 elektrische Abfallentsorgungsfahrzeuge nach Z\u00fcrich - Krafthand-Truck\" \/>\n<meta property=\"og:description\" content=\"Die Designwerk Technologies AG erh\u00e4lt Zuschlag der Stadt Z\u00fcrich zur Lieferung von 26 vollelektrischen Abfallsammelfahrzeugen.\" \/>\n<meta property=\"og:url\" content=\"https:\/\/www.krafthand-truck.de\/artikel\/designwerk-liefert-26-elektrische-abfallentsorgungsfahrzeuge-nach-zuerich-38540\/\" \/>\n<meta property=\"og:site_name\" content=\"Krafthand-Truck\" \/>\n<meta property=\"article:published_time\" content=\"2024-01-12T07:45:14+00:00\" \/>\n<meta property=\"article:modified_time\" content=\"2025-12-02T10:03:18+00:00\" \/>\n<meta property=\"og:image\" content=\"https:\/\/static.krafthand-truck.de\/uploads\/2024\/01\/Designwerk-LOW-CAB-Collect-6x2R-ERZ-E_Lkw_Zuerich_01.jpg\" \/>\n\t<meta property=\"og:image:width\" content=\"1200\" \/>\n\t<meta property=\"og:image:height\" content=\"598\" \/>\n\t<meta property=\"og:image:type\" content=\"image\/jpeg\" \/>\n<meta name=\"author\" content=\"georg.blenk@krafthand-medien.de\" \/>\n<meta name=\"twitter:card\" content=\"summary_large_image\" \/>\n<meta name=\"twitter:label1\" content=\"Verfasst von\" \/>\n\t<meta name=\"twitter:data1\" content=\"georg.blenk@krafthand-medien.de\" \/>\n\t<meta name=\"twitter:label2\" content=\"Gesch\u00e4tzte Lesezeit\" \/>\n\t<meta name=\"twitter:data2\" content=\"2\u00a0Minuten\" \/>\n<script type=\"application\/ld+json\" class=\"yoast-schema-graph\">{\"@context\":\"https:\\\/\\\/schema.org\",\"@graph\":[{\"@type\":\"Article\",\"@id\":\"https:\\\/\\\/www.krafthand.de\\\/truck\\\/artikel\\\/designwerk-liefert-26-elektrische-abfallentsorgungsfahrzeuge-nach-zuerich-38540\\\/#article\",\"isPartOf\":{\"@id\":\"https:\\\/\\\/www.krafthand.de\\\/truck\\\/artikel\\\/designwerk-liefert-26-elektrische-abfallentsorgungsfahrzeuge-nach-zuerich-38540\\\/\"},\"author\":{\"name\":\"georg.blenk@krafthand-medien.de\",\"@id\":\"https:\\\/\\\/www.krafthand.de\\\/truck\\\/#\\\/schema\\\/person\\\/51fa80b1c57034c4bf63f9f988fc24ce\"},\"headline\":\"Designwerk liefert 26 elektrische Abfallentsorgungsfahrzeuge nach Z\u00fcrich\",\"datePublished\":\"2024-01-12T07:45:14+00:00\",\"dateModified\":\"2025-12-02T10:03:18+00:00\",\"mainEntityOfPage\":{\"@id\":\"https:\\\/\\\/www.krafthand.de\\\/truck\\\/artikel\\\/designwerk-liefert-26-elektrische-abfallentsorgungsfahrzeuge-nach-zuerich-38540\\\/\"},\"wordCount\":384,\"image\":{\"@id\":\"https:\\\/\\\/www.krafthand.de\\\/truck\\\/artikel\\\/designwerk-liefert-26-elektrische-abfallentsorgungsfahrzeuge-nach-zuerich-38540\\\/#primaryimage\"},\"thumbnailUrl\":\"https:\\\/\\\/static.krafthand-truck.de\\\/uploads\\\/2024\\\/01\\\/Designwerk-LOW-CAB-Collect-6x2R-ERZ-E_Lkw_Zuerich_01.jpg\",\"keywords\":[\"Designwerk\",\"M\u00fcllsammelfahrzeug\",\"Reto Schmid\",\"Z\u00fcrich\"],\"articleSection\":[\"E-Antrieb (BEV\\\/FCEV)\",\"Lade-\\\/Tank-Infrastruktur\",\"Unternehmen\"],\"inLanguage\":\"de\"},{\"@type\":\"WebPage\",\"@id\":\"https:\\\/\\\/www.krafthand.de\\\/truck\\\/artikel\\\/designwerk-liefert-26-elektrische-abfallentsorgungsfahrzeuge-nach-zuerich-38540\\\/\",\"url\":\"https:\\\/\\\/www.krafthand.de\\\/truck\\\/artikel\\\/designwerk-liefert-26-elektrische-abfallentsorgungsfahrzeuge-nach-zuerich-38540\\\/\",\"name\":\"Designwerk liefert 26 elektrische Abfallentsorgungsfahrzeuge nach Z\u00fcrich - Krafthand-Truck\",\"isPartOf\":{\"@id\":\"https:\\\/\\\/www.krafthand.de\\\/truck\\\/#website\"},\"primaryImageOfPage\":{\"@id\":\"https:\\\/\\\/www.krafthand.de\\\/truck\\\/artikel\\\/designwerk-liefert-26-elektrische-abfallentsorgungsfahrzeuge-nach-zuerich-38540\\\/#primaryimage\"},\"image\":{\"@id\":\"https:\\\/\\\/www.krafthand.de\\\/truck\\\/artikel\\\/designwerk-liefert-26-elektrische-abfallentsorgungsfahrzeuge-nach-zuerich-38540\\\/#primaryimage\"},\"thumbnailUrl\":\"https:\\\/\\\/static.krafthand-truck.de\\\/uploads\\\/2024\\\/01\\\/Designwerk-LOW-CAB-Collect-6x2R-ERZ-E_Lkw_Zuerich_01.jpg\",\"datePublished\":\"2024-01-12T07:45:14+00:00\",\"dateModified\":\"2025-12-02T10:03:18+00:00\",\"author\":{\"@id\":\"https:\\\/\\\/www.krafthand.de\\\/truck\\\/#\\\/schema\\\/person\\\/51fa80b1c57034c4bf63f9f988fc24ce\"},\"description\":\"Die Designwerk Technologies AG erh\u00e4lt Zuschlag der Stadt Z\u00fcrich zur Lieferung von 26 vollelektrischen Abfallsammelfahrzeugen.\",\"breadcrumb\":{\"@id\":\"https:\\\/\\\/www.krafthand.de\\\/truck\\\/artikel\\\/designwerk-liefert-26-elektrische-abfallentsorgungsfahrzeuge-nach-zuerich-38540\\\/#breadcrumb\"},\"inLanguage\":\"de\",\"potentialAction\":[{\"@type\":\"ReadAction\",\"target\":[\"https:\\\/\\\/www.krafthand.de\\\/truck\\\/artikel\\\/designwerk-liefert-26-elektrische-abfallentsorgungsfahrzeuge-nach-zuerich-38540\\\/\"]}]},{\"@type\":\"ImageObject\",\"inLanguage\":\"de\",\"@id\":\"https:\\\/\\\/www.krafthand.de\\\/truck\\\/artikel\\\/designwerk-liefert-26-elektrische-abfallentsorgungsfahrzeuge-nach-zuerich-38540\\\/#primaryimage\",\"url\":\"https:\\\/\\\/static.krafthand-truck.de\\\/uploads\\\/2024\\\/01\\\/Designwerk-LOW-CAB-Collect-6x2R-ERZ-E_Lkw_Zuerich_01.jpg\",\"contentUrl\":\"https:\\\/\\\/static.krafthand-truck.de\\\/uploads\\\/2024\\\/01\\\/Designwerk-LOW-CAB-Collect-6x2R-ERZ-E_Lkw_Zuerich_01.jpg\",\"width\":1200,\"height\":598},{\"@type\":\"BreadcrumbList\",\"@id\":\"https:\\\/\\\/www.krafthand.de\\\/truck\\\/artikel\\\/designwerk-liefert-26-elektrische-abfallentsorgungsfahrzeuge-nach-zuerich-38540\\\/#breadcrumb\",\"itemListElement\":[{\"@type\":\"ListItem\",\"position\":1,\"name\":\"Krafthand-Truck\",\"item\":\"https:\\\/\\\/www.krafthand.de\\\/truck\\\/\"},{\"@type\":\"ListItem\",\"position\":2,\"name\":\"Nfz-Branche\",\"item\":\"https:\\\/\\\/www.krafthand.de\\\/truck\\\/kategorie\\\/branche\\\/\"},{\"@type\":\"ListItem\",\"position\":3,\"name\":\"Unternehmen\",\"item\":\"https:\\\/\\\/www.krafthand.de\\\/truck\\\/kategorie\\\/branche\\\/unternehmen\\\/\"},{\"@type\":\"ListItem\",\"position\":4,\"name\":\"Designwerk liefert 26 elektrische Abfallentsorgungsfahrzeuge nach Z\u00fcrich\"}]},{\"@type\":\"WebSite\",\"@id\":\"https:\\\/\\\/www.krafthand.de\\\/truck\\\/#website\",\"url\":\"https:\\\/\\\/www.krafthand.de\\\/truck\\\/\",\"name\":\"Krafthand-Truck\",\"description\":\"\",\"potentialAction\":[{\"@type\":\"SearchAction\",\"target\":{\"@type\":\"EntryPoint\",\"urlTemplate\":\"https:\\\/\\\/www.krafthand.de\\\/truck\\\/?s={search_term_string}\"},\"query-input\":{\"@type\":\"PropertyValueSpecification\",\"valueRequired\":true,\"valueName\":\"search_term_string\"}}],\"inLanguage\":\"de\"},{\"@type\":\"Person\",\"@id\":\"https:\\\/\\\/www.krafthand.de\\\/truck\\\/#\\\/schema\\\/person\\\/51fa80b1c57034c4bf63f9f988fc24ce\",\"name\":\"georg.blenk@krafthand-medien.de\",\"image\":{\"@type\":\"ImageObject\",\"inLanguage\":\"de\",\"@id\":\"https:\\\/\\\/secure.gravatar.com\\\/avatar\\\/93713c30affe0aa95d3a4130e499bb1abee2eb31adbdd9ce2aa1543538490215?s=96&d=mm&r=g\",\"url\":\"https:\\\/\\\/secure.gravatar.com\\\/avatar\\\/93713c30affe0aa95d3a4130e499bb1abee2eb31adbdd9ce2aa1543538490215?s=96&d=mm&r=g\",\"contentUrl\":\"https:\\\/\\\/secure.gravatar.com\\\/avatar\\\/93713c30affe0aa95d3a4130e499bb1abee2eb31adbdd9ce2aa1543538490215?s=96&d=mm&r=g\",\"caption\":\"georg.blenk@krafthand-medien.de\"}}]}<\/script>\n<!-- \/ Yoast SEO plugin. -->","yoast_head_json":{"title":"Designwerk liefert 26 elektrische Abfallentsorgungsfahrzeuge nach Z\u00fcrich - Krafthand-Truck","description":"Die Designwerk Technologies AG erh\u00e4lt Zuschlag der Stadt Z\u00fcrich zur Lieferung von 26 vollelektrischen Abfallsammelfahrzeugen.","robots":{"index":"index","follow":"follow","max-snippet":"max-snippet:-1","max-image-preview":"max-image-preview:large","max-video-preview":"max-video-preview:-1"},"canonical":"https:\/\/www.krafthand.de\/truck\/artikel\/designwerk-liefert-26-elektrische-abfallentsorgungsfahrzeuge-nach-zuerich-38540\/","og_locale":"de_DE","og_type":"article","og_title":"Designwerk liefert 26 elektrische Abfallentsorgungsfahrzeuge nach Z\u00fcrich - Krafthand-Truck","og_description":"Die Designwerk Technologies AG erh\u00e4lt Zuschlag der Stadt Z\u00fcrich zur Lieferung von 26 vollelektrischen Abfallsammelfahrzeugen.","og_url":"https:\/\/www.krafthand-truck.de\/artikel\/designwerk-liefert-26-elektrische-abfallentsorgungsfahrzeuge-nach-zuerich-38540\/","og_site_name":"Krafthand-Truck","article_published_time":"2024-01-12T07:45:14+00:00","article_modified_time":"2025-12-02T10:03:18+00:00","og_image":[{"width":1200,"height":598,"url":"https:\/\/static.krafthand-truck.de\/uploads\/2024\/01\/Designwerk-LOW-CAB-Collect-6x2R-ERZ-E_Lkw_Zuerich_01.jpg","type":"image\/jpeg"}],"author":"georg.blenk@krafthand-medien.de","twitter_card":"summary_large_image","twitter_misc":{"Verfasst von":"georg.blenk@krafthand-medien.de","Gesch\u00e4tzte Lesezeit":"2\u00a0Minuten"},"schema":{"@context":"https:\/\/schema.org","@graph":[{"@type":"Article","@id":"https:\/\/www.krafthand.de\/truck\/artikel\/designwerk-liefert-26-elektrische-abfallentsorgungsfahrzeuge-nach-zuerich-38540\/#article","isPartOf":{"@id":"https:\/\/www.krafthand.de\/truck\/artikel\/designwerk-liefert-26-elektrische-abfallentsorgungsfahrzeuge-nach-zuerich-38540\/"},"author":{"name":"georg.blenk@krafthand-medien.de","@id":"https:\/\/www.krafthand.de\/truck\/#\/schema\/person\/51fa80b1c57034c4bf63f9f988fc24ce"},"headline":"Designwerk liefert 26 elektrische Abfallentsorgungsfahrzeuge nach Z\u00fcrich","datePublished":"2024-01-12T07:45:14+00:00","dateModified":"2025-12-02T10:03:18+00:00","mainEntityOfPage":{"@id":"https:\/\/www.krafthand.de\/truck\/artikel\/designwerk-liefert-26-elektrische-abfallentsorgungsfahrzeuge-nach-zuerich-38540\/"},"wordCount":384,"image":{"@id":"https:\/\/www.krafthand.de\/truck\/artikel\/designwerk-liefert-26-elektrische-abfallentsorgungsfahrzeuge-nach-zuerich-38540\/#primaryimage"},"thumbnailUrl":"https:\/\/static.krafthand-truck.de\/uploads\/2024\/01\/Designwerk-LOW-CAB-Collect-6x2R-ERZ-E_Lkw_Zuerich_01.jpg","keywords":["Designwerk","M\u00fcllsammelfahrzeug","Reto Schmid","Z\u00fcrich"],"articleSection":["E-Antrieb (BEV\/FCEV)","Lade-\/Tank-Infrastruktur","Unternehmen"],"inLanguage":"de"},{"@type":"WebPage","@id":"https:\/\/www.krafthand.de\/truck\/artikel\/designwerk-liefert-26-elektrische-abfallentsorgungsfahrzeuge-nach-zuerich-38540\/","url":"https:\/\/www.krafthand.de\/truck\/artikel\/designwerk-liefert-26-elektrische-abfallentsorgungsfahrzeuge-nach-zuerich-38540\/","name":"Designwerk liefert 26 elektrische Abfallentsorgungsfahrzeuge nach Z\u00fcrich - Krafthand-Truck","isPartOf":{"@id":"https:\/\/www.krafthand.de\/truck\/#website"},"primaryImageOfPage":{"@id":"https:\/\/www.krafthand.de\/truck\/artikel\/designwerk-liefert-26-elektrische-abfallentsorgungsfahrzeuge-nach-zuerich-38540\/#primaryimage"},"image":{"@id":"https:\/\/www.krafthand.de\/truck\/artikel\/designwerk-liefert-26-elektrische-abfallentsorgungsfahrzeuge-nach-zuerich-38540\/#primaryimage"},"thumbnailUrl":"https:\/\/static.krafthand-truck.de\/uploads\/2024\/01\/Designwerk-LOW-CAB-Collect-6x2R-ERZ-E_Lkw_Zuerich_01.jpg","datePublished":"2024-01-12T07:45:14+00:00","dateModified":"2025-12-02T10:03:18+00:00","author":{"@id":"https:\/\/www.krafthand.de\/truck\/#\/schema\/person\/51fa80b1c57034c4bf63f9f988fc24ce"},"description":"Die Designwerk Technologies AG erh\u00e4lt Zuschlag der Stadt Z\u00fcrich zur Lieferung von 26 vollelektrischen Abfallsammelfahrzeugen.","breadcrumb":{"@id":"https:\/\/www.krafthand.de\/truck\/artikel\/designwerk-liefert-26-elektrische-abfallentsorgungsfahrzeuge-nach-zuerich-38540\/#breadcrumb"},"inLanguage":"de","potentialAction":[{"@type":"ReadAction","target":["https:\/\/www.krafthand.de\/truck\/artikel\/designwerk-liefert-26-elektrische-abfallentsorgungsfahrzeuge-nach-zuerich-38540\/"]}]},{"@type":"ImageObject","inLanguage":"de","@id":"https:\/\/www.krafthand.de\/truck\/artikel\/designwerk-liefert-26-elektrische-abfallentsorgungsfahrzeuge-nach-zuerich-38540\/#primaryimage","url":"https:\/\/static.krafthand-truck.de\/uploads\/2024\/01\/Designwerk-LOW-CAB-Collect-6x2R-ERZ-E_Lkw_Zuerich_01.jpg","contentUrl":"https:\/\/static.krafthand-truck.de\/uploads\/2024\/01\/Designwerk-LOW-CAB-Collect-6x2R-ERZ-E_Lkw_Zuerich_01.jpg","width":1200,"height":598},{"@type":"BreadcrumbList","@id":"https:\/\/www.krafthand.de\/truck\/artikel\/designwerk-liefert-26-elektrische-abfallentsorgungsfahrzeuge-nach-zuerich-38540\/#breadcrumb","itemListElement":[{"@type":"ListItem","position":1,"name":"Krafthand-Truck","item":"https:\/\/www.krafthand.de\/truck\/"},{"@type":"ListItem","position":2,"name":"Nfz-Branche","item":"https:\/\/www.krafthand.de\/truck\/kategorie\/branche\/"},{"@type":"ListItem","position":3,"name":"Unternehmen","item":"https:\/\/www.krafthand.de\/truck\/kategorie\/branche\/unternehmen\/"},{"@type":"ListItem","position":4,"name":"Designwerk liefert 26 elektrische Abfallentsorgungsfahrzeuge nach Z\u00fcrich"}]},{"@type":"WebSite","@id":"https:\/\/www.krafthand.de\/truck\/#website","url":"https:\/\/www.krafthand.de\/truck\/","name":"Krafthand-Truck","description":"","potentialAction":[{"@type":"SearchAction","target":{"@type":"EntryPoint","urlTemplate":"https:\/\/www.krafthand.de\/truck\/?s={search_term_string}"},"query-input":{"@type":"PropertyValueSpecification","valueRequired":true,"valueName":"search_term_string"}}],"inLanguage":"de"},{"@type":"Person","@id":"https:\/\/www.krafthand.de\/truck\/#\/schema\/person\/51fa80b1c57034c4bf63f9f988fc24ce","name":"georg.blenk@krafthand-medien.de","image":{"@type":"ImageObject","inLanguage":"de","@id":"https:\/\/secure.gravatar.com\/avatar\/93713c30affe0aa95d3a4130e499bb1abee2eb31adbdd9ce2aa1543538490215?s=96&d=mm&r=g","url":"https:\/\/secure.gravatar.com\/avatar\/93713c30affe0aa95d3a4130e499bb1abee2eb31adbdd9ce2aa1543538490215?s=96&d=mm&r=g","contentUrl":"https:\/\/secure.gravatar.com\/avatar\/93713c30affe0aa95d3a4130e499bb1abee2eb31adbdd9ce2aa1543538490215?s=96&d=mm&r=g","caption":"georg.blenk@krafthand-medien.de"}}]}},"_links":{"self":[{"href":"https:\/\/www.krafthand.de\/truck\/wp-json\/wp\/v2\/posts\/38540","targetHints":{"allow":["GET"]}}],"collection":[{"href":"https:\/\/www.krafthand.de\/truck\/wp-json\/wp\/v2\/posts"}],"about":[{"href":"https:\/\/www.krafthand.de\/truck\/wp-json\/wp\/v2\/types\/post"}],"author":[{"embeddable":true,"href":"https:\/\/www.krafthand.de\/truck\/wp-json\/wp\/v2\/users\/9"}],"replies":[{"embeddable":true,"href":"https:\/\/www.krafthand.de\/truck\/wp-json\/wp\/v2\/comments?post=38540"}],"version-history":[{"count":9,"href":"https:\/\/www.krafthand.de\/truck\/wp-json\/wp\/v2\/posts\/38540\/revisions"}],"predecessor-version":[{"id":38551,"href":"https:\/\/www.krafthand.de\/truck\/wp-json\/wp\/v2\/posts\/38540\/revisions\/38551"}],"wp:featuredmedia":[{"embeddable":true,"href":"https:\/\/www.krafthand.de\/truck\/wp-json\/wp\/v2\/media\/38549"}],"wp:attachment":[{"href":"https:\/\/www.krafthand.de\/truck\/wp-json\/wp\/v2\/media?parent=38540"}],"wp:term":[{"taxonomy":"category","embeddable":true,"href":"https:\/\/www.krafthand.de\/truck\/wp-json\/wp\/v2\/categories?post=38540"},{"taxonomy":"post_tag","embeddable":true,"href":"https:\/\/www.krafthand.de\/truck\/wp-json\/wp\/v2\/tags?post=38540"},{"taxonomy":"settings","embeddable":true,"href":"https:\/\/www.krafthand.de\/truck\/wp-json\/wp\/v2\/settings?post=38540"}],"curies":[{"name":"wp","href":"https:\/\/api.w.org\/{rel}","templated":true}]}}