{"id":38528,"date":"2024-01-11T10:25:34","date_gmt":"2024-01-11T09:25:34","guid":{"rendered":"https:\/\/www.krafthand.de\/truck\/?p=38528"},"modified":"2024-01-11T10:38:06","modified_gmt":"2024-01-11T09:38:06","slug":"harald-seidel-ist-neuer-vorsitzender-des-acea-nfz-ausschusses-ein-wegweisendes-jahr","status":"publish","type":"post","link":"https:\/\/www.krafthand.de\/truck\/artikel\/harald-seidel-ist-neuer-vorsitzender-des-acea-nfz-ausschusses-ein-wegweisendes-jahr-38528\/","title":{"rendered":"Harald Seidel ist neuer Vorsitzender des ACEA Nfz-Ausschusses: &#8222;Ein wegweisendes Jahr&#8220;"},"content":{"rendered":"<p>Harald Seidel, Pr\u00e4sident von DAF Trucks, wurde f\u00fcr 2024 zum Vorsitzenden des Commercial Vehicle Board des European Automobile Manufacturers&#8216; Association (ACEA) gew\u00e4hlt. Er folgt turnusm\u00e4\u00dfig auf Martin Lundstedt, CEO der Volvo Group, der das Amt in den vergangenen zwei Jahren innehatte. Dem <a href=\"https:\/\/www.acea.auto\/fact\/fact-sheet-trucks\/\" target=\"_blank\" rel=\"noopener\">ACEA<\/a> Commercial Vehicle Board geh\u00f6ren die CEOs von <a href=\"https:\/\/www.daftrucks.de\/de-de\" target=\"_blank\" rel=\"noopener\">DAF Trucks<\/a>, Daimler Truck, Ford Trucks, Iveco Group, MAN Truck &amp; Bus, Scania und der Volvo Group an.<\/p>\n<blockquote><p>&#8222;2024 wird ein wegweisendes Jahr f\u00fcr die europ\u00e4ische Lkw-Industrie. Zum einen sollten die Verhandlungen \u00fcber die CO2-Verordnung f\u00fcr schwere Nutzfahrzeuge, die ambitioniertere Dekarbonisierungs-Ziele f\u00fcr Lkw und Busse gesetzlich verankert, in den kommenden Monaten abgeschlossen werden&#8220;, so Seidel. &#8222;Es besteht kein Zweifel: Die Lkw- und Bushersteller setzen alles daran, einen Beitrag zur Dekarbonisierung des Stra\u00dfenverkehrs zu leisten. Aber die politischen Entscheidungstr\u00e4ger m\u00fcssen die ehrgeizigen Ziele f\u00fcr die Fahrzeughersteller mit ebenso ehrgeizigen Bedingungen in Einklang bringen, um ihre Marktakzeptanz zu erm\u00f6glichen.&#8220;<\/p><\/blockquote>\n<p>Das gesamte europ\u00e4ische \u00d6kosystem des Schwerlastverkehrs erfordere laut Seidel einen raschen Wandel, an dem ein breites Spektrum \u00f6ffentlicher und privater Akteure beteiligt ist \u2013 nicht nur die Lkw-Hersteller. <em>&#8222;Wir leisten unseren Beitrag, indem wir Milliarden in emissionsfreie, batterieelektrische und wasserstoffbetriebene Fahrzeuge investieren, und das zahlt sich bereits jetzt f\u00fcr den gr\u00fcnen Wandel in Europa aus.&#8220;<\/em><\/p>\n<blockquote><p>&#8222;Unsere Bem\u00fchungen werden jedoch durch das Fehlen von drei entscheidenden Elementen behindert: Lade- und Wasserstofftankinfrastruktur, wirksame CO2-Bepreisungssysteme und Ma\u00dfnahmen zur Unterst\u00fctzung von Verkehrsunternehmen beim Ersatz konventioneller Fahrzeuge durch emissionsfreie Modelle&#8220;, so Seidel.<\/p><\/blockquote>\n<p>Lkw seien nach wie vor das flexibelste, reaktionsschnellste und wirtschaftlichste Transportmittel, das sicherstellt, dass Waren die Verbraucher erreichen, und die Gesellschaft in Bewegung h\u00e4lt, erg\u00e4nzt Seidel. Das d\u00fcrfe die europ\u00e4ische Politik vor den entscheidenden Europawahlen und einem neuen Mandat der Europ\u00e4ischen Kommission im Jahr 2024 nicht aus den Augen verlieren, so Seidel weiter. <em>&#8222;Gemeinsam k\u00f6nnen wir durch eine bessere Zusammenarbeit sowohl den Klimawandel bek\u00e4mpfen als auch unsere Wettbewerbsf\u00e4higkeit sichern.&#8220;\u00a0<\/em>\u00dcber die CO2-Ziele hinaus steht so Seidel f\u00fcr 2024 viel auf der Agenda der Lkw-Hersteller: <strong>Euro 7<\/strong> wird erhebliche Anstrengungen erfordern; die Richtlinie \u00fcber <strong>Gewichte und Abmessungen<\/strong> anh\u00e4ngig ist. m\u00f6glicherweise sind auch neue <strong>Datenregeln<\/strong> in Sicht.<\/p>\n<p>&nbsp;<\/p>\n<div class=\"infobox box-grey\"><\/p>\n<p><strong>Zur Person<\/strong><\/p>\n<p>Harald Seidel kam 2001 zu DAF und bekleidete verschiedene Positionen mit zunehmender Verantwortung innerhalb der Finanz- und Kontrollorganisation. Im Jahr 2017 wurde er zum Finanzdirektor und Mitglied des DAF-Vorstands bef\u00f6rdert, gefolgt von seiner Bef\u00f6rderung zum DAF-Pr\u00e4sidenten im Jahr 2022. Seidel hat einen Master-Abschluss in \u00d6konometrie von der Universit\u00e4t Tilburg und einen Postgraduierten-Abschluss als Controller von der Universit\u00e4t Amsterdam<\/p>\n<p><\/div>\n","protected":false},"excerpt":{"rendered":"<p>Harald Seidel, Pr\u00e4sident von DAF Trucks, wurde f\u00fcr 2024 zum Vorsitzenden des Commercial Vehicle Board des European Automobile Manufacturers&#8216; Association (ACEA) gew\u00e4hlt. Er folgt turnusm\u00e4\u00dfig auf Martin Lundstedt, CEO der Volvo Group, der das Amt in den vergangenen zwei Jahren innehatte. <span class=\"excerpt-more__dots\">&#8230;<\/span> <a class=\"excerpt-more__link\" href=\"https:\/\/www.krafthand.de\/truck\/artikel\/harald-seidel-ist-neuer-vorsitzender-des-acea-nfz-ausschusses-ein-wegweisendes-jahr-38528\/\" >weiter<\/a><\/p>\n","protected":false},"author":9,"featured_media":38535,"comment_status":"closed","ping_status":"closed","sticky":false,"template":"","format":"standard","meta":{"footnotes":""},"categories":[4238,4245],"tags":[4139,839,5825],"settings":[4766,3523],"class_list":["post-38528","post","type-post","status-publish","format-standard","has-post-thumbnail","hentry","category-koepfe","category-verbaende","tag-acea","tag-daf","tag-harald-seidel"],"yoast_head":"<!-- This site is optimized with the Yoast SEO plugin v27.3 - https:\/\/yoast.com\/product\/yoast-seo-wordpress\/ -->\n<title>Harald Seidel ist neuer Vorsitzender des ACEA Nfz-Ausschusses: &quot;Ein wegweisendes Jahr&quot; - Krafthand-Truck<\/title>\n<meta name=\"description\" content=\"Harald Seidel wurde f\u00fcr 2024 zum Vorsitzenden des Commercial Vehicle Board des European Automobile Manufacturers&#039; Association (ACEA) gew\u00e4hlt.\" \/>\n<meta name=\"robots\" content=\"index, follow, max-snippet:-1, max-image-preview:large, max-video-preview:-1\" \/>\n<link rel=\"canonical\" href=\"https:\/\/www.krafthand.de\/truck\/artikel\/harald-seidel-ist-neuer-vorsitzender-des-acea-nfz-ausschusses-ein-wegweisendes-jahr-38528\/\" \/>\n<meta property=\"og:locale\" content=\"de_DE\" \/>\n<meta property=\"og:type\" content=\"article\" \/>\n<meta property=\"og:title\" content=\"Harald Seidel ist neuer Vorsitzender des ACEA Nfz-Ausschusses: &quot;Ein wegweisendes Jahr&quot; - Krafthand-Truck\" \/>\n<meta property=\"og:description\" content=\"Harald Seidel wurde f\u00fcr 2024 zum Vorsitzenden des Commercial Vehicle Board des European Automobile Manufacturers&#039; Association (ACEA) gew\u00e4hlt.\" \/>\n<meta property=\"og:url\" content=\"https:\/\/www.krafthand-truck.de\/artikel\/harald-seidel-ist-neuer-vorsitzender-des-acea-nfz-ausschusses-ein-wegweisendes-jahr-38528\/\" \/>\n<meta property=\"og:site_name\" content=\"Krafthand-Truck\" \/>\n<meta property=\"article:published_time\" content=\"2024-01-11T09:25:34+00:00\" \/>\n<meta property=\"article:modified_time\" content=\"2024-01-11T09:38:06+00:00\" \/>\n<meta property=\"og:image\" content=\"https:\/\/static.krafthand-truck.de\/uploads\/2024\/01\/Harald_Seidel_DAF_Trucks_ACEA_2024jpg.jpg\" \/>\n\t<meta property=\"og:image:width\" content=\"1200\" \/>\n\t<meta property=\"og:image:height\" content=\"805\" \/>\n\t<meta property=\"og:image:type\" content=\"image\/jpeg\" \/>\n<meta name=\"author\" content=\"georg.blenk@krafthand-medien.de\" \/>\n<meta name=\"twitter:card\" content=\"summary_large_image\" \/>\n<meta name=\"twitter:label1\" content=\"Verfasst von\" \/>\n\t<meta name=\"twitter:data1\" content=\"georg.blenk@krafthand-medien.de\" \/>\n\t<meta name=\"twitter:label2\" content=\"Gesch\u00e4tzte Lesezeit\" \/>\n\t<meta name=\"twitter:data2\" content=\"2\u00a0Minuten\" \/>\n<script type=\"application\/ld+json\" class=\"yoast-schema-graph\">{\"@context\":\"https:\\\/\\\/schema.org\",\"@graph\":[{\"@type\":\"Article\",\"@id\":\"https:\\\/\\\/www.krafthand.de\\\/truck\\\/artikel\\\/harald-seidel-ist-neuer-vorsitzender-des-acea-nfz-ausschusses-ein-wegweisendes-jahr-38528\\\/#article\",\"isPartOf\":{\"@id\":\"https:\\\/\\\/www.krafthand.de\\\/truck\\\/artikel\\\/harald-seidel-ist-neuer-vorsitzender-des-acea-nfz-ausschusses-ein-wegweisendes-jahr-38528\\\/\"},\"author\":{\"name\":\"georg.blenk@krafthand-medien.de\",\"@id\":\"https:\\\/\\\/www.krafthand.de\\\/truck\\\/#\\\/schema\\\/person\\\/51fa80b1c57034c4bf63f9f988fc24ce\"},\"headline\":\"Harald Seidel ist neuer Vorsitzender des ACEA Nfz-Ausschusses: &#8222;Ein wegweisendes Jahr&#8220;\",\"datePublished\":\"2024-01-11T09:25:34+00:00\",\"dateModified\":\"2024-01-11T09:38:06+00:00\",\"mainEntityOfPage\":{\"@id\":\"https:\\\/\\\/www.krafthand.de\\\/truck\\\/artikel\\\/harald-seidel-ist-neuer-vorsitzender-des-acea-nfz-ausschusses-ein-wegweisendes-jahr-38528\\\/\"},\"wordCount\":443,\"image\":{\"@id\":\"https:\\\/\\\/www.krafthand.de\\\/truck\\\/artikel\\\/harald-seidel-ist-neuer-vorsitzender-des-acea-nfz-ausschusses-ein-wegweisendes-jahr-38528\\\/#primaryimage\"},\"thumbnailUrl\":\"https:\\\/\\\/static.krafthand-truck.de\\\/uploads\\\/2024\\\/01\\\/Harald_Seidel_DAF_Trucks_ACEA_2024jpg.jpg\",\"keywords\":[\"ACEA\",\"DAF\",\"Harald Seidel\"],\"articleSection\":[\"K\u00f6pfe\\\/Personen\",\"Verb\u00e4nde\\\/Politik\\\/Recht\"],\"inLanguage\":\"de\"},{\"@type\":\"WebPage\",\"@id\":\"https:\\\/\\\/www.krafthand.de\\\/truck\\\/artikel\\\/harald-seidel-ist-neuer-vorsitzender-des-acea-nfz-ausschusses-ein-wegweisendes-jahr-38528\\\/\",\"url\":\"https:\\\/\\\/www.krafthand.de\\\/truck\\\/artikel\\\/harald-seidel-ist-neuer-vorsitzender-des-acea-nfz-ausschusses-ein-wegweisendes-jahr-38528\\\/\",\"name\":\"Harald Seidel ist neuer Vorsitzender des ACEA Nfz-Ausschusses: \\\"Ein wegweisendes Jahr\\\" - Krafthand-Truck\",\"isPartOf\":{\"@id\":\"https:\\\/\\\/www.krafthand.de\\\/truck\\\/#website\"},\"primaryImageOfPage\":{\"@id\":\"https:\\\/\\\/www.krafthand.de\\\/truck\\\/artikel\\\/harald-seidel-ist-neuer-vorsitzender-des-acea-nfz-ausschusses-ein-wegweisendes-jahr-38528\\\/#primaryimage\"},\"image\":{\"@id\":\"https:\\\/\\\/www.krafthand.de\\\/truck\\\/artikel\\\/harald-seidel-ist-neuer-vorsitzender-des-acea-nfz-ausschusses-ein-wegweisendes-jahr-38528\\\/#primaryimage\"},\"thumbnailUrl\":\"https:\\\/\\\/static.krafthand-truck.de\\\/uploads\\\/2024\\\/01\\\/Harald_Seidel_DAF_Trucks_ACEA_2024jpg.jpg\",\"datePublished\":\"2024-01-11T09:25:34+00:00\",\"dateModified\":\"2024-01-11T09:38:06+00:00\",\"author\":{\"@id\":\"https:\\\/\\\/www.krafthand.de\\\/truck\\\/#\\\/schema\\\/person\\\/51fa80b1c57034c4bf63f9f988fc24ce\"},\"description\":\"Harald Seidel wurde f\u00fcr 2024 zum Vorsitzenden des Commercial Vehicle Board des European Automobile Manufacturers' Association (ACEA) gew\u00e4hlt.\",\"breadcrumb\":{\"@id\":\"https:\\\/\\\/www.krafthand.de\\\/truck\\\/artikel\\\/harald-seidel-ist-neuer-vorsitzender-des-acea-nfz-ausschusses-ein-wegweisendes-jahr-38528\\\/#breadcrumb\"},\"inLanguage\":\"de\",\"potentialAction\":[{\"@type\":\"ReadAction\",\"target\":[\"https:\\\/\\\/www.krafthand.de\\\/truck\\\/artikel\\\/harald-seidel-ist-neuer-vorsitzender-des-acea-nfz-ausschusses-ein-wegweisendes-jahr-38528\\\/\"]}]},{\"@type\":\"ImageObject\",\"inLanguage\":\"de\",\"@id\":\"https:\\\/\\\/www.krafthand.de\\\/truck\\\/artikel\\\/harald-seidel-ist-neuer-vorsitzender-des-acea-nfz-ausschusses-ein-wegweisendes-jahr-38528\\\/#primaryimage\",\"url\":\"https:\\\/\\\/static.krafthand-truck.de\\\/uploads\\\/2024\\\/01\\\/Harald_Seidel_DAF_Trucks_ACEA_2024jpg.jpg\",\"contentUrl\":\"https:\\\/\\\/static.krafthand-truck.de\\\/uploads\\\/2024\\\/01\\\/Harald_Seidel_DAF_Trucks_ACEA_2024jpg.jpg\",\"width\":1200,\"height\":805},{\"@type\":\"BreadcrumbList\",\"@id\":\"https:\\\/\\\/www.krafthand.de\\\/truck\\\/artikel\\\/harald-seidel-ist-neuer-vorsitzender-des-acea-nfz-ausschusses-ein-wegweisendes-jahr-38528\\\/#breadcrumb\",\"itemListElement\":[{\"@type\":\"ListItem\",\"position\":1,\"name\":\"Krafthand-Truck\",\"item\":\"https:\\\/\\\/www.krafthand.de\\\/truck\\\/\"},{\"@type\":\"ListItem\",\"position\":2,\"name\":\"Nfz-Branche\",\"item\":\"https:\\\/\\\/www.krafthand.de\\\/truck\\\/kategorie\\\/branche\\\/\"},{\"@type\":\"ListItem\",\"position\":3,\"name\":\"K\u00f6pfe\\\/Personen\",\"item\":\"https:\\\/\\\/www.krafthand.de\\\/truck\\\/kategorie\\\/branche\\\/koepfe\\\/\"},{\"@type\":\"ListItem\",\"position\":4,\"name\":\"Harald Seidel ist neuer Vorsitzender des ACEA Nfz-Ausschusses: &#8222;Ein wegweisendes Jahr&#8220;\"}]},{\"@type\":\"WebSite\",\"@id\":\"https:\\\/\\\/www.krafthand.de\\\/truck\\\/#website\",\"url\":\"https:\\\/\\\/www.krafthand.de\\\/truck\\\/\",\"name\":\"Krafthand-Truck\",\"description\":\"\",\"potentialAction\":[{\"@type\":\"SearchAction\",\"target\":{\"@type\":\"EntryPoint\",\"urlTemplate\":\"https:\\\/\\\/www.krafthand.de\\\/truck\\\/?s={search_term_string}\"},\"query-input\":{\"@type\":\"PropertyValueSpecification\",\"valueRequired\":true,\"valueName\":\"search_term_string\"}}],\"inLanguage\":\"de\"},{\"@type\":\"Person\",\"@id\":\"https:\\\/\\\/www.krafthand.de\\\/truck\\\/#\\\/schema\\\/person\\\/51fa80b1c57034c4bf63f9f988fc24ce\",\"name\":\"georg.blenk@krafthand-medien.de\",\"image\":{\"@type\":\"ImageObject\",\"inLanguage\":\"de\",\"@id\":\"https:\\\/\\\/secure.gravatar.com\\\/avatar\\\/93713c30affe0aa95d3a4130e499bb1abee2eb31adbdd9ce2aa1543538490215?s=96&d=mm&r=g\",\"url\":\"https:\\\/\\\/secure.gravatar.com\\\/avatar\\\/93713c30affe0aa95d3a4130e499bb1abee2eb31adbdd9ce2aa1543538490215?s=96&d=mm&r=g\",\"contentUrl\":\"https:\\\/\\\/secure.gravatar.com\\\/avatar\\\/93713c30affe0aa95d3a4130e499bb1abee2eb31adbdd9ce2aa1543538490215?s=96&d=mm&r=g\",\"caption\":\"georg.blenk@krafthand-medien.de\"}}]}<\/script>\n<!-- \/ Yoast SEO plugin. -->","yoast_head_json":{"title":"Harald Seidel ist neuer Vorsitzender des ACEA Nfz-Ausschusses: \"Ein wegweisendes Jahr\" - Krafthand-Truck","description":"Harald Seidel wurde f\u00fcr 2024 zum Vorsitzenden des Commercial Vehicle Board des European Automobile Manufacturers' Association (ACEA) gew\u00e4hlt.","robots":{"index":"index","follow":"follow","max-snippet":"max-snippet:-1","max-image-preview":"max-image-preview:large","max-video-preview":"max-video-preview:-1"},"canonical":"https:\/\/www.krafthand.de\/truck\/artikel\/harald-seidel-ist-neuer-vorsitzender-des-acea-nfz-ausschusses-ein-wegweisendes-jahr-38528\/","og_locale":"de_DE","og_type":"article","og_title":"Harald Seidel ist neuer Vorsitzender des ACEA Nfz-Ausschusses: \"Ein wegweisendes Jahr\" - Krafthand-Truck","og_description":"Harald Seidel wurde f\u00fcr 2024 zum Vorsitzenden des Commercial Vehicle Board des European Automobile Manufacturers' Association (ACEA) gew\u00e4hlt.","og_url":"https:\/\/www.krafthand-truck.de\/artikel\/harald-seidel-ist-neuer-vorsitzender-des-acea-nfz-ausschusses-ein-wegweisendes-jahr-38528\/","og_site_name":"Krafthand-Truck","article_published_time":"2024-01-11T09:25:34+00:00","article_modified_time":"2024-01-11T09:38:06+00:00","og_image":[{"width":1200,"height":805,"url":"https:\/\/static.krafthand-truck.de\/uploads\/2024\/01\/Harald_Seidel_DAF_Trucks_ACEA_2024jpg.jpg","type":"image\/jpeg"}],"author":"georg.blenk@krafthand-medien.de","twitter_card":"summary_large_image","twitter_misc":{"Verfasst von":"georg.blenk@krafthand-medien.de","Gesch\u00e4tzte Lesezeit":"2\u00a0Minuten"},"schema":{"@context":"https:\/\/schema.org","@graph":[{"@type":"Article","@id":"https:\/\/www.krafthand.de\/truck\/artikel\/harald-seidel-ist-neuer-vorsitzender-des-acea-nfz-ausschusses-ein-wegweisendes-jahr-38528\/#article","isPartOf":{"@id":"https:\/\/www.krafthand.de\/truck\/artikel\/harald-seidel-ist-neuer-vorsitzender-des-acea-nfz-ausschusses-ein-wegweisendes-jahr-38528\/"},"author":{"name":"georg.blenk@krafthand-medien.de","@id":"https:\/\/www.krafthand.de\/truck\/#\/schema\/person\/51fa80b1c57034c4bf63f9f988fc24ce"},"headline":"Harald Seidel ist neuer Vorsitzender des ACEA Nfz-Ausschusses: &#8222;Ein wegweisendes Jahr&#8220;","datePublished":"2024-01-11T09:25:34+00:00","dateModified":"2024-01-11T09:38:06+00:00","mainEntityOfPage":{"@id":"https:\/\/www.krafthand.de\/truck\/artikel\/harald-seidel-ist-neuer-vorsitzender-des-acea-nfz-ausschusses-ein-wegweisendes-jahr-38528\/"},"wordCount":443,"image":{"@id":"https:\/\/www.krafthand.de\/truck\/artikel\/harald-seidel-ist-neuer-vorsitzender-des-acea-nfz-ausschusses-ein-wegweisendes-jahr-38528\/#primaryimage"},"thumbnailUrl":"https:\/\/static.krafthand-truck.de\/uploads\/2024\/01\/Harald_Seidel_DAF_Trucks_ACEA_2024jpg.jpg","keywords":["ACEA","DAF","Harald Seidel"],"articleSection":["K\u00f6pfe\/Personen","Verb\u00e4nde\/Politik\/Recht"],"inLanguage":"de"},{"@type":"WebPage","@id":"https:\/\/www.krafthand.de\/truck\/artikel\/harald-seidel-ist-neuer-vorsitzender-des-acea-nfz-ausschusses-ein-wegweisendes-jahr-38528\/","url":"https:\/\/www.krafthand.de\/truck\/artikel\/harald-seidel-ist-neuer-vorsitzender-des-acea-nfz-ausschusses-ein-wegweisendes-jahr-38528\/","name":"Harald Seidel ist neuer Vorsitzender des ACEA Nfz-Ausschusses: \"Ein wegweisendes Jahr\" - Krafthand-Truck","isPartOf":{"@id":"https:\/\/www.krafthand.de\/truck\/#website"},"primaryImageOfPage":{"@id":"https:\/\/www.krafthand.de\/truck\/artikel\/harald-seidel-ist-neuer-vorsitzender-des-acea-nfz-ausschusses-ein-wegweisendes-jahr-38528\/#primaryimage"},"image":{"@id":"https:\/\/www.krafthand.de\/truck\/artikel\/harald-seidel-ist-neuer-vorsitzender-des-acea-nfz-ausschusses-ein-wegweisendes-jahr-38528\/#primaryimage"},"thumbnailUrl":"https:\/\/static.krafthand-truck.de\/uploads\/2024\/01\/Harald_Seidel_DAF_Trucks_ACEA_2024jpg.jpg","datePublished":"2024-01-11T09:25:34+00:00","dateModified":"2024-01-11T09:38:06+00:00","author":{"@id":"https:\/\/www.krafthand.de\/truck\/#\/schema\/person\/51fa80b1c57034c4bf63f9f988fc24ce"},"description":"Harald Seidel wurde f\u00fcr 2024 zum Vorsitzenden des Commercial Vehicle Board des European Automobile Manufacturers' Association (ACEA) gew\u00e4hlt.","breadcrumb":{"@id":"https:\/\/www.krafthand.de\/truck\/artikel\/harald-seidel-ist-neuer-vorsitzender-des-acea-nfz-ausschusses-ein-wegweisendes-jahr-38528\/#breadcrumb"},"inLanguage":"de","potentialAction":[{"@type":"ReadAction","target":["https:\/\/www.krafthand.de\/truck\/artikel\/harald-seidel-ist-neuer-vorsitzender-des-acea-nfz-ausschusses-ein-wegweisendes-jahr-38528\/"]}]},{"@type":"ImageObject","inLanguage":"de","@id":"https:\/\/www.krafthand.de\/truck\/artikel\/harald-seidel-ist-neuer-vorsitzender-des-acea-nfz-ausschusses-ein-wegweisendes-jahr-38528\/#primaryimage","url":"https:\/\/static.krafthand-truck.de\/uploads\/2024\/01\/Harald_Seidel_DAF_Trucks_ACEA_2024jpg.jpg","contentUrl":"https:\/\/static.krafthand-truck.de\/uploads\/2024\/01\/Harald_Seidel_DAF_Trucks_ACEA_2024jpg.jpg","width":1200,"height":805},{"@type":"BreadcrumbList","@id":"https:\/\/www.krafthand.de\/truck\/artikel\/harald-seidel-ist-neuer-vorsitzender-des-acea-nfz-ausschusses-ein-wegweisendes-jahr-38528\/#breadcrumb","itemListElement":[{"@type":"ListItem","position":1,"name":"Krafthand-Truck","item":"https:\/\/www.krafthand.de\/truck\/"},{"@type":"ListItem","position":2,"name":"Nfz-Branche","item":"https:\/\/www.krafthand.de\/truck\/kategorie\/branche\/"},{"@type":"ListItem","position":3,"name":"K\u00f6pfe\/Personen","item":"https:\/\/www.krafthand.de\/truck\/kategorie\/branche\/koepfe\/"},{"@type":"ListItem","position":4,"name":"Harald Seidel ist neuer Vorsitzender des ACEA Nfz-Ausschusses: &#8222;Ein wegweisendes Jahr&#8220;"}]},{"@type":"WebSite","@id":"https:\/\/www.krafthand.de\/truck\/#website","url":"https:\/\/www.krafthand.de\/truck\/","name":"Krafthand-Truck","description":"","potentialAction":[{"@type":"SearchAction","target":{"@type":"EntryPoint","urlTemplate":"https:\/\/www.krafthand.de\/truck\/?s={search_term_string}"},"query-input":{"@type":"PropertyValueSpecification","valueRequired":true,"valueName":"search_term_string"}}],"inLanguage":"de"},{"@type":"Person","@id":"https:\/\/www.krafthand.de\/truck\/#\/schema\/person\/51fa80b1c57034c4bf63f9f988fc24ce","name":"georg.blenk@krafthand-medien.de","image":{"@type":"ImageObject","inLanguage":"de","@id":"https:\/\/secure.gravatar.com\/avatar\/93713c30affe0aa95d3a4130e499bb1abee2eb31adbdd9ce2aa1543538490215?s=96&d=mm&r=g","url":"https:\/\/secure.gravatar.com\/avatar\/93713c30affe0aa95d3a4130e499bb1abee2eb31adbdd9ce2aa1543538490215?s=96&d=mm&r=g","contentUrl":"https:\/\/secure.gravatar.com\/avatar\/93713c30affe0aa95d3a4130e499bb1abee2eb31adbdd9ce2aa1543538490215?s=96&d=mm&r=g","caption":"georg.blenk@krafthand-medien.de"}}]}},"_links":{"self":[{"href":"https:\/\/www.krafthand.de\/truck\/wp-json\/wp\/v2\/posts\/38528","targetHints":{"allow":["GET"]}}],"collection":[{"href":"https:\/\/www.krafthand.de\/truck\/wp-json\/wp\/v2\/posts"}],"about":[{"href":"https:\/\/www.krafthand.de\/truck\/wp-json\/wp\/v2\/types\/post"}],"author":[{"embeddable":true,"href":"https:\/\/www.krafthand.de\/truck\/wp-json\/wp\/v2\/users\/9"}],"replies":[{"embeddable":true,"href":"https:\/\/www.krafthand.de\/truck\/wp-json\/wp\/v2\/comments?post=38528"}],"version-history":[{"count":10,"href":"https:\/\/www.krafthand.de\/truck\/wp-json\/wp\/v2\/posts\/38528\/revisions"}],"predecessor-version":[{"id":38539,"href":"https:\/\/www.krafthand.de\/truck\/wp-json\/wp\/v2\/posts\/38528\/revisions\/38539"}],"wp:featuredmedia":[{"embeddable":true,"href":"https:\/\/www.krafthand.de\/truck\/wp-json\/wp\/v2\/media\/38535"}],"wp:attachment":[{"href":"https:\/\/www.krafthand.de\/truck\/wp-json\/wp\/v2\/media?parent=38528"}],"wp:term":[{"taxonomy":"category","embeddable":true,"href":"https:\/\/www.krafthand.de\/truck\/wp-json\/wp\/v2\/categories?post=38528"},{"taxonomy":"post_tag","embeddable":true,"href":"https:\/\/www.krafthand.de\/truck\/wp-json\/wp\/v2\/tags?post=38528"},{"taxonomy":"settings","embeddable":true,"href":"https:\/\/www.krafthand.de\/truck\/wp-json\/wp\/v2\/settings?post=38528"}],"curies":[{"name":"wp","href":"https:\/\/api.w.org\/{rel}","templated":true}]}}