{"id":38460,"date":"2024-01-03T17:01:40","date_gmt":"2024-01-03T16:01:40","guid":{"rendered":"https:\/\/www.krafthand.de\/truck\/?p=38460"},"modified":"2024-01-03T17:04:15","modified_gmt":"2024-01-03T16:04:15","slug":"fuehrungswechsel-bei-quantron-perschke-nicht-mehr-ceo-haller-uebernimmt","status":"publish","type":"post","link":"https:\/\/www.krafthand.de\/truck\/artikel\/fuehrungswechsel-bei-quantron-perschke-nicht-mehr-ceo-haller-uebernimmt-38460\/","title":{"rendered":"F\u00fchrungswechsel bei Quantron: Perschke nicht mehr CEO, Haller \u00fcbernimmt"},"content":{"rendered":"<p>Andreas Haller \u00fcbernahm von Michael Perschke zum 1. Januar 2024 die Funktion des CEO bei der Quantron AG. Perschke, der gemeinsam mit den beiden Gr\u00fcndern Andreas Haller und Herbert Robel, das Unternehmen in den vergangenen 2 1\/2 Jahren weiter aufgebaut hat, legte sein Vorstandsmandat bei der Quantron AG zum 31.12.2023 nieder und bleibt weiter Aktion\u00e4r.<\/p>\n<p>Michael Perschke, so vermeldet <a href=\"https:\/\/www.quantron.net\" target=\"_blank\" rel=\"noopener\">Quantron<\/a>, wird die Funktion eines Gesch\u00e4ftsf\u00fchrers bei ROQIT \u2013 einem IT- und Mobility-as-a-Service-Unternehmen und Joint Venture zwischen Quantron und Goldstone Technologies aus Indien \u2013 \u00fcbernehmen und den Aufbau der digitalen Plattform f\u00fcr nachhaltigen Transport mit Wasserstoff und Brennstoffzellentechnologie mitgestalten. Die digitale Plattform bietet die softwarebasierte Basis f\u00fcr das Quantron-as-a-Service Gesch\u00e4ftsmodell, welches Kunden klimafreundlichen Transport in einem risikofreien Pay-per-Use Modell anbietet.<\/p>\n","protected":false},"excerpt":{"rendered":"<p>Andreas Haller \u00fcbernahm von Michael Perschke zum 1. Januar 2024 die Funktion des CEO bei der Quantron AG. Perschke, der gemeinsam mit den beiden Gr\u00fcndern Andreas Haller und Herbert Robel, das Unternehmen in den vergangenen 2 1\/2 Jahren weiter aufgebaut hat, legte sein Vorstandsmandat bei der Quantron AG zum 31.12.2023 nieder und bleibt weiter Aktion\u00e4r. <span class=\"excerpt-more__dots\">&#8230;<\/span> <a class=\"excerpt-more__link\" href=\"https:\/\/www.krafthand.de\/truck\/artikel\/fuehrungswechsel-bei-quantron-perschke-nicht-mehr-ceo-haller-uebernimmt-38460\/\" >weiter<\/a><\/p>\n","protected":false},"author":9,"featured_media":38466,"comment_status":"closed","ping_status":"closed","sticky":false,"template":"","format":"standard","meta":{"footnotes":""},"categories":[4238,4235],"tags":[4677,5819,4262],"settings":[4766,3523],"class_list":["post-38460","post","type-post","status-publish","format-standard","has-post-thumbnail","hentry","category-koepfe","category-unternehmen","tag-andreas-haller","tag-michael-perschke","tag-quantron"],"yoast_head":"<!-- This site is optimized with the Yoast SEO plugin v27.3 - https:\/\/yoast.com\/product\/yoast-seo-wordpress\/ -->\n<title>F\u00fchrungswechsel bei Quantron: Perschke nicht mehr CEO, Haller \u00fcbernimmt - Krafthand-Truck<\/title>\n<meta name=\"description\" content=\"Andreas Haller \u00fcbernahm von Michael Perschke zum 1. Januar 2024 die Funktion des CEO bei der Quantron AG.\" \/>\n<meta name=\"robots\" content=\"index, follow, max-snippet:-1, max-image-preview:large, max-video-preview:-1\" \/>\n<link rel=\"canonical\" href=\"https:\/\/www.krafthand.de\/truck\/artikel\/fuehrungswechsel-bei-quantron-perschke-nicht-mehr-ceo-haller-uebernimmt-38460\/\" \/>\n<meta property=\"og:locale\" content=\"de_DE\" \/>\n<meta property=\"og:type\" content=\"article\" \/>\n<meta property=\"og:title\" content=\"F\u00fchrungswechsel bei Quantron: Perschke nicht mehr CEO, Haller \u00fcbernimmt - Krafthand-Truck\" \/>\n<meta property=\"og:description\" content=\"Andreas Haller \u00fcbernahm von Michael Perschke zum 1. Januar 2024 die Funktion des CEO bei der Quantron AG.\" \/>\n<meta property=\"og:url\" content=\"https:\/\/www.krafthand-truck.de\/artikel\/fuehrungswechsel-bei-quantron-perschke-nicht-mehr-ceo-haller-uebernimmt-38460\/\" \/>\n<meta property=\"og:site_name\" content=\"Krafthand-Truck\" \/>\n<meta property=\"article:published_time\" content=\"2024-01-03T16:01:40+00:00\" \/>\n<meta property=\"article:modified_time\" content=\"2024-01-03T16:04:15+00:00\" \/>\n<meta property=\"og:image\" content=\"https:\/\/static.krafthand-truck.de\/uploads\/2024\/01\/Andreas_Haller_Michael_Perschke_Quantron_AG.jpg\" \/>\n\t<meta property=\"og:image:width\" content=\"1200\" \/>\n\t<meta property=\"og:image:height\" content=\"821\" \/>\n\t<meta property=\"og:image:type\" content=\"image\/jpeg\" \/>\n<meta name=\"author\" content=\"georg.blenk@krafthand-medien.de\" \/>\n<meta name=\"twitter:card\" content=\"summary_large_image\" \/>\n<meta name=\"twitter:label1\" content=\"Verfasst von\" \/>\n\t<meta name=\"twitter:data1\" content=\"georg.blenk@krafthand-medien.de\" \/>\n\t<meta name=\"twitter:label2\" content=\"Gesch\u00e4tzte Lesezeit\" \/>\n\t<meta name=\"twitter:data2\" content=\"1\u00a0Minute\" \/>\n<script type=\"application\/ld+json\" class=\"yoast-schema-graph\">{\"@context\":\"https:\\\/\\\/schema.org\",\"@graph\":[{\"@type\":\"Article\",\"@id\":\"https:\\\/\\\/www.krafthand.de\\\/truck\\\/artikel\\\/fuehrungswechsel-bei-quantron-perschke-nicht-mehr-ceo-haller-uebernimmt-38460\\\/#article\",\"isPartOf\":{\"@id\":\"https:\\\/\\\/www.krafthand.de\\\/truck\\\/artikel\\\/fuehrungswechsel-bei-quantron-perschke-nicht-mehr-ceo-haller-uebernimmt-38460\\\/\"},\"author\":{\"name\":\"georg.blenk@krafthand-medien.de\",\"@id\":\"https:\\\/\\\/www.krafthand.de\\\/truck\\\/#\\\/schema\\\/person\\\/51fa80b1c57034c4bf63f9f988fc24ce\"},\"headline\":\"F\u00fchrungswechsel bei Quantron: Perschke nicht mehr CEO, Haller \u00fcbernimmt\",\"datePublished\":\"2024-01-03T16:01:40+00:00\",\"dateModified\":\"2024-01-03T16:04:15+00:00\",\"mainEntityOfPage\":{\"@id\":\"https:\\\/\\\/www.krafthand.de\\\/truck\\\/artikel\\\/fuehrungswechsel-bei-quantron-perschke-nicht-mehr-ceo-haller-uebernimmt-38460\\\/\"},\"wordCount\":129,\"image\":{\"@id\":\"https:\\\/\\\/www.krafthand.de\\\/truck\\\/artikel\\\/fuehrungswechsel-bei-quantron-perschke-nicht-mehr-ceo-haller-uebernimmt-38460\\\/#primaryimage\"},\"thumbnailUrl\":\"https:\\\/\\\/static.krafthand-truck.de\\\/uploads\\\/2024\\\/01\\\/Andreas_Haller_Michael_Perschke_Quantron_AG.jpg\",\"keywords\":[\"Andreas Haller\",\"Michael Perschke\",\"Quantron\"],\"articleSection\":[\"K\u00f6pfe\\\/Personen\",\"Unternehmen\"],\"inLanguage\":\"de\"},{\"@type\":\"WebPage\",\"@id\":\"https:\\\/\\\/www.krafthand.de\\\/truck\\\/artikel\\\/fuehrungswechsel-bei-quantron-perschke-nicht-mehr-ceo-haller-uebernimmt-38460\\\/\",\"url\":\"https:\\\/\\\/www.krafthand.de\\\/truck\\\/artikel\\\/fuehrungswechsel-bei-quantron-perschke-nicht-mehr-ceo-haller-uebernimmt-38460\\\/\",\"name\":\"F\u00fchrungswechsel bei Quantron: Perschke nicht mehr CEO, Haller \u00fcbernimmt - Krafthand-Truck\",\"isPartOf\":{\"@id\":\"https:\\\/\\\/www.krafthand.de\\\/truck\\\/#website\"},\"primaryImageOfPage\":{\"@id\":\"https:\\\/\\\/www.krafthand.de\\\/truck\\\/artikel\\\/fuehrungswechsel-bei-quantron-perschke-nicht-mehr-ceo-haller-uebernimmt-38460\\\/#primaryimage\"},\"image\":{\"@id\":\"https:\\\/\\\/www.krafthand.de\\\/truck\\\/artikel\\\/fuehrungswechsel-bei-quantron-perschke-nicht-mehr-ceo-haller-uebernimmt-38460\\\/#primaryimage\"},\"thumbnailUrl\":\"https:\\\/\\\/static.krafthand-truck.de\\\/uploads\\\/2024\\\/01\\\/Andreas_Haller_Michael_Perschke_Quantron_AG.jpg\",\"datePublished\":\"2024-01-03T16:01:40+00:00\",\"dateModified\":\"2024-01-03T16:04:15+00:00\",\"author\":{\"@id\":\"https:\\\/\\\/www.krafthand.de\\\/truck\\\/#\\\/schema\\\/person\\\/51fa80b1c57034c4bf63f9f988fc24ce\"},\"description\":\"Andreas Haller \u00fcbernahm von Michael Perschke zum 1. Januar 2024 die Funktion des CEO bei der Quantron AG.\",\"breadcrumb\":{\"@id\":\"https:\\\/\\\/www.krafthand.de\\\/truck\\\/artikel\\\/fuehrungswechsel-bei-quantron-perschke-nicht-mehr-ceo-haller-uebernimmt-38460\\\/#breadcrumb\"},\"inLanguage\":\"de\",\"potentialAction\":[{\"@type\":\"ReadAction\",\"target\":[\"https:\\\/\\\/www.krafthand.de\\\/truck\\\/artikel\\\/fuehrungswechsel-bei-quantron-perschke-nicht-mehr-ceo-haller-uebernimmt-38460\\\/\"]}]},{\"@type\":\"ImageObject\",\"inLanguage\":\"de\",\"@id\":\"https:\\\/\\\/www.krafthand.de\\\/truck\\\/artikel\\\/fuehrungswechsel-bei-quantron-perschke-nicht-mehr-ceo-haller-uebernimmt-38460\\\/#primaryimage\",\"url\":\"https:\\\/\\\/static.krafthand-truck.de\\\/uploads\\\/2024\\\/01\\\/Andreas_Haller_Michael_Perschke_Quantron_AG.jpg\",\"contentUrl\":\"https:\\\/\\\/static.krafthand-truck.de\\\/uploads\\\/2024\\\/01\\\/Andreas_Haller_Michael_Perschke_Quantron_AG.jpg\",\"width\":1200,\"height\":821},{\"@type\":\"BreadcrumbList\",\"@id\":\"https:\\\/\\\/www.krafthand.de\\\/truck\\\/artikel\\\/fuehrungswechsel-bei-quantron-perschke-nicht-mehr-ceo-haller-uebernimmt-38460\\\/#breadcrumb\",\"itemListElement\":[{\"@type\":\"ListItem\",\"position\":1,\"name\":\"Krafthand-Truck\",\"item\":\"https:\\\/\\\/www.krafthand.de\\\/truck\\\/\"},{\"@type\":\"ListItem\",\"position\":2,\"name\":\"Nfz-Branche\",\"item\":\"https:\\\/\\\/www.krafthand.de\\\/truck\\\/kategorie\\\/branche\\\/\"},{\"@type\":\"ListItem\",\"position\":3,\"name\":\"K\u00f6pfe\\\/Personen\",\"item\":\"https:\\\/\\\/www.krafthand.de\\\/truck\\\/kategorie\\\/branche\\\/koepfe\\\/\"},{\"@type\":\"ListItem\",\"position\":4,\"name\":\"F\u00fchrungswechsel bei Quantron: Perschke nicht mehr CEO, Haller \u00fcbernimmt\"}]},{\"@type\":\"WebSite\",\"@id\":\"https:\\\/\\\/www.krafthand.de\\\/truck\\\/#website\",\"url\":\"https:\\\/\\\/www.krafthand.de\\\/truck\\\/\",\"name\":\"Krafthand-Truck\",\"description\":\"\",\"potentialAction\":[{\"@type\":\"SearchAction\",\"target\":{\"@type\":\"EntryPoint\",\"urlTemplate\":\"https:\\\/\\\/www.krafthand.de\\\/truck\\\/?s={search_term_string}\"},\"query-input\":{\"@type\":\"PropertyValueSpecification\",\"valueRequired\":true,\"valueName\":\"search_term_string\"}}],\"inLanguage\":\"de\"},{\"@type\":\"Person\",\"@id\":\"https:\\\/\\\/www.krafthand.de\\\/truck\\\/#\\\/schema\\\/person\\\/51fa80b1c57034c4bf63f9f988fc24ce\",\"name\":\"georg.blenk@krafthand-medien.de\",\"image\":{\"@type\":\"ImageObject\",\"inLanguage\":\"de\",\"@id\":\"https:\\\/\\\/secure.gravatar.com\\\/avatar\\\/93713c30affe0aa95d3a4130e499bb1abee2eb31adbdd9ce2aa1543538490215?s=96&d=mm&r=g\",\"url\":\"https:\\\/\\\/secure.gravatar.com\\\/avatar\\\/93713c30affe0aa95d3a4130e499bb1abee2eb31adbdd9ce2aa1543538490215?s=96&d=mm&r=g\",\"contentUrl\":\"https:\\\/\\\/secure.gravatar.com\\\/avatar\\\/93713c30affe0aa95d3a4130e499bb1abee2eb31adbdd9ce2aa1543538490215?s=96&d=mm&r=g\",\"caption\":\"georg.blenk@krafthand-medien.de\"}}]}<\/script>\n<!-- \/ Yoast SEO plugin. -->","yoast_head_json":{"title":"F\u00fchrungswechsel bei Quantron: Perschke nicht mehr CEO, Haller \u00fcbernimmt - Krafthand-Truck","description":"Andreas Haller \u00fcbernahm von Michael Perschke zum 1. Januar 2024 die Funktion des CEO bei der Quantron AG.","robots":{"index":"index","follow":"follow","max-snippet":"max-snippet:-1","max-image-preview":"max-image-preview:large","max-video-preview":"max-video-preview:-1"},"canonical":"https:\/\/www.krafthand.de\/truck\/artikel\/fuehrungswechsel-bei-quantron-perschke-nicht-mehr-ceo-haller-uebernimmt-38460\/","og_locale":"de_DE","og_type":"article","og_title":"F\u00fchrungswechsel bei Quantron: Perschke nicht mehr CEO, Haller \u00fcbernimmt - Krafthand-Truck","og_description":"Andreas Haller \u00fcbernahm von Michael Perschke zum 1. Januar 2024 die Funktion des CEO bei der Quantron AG.","og_url":"https:\/\/www.krafthand-truck.de\/artikel\/fuehrungswechsel-bei-quantron-perschke-nicht-mehr-ceo-haller-uebernimmt-38460\/","og_site_name":"Krafthand-Truck","article_published_time":"2024-01-03T16:01:40+00:00","article_modified_time":"2024-01-03T16:04:15+00:00","og_image":[{"width":1200,"height":821,"url":"https:\/\/static.krafthand-truck.de\/uploads\/2024\/01\/Andreas_Haller_Michael_Perschke_Quantron_AG.jpg","type":"image\/jpeg"}],"author":"georg.blenk@krafthand-medien.de","twitter_card":"summary_large_image","twitter_misc":{"Verfasst von":"georg.blenk@krafthand-medien.de","Gesch\u00e4tzte Lesezeit":"1\u00a0Minute"},"schema":{"@context":"https:\/\/schema.org","@graph":[{"@type":"Article","@id":"https:\/\/www.krafthand.de\/truck\/artikel\/fuehrungswechsel-bei-quantron-perschke-nicht-mehr-ceo-haller-uebernimmt-38460\/#article","isPartOf":{"@id":"https:\/\/www.krafthand.de\/truck\/artikel\/fuehrungswechsel-bei-quantron-perschke-nicht-mehr-ceo-haller-uebernimmt-38460\/"},"author":{"name":"georg.blenk@krafthand-medien.de","@id":"https:\/\/www.krafthand.de\/truck\/#\/schema\/person\/51fa80b1c57034c4bf63f9f988fc24ce"},"headline":"F\u00fchrungswechsel bei Quantron: Perschke nicht mehr CEO, Haller \u00fcbernimmt","datePublished":"2024-01-03T16:01:40+00:00","dateModified":"2024-01-03T16:04:15+00:00","mainEntityOfPage":{"@id":"https:\/\/www.krafthand.de\/truck\/artikel\/fuehrungswechsel-bei-quantron-perschke-nicht-mehr-ceo-haller-uebernimmt-38460\/"},"wordCount":129,"image":{"@id":"https:\/\/www.krafthand.de\/truck\/artikel\/fuehrungswechsel-bei-quantron-perschke-nicht-mehr-ceo-haller-uebernimmt-38460\/#primaryimage"},"thumbnailUrl":"https:\/\/static.krafthand-truck.de\/uploads\/2024\/01\/Andreas_Haller_Michael_Perschke_Quantron_AG.jpg","keywords":["Andreas Haller","Michael Perschke","Quantron"],"articleSection":["K\u00f6pfe\/Personen","Unternehmen"],"inLanguage":"de"},{"@type":"WebPage","@id":"https:\/\/www.krafthand.de\/truck\/artikel\/fuehrungswechsel-bei-quantron-perschke-nicht-mehr-ceo-haller-uebernimmt-38460\/","url":"https:\/\/www.krafthand.de\/truck\/artikel\/fuehrungswechsel-bei-quantron-perschke-nicht-mehr-ceo-haller-uebernimmt-38460\/","name":"F\u00fchrungswechsel bei Quantron: Perschke nicht mehr CEO, Haller \u00fcbernimmt - Krafthand-Truck","isPartOf":{"@id":"https:\/\/www.krafthand.de\/truck\/#website"},"primaryImageOfPage":{"@id":"https:\/\/www.krafthand.de\/truck\/artikel\/fuehrungswechsel-bei-quantron-perschke-nicht-mehr-ceo-haller-uebernimmt-38460\/#primaryimage"},"image":{"@id":"https:\/\/www.krafthand.de\/truck\/artikel\/fuehrungswechsel-bei-quantron-perschke-nicht-mehr-ceo-haller-uebernimmt-38460\/#primaryimage"},"thumbnailUrl":"https:\/\/static.krafthand-truck.de\/uploads\/2024\/01\/Andreas_Haller_Michael_Perschke_Quantron_AG.jpg","datePublished":"2024-01-03T16:01:40+00:00","dateModified":"2024-01-03T16:04:15+00:00","author":{"@id":"https:\/\/www.krafthand.de\/truck\/#\/schema\/person\/51fa80b1c57034c4bf63f9f988fc24ce"},"description":"Andreas Haller \u00fcbernahm von Michael Perschke zum 1. Januar 2024 die Funktion des CEO bei der Quantron AG.","breadcrumb":{"@id":"https:\/\/www.krafthand.de\/truck\/artikel\/fuehrungswechsel-bei-quantron-perschke-nicht-mehr-ceo-haller-uebernimmt-38460\/#breadcrumb"},"inLanguage":"de","potentialAction":[{"@type":"ReadAction","target":["https:\/\/www.krafthand.de\/truck\/artikel\/fuehrungswechsel-bei-quantron-perschke-nicht-mehr-ceo-haller-uebernimmt-38460\/"]}]},{"@type":"ImageObject","inLanguage":"de","@id":"https:\/\/www.krafthand.de\/truck\/artikel\/fuehrungswechsel-bei-quantron-perschke-nicht-mehr-ceo-haller-uebernimmt-38460\/#primaryimage","url":"https:\/\/static.krafthand-truck.de\/uploads\/2024\/01\/Andreas_Haller_Michael_Perschke_Quantron_AG.jpg","contentUrl":"https:\/\/static.krafthand-truck.de\/uploads\/2024\/01\/Andreas_Haller_Michael_Perschke_Quantron_AG.jpg","width":1200,"height":821},{"@type":"BreadcrumbList","@id":"https:\/\/www.krafthand.de\/truck\/artikel\/fuehrungswechsel-bei-quantron-perschke-nicht-mehr-ceo-haller-uebernimmt-38460\/#breadcrumb","itemListElement":[{"@type":"ListItem","position":1,"name":"Krafthand-Truck","item":"https:\/\/www.krafthand.de\/truck\/"},{"@type":"ListItem","position":2,"name":"Nfz-Branche","item":"https:\/\/www.krafthand.de\/truck\/kategorie\/branche\/"},{"@type":"ListItem","position":3,"name":"K\u00f6pfe\/Personen","item":"https:\/\/www.krafthand.de\/truck\/kategorie\/branche\/koepfe\/"},{"@type":"ListItem","position":4,"name":"F\u00fchrungswechsel bei Quantron: Perschke nicht mehr CEO, Haller \u00fcbernimmt"}]},{"@type":"WebSite","@id":"https:\/\/www.krafthand.de\/truck\/#website","url":"https:\/\/www.krafthand.de\/truck\/","name":"Krafthand-Truck","description":"","potentialAction":[{"@type":"SearchAction","target":{"@type":"EntryPoint","urlTemplate":"https:\/\/www.krafthand.de\/truck\/?s={search_term_string}"},"query-input":{"@type":"PropertyValueSpecification","valueRequired":true,"valueName":"search_term_string"}}],"inLanguage":"de"},{"@type":"Person","@id":"https:\/\/www.krafthand.de\/truck\/#\/schema\/person\/51fa80b1c57034c4bf63f9f988fc24ce","name":"georg.blenk@krafthand-medien.de","image":{"@type":"ImageObject","inLanguage":"de","@id":"https:\/\/secure.gravatar.com\/avatar\/93713c30affe0aa95d3a4130e499bb1abee2eb31adbdd9ce2aa1543538490215?s=96&d=mm&r=g","url":"https:\/\/secure.gravatar.com\/avatar\/93713c30affe0aa95d3a4130e499bb1abee2eb31adbdd9ce2aa1543538490215?s=96&d=mm&r=g","contentUrl":"https:\/\/secure.gravatar.com\/avatar\/93713c30affe0aa95d3a4130e499bb1abee2eb31adbdd9ce2aa1543538490215?s=96&d=mm&r=g","caption":"georg.blenk@krafthand-medien.de"}}]}},"_links":{"self":[{"href":"https:\/\/www.krafthand.de\/truck\/wp-json\/wp\/v2\/posts\/38460","targetHints":{"allow":["GET"]}}],"collection":[{"href":"https:\/\/www.krafthand.de\/truck\/wp-json\/wp\/v2\/posts"}],"about":[{"href":"https:\/\/www.krafthand.de\/truck\/wp-json\/wp\/v2\/types\/post"}],"author":[{"embeddable":true,"href":"https:\/\/www.krafthand.de\/truck\/wp-json\/wp\/v2\/users\/9"}],"replies":[{"embeddable":true,"href":"https:\/\/www.krafthand.de\/truck\/wp-json\/wp\/v2\/comments?post=38460"}],"version-history":[{"count":6,"href":"https:\/\/www.krafthand.de\/truck\/wp-json\/wp\/v2\/posts\/38460\/revisions"}],"predecessor-version":[{"id":38467,"href":"https:\/\/www.krafthand.de\/truck\/wp-json\/wp\/v2\/posts\/38460\/revisions\/38467"}],"wp:featuredmedia":[{"embeddable":true,"href":"https:\/\/www.krafthand.de\/truck\/wp-json\/wp\/v2\/media\/38466"}],"wp:attachment":[{"href":"https:\/\/www.krafthand.de\/truck\/wp-json\/wp\/v2\/media?parent=38460"}],"wp:term":[{"taxonomy":"category","embeddable":true,"href":"https:\/\/www.krafthand.de\/truck\/wp-json\/wp\/v2\/categories?post=38460"},{"taxonomy":"post_tag","embeddable":true,"href":"https:\/\/www.krafthand.de\/truck\/wp-json\/wp\/v2\/tags?post=38460"},{"taxonomy":"settings","embeddable":true,"href":"https:\/\/www.krafthand.de\/truck\/wp-json\/wp\/v2\/settings?post=38460"}],"curies":[{"name":"wp","href":"https:\/\/api.w.org\/{rel}","templated":true}]}}