{"id":38400,"date":"2023-12-30T10:57:45","date_gmt":"2023-12-30T09:57:45","guid":{"rendered":"https:\/\/www.krafthand.de\/truck\/?p=38400"},"modified":"2023-12-30T11:05:29","modified_gmt":"2023-12-30T10:05:29","slug":"carat-lud-zum-branchentreff-und-zeichnete-partner-aus","status":"publish","type":"post","link":"https:\/\/www.krafthand.de\/truck\/artikel\/carat-lud-zum-branchentreff-und-zeichnete-partner-aus-38400\/","title":{"rendered":"CARAT lud zum Branchentreff und zeichnete Partner aus"},"content":{"rendered":"<p>Seit nunmehr \u00fcber zwei Jahrzehnten ist das Nfz-Symposium ein fester Bestandteil im Veranstaltungskalender der <a href=\"https:\/\/www.carat-gruppe.de\" target=\"_blank\" rel=\"noopener\">CARAT-Gruppe<\/a>. Die eint\u00e4gige Veranstaltung bietet laut Carat eine einzigartige Plattform, auf der aktuelle Branchenthemen durch zahlreiche Vortr\u00e4ge pr\u00e4sentiert werden. Die Abendveranstaltung diente zus\u00e4tzlich als Austauschplattform f\u00fcr den brancheninternen Erfahrungsaustausch.<\/p>\n<p>Dieses Jahr setzte die CARAT-Gruppe ein besonderes Highlight zum Jahresausklang und organisierte die Veranstaltung im blue:beach Club in Witten. Die Er\u00f6ffnung erfolgte durch Stephan Bens, Director Category Management und Marketing. Nach einer einleitenden Ansprache \u00fcbergab er das Wort an Axel Stark, Head of Category Management CV, der Partnerunternehmen und Lieferanten wie <a href=\"https:\/\/www.knorr-bremse.de\" target=\"_blank\" rel=\"noopener\">Knorr-Bremse<\/a> (Sales Professional Award), <a href=\"https:\/\/www.hazet.de\" target=\"_blank\" rel=\"noopener\">Hazet<\/a> (Performance Award) und <a href=\"https:\/\/www.sonax.de\" target=\"_blank\" rel=\"noopener\">SONAX<\/a> (Marketing Award) ehrte und auszeichnete. Unter dem Motto &#8222;Einmal Business-Etikette, bitte&#8220; folgte ein Vortrag von Christoph Steuer, einem Coach und Knigge-Trainer f\u00fcr Business-Etikette. In seinem Vortrag behandelte er Aspekte der Gesch\u00e4ftsetikette, von H\u00e4ndesch\u00fctteln und Dresscode \u00fcber die richtige Anrede bis hin zur Kunst des Smalltalks und dem stilvollen Umgang mit moderner Technologie.<\/p>\n","protected":false},"excerpt":{"rendered":"<p>Die CARAT Unternehmensgruppe hat auch in diesem Jahr ihre Partner und Gro\u00dfh\u00e4ndler zu einem vorweihnachtlichen Branchentreff eingeladen. Das diesj\u00e4hrige Nfz-Symposium fand im blue:beach Club in Witten statt. <span class=\"excerpt-more__dots\">&#8230;<\/span> <a class=\"excerpt-more__link\" href=\"https:\/\/www.krafthand.de\/truck\/artikel\/carat-lud-zum-branchentreff-und-zeichnete-partner-aus-38400\/\" >weiter<\/a><\/p>\n","protected":false},"author":9,"featured_media":38402,"comment_status":"closed","ping_status":"closed","sticky":false,"template":"","format":"standard","meta":{"footnotes":""},"categories":[4912,4235],"tags":[506,522],"settings":[4766,3523],"class_list":["post-38400","post","type-post","status-publish","format-standard","has-post-thumbnail","hentry","category-ersatzteile-zubehoer","category-unternehmen","tag-carat","tag-teilehandel"],"yoast_head":"<!-- This site is optimized with the Yoast SEO plugin v27.3 - https:\/\/yoast.com\/product\/yoast-seo-wordpress\/ -->\n<title>CARAT lud zum Branchentreff und zeichnete Partner aus - Krafthand-Truck<\/title>\n<meta name=\"description\" content=\"Seit nunmehr \u00fcber zwei Jahrzehnten ist das Nfz-Symposium ein fester Bestandteil im Veranstaltungskalender der CARAT-Gruppe.\" \/>\n<meta name=\"robots\" content=\"index, follow, max-snippet:-1, max-image-preview:large, max-video-preview:-1\" \/>\n<link rel=\"canonical\" href=\"https:\/\/www.krafthand.de\/truck\/artikel\/carat-lud-zum-branchentreff-und-zeichnete-partner-aus-38400\/\" \/>\n<meta property=\"og:locale\" content=\"de_DE\" \/>\n<meta property=\"og:type\" content=\"article\" \/>\n<meta property=\"og:title\" content=\"CARAT lud zum Branchentreff und zeichnete Partner aus - Krafthand-Truck\" \/>\n<meta property=\"og:description\" content=\"Seit nunmehr \u00fcber zwei Jahrzehnten ist das Nfz-Symposium ein fester Bestandteil im Veranstaltungskalender der CARAT-Gruppe.\" \/>\n<meta property=\"og:url\" content=\"https:\/\/www.krafthand-truck.de\/artikel\/carat-lud-zum-branchentreff-und-zeichnete-partner-aus-38400\/\" \/>\n<meta property=\"og:site_name\" content=\"Krafthand-Truck\" \/>\n<meta property=\"article:published_time\" content=\"2023-12-30T09:57:45+00:00\" \/>\n<meta property=\"article:modified_time\" content=\"2023-12-30T10:05:29+00:00\" \/>\n<meta property=\"og:image\" content=\"https:\/\/static.krafthand-truck.de\/uploads\/2023\/12\/Carat_Nfz_Symposium_2023_Witten.jpg\" \/>\n\t<meta property=\"og:image:width\" content=\"1200\" \/>\n\t<meta property=\"og:image:height\" content=\"846\" \/>\n\t<meta property=\"og:image:type\" content=\"image\/jpeg\" \/>\n<meta name=\"author\" content=\"georg.blenk@krafthand-medien.de\" \/>\n<meta name=\"twitter:card\" content=\"summary_large_image\" \/>\n<meta name=\"twitter:label1\" content=\"Verfasst von\" \/>\n\t<meta name=\"twitter:data1\" content=\"georg.blenk@krafthand-medien.de\" \/>\n\t<meta name=\"twitter:label2\" content=\"Gesch\u00e4tzte Lesezeit\" \/>\n\t<meta name=\"twitter:data2\" content=\"1\u00a0Minute\" \/>\n<script type=\"application\/ld+json\" class=\"yoast-schema-graph\">{\"@context\":\"https:\\\/\\\/schema.org\",\"@graph\":[{\"@type\":\"Article\",\"@id\":\"https:\\\/\\\/www.krafthand.de\\\/truck\\\/artikel\\\/carat-lud-zum-branchentreff-und-zeichnete-partner-aus-38400\\\/#article\",\"isPartOf\":{\"@id\":\"https:\\\/\\\/www.krafthand.de\\\/truck\\\/artikel\\\/carat-lud-zum-branchentreff-und-zeichnete-partner-aus-38400\\\/\"},\"author\":{\"name\":\"georg.blenk@krafthand-medien.de\",\"@id\":\"https:\\\/\\\/www.krafthand.de\\\/truck\\\/#\\\/schema\\\/person\\\/51fa80b1c57034c4bf63f9f988fc24ce\"},\"headline\":\"CARAT lud zum Branchentreff und zeichnete Partner aus\",\"datePublished\":\"2023-12-30T09:57:45+00:00\",\"dateModified\":\"2023-12-30T10:05:29+00:00\",\"mainEntityOfPage\":{\"@id\":\"https:\\\/\\\/www.krafthand.de\\\/truck\\\/artikel\\\/carat-lud-zum-branchentreff-und-zeichnete-partner-aus-38400\\\/\"},\"wordCount\":174,\"image\":{\"@id\":\"https:\\\/\\\/www.krafthand.de\\\/truck\\\/artikel\\\/carat-lud-zum-branchentreff-und-zeichnete-partner-aus-38400\\\/#primaryimage\"},\"thumbnailUrl\":\"https:\\\/\\\/static.krafthand-truck.de\\\/uploads\\\/2023\\\/12\\\/Carat_Nfz_Symposium_2023_Witten.jpg\",\"keywords\":[\"Carat\",\"Teilehandel\"],\"articleSection\":[\"Ersatzteile\\\/Zubeh\u00f6r\",\"Unternehmen\"],\"inLanguage\":\"de\"},{\"@type\":\"WebPage\",\"@id\":\"https:\\\/\\\/www.krafthand.de\\\/truck\\\/artikel\\\/carat-lud-zum-branchentreff-und-zeichnete-partner-aus-38400\\\/\",\"url\":\"https:\\\/\\\/www.krafthand.de\\\/truck\\\/artikel\\\/carat-lud-zum-branchentreff-und-zeichnete-partner-aus-38400\\\/\",\"name\":\"CARAT lud zum Branchentreff und zeichnete Partner aus - Krafthand-Truck\",\"isPartOf\":{\"@id\":\"https:\\\/\\\/www.krafthand.de\\\/truck\\\/#website\"},\"primaryImageOfPage\":{\"@id\":\"https:\\\/\\\/www.krafthand.de\\\/truck\\\/artikel\\\/carat-lud-zum-branchentreff-und-zeichnete-partner-aus-38400\\\/#primaryimage\"},\"image\":{\"@id\":\"https:\\\/\\\/www.krafthand.de\\\/truck\\\/artikel\\\/carat-lud-zum-branchentreff-und-zeichnete-partner-aus-38400\\\/#primaryimage\"},\"thumbnailUrl\":\"https:\\\/\\\/static.krafthand-truck.de\\\/uploads\\\/2023\\\/12\\\/Carat_Nfz_Symposium_2023_Witten.jpg\",\"datePublished\":\"2023-12-30T09:57:45+00:00\",\"dateModified\":\"2023-12-30T10:05:29+00:00\",\"author\":{\"@id\":\"https:\\\/\\\/www.krafthand.de\\\/truck\\\/#\\\/schema\\\/person\\\/51fa80b1c57034c4bf63f9f988fc24ce\"},\"description\":\"Seit nunmehr \u00fcber zwei Jahrzehnten ist das Nfz-Symposium ein fester Bestandteil im Veranstaltungskalender der CARAT-Gruppe.\",\"breadcrumb\":{\"@id\":\"https:\\\/\\\/www.krafthand.de\\\/truck\\\/artikel\\\/carat-lud-zum-branchentreff-und-zeichnete-partner-aus-38400\\\/#breadcrumb\"},\"inLanguage\":\"de\",\"potentialAction\":[{\"@type\":\"ReadAction\",\"target\":[\"https:\\\/\\\/www.krafthand.de\\\/truck\\\/artikel\\\/carat-lud-zum-branchentreff-und-zeichnete-partner-aus-38400\\\/\"]}]},{\"@type\":\"ImageObject\",\"inLanguage\":\"de\",\"@id\":\"https:\\\/\\\/www.krafthand.de\\\/truck\\\/artikel\\\/carat-lud-zum-branchentreff-und-zeichnete-partner-aus-38400\\\/#primaryimage\",\"url\":\"https:\\\/\\\/static.krafthand-truck.de\\\/uploads\\\/2023\\\/12\\\/Carat_Nfz_Symposium_2023_Witten.jpg\",\"contentUrl\":\"https:\\\/\\\/static.krafthand-truck.de\\\/uploads\\\/2023\\\/12\\\/Carat_Nfz_Symposium_2023_Witten.jpg\",\"width\":1200,\"height\":846},{\"@type\":\"BreadcrumbList\",\"@id\":\"https:\\\/\\\/www.krafthand.de\\\/truck\\\/artikel\\\/carat-lud-zum-branchentreff-und-zeichnete-partner-aus-38400\\\/#breadcrumb\",\"itemListElement\":[{\"@type\":\"ListItem\",\"position\":1,\"name\":\"Krafthand-Truck\",\"item\":\"https:\\\/\\\/www.krafthand.de\\\/truck\\\/\"},{\"@type\":\"ListItem\",\"position\":2,\"name\":\"Nfz-Branche\",\"item\":\"https:\\\/\\\/www.krafthand.de\\\/truck\\\/kategorie\\\/branche\\\/\"},{\"@type\":\"ListItem\",\"position\":3,\"name\":\"Unternehmen\",\"item\":\"https:\\\/\\\/www.krafthand.de\\\/truck\\\/kategorie\\\/branche\\\/unternehmen\\\/\"},{\"@type\":\"ListItem\",\"position\":4,\"name\":\"CARAT lud zum Branchentreff und zeichnete Partner aus\"}]},{\"@type\":\"WebSite\",\"@id\":\"https:\\\/\\\/www.krafthand.de\\\/truck\\\/#website\",\"url\":\"https:\\\/\\\/www.krafthand.de\\\/truck\\\/\",\"name\":\"Krafthand-Truck\",\"description\":\"\",\"potentialAction\":[{\"@type\":\"SearchAction\",\"target\":{\"@type\":\"EntryPoint\",\"urlTemplate\":\"https:\\\/\\\/www.krafthand.de\\\/truck\\\/?s={search_term_string}\"},\"query-input\":{\"@type\":\"PropertyValueSpecification\",\"valueRequired\":true,\"valueName\":\"search_term_string\"}}],\"inLanguage\":\"de\"},{\"@type\":\"Person\",\"@id\":\"https:\\\/\\\/www.krafthand.de\\\/truck\\\/#\\\/schema\\\/person\\\/51fa80b1c57034c4bf63f9f988fc24ce\",\"name\":\"georg.blenk@krafthand-medien.de\",\"image\":{\"@type\":\"ImageObject\",\"inLanguage\":\"de\",\"@id\":\"https:\\\/\\\/secure.gravatar.com\\\/avatar\\\/93713c30affe0aa95d3a4130e499bb1abee2eb31adbdd9ce2aa1543538490215?s=96&d=mm&r=g\",\"url\":\"https:\\\/\\\/secure.gravatar.com\\\/avatar\\\/93713c30affe0aa95d3a4130e499bb1abee2eb31adbdd9ce2aa1543538490215?s=96&d=mm&r=g\",\"contentUrl\":\"https:\\\/\\\/secure.gravatar.com\\\/avatar\\\/93713c30affe0aa95d3a4130e499bb1abee2eb31adbdd9ce2aa1543538490215?s=96&d=mm&r=g\",\"caption\":\"georg.blenk@krafthand-medien.de\"}}]}<\/script>\n<!-- \/ Yoast SEO plugin. -->","yoast_head_json":{"title":"CARAT lud zum Branchentreff und zeichnete Partner aus - Krafthand-Truck","description":"Seit nunmehr \u00fcber zwei Jahrzehnten ist das Nfz-Symposium ein fester Bestandteil im Veranstaltungskalender der CARAT-Gruppe.","robots":{"index":"index","follow":"follow","max-snippet":"max-snippet:-1","max-image-preview":"max-image-preview:large","max-video-preview":"max-video-preview:-1"},"canonical":"https:\/\/www.krafthand.de\/truck\/artikel\/carat-lud-zum-branchentreff-und-zeichnete-partner-aus-38400\/","og_locale":"de_DE","og_type":"article","og_title":"CARAT lud zum Branchentreff und zeichnete Partner aus - Krafthand-Truck","og_description":"Seit nunmehr \u00fcber zwei Jahrzehnten ist das Nfz-Symposium ein fester Bestandteil im Veranstaltungskalender der CARAT-Gruppe.","og_url":"https:\/\/www.krafthand-truck.de\/artikel\/carat-lud-zum-branchentreff-und-zeichnete-partner-aus-38400\/","og_site_name":"Krafthand-Truck","article_published_time":"2023-12-30T09:57:45+00:00","article_modified_time":"2023-12-30T10:05:29+00:00","og_image":[{"width":1200,"height":846,"url":"https:\/\/static.krafthand-truck.de\/uploads\/2023\/12\/Carat_Nfz_Symposium_2023_Witten.jpg","type":"image\/jpeg"}],"author":"georg.blenk@krafthand-medien.de","twitter_card":"summary_large_image","twitter_misc":{"Verfasst von":"georg.blenk@krafthand-medien.de","Gesch\u00e4tzte Lesezeit":"1\u00a0Minute"},"schema":{"@context":"https:\/\/schema.org","@graph":[{"@type":"Article","@id":"https:\/\/www.krafthand.de\/truck\/artikel\/carat-lud-zum-branchentreff-und-zeichnete-partner-aus-38400\/#article","isPartOf":{"@id":"https:\/\/www.krafthand.de\/truck\/artikel\/carat-lud-zum-branchentreff-und-zeichnete-partner-aus-38400\/"},"author":{"name":"georg.blenk@krafthand-medien.de","@id":"https:\/\/www.krafthand.de\/truck\/#\/schema\/person\/51fa80b1c57034c4bf63f9f988fc24ce"},"headline":"CARAT lud zum Branchentreff und zeichnete Partner aus","datePublished":"2023-12-30T09:57:45+00:00","dateModified":"2023-12-30T10:05:29+00:00","mainEntityOfPage":{"@id":"https:\/\/www.krafthand.de\/truck\/artikel\/carat-lud-zum-branchentreff-und-zeichnete-partner-aus-38400\/"},"wordCount":174,"image":{"@id":"https:\/\/www.krafthand.de\/truck\/artikel\/carat-lud-zum-branchentreff-und-zeichnete-partner-aus-38400\/#primaryimage"},"thumbnailUrl":"https:\/\/static.krafthand-truck.de\/uploads\/2023\/12\/Carat_Nfz_Symposium_2023_Witten.jpg","keywords":["Carat","Teilehandel"],"articleSection":["Ersatzteile\/Zubeh\u00f6r","Unternehmen"],"inLanguage":"de"},{"@type":"WebPage","@id":"https:\/\/www.krafthand.de\/truck\/artikel\/carat-lud-zum-branchentreff-und-zeichnete-partner-aus-38400\/","url":"https:\/\/www.krafthand.de\/truck\/artikel\/carat-lud-zum-branchentreff-und-zeichnete-partner-aus-38400\/","name":"CARAT lud zum Branchentreff und zeichnete Partner aus - Krafthand-Truck","isPartOf":{"@id":"https:\/\/www.krafthand.de\/truck\/#website"},"primaryImageOfPage":{"@id":"https:\/\/www.krafthand.de\/truck\/artikel\/carat-lud-zum-branchentreff-und-zeichnete-partner-aus-38400\/#primaryimage"},"image":{"@id":"https:\/\/www.krafthand.de\/truck\/artikel\/carat-lud-zum-branchentreff-und-zeichnete-partner-aus-38400\/#primaryimage"},"thumbnailUrl":"https:\/\/static.krafthand-truck.de\/uploads\/2023\/12\/Carat_Nfz_Symposium_2023_Witten.jpg","datePublished":"2023-12-30T09:57:45+00:00","dateModified":"2023-12-30T10:05:29+00:00","author":{"@id":"https:\/\/www.krafthand.de\/truck\/#\/schema\/person\/51fa80b1c57034c4bf63f9f988fc24ce"},"description":"Seit nunmehr \u00fcber zwei Jahrzehnten ist das Nfz-Symposium ein fester Bestandteil im Veranstaltungskalender der CARAT-Gruppe.","breadcrumb":{"@id":"https:\/\/www.krafthand.de\/truck\/artikel\/carat-lud-zum-branchentreff-und-zeichnete-partner-aus-38400\/#breadcrumb"},"inLanguage":"de","potentialAction":[{"@type":"ReadAction","target":["https:\/\/www.krafthand.de\/truck\/artikel\/carat-lud-zum-branchentreff-und-zeichnete-partner-aus-38400\/"]}]},{"@type":"ImageObject","inLanguage":"de","@id":"https:\/\/www.krafthand.de\/truck\/artikel\/carat-lud-zum-branchentreff-und-zeichnete-partner-aus-38400\/#primaryimage","url":"https:\/\/static.krafthand-truck.de\/uploads\/2023\/12\/Carat_Nfz_Symposium_2023_Witten.jpg","contentUrl":"https:\/\/static.krafthand-truck.de\/uploads\/2023\/12\/Carat_Nfz_Symposium_2023_Witten.jpg","width":1200,"height":846},{"@type":"BreadcrumbList","@id":"https:\/\/www.krafthand.de\/truck\/artikel\/carat-lud-zum-branchentreff-und-zeichnete-partner-aus-38400\/#breadcrumb","itemListElement":[{"@type":"ListItem","position":1,"name":"Krafthand-Truck","item":"https:\/\/www.krafthand.de\/truck\/"},{"@type":"ListItem","position":2,"name":"Nfz-Branche","item":"https:\/\/www.krafthand.de\/truck\/kategorie\/branche\/"},{"@type":"ListItem","position":3,"name":"Unternehmen","item":"https:\/\/www.krafthand.de\/truck\/kategorie\/branche\/unternehmen\/"},{"@type":"ListItem","position":4,"name":"CARAT lud zum Branchentreff und zeichnete Partner aus"}]},{"@type":"WebSite","@id":"https:\/\/www.krafthand.de\/truck\/#website","url":"https:\/\/www.krafthand.de\/truck\/","name":"Krafthand-Truck","description":"","potentialAction":[{"@type":"SearchAction","target":{"@type":"EntryPoint","urlTemplate":"https:\/\/www.krafthand.de\/truck\/?s={search_term_string}"},"query-input":{"@type":"PropertyValueSpecification","valueRequired":true,"valueName":"search_term_string"}}],"inLanguage":"de"},{"@type":"Person","@id":"https:\/\/www.krafthand.de\/truck\/#\/schema\/person\/51fa80b1c57034c4bf63f9f988fc24ce","name":"georg.blenk@krafthand-medien.de","image":{"@type":"ImageObject","inLanguage":"de","@id":"https:\/\/secure.gravatar.com\/avatar\/93713c30affe0aa95d3a4130e499bb1abee2eb31adbdd9ce2aa1543538490215?s=96&d=mm&r=g","url":"https:\/\/secure.gravatar.com\/avatar\/93713c30affe0aa95d3a4130e499bb1abee2eb31adbdd9ce2aa1543538490215?s=96&d=mm&r=g","contentUrl":"https:\/\/secure.gravatar.com\/avatar\/93713c30affe0aa95d3a4130e499bb1abee2eb31adbdd9ce2aa1543538490215?s=96&d=mm&r=g","caption":"georg.blenk@krafthand-medien.de"}}]}},"_links":{"self":[{"href":"https:\/\/www.krafthand.de\/truck\/wp-json\/wp\/v2\/posts\/38400","targetHints":{"allow":["GET"]}}],"collection":[{"href":"https:\/\/www.krafthand.de\/truck\/wp-json\/wp\/v2\/posts"}],"about":[{"href":"https:\/\/www.krafthand.de\/truck\/wp-json\/wp\/v2\/types\/post"}],"author":[{"embeddable":true,"href":"https:\/\/www.krafthand.de\/truck\/wp-json\/wp\/v2\/users\/9"}],"replies":[{"embeddable":true,"href":"https:\/\/www.krafthand.de\/truck\/wp-json\/wp\/v2\/comments?post=38400"}],"version-history":[{"count":3,"href":"https:\/\/www.krafthand.de\/truck\/wp-json\/wp\/v2\/posts\/38400\/revisions"}],"predecessor-version":[{"id":38404,"href":"https:\/\/www.krafthand.de\/truck\/wp-json\/wp\/v2\/posts\/38400\/revisions\/38404"}],"wp:featuredmedia":[{"embeddable":true,"href":"https:\/\/www.krafthand.de\/truck\/wp-json\/wp\/v2\/media\/38402"}],"wp:attachment":[{"href":"https:\/\/www.krafthand.de\/truck\/wp-json\/wp\/v2\/media?parent=38400"}],"wp:term":[{"taxonomy":"category","embeddable":true,"href":"https:\/\/www.krafthand.de\/truck\/wp-json\/wp\/v2\/categories?post=38400"},{"taxonomy":"post_tag","embeddable":true,"href":"https:\/\/www.krafthand.de\/truck\/wp-json\/wp\/v2\/tags?post=38400"},{"taxonomy":"settings","embeddable":true,"href":"https:\/\/www.krafthand.de\/truck\/wp-json\/wp\/v2\/settings?post=38400"}],"curies":[{"name":"wp","href":"https:\/\/api.w.org\/{rel}","templated":true}]}}