{"id":38334,"date":"2023-12-18T08:36:20","date_gmt":"2023-12-18T07:36:20","guid":{"rendered":"https:\/\/www.krafthand.de\/truck\/?p=38334"},"modified":"2023-12-13T08:41:53","modified_gmt":"2023-12-13T07:41:53","slug":"winkler-mietet-neues-zentrallager-in-langenau-bei-ulm","status":"publish","type":"post","link":"https:\/\/www.krafthand.de\/truck\/artikel\/winkler-mietet-neues-zentrallager-in-langenau-bei-ulm-38334\/","title":{"rendered":"Winkler mietet neues Zentrallager in Langenau bei Ulm"},"content":{"rendered":"<p>Die Winkler Unternehmensgruppe aus Stuttgart hat Anfang November 2023 einen langfristigen Mietvertag mit der Dietz AG als Investor f\u00fcr ein neues, Zentrallager f\u00fcr Europa abgeschlossen. Die Bauarbeiten in Langenau bei Ulm sollen laut Winkler 2024 erfolgen, die Er\u00f6ffnung ist f\u00fcr das Jahr 2026 geplant.<\/p>\n<h3>60.000 Quadratmeter mehr Lagerfl\u00e4che<\/h3>\n<p>Mit einer neuen Lagerfl\u00e4che von ca. 60.000 Quadratmetern kann die aktuelle Logistikfl\u00e4che in Ulm deutlich vergr\u00f6\u00dfert werden. Ein Viertel der Lagerfl\u00e4che soll mit einem vollautomatisierten Lagersystem ausgestattet werden. Zur Steigerung der Effizienz setzt Winkler auf Automatisierung und Robotik. \u201eDadurch kann der Output an Artikeln pro Tag mehr als verdoppelt werden\u201c, sagt Andreas Mayer, Gesch\u00e4ftsleitung Logistik der Winkler Unternehmensgruppe mit Sitz in Stuttgart. Als weiterer Vorteil gilt die gute Verkehrsanbindung in direkter Autobahnn\u00e4he.<\/p>\n<blockquote><p>\u201eUnser zuk\u00fcnftig gr\u00f6\u00dfter und modernster Standort passt perfekt in unsere Logistik- und Standortstrategie\u201c, erkl\u00e4rt Andreas Mayer.<\/p><\/blockquote>\n<p>Aktuell werden die Kunden von Winkler aus drei Zentrallagern in Ulm, Kassel und Wien mit einem breiten Spektrum an Artikeln optimal versorgt. Eine Kernkompetenz sei dabei die gute Verf\u00fcgbarkeit von Produkten sowie die hohe Liefertreue, welche f\u00fcr alle Bereiche \u2013 Nutzfahrzeug, Werkstatt, Bus und Agrar \u2013 in Europa weiter ausgebaut werden.<\/p>\n<h3>Nachhaltiger Neubau mit h\u00f6chsten Zertifizierungen und Standards<\/h3>\n<p>Die <a href=\"http:\/\/dietz-ag.de\" target=\"_blank\" rel=\"noopener\">Dietz AG<\/a> aus Bensheim, wird als Eigent\u00fcmer der Liegenschaft und Bauherr den Neubau realisieren und langfristig an <a href=\"https:\/\/winkler.com\/de\/\" target=\"_blank\" rel=\"noopener\">Winkler<\/a> vermieten. Das Dach wird mit einer gro\u00dffl\u00e4chigen Photovoltaikanalage ausgestattet. Dabei wird eine Zertifizierung nach DGNB in Platin angestrebt, die der h\u00f6chsten Auszeichnungsstufe entspricht. Winkler plant auch den Einsatz eines Energiespeichers zur Speicherung der gewonnenen Solarenergie, sodass der Betrieb des Standorts auch autark gew\u00e4hrleistet werden kann. Eine Dachbegr\u00fcnung soll f\u00fcr eine bessere Isolierung sowie l\u00e4ngere Haltbarkeit des Daches sorgen.<\/p>\n<h3>Rund 300 Arbeitspl\u00e4tze<\/h3>\n<p>Die Er\u00f6ffnung des Neubaus soll im Laufe des Jahres 2026 erfolgen. Nach Fertigstellung des neuen Lagers wird der Umzug der Zentrallagerlogistik von Ulm nach Langenau vollzogen. Zwei Drittel der heutigen Belegschaft in Ulm \u2013 das entspricht rund 200 Personen \u2013 werden nach Langenau gehen. Die Zahl der Mitarbeitenden wird dort mittelfristig auf 300 Personen ausgebaut. Es entstehen laut Winkler weitere Arbeitspl\u00e4tze in den Bereichen Lager- und Transportlogistik, IT, Elektrotechnik und Mechatronik. Daf\u00fcr werden neben der Lagerfl\u00e4che auch moderne B\u00fcrofl\u00e4chen geschaffen. Ein Drittel der heutigen Mitarbeitenden \u2013 etwa 100 Personen \u2013 soll mittel- und langfristig am Standort in Ulm verbleiben.<\/p>\n<p>Die Vor-Ort-Beratung, der Verkauf im Shop, die Abholung sowie die Kundenschulungen bleiben am heutigen Standort im Donautal und werden dort auch in der Zukunft weiterentwickelt und verbessert. Die Schlauchfertigung wird es sowohl am aktuellen als auch am zuk\u00fcnftigen Logistikstandort geben.<\/p>\n","protected":false},"excerpt":{"rendered":"<p>Die Winkler Unternehmensgruppe hat Anfang November 2023 einen Mietvertag mit der Dietz AG als Investor f\u00fcr ein neues, Zentrallager f\u00fcr Europa abgeschlossen. Die Bauarbeiten in Langenau bei Ulm sollen laut Winkler 2024 erfolgen, die Er\u00f6ffnung ist f\u00fcr das Jahr 2026 geplant. <span class=\"excerpt-more__dots\">&#8230;<\/span> <a class=\"excerpt-more__link\" href=\"https:\/\/www.krafthand.de\/truck\/artikel\/winkler-mietet-neues-zentrallager-in-langenau-bei-ulm-38334\/\" >weiter<\/a><\/p>\n","protected":false},"author":9,"featured_media":38340,"comment_status":"closed","ping_status":"closed","sticky":false,"template":"","format":"standard","meta":{"footnotes":""},"categories":[4912,4235],"tags":[5495,1523,460,3146],"settings":[4766,3523],"class_list":["post-38334","post","type-post","status-publish","format-standard","has-post-thumbnail","hentry","category-ersatzteile-zubehoer","category-unternehmen","tag-teilelogistik","tag-ulm","tag-winkler","tag-zentrallager"],"yoast_head":"<!-- This site is optimized with the Yoast SEO plugin v27.3 - https:\/\/yoast.com\/product\/yoast-seo-wordpress\/ -->\n<title>Winkler mietet neues Zentrallager in Langenau bei Ulm - Krafthand-Truck<\/title>\n<meta name=\"description\" content=\"Der Lkw-Teilespezialist Winkler im November 2023 einen Mietvertag mit der Dietz AG als Investor f\u00fcr ein neues Zentrallager abgeschlossen.\" \/>\n<meta name=\"robots\" content=\"index, follow, max-snippet:-1, max-image-preview:large, max-video-preview:-1\" \/>\n<link rel=\"canonical\" href=\"https:\/\/www.krafthand.de\/truck\/artikel\/winkler-mietet-neues-zentrallager-in-langenau-bei-ulm-38334\/\" \/>\n<meta property=\"og:locale\" content=\"de_DE\" \/>\n<meta property=\"og:type\" content=\"article\" \/>\n<meta property=\"og:title\" content=\"Winkler mietet neues Zentrallager in Langenau bei Ulm - Krafthand-Truck\" \/>\n<meta property=\"og:description\" content=\"Der Lkw-Teilespezialist Winkler im November 2023 einen Mietvertag mit der Dietz AG als Investor f\u00fcr ein neues Zentrallager abgeschlossen.\" \/>\n<meta property=\"og:url\" content=\"https:\/\/www.krafthand-truck.de\/artikel\/winkler-mietet-neues-zentrallager-in-langenau-bei-ulm-38334\/\" \/>\n<meta property=\"og:site_name\" content=\"Krafthand-Truck\" \/>\n<meta property=\"article:published_time\" content=\"2023-12-18T07:36:20+00:00\" \/>\n<meta property=\"og:image\" content=\"https:\/\/static.krafthand-truck.de\/uploads\/2023\/12\/Winkler_Hochregallager_Ulm.jpg\" \/>\n\t<meta property=\"og:image:width\" content=\"1200\" \/>\n\t<meta property=\"og:image:height\" content=\"723\" \/>\n\t<meta property=\"og:image:type\" content=\"image\/jpeg\" \/>\n<meta name=\"author\" content=\"georg.blenk@krafthand-medien.de\" \/>\n<meta name=\"twitter:card\" content=\"summary_large_image\" \/>\n<meta name=\"twitter:label1\" content=\"Verfasst von\" \/>\n\t<meta name=\"twitter:data1\" content=\"georg.blenk@krafthand-medien.de\" \/>\n\t<meta name=\"twitter:label2\" content=\"Gesch\u00e4tzte Lesezeit\" \/>\n\t<meta name=\"twitter:data2\" content=\"3\u00a0Minuten\" \/>\n<script type=\"application\/ld+json\" class=\"yoast-schema-graph\">{\"@context\":\"https:\\\/\\\/schema.org\",\"@graph\":[{\"@type\":\"Article\",\"@id\":\"https:\\\/\\\/www.krafthand.de\\\/truck\\\/artikel\\\/winkler-mietet-neues-zentrallager-in-langenau-bei-ulm-38334\\\/#article\",\"isPartOf\":{\"@id\":\"https:\\\/\\\/www.krafthand.de\\\/truck\\\/artikel\\\/winkler-mietet-neues-zentrallager-in-langenau-bei-ulm-38334\\\/\"},\"author\":{\"name\":\"georg.blenk@krafthand-medien.de\",\"@id\":\"https:\\\/\\\/www.krafthand.de\\\/truck\\\/#\\\/schema\\\/person\\\/51fa80b1c57034c4bf63f9f988fc24ce\"},\"headline\":\"Winkler mietet neues Zentrallager in Langenau bei Ulm\",\"datePublished\":\"2023-12-18T07:36:20+00:00\",\"mainEntityOfPage\":{\"@id\":\"https:\\\/\\\/www.krafthand.de\\\/truck\\\/artikel\\\/winkler-mietet-neues-zentrallager-in-langenau-bei-ulm-38334\\\/\"},\"wordCount\":438,\"image\":{\"@id\":\"https:\\\/\\\/www.krafthand.de\\\/truck\\\/artikel\\\/winkler-mietet-neues-zentrallager-in-langenau-bei-ulm-38334\\\/#primaryimage\"},\"thumbnailUrl\":\"https:\\\/\\\/static.krafthand-truck.de\\\/uploads\\\/2023\\\/12\\\/Winkler_Hochregallager_Ulm.jpg\",\"keywords\":[\"Teilelogistik\",\"Ulm\",\"Winkler\",\"Zentrallager\"],\"articleSection\":[\"Ersatzteile\\\/Zubeh\u00f6r\",\"Unternehmen\"],\"inLanguage\":\"de\"},{\"@type\":\"WebPage\",\"@id\":\"https:\\\/\\\/www.krafthand.de\\\/truck\\\/artikel\\\/winkler-mietet-neues-zentrallager-in-langenau-bei-ulm-38334\\\/\",\"url\":\"https:\\\/\\\/www.krafthand.de\\\/truck\\\/artikel\\\/winkler-mietet-neues-zentrallager-in-langenau-bei-ulm-38334\\\/\",\"name\":\"Winkler mietet neues Zentrallager in Langenau bei Ulm - Krafthand-Truck\",\"isPartOf\":{\"@id\":\"https:\\\/\\\/www.krafthand.de\\\/truck\\\/#website\"},\"primaryImageOfPage\":{\"@id\":\"https:\\\/\\\/www.krafthand.de\\\/truck\\\/artikel\\\/winkler-mietet-neues-zentrallager-in-langenau-bei-ulm-38334\\\/#primaryimage\"},\"image\":{\"@id\":\"https:\\\/\\\/www.krafthand.de\\\/truck\\\/artikel\\\/winkler-mietet-neues-zentrallager-in-langenau-bei-ulm-38334\\\/#primaryimage\"},\"thumbnailUrl\":\"https:\\\/\\\/static.krafthand-truck.de\\\/uploads\\\/2023\\\/12\\\/Winkler_Hochregallager_Ulm.jpg\",\"datePublished\":\"2023-12-18T07:36:20+00:00\",\"author\":{\"@id\":\"https:\\\/\\\/www.krafthand.de\\\/truck\\\/#\\\/schema\\\/person\\\/51fa80b1c57034c4bf63f9f988fc24ce\"},\"description\":\"Der Lkw-Teilespezialist Winkler im November 2023 einen Mietvertag mit der Dietz AG als Investor f\u00fcr ein neues Zentrallager abgeschlossen.\",\"breadcrumb\":{\"@id\":\"https:\\\/\\\/www.krafthand.de\\\/truck\\\/artikel\\\/winkler-mietet-neues-zentrallager-in-langenau-bei-ulm-38334\\\/#breadcrumb\"},\"inLanguage\":\"de\",\"potentialAction\":[{\"@type\":\"ReadAction\",\"target\":[\"https:\\\/\\\/www.krafthand.de\\\/truck\\\/artikel\\\/winkler-mietet-neues-zentrallager-in-langenau-bei-ulm-38334\\\/\"]}]},{\"@type\":\"ImageObject\",\"inLanguage\":\"de\",\"@id\":\"https:\\\/\\\/www.krafthand.de\\\/truck\\\/artikel\\\/winkler-mietet-neues-zentrallager-in-langenau-bei-ulm-38334\\\/#primaryimage\",\"url\":\"https:\\\/\\\/static.krafthand-truck.de\\\/uploads\\\/2023\\\/12\\\/Winkler_Hochregallager_Ulm.jpg\",\"contentUrl\":\"https:\\\/\\\/static.krafthand-truck.de\\\/uploads\\\/2023\\\/12\\\/Winkler_Hochregallager_Ulm.jpg\",\"width\":1200,\"height\":723},{\"@type\":\"BreadcrumbList\",\"@id\":\"https:\\\/\\\/www.krafthand.de\\\/truck\\\/artikel\\\/winkler-mietet-neues-zentrallager-in-langenau-bei-ulm-38334\\\/#breadcrumb\",\"itemListElement\":[{\"@type\":\"ListItem\",\"position\":1,\"name\":\"Krafthand-Truck\",\"item\":\"https:\\\/\\\/www.krafthand.de\\\/truck\\\/\"},{\"@type\":\"ListItem\",\"position\":2,\"name\":\"Nfz-Service\",\"item\":\"https:\\\/\\\/www.krafthand.de\\\/truck\\\/kategorie\\\/nfz-service\\\/\"},{\"@type\":\"ListItem\",\"position\":3,\"name\":\"Ersatzteile\\\/Zubeh\u00f6r\",\"item\":\"https:\\\/\\\/www.krafthand.de\\\/truck\\\/kategorie\\\/nfz-service\\\/ersatzteile-zubehoer\\\/\"},{\"@type\":\"ListItem\",\"position\":4,\"name\":\"Winkler mietet neues Zentrallager in Langenau bei Ulm\"}]},{\"@type\":\"WebSite\",\"@id\":\"https:\\\/\\\/www.krafthand.de\\\/truck\\\/#website\",\"url\":\"https:\\\/\\\/www.krafthand.de\\\/truck\\\/\",\"name\":\"Krafthand-Truck\",\"description\":\"\",\"potentialAction\":[{\"@type\":\"SearchAction\",\"target\":{\"@type\":\"EntryPoint\",\"urlTemplate\":\"https:\\\/\\\/www.krafthand.de\\\/truck\\\/?s={search_term_string}\"},\"query-input\":{\"@type\":\"PropertyValueSpecification\",\"valueRequired\":true,\"valueName\":\"search_term_string\"}}],\"inLanguage\":\"de\"},{\"@type\":\"Person\",\"@id\":\"https:\\\/\\\/www.krafthand.de\\\/truck\\\/#\\\/schema\\\/person\\\/51fa80b1c57034c4bf63f9f988fc24ce\",\"name\":\"georg.blenk@krafthand-medien.de\",\"image\":{\"@type\":\"ImageObject\",\"inLanguage\":\"de\",\"@id\":\"https:\\\/\\\/secure.gravatar.com\\\/avatar\\\/93713c30affe0aa95d3a4130e499bb1abee2eb31adbdd9ce2aa1543538490215?s=96&d=mm&r=g\",\"url\":\"https:\\\/\\\/secure.gravatar.com\\\/avatar\\\/93713c30affe0aa95d3a4130e499bb1abee2eb31adbdd9ce2aa1543538490215?s=96&d=mm&r=g\",\"contentUrl\":\"https:\\\/\\\/secure.gravatar.com\\\/avatar\\\/93713c30affe0aa95d3a4130e499bb1abee2eb31adbdd9ce2aa1543538490215?s=96&d=mm&r=g\",\"caption\":\"georg.blenk@krafthand-medien.de\"}}]}<\/script>\n<!-- \/ Yoast SEO plugin. -->","yoast_head_json":{"title":"Winkler mietet neues Zentrallager in Langenau bei Ulm - Krafthand-Truck","description":"Der Lkw-Teilespezialist Winkler im November 2023 einen Mietvertag mit der Dietz AG als Investor f\u00fcr ein neues Zentrallager abgeschlossen.","robots":{"index":"index","follow":"follow","max-snippet":"max-snippet:-1","max-image-preview":"max-image-preview:large","max-video-preview":"max-video-preview:-1"},"canonical":"https:\/\/www.krafthand.de\/truck\/artikel\/winkler-mietet-neues-zentrallager-in-langenau-bei-ulm-38334\/","og_locale":"de_DE","og_type":"article","og_title":"Winkler mietet neues Zentrallager in Langenau bei Ulm - Krafthand-Truck","og_description":"Der Lkw-Teilespezialist Winkler im November 2023 einen Mietvertag mit der Dietz AG als Investor f\u00fcr ein neues Zentrallager abgeschlossen.","og_url":"https:\/\/www.krafthand-truck.de\/artikel\/winkler-mietet-neues-zentrallager-in-langenau-bei-ulm-38334\/","og_site_name":"Krafthand-Truck","article_published_time":"2023-12-18T07:36:20+00:00","og_image":[{"width":1200,"height":723,"url":"https:\/\/static.krafthand-truck.de\/uploads\/2023\/12\/Winkler_Hochregallager_Ulm.jpg","type":"image\/jpeg"}],"author":"georg.blenk@krafthand-medien.de","twitter_card":"summary_large_image","twitter_misc":{"Verfasst von":"georg.blenk@krafthand-medien.de","Gesch\u00e4tzte Lesezeit":"3\u00a0Minuten"},"schema":{"@context":"https:\/\/schema.org","@graph":[{"@type":"Article","@id":"https:\/\/www.krafthand.de\/truck\/artikel\/winkler-mietet-neues-zentrallager-in-langenau-bei-ulm-38334\/#article","isPartOf":{"@id":"https:\/\/www.krafthand.de\/truck\/artikel\/winkler-mietet-neues-zentrallager-in-langenau-bei-ulm-38334\/"},"author":{"name":"georg.blenk@krafthand-medien.de","@id":"https:\/\/www.krafthand.de\/truck\/#\/schema\/person\/51fa80b1c57034c4bf63f9f988fc24ce"},"headline":"Winkler mietet neues Zentrallager in Langenau bei Ulm","datePublished":"2023-12-18T07:36:20+00:00","mainEntityOfPage":{"@id":"https:\/\/www.krafthand.de\/truck\/artikel\/winkler-mietet-neues-zentrallager-in-langenau-bei-ulm-38334\/"},"wordCount":438,"image":{"@id":"https:\/\/www.krafthand.de\/truck\/artikel\/winkler-mietet-neues-zentrallager-in-langenau-bei-ulm-38334\/#primaryimage"},"thumbnailUrl":"https:\/\/static.krafthand-truck.de\/uploads\/2023\/12\/Winkler_Hochregallager_Ulm.jpg","keywords":["Teilelogistik","Ulm","Winkler","Zentrallager"],"articleSection":["Ersatzteile\/Zubeh\u00f6r","Unternehmen"],"inLanguage":"de"},{"@type":"WebPage","@id":"https:\/\/www.krafthand.de\/truck\/artikel\/winkler-mietet-neues-zentrallager-in-langenau-bei-ulm-38334\/","url":"https:\/\/www.krafthand.de\/truck\/artikel\/winkler-mietet-neues-zentrallager-in-langenau-bei-ulm-38334\/","name":"Winkler mietet neues Zentrallager in Langenau bei Ulm - Krafthand-Truck","isPartOf":{"@id":"https:\/\/www.krafthand.de\/truck\/#website"},"primaryImageOfPage":{"@id":"https:\/\/www.krafthand.de\/truck\/artikel\/winkler-mietet-neues-zentrallager-in-langenau-bei-ulm-38334\/#primaryimage"},"image":{"@id":"https:\/\/www.krafthand.de\/truck\/artikel\/winkler-mietet-neues-zentrallager-in-langenau-bei-ulm-38334\/#primaryimage"},"thumbnailUrl":"https:\/\/static.krafthand-truck.de\/uploads\/2023\/12\/Winkler_Hochregallager_Ulm.jpg","datePublished":"2023-12-18T07:36:20+00:00","author":{"@id":"https:\/\/www.krafthand.de\/truck\/#\/schema\/person\/51fa80b1c57034c4bf63f9f988fc24ce"},"description":"Der Lkw-Teilespezialist Winkler im November 2023 einen Mietvertag mit der Dietz AG als Investor f\u00fcr ein neues Zentrallager abgeschlossen.","breadcrumb":{"@id":"https:\/\/www.krafthand.de\/truck\/artikel\/winkler-mietet-neues-zentrallager-in-langenau-bei-ulm-38334\/#breadcrumb"},"inLanguage":"de","potentialAction":[{"@type":"ReadAction","target":["https:\/\/www.krafthand.de\/truck\/artikel\/winkler-mietet-neues-zentrallager-in-langenau-bei-ulm-38334\/"]}]},{"@type":"ImageObject","inLanguage":"de","@id":"https:\/\/www.krafthand.de\/truck\/artikel\/winkler-mietet-neues-zentrallager-in-langenau-bei-ulm-38334\/#primaryimage","url":"https:\/\/static.krafthand-truck.de\/uploads\/2023\/12\/Winkler_Hochregallager_Ulm.jpg","contentUrl":"https:\/\/static.krafthand-truck.de\/uploads\/2023\/12\/Winkler_Hochregallager_Ulm.jpg","width":1200,"height":723},{"@type":"BreadcrumbList","@id":"https:\/\/www.krafthand.de\/truck\/artikel\/winkler-mietet-neues-zentrallager-in-langenau-bei-ulm-38334\/#breadcrumb","itemListElement":[{"@type":"ListItem","position":1,"name":"Krafthand-Truck","item":"https:\/\/www.krafthand.de\/truck\/"},{"@type":"ListItem","position":2,"name":"Nfz-Service","item":"https:\/\/www.krafthand.de\/truck\/kategorie\/nfz-service\/"},{"@type":"ListItem","position":3,"name":"Ersatzteile\/Zubeh\u00f6r","item":"https:\/\/www.krafthand.de\/truck\/kategorie\/nfz-service\/ersatzteile-zubehoer\/"},{"@type":"ListItem","position":4,"name":"Winkler mietet neues Zentrallager in Langenau bei Ulm"}]},{"@type":"WebSite","@id":"https:\/\/www.krafthand.de\/truck\/#website","url":"https:\/\/www.krafthand.de\/truck\/","name":"Krafthand-Truck","description":"","potentialAction":[{"@type":"SearchAction","target":{"@type":"EntryPoint","urlTemplate":"https:\/\/www.krafthand.de\/truck\/?s={search_term_string}"},"query-input":{"@type":"PropertyValueSpecification","valueRequired":true,"valueName":"search_term_string"}}],"inLanguage":"de"},{"@type":"Person","@id":"https:\/\/www.krafthand.de\/truck\/#\/schema\/person\/51fa80b1c57034c4bf63f9f988fc24ce","name":"georg.blenk@krafthand-medien.de","image":{"@type":"ImageObject","inLanguage":"de","@id":"https:\/\/secure.gravatar.com\/avatar\/93713c30affe0aa95d3a4130e499bb1abee2eb31adbdd9ce2aa1543538490215?s=96&d=mm&r=g","url":"https:\/\/secure.gravatar.com\/avatar\/93713c30affe0aa95d3a4130e499bb1abee2eb31adbdd9ce2aa1543538490215?s=96&d=mm&r=g","contentUrl":"https:\/\/secure.gravatar.com\/avatar\/93713c30affe0aa95d3a4130e499bb1abee2eb31adbdd9ce2aa1543538490215?s=96&d=mm&r=g","caption":"georg.blenk@krafthand-medien.de"}}]}},"_links":{"self":[{"href":"https:\/\/www.krafthand.de\/truck\/wp-json\/wp\/v2\/posts\/38334","targetHints":{"allow":["GET"]}}],"collection":[{"href":"https:\/\/www.krafthand.de\/truck\/wp-json\/wp\/v2\/posts"}],"about":[{"href":"https:\/\/www.krafthand.de\/truck\/wp-json\/wp\/v2\/types\/post"}],"author":[{"embeddable":true,"href":"https:\/\/www.krafthand.de\/truck\/wp-json\/wp\/v2\/users\/9"}],"replies":[{"embeddable":true,"href":"https:\/\/www.krafthand.de\/truck\/wp-json\/wp\/v2\/comments?post=38334"}],"version-history":[{"count":6,"href":"https:\/\/www.krafthand.de\/truck\/wp-json\/wp\/v2\/posts\/38334\/revisions"}],"predecessor-version":[{"id":38341,"href":"https:\/\/www.krafthand.de\/truck\/wp-json\/wp\/v2\/posts\/38334\/revisions\/38341"}],"wp:featuredmedia":[{"embeddable":true,"href":"https:\/\/www.krafthand.de\/truck\/wp-json\/wp\/v2\/media\/38340"}],"wp:attachment":[{"href":"https:\/\/www.krafthand.de\/truck\/wp-json\/wp\/v2\/media?parent=38334"}],"wp:term":[{"taxonomy":"category","embeddable":true,"href":"https:\/\/www.krafthand.de\/truck\/wp-json\/wp\/v2\/categories?post=38334"},{"taxonomy":"post_tag","embeddable":true,"href":"https:\/\/www.krafthand.de\/truck\/wp-json\/wp\/v2\/tags?post=38334"},{"taxonomy":"settings","embeddable":true,"href":"https:\/\/www.krafthand.de\/truck\/wp-json\/wp\/v2\/settings?post=38334"}],"curies":[{"name":"wp","href":"https:\/\/api.w.org\/{rel}","templated":true}]}}