{"id":38221,"date":"2023-12-04T17:50:32","date_gmt":"2023-12-04T16:50:32","guid":{"rendered":"https:\/\/www.krafthand.de\/truck\/?p=38221"},"modified":"2023-12-05T07:32:24","modified_gmt":"2023-12-05T06:32:24","slug":"runderneuerung-azur-erhaelt-europaeischen-transportpreis-fuer-nachhaltigkeit","status":"publish","type":"post","link":"https:\/\/www.krafthand.de\/truck\/artikel\/runderneuerung-azur-erhaelt-europaeischen-transportpreis-fuer-nachhaltigkeit-38221\/","title":{"rendered":"Runderneuerung: AZuR erh\u00e4lt Europ\u00e4ischen Transportpreis f\u00fcr Nachhaltigkeit"},"content":{"rendered":"<p>Die Allianz Zukunft Reifen (AZuR) hat den Europ\u00e4ischen Transportpreis f\u00fcr Nachhaltigkeit 2024 in der Kategorie Reifen und Reifen-Peripherie erhalten. Ausgezeichnet wurde die AZuR-Studie zur positiven \u00d6kobilanz der Runderneuerung. Nach der vom <a href=\"https:\/\/www.umsicht.fraunhofer.de\" target=\"_blank\" rel=\"noopener\">Fraunhofer-Institut UMSICHT<\/a> durchgef\u00fchrten Studie, die von der DBU gef\u00f6rdert wurde, spart die Runderneuerung im Vergleich zur Neureifenherstellung rund zwei Drittel der Rohstoffe, \u00fcber 60 Prozent CO2-Emissionen und 50 Prozent Energie. <a href=\"https:\/\/azur-netzwerk.de\" target=\"_blank\" rel=\"noopener\">AZuR-Netzwerk<\/a>-Koordinatorin Christina Guth, die den Preis in M\u00fcnchen pers\u00f6nlich entgegennahm, freute sich, mit der Studie \u201eeinen wichtigen Beitrag zur \u00f6kologischen Transformation des Transportwesens\u201c geleistet zu haben. Zu den Preistr\u00e4gern geh\u00f6ren u.a. auch Daimler Truck, Volvo Truck, Iveco Magirus und Scania Deutschland.<\/p>\n<h4>Die Reifen-Runderneuerung spart j\u00e4hrlich \u00fcber 100.000 Tonnen CO2<\/h4>\n<p>Runderneuerte Markenreifen f\u00fcr Lkw und Nutzfahrzeuge bieten bei klaren \u00f6kologischen Vorteilen dieselbe Qualit\u00e4t, Sicherheit und Laufleistung wie vergleichbare Neureifen. Die verf\u00fcgbaren Profilvarianten decken alle typischen Einsatzbereiche und Achspositionen ab. In der CO2-Bilanz der pr\u00e4mierten AZuR-Studie schneiden runderneuerte Reifen in der Fertigung deutlich besser ab als qualitativ vergleichbare, hochwertige Neureifen. Ein runderneuerter Lkw-Reifen verursacht im Durchschnitt rund 135 kg weniger CO2-Emissionen als ein Lkw-Neureifen. 2021 konnten durch Runderneuerte in Deutschland rund 114.000 Tonnen CO2-Emissionen eingespart werden.<br \/>\nDer \u00f6kologische Vorsprung der Runderneuerung steigt durch die Betrachtung der im Fertigungsprozess gesparten Energie (rund 50 Prozent Strom\/Gas) in Relation zur Neureifenherstellung. 2021 konnten mit der Runderneuerung in Deutschland \u00fcber 14,1 Millionen kWh Strom und rund 46,9 Millionen kWh Gas gespart werden. Au\u00dferdem vermeidet die Runderneuerung j\u00e4hrlich hunderttausende Tonnen Abf\u00e4lle und schont nat\u00fcrliche Ressourcen. Runderneuerte Lkw-Reifen sind zudem in der Anschaffung um bis zu 30 Prozent g\u00fcnstiger.<\/p>\n<h4>Runderneuerte erf\u00fcllen h\u00f6chste Sicherheits- und Qualit\u00e4tsstandards<\/h4>\n<p>In Europa <a href=\"https:\/\/www.krafthand.de\/truck\/artikel\/runderneuerung-4-0-das-verantwortungsbewusstsein-muss-zunehmen-37943\/\" target=\"_blank\" rel=\"noopener\">runderneuerte Lkw-Reifen<\/a> durchlaufen zahlreiche Sicherheits- und Qualit\u00e4tskontrollen und erf\u00fcllen die hohen Anforderungen der ECE R109. Die konkurrenzf\u00e4hige Performance, die Runderneuerte auf die Stra\u00dfe bringen, wird durch konsequente Forschung und Weiterentwicklung von AZuR-Partnern aus Industrie und Wissenschaft laufend gesteigert. F\u00fcr die Erneuerung der Lauffl\u00e4chen kommen Gummimischungen hoher Qualit\u00e4t zum Einsatz, die f\u00fcr die saisonale Reifennutzung (Winter, Sommer etc.) optimiert sind. Die Lauffl\u00e4chenprofile runderneuerter Lkw-Reifen entsprechen denen von Neureifen.<br \/>\nF\u00fcr die Allianz Zukunft Reifen (AZuR) ist die Runderneuerung deshalb auch die wichtigste S\u00e4ule einer nachhaltigen Reifen-Kreislaufwirtschaft. Mit dem Einsatz runderneuerter Markenreifen f\u00fcr Lkw und andere Nutzfahrzeuge k\u00f6nnen Speditionen, Transport- und Logistik-Unternehmen aus Sicht von Christina Guth <em>\u201eihren \u00f6kologischen Fu\u00dfabdruck minimieren, einen wichtigen Beitrag zum Klima- und Umweltschutz leisten und neben Klima und Ressourcen auch die Firmenkasse schonen \u2013 ohne Einbu\u00dfen bei Qualit\u00e4t, Sicherheit und Laufleistung.\u201c<\/em><\/p>\n<h4>Wichtiger Beitrag zur \u00f6kologischen Transformation der Mobilit\u00e4t<\/h4>\n<p>Das Thema <a href=\"https:\/\/www.krafthand.de\/truck\/artikel\/das-grosse-ganze-nachhaltiges-handeln-ist-der-schluessel-zum-erfolg-37265\/\" target=\"_blank\" rel=\"noopener\">\u201enachhaltiger Transport\u201c<\/a> wird aus volkswirtschaftlicher und \u00f6kologischer Sicht immer wichtiger. Der Europ\u00e4ische Transportpreis f\u00fcr Nachhaltigkeit wurde in diesem Jahr bereits zum siebten Mal verliehen. Er best\u00e4rkt Unternehmen aus der Nutzfahrzeugbranche im nachhaltigen Handeln und unterst\u00fctzt deren Strategien in diesem Bereich.<\/p>\n<p>Zu den Preistr\u00e4gern des Europ\u00e4ischen Transportpreis f\u00fcr Nachhaltigkeit 2024, die von einer von einer Jury des Fachmagazins Transport auserkoren wurden, geh\u00f6ren auch K\u00f6gel Trailer, VOLVO TRUCKS, Scania Deutschland, Daimler Truck, ThermoKing &amp; BPW Bergische Achsen, Ludwig Meyer, ECOOLTEC Grosskopf, DAF Trucks, Schmitz Cargobull, allsafe, Krone, Iveco Magirus und Schmitz Cargobull.<\/p>\n","protected":false},"excerpt":{"rendered":"<p>Die Allianz Zukunft Reifen (AZuR) hat den Europ\u00e4ischen Transportpreis f\u00fcr Nachhaltigkeit 2024 in der Kategorie Reifen und Reifen-Peripherie erhalten. Ausgezeichnet wurde die AZuR-Studie zur positiven \u00d6kobilanz der Runderneuerung. <span class=\"excerpt-more__dots\">&#8230;<\/span> <a class=\"excerpt-more__link\" href=\"https:\/\/www.krafthand.de\/truck\/artikel\/runderneuerung-azur-erhaelt-europaeischen-transportpreis-fuer-nachhaltigkeit-38221\/\" >weiter<\/a><\/p>\n","protected":false},"author":9,"featured_media":38226,"comment_status":"closed","ping_status":"closed","sticky":false,"template":"","format":"standard","meta":{"footnotes":""},"categories":[4227,4237,4245],"tags":[5197,4854,99,298],"settings":[],"class_list":["post-38221","post","type-post","status-publish","format-standard","has-post-thumbnail","hentry","category-rad-reifen-bremse","category-studien","category-verbaende","tag-azur","tag-fraunhofer","tag-reifen","tag-runderneuerung"],"yoast_head":"<!-- This site is optimized with the Yoast SEO plugin v27.3 - https:\/\/yoast.com\/product\/yoast-seo-wordpress\/ -->\n<title>Runderneuerung: AZuR erh\u00e4lt Europ\u00e4ischen Transportpreis f\u00fcr Nachhaltigkeit - Krafthand-Truck<\/title>\n<meta name=\"description\" content=\"AZuR hat den Europ\u00e4ischen Transportpreis f\u00fcr Nachhaltigkeit 2024 in der Kategorie Reifen und Reifen-Peripherie erhalten.\" \/>\n<meta name=\"robots\" content=\"index, follow, max-snippet:-1, max-image-preview:large, max-video-preview:-1\" \/>\n<link rel=\"canonical\" href=\"https:\/\/www.krafthand.de\/truck\/artikel\/runderneuerung-azur-erhaelt-europaeischen-transportpreis-fuer-nachhaltigkeit-38221\/\" \/>\n<meta property=\"og:locale\" content=\"de_DE\" \/>\n<meta property=\"og:type\" content=\"article\" \/>\n<meta property=\"og:title\" content=\"Runderneuerung: AZuR erh\u00e4lt Europ\u00e4ischen Transportpreis f\u00fcr Nachhaltigkeit - Krafthand-Truck\" \/>\n<meta property=\"og:description\" content=\"AZuR hat den Europ\u00e4ischen Transportpreis f\u00fcr Nachhaltigkeit 2024 in der Kategorie Reifen und Reifen-Peripherie erhalten.\" \/>\n<meta property=\"og:url\" content=\"https:\/\/www.krafthand-truck.de\/artikel\/runderneuerung-azur-erhaelt-europaeischen-transportpreis-fuer-nachhaltigkeit-38221\/\" \/>\n<meta property=\"og:site_name\" content=\"Krafthand-Truck\" \/>\n<meta property=\"article:published_time\" content=\"2023-12-04T16:50:32+00:00\" \/>\n<meta property=\"article:modified_time\" content=\"2023-12-05T06:32:24+00:00\" \/>\n<meta property=\"og:image\" content=\"https:\/\/static.krafthand-truck.de\/uploads\/2023\/12\/AzuR_Transportpreis-Nachhaltigkeit_Guth_Ihle.jpg\" \/>\n\t<meta property=\"og:image:width\" content=\"1200\" \/>\n\t<meta property=\"og:image:height\" content=\"817\" \/>\n\t<meta property=\"og:image:type\" content=\"image\/jpeg\" \/>\n<meta name=\"author\" content=\"georg.blenk@krafthand-medien.de\" \/>\n<meta name=\"twitter:card\" content=\"summary_large_image\" \/>\n<meta name=\"twitter:label1\" content=\"Verfasst von\" \/>\n\t<meta name=\"twitter:data1\" content=\"georg.blenk@krafthand-medien.de\" \/>\n\t<meta name=\"twitter:label2\" content=\"Gesch\u00e4tzte Lesezeit\" \/>\n\t<meta name=\"twitter:data2\" content=\"3\u00a0Minuten\" \/>\n<script type=\"application\/ld+json\" class=\"yoast-schema-graph\">{\"@context\":\"https:\\\/\\\/schema.org\",\"@graph\":[{\"@type\":\"Article\",\"@id\":\"https:\\\/\\\/www.krafthand.de\\\/truck\\\/artikel\\\/runderneuerung-azur-erhaelt-europaeischen-transportpreis-fuer-nachhaltigkeit-38221\\\/#article\",\"isPartOf\":{\"@id\":\"https:\\\/\\\/www.krafthand.de\\\/truck\\\/artikel\\\/runderneuerung-azur-erhaelt-europaeischen-transportpreis-fuer-nachhaltigkeit-38221\\\/\"},\"author\":{\"name\":\"georg.blenk@krafthand-medien.de\",\"@id\":\"https:\\\/\\\/www.krafthand.de\\\/truck\\\/#\\\/schema\\\/person\\\/51fa80b1c57034c4bf63f9f988fc24ce\"},\"headline\":\"Runderneuerung: AZuR erh\u00e4lt Europ\u00e4ischen Transportpreis f\u00fcr Nachhaltigkeit\",\"datePublished\":\"2023-12-04T16:50:32+00:00\",\"dateModified\":\"2023-12-05T06:32:24+00:00\",\"mainEntityOfPage\":{\"@id\":\"https:\\\/\\\/www.krafthand.de\\\/truck\\\/artikel\\\/runderneuerung-azur-erhaelt-europaeischen-transportpreis-fuer-nachhaltigkeit-38221\\\/\"},\"wordCount\":541,\"image\":{\"@id\":\"https:\\\/\\\/www.krafthand.de\\\/truck\\\/artikel\\\/runderneuerung-azur-erhaelt-europaeischen-transportpreis-fuer-nachhaltigkeit-38221\\\/#primaryimage\"},\"thumbnailUrl\":\"https:\\\/\\\/static.krafthand-truck.de\\\/uploads\\\/2023\\\/12\\\/AzuR_Transportpreis-Nachhaltigkeit_Guth_Ihle.jpg\",\"keywords\":[\"AzuR\",\"Fraunhofer\",\"Reifen\",\"Runderneuerung\"],\"articleSection\":[\"Rad\\\/Reifen\\\/Bremse\",\"Studien\\\/F+E\",\"Verb\u00e4nde\\\/Politik\\\/Recht\"],\"inLanguage\":\"de\"},{\"@type\":\"WebPage\",\"@id\":\"https:\\\/\\\/www.krafthand.de\\\/truck\\\/artikel\\\/runderneuerung-azur-erhaelt-europaeischen-transportpreis-fuer-nachhaltigkeit-38221\\\/\",\"url\":\"https:\\\/\\\/www.krafthand.de\\\/truck\\\/artikel\\\/runderneuerung-azur-erhaelt-europaeischen-transportpreis-fuer-nachhaltigkeit-38221\\\/\",\"name\":\"Runderneuerung: AZuR erh\u00e4lt Europ\u00e4ischen Transportpreis f\u00fcr Nachhaltigkeit - Krafthand-Truck\",\"isPartOf\":{\"@id\":\"https:\\\/\\\/www.krafthand.de\\\/truck\\\/#website\"},\"primaryImageOfPage\":{\"@id\":\"https:\\\/\\\/www.krafthand.de\\\/truck\\\/artikel\\\/runderneuerung-azur-erhaelt-europaeischen-transportpreis-fuer-nachhaltigkeit-38221\\\/#primaryimage\"},\"image\":{\"@id\":\"https:\\\/\\\/www.krafthand.de\\\/truck\\\/artikel\\\/runderneuerung-azur-erhaelt-europaeischen-transportpreis-fuer-nachhaltigkeit-38221\\\/#primaryimage\"},\"thumbnailUrl\":\"https:\\\/\\\/static.krafthand-truck.de\\\/uploads\\\/2023\\\/12\\\/AzuR_Transportpreis-Nachhaltigkeit_Guth_Ihle.jpg\",\"datePublished\":\"2023-12-04T16:50:32+00:00\",\"dateModified\":\"2023-12-05T06:32:24+00:00\",\"author\":{\"@id\":\"https:\\\/\\\/www.krafthand.de\\\/truck\\\/#\\\/schema\\\/person\\\/51fa80b1c57034c4bf63f9f988fc24ce\"},\"description\":\"AZuR hat den Europ\u00e4ischen Transportpreis f\u00fcr Nachhaltigkeit 2024 in der Kategorie Reifen und Reifen-Peripherie erhalten.\",\"breadcrumb\":{\"@id\":\"https:\\\/\\\/www.krafthand.de\\\/truck\\\/artikel\\\/runderneuerung-azur-erhaelt-europaeischen-transportpreis-fuer-nachhaltigkeit-38221\\\/#breadcrumb\"},\"inLanguage\":\"de\",\"potentialAction\":[{\"@type\":\"ReadAction\",\"target\":[\"https:\\\/\\\/www.krafthand.de\\\/truck\\\/artikel\\\/runderneuerung-azur-erhaelt-europaeischen-transportpreis-fuer-nachhaltigkeit-38221\\\/\"]}]},{\"@type\":\"ImageObject\",\"inLanguage\":\"de\",\"@id\":\"https:\\\/\\\/www.krafthand.de\\\/truck\\\/artikel\\\/runderneuerung-azur-erhaelt-europaeischen-transportpreis-fuer-nachhaltigkeit-38221\\\/#primaryimage\",\"url\":\"https:\\\/\\\/static.krafthand-truck.de\\\/uploads\\\/2023\\\/12\\\/AzuR_Transportpreis-Nachhaltigkeit_Guth_Ihle.jpg\",\"contentUrl\":\"https:\\\/\\\/static.krafthand-truck.de\\\/uploads\\\/2023\\\/12\\\/AzuR_Transportpreis-Nachhaltigkeit_Guth_Ihle.jpg\",\"width\":1200,\"height\":817},{\"@type\":\"BreadcrumbList\",\"@id\":\"https:\\\/\\\/www.krafthand.de\\\/truck\\\/artikel\\\/runderneuerung-azur-erhaelt-europaeischen-transportpreis-fuer-nachhaltigkeit-38221\\\/#breadcrumb\",\"itemListElement\":[{\"@type\":\"ListItem\",\"position\":1,\"name\":\"Krafthand-Truck\",\"item\":\"https:\\\/\\\/www.krafthand.de\\\/truck\\\/\"},{\"@type\":\"ListItem\",\"position\":2,\"name\":\"Nfz-Branche\",\"item\":\"https:\\\/\\\/www.krafthand.de\\\/truck\\\/kategorie\\\/branche\\\/\"},{\"@type\":\"ListItem\",\"position\":3,\"name\":\"Verb\u00e4nde\\\/Politik\\\/Recht\",\"item\":\"https:\\\/\\\/www.krafthand.de\\\/truck\\\/kategorie\\\/branche\\\/verbaende\\\/\"},{\"@type\":\"ListItem\",\"position\":4,\"name\":\"Runderneuerung: AZuR erh\u00e4lt Europ\u00e4ischen Transportpreis f\u00fcr Nachhaltigkeit\"}]},{\"@type\":\"WebSite\",\"@id\":\"https:\\\/\\\/www.krafthand.de\\\/truck\\\/#website\",\"url\":\"https:\\\/\\\/www.krafthand.de\\\/truck\\\/\",\"name\":\"Krafthand-Truck\",\"description\":\"\",\"potentialAction\":[{\"@type\":\"SearchAction\",\"target\":{\"@type\":\"EntryPoint\",\"urlTemplate\":\"https:\\\/\\\/www.krafthand.de\\\/truck\\\/?s={search_term_string}\"},\"query-input\":{\"@type\":\"PropertyValueSpecification\",\"valueRequired\":true,\"valueName\":\"search_term_string\"}}],\"inLanguage\":\"de\"},{\"@type\":\"Person\",\"@id\":\"https:\\\/\\\/www.krafthand.de\\\/truck\\\/#\\\/schema\\\/person\\\/51fa80b1c57034c4bf63f9f988fc24ce\",\"name\":\"georg.blenk@krafthand-medien.de\",\"image\":{\"@type\":\"ImageObject\",\"inLanguage\":\"de\",\"@id\":\"https:\\\/\\\/secure.gravatar.com\\\/avatar\\\/93713c30affe0aa95d3a4130e499bb1abee2eb31adbdd9ce2aa1543538490215?s=96&d=mm&r=g\",\"url\":\"https:\\\/\\\/secure.gravatar.com\\\/avatar\\\/93713c30affe0aa95d3a4130e499bb1abee2eb31adbdd9ce2aa1543538490215?s=96&d=mm&r=g\",\"contentUrl\":\"https:\\\/\\\/secure.gravatar.com\\\/avatar\\\/93713c30affe0aa95d3a4130e499bb1abee2eb31adbdd9ce2aa1543538490215?s=96&d=mm&r=g\",\"caption\":\"georg.blenk@krafthand-medien.de\"}}]}<\/script>\n<!-- \/ Yoast SEO plugin. -->","yoast_head_json":{"title":"Runderneuerung: AZuR erh\u00e4lt Europ\u00e4ischen Transportpreis f\u00fcr Nachhaltigkeit - Krafthand-Truck","description":"AZuR hat den Europ\u00e4ischen Transportpreis f\u00fcr Nachhaltigkeit 2024 in der Kategorie Reifen und Reifen-Peripherie erhalten.","robots":{"index":"index","follow":"follow","max-snippet":"max-snippet:-1","max-image-preview":"max-image-preview:large","max-video-preview":"max-video-preview:-1"},"canonical":"https:\/\/www.krafthand.de\/truck\/artikel\/runderneuerung-azur-erhaelt-europaeischen-transportpreis-fuer-nachhaltigkeit-38221\/","og_locale":"de_DE","og_type":"article","og_title":"Runderneuerung: AZuR erh\u00e4lt Europ\u00e4ischen Transportpreis f\u00fcr Nachhaltigkeit - Krafthand-Truck","og_description":"AZuR hat den Europ\u00e4ischen Transportpreis f\u00fcr Nachhaltigkeit 2024 in der Kategorie Reifen und Reifen-Peripherie erhalten.","og_url":"https:\/\/www.krafthand-truck.de\/artikel\/runderneuerung-azur-erhaelt-europaeischen-transportpreis-fuer-nachhaltigkeit-38221\/","og_site_name":"Krafthand-Truck","article_published_time":"2023-12-04T16:50:32+00:00","article_modified_time":"2023-12-05T06:32:24+00:00","og_image":[{"width":1200,"height":817,"url":"https:\/\/static.krafthand-truck.de\/uploads\/2023\/12\/AzuR_Transportpreis-Nachhaltigkeit_Guth_Ihle.jpg","type":"image\/jpeg"}],"author":"georg.blenk@krafthand-medien.de","twitter_card":"summary_large_image","twitter_misc":{"Verfasst von":"georg.blenk@krafthand-medien.de","Gesch\u00e4tzte Lesezeit":"3\u00a0Minuten"},"schema":{"@context":"https:\/\/schema.org","@graph":[{"@type":"Article","@id":"https:\/\/www.krafthand.de\/truck\/artikel\/runderneuerung-azur-erhaelt-europaeischen-transportpreis-fuer-nachhaltigkeit-38221\/#article","isPartOf":{"@id":"https:\/\/www.krafthand.de\/truck\/artikel\/runderneuerung-azur-erhaelt-europaeischen-transportpreis-fuer-nachhaltigkeit-38221\/"},"author":{"name":"georg.blenk@krafthand-medien.de","@id":"https:\/\/www.krafthand.de\/truck\/#\/schema\/person\/51fa80b1c57034c4bf63f9f988fc24ce"},"headline":"Runderneuerung: AZuR erh\u00e4lt Europ\u00e4ischen Transportpreis f\u00fcr Nachhaltigkeit","datePublished":"2023-12-04T16:50:32+00:00","dateModified":"2023-12-05T06:32:24+00:00","mainEntityOfPage":{"@id":"https:\/\/www.krafthand.de\/truck\/artikel\/runderneuerung-azur-erhaelt-europaeischen-transportpreis-fuer-nachhaltigkeit-38221\/"},"wordCount":541,"image":{"@id":"https:\/\/www.krafthand.de\/truck\/artikel\/runderneuerung-azur-erhaelt-europaeischen-transportpreis-fuer-nachhaltigkeit-38221\/#primaryimage"},"thumbnailUrl":"https:\/\/static.krafthand-truck.de\/uploads\/2023\/12\/AzuR_Transportpreis-Nachhaltigkeit_Guth_Ihle.jpg","keywords":["AzuR","Fraunhofer","Reifen","Runderneuerung"],"articleSection":["Rad\/Reifen\/Bremse","Studien\/F+E","Verb\u00e4nde\/Politik\/Recht"],"inLanguage":"de"},{"@type":"WebPage","@id":"https:\/\/www.krafthand.de\/truck\/artikel\/runderneuerung-azur-erhaelt-europaeischen-transportpreis-fuer-nachhaltigkeit-38221\/","url":"https:\/\/www.krafthand.de\/truck\/artikel\/runderneuerung-azur-erhaelt-europaeischen-transportpreis-fuer-nachhaltigkeit-38221\/","name":"Runderneuerung: AZuR erh\u00e4lt Europ\u00e4ischen Transportpreis f\u00fcr Nachhaltigkeit - Krafthand-Truck","isPartOf":{"@id":"https:\/\/www.krafthand.de\/truck\/#website"},"primaryImageOfPage":{"@id":"https:\/\/www.krafthand.de\/truck\/artikel\/runderneuerung-azur-erhaelt-europaeischen-transportpreis-fuer-nachhaltigkeit-38221\/#primaryimage"},"image":{"@id":"https:\/\/www.krafthand.de\/truck\/artikel\/runderneuerung-azur-erhaelt-europaeischen-transportpreis-fuer-nachhaltigkeit-38221\/#primaryimage"},"thumbnailUrl":"https:\/\/static.krafthand-truck.de\/uploads\/2023\/12\/AzuR_Transportpreis-Nachhaltigkeit_Guth_Ihle.jpg","datePublished":"2023-12-04T16:50:32+00:00","dateModified":"2023-12-05T06:32:24+00:00","author":{"@id":"https:\/\/www.krafthand.de\/truck\/#\/schema\/person\/51fa80b1c57034c4bf63f9f988fc24ce"},"description":"AZuR hat den Europ\u00e4ischen Transportpreis f\u00fcr Nachhaltigkeit 2024 in der Kategorie Reifen und Reifen-Peripherie erhalten.","breadcrumb":{"@id":"https:\/\/www.krafthand.de\/truck\/artikel\/runderneuerung-azur-erhaelt-europaeischen-transportpreis-fuer-nachhaltigkeit-38221\/#breadcrumb"},"inLanguage":"de","potentialAction":[{"@type":"ReadAction","target":["https:\/\/www.krafthand.de\/truck\/artikel\/runderneuerung-azur-erhaelt-europaeischen-transportpreis-fuer-nachhaltigkeit-38221\/"]}]},{"@type":"ImageObject","inLanguage":"de","@id":"https:\/\/www.krafthand.de\/truck\/artikel\/runderneuerung-azur-erhaelt-europaeischen-transportpreis-fuer-nachhaltigkeit-38221\/#primaryimage","url":"https:\/\/static.krafthand-truck.de\/uploads\/2023\/12\/AzuR_Transportpreis-Nachhaltigkeit_Guth_Ihle.jpg","contentUrl":"https:\/\/static.krafthand-truck.de\/uploads\/2023\/12\/AzuR_Transportpreis-Nachhaltigkeit_Guth_Ihle.jpg","width":1200,"height":817},{"@type":"BreadcrumbList","@id":"https:\/\/www.krafthand.de\/truck\/artikel\/runderneuerung-azur-erhaelt-europaeischen-transportpreis-fuer-nachhaltigkeit-38221\/#breadcrumb","itemListElement":[{"@type":"ListItem","position":1,"name":"Krafthand-Truck","item":"https:\/\/www.krafthand.de\/truck\/"},{"@type":"ListItem","position":2,"name":"Nfz-Branche","item":"https:\/\/www.krafthand.de\/truck\/kategorie\/branche\/"},{"@type":"ListItem","position":3,"name":"Verb\u00e4nde\/Politik\/Recht","item":"https:\/\/www.krafthand.de\/truck\/kategorie\/branche\/verbaende\/"},{"@type":"ListItem","position":4,"name":"Runderneuerung: AZuR erh\u00e4lt Europ\u00e4ischen Transportpreis f\u00fcr Nachhaltigkeit"}]},{"@type":"WebSite","@id":"https:\/\/www.krafthand.de\/truck\/#website","url":"https:\/\/www.krafthand.de\/truck\/","name":"Krafthand-Truck","description":"","potentialAction":[{"@type":"SearchAction","target":{"@type":"EntryPoint","urlTemplate":"https:\/\/www.krafthand.de\/truck\/?s={search_term_string}"},"query-input":{"@type":"PropertyValueSpecification","valueRequired":true,"valueName":"search_term_string"}}],"inLanguage":"de"},{"@type":"Person","@id":"https:\/\/www.krafthand.de\/truck\/#\/schema\/person\/51fa80b1c57034c4bf63f9f988fc24ce","name":"georg.blenk@krafthand-medien.de","image":{"@type":"ImageObject","inLanguage":"de","@id":"https:\/\/secure.gravatar.com\/avatar\/93713c30affe0aa95d3a4130e499bb1abee2eb31adbdd9ce2aa1543538490215?s=96&d=mm&r=g","url":"https:\/\/secure.gravatar.com\/avatar\/93713c30affe0aa95d3a4130e499bb1abee2eb31adbdd9ce2aa1543538490215?s=96&d=mm&r=g","contentUrl":"https:\/\/secure.gravatar.com\/avatar\/93713c30affe0aa95d3a4130e499bb1abee2eb31adbdd9ce2aa1543538490215?s=96&d=mm&r=g","caption":"georg.blenk@krafthand-medien.de"}}]}},"_links":{"self":[{"href":"https:\/\/www.krafthand.de\/truck\/wp-json\/wp\/v2\/posts\/38221","targetHints":{"allow":["GET"]}}],"collection":[{"href":"https:\/\/www.krafthand.de\/truck\/wp-json\/wp\/v2\/posts"}],"about":[{"href":"https:\/\/www.krafthand.de\/truck\/wp-json\/wp\/v2\/types\/post"}],"author":[{"embeddable":true,"href":"https:\/\/www.krafthand.de\/truck\/wp-json\/wp\/v2\/users\/9"}],"replies":[{"embeddable":true,"href":"https:\/\/www.krafthand.de\/truck\/wp-json\/wp\/v2\/comments?post=38221"}],"version-history":[{"count":9,"href":"https:\/\/www.krafthand.de\/truck\/wp-json\/wp\/v2\/posts\/38221\/revisions"}],"predecessor-version":[{"id":38231,"href":"https:\/\/www.krafthand.de\/truck\/wp-json\/wp\/v2\/posts\/38221\/revisions\/38231"}],"wp:featuredmedia":[{"embeddable":true,"href":"https:\/\/www.krafthand.de\/truck\/wp-json\/wp\/v2\/media\/38226"}],"wp:attachment":[{"href":"https:\/\/www.krafthand.de\/truck\/wp-json\/wp\/v2\/media?parent=38221"}],"wp:term":[{"taxonomy":"category","embeddable":true,"href":"https:\/\/www.krafthand.de\/truck\/wp-json\/wp\/v2\/categories?post=38221"},{"taxonomy":"post_tag","embeddable":true,"href":"https:\/\/www.krafthand.de\/truck\/wp-json\/wp\/v2\/tags?post=38221"},{"taxonomy":"settings","embeddable":true,"href":"https:\/\/www.krafthand.de\/truck\/wp-json\/wp\/v2\/settings?post=38221"}],"curies":[{"name":"wp","href":"https:\/\/api.w.org\/{rel}","templated":true}]}}