{"id":38117,"date":"2023-11-24T11:03:38","date_gmt":"2023-11-24T10:03:38","guid":{"rendered":"https:\/\/www.krafthand.de\/truck\/?p=38117"},"modified":"2023-11-24T11:44:20","modified_gmt":"2023-11-24T10:44:20","slug":"die-lkw-reparatur-wird-dem-werkstattpersonal-mehr-qualifikation-abverlangen","status":"publish","type":"post","link":"https:\/\/www.krafthand.de\/truck\/artikel\/die-lkw-reparatur-wird-dem-werkstattpersonal-mehr-qualifikation-abverlangen-38117\/","title":{"rendered":"\u201eDie Lkw-Reparatur wird dem Werkstattpersonal mehr Qualifikation abverlangen.\u201c"},"content":{"rendered":"<p>Die CARAT-Unternehmensgruppe gilt als eine der gr\u00f6\u00dften deutschen Einkaufskooperationen im Bereich Pkw- und Lkw-Teile. Das Unternehmen bietet seinen Handelspartnern und Werkstattkunden ein Vollsortiment an Ersatzteilen, Diagnoseger\u00e4ten, Werkzeugen, Werkstattausr\u00fcstung, Zubeh\u00f6r, Werkstattchemie und vieles mehr. Eine Vielzahl global agierender Hersteller und Lieferanten geh\u00f6rt zu den Partnern der Einkaufskooperation. Dar\u00fcber hinaus h\u00e4lt die CARAT-Gruppe ein breites Spektrum an Dienstleistungen bereit. Wir haben uns mit Christian Gabler, Gesch\u00e4ftsf\u00fchrer der <a href=\"https:\/\/www.carat-gruppe.de\" target=\"_blank\" rel=\"noopener\">CARAT<\/a> Systementwicklungs- und Marketing GmbH &amp; Co. KG \u00fcber den Lkw-Ersatzteilmarkt, den Wettbewerbsdruck und die zuk\u00fcnftigen Entwicklungen unterhalten.<\/p>\n<p class=\"text-question\">Herr Gabler, Sie verf\u00fcgen \u00fcber eine langj\u00e4hrige Erfahrung im IAM und verantworten seit Juni 2021 die Gesch\u00e4fte der CARAT-Gruppe. Von 2011 bis 2021 waren Sie als Leiter Zentraleinkauf f\u00fcr das Produktportfolio der CARAT verantwortlich. Welche Eigenschaften muss ein guter Eink\u00e4ufer mitbringen?<\/p><p class=\"text-answer\"><\/p>\n<p>Es steht au\u00dfer Frage, dass Eink\u00e4ufer \u00fcber gute Kenntnisse in der Kosten- und Leistungsrechnung sowie dem Controlling verf\u00fcgen sollten. Das Verst\u00e4ndnis f\u00fcr komplexe technische Vorg\u00e4nge und Anlagen ist auch bei der CARAT von Bedeutung. In unserem speziellen Unternehmenskonstrukt ist es jedoch noch viel wichtiger, dass unsere erfolgreichen Einkaufsstrategen Softskills wie Verhandlungsgeschick, Durchsetzungsst\u00e4rke, Kommunikationsf\u00e4higkeit und Intuition vorweisen k\u00f6nnen. Daneben sind die Belastungsf\u00e4higkeit, die soziale Kompetenz sowie die Teamf\u00e4higkeit ebenso wichtige wie notwendige Eigenschaften f\u00fcr den Erfolg unserer Einkaufskooperation.<\/p>\n<blockquote class=\"khm-quote\"><p>\u201eIch bin mir sicher, dass wir den Pkw- und Nfz-Ersatzteilmarkt in den n\u00e4chsten Jahren nicht wiedererkennen werden.\u201c<\/p><\/blockquote>\n<p class=\"text-question\">Wie w\u00fcrden Sie demnach Ihren F\u00fchrungsstil beschreiben?<\/p><p class=\"text-answer\"><\/p>\n<p>Wir sind ein Unternehmen, welches kooperativ gef\u00fchrt wird und gepr\u00e4gt ist von der engen Zusammenarbeit zwischen F\u00fchrungskraft und Team. Entscheidungen werden gemeinsam getroffen \u2013 jeder Mitarbeiter darf seine Meinung \u00e4u\u00dfern, auch konstruktive Kritik ist willkommen. In unseren regelm\u00e4\u00dfigen Meetings diskutieren Mitarbeiter zusammen mit dem F\u00fchrungskreis \u00fcber neue Ideen und Strategien und stimmen gemeinsam dar\u00fcber ab, wie die Ziele und Vorgaben am besten erreicht werden k\u00f6nnen. Diese kollaborative Kultur ist der Schl\u00fcssel zu unserem Erfolg, und wir sind stolz darauf, sie in unserem Unternehmen zu leben.<\/p>\n<p class=\"text-question\">Die CARAT ist Gr\u00fcndungsmitglied der Autodistribution International (ADI), die in der Vergangenheit mit anderen Kooperationen fusionierte. Kann man sagen, dass der internationale Teilemarkt immer weiter zusammenw\u00e4chst?<\/p><p class=\"text-answer\"><\/p>\n<p>Zweifellos, die stetige Konsolidierung im globalen Teilemarkt verdeutlicht die Anpassungsf\u00e4higkeit der Branche an sich \u00e4ndernde Marktbedingungen und die Notwendigkeit, Ressourcen zu b\u00fcndeln und Beschaffungswege zu optimieren, die heute weit \u00fcber die europ\u00e4ischen Grenzen hinaus reichen. In einem Marktsegment, das so volatil und dynamisch ist, ist es f\u00fcr mittelst\u00e4ndische Unternehmen unerl\u00e4sslich, sich st\u00e4ndig anzupassen. Dazu geh\u00f6rt auch, dass Beschaffungs- und Logistikprozesse so effizient wie m\u00f6glich gestaltet werden. Eine Schl\u00fcsselkomponente zur Erreichung dieses Ziels sind internationale Kooperationen. Sie erm\u00f6glichen es Unternehmen, ihre Ressourcen effizienter einzusetzen, wodurch Kosten reduziert und gleichzeitig die Qualit\u00e4t und Effizienz der Prozesse verbessert werden.<\/p>\n<blockquote class=\"khm-quote\"><p> Unternehmen, die sich internationalen Kooperationen anschlie\u00dfen, profitieren von einem geringeren Risiko, Lieferschwierigkeiten zu erleiden, da die Palette an Lieferanten und Logistikpartnern auf internationaler Ebene deutlich gr\u00f6\u00dfer ist. <\/p><\/blockquote>\n<p>Durch die gemeinsame Nutzung von Lager- und Transportkapazit\u00e4ten sowie die B\u00fcndelung von Einkaufsvolumina k\u00f6nnen Unternehmen zudem erhebliche Kosteneinsparungen erzielen. Diese Einsparungen k\u00f6nnen dazu beitragen, die Wettbewerbsf\u00e4higkeit zu steigern und den Endverbrauchern kosteng\u00fcnstigere Produkte anzubieten.<br \/>\nLetztendlich f\u00f6rdert eine internationale Kooperation nicht nur Innovation, sondern er\u00f6ffnet Unternehmen auch den Zugang zu neuen M\u00e4rkten. Durch die Zusammenarbeit mit Partnern in verschiedenen L\u00e4ndern k\u00f6nnen Unternehmen ihre Reichweite erweitern und neue Absatzm\u00f6glichkeiten erschlie\u00dfen. Letztendlich ist die Zusammenarbeit \u00fcber nationale Grenzen hinweg in einer globalisierten Weltwirtschaft der Schl\u00fcssel zum Erfolg.<\/p>\n<div class=\"infobox box-grey\"><\/p>\n<p><figure id=\"attachment_38120\" aria-describedby=\"caption-attachment-38120\" style=\"width: 160px\" class=\"wp-caption alignleft\"><a href=\"https:\/\/static.krafthand-truck.de\/uploads\/2023\/11\/04_2023_005_2-e1700818222281.jpg\" target=\"_blank\" rel=\"noopener\"><img decoding=\"async\" class=\"wp-image-38120\" src=\"https:\/\/static.krafthand-truck.de\/uploads\/2023\/11\/04_2023_005_2-e1700818222281-220x300.jpg\" alt=\"\" width=\"160\" height=\"218\" srcset=\"https:\/\/static.krafthand-truck.de\/uploads\/2023\/11\/04_2023_005_2-e1700818222281-220x300.jpg 220w, https:\/\/static.krafthand-truck.de\/uploads\/2023\/11\/04_2023_005_2-e1700818222281.jpg 586w\" sizes=\"(max-width: 160px) 100vw, 160px\" \/><\/a><figcaption id=\"caption-attachment-38120\" class=\"wp-caption-text\">Christian Gabler. Bild: CARAT<\/figcaption><\/figure><\/p>\n<p>Christian Gabler (53) ist gelernter Betriebswirt (SGD) und seit \u00fcber dreizehn Jahren bei der CARAT. Seit 2011 fungierte er als Einkaufsleiter und Steering-Committee-Mitglied der ADI International. 2018 ist er zum Prokuristen und Leiter im Bereich Category Management und Marketing ernannt worden. Seit 2021 ist er nun als Gesch\u00e4ftsf\u00fchrer der CARAT-Unternehmensgruppe und der Mecanto GmbH t\u00e4tig, einem Tochterunternehmen der CARAT-Gruppe, das mit DRIVEMOTIVE eine Online-Plattform f\u00fcr Fahrzeugservice und Mobilit\u00e4tsdienstleistungen im IAM betreibt. Zus\u00e4tzlich ist Gabler seit 2022 im Beirat der Partslife GmbH. Vor seiner Karriere bei der CARAT war er bei Bridgestone und der Unternehmensberatung Arthur Andersen t\u00e4tig.<\/p>\n<p><\/div>\n<p>&nbsp;<\/p>\n<p class=\"text-question\">Allein in Deutschland hat die CARAT rund 120 Gesellschafter, sprich angeschlossene Teileh\u00e4ndler, mit 550 Standorten. Wie sieht es in \u00d6sterreich oder in der Schweiz aus?<\/p><p class=\"text-answer\"><\/p>\n<p>In der Schweiz haben wir bislang keine Gesellschafter, wollen dorthin aber noch expandieren. Ganz anders sieht das in \u00d6sterreich aus. Zu Beginn des Jahres hat sich die Birner GmbH, der \u00f6sterreichische Marktf\u00fchrer f\u00fcr Kfz-Ersatzteile und Autozubeh\u00f6r, als einer der gr\u00f6\u00dften Gesellschafter innerhalb unserer Unternehmensgruppe der CARAT angeschlossen.<\/p>\n<p class=\"text-question\">\u00dcber das ad-Cargo Zentrallager Castrop-Rauxel und seit Januar 2023 auch \u00fcber den ad-CARGO Standort N\u00fcrnberg\/Hafen beliefert die CARAT deutschlandweit den Teilehandel. Welche Volumina werden t\u00e4glich bewegt und wie lange sind die Lieferzeiten?<\/p><p class=\"text-answer\"><\/p>\n<p>In unserem Logistikzentrum in Castrop-Rauxel bew\u00e4ltigen wir eine Vielzahl an Lieferungen, um jederzeit sicherzustellen, dass die Lieferanforderungen unserer Kunden erf\u00fcllt werden. T\u00e4glich verladen wir etwa zehn Wechselbr\u00fccken-Speditionssendungen, begleitet von Lkw f\u00fcr Direktfahrten mit einer Lieferzeit von 24 Stunden. Dar\u00fcber hinaus bearbeiten wir t\u00e4glich \u00fcber 500 Pakete \u00fcber den GLS-Paketdienst, der Lieferzeiten von 24-48 Stunden bietet. F\u00fcr besonders eilige Sendungen bieten wir unseren Nachtexpress an, bei dem 1.000 bis 1.200 Collis bis sp\u00e4testens 08:00 Uhr am n\u00e4chsten Morgen geliefert werden. Neben diesen Diensten setzen wir auch auf eine Untertagbelieferung mit 12 Touren, bei der die Auslieferung am selben Tag erfolgt. Aus N\u00fcrnberg erreichen die Kunden zus\u00e4tzlich t\u00e4glich 15 Touren mit Anlieferung am selben Tag.<\/p>\n<p class=\"text-question\">Mit der Marke COREXX hat die CARAT eine eigene Truck- und Trailermarke entwickelt. Wie sch\u00e4tzen Sie das Wachstumspotenzial im Bereich Nutzfahrzeuge ein?<\/p><p class=\"text-answer\"><\/p>\n<figure id=\"attachment_38119\" aria-describedby=\"caption-attachment-38119\" style=\"width: 460px\" class=\"wp-caption alignleft\"><a href=\"https:\/\/static.krafthand-truck.de\/uploads\/2023\/11\/04_2023_005_4.jpg\" target=\"_blank\" rel=\"noopener\"><img fetchpriority=\"high\" decoding=\"async\" class=\"wp-image-38119\" src=\"https:\/\/static.krafthand-truck.de\/uploads\/2023\/11\/04_2023_005_4-300x136.jpg\" alt=\"\" width=\"460\" height=\"208\" srcset=\"https:\/\/static.krafthand-truck.de\/uploads\/2023\/11\/04_2023_005_4-300x136.jpg 300w, https:\/\/static.krafthand-truck.de\/uploads\/2023\/11\/04_2023_005_4-1024x464.jpg 1024w, https:\/\/static.krafthand-truck.de\/uploads\/2023\/11\/04_2023_005_4-768x348.jpg 768w, https:\/\/static.krafthand-truck.de\/uploads\/2023\/11\/04_2023_005_4-1320x598.jpg 1320w, https:\/\/static.krafthand-truck.de\/uploads\/2023\/11\/04_2023_005_4.jpg 1400w\" sizes=\"(max-width: 460px) 100vw, 460px\" \/><\/a><figcaption id=\"caption-attachment-38119\" class=\"wp-caption-text\">Unter der Eigenmarke COREXX bietet die CARAT ein umfassendes Portfolio an Lkw-Teilen. Bild: CARAT<\/figcaption><\/figure>\n<p>Die Nutzfahrzeugbranche ist in Bewegung. Permanente technische Ver\u00e4nderungen sowie der Wandel wirtschaftlicher Rahmenbedingungen stellen t\u00e4glich neue Herausforderungen dar und zwingen Akteure zu einem H\u00f6chstma\u00df an Flexibilit\u00e4t und Effizienz. Erfolg hat in diesem dynamischen Umfeld nur der, der mit Blick auf alle Details zuverl\u00e4ssig h\u00f6chste Qualit\u00e4t abliefert. Qualit\u00e4t und Zuverl\u00e4ssigkeit sind auch die verl\u00e4sslichen Gr\u00f6\u00dfen unserer Exklusivmarke <a href=\"https:\/\/corexx.eu\/\" target=\"_blank\" rel=\"noopener\">COREXX<\/a>. Dort, wo es auf High-Performance ankommt, tragen wir mit unserer Verschlei\u00dfteilkompetenz dazu bei, den wirtschaftlichen Erfolg in der Nfz-Werkstatt zu sichern und weiter auszubauen.<br \/>\nEgal, ob herstellergebundene oder freie Werkstatt: Teile des freien Marktes sind nicht nur g\u00fcnstiger als die der Autobauer, sondern k\u00f6nnen von allen Werkst\u00e4tten bezogen und verbaut werden. Das Sortiment unserer Eigenmarke COREXX umfasst neben einer umfangreichen Pkw-Range auch ein sehr breites Portfolio an Nkw-Komponenten aus den Bereichen Bremse, Luftfederb\u00e4lge, Bremszylinder, Druckluftbeh\u00e4lter, Arbeitsscheinwerfer, Wasserpumpen, Wendelleitungen und Ladungssicherung.<\/p>\n<p class=\"text-question\">Nachhaltiges und umweltfreundliches Handeln ist auch im Teilehandel ein zentrales Thema. Gibt es Stellschrauben, an denen Sie drehen?<\/p><p class=\"text-answer\"><\/p>\n<figure id=\"attachment_38121\" aria-describedby=\"caption-attachment-38121\" style=\"width: 420px\" class=\"wp-caption alignright\"><a href=\"https:\/\/static.krafthand-truck.de\/uploads\/2023\/11\/04_2023_005_5.jpg\" target=\"_blank\" rel=\"noopener\"><img decoding=\"async\" class=\"wp-image-38121\" src=\"https:\/\/static.krafthand-truck.de\/uploads\/2023\/11\/04_2023_005_5-300x192.jpg\" alt=\"\" width=\"420\" height=\"269\" srcset=\"https:\/\/static.krafthand-truck.de\/uploads\/2023\/11\/04_2023_005_5-300x192.jpg 300w, https:\/\/static.krafthand-truck.de\/uploads\/2023\/11\/04_2023_005_5-1024x656.jpg 1024w, https:\/\/static.krafthand-truck.de\/uploads\/2023\/11\/04_2023_005_5-768x492.jpg 768w, https:\/\/static.krafthand-truck.de\/uploads\/2023\/11\/04_2023_005_5-1320x846.jpg 1320w, https:\/\/static.krafthand-truck.de\/uploads\/2023\/11\/04_2023_005_5.jpg 1400w\" sizes=\"(max-width: 420px) 100vw, 420px\" \/><\/a><figcaption id=\"caption-attachment-38121\" class=\"wp-caption-text\">Er\u00f6ffnungsfeier des neuen Logistikstandorts am N\u00fcrnberger Hafen im M\u00e4rz 2023: Christian Gabler (l.), und Ralf J\u00f6rke, Mitglied der Gesch\u00e4ftsleitung, Warehousing Solutions Deutschland bei der Rhenus Warehousing Solutions SE &amp; Co. KG. Bild: Georg Blenk<\/figcaption><\/figure>\n<p>In diesem Fr\u00fchjahr haben wir unsere Logistikstandorte erweitert und sind jetzt nicht nur in Castrop-Rauxel, sondern auch in N\u00fcrnberg vertreten. Das spart Treibstoff, Zeit, Betriebskosten und Wege ein \u2013 und somit auch CO2. Unsere Frachten und Touren optimieren wir durch weniger Packst\u00fccke und damit Kartonage trotz gleichbleibender Anzahl an G\u00fctern, aber besserer Auslastung unserer Transportdienstleister. Unsere verantwortungsvolle Arbeitsweise zeigt sich auch in der Wahl unserer Dienstleister: Ausgew\u00e4hlte Partner wie GLS und Dachser, die auf E-Mobilit\u00e4t setzen, wickeln unsere Lieferauftr\u00e4ge ab. Im Lager setzen wir zudem auf rein elektrisch betriebene Flurf\u00f6rderfahrzeuge, die 2024 auf die neueste Technologie umger\u00fcstet werden.<br \/>\nAls Gr\u00fcndungsmitglied der Partslife GmbH setzen wir uns bei der CARAT au\u00dferdem seit Jahren daf\u00fcr ein, Abf\u00e4lle und insbesondere Sonderm\u00fcll fachgerecht zu trennen und zu entsorgen. Im b\u00fcrokratischen Alltag greifen wir f\u00fcr weniger M\u00fcll auf eine \u201abeleglose Logistik\u2018 zur\u00fcck und setzen auf papierlose Warenterminals, E-Mails und Daten\u00fcbertragung. Auch f\u00fcr die Aufbereitung von Paletten und Gitterboxen sind wir uns nicht zu schade: Wir reparieren sie und halten sie f\u00fcr mehr als die sonst \u00fcblichen 5\u20136 Durchl\u00e4ufe in einem wiederverwendbaren Zustand.<\/p>\n<p class=\"text-question\">Der Fachkr\u00e4ftemangel geh\u00f6rt ebenfalls zu den Herausforderungen f\u00fcr den Teilehandel. Um dem entgegenzuwirken, startete die CARAT k\u00fcrzlich eine deutschlandweite Personalmarketing-Kampagne. Gibt es erste Erfolge?<\/p><p class=\"text-answer\"><\/p>\n<p>Wir unterst\u00fctzen unsere Gesellschafter mit weit mehr als nur Konditionen und Ware. Daher war klar: Wir m\u00fcssen L\u00f6sungen im Personal-Recruiting finden, woraufhin wir diese Personalmarketing-Kampagne ins Leben gerufen haben. Die Vielfalt an Positionen, die die CARAT und unsere angeschlossenen Teileh\u00e4ndler bieten, wurde auf einen Blick ersichtlich.<\/p>\n<p>Die \u201a500-Stellen-Kampagne\u2018 war ein voller Erfolg f\u00fcr uns und unsere Gesellschafter. Mit insgesamt 800 Bewerbungen und der erfolgreichen Besetzung einer Vielzahl an offenen Stellen bei unseren Gesellschaftern, k\u00f6nnen wir eine \u00e4u\u00dferst positive Resonanz ziehen.<\/p>\n<p class=\"text-question\">Die CARAT h\u00e4lt mit ad truckdrive und TRUCK SERVICE zwei Werkstattsysteme f\u00fcr Lkw-Betriebe vor. Den (freien) Nfz-Werkst\u00e4tten geben Sie also Werkzeuge an die Hand, um sich wettbewerbs- und zukunftsf\u00e4higer aufzustellen?<\/p><p class=\"text-answer\"><\/p>\n<figure id=\"attachment_38122\" aria-describedby=\"caption-attachment-38122\" style=\"width: 420px\" class=\"wp-caption alignleft\"><a href=\"https:\/\/static.krafthand-truck.de\/uploads\/2023\/11\/04_2023_005_6.jpg\" target=\"_blank\" rel=\"noopener\"><img loading=\"lazy\" decoding=\"async\" class=\"wp-image-38122\" src=\"https:\/\/static.krafthand-truck.de\/uploads\/2023\/11\/04_2023_005_6-300x178.jpg\" alt=\"\" width=\"420\" height=\"250\" srcset=\"https:\/\/static.krafthand-truck.de\/uploads\/2023\/11\/04_2023_005_6-300x178.jpg 300w, https:\/\/static.krafthand-truck.de\/uploads\/2023\/11\/04_2023_005_6-1024x609.jpg 1024w, https:\/\/static.krafthand-truck.de\/uploads\/2023\/11\/04_2023_005_6-768x456.jpg 768w, https:\/\/static.krafthand-truck.de\/uploads\/2023\/11\/04_2023_005_6-1320x784.jpg 1320w, https:\/\/static.krafthand-truck.de\/uploads\/2023\/11\/04_2023_005_6.jpg 1400w\" sizes=\"(max-width: 420px) 100vw, 420px\" \/><\/a><figcaption id=\"caption-attachment-38122\" class=\"wp-caption-text\">Au\u00dfenansicht des Truck-Center Vreden, ein ad truckdrive-Systembetrieb. Bild: Carat<\/figcaption><\/figure>\n<p>Immer l\u00e4ngere Wartungsintervalle, eine konstant besser werdende Teilequalit\u00e4t und ein versch\u00e4rfter Wettbewerb \u2013 Umst\u00e4nde, die freie Werkst\u00e4tten t\u00e4glich vor neue Herausforderungen stellen. Betriebe, die sich auch k\u00fcnftig im harten Wettbewerb behaupten wollen, ben\u00f6tigen nicht nur qualitativ hochwertige Ersatzteile, aktuelle Reparatur- und Wartungsdaten und einen professionellen Marktauftritt, sondern zunehmend auch Unterst\u00fctzung bei der Unternehmensorganisation und der Weiterbildung.<br \/>\nUnsere beiden Werkstatt-Konzepte, <a href=\"https:\/\/www.truckservice-profiwerkstatt.de\/\" target=\"_blank\" rel=\"noopener\">TRUCK SERVICE<\/a> als Basisversion und <a href=\"https:\/\/www.ad-truckdrive.de\/\" target=\"_blank\" rel=\"noopener\">ad truckdrive<\/a> als Premiumvariante, richten sich an Werkstattbetreiber, die von den Vorteilen einer Konzeptpartnerschaft in einem starken Netzwerk mit \u00fcber 200 Betrieben profitieren m\u00f6chten.<br \/>\nIn der zunehmend digitalisierten Werkstattwelt geht es jedoch nicht nur um schnelle Ersatzteilbeschaffung und Betriebsorganisation. Hierbei spielt unser eigenes Software-Paket EASY WORK eine entscheidende Rolle. Angesichts der digitalen Herausforderungen arbeiten wir kontinuierlich daran unsere Konzepte weiterzuentwickeln, insbesondere im Bereich Online-Pr\u00e4senz. Unser umfassendes Leistungsangebot, erg\u00e4nzt durch Dienstleistungen wie Reparatur- und Zubeh\u00f6rfinanzierung sowie Garantien, tr\u00e4gt ma\u00dfgeblich dazu bei, Kunden zu gewinnen und langfristig zu binden.<\/p>\n<p class=\"text-question\">Der Konkurrenzdruck, speziell von Seiten der Teilehersteller, ist enorm hoch. Zus\u00e4tzlich dr\u00e4ngen indische und chinesische Unternehmen in den Markt. Wie wird sich der Teilehandel in Zukunft entwickeln?<\/p><p class=\"text-answer\"><\/p>\n<p>Ich bin mir sicher, dass wir den Pkw- und Nfz-Ersatzteilmarkt bereits in den n\u00e4chsten Jahren nicht wiedererkennen werden. Der hohe Konkurrenzdruck wird sich weiter zuspitzen. Da spielen zum einen die angesprochenen neuen Marktteilnehmer eine gro\u00dfe Rolle, die den Endkunden durch neue Spielregeln an sich ziehen, zum anderen aber auch die voranschreitenden digitalen Gesch\u00e4ftsprozesse und der zunehmende Eingriff der Hersteller in den freien Aftermarket. Diese Entwicklungen werden dazu f\u00fchren, dass Nfz-Ersatzteile in Zukunft schneller den Weg vom Teilehersteller in die Werkstatt finden, die Prozesse digitaler werden m\u00fcssen und die Reparaturanspr\u00fcche dem Werkstattpersonal deutlich mehr Qualifikation abverlangen. Somit werden Trainings, technische Informationen und die Datenqualit\u00e4t eine noch wichtigere Rolle spielen. Das bedeutet f\u00fcr uns wiederum, dass wir uns bereits heute f\u00fcr die Zukunft aufstellen, um weiterhin eine relevante Zwischenstufe des Teilehandels darzustellen.<\/p>\n<p class=\"text-question\">Auf der Gesellschafterversammlung der CARAT-Gruppe im Mai sprachen Sie davon, dass sich der Teilehandel anpassen m\u00fcsse, um in Zukunft erfolgreich zu sein. K\u00f6nnen Sie uns Beispiele geben?<\/p><p class=\"text-answer\"><\/p>\n<p>Eine konsequente Kundenorientierung, leistungsf\u00e4hige IT-Systeme, One-to-One-Marketing und differenzierte, auf die Gesellschafter angepasste Vertriebsans\u00e4tze, bilden den Schl\u00fcssel zum Erfolg. Im Fokus standen auch die Unterst\u00fctzung in der Unternehmensberatung, Sortimentsstrategien und Ausblicke in neue Kommunikationswege des digitalen Marketings in Verbindung mit den richtigen Vertriebsstrategien.<br \/>\nUm in jedem Lager auch in Zukunft die optimale Verf\u00fcgbarkeit, aber auch den richtigen und wirklich am Standort ben\u00f6tigten Lagerbestand zu gew\u00e4hrleisten, bieten wir unseren Gro\u00dfh\u00e4ndlern regelm\u00e4\u00dfig eine kostenlose Sortimentsanalyse mit AutoView f\u00fcr den in ihrer Region zugelassenen Fahrzeugpark auf Postleitzahl-Ebene an. So werden nicht nur die einzelnen Lager und Sortimente, sondern auch eine Vielzahl an Prozessen optimiert. Einen weiteren gro\u00dfen Lager- und damit auch Kostenvorteil spielen wir bei der CARAT durch den Einsatz von VMI (Vendor-Managed-Inventory\/automatischer Nachschub f\u00fcr das Lager der Gesellschafter) aus. Mithilfe des Automatischen Nachschubs gehen wir einen n\u00e4chsten Schritt in Richtung KI-basierter und digitalisierter Logistik.<\/p>\n<blockquote class=\"khm-quote\"><p>Es braucht schon heute keine Eink\u00e4ufer oder Disponenten in den einzelnen Anschlussh\u00e4usern mehr, vielmehr wird die Ware durch uns und das VMI w\u00f6chentlich an die Gesellschafter aus dem Zentrallager geliefert.<\/p><\/blockquote>\n<p>In Zukunft werden wir au\u00dferdem auf eine zentralisierte Preispflege bei Preisver\u00e4nderungen unserer Lieferanten setzen und so eine einfachere Preiskalkulation durch unsere Gesellschafter sicherstellen.<\/p>\n<p class=\"text-question\">Zum Schluss noch zwei pers\u00f6nliche Fragen: \u00dcber was haben Sie sich k\u00fcrzlich am meisten ge\u00e4rgert, \u00fcber was am meisten gefreut?<\/p><p class=\"text-answer\"><\/p>\n<p>Was mich k\u00fcrzlich ge\u00e4rgert hat und es auch bis heute noch tut, ist die Tatsache, dass es zu oft \u2013 ich nenne es mal so \u2013 emotionales Handeln am Markt gibt. Viele Unternehmer sind emotional gesteuert, wodurch das Arbeiten weniger wirtschaftlich ausf\u00e4llt. Umso mehr freue ich mich, dass wir als Kooperation im Markt gerade als unwahrscheinlich stark angesehen werden und sich so viele Perspektiven und M\u00f6glichkeiten ergeben, um neue Wege f\u00fcr die Zukunft zu gehen.<\/p>\n<p><i>Den Beitrag finden Sie auch in der Print-Ausgabe 4-2023 der <a href=\"https:\/\/www.krafthand.de\/truck\/magazin\/\" title=\"Zum Magazin\">Krafthand-Truck<\/a>.<\/i><\/p>\r\n\t\t\t\t<div class=\"post-author\">\r\n\t\t\t\t\t<div class=\"khm-cp-author clearfix\">\r\n\t\t\t\t\t\t<div class=\"khm-cp-author__content\">\r\n\t\t\t\t\t\t\t\tKontakt zum Autor:<br \/>\r\n\t\t\t\t\t\t\t\t<strong>Georg Blenk<\/strong>, 08247 \/ 3007-45 |  <a href=\"mailto:georg.blenk@krafthand-medien.de\">georg.blenk@krafthand-medien.de<\/a>\r\n\t\t\t\t\t\t\t<div class=\"khm-cp-author__image\">\r\n\t\t\t\t\t\t<img src=\"https:\/\/static.krafthand-truck.de\/uploads\/2021\/01\/Blenk_6104-250x300-1-removebg-preview.png\" class=\"img-responsive\">\r\n\t\t\t\t\t<\/div>\r\n\t\t\t\t\t\t<\/div>\r\n\t\t\t\t\t<\/div>\r\n\t\t\t\t<\/div>\r\n\t\t\t\t","protected":false},"excerpt":{"rendered":"<p>Die CARAT-Unternehmensgruppe gilt als eine der gr\u00f6\u00dften deutschen Einkaufskooperationen im Bereich Pkw- und Lkw-Teile. Wir haben uns mit Christian Gabler, Gesch\u00e4ftsf\u00fchrer der CARAT Systementwicklungs- und Marketing GmbH &#038; Co. KG \u00fcber den Lkw-Ersatzteilmarkt, den Wettbewerbsdruck und die zuk\u00fcnftigen Entwicklungen unterhalten. <span class=\"excerpt-more__dots\">&#8230;<\/span> <a class=\"excerpt-more__link\" href=\"https:\/\/www.krafthand.de\/truck\/artikel\/die-lkw-reparatur-wird-dem-werkstattpersonal-mehr-qualifikation-abverlangen-38117\/\" >weiter<\/a><\/p>\n","protected":false},"author":11,"featured_media":38118,"comment_status":"closed","ping_status":"closed","sticky":false,"template":"","format":"standard","meta":{"footnotes":""},"categories":[4238,4235],"tags":[5557,5792,5518,5764],"settings":[3524,4766,3523],"class_list":["post-38117","post","type-post","status-publish","format-standard","has-post-thumbnail","hentry","category-koepfe","category-unternehmen","tag-carat-gruppe","tag-christian-gabler","tag-corexx","tag-lkw-teile"],"yoast_head":"<!-- This site is optimized with the Yoast SEO plugin v27.3 - https:\/\/yoast.com\/product\/yoast-seo-wordpress\/ -->\n<title>\u201eDie Lkw-Reparatur wird dem Werkstattpersonal mehr Qualifikation abverlangen.\u201c - Krafthand-Truck<\/title>\n<meta name=\"description\" content=\"Nfz-Aftermarket: Krafthand-Truck im Gespr\u00e4ch mit Christian Gabler, Gesch\u00e4ftsf\u00fchrer der CARAT Systementwicklungs- und Marketing GmbH &amp; Co. KG.\" \/>\n<meta name=\"robots\" content=\"index, follow, max-snippet:-1, max-image-preview:large, max-video-preview:-1\" \/>\n<link rel=\"canonical\" href=\"https:\/\/www.krafthand.de\/truck\/artikel\/die-lkw-reparatur-wird-dem-werkstattpersonal-mehr-qualifikation-abverlangen-38117\/\" \/>\n<meta property=\"og:locale\" content=\"de_DE\" \/>\n<meta property=\"og:type\" content=\"article\" \/>\n<meta property=\"og:title\" content=\"\u201eDie Lkw-Reparatur wird dem Werkstattpersonal mehr Qualifikation abverlangen.\u201c - Krafthand-Truck\" \/>\n<meta property=\"og:description\" content=\"Nfz-Aftermarket: Krafthand-Truck im Gespr\u00e4ch mit Christian Gabler, Gesch\u00e4ftsf\u00fchrer der CARAT Systementwicklungs- und Marketing GmbH &amp; Co. KG.\" \/>\n<meta property=\"og:url\" content=\"https:\/\/www.krafthand-truck.de\/artikel\/die-lkw-reparatur-wird-dem-werkstattpersonal-mehr-qualifikation-abverlangen-38117\/\" \/>\n<meta property=\"og:site_name\" content=\"Krafthand-Truck\" \/>\n<meta property=\"article:published_time\" content=\"2023-11-24T10:03:38+00:00\" \/>\n<meta property=\"article:modified_time\" content=\"2023-11-24T10:44:20+00:00\" \/>\n<meta property=\"og:image\" content=\"https:\/\/static.krafthand-truck.de\/uploads\/2023\/11\/04_2023_005_1.jpg\" \/>\n\t<meta property=\"og:image:width\" content=\"1400\" \/>\n\t<meta property=\"og:image:height\" content=\"867\" \/>\n\t<meta property=\"og:image:type\" content=\"image\/jpeg\" \/>\n<meta name=\"author\" content=\"Redaktion Truck\" \/>\n<meta name=\"twitter:card\" content=\"summary_large_image\" \/>\n<meta name=\"twitter:label1\" content=\"Verfasst von\" \/>\n\t<meta name=\"twitter:data1\" content=\"Redaktion Truck\" \/>\n\t<meta name=\"twitter:label2\" content=\"Gesch\u00e4tzte Lesezeit\" \/>\n\t<meta name=\"twitter:data2\" content=\"13\u00a0Minuten\" \/>\n<script type=\"application\/ld+json\" class=\"yoast-schema-graph\">{\"@context\":\"https:\\\/\\\/schema.org\",\"@graph\":[{\"@type\":\"Article\",\"@id\":\"https:\\\/\\\/www.krafthand.de\\\/truck\\\/artikel\\\/die-lkw-reparatur-wird-dem-werkstattpersonal-mehr-qualifikation-abverlangen-38117\\\/#article\",\"isPartOf\":{\"@id\":\"https:\\\/\\\/www.krafthand.de\\\/truck\\\/artikel\\\/die-lkw-reparatur-wird-dem-werkstattpersonal-mehr-qualifikation-abverlangen-38117\\\/\"},\"author\":{\"name\":\"Redaktion Truck\",\"@id\":\"https:\\\/\\\/www.krafthand.de\\\/truck\\\/#\\\/schema\\\/person\\\/5e47d727209575a4b89376746e24f02f\"},\"headline\":\"\u201eDie Lkw-Reparatur wird dem Werkstattpersonal mehr Qualifikation abverlangen.\u201c\",\"datePublished\":\"2023-11-24T10:03:38+00:00\",\"dateModified\":\"2023-11-24T10:44:20+00:00\",\"mainEntityOfPage\":{\"@id\":\"https:\\\/\\\/www.krafthand.de\\\/truck\\\/artikel\\\/die-lkw-reparatur-wird-dem-werkstattpersonal-mehr-qualifikation-abverlangen-38117\\\/\"},\"wordCount\":2285,\"image\":{\"@id\":\"https:\\\/\\\/www.krafthand.de\\\/truck\\\/artikel\\\/die-lkw-reparatur-wird-dem-werkstattpersonal-mehr-qualifikation-abverlangen-38117\\\/#primaryimage\"},\"thumbnailUrl\":\"https:\\\/\\\/static.krafthand-truck.de\\\/uploads\\\/2023\\\/11\\\/04_2023_005_1.jpg\",\"keywords\":[\"Carat-Gruppe\",\"Christian Gabler\",\"Corexx\",\"Lkw-Teile\"],\"articleSection\":[\"K\u00f6pfe\\\/Personen\",\"Unternehmen\"],\"inLanguage\":\"de\"},{\"@type\":\"WebPage\",\"@id\":\"https:\\\/\\\/www.krafthand.de\\\/truck\\\/artikel\\\/die-lkw-reparatur-wird-dem-werkstattpersonal-mehr-qualifikation-abverlangen-38117\\\/\",\"url\":\"https:\\\/\\\/www.krafthand.de\\\/truck\\\/artikel\\\/die-lkw-reparatur-wird-dem-werkstattpersonal-mehr-qualifikation-abverlangen-38117\\\/\",\"name\":\"\u201eDie Lkw-Reparatur wird dem Werkstattpersonal mehr Qualifikation abverlangen.\u201c - Krafthand-Truck\",\"isPartOf\":{\"@id\":\"https:\\\/\\\/www.krafthand.de\\\/truck\\\/#website\"},\"primaryImageOfPage\":{\"@id\":\"https:\\\/\\\/www.krafthand.de\\\/truck\\\/artikel\\\/die-lkw-reparatur-wird-dem-werkstattpersonal-mehr-qualifikation-abverlangen-38117\\\/#primaryimage\"},\"image\":{\"@id\":\"https:\\\/\\\/www.krafthand.de\\\/truck\\\/artikel\\\/die-lkw-reparatur-wird-dem-werkstattpersonal-mehr-qualifikation-abverlangen-38117\\\/#primaryimage\"},\"thumbnailUrl\":\"https:\\\/\\\/static.krafthand-truck.de\\\/uploads\\\/2023\\\/11\\\/04_2023_005_1.jpg\",\"datePublished\":\"2023-11-24T10:03:38+00:00\",\"dateModified\":\"2023-11-24T10:44:20+00:00\",\"author\":{\"@id\":\"https:\\\/\\\/www.krafthand.de\\\/truck\\\/#\\\/schema\\\/person\\\/5e47d727209575a4b89376746e24f02f\"},\"description\":\"Nfz-Aftermarket: Krafthand-Truck im Gespr\u00e4ch mit Christian Gabler, Gesch\u00e4ftsf\u00fchrer der CARAT Systementwicklungs- und Marketing GmbH & Co. KG.\",\"breadcrumb\":{\"@id\":\"https:\\\/\\\/www.krafthand.de\\\/truck\\\/artikel\\\/die-lkw-reparatur-wird-dem-werkstattpersonal-mehr-qualifikation-abverlangen-38117\\\/#breadcrumb\"},\"inLanguage\":\"de\",\"potentialAction\":[{\"@type\":\"ReadAction\",\"target\":[\"https:\\\/\\\/www.krafthand.de\\\/truck\\\/artikel\\\/die-lkw-reparatur-wird-dem-werkstattpersonal-mehr-qualifikation-abverlangen-38117\\\/\"]}]},{\"@type\":\"ImageObject\",\"inLanguage\":\"de\",\"@id\":\"https:\\\/\\\/www.krafthand.de\\\/truck\\\/artikel\\\/die-lkw-reparatur-wird-dem-werkstattpersonal-mehr-qualifikation-abverlangen-38117\\\/#primaryimage\",\"url\":\"https:\\\/\\\/static.krafthand-truck.de\\\/uploads\\\/2023\\\/11\\\/04_2023_005_1.jpg\",\"contentUrl\":\"https:\\\/\\\/static.krafthand-truck.de\\\/uploads\\\/2023\\\/11\\\/04_2023_005_1.jpg\",\"width\":1400,\"height\":867,\"caption\":\"Die Herausforderungen f\u00fcr Nfz-Werkst\u00e4tten steigen mit der technischen Entwicklung an. Das macht den Beruf als Nfz-Mechatroniker jetzt und in Zukunft umso spannender. Bild: CARAT\"},{\"@type\":\"BreadcrumbList\",\"@id\":\"https:\\\/\\\/www.krafthand.de\\\/truck\\\/artikel\\\/die-lkw-reparatur-wird-dem-werkstattpersonal-mehr-qualifikation-abverlangen-38117\\\/#breadcrumb\",\"itemListElement\":[{\"@type\":\"ListItem\",\"position\":1,\"name\":\"Krafthand-Truck\",\"item\":\"https:\\\/\\\/www.krafthand.de\\\/truck\\\/\"},{\"@type\":\"ListItem\",\"position\":2,\"name\":\"Nfz-Branche\",\"item\":\"https:\\\/\\\/www.krafthand.de\\\/truck\\\/kategorie\\\/branche\\\/\"},{\"@type\":\"ListItem\",\"position\":3,\"name\":\"Unternehmen\",\"item\":\"https:\\\/\\\/www.krafthand.de\\\/truck\\\/kategorie\\\/branche\\\/unternehmen\\\/\"},{\"@type\":\"ListItem\",\"position\":4,\"name\":\"\u201eDie Lkw-Reparatur wird dem Werkstattpersonal mehr Qualifikation abverlangen.\u201c\"}]},{\"@type\":\"WebSite\",\"@id\":\"https:\\\/\\\/www.krafthand.de\\\/truck\\\/#website\",\"url\":\"https:\\\/\\\/www.krafthand.de\\\/truck\\\/\",\"name\":\"Krafthand-Truck\",\"description\":\"\",\"potentialAction\":[{\"@type\":\"SearchAction\",\"target\":{\"@type\":\"EntryPoint\",\"urlTemplate\":\"https:\\\/\\\/www.krafthand.de\\\/truck\\\/?s={search_term_string}\"},\"query-input\":{\"@type\":\"PropertyValueSpecification\",\"valueRequired\":true,\"valueName\":\"search_term_string\"}}],\"inLanguage\":\"de\"},{\"@type\":\"Person\",\"@id\":\"https:\\\/\\\/www.krafthand.de\\\/truck\\\/#\\\/schema\\\/person\\\/5e47d727209575a4b89376746e24f02f\",\"name\":\"Redaktion Truck\",\"image\":{\"@type\":\"ImageObject\",\"inLanguage\":\"de\",\"@id\":\"https:\\\/\\\/secure.gravatar.com\\\/avatar\\\/64cedf5d293ad6eb6600c19e949d032ff0090f240174891ab1517d73ead05c87?s=96&d=mm&r=g\",\"url\":\"https:\\\/\\\/secure.gravatar.com\\\/avatar\\\/64cedf5d293ad6eb6600c19e949d032ff0090f240174891ab1517d73ead05c87?s=96&d=mm&r=g\",\"contentUrl\":\"https:\\\/\\\/secure.gravatar.com\\\/avatar\\\/64cedf5d293ad6eb6600c19e949d032ff0090f240174891ab1517d73ead05c87?s=96&d=mm&r=g\",\"caption\":\"Redaktion Truck\"}}]}<\/script>\n<!-- \/ Yoast SEO plugin. -->","yoast_head_json":{"title":"\u201eDie Lkw-Reparatur wird dem Werkstattpersonal mehr Qualifikation abverlangen.\u201c - Krafthand-Truck","description":"Nfz-Aftermarket: Krafthand-Truck im Gespr\u00e4ch mit Christian Gabler, Gesch\u00e4ftsf\u00fchrer der CARAT Systementwicklungs- und Marketing GmbH & Co. KG.","robots":{"index":"index","follow":"follow","max-snippet":"max-snippet:-1","max-image-preview":"max-image-preview:large","max-video-preview":"max-video-preview:-1"},"canonical":"https:\/\/www.krafthand.de\/truck\/artikel\/die-lkw-reparatur-wird-dem-werkstattpersonal-mehr-qualifikation-abverlangen-38117\/","og_locale":"de_DE","og_type":"article","og_title":"\u201eDie Lkw-Reparatur wird dem Werkstattpersonal mehr Qualifikation abverlangen.\u201c - Krafthand-Truck","og_description":"Nfz-Aftermarket: Krafthand-Truck im Gespr\u00e4ch mit Christian Gabler, Gesch\u00e4ftsf\u00fchrer der CARAT Systementwicklungs- und Marketing GmbH & Co. KG.","og_url":"https:\/\/www.krafthand-truck.de\/artikel\/die-lkw-reparatur-wird-dem-werkstattpersonal-mehr-qualifikation-abverlangen-38117\/","og_site_name":"Krafthand-Truck","article_published_time":"2023-11-24T10:03:38+00:00","article_modified_time":"2023-11-24T10:44:20+00:00","og_image":[{"width":1400,"height":867,"url":"https:\/\/static.krafthand-truck.de\/uploads\/2023\/11\/04_2023_005_1.jpg","type":"image\/jpeg"}],"author":"Redaktion Truck","twitter_card":"summary_large_image","twitter_misc":{"Verfasst von":"Redaktion Truck","Gesch\u00e4tzte Lesezeit":"13\u00a0Minuten"},"schema":{"@context":"https:\/\/schema.org","@graph":[{"@type":"Article","@id":"https:\/\/www.krafthand.de\/truck\/artikel\/die-lkw-reparatur-wird-dem-werkstattpersonal-mehr-qualifikation-abverlangen-38117\/#article","isPartOf":{"@id":"https:\/\/www.krafthand.de\/truck\/artikel\/die-lkw-reparatur-wird-dem-werkstattpersonal-mehr-qualifikation-abverlangen-38117\/"},"author":{"name":"Redaktion Truck","@id":"https:\/\/www.krafthand.de\/truck\/#\/schema\/person\/5e47d727209575a4b89376746e24f02f"},"headline":"\u201eDie Lkw-Reparatur wird dem Werkstattpersonal mehr Qualifikation abverlangen.\u201c","datePublished":"2023-11-24T10:03:38+00:00","dateModified":"2023-11-24T10:44:20+00:00","mainEntityOfPage":{"@id":"https:\/\/www.krafthand.de\/truck\/artikel\/die-lkw-reparatur-wird-dem-werkstattpersonal-mehr-qualifikation-abverlangen-38117\/"},"wordCount":2285,"image":{"@id":"https:\/\/www.krafthand.de\/truck\/artikel\/die-lkw-reparatur-wird-dem-werkstattpersonal-mehr-qualifikation-abverlangen-38117\/#primaryimage"},"thumbnailUrl":"https:\/\/static.krafthand-truck.de\/uploads\/2023\/11\/04_2023_005_1.jpg","keywords":["Carat-Gruppe","Christian Gabler","Corexx","Lkw-Teile"],"articleSection":["K\u00f6pfe\/Personen","Unternehmen"],"inLanguage":"de"},{"@type":"WebPage","@id":"https:\/\/www.krafthand.de\/truck\/artikel\/die-lkw-reparatur-wird-dem-werkstattpersonal-mehr-qualifikation-abverlangen-38117\/","url":"https:\/\/www.krafthand.de\/truck\/artikel\/die-lkw-reparatur-wird-dem-werkstattpersonal-mehr-qualifikation-abverlangen-38117\/","name":"\u201eDie Lkw-Reparatur wird dem Werkstattpersonal mehr Qualifikation abverlangen.\u201c - Krafthand-Truck","isPartOf":{"@id":"https:\/\/www.krafthand.de\/truck\/#website"},"primaryImageOfPage":{"@id":"https:\/\/www.krafthand.de\/truck\/artikel\/die-lkw-reparatur-wird-dem-werkstattpersonal-mehr-qualifikation-abverlangen-38117\/#primaryimage"},"image":{"@id":"https:\/\/www.krafthand.de\/truck\/artikel\/die-lkw-reparatur-wird-dem-werkstattpersonal-mehr-qualifikation-abverlangen-38117\/#primaryimage"},"thumbnailUrl":"https:\/\/static.krafthand-truck.de\/uploads\/2023\/11\/04_2023_005_1.jpg","datePublished":"2023-11-24T10:03:38+00:00","dateModified":"2023-11-24T10:44:20+00:00","author":{"@id":"https:\/\/www.krafthand.de\/truck\/#\/schema\/person\/5e47d727209575a4b89376746e24f02f"},"description":"Nfz-Aftermarket: Krafthand-Truck im Gespr\u00e4ch mit Christian Gabler, Gesch\u00e4ftsf\u00fchrer der CARAT Systementwicklungs- und Marketing GmbH & Co. KG.","breadcrumb":{"@id":"https:\/\/www.krafthand.de\/truck\/artikel\/die-lkw-reparatur-wird-dem-werkstattpersonal-mehr-qualifikation-abverlangen-38117\/#breadcrumb"},"inLanguage":"de","potentialAction":[{"@type":"ReadAction","target":["https:\/\/www.krafthand.de\/truck\/artikel\/die-lkw-reparatur-wird-dem-werkstattpersonal-mehr-qualifikation-abverlangen-38117\/"]}]},{"@type":"ImageObject","inLanguage":"de","@id":"https:\/\/www.krafthand.de\/truck\/artikel\/die-lkw-reparatur-wird-dem-werkstattpersonal-mehr-qualifikation-abverlangen-38117\/#primaryimage","url":"https:\/\/static.krafthand-truck.de\/uploads\/2023\/11\/04_2023_005_1.jpg","contentUrl":"https:\/\/static.krafthand-truck.de\/uploads\/2023\/11\/04_2023_005_1.jpg","width":1400,"height":867,"caption":"Die Herausforderungen f\u00fcr Nfz-Werkst\u00e4tten steigen mit der technischen Entwicklung an. Das macht den Beruf als Nfz-Mechatroniker jetzt und in Zukunft umso spannender. Bild: CARAT"},{"@type":"BreadcrumbList","@id":"https:\/\/www.krafthand.de\/truck\/artikel\/die-lkw-reparatur-wird-dem-werkstattpersonal-mehr-qualifikation-abverlangen-38117\/#breadcrumb","itemListElement":[{"@type":"ListItem","position":1,"name":"Krafthand-Truck","item":"https:\/\/www.krafthand.de\/truck\/"},{"@type":"ListItem","position":2,"name":"Nfz-Branche","item":"https:\/\/www.krafthand.de\/truck\/kategorie\/branche\/"},{"@type":"ListItem","position":3,"name":"Unternehmen","item":"https:\/\/www.krafthand.de\/truck\/kategorie\/branche\/unternehmen\/"},{"@type":"ListItem","position":4,"name":"\u201eDie Lkw-Reparatur wird dem Werkstattpersonal mehr Qualifikation abverlangen.\u201c"}]},{"@type":"WebSite","@id":"https:\/\/www.krafthand.de\/truck\/#website","url":"https:\/\/www.krafthand.de\/truck\/","name":"Krafthand-Truck","description":"","potentialAction":[{"@type":"SearchAction","target":{"@type":"EntryPoint","urlTemplate":"https:\/\/www.krafthand.de\/truck\/?s={search_term_string}"},"query-input":{"@type":"PropertyValueSpecification","valueRequired":true,"valueName":"search_term_string"}}],"inLanguage":"de"},{"@type":"Person","@id":"https:\/\/www.krafthand.de\/truck\/#\/schema\/person\/5e47d727209575a4b89376746e24f02f","name":"Redaktion Truck","image":{"@type":"ImageObject","inLanguage":"de","@id":"https:\/\/secure.gravatar.com\/avatar\/64cedf5d293ad6eb6600c19e949d032ff0090f240174891ab1517d73ead05c87?s=96&d=mm&r=g","url":"https:\/\/secure.gravatar.com\/avatar\/64cedf5d293ad6eb6600c19e949d032ff0090f240174891ab1517d73ead05c87?s=96&d=mm&r=g","contentUrl":"https:\/\/secure.gravatar.com\/avatar\/64cedf5d293ad6eb6600c19e949d032ff0090f240174891ab1517d73ead05c87?s=96&d=mm&r=g","caption":"Redaktion Truck"}}]}},"_links":{"self":[{"href":"https:\/\/www.krafthand.de\/truck\/wp-json\/wp\/v2\/posts\/38117","targetHints":{"allow":["GET"]}}],"collection":[{"href":"https:\/\/www.krafthand.de\/truck\/wp-json\/wp\/v2\/posts"}],"about":[{"href":"https:\/\/www.krafthand.de\/truck\/wp-json\/wp\/v2\/types\/post"}],"author":[{"embeddable":true,"href":"https:\/\/www.krafthand.de\/truck\/wp-json\/wp\/v2\/users\/11"}],"replies":[{"embeddable":true,"href":"https:\/\/www.krafthand.de\/truck\/wp-json\/wp\/v2\/comments?post=38117"}],"version-history":[{"count":16,"href":"https:\/\/www.krafthand.de\/truck\/wp-json\/wp\/v2\/posts\/38117\/revisions"}],"predecessor-version":[{"id":38138,"href":"https:\/\/www.krafthand.de\/truck\/wp-json\/wp\/v2\/posts\/38117\/revisions\/38138"}],"wp:featuredmedia":[{"embeddable":true,"href":"https:\/\/www.krafthand.de\/truck\/wp-json\/wp\/v2\/media\/38118"}],"wp:attachment":[{"href":"https:\/\/www.krafthand.de\/truck\/wp-json\/wp\/v2\/media?parent=38117"}],"wp:term":[{"taxonomy":"category","embeddable":true,"href":"https:\/\/www.krafthand.de\/truck\/wp-json\/wp\/v2\/categories?post=38117"},{"taxonomy":"post_tag","embeddable":true,"href":"https:\/\/www.krafthand.de\/truck\/wp-json\/wp\/v2\/tags?post=38117"},{"taxonomy":"settings","embeddable":true,"href":"https:\/\/www.krafthand.de\/truck\/wp-json\/wp\/v2\/settings?post=38117"}],"curies":[{"name":"wp","href":"https:\/\/api.w.org\/{rel}","templated":true}]}}