{"id":37965,"date":"2023-11-21T10:05:51","date_gmt":"2023-11-21T09:05:51","guid":{"rendered":"https:\/\/www.krafthand.de\/truck\/?p=37965"},"modified":"2023-11-21T10:07:56","modified_gmt":"2023-11-21T09:07:56","slug":"liqui-moly-investiert-in-die-erweiterung-seiner-produktion-in-ulm","status":"publish","type":"post","link":"https:\/\/www.krafthand.de\/truck\/artikel\/liqui-moly-investiert-in-die-erweiterung-seiner-produktion-in-ulm-37965\/","title":{"rendered":"LIQUI MOLY investiert in die Erweiterung seiner Produktion in Ulm"},"content":{"rendered":"<p>LIQUI MOLY schl\u00e4gt am Stammsitz Ulm ein neues Kapitel auf: Die Gesch\u00e4ftsf\u00fchrer G\u00fcnter Hiermaier und Dr. Uli Weller er\u00f6ffneten k\u00fcrzlich den Neubau f\u00fcr die Produktion von Additiven mit drei modernen Abf\u00fcllanlagen und zus\u00e4tzlichen B\u00fcror\u00e4umen. Die neuen Maschinen sollen die maximale Aussto\u00dfleistung von 346.000 Dosen pro Woche auf bis zu 481.000 St\u00fcck steigern.<\/p>\n<blockquote><p>\u201eDer Startschuss markiert einen Meilenstein auf unserem Weg zum gemeinsamen Umsatzziel von 1 Milliarde Euro\u201c, so Gesch\u00e4ftsf\u00fchrer G\u00fcnter Hiermaier vor Vertretern aus Politik, Wirtschaft, Medien und der Belegschaft.<\/p><\/blockquote>\n<p>In die neu er\u00f6ffnete Additivproduktion hat Liqui Moly eigenen Angaben zufolge acht Million Euro investiert. Davon entfallen 3,4 Million Euro auf das schl\u00fcsselfertige Geb\u00e4ude. Die Kosten f\u00fcr die drei neuen Abf\u00fcllanlagen belaufen sich auf 3,1 Million Euro. F\u00f6rdertechnik und Verpackungsroboter schlagen mit 1,4 Million Euro zu Buche. Die Maschinen werden im Laufe des n\u00e4chsten Jahres vollst\u00e4ndig installiert und in Betrieb genommen.<\/p>\n<blockquote><p>\u201eDiese Investitionen sind ein Bekenntnis zum Standort Ulm und damit zu Made in Germany. Wir schaffen weitere Arbeitspl\u00e4tze und geben den Menschen eine langfristige Perspektive\u201c, so Hiermaier.<\/p><\/blockquote>\n<figure id=\"attachment_37971\" aria-describedby=\"caption-attachment-37971\" style=\"width: 420px\" class=\"wp-caption alignleft\"><a href=\"https:\/\/static.krafthand-truck.de\/uploads\/2023\/11\/Liqui_Moly_Eroeffnung_Produktion_Hiermaier_Czisch.jpg\" target=\"_blank\" rel=\"noopener\"><img fetchpriority=\"high\" decoding=\"async\" class=\"wp-image-37971\" src=\"https:\/\/static.krafthand-truck.de\/uploads\/2023\/11\/Liqui_Moly_Eroeffnung_Produktion_Hiermaier_Czisch-300x212.jpg\" alt=\"\" width=\"420\" height=\"296\" srcset=\"https:\/\/static.krafthand-truck.de\/uploads\/2023\/11\/Liqui_Moly_Eroeffnung_Produktion_Hiermaier_Czisch-300x212.jpg 300w, https:\/\/static.krafthand-truck.de\/uploads\/2023\/11\/Liqui_Moly_Eroeffnung_Produktion_Hiermaier_Czisch-1024x722.jpg 1024w, https:\/\/static.krafthand-truck.de\/uploads\/2023\/11\/Liqui_Moly_Eroeffnung_Produktion_Hiermaier_Czisch-768x541.jpg 768w, https:\/\/static.krafthand-truck.de\/uploads\/2023\/11\/Liqui_Moly_Eroeffnung_Produktion_Hiermaier_Czisch.jpg 1200w\" sizes=\"(max-width: 420px) 100vw, 420px\" \/><\/a><figcaption id=\"caption-attachment-37971\" class=\"wp-caption-text\">LIQUI MOLY-Gesch\u00e4ftsf\u00fchrer G\u00fcnter Hiermaier (r.)\u00a0 im Gespr\u00e4ch mit Ulms Oberb\u00fcrgermeister Gunter Czisch, w\u00e4hrend der Er\u00f6ffnung der neuen Additivproduktion.<\/figcaption><\/figure>\n<p>Wie der Hauptsitz von <a href=\"https:\/\/www.liqui-moly.com\/de\/de\/\" target=\"_blank\" rel=\"noopener\">Liqui Moly<\/a> liegt auch das neue Objekt im Ulmer Stadtteil Lehr. Gegr\u00fcndet 1957 in der Stadtmitte, verlagerte die Firma ihren Sitz 1978 in den Ulmer Norden. Rapides stetiges Wachstum und daraus resultierender Platzbedarf hatte zu dieser Entscheidung gef\u00fchrt. Seitdem sind dort s\u00e4mtliche Bereiche von der Entwicklung \u00fcber die Produktion bis zur Verwaltung beheimatet.<\/p>\n<p>Die Erweiterung der Additivproduktion ist f\u00fcr Hiermaier ein gro\u00dfer Schritt. Mit dem vorhandenen Maschinenpark wurden in Ausnahmejahren 18 Millionen Dosen von 150 ml bis ein Liter abgef\u00fcllt. K\u00fcnftig werden rund 25 Millionen St\u00fcck m\u00f6glich sein.<\/p>\n","protected":false},"excerpt":{"rendered":"<p>Der Spezialist f\u00fcr Schmierstoffe und Additive Liqui Moly, investiert acht Millionen Euro in die Erweiterung seiner Produktion in Ulm. Drei neue Abf\u00fcllanlagen f\u00fcr Additive sollen die maximale Aussto\u00dfkapazit\u00e4t um 40 Prozent steigern. <span class=\"excerpt-more__dots\">&#8230;<\/span> <a class=\"excerpt-more__link\" href=\"https:\/\/www.krafthand.de\/truck\/artikel\/liqui-moly-investiert-in-die-erweiterung-seiner-produktion-in-ulm-37965\/\" >weiter<\/a><\/p>\n","protected":false},"author":9,"featured_media":37967,"comment_status":"closed","ping_status":"closed","sticky":false,"template":"","format":"standard","meta":{"footnotes":""},"categories":[4253,4235],"tags":[3756,3610,249,3210],"settings":[4766,3523],"class_list":["post-37965","post","type-post","status-publish","format-standard","has-post-thumbnail","hentry","category-schmierstoffe","category-unternehmen","tag-additive","tag-guenter-hiermaier","tag-liqui-moly","tag-produktion"],"yoast_head":"<!-- This site is optimized with the Yoast SEO plugin v27.3 - https:\/\/yoast.com\/product\/yoast-seo-wordpress\/ -->\n<title>LIQUI MOLY investiert in die Erweiterung seiner Produktion in Ulm - Krafthand-Truck<\/title>\n<meta name=\"description\" content=\"Der Spezialist f\u00fcr Schmierstoffe und Additive Liqui Moly, investiert acht Millionen Euro in die Erweiterung seiner Produktion in Ulm.\" \/>\n<meta name=\"robots\" content=\"index, follow, max-snippet:-1, max-image-preview:large, max-video-preview:-1\" \/>\n<link rel=\"canonical\" href=\"https:\/\/www.krafthand.de\/truck\/artikel\/liqui-moly-investiert-in-die-erweiterung-seiner-produktion-in-ulm-37965\/\" \/>\n<meta property=\"og:locale\" content=\"de_DE\" \/>\n<meta property=\"og:type\" content=\"article\" \/>\n<meta property=\"og:title\" content=\"LIQUI MOLY investiert in die Erweiterung seiner Produktion in Ulm - Krafthand-Truck\" \/>\n<meta property=\"og:description\" content=\"Der Spezialist f\u00fcr Schmierstoffe und Additive Liqui Moly, investiert acht Millionen Euro in die Erweiterung seiner Produktion in Ulm.\" \/>\n<meta property=\"og:url\" content=\"https:\/\/www.krafthand-truck.de\/artikel\/liqui-moly-investiert-in-die-erweiterung-seiner-produktion-in-ulm-37965\/\" \/>\n<meta property=\"og:site_name\" content=\"Krafthand-Truck\" \/>\n<meta property=\"article:published_time\" content=\"2023-11-21T09:05:51+00:00\" \/>\n<meta property=\"article:modified_time\" content=\"2023-11-21T09:07:56+00:00\" \/>\n<meta property=\"og:image\" content=\"https:\/\/static.krafthand-truck.de\/uploads\/2023\/11\/Liqui_Moly_Eroeffnung_Produktion_Abfuellanlage_Ulm.jpg\" \/>\n\t<meta property=\"og:image:width\" content=\"1200\" \/>\n\t<meta property=\"og:image:height\" content=\"855\" \/>\n\t<meta property=\"og:image:type\" content=\"image\/jpeg\" \/>\n<meta name=\"author\" content=\"georg.blenk@krafthand-medien.de\" \/>\n<meta name=\"twitter:card\" content=\"summary_large_image\" \/>\n<meta name=\"twitter:label1\" content=\"Verfasst von\" \/>\n\t<meta name=\"twitter:data1\" content=\"georg.blenk@krafthand-medien.de\" \/>\n\t<meta name=\"twitter:label2\" content=\"Gesch\u00e4tzte Lesezeit\" \/>\n\t<meta name=\"twitter:data2\" content=\"2\u00a0Minuten\" \/>\n<script type=\"application\/ld+json\" class=\"yoast-schema-graph\">{\"@context\":\"https:\\\/\\\/schema.org\",\"@graph\":[{\"@type\":\"Article\",\"@id\":\"https:\\\/\\\/www.krafthand.de\\\/truck\\\/artikel\\\/liqui-moly-investiert-in-die-erweiterung-seiner-produktion-in-ulm-37965\\\/#article\",\"isPartOf\":{\"@id\":\"https:\\\/\\\/www.krafthand.de\\\/truck\\\/artikel\\\/liqui-moly-investiert-in-die-erweiterung-seiner-produktion-in-ulm-37965\\\/\"},\"author\":{\"name\":\"georg.blenk@krafthand-medien.de\",\"@id\":\"https:\\\/\\\/www.krafthand.de\\\/truck\\\/#\\\/schema\\\/person\\\/51fa80b1c57034c4bf63f9f988fc24ce\"},\"headline\":\"LIQUI MOLY investiert in die Erweiterung seiner Produktion in Ulm\",\"datePublished\":\"2023-11-21T09:05:51+00:00\",\"dateModified\":\"2023-11-21T09:07:56+00:00\",\"mainEntityOfPage\":{\"@id\":\"https:\\\/\\\/www.krafthand.de\\\/truck\\\/artikel\\\/liqui-moly-investiert-in-die-erweiterung-seiner-produktion-in-ulm-37965\\\/\"},\"wordCount\":325,\"image\":{\"@id\":\"https:\\\/\\\/www.krafthand.de\\\/truck\\\/artikel\\\/liqui-moly-investiert-in-die-erweiterung-seiner-produktion-in-ulm-37965\\\/#primaryimage\"},\"thumbnailUrl\":\"https:\\\/\\\/static.krafthand-truck.de\\\/uploads\\\/2023\\\/11\\\/Liqui_Moly_Eroeffnung_Produktion_Abfuellanlage_Ulm.jpg\",\"keywords\":[\"Additive\",\"G\u00fcnter Hiermaier\",\"Liqui Moly\",\"Produktion\"],\"articleSection\":[\"Schmier-\\\/Betriebsstoffe\",\"Unternehmen\"],\"inLanguage\":\"de\"},{\"@type\":\"WebPage\",\"@id\":\"https:\\\/\\\/www.krafthand.de\\\/truck\\\/artikel\\\/liqui-moly-investiert-in-die-erweiterung-seiner-produktion-in-ulm-37965\\\/\",\"url\":\"https:\\\/\\\/www.krafthand.de\\\/truck\\\/artikel\\\/liqui-moly-investiert-in-die-erweiterung-seiner-produktion-in-ulm-37965\\\/\",\"name\":\"LIQUI MOLY investiert in die Erweiterung seiner Produktion in Ulm - Krafthand-Truck\",\"isPartOf\":{\"@id\":\"https:\\\/\\\/www.krafthand.de\\\/truck\\\/#website\"},\"primaryImageOfPage\":{\"@id\":\"https:\\\/\\\/www.krafthand.de\\\/truck\\\/artikel\\\/liqui-moly-investiert-in-die-erweiterung-seiner-produktion-in-ulm-37965\\\/#primaryimage\"},\"image\":{\"@id\":\"https:\\\/\\\/www.krafthand.de\\\/truck\\\/artikel\\\/liqui-moly-investiert-in-die-erweiterung-seiner-produktion-in-ulm-37965\\\/#primaryimage\"},\"thumbnailUrl\":\"https:\\\/\\\/static.krafthand-truck.de\\\/uploads\\\/2023\\\/11\\\/Liqui_Moly_Eroeffnung_Produktion_Abfuellanlage_Ulm.jpg\",\"datePublished\":\"2023-11-21T09:05:51+00:00\",\"dateModified\":\"2023-11-21T09:07:56+00:00\",\"author\":{\"@id\":\"https:\\\/\\\/www.krafthand.de\\\/truck\\\/#\\\/schema\\\/person\\\/51fa80b1c57034c4bf63f9f988fc24ce\"},\"description\":\"Der Spezialist f\u00fcr Schmierstoffe und Additive Liqui Moly, investiert acht Millionen Euro in die Erweiterung seiner Produktion in Ulm.\",\"breadcrumb\":{\"@id\":\"https:\\\/\\\/www.krafthand.de\\\/truck\\\/artikel\\\/liqui-moly-investiert-in-die-erweiterung-seiner-produktion-in-ulm-37965\\\/#breadcrumb\"},\"inLanguage\":\"de\",\"potentialAction\":[{\"@type\":\"ReadAction\",\"target\":[\"https:\\\/\\\/www.krafthand.de\\\/truck\\\/artikel\\\/liqui-moly-investiert-in-die-erweiterung-seiner-produktion-in-ulm-37965\\\/\"]}]},{\"@type\":\"ImageObject\",\"inLanguage\":\"de\",\"@id\":\"https:\\\/\\\/www.krafthand.de\\\/truck\\\/artikel\\\/liqui-moly-investiert-in-die-erweiterung-seiner-produktion-in-ulm-37965\\\/#primaryimage\",\"url\":\"https:\\\/\\\/static.krafthand-truck.de\\\/uploads\\\/2023\\\/11\\\/Liqui_Moly_Eroeffnung_Produktion_Abfuellanlage_Ulm.jpg\",\"contentUrl\":\"https:\\\/\\\/static.krafthand-truck.de\\\/uploads\\\/2023\\\/11\\\/Liqui_Moly_Eroeffnung_Produktion_Abfuellanlage_Ulm.jpg\",\"width\":1200,\"height\":855},{\"@type\":\"BreadcrumbList\",\"@id\":\"https:\\\/\\\/www.krafthand.de\\\/truck\\\/artikel\\\/liqui-moly-investiert-in-die-erweiterung-seiner-produktion-in-ulm-37965\\\/#breadcrumb\",\"itemListElement\":[{\"@type\":\"ListItem\",\"position\":1,\"name\":\"Krafthand-Truck\",\"item\":\"https:\\\/\\\/www.krafthand.de\\\/truck\\\/\"},{\"@type\":\"ListItem\",\"position\":2,\"name\":\"Nfz-Service\",\"item\":\"https:\\\/\\\/www.krafthand.de\\\/truck\\\/kategorie\\\/nfz-service\\\/\"},{\"@type\":\"ListItem\",\"position\":3,\"name\":\"Schmier-\\\/Betriebsstoffe\",\"item\":\"https:\\\/\\\/www.krafthand.de\\\/truck\\\/kategorie\\\/nfz-service\\\/schmierstoffe\\\/\"},{\"@type\":\"ListItem\",\"position\":4,\"name\":\"LIQUI MOLY investiert in die Erweiterung seiner Produktion in Ulm\"}]},{\"@type\":\"WebSite\",\"@id\":\"https:\\\/\\\/www.krafthand.de\\\/truck\\\/#website\",\"url\":\"https:\\\/\\\/www.krafthand.de\\\/truck\\\/\",\"name\":\"Krafthand-Truck\",\"description\":\"\",\"potentialAction\":[{\"@type\":\"SearchAction\",\"target\":{\"@type\":\"EntryPoint\",\"urlTemplate\":\"https:\\\/\\\/www.krafthand.de\\\/truck\\\/?s={search_term_string}\"},\"query-input\":{\"@type\":\"PropertyValueSpecification\",\"valueRequired\":true,\"valueName\":\"search_term_string\"}}],\"inLanguage\":\"de\"},{\"@type\":\"Person\",\"@id\":\"https:\\\/\\\/www.krafthand.de\\\/truck\\\/#\\\/schema\\\/person\\\/51fa80b1c57034c4bf63f9f988fc24ce\",\"name\":\"georg.blenk@krafthand-medien.de\",\"image\":{\"@type\":\"ImageObject\",\"inLanguage\":\"de\",\"@id\":\"https:\\\/\\\/secure.gravatar.com\\\/avatar\\\/93713c30affe0aa95d3a4130e499bb1abee2eb31adbdd9ce2aa1543538490215?s=96&d=mm&r=g\",\"url\":\"https:\\\/\\\/secure.gravatar.com\\\/avatar\\\/93713c30affe0aa95d3a4130e499bb1abee2eb31adbdd9ce2aa1543538490215?s=96&d=mm&r=g\",\"contentUrl\":\"https:\\\/\\\/secure.gravatar.com\\\/avatar\\\/93713c30affe0aa95d3a4130e499bb1abee2eb31adbdd9ce2aa1543538490215?s=96&d=mm&r=g\",\"caption\":\"georg.blenk@krafthand-medien.de\"}}]}<\/script>\n<!-- \/ Yoast SEO plugin. -->","yoast_head_json":{"title":"LIQUI MOLY investiert in die Erweiterung seiner Produktion in Ulm - Krafthand-Truck","description":"Der Spezialist f\u00fcr Schmierstoffe und Additive Liqui Moly, investiert acht Millionen Euro in die Erweiterung seiner Produktion in Ulm.","robots":{"index":"index","follow":"follow","max-snippet":"max-snippet:-1","max-image-preview":"max-image-preview:large","max-video-preview":"max-video-preview:-1"},"canonical":"https:\/\/www.krafthand.de\/truck\/artikel\/liqui-moly-investiert-in-die-erweiterung-seiner-produktion-in-ulm-37965\/","og_locale":"de_DE","og_type":"article","og_title":"LIQUI MOLY investiert in die Erweiterung seiner Produktion in Ulm - Krafthand-Truck","og_description":"Der Spezialist f\u00fcr Schmierstoffe und Additive Liqui Moly, investiert acht Millionen Euro in die Erweiterung seiner Produktion in Ulm.","og_url":"https:\/\/www.krafthand-truck.de\/artikel\/liqui-moly-investiert-in-die-erweiterung-seiner-produktion-in-ulm-37965\/","og_site_name":"Krafthand-Truck","article_published_time":"2023-11-21T09:05:51+00:00","article_modified_time":"2023-11-21T09:07:56+00:00","og_image":[{"width":1200,"height":855,"url":"https:\/\/static.krafthand-truck.de\/uploads\/2023\/11\/Liqui_Moly_Eroeffnung_Produktion_Abfuellanlage_Ulm.jpg","type":"image\/jpeg"}],"author":"georg.blenk@krafthand-medien.de","twitter_card":"summary_large_image","twitter_misc":{"Verfasst von":"georg.blenk@krafthand-medien.de","Gesch\u00e4tzte Lesezeit":"2\u00a0Minuten"},"schema":{"@context":"https:\/\/schema.org","@graph":[{"@type":"Article","@id":"https:\/\/www.krafthand.de\/truck\/artikel\/liqui-moly-investiert-in-die-erweiterung-seiner-produktion-in-ulm-37965\/#article","isPartOf":{"@id":"https:\/\/www.krafthand.de\/truck\/artikel\/liqui-moly-investiert-in-die-erweiterung-seiner-produktion-in-ulm-37965\/"},"author":{"name":"georg.blenk@krafthand-medien.de","@id":"https:\/\/www.krafthand.de\/truck\/#\/schema\/person\/51fa80b1c57034c4bf63f9f988fc24ce"},"headline":"LIQUI MOLY investiert in die Erweiterung seiner Produktion in Ulm","datePublished":"2023-11-21T09:05:51+00:00","dateModified":"2023-11-21T09:07:56+00:00","mainEntityOfPage":{"@id":"https:\/\/www.krafthand.de\/truck\/artikel\/liqui-moly-investiert-in-die-erweiterung-seiner-produktion-in-ulm-37965\/"},"wordCount":325,"image":{"@id":"https:\/\/www.krafthand.de\/truck\/artikel\/liqui-moly-investiert-in-die-erweiterung-seiner-produktion-in-ulm-37965\/#primaryimage"},"thumbnailUrl":"https:\/\/static.krafthand-truck.de\/uploads\/2023\/11\/Liqui_Moly_Eroeffnung_Produktion_Abfuellanlage_Ulm.jpg","keywords":["Additive","G\u00fcnter Hiermaier","Liqui Moly","Produktion"],"articleSection":["Schmier-\/Betriebsstoffe","Unternehmen"],"inLanguage":"de"},{"@type":"WebPage","@id":"https:\/\/www.krafthand.de\/truck\/artikel\/liqui-moly-investiert-in-die-erweiterung-seiner-produktion-in-ulm-37965\/","url":"https:\/\/www.krafthand.de\/truck\/artikel\/liqui-moly-investiert-in-die-erweiterung-seiner-produktion-in-ulm-37965\/","name":"LIQUI MOLY investiert in die Erweiterung seiner Produktion in Ulm - Krafthand-Truck","isPartOf":{"@id":"https:\/\/www.krafthand.de\/truck\/#website"},"primaryImageOfPage":{"@id":"https:\/\/www.krafthand.de\/truck\/artikel\/liqui-moly-investiert-in-die-erweiterung-seiner-produktion-in-ulm-37965\/#primaryimage"},"image":{"@id":"https:\/\/www.krafthand.de\/truck\/artikel\/liqui-moly-investiert-in-die-erweiterung-seiner-produktion-in-ulm-37965\/#primaryimage"},"thumbnailUrl":"https:\/\/static.krafthand-truck.de\/uploads\/2023\/11\/Liqui_Moly_Eroeffnung_Produktion_Abfuellanlage_Ulm.jpg","datePublished":"2023-11-21T09:05:51+00:00","dateModified":"2023-11-21T09:07:56+00:00","author":{"@id":"https:\/\/www.krafthand.de\/truck\/#\/schema\/person\/51fa80b1c57034c4bf63f9f988fc24ce"},"description":"Der Spezialist f\u00fcr Schmierstoffe und Additive Liqui Moly, investiert acht Millionen Euro in die Erweiterung seiner Produktion in Ulm.","breadcrumb":{"@id":"https:\/\/www.krafthand.de\/truck\/artikel\/liqui-moly-investiert-in-die-erweiterung-seiner-produktion-in-ulm-37965\/#breadcrumb"},"inLanguage":"de","potentialAction":[{"@type":"ReadAction","target":["https:\/\/www.krafthand.de\/truck\/artikel\/liqui-moly-investiert-in-die-erweiterung-seiner-produktion-in-ulm-37965\/"]}]},{"@type":"ImageObject","inLanguage":"de","@id":"https:\/\/www.krafthand.de\/truck\/artikel\/liqui-moly-investiert-in-die-erweiterung-seiner-produktion-in-ulm-37965\/#primaryimage","url":"https:\/\/static.krafthand-truck.de\/uploads\/2023\/11\/Liqui_Moly_Eroeffnung_Produktion_Abfuellanlage_Ulm.jpg","contentUrl":"https:\/\/static.krafthand-truck.de\/uploads\/2023\/11\/Liqui_Moly_Eroeffnung_Produktion_Abfuellanlage_Ulm.jpg","width":1200,"height":855},{"@type":"BreadcrumbList","@id":"https:\/\/www.krafthand.de\/truck\/artikel\/liqui-moly-investiert-in-die-erweiterung-seiner-produktion-in-ulm-37965\/#breadcrumb","itemListElement":[{"@type":"ListItem","position":1,"name":"Krafthand-Truck","item":"https:\/\/www.krafthand.de\/truck\/"},{"@type":"ListItem","position":2,"name":"Nfz-Service","item":"https:\/\/www.krafthand.de\/truck\/kategorie\/nfz-service\/"},{"@type":"ListItem","position":3,"name":"Schmier-\/Betriebsstoffe","item":"https:\/\/www.krafthand.de\/truck\/kategorie\/nfz-service\/schmierstoffe\/"},{"@type":"ListItem","position":4,"name":"LIQUI MOLY investiert in die Erweiterung seiner Produktion in Ulm"}]},{"@type":"WebSite","@id":"https:\/\/www.krafthand.de\/truck\/#website","url":"https:\/\/www.krafthand.de\/truck\/","name":"Krafthand-Truck","description":"","potentialAction":[{"@type":"SearchAction","target":{"@type":"EntryPoint","urlTemplate":"https:\/\/www.krafthand.de\/truck\/?s={search_term_string}"},"query-input":{"@type":"PropertyValueSpecification","valueRequired":true,"valueName":"search_term_string"}}],"inLanguage":"de"},{"@type":"Person","@id":"https:\/\/www.krafthand.de\/truck\/#\/schema\/person\/51fa80b1c57034c4bf63f9f988fc24ce","name":"georg.blenk@krafthand-medien.de","image":{"@type":"ImageObject","inLanguage":"de","@id":"https:\/\/secure.gravatar.com\/avatar\/93713c30affe0aa95d3a4130e499bb1abee2eb31adbdd9ce2aa1543538490215?s=96&d=mm&r=g","url":"https:\/\/secure.gravatar.com\/avatar\/93713c30affe0aa95d3a4130e499bb1abee2eb31adbdd9ce2aa1543538490215?s=96&d=mm&r=g","contentUrl":"https:\/\/secure.gravatar.com\/avatar\/93713c30affe0aa95d3a4130e499bb1abee2eb31adbdd9ce2aa1543538490215?s=96&d=mm&r=g","caption":"georg.blenk@krafthand-medien.de"}}]}},"_links":{"self":[{"href":"https:\/\/www.krafthand.de\/truck\/wp-json\/wp\/v2\/posts\/37965","targetHints":{"allow":["GET"]}}],"collection":[{"href":"https:\/\/www.krafthand.de\/truck\/wp-json\/wp\/v2\/posts"}],"about":[{"href":"https:\/\/www.krafthand.de\/truck\/wp-json\/wp\/v2\/types\/post"}],"author":[{"embeddable":true,"href":"https:\/\/www.krafthand.de\/truck\/wp-json\/wp\/v2\/users\/9"}],"replies":[{"embeddable":true,"href":"https:\/\/www.krafthand.de\/truck\/wp-json\/wp\/v2\/comments?post=37965"}],"version-history":[{"count":6,"href":"https:\/\/www.krafthand.de\/truck\/wp-json\/wp\/v2\/posts\/37965\/revisions"}],"predecessor-version":[{"id":37973,"href":"https:\/\/www.krafthand.de\/truck\/wp-json\/wp\/v2\/posts\/37965\/revisions\/37973"}],"wp:featuredmedia":[{"embeddable":true,"href":"https:\/\/www.krafthand.de\/truck\/wp-json\/wp\/v2\/media\/37967"}],"wp:attachment":[{"href":"https:\/\/www.krafthand.de\/truck\/wp-json\/wp\/v2\/media?parent=37965"}],"wp:term":[{"taxonomy":"category","embeddable":true,"href":"https:\/\/www.krafthand.de\/truck\/wp-json\/wp\/v2\/categories?post=37965"},{"taxonomy":"post_tag","embeddable":true,"href":"https:\/\/www.krafthand.de\/truck\/wp-json\/wp\/v2\/tags?post=37965"},{"taxonomy":"settings","embeddable":true,"href":"https:\/\/www.krafthand.de\/truck\/wp-json\/wp\/v2\/settings?post=37965"}],"curies":[{"name":"wp","href":"https:\/\/api.w.org\/{rel}","templated":true}]}}