{"id":37963,"date":"2023-11-21T16:36:44","date_gmt":"2023-11-21T15:36:44","guid":{"rendered":"https:\/\/www.krafthand.de\/truck\/?p=37963"},"modified":"2023-11-23T10:12:54","modified_gmt":"2023-11-23T09:12:54","slug":"eine-milliarde-investiert-iveco-zuendet-feuerwerk-an-neuerungen","status":"publish","type":"post","link":"https:\/\/www.krafthand.de\/truck\/artikel\/eine-milliarde-investiert-iveco-zuendet-feuerwerk-an-neuerungen-37963\/","title":{"rendered":"Eine Milliarde investiert: IVECO z\u00fcndet Feuerwerk an Neuerungen"},"content":{"rendered":"<p>Unter dem Motto <strong>&#8218;Be the Change&#8216;<\/strong> pr\u00e4sentierte IVECO am 15. und 16. November eine rundum erneuerte Produktpalette, technische Detaill\u00f6sungen und die Erweiterung des Serviceangebots. Im Messezentrum von Barcelona waren \u00fcber 1.200 H\u00e4ndler, Kunden und Partner aus aller Welt zugegen. Im Mittelpunkt der Veranstaltung stand die IVECO Way-Baureihe mit dem weiterentwickelten xCursor13-Motor und neuem Traxon Gen. 2 Getriebe (Diesel, CNG, LNG)<em>,\u00a0<\/em>der \u00fcberarbeitete, batterieelektrische Transporter eDaily, die ebenfalls \u00fcberarbeiteten Trucks S-eWay und F-eWay (vormals Nikola), der Brennstoffzellen-Lkw S-eWay H2 und der Eurocargo mit neuem CNG-Motor. Die technischen Neuerungen betrafen gleichsam den Antriebsstrang, das Interieur und Exterieur aber auch diverse Flottenmanagement-L\u00f6sungen und die Digitalisierung per-se.<\/p>\n<h3>Eine Milliarde Euro Invest<\/h3>\n<figure id=\"attachment_38059\" aria-describedby=\"caption-attachment-38059\" style=\"width: 320px\" class=\"wp-caption alignright\"><a href=\"https:\/\/static.krafthand-truck.de\/uploads\/2023\/11\/IVECO_Neues_Logo.jpg\" target=\"_blank\" rel=\"noopener\"><img decoding=\"async\" class=\"wp-image-38059\" src=\"https:\/\/static.krafthand-truck.de\/uploads\/2023\/11\/IVECO_Neues_Logo-300x87.jpg\" alt=\"\" width=\"320\" height=\"93\" srcset=\"https:\/\/static.krafthand-truck.de\/uploads\/2023\/11\/IVECO_Neues_Logo-300x87.jpg 300w, https:\/\/static.krafthand-truck.de\/uploads\/2023\/11\/IVECO_Neues_Logo-1024x297.jpg 1024w, https:\/\/static.krafthand-truck.de\/uploads\/2023\/11\/IVECO_Neues_Logo-768x223.jpg 768w, https:\/\/static.krafthand-truck.de\/uploads\/2023\/11\/IVECO_Neues_Logo.jpg 1200w\" sizes=\"(max-width: 320px) 100vw, 320px\" \/><\/a><figcaption id=\"caption-attachment-38059\" class=\"wp-caption-text\">IVECO hat in Barcelona auch das neue Logo vorgestellt. Bild: IVECO<\/figcaption><\/figure>\n<p>Tats\u00e4chlich hat IVECO zum ersten Mal in seiner Geschichte auf einen Schlag seine gesamte Produktpalette mit einer Investition von einer Milliarde Euro erneuert \u2013 die gr\u00f6\u00dfte Investition, die das Unternehmen je get\u00e4tigt hat. Bei der Entwicklung habe sich der italienische Lkw-Bauer auf vier S\u00e4ulen konzentriert: Business Productivity, Driver Experience, Sustainability und Connectivity.<\/p>\n<blockquote><p>\u201eHeute schlagen wir ein neues Kapitel in unserer Geschichte auf. Mit der Einf\u00fchrung des Modelljahrs 2024 zeigen wir, dass wir kontinuierlich voranschreiten, uns f\u00fcr unsere Kunden engagieren und ihren Erfolg mit einem 360-Grad-Mobilit\u00e4ts-\u00d6kosystem, der Auswahl der f\u00fcr ihre Anforderungen am besten geeigneten Technologie in allen Segmenten und dem umfassendsten Serviceangebot unterst\u00fctzen&#8220;, so Luca Sra, Pr\u00e4sident der Truck Business Unit der Iveco Group.<\/p><\/blockquote>\n<h3>Heavy-Metal<\/h3>\n<p>Ein weiteres Highlight in Barcelona war die Vorstellung des neuen, \u00fcberarbeiteten IVECO-Logos sowie die Kooperation mit der &#8218;Heavy-Metal-Band&#8216; Metallica. Schlagzeuger Lars Ulrich richtete am Donnerstag-Abend per Video eine Gru\u00dfbotschaft an alle Teilnehmer, zahlreiche Mitarbeiter und Mitarbeiterinnen trugen ein Metallica-Shirt &#8211; inklusive CEO Gerrit Marx.<\/p>\n<figure id=\"attachment_38028\" aria-describedby=\"caption-attachment-38028\" style=\"width: 800px\" class=\"wp-caption aligncenter\"><a href=\"https:\/\/static.krafthand-truck.de\/uploads\/2023\/11\/IVECO_Metallica_Lars_Ulrich.jpg\" rel=\"noopener\"><img fetchpriority=\"high\" decoding=\"async\" class=\"wp-image-38028\" src=\"https:\/\/static.krafthand-truck.de\/uploads\/2023\/11\/IVECO_Metallica_Lars_Ulrich-300x179.jpg\" alt=\"\" width=\"800\" height=\"478\" srcset=\"https:\/\/static.krafthand-truck.de\/uploads\/2023\/11\/IVECO_Metallica_Lars_Ulrich-300x179.jpg 300w, https:\/\/static.krafthand-truck.de\/uploads\/2023\/11\/IVECO_Metallica_Lars_Ulrich-1024x612.jpg 1024w, https:\/\/static.krafthand-truck.de\/uploads\/2023\/11\/IVECO_Metallica_Lars_Ulrich-768x459.jpg 768w, https:\/\/static.krafthand-truck.de\/uploads\/2023\/11\/IVECO_Metallica_Lars_Ulrich.jpg 1200w\" sizes=\"(max-width: 800px) 100vw, 800px\" \/><\/a><figcaption id=\"caption-attachment-38028\" class=\"wp-caption-text\">Metallica-Schlagzeuger Lars Ulrich richtete am Donnerstag-Abend per Video eine Gru\u00dfbotschaft an die geladenen G\u00e4ste.<\/figcaption><\/figure>\n<p>Die Band wird auf der n\u00e4chsten World-Tour 2024 IVECO-Trucks f\u00fcr den Transport des Equipments einsetzen. IVECO liefert den batterieelektrischen S-eWay und den S-Way LNG in einem Metallica-Sondermodell mit einer speziell entworfenen Lackierung in den Farben des Albums &#8217;72 Seasons&#8216;. eDaily- und Daily CNG-Kleinbusse, ebenfalls in der Metallica-Lackierung, stehen der Crew w\u00e4hrend der Konzerte 2024 als Shuttle-Service zur Verf\u00fcgung. Zudem untermalt ein eigener Metallica-Song die Werbevideos von IVECO.<\/p>\n<h3>Neuer Motor, neues Getriebe f\u00fcr die Way-Baureihe<\/h3>\n<figure id=\"attachment_38027\" aria-describedby=\"caption-attachment-38027\" style=\"width: 420px\" class=\"wp-caption alignright\"><a href=\"https:\/\/static.krafthand-truck.de\/uploads\/2023\/11\/IVECO_XCursor13_Motor_FPT.jpg\" target=\"_blank\" rel=\"noopener\"><img decoding=\"async\" class=\"wp-image-38027\" src=\"https:\/\/static.krafthand-truck.de\/uploads\/2023\/11\/IVECO_XCursor13_Motor_FPT-300x190.jpg\" alt=\"\" width=\"420\" height=\"266\" srcset=\"https:\/\/static.krafthand-truck.de\/uploads\/2023\/11\/IVECO_XCursor13_Motor_FPT-300x190.jpg 300w, https:\/\/static.krafthand-truck.de\/uploads\/2023\/11\/IVECO_XCursor13_Motor_FPT-1024x649.jpg 1024w, https:\/\/static.krafthand-truck.de\/uploads\/2023\/11\/IVECO_XCursor13_Motor_FPT-768x486.jpg 768w, https:\/\/static.krafthand-truck.de\/uploads\/2023\/11\/IVECO_XCursor13_Motor_FPT.jpg 1200w\" sizes=\"(max-width: 420px) 100vw, 420px\" \/><\/a><figcaption id=\"caption-attachment-38027\" class=\"wp-caption-text\">xCursor13: Die Motorbremse ist um 30 Prozent effektiver und in der Lage, den Retarder in den meisten Einsatzszenarien zu ersetzen.<\/figcaption><\/figure>\n<p>Das neue Diesel-Aggregat der Schwestermarke FPT-Industrial, der xCursor13, kommt ebenfalls mit zahlreiche Neuerungen, die f\u00fcr mehr Kraftstoffeffizienz und Leistung sorgen, daher. So sorgt ein neuer Turbolader der Cummins-Tochter Holset (VGT-Lader) mit Dual-Flow-Technologie f\u00fcr Downspeeding. Der Motor l\u00e4uft mit einem h\u00f6heren Einspritzdruck (2.500 bar) und verf\u00fcgt \u00fcber einen leichteren Zylinder-Kopf und -Block, diverse Smart-Auxiliaries und eine Reibungsreduzierung sorgen laut IVECO f\u00fcr mehr Effizienz. Die Konfiguration mit bis zu 580 PS und 2.800 Nm Drehmoment ist ideal f\u00fcr schwere Eins\u00e4tze, die maximale Leistung erfordern, w\u00e4hrend die 500-PS-Variante mit 2.600 Nm Drehmoment ideal f\u00fcr die Effizienzmaximierung auf Langstreckeneins\u00e4tzen ist und die Kraftstoffeffizienz im Vergleich zum Vorg\u00e4ngermodell laut IVECO um bis zu zehn Prozent verbessert.\u00a0 Ebenfalls neu: Der vorausschauende GPS-Tempomat kann Kurven und Kreisverkehre erkennen und die Geschwindigkeit entsprechend anpassen. Der Eco-Fahrmodus wird durch die Schaltstrategie, Drehmomentverf\u00fcgbarkeit und EcoRoll optimiert und l\u00e4sst sich sogar \u00fcber die Telematik fernsteuern. Letztendlich ist der xCursor13 um zehn Prozent leichter, w\u00e4hrend die Lebensdauer jetzt bis zu 1,6 Millionen Kilometer betr\u00e4gt, 33 Prozent mehr als beim Vorg\u00e4ngermodell. Die 17xHE-Meritor-Achse mit schnellerer \u00dcbersetzung sowie ein reaktionsschnellen 12-Gang-Getriebe TRAXON Gen2 von ZF ist f\u00fcr eine noch sanftere Kraft\u00fcbertragung verantwortlich. Das neue Getriebe bietet zudem Neuerungen wie den Schaltassistenten, der die Schaltvorg\u00e4nge und die Motorbremse synchronisiert, und den R\u00fcckfahrassistenten, der nach Bet\u00e4tigung der R\u00fcckw\u00e4rtsgangtaste bei Schrittgeschwindigkeit automatisch anh\u00e4lt und den R\u00fcckw\u00e4rtsgang einlegt. Der neue Motor ist auch f\u00fcr den Betrieb mit CNG und (Bio-) LNG geeignet.<\/p>\n<h3>Die E-Achse eAX 840-R<\/h3>\n<figure id=\"attachment_38035\" aria-describedby=\"caption-attachment-38035\" style=\"width: 420px\" class=\"wp-caption alignleft\"><a href=\"https:\/\/static.krafthand-truck.de\/uploads\/2023\/11\/IVECO_eAchse_eAX_840_R.jpg\" target=\"_blank\" rel=\"noopener\"><img loading=\"lazy\" decoding=\"async\" class=\"wp-image-38035\" src=\"https:\/\/static.krafthand-truck.de\/uploads\/2023\/11\/IVECO_eAchse_eAX_840_R-300x184.jpg\" alt=\"\" width=\"420\" height=\"257\" srcset=\"https:\/\/static.krafthand-truck.de\/uploads\/2023\/11\/IVECO_eAchse_eAX_840_R-300x184.jpg 300w, https:\/\/static.krafthand-truck.de\/uploads\/2023\/11\/IVECO_eAchse_eAX_840_R-1024x627.jpg 1024w, https:\/\/static.krafthand-truck.de\/uploads\/2023\/11\/IVECO_eAchse_eAX_840_R-768x470.jpg 768w, https:\/\/static.krafthand-truck.de\/uploads\/2023\/11\/IVECO_eAchse_eAX_840_R.jpg 1200w\" sizes=\"(max-width: 420px) 100vw, 420px\" \/><\/a><figcaption id=\"caption-attachment-38035\" class=\"wp-caption-text\">Die zweimotorige E-Achse stammt ebenfalls von FPT Industrial.<\/figcaption><\/figure>\n<p>Die 4&#215;2 IVECO S-eWay Sattelzugmaschine wird von der zweimotorigen eAchse\u00a0 eAX 840-R von FPT Industrial angetrieben. Sie verf\u00fcgt \u00fcber eine Dauerleistung von 480 kW und einem Drehmoment von 1.800 Nm. Die eAchse zeigt laut IVECO nicht nur die beste dynamische Leistung ihrer Klasse, sondern auch ein kompaktes Design, das es zul\u00e4sst, alle Batteriemodule im Fahrgestell unterzubringen, sodass kein Batterie-Rucksack hinter dem Fahrerhaus erforderlich ist. Sechs Rekuperations-Modi tragen zur Maximierung der Effizienz bei und geben dem Fahrer mehr Kontrolle \u00fcber das Verhalten des Antriebsstrangs.<br \/>\nDer vollelektrische IVECO S-eWay kann hat eine Reichweite von <strong>bis zu 500 Kilometern<\/strong> (Hub-to-Hub- oder Hub-to-City), ohne dass nachgeladen werden muss. Angetrieben wird das Fahrzeug von einem Batteriesystem, das aus <strong>neun<\/strong> 82-kWh-Batterien mit einer Gesamtkapazit\u00e4t von 738 kWh besteht. Mit einer Schnellladeleistung von bis zu 350 kW kann der S-eWay innerhalb von 90 Minuten 80 Prozent der Batterie aufladen. Die Batterien sind laut IVECO dank entsprechendem Thermomanagementsystem auch bei extremen Temperaturen von -30 bis +50 \u00b0C optimal einsetzbar.<\/p>\n<h3>Fahrzeugupdates<\/h3>\n<p>In Barcelona konnte man die Fahrzeuge auch live erleben. Neben dem Antriebsstrang und dem Fahrwerk wurde an der Aerodynamik und an der Ausstattung der Fahrgastzelle gearbeitet.\u00a0 Schlie\u00dflich wollte IVECO auch die &#8218;Driver Experience&#8216; verbessern. So versorgt im neuen S-Way ein grafikreiches digitales 10- oder 12-Zoll-Instrumentendisplay den Fahrer mit Fahrzeuginformationen, wobei sich der Bildschirm nach individuellen Vorlieben konfigurieren l\u00e4sst. Ein ADAS-Interface und die vollst\u00e4ndige Integration in das Infotainment-System sorgen f\u00fcr eine \u00fcbersichtliche Darstellung der Informationen und reduzieren laut IVECO die kognitive Belastung des Fahrers. Apple CarPlay und Android Auto lassen den Zugriff auf alle Apps auf dem Smartphone des Fahrers zu, w\u00e4hrend das neue System auch die gleichzeitige Kopplung von zwei Mobiltelefonen \u00fcber Bluetooth bewerkstelligen kann. Die Instrumentenanzeige des neuen S-Way \/ S-eWay kommt ebenfalls neu gestaltet daher und gl\u00e4nzt durch durch Multilayer-Darstellung. Auch der Arbeitsplatz des eDaily ist v\u00f6llig neu gestaltet worden.<\/p>\n<h3>Galerie und neues Cockpit Modelljahr 2024<\/h3>\n<div class=\"gallery-container\"><div class=\"owl-carousel owl-theme\">\r\n        <div>\r\n        \t<img decoding=\"async\" src=\"https:\/\/static.krafthand-truck.de\/uploads\/2023\/11\/IVECO_S_eWay_H2-1024x645.jpg\" alt=\"\" \/>\r\n          <a href=\"https:\/\/static.krafthand-truck.de\/uploads\/2023\/11\/IVECO_S_eWay_H2-1024x645.jpg\" data-featherlight=\"gallery_69f54c41f0358\" class=\"gallery-expand\" data-title=\"Der Brennstoffzellen-Truck S eWay H2.\"><i class=\"fa fa-expand\" aria-hidden=\"true\"><\/i><\/a>\r\n        \t<div class=\"gallery-caption wp-caption-text\"><p>Der Brennstoffzellen-Truck S eWay H2.<\/p>\n<\/div>\r\n        <\/div>\r\n        <div>\r\n        \t<img decoding=\"async\" src=\"https:\/\/static.krafthand-truck.de\/uploads\/2023\/11\/IVECO_S_eWay_Front-1024x661.jpg\" alt=\"\" \/>\r\n          <a href=\"https:\/\/static.krafthand-truck.de\/uploads\/2023\/11\/IVECO_S_eWay_Front-1024x661.jpg\" data-featherlight=\"gallery_69f54c41f0358\" class=\"gallery-expand\" data-title=\"Der S-eWay in der Frontansicht.\"><i class=\"fa fa-expand\" aria-hidden=\"true\"><\/i><\/a>\r\n        \t<div class=\"gallery-caption wp-caption-text\"><p>Der S-eWay in der Frontansicht.<\/p>\n<\/div>\r\n        <\/div>\r\n        <div>\r\n        \t<img decoding=\"async\" src=\"https:\/\/static.krafthand-truck.de\/uploads\/2023\/11\/IVECO_S_eWay-1024x647.jpg\" alt=\"\" \/>\r\n          <a href=\"https:\/\/static.krafthand-truck.de\/uploads\/2023\/11\/IVECO_S_eWay-1024x647.jpg\" data-featherlight=\"gallery_69f54c41f0358\" class=\"gallery-expand\" data-title=\"Der S-eWay.\"><i class=\"fa fa-expand\" aria-hidden=\"true\"><\/i><\/a>\r\n        \t<div class=\"gallery-caption wp-caption-text\"><p>Der S-eWay.<\/p>\n<\/div>\r\n        <\/div>\r\n        <div>\r\n        \t<img decoding=\"async\" src=\"https:\/\/static.krafthand-truck.de\/uploads\/2023\/11\/IVECO_S-WAY_Innenraum_2024-1024x754.jpg\" alt=\"\" \/>\r\n          <a href=\"https:\/\/static.krafthand-truck.de\/uploads\/2023\/11\/IVECO_S-WAY_Innenraum_2024-1024x754.jpg\" data-featherlight=\"gallery_69f54c41f0358\" class=\"gallery-expand\" data-title=\"Neues Cockpit f\u00fcr den S-Way, inklusive Starterknopf am Lenkrad, Modelljahr 2024. Bild: IVECO\"><i class=\"fa fa-expand\" aria-hidden=\"true\"><\/i><\/a>\r\n        \t<div class=\"gallery-caption wp-caption-text\"><p>Neues Cockpit f\u00fcr den S-Way, inklusive Starterknopf am Lenkrad, Modelljahr 2024. Bild: IVECO<\/p>\n<\/div>\r\n        <\/div>\r\n        <div>\r\n        \t<img decoding=\"async\" src=\"https:\/\/static.krafthand-truck.de\/uploads\/2023\/11\/IVECO_S-WAY_Innenraum_2024_Ablagen-1024x718.jpg\" alt=\"\" \/>\r\n          <a href=\"https:\/\/static.krafthand-truck.de\/uploads\/2023\/11\/IVECO_S-WAY_Innenraum_2024_Ablagen-1024x718.jpg\" data-featherlight=\"gallery_69f54c41f0358\" class=\"gallery-expand\" data-title=\"Das neue Cockpit des S-Way (Modelljahr 2024) inklusive Ablagen. Bild: IVECO\"><i class=\"fa fa-expand\" aria-hidden=\"true\"><\/i><\/a>\r\n        \t<div class=\"gallery-caption wp-caption-text\"><p>Das neue Cockpit des S-Way (Modelljahr 2024) inklusive Ablagen. Bild: IVECO<\/p>\n<\/div>\r\n        <\/div>\r\n        <div>\r\n        \t<img decoding=\"async\" src=\"https:\/\/static.krafthand-truck.de\/uploads\/2023\/11\/IVECO_12_Zoll_Instrumententafel-1024x749.jpg\" alt=\"\" \/>\r\n          <a href=\"https:\/\/static.krafthand-truck.de\/uploads\/2023\/11\/IVECO_12_Zoll_Instrumententafel-1024x749.jpg\" data-featherlight=\"gallery_69f54c41f0358\" class=\"gallery-expand\" data-title=\"12-Zoll-Display-Design mit Multilayer-Auslegung.\"><i class=\"fa fa-expand\" aria-hidden=\"true\"><\/i><\/a>\r\n        \t<div class=\"gallery-caption wp-caption-text\"><p>12-Zoll-Display-Design mit Multilayer-Auslegung.<\/p>\n<\/div>\r\n        <\/div>\r\n        <div>\r\n        \t<img decoding=\"async\" src=\"https:\/\/static.krafthand-truck.de\/uploads\/2023\/11\/IVECO_eDaily-1024x637.jpg\" alt=\"\" \/>\r\n          <a href=\"https:\/\/static.krafthand-truck.de\/uploads\/2023\/11\/IVECO_eDaily-1024x637.jpg\" data-featherlight=\"gallery_69f54c41f0358\" class=\"gallery-expand\" data-title=\"Der eDaily.\"><i class=\"fa fa-expand\" aria-hidden=\"true\"><\/i><\/a>\r\n        \t<div class=\"gallery-caption wp-caption-text\"><p>Der eDaily.<\/p>\n<\/div>\r\n        <\/div>\r\n        <div>\r\n        \t<img decoding=\"async\" src=\"https:\/\/static.krafthand-truck.de\/uploads\/2023\/11\/DAILY_Innenraum_MY24-1024x683.jpg\" alt=\"\" \/>\r\n          <a href=\"https:\/\/static.krafthand-truck.de\/uploads\/2023\/11\/DAILY_Innenraum_MY24-1024x683.jpg\" data-featherlight=\"gallery_69f54c41f0358\" class=\"gallery-expand\" data-title=\"Neues Cockpit f\u00fcr den Daily\/eDaily, Modelljahr 2024. Bild: IVECO\"><i class=\"fa fa-expand\" aria-hidden=\"true\"><\/i><\/a>\r\n        \t<div class=\"gallery-caption wp-caption-text\"><p>Neues Cockpit f\u00fcr den Daily\/eDaily, Modelljahr 2024. Bild: IVECO<\/p>\n<\/div>\r\n        <\/div>\r\n        <div>\r\n        \t<img decoding=\"async\" src=\"https:\/\/static.krafthand-truck.de\/uploads\/2023\/11\/IVECO_S_Way_X_Way-1024x637.jpg\" alt=\"\" \/>\r\n          <a href=\"https:\/\/static.krafthand-truck.de\/uploads\/2023\/11\/IVECO_S_Way_X_Way-1024x637.jpg\" data-featherlight=\"gallery_69f54c41f0358\" class=\"gallery-expand\" data-title=\"Der S-Way (l.) und der X-Way.\"><i class=\"fa fa-expand\" aria-hidden=\"true\"><\/i><\/a>\r\n        \t<div class=\"gallery-caption wp-caption-text\"><p>Der S-Way (l.) und der X-Way.<\/p>\n<\/div>\r\n        <\/div>\r\n        <div>\r\n        \t<img decoding=\"async\" src=\"https:\/\/static.krafthand-truck.de\/uploads\/2023\/11\/IVECO_Eigenschaften_X_Cursor_13_Motor-1024x694.jpg\" alt=\"\" \/>\r\n          <a href=\"https:\/\/static.krafthand-truck.de\/uploads\/2023\/11\/IVECO_Eigenschaften_X_Cursor_13_Motor-1024x694.jpg\" data-featherlight=\"gallery_69f54c41f0358\" class=\"gallery-expand\" data-title=\"Die Eigenschaften des neuen xCursor13-Motors.\"><i class=\"fa fa-expand\" aria-hidden=\"true\"><\/i><\/a>\r\n        \t<div class=\"gallery-caption wp-caption-text\"><p>Die Eigenschaften des neuen xCursor13-Motors.<\/p>\n<\/div>\r\n        <\/div>\r\n        <div>\r\n        \t<img decoding=\"async\" src=\"https:\/\/static.krafthand-truck.de\/uploads\/2023\/11\/IVECO_Eurocargo_CNG-1024x688.jpg\" alt=\"\" \/>\r\n          <a href=\"https:\/\/static.krafthand-truck.de\/uploads\/2023\/11\/IVECO_Eurocargo_CNG-1024x688.jpg\" data-featherlight=\"gallery_69f54c41f0358\" class=\"gallery-expand\" data-title=\"Mit neuen CNG-Motoren ist der Eurocargo das einzige Nutzfahrzeug von 12 bis 19 Tonnen mit Gasantrieb f\u00fcr die komplette Baureihe.\"><i class=\"fa fa-expand\" aria-hidden=\"true\"><\/i><\/a>\r\n        \t<div class=\"gallery-caption wp-caption-text\"><p>Mit neuen CNG-Motoren ist der Eurocargo das einzige Nutzfahrzeug von 12 bis 19 Tonnen mit Gasantrieb f\u00fcr die komplette Baureihe.<\/p>\n<\/div>\r\n        <\/div>\r\n        <div>\r\n        \t<img decoding=\"async\" src=\"https:\/\/static.krafthand-truck.de\/uploads\/2023\/11\/IVECO_Eurocargo_CNG_Tanks-1024x617.jpg\" alt=\"\" \/>\r\n          <a href=\"https:\/\/static.krafthand-truck.de\/uploads\/2023\/11\/IVECO_Eurocargo_CNG_Tanks-1024x617.jpg\" data-featherlight=\"gallery_69f54c41f0358\" class=\"gallery-expand\" data-title=\"CNG-Tanks des Eurocargo.\"><i class=\"fa fa-expand\" aria-hidden=\"true\"><\/i><\/a>\r\n        \t<div class=\"gallery-caption wp-caption-text\"><p>CNG-Tanks des Eurocargo.<\/p>\n<\/div>\r\n        <\/div><\/div><\/div>\r\n\t<script>\r\n\t\tjQuery(document).ready(function($){\r\n      setTimeout(function(){\r\n  \t\t\t$(\".owl-carousel\").owlCarousel({\r\n  \t\t\t\tloop:true,\r\n    \t\t\tmargin:10,\r\n    \t\t\tresponsiveClass:true,\r\n    \t\t\titems:1,\r\n    \t\t\tautoHeight: true,\r\n          nav: true,\r\n          URLhashListener: true,\r\n          startPosition: \"URLHash\",\r\n          navText: [\r\n            \"<i class='fa fa-chevron-left'><\/i>\",\r\n            \"<i class='fa fa-chevron-right'><\/i>\"\r\n          ],\r\n  \t\t\t});\r\n      }, 2000);\r\n\t\t});\r\n\t<\/script>\r\n\t\n<h3>Flottenmanagement und Services<\/h3>\n<p>IVECO bietet ein modular aufgebautes Serviceangebot mit unterschiedlichen digitalen Anwendungen und Flottenmanagement-L\u00f6sungen um die Uptime zu erh\u00f6hen, die (Werkstatt-)Performance, die Sicherheit und Konnectivit\u00e4t im Allgemeinen zu verbessern. Dazu geh\u00f6ren <strong>Productivity &amp; Efficiency Services<\/strong> die dem Kunden erm\u00f6glichen, den Kraftstoffverbrauch zu senken, die Routen der Fahrzeuge zu optimieren und den Fahrstil der Fahrer durch Berichte und Analysen zur Fahrzeugleistung zu verbessern.\u00a0Die <strong>Driver Care und Safety &amp; Security Services<\/strong> f\u00f6rdern einen sichereren Fahrstil, indem sie die Leistung des Fahrers analysieren, um die Sicherheit zu erh\u00f6hen und das Fahrerlebnis einfacher und komfortabler zu gestalten. Flottenmanager k\u00f6nnen zudem aus der Ferne auf die ADAS-Einstellungen des Fahrzeugs zugreifen, um jede Funktion individuell einzustellen oder die Option \u201emaximum safety\u201c auszuw\u00e4hlen, um die Fahrer zu unterst\u00fctzen und zur Verkehrssicherheit beizutragen. Was die Konnektivit\u00e4t angeht, so h\u00e4lt IVECO das Kundenportal IVECO ON und die Driver Apps vor.<br \/>\nIVECO hat dar\u00fcber hinaus ein umfassendes Portfolio an speziellen Services entwickelt, um Kunden den \u00dcbergang zum lokal emissionsfreien Stra\u00dfeng\u00fcterverkehr mit elektrisch angetriebenen Fahrzeugen zu erleichtern.<\/p>\n<h3>Fazit<\/h3>\n<p>IVECO zeigte in Barcelona eine Vielzahl an Innovationen und einen Einblick in die breit aufgestellte Modellpolitik 2024 und dar\u00fcber hinaus. Der Marken-Auftritt gestaltete sich verj\u00fcngt, modern und dank Metallica-Sound \u00fcberaus kraftvoll. &#8218;Be the change&#8216;, gelungen!<\/p>\n<div class=\"in-article ad\" data-track-content data-content-name=\"In Artikel Banner\" data-content-piece=\"Eine Milliarde investiert: IVECO z\u00fcndet Feuerwerk an Neuerungen - 37963\"><ins data-revive-zoneid=\"38\" data-revive-id=\"04237dfbc3c6f3bc11c0af02bebcbeab\"><\/ins><\/div>\n\r\n\t\t\t\t<div class=\"post-author\">\r\n\t\t\t\t\t<div class=\"khm-cp-author clearfix\">\r\n\t\t\t\t\t\t<div class=\"khm-cp-author__content\">\r\n\t\t\t\t\t\t\t\tKontakt zum Autor:<br \/>\r\n\t\t\t\t\t\t\t\t<strong>Georg Blenk<\/strong>, 08247 \/ 3007-45 |  <a href=\"mailto:georg.blenk@krafthand-medien.de\">georg.blenk@krafthand-medien.de<\/a>\r\n\t\t\t\t\t\t\t<div class=\"khm-cp-author__image\">\r\n\t\t\t\t\t\t<img src=\"https:\/\/static.krafthand-truck.de\/uploads\/2021\/01\/Blenk_6104-250x300-1-removebg-preview.png\" class=\"img-responsive\">\r\n\t\t\t\t\t<\/div>\r\n\t\t\t\t\t\t<\/div>\r\n\t\t\t\t\t<\/div>\r\n\t\t\t\t<\/div>\r\n\t\t\t\t","protected":false},"excerpt":{"rendered":"<p>Unter dem Motto &#8218;Be the Change&#8216; pr\u00e4sentierte IVECO am 15. und 16. November eine erneuerte Produktpalette, technische Detaill\u00f6sungen und die Erweiterung des Serviceangebots. Im Messezentrum von Barcelona waren \u00fcber 1.200 H\u00e4ndler, Kunden und Partner aus aller Welt zugegen. Sie konnten sich im Detail \u00fcber die zahlreichen technischen Neuerungen, die den Antriebsstrang, das Interieur, das Exterieur sowie das Flottenmanagement und die Digitalisierung betrafen, informieren. <span class=\"excerpt-more__dots\">&#8230;<\/span> <a class=\"excerpt-more__link\" href=\"https:\/\/www.krafthand.de\/truck\/artikel\/eine-milliarde-investiert-iveco-zuendet-feuerwerk-an-neuerungen-37963\/\" >weiter<\/a><\/p>\n","protected":false},"author":9,"featured_media":37993,"comment_status":"closed","ping_status":"closed","sticky":false,"template":"","format":"standard","meta":{"footnotes":""},"categories":[4224,4235],"tags":[4511,5466,5787,4348,29,5786],"settings":[3524,4766,3523],"class_list":["post-37963","post","type-post","status-publish","format-standard","has-post-thumbnail","hentry","category-e-antrieb","category-unternehmen","tag-bev","tag-edaily","tag-eurocargo","tag-fcev","tag-iveco","tag-s-eway"],"yoast_head":"<!-- This site is optimized with the Yoast SEO plugin v27.3 - https:\/\/yoast.com\/product\/yoast-seo-wordpress\/ -->\n<title>Eine Milliarde investiert: IVECO z\u00fcndet Feuerwerk an Neuerungen - Krafthand-Truck<\/title>\n<meta name=\"description\" content=\"IVECO pr\u00e4sentierte am 15. und 16.11. in Barcelona eine erneuerte Produktpalette, technische Detaill\u00f6sungen und die Erweiterung des Serviceangebots.\" \/>\n<meta name=\"robots\" content=\"index, follow, max-snippet:-1, max-image-preview:large, max-video-preview:-1\" \/>\n<link rel=\"canonical\" href=\"https:\/\/www.krafthand.de\/truck\/artikel\/eine-milliarde-investiert-iveco-zuendet-feuerwerk-an-neuerungen-37963\/\" \/>\n<meta property=\"og:locale\" content=\"de_DE\" \/>\n<meta property=\"og:type\" content=\"article\" \/>\n<meta property=\"og:title\" content=\"Eine Milliarde investiert: IVECO z\u00fcndet Feuerwerk an Neuerungen - Krafthand-Truck\" \/>\n<meta property=\"og:description\" content=\"IVECO pr\u00e4sentierte am 15. und 16.11. in Barcelona eine erneuerte Produktpalette, technische Detaill\u00f6sungen und die Erweiterung des Serviceangebots.\" \/>\n<meta property=\"og:url\" content=\"https:\/\/www.krafthand-truck.de\/artikel\/eine-milliarde-investiert-iveco-zuendet-feuerwerk-an-neuerungen-37963\/\" \/>\n<meta property=\"og:site_name\" content=\"Krafthand-Truck\" \/>\n<meta property=\"article:published_time\" content=\"2023-11-21T15:36:44+00:00\" \/>\n<meta property=\"article:modified_time\" content=\"2023-11-23T09:12:54+00:00\" \/>\n<meta property=\"og:image\" content=\"https:\/\/static.krafthand-truck.de\/uploads\/2023\/11\/IVECO_Be_the_Change_Barcelona_01.jpg\" \/>\n\t<meta property=\"og:image:width\" content=\"1200\" \/>\n\t<meta property=\"og:image:height\" content=\"636\" \/>\n\t<meta property=\"og:image:type\" content=\"image\/jpeg\" \/>\n<meta name=\"author\" content=\"georg.blenk@krafthand-medien.de\" \/>\n<meta name=\"twitter:card\" content=\"summary_large_image\" \/>\n<meta name=\"twitter:label1\" content=\"Verfasst von\" \/>\n\t<meta name=\"twitter:data1\" content=\"georg.blenk@krafthand-medien.de\" \/>\n\t<meta name=\"twitter:label2\" content=\"Gesch\u00e4tzte Lesezeit\" \/>\n\t<meta name=\"twitter:data2\" content=\"7\u00a0Minuten\" \/>\n<script type=\"application\/ld+json\" class=\"yoast-schema-graph\">{\"@context\":\"https:\\\/\\\/schema.org\",\"@graph\":[{\"@type\":\"Article\",\"@id\":\"https:\\\/\\\/www.krafthand.de\\\/truck\\\/artikel\\\/eine-milliarde-investiert-iveco-zuendet-feuerwerk-an-neuerungen-37963\\\/#article\",\"isPartOf\":{\"@id\":\"https:\\\/\\\/www.krafthand.de\\\/truck\\\/artikel\\\/eine-milliarde-investiert-iveco-zuendet-feuerwerk-an-neuerungen-37963\\\/\"},\"author\":{\"name\":\"georg.blenk@krafthand-medien.de\",\"@id\":\"https:\\\/\\\/www.krafthand.de\\\/truck\\\/#\\\/schema\\\/person\\\/51fa80b1c57034c4bf63f9f988fc24ce\"},\"headline\":\"Eine Milliarde investiert: IVECO z\u00fcndet Feuerwerk an Neuerungen\",\"datePublished\":\"2023-11-21T15:36:44+00:00\",\"dateModified\":\"2023-11-23T09:12:54+00:00\",\"mainEntityOfPage\":{\"@id\":\"https:\\\/\\\/www.krafthand.de\\\/truck\\\/artikel\\\/eine-milliarde-investiert-iveco-zuendet-feuerwerk-an-neuerungen-37963\\\/\"},\"wordCount\":1240,\"image\":{\"@id\":\"https:\\\/\\\/www.krafthand.de\\\/truck\\\/artikel\\\/eine-milliarde-investiert-iveco-zuendet-feuerwerk-an-neuerungen-37963\\\/#primaryimage\"},\"thumbnailUrl\":\"https:\\\/\\\/static.krafthand-truck.de\\\/uploads\\\/2023\\\/11\\\/IVECO_Be_the_Change_Barcelona_01.jpg\",\"keywords\":[\"BEV\",\"eDaily\",\"Eurocargo\",\"FCEV\",\"Iveco\",\"S-eWay\"],\"articleSection\":[\"E-Antrieb (BEV\\\/FCEV)\",\"Unternehmen\"],\"inLanguage\":\"de\"},{\"@type\":\"WebPage\",\"@id\":\"https:\\\/\\\/www.krafthand.de\\\/truck\\\/artikel\\\/eine-milliarde-investiert-iveco-zuendet-feuerwerk-an-neuerungen-37963\\\/\",\"url\":\"https:\\\/\\\/www.krafthand.de\\\/truck\\\/artikel\\\/eine-milliarde-investiert-iveco-zuendet-feuerwerk-an-neuerungen-37963\\\/\",\"name\":\"Eine Milliarde investiert: IVECO z\u00fcndet Feuerwerk an Neuerungen - Krafthand-Truck\",\"isPartOf\":{\"@id\":\"https:\\\/\\\/www.krafthand.de\\\/truck\\\/#website\"},\"primaryImageOfPage\":{\"@id\":\"https:\\\/\\\/www.krafthand.de\\\/truck\\\/artikel\\\/eine-milliarde-investiert-iveco-zuendet-feuerwerk-an-neuerungen-37963\\\/#primaryimage\"},\"image\":{\"@id\":\"https:\\\/\\\/www.krafthand.de\\\/truck\\\/artikel\\\/eine-milliarde-investiert-iveco-zuendet-feuerwerk-an-neuerungen-37963\\\/#primaryimage\"},\"thumbnailUrl\":\"https:\\\/\\\/static.krafthand-truck.de\\\/uploads\\\/2023\\\/11\\\/IVECO_Be_the_Change_Barcelona_01.jpg\",\"datePublished\":\"2023-11-21T15:36:44+00:00\",\"dateModified\":\"2023-11-23T09:12:54+00:00\",\"author\":{\"@id\":\"https:\\\/\\\/www.krafthand.de\\\/truck\\\/#\\\/schema\\\/person\\\/51fa80b1c57034c4bf63f9f988fc24ce\"},\"description\":\"IVECO pr\u00e4sentierte am 15. und 16.11. in Barcelona eine erneuerte Produktpalette, technische Detaill\u00f6sungen und die Erweiterung des Serviceangebots.\",\"breadcrumb\":{\"@id\":\"https:\\\/\\\/www.krafthand.de\\\/truck\\\/artikel\\\/eine-milliarde-investiert-iveco-zuendet-feuerwerk-an-neuerungen-37963\\\/#breadcrumb\"},\"inLanguage\":\"de\",\"potentialAction\":[{\"@type\":\"ReadAction\",\"target\":[\"https:\\\/\\\/www.krafthand.de\\\/truck\\\/artikel\\\/eine-milliarde-investiert-iveco-zuendet-feuerwerk-an-neuerungen-37963\\\/\"]}]},{\"@type\":\"ImageObject\",\"inLanguage\":\"de\",\"@id\":\"https:\\\/\\\/www.krafthand.de\\\/truck\\\/artikel\\\/eine-milliarde-investiert-iveco-zuendet-feuerwerk-an-neuerungen-37963\\\/#primaryimage\",\"url\":\"https:\\\/\\\/static.krafthand-truck.de\\\/uploads\\\/2023\\\/11\\\/IVECO_Be_the_Change_Barcelona_01.jpg\",\"contentUrl\":\"https:\\\/\\\/static.krafthand-truck.de\\\/uploads\\\/2023\\\/11\\\/IVECO_Be_the_Change_Barcelona_01.jpg\",\"width\":1200,\"height\":636},{\"@type\":\"BreadcrumbList\",\"@id\":\"https:\\\/\\\/www.krafthand.de\\\/truck\\\/artikel\\\/eine-milliarde-investiert-iveco-zuendet-feuerwerk-an-neuerungen-37963\\\/#breadcrumb\",\"itemListElement\":[{\"@type\":\"ListItem\",\"position\":1,\"name\":\"Krafthand-Truck\",\"item\":\"https:\\\/\\\/www.krafthand.de\\\/truck\\\/\"},{\"@type\":\"ListItem\",\"position\":2,\"name\":\"Nfz-Branche\",\"item\":\"https:\\\/\\\/www.krafthand.de\\\/truck\\\/kategorie\\\/branche\\\/\"},{\"@type\":\"ListItem\",\"position\":3,\"name\":\"Unternehmen\",\"item\":\"https:\\\/\\\/www.krafthand.de\\\/truck\\\/kategorie\\\/branche\\\/unternehmen\\\/\"},{\"@type\":\"ListItem\",\"position\":4,\"name\":\"Eine Milliarde investiert: IVECO z\u00fcndet Feuerwerk an Neuerungen\"}]},{\"@type\":\"WebSite\",\"@id\":\"https:\\\/\\\/www.krafthand.de\\\/truck\\\/#website\",\"url\":\"https:\\\/\\\/www.krafthand.de\\\/truck\\\/\",\"name\":\"Krafthand-Truck\",\"description\":\"\",\"potentialAction\":[{\"@type\":\"SearchAction\",\"target\":{\"@type\":\"EntryPoint\",\"urlTemplate\":\"https:\\\/\\\/www.krafthand.de\\\/truck\\\/?s={search_term_string}\"},\"query-input\":{\"@type\":\"PropertyValueSpecification\",\"valueRequired\":true,\"valueName\":\"search_term_string\"}}],\"inLanguage\":\"de\"},{\"@type\":\"Person\",\"@id\":\"https:\\\/\\\/www.krafthand.de\\\/truck\\\/#\\\/schema\\\/person\\\/51fa80b1c57034c4bf63f9f988fc24ce\",\"name\":\"georg.blenk@krafthand-medien.de\",\"image\":{\"@type\":\"ImageObject\",\"inLanguage\":\"de\",\"@id\":\"https:\\\/\\\/secure.gravatar.com\\\/avatar\\\/93713c30affe0aa95d3a4130e499bb1abee2eb31adbdd9ce2aa1543538490215?s=96&d=mm&r=g\",\"url\":\"https:\\\/\\\/secure.gravatar.com\\\/avatar\\\/93713c30affe0aa95d3a4130e499bb1abee2eb31adbdd9ce2aa1543538490215?s=96&d=mm&r=g\",\"contentUrl\":\"https:\\\/\\\/secure.gravatar.com\\\/avatar\\\/93713c30affe0aa95d3a4130e499bb1abee2eb31adbdd9ce2aa1543538490215?s=96&d=mm&r=g\",\"caption\":\"georg.blenk@krafthand-medien.de\"}}]}<\/script>\n<!-- \/ Yoast SEO plugin. -->","yoast_head_json":{"title":"Eine Milliarde investiert: IVECO z\u00fcndet Feuerwerk an Neuerungen - Krafthand-Truck","description":"IVECO pr\u00e4sentierte am 15. und 16.11. in Barcelona eine erneuerte Produktpalette, technische Detaill\u00f6sungen und die Erweiterung des Serviceangebots.","robots":{"index":"index","follow":"follow","max-snippet":"max-snippet:-1","max-image-preview":"max-image-preview:large","max-video-preview":"max-video-preview:-1"},"canonical":"https:\/\/www.krafthand.de\/truck\/artikel\/eine-milliarde-investiert-iveco-zuendet-feuerwerk-an-neuerungen-37963\/","og_locale":"de_DE","og_type":"article","og_title":"Eine Milliarde investiert: IVECO z\u00fcndet Feuerwerk an Neuerungen - Krafthand-Truck","og_description":"IVECO pr\u00e4sentierte am 15. und 16.11. in Barcelona eine erneuerte Produktpalette, technische Detaill\u00f6sungen und die Erweiterung des Serviceangebots.","og_url":"https:\/\/www.krafthand-truck.de\/artikel\/eine-milliarde-investiert-iveco-zuendet-feuerwerk-an-neuerungen-37963\/","og_site_name":"Krafthand-Truck","article_published_time":"2023-11-21T15:36:44+00:00","article_modified_time":"2023-11-23T09:12:54+00:00","og_image":[{"width":1200,"height":636,"url":"https:\/\/static.krafthand-truck.de\/uploads\/2023\/11\/IVECO_Be_the_Change_Barcelona_01.jpg","type":"image\/jpeg"}],"author":"georg.blenk@krafthand-medien.de","twitter_card":"summary_large_image","twitter_misc":{"Verfasst von":"georg.blenk@krafthand-medien.de","Gesch\u00e4tzte Lesezeit":"7\u00a0Minuten"},"schema":{"@context":"https:\/\/schema.org","@graph":[{"@type":"Article","@id":"https:\/\/www.krafthand.de\/truck\/artikel\/eine-milliarde-investiert-iveco-zuendet-feuerwerk-an-neuerungen-37963\/#article","isPartOf":{"@id":"https:\/\/www.krafthand.de\/truck\/artikel\/eine-milliarde-investiert-iveco-zuendet-feuerwerk-an-neuerungen-37963\/"},"author":{"name":"georg.blenk@krafthand-medien.de","@id":"https:\/\/www.krafthand.de\/truck\/#\/schema\/person\/51fa80b1c57034c4bf63f9f988fc24ce"},"headline":"Eine Milliarde investiert: IVECO z\u00fcndet Feuerwerk an Neuerungen","datePublished":"2023-11-21T15:36:44+00:00","dateModified":"2023-11-23T09:12:54+00:00","mainEntityOfPage":{"@id":"https:\/\/www.krafthand.de\/truck\/artikel\/eine-milliarde-investiert-iveco-zuendet-feuerwerk-an-neuerungen-37963\/"},"wordCount":1240,"image":{"@id":"https:\/\/www.krafthand.de\/truck\/artikel\/eine-milliarde-investiert-iveco-zuendet-feuerwerk-an-neuerungen-37963\/#primaryimage"},"thumbnailUrl":"https:\/\/static.krafthand-truck.de\/uploads\/2023\/11\/IVECO_Be_the_Change_Barcelona_01.jpg","keywords":["BEV","eDaily","Eurocargo","FCEV","Iveco","S-eWay"],"articleSection":["E-Antrieb (BEV\/FCEV)","Unternehmen"],"inLanguage":"de"},{"@type":"WebPage","@id":"https:\/\/www.krafthand.de\/truck\/artikel\/eine-milliarde-investiert-iveco-zuendet-feuerwerk-an-neuerungen-37963\/","url":"https:\/\/www.krafthand.de\/truck\/artikel\/eine-milliarde-investiert-iveco-zuendet-feuerwerk-an-neuerungen-37963\/","name":"Eine Milliarde investiert: IVECO z\u00fcndet Feuerwerk an Neuerungen - Krafthand-Truck","isPartOf":{"@id":"https:\/\/www.krafthand.de\/truck\/#website"},"primaryImageOfPage":{"@id":"https:\/\/www.krafthand.de\/truck\/artikel\/eine-milliarde-investiert-iveco-zuendet-feuerwerk-an-neuerungen-37963\/#primaryimage"},"image":{"@id":"https:\/\/www.krafthand.de\/truck\/artikel\/eine-milliarde-investiert-iveco-zuendet-feuerwerk-an-neuerungen-37963\/#primaryimage"},"thumbnailUrl":"https:\/\/static.krafthand-truck.de\/uploads\/2023\/11\/IVECO_Be_the_Change_Barcelona_01.jpg","datePublished":"2023-11-21T15:36:44+00:00","dateModified":"2023-11-23T09:12:54+00:00","author":{"@id":"https:\/\/www.krafthand.de\/truck\/#\/schema\/person\/51fa80b1c57034c4bf63f9f988fc24ce"},"description":"IVECO pr\u00e4sentierte am 15. und 16.11. in Barcelona eine erneuerte Produktpalette, technische Detaill\u00f6sungen und die Erweiterung des Serviceangebots.","breadcrumb":{"@id":"https:\/\/www.krafthand.de\/truck\/artikel\/eine-milliarde-investiert-iveco-zuendet-feuerwerk-an-neuerungen-37963\/#breadcrumb"},"inLanguage":"de","potentialAction":[{"@type":"ReadAction","target":["https:\/\/www.krafthand.de\/truck\/artikel\/eine-milliarde-investiert-iveco-zuendet-feuerwerk-an-neuerungen-37963\/"]}]},{"@type":"ImageObject","inLanguage":"de","@id":"https:\/\/www.krafthand.de\/truck\/artikel\/eine-milliarde-investiert-iveco-zuendet-feuerwerk-an-neuerungen-37963\/#primaryimage","url":"https:\/\/static.krafthand-truck.de\/uploads\/2023\/11\/IVECO_Be_the_Change_Barcelona_01.jpg","contentUrl":"https:\/\/static.krafthand-truck.de\/uploads\/2023\/11\/IVECO_Be_the_Change_Barcelona_01.jpg","width":1200,"height":636},{"@type":"BreadcrumbList","@id":"https:\/\/www.krafthand.de\/truck\/artikel\/eine-milliarde-investiert-iveco-zuendet-feuerwerk-an-neuerungen-37963\/#breadcrumb","itemListElement":[{"@type":"ListItem","position":1,"name":"Krafthand-Truck","item":"https:\/\/www.krafthand.de\/truck\/"},{"@type":"ListItem","position":2,"name":"Nfz-Branche","item":"https:\/\/www.krafthand.de\/truck\/kategorie\/branche\/"},{"@type":"ListItem","position":3,"name":"Unternehmen","item":"https:\/\/www.krafthand.de\/truck\/kategorie\/branche\/unternehmen\/"},{"@type":"ListItem","position":4,"name":"Eine Milliarde investiert: IVECO z\u00fcndet Feuerwerk an Neuerungen"}]},{"@type":"WebSite","@id":"https:\/\/www.krafthand.de\/truck\/#website","url":"https:\/\/www.krafthand.de\/truck\/","name":"Krafthand-Truck","description":"","potentialAction":[{"@type":"SearchAction","target":{"@type":"EntryPoint","urlTemplate":"https:\/\/www.krafthand.de\/truck\/?s={search_term_string}"},"query-input":{"@type":"PropertyValueSpecification","valueRequired":true,"valueName":"search_term_string"}}],"inLanguage":"de"},{"@type":"Person","@id":"https:\/\/www.krafthand.de\/truck\/#\/schema\/person\/51fa80b1c57034c4bf63f9f988fc24ce","name":"georg.blenk@krafthand-medien.de","image":{"@type":"ImageObject","inLanguage":"de","@id":"https:\/\/secure.gravatar.com\/avatar\/93713c30affe0aa95d3a4130e499bb1abee2eb31adbdd9ce2aa1543538490215?s=96&d=mm&r=g","url":"https:\/\/secure.gravatar.com\/avatar\/93713c30affe0aa95d3a4130e499bb1abee2eb31adbdd9ce2aa1543538490215?s=96&d=mm&r=g","contentUrl":"https:\/\/secure.gravatar.com\/avatar\/93713c30affe0aa95d3a4130e499bb1abee2eb31adbdd9ce2aa1543538490215?s=96&d=mm&r=g","caption":"georg.blenk@krafthand-medien.de"}}]}},"_links":{"self":[{"href":"https:\/\/www.krafthand.de\/truck\/wp-json\/wp\/v2\/posts\/37963","targetHints":{"allow":["GET"]}}],"collection":[{"href":"https:\/\/www.krafthand.de\/truck\/wp-json\/wp\/v2\/posts"}],"about":[{"href":"https:\/\/www.krafthand.de\/truck\/wp-json\/wp\/v2\/types\/post"}],"author":[{"embeddable":true,"href":"https:\/\/www.krafthand.de\/truck\/wp-json\/wp\/v2\/users\/9"}],"replies":[{"embeddable":true,"href":"https:\/\/www.krafthand.de\/truck\/wp-json\/wp\/v2\/comments?post=37963"}],"version-history":[{"count":92,"href":"https:\/\/www.krafthand.de\/truck\/wp-json\/wp\/v2\/posts\/37963\/revisions"}],"predecessor-version":[{"id":38091,"href":"https:\/\/www.krafthand.de\/truck\/wp-json\/wp\/v2\/posts\/37963\/revisions\/38091"}],"wp:featuredmedia":[{"embeddable":true,"href":"https:\/\/www.krafthand.de\/truck\/wp-json\/wp\/v2\/media\/37993"}],"wp:attachment":[{"href":"https:\/\/www.krafthand.de\/truck\/wp-json\/wp\/v2\/media?parent=37963"}],"wp:term":[{"taxonomy":"category","embeddable":true,"href":"https:\/\/www.krafthand.de\/truck\/wp-json\/wp\/v2\/categories?post=37963"},{"taxonomy":"post_tag","embeddable":true,"href":"https:\/\/www.krafthand.de\/truck\/wp-json\/wp\/v2\/tags?post=37963"},{"taxonomy":"settings","embeddable":true,"href":"https:\/\/www.krafthand.de\/truck\/wp-json\/wp\/v2\/settings?post=37963"}],"curies":[{"name":"wp","href":"https:\/\/api.w.org\/{rel}","templated":true}]}}