{"id":37907,"date":"2023-11-14T13:57:34","date_gmt":"2023-11-14T12:57:34","guid":{"rendered":"https:\/\/www.krafthand.de\/truck\/?p=37907"},"modified":"2023-11-29T09:13:25","modified_gmt":"2023-11-29T08:13:25","slug":"der-eactros-im-winter-fragen-und-antworten-zu-den-batterien-und-zur-reichweite","status":"publish","type":"post","link":"https:\/\/www.krafthand.de\/truck\/artikel\/der-eactros-im-winter-fragen-und-antworten-zu-den-batterien-und-zur-reichweite-37907\/","title":{"rendered":"Der eActros im Winter: Fragen und Antworten zu den Batterien und zur Reichweite"},"content":{"rendered":"<p>Der Winter h\u00e4lt langsam Einzug. Im s\u00fcdlichen Bayern hat es \u00fcber 1.000 H\u00f6henmeter bereits geschneit. Minusgrade und schneebedeckte oder vereiste Stra\u00dfen, kurze Tage und schlechte Sicht kommen auf uns zu. Den schwierigen Witterungsbedingungen m\u00fcssen selbstverst\u00e4ndlich auch batterieelektrische Lkw wie der eActros gewachsen sein. Schlie\u00dflich stellen Transportunternehmen an sie dieselben Anforderungen wie an ihre Pendants mit Diesel-Motor. Mercedes-Benz-Trucks hat dazu einige Fragen gestellt und sie auch gleich selbst beantwortet. Grunds\u00e4tzlich h\u00e4tten diverse Wintertests im finnischen Rovaniemi bewiesen, dass der eActros selbst bei sehr winterlichen Verh\u00e4ltnissen voll einsatzbereit ist.\u00a0Worauf kommt es also beim Handling mit dem eActros im Winter an?<\/p>\n<h2>Wie reagieren die Batterien des eActros auf K\u00e4lte?<\/h2>\n<p>Egal, welche Zelltechnologie verbaut ist: Sinkt die Batterietemperatur aufgrund der niedrigen Au\u00dfentemperatur, nimmt der Innenwiderstand der Batterie zu. Dadurch steigt die Verlustleistung und es ist etwas weniger Energieinhalt nutzbar. Um negative Einfl\u00fcsse auf die Reichweite bei kalten Umgebungstemperaturen zu reduzieren, kann mit einem ausw\u00e4hlbaren Lademodus die Batterie an der Lades\u00e4ule vorkonditioniert werden. Die Batterie wird aufgew\u00e4rmt, wodurch sich der Innenwiderstand verringert und die maximale Leistungsaufnahme m\u00f6glich ist.<\/p>\n<h2>Was hat es mit dem Pre-Conditioning der Batterie im Detail auf sich?<\/h2>\n<p>Wenn das Fahrzeug l\u00e4ngere Zeit bei kalten oder warmen Umgebungstemperaturen steht und die Batterie nach vielen Stunden diese Temperatur annimmt, kann der Fahrer eine Abfahrtszeit einstellen, bis zu der die Batterie geheizt oder gek\u00fchlt respektive auf die optimale Temperatur gebracht wird.<\/p>\n<h3>Was ist der Unterschied zum normalen Batterie-Conditioning?<\/h3>\n<p>Beim normalen Conditioning wird die Batterie w\u00e4hrend des Betriebs automatisch in das optimale Betriebsfenster gebracht. Dies geschieht also w\u00e4hrend des Fahrens oder Parkens mit eingeschaltetem Hochvoltsystem. Die Hochvoltbatterie h\u00e4lt sich im Rahmen der technischen M\u00f6glichkeiten selbst auf dem idealen Betriebspunkt.<\/p>\n<h2>Bis zu welcher Minustemperatur sind die Batterien des eActros noch ladbar?<\/h2>\n<figure id=\"attachment_37920\" aria-describedby=\"caption-attachment-37920\" style=\"width: 420px\" class=\"wp-caption alignright\"><a href=\"https:\/\/static.krafthand-truck.de\/uploads\/2023\/11\/eActros_Mercedes_Benz_Truck_Winter_Ladevorgang_02.jpg\" target=\"_blank\" rel=\"noopener\"><img fetchpriority=\"high\" decoding=\"async\" class=\"wp-image-37920\" src=\"https:\/\/static.krafthand-truck.de\/uploads\/2023\/11\/eActros_Mercedes_Benz_Truck_Winter_Ladevorgang_02-300x200.jpg\" alt=\"\" width=\"420\" height=\"280\" srcset=\"https:\/\/static.krafthand-truck.de\/uploads\/2023\/11\/eActros_Mercedes_Benz_Truck_Winter_Ladevorgang_02-300x200.jpg 300w, https:\/\/static.krafthand-truck.de\/uploads\/2023\/11\/eActros_Mercedes_Benz_Truck_Winter_Ladevorgang_02-1024x683.jpg 1024w, https:\/\/static.krafthand-truck.de\/uploads\/2023\/11\/eActros_Mercedes_Benz_Truck_Winter_Ladevorgang_02-768x512.jpg 768w, https:\/\/static.krafthand-truck.de\/uploads\/2023\/11\/eActros_Mercedes_Benz_Truck_Winter_Ladevorgang_02.jpg 1200w\" sizes=\"(max-width: 420px) 100vw, 420px\" \/><\/a><figcaption id=\"caption-attachment-37920\" class=\"wp-caption-text\">Bei niedrigen Temperaturen schaltet sich beim Ladevorgang automatisch die Heizung ein.<\/figcaption><\/figure>\n<p>Bei niedrigen Temperaturen schaltet sich beim Ladevorgang automatisch die Heizung ein. Die Heizung erw\u00e4rmt die Batterie dann so lange, bis wieder Strom flie\u00dfen kann und die Batterie somit wieder ladbar ist. Bei Temperaturen unter minus 19 Grad geht das Hochvolt-Batterie-System in einen Selbstschutz, um die Zell-Lebensdauer zu erhalten.<\/p>\n<h3>Bis zu welchem \u201eState of Charge\u201c werden die Batterien des eActros bei extremer K\u00e4lte noch geladen?<\/h3>\n<p>Grunds\u00e4tzlich gibt es hier keine Untergrenze. Denn vor der Tiefentladung schaltet sich das Fahrzeug rechtzeitig ab. Unabh\u00e4ngig von der Temperatur wird die Batterie immer auf 100 Prozent geladen, wenn der Fahrer nichts anderes einstellt.<\/p>\n<h3>Durch welche Einfl\u00fcsse kann sich die Ladezeit der Hochvoltbatterie verl\u00e4ngern?<\/h3>\n<p>Zum Beispiel durch eine niedrige oder hohe Batterietemperatur. Negativ beeinflussen k\u00f6nnen die Ladezeiten au\u00dferdem der maximal verf\u00fcgbare Ladestrom der Ladestation oder die Einstellungen zum Ladevorgang im Bordcomputer etwa im Hinblick auf die Ladegrenze.<\/p>\n<h3>In welchem Ausma\u00df verringert sich bei extremer K\u00e4lte die Reichweite des eActros?<\/h3>\n<figure id=\"attachment_37922\" aria-describedby=\"caption-attachment-37922\" style=\"width: 420px\" class=\"wp-caption alignleft\"><a href=\"https:\/\/static.krafthand-truck.de\/uploads\/2023\/11\/eActros_Mercedes_Benz_Truck_Winter_Statusanzeige_Batterie_03.jpg\" target=\"_blank\" rel=\"noopener\"><img decoding=\"async\" class=\"wp-image-37922\" src=\"https:\/\/static.krafthand-truck.de\/uploads\/2023\/11\/eActros_Mercedes_Benz_Truck_Winter_Statusanzeige_Batterie_03-300x200.jpg\" alt=\"\" width=\"420\" height=\"280\" srcset=\"https:\/\/static.krafthand-truck.de\/uploads\/2023\/11\/eActros_Mercedes_Benz_Truck_Winter_Statusanzeige_Batterie_03-300x200.jpg 300w, https:\/\/static.krafthand-truck.de\/uploads\/2023\/11\/eActros_Mercedes_Benz_Truck_Winter_Statusanzeige_Batterie_03-1024x683.jpg 1024w, https:\/\/static.krafthand-truck.de\/uploads\/2023\/11\/eActros_Mercedes_Benz_Truck_Winter_Statusanzeige_Batterie_03-768x512.jpg 768w, https:\/\/static.krafthand-truck.de\/uploads\/2023\/11\/eActros_Mercedes_Benz_Truck_Winter_Statusanzeige_Batterie_03.jpg 1200w\" sizes=\"(max-width: 420px) 100vw, 420px\" \/><\/a><figcaption id=\"caption-attachment-37922\" class=\"wp-caption-text\">Der Verbrauch erh\u00f6ht sich zum Start unter winterlichen Bedingungen und soll sich beim Betrieb \u00fcber den Tag hin verbessern.<\/figcaption><\/figure>\n<p>Das l\u00e4sst sich so pauschal nicht beantworten, da hier viele Faktoren eine Rolle spielen. Wenn es entsprechend kalt ist, ist es auf jeden Fall sinnvoll, die Kabine und die Batterie zu heizen. Zu bedenken ist au\u00dferdem, dass die Rollwiderst\u00e4nde der Reifen und die aerodynamische Anstr\u00f6mung mit kalter Luft bei niedrigen Temperaturen h\u00f6her sind. Auch kalte Antriebslager haben einen gr\u00f6\u00dferen Widerstand, was ebenfalls den Verbrauch erh\u00f6ht. Diese Mehrverbr\u00e4uche nivellieren sich aber mit steigender Laufleistung und Betriebsw\u00e4rme nach dem Losfahren. In Summe wird der Verbrauch unter winterlichen Bedingungen zum Start erh\u00f6ht sein und sich beim Betrieb \u00fcber den Tag verbessern.<\/p>\n<h3>Wird der eActros schneller oder langsamer warm als ein Diesel-Actros?<\/h3>\n<p>Das intelligente Thermo- und Energiemanagement des eActros sorgt daf\u00fcr, dass sowohl der Antriebsstrang als auch die Fahrerkabine selbst bei tiefen Temperaturen richtig und energieeffizient temperiert sind. Durch seinen kleineren Heizkreis mit gro\u00dfer Leistung erw\u00e4rmt der eActros das Fahrerhaus grunds\u00e4tzlich schneller als ein Diesel-Lkw. Da die Energie hierf\u00fcr aber den im Fahrzeug verbauten Batterien entnommen wird und sich so die Reichweite reduziert, empfiehlt sich einmal mehr das Pre-Conditioning an der Lades\u00e4ule. F\u00fcr die Zeit nach dem Losfahren ist es au\u00dferdem ratsam, erst mal nur die Fl\u00e4chenheizungen wie zum Beispiel Sitzheizung oder Windschutzscheibenheizung zu nutzen, um so Energie zu sparen.<\/p>\n","protected":false},"excerpt":{"rendered":"<p>Der Winter h\u00e4lt langsam Einzug. Im s\u00fcdlichen Bayern hat es \u00fcber 1.000 H\u00f6henmeter bereits geschneit. Minusgrade und schneebedeckte oder vereiste Stra\u00dfen, kurze Tage und schlechte Sicht kommen auf uns zu. Den schwierigen Witterungsbedingungen m\u00fcssen selbstverst\u00e4ndlich auch batterieelektrische Lkw wie der eActros gewachsen sein. Funktioniert das? <span class=\"excerpt-more__dots\">&#8230;<\/span> <a class=\"excerpt-more__link\" href=\"https:\/\/www.krafthand.de\/truck\/artikel\/der-eactros-im-winter-fragen-und-antworten-zu-den-batterien-und-zur-reichweite-37907\/\" >weiter<\/a><\/p>\n","protected":false},"author":9,"featured_media":37919,"comment_status":"closed","ping_status":"closed","sticky":false,"template":"","format":"standard","meta":{"footnotes":""},"categories":[4224],"tags":[1502,4450,5781,2226],"settings":[3524,4766,3523],"class_list":["post-37907","post","type-post","status-publish","format-standard","has-post-thumbnail","hentry","category-e-antrieb","tag-batterie","tag-eactros","tag-konditionierung","tag-winter"],"yoast_head":"<!-- This site is optimized with the Yoast SEO plugin v27.3 - https:\/\/yoast.com\/product\/yoast-seo-wordpress\/ -->\n<title>Der eActros im Winter: Fragen und Antworten zu den Batterien und zur Reichweite - Krafthand-Truck<\/title>\n<meta name=\"description\" content=\"Batterien und Reichweite: Den schwierigen Witterungsbedingungen im Winter m\u00fcssen auch batterieelektrische Lkw gewachsen sein.\" \/>\n<meta name=\"robots\" content=\"index, follow, max-snippet:-1, max-image-preview:large, max-video-preview:-1\" \/>\n<link rel=\"canonical\" href=\"https:\/\/www.krafthand.de\/truck\/artikel\/der-eactros-im-winter-fragen-und-antworten-zu-den-batterien-und-zur-reichweite-37907\/\" \/>\n<meta property=\"og:locale\" content=\"de_DE\" \/>\n<meta property=\"og:type\" content=\"article\" \/>\n<meta property=\"og:title\" content=\"Der eActros im Winter: Fragen und Antworten zu den Batterien und zur Reichweite - Krafthand-Truck\" \/>\n<meta property=\"og:description\" content=\"Batterien und Reichweite: Den schwierigen Witterungsbedingungen im Winter m\u00fcssen auch batterieelektrische Lkw gewachsen sein.\" \/>\n<meta property=\"og:url\" content=\"https:\/\/www.krafthand-truck.de\/artikel\/der-eactros-im-winter-fragen-und-antworten-zu-den-batterien-und-zur-reichweite-37907\/\" \/>\n<meta property=\"og:site_name\" content=\"Krafthand-Truck\" \/>\n<meta property=\"article:published_time\" content=\"2023-11-14T12:57:34+00:00\" \/>\n<meta property=\"article:modified_time\" content=\"2023-11-29T08:13:25+00:00\" \/>\n<meta property=\"og:image\" content=\"https:\/\/static.krafthand-truck.de\/uploads\/2023\/11\/eActros_Mercedes_Benz_Truck_Winter_01.jpg\" \/>\n\t<meta property=\"og:image:width\" content=\"1200\" \/>\n\t<meta property=\"og:image:height\" content=\"679\" \/>\n\t<meta property=\"og:image:type\" content=\"image\/jpeg\" \/>\n<meta name=\"author\" content=\"georg.blenk@krafthand-medien.de\" \/>\n<meta name=\"twitter:card\" content=\"summary_large_image\" \/>\n<meta name=\"twitter:label1\" content=\"Verfasst von\" \/>\n\t<meta name=\"twitter:data1\" content=\"georg.blenk@krafthand-medien.de\" \/>\n\t<meta name=\"twitter:label2\" content=\"Gesch\u00e4tzte Lesezeit\" \/>\n\t<meta name=\"twitter:data2\" content=\"5\u00a0Minuten\" \/>\n<script type=\"application\/ld+json\" class=\"yoast-schema-graph\">{\"@context\":\"https:\\\/\\\/schema.org\",\"@graph\":[{\"@type\":\"Article\",\"@id\":\"https:\\\/\\\/www.krafthand.de\\\/truck\\\/artikel\\\/der-eactros-im-winter-fragen-und-antworten-zu-den-batterien-und-zur-reichweite-37907\\\/#article\",\"isPartOf\":{\"@id\":\"https:\\\/\\\/www.krafthand.de\\\/truck\\\/artikel\\\/der-eactros-im-winter-fragen-und-antworten-zu-den-batterien-und-zur-reichweite-37907\\\/\"},\"author\":{\"name\":\"georg.blenk@krafthand-medien.de\",\"@id\":\"https:\\\/\\\/www.krafthand.de\\\/truck\\\/#\\\/schema\\\/person\\\/51fa80b1c57034c4bf63f9f988fc24ce\"},\"headline\":\"Der eActros im Winter: Fragen und Antworten zu den Batterien und zur Reichweite\",\"datePublished\":\"2023-11-14T12:57:34+00:00\",\"dateModified\":\"2023-11-29T08:13:25+00:00\",\"mainEntityOfPage\":{\"@id\":\"https:\\\/\\\/www.krafthand.de\\\/truck\\\/artikel\\\/der-eactros-im-winter-fragen-und-antworten-zu-den-batterien-und-zur-reichweite-37907\\\/\"},\"wordCount\":752,\"image\":{\"@id\":\"https:\\\/\\\/www.krafthand.de\\\/truck\\\/artikel\\\/der-eactros-im-winter-fragen-und-antworten-zu-den-batterien-und-zur-reichweite-37907\\\/#primaryimage\"},\"thumbnailUrl\":\"https:\\\/\\\/static.krafthand-truck.de\\\/uploads\\\/2023\\\/11\\\/eActros_Mercedes_Benz_Truck_Winter_01.jpg\",\"keywords\":[\"Batterie\",\"eActros\",\"Konditionierung\",\"Winter\"],\"articleSection\":[\"E-Antrieb (BEV\\\/FCEV)\"],\"inLanguage\":\"de\"},{\"@type\":\"WebPage\",\"@id\":\"https:\\\/\\\/www.krafthand.de\\\/truck\\\/artikel\\\/der-eactros-im-winter-fragen-und-antworten-zu-den-batterien-und-zur-reichweite-37907\\\/\",\"url\":\"https:\\\/\\\/www.krafthand.de\\\/truck\\\/artikel\\\/der-eactros-im-winter-fragen-und-antworten-zu-den-batterien-und-zur-reichweite-37907\\\/\",\"name\":\"Der eActros im Winter: Fragen und Antworten zu den Batterien und zur Reichweite - Krafthand-Truck\",\"isPartOf\":{\"@id\":\"https:\\\/\\\/www.krafthand.de\\\/truck\\\/#website\"},\"primaryImageOfPage\":{\"@id\":\"https:\\\/\\\/www.krafthand.de\\\/truck\\\/artikel\\\/der-eactros-im-winter-fragen-und-antworten-zu-den-batterien-und-zur-reichweite-37907\\\/#primaryimage\"},\"image\":{\"@id\":\"https:\\\/\\\/www.krafthand.de\\\/truck\\\/artikel\\\/der-eactros-im-winter-fragen-und-antworten-zu-den-batterien-und-zur-reichweite-37907\\\/#primaryimage\"},\"thumbnailUrl\":\"https:\\\/\\\/static.krafthand-truck.de\\\/uploads\\\/2023\\\/11\\\/eActros_Mercedes_Benz_Truck_Winter_01.jpg\",\"datePublished\":\"2023-11-14T12:57:34+00:00\",\"dateModified\":\"2023-11-29T08:13:25+00:00\",\"author\":{\"@id\":\"https:\\\/\\\/www.krafthand.de\\\/truck\\\/#\\\/schema\\\/person\\\/51fa80b1c57034c4bf63f9f988fc24ce\"},\"description\":\"Batterien und Reichweite: Den schwierigen Witterungsbedingungen im Winter m\u00fcssen auch batterieelektrische Lkw gewachsen sein.\",\"breadcrumb\":{\"@id\":\"https:\\\/\\\/www.krafthand.de\\\/truck\\\/artikel\\\/der-eactros-im-winter-fragen-und-antworten-zu-den-batterien-und-zur-reichweite-37907\\\/#breadcrumb\"},\"inLanguage\":\"de\",\"potentialAction\":[{\"@type\":\"ReadAction\",\"target\":[\"https:\\\/\\\/www.krafthand.de\\\/truck\\\/artikel\\\/der-eactros-im-winter-fragen-und-antworten-zu-den-batterien-und-zur-reichweite-37907\\\/\"]}]},{\"@type\":\"ImageObject\",\"inLanguage\":\"de\",\"@id\":\"https:\\\/\\\/www.krafthand.de\\\/truck\\\/artikel\\\/der-eactros-im-winter-fragen-und-antworten-zu-den-batterien-und-zur-reichweite-37907\\\/#primaryimage\",\"url\":\"https:\\\/\\\/static.krafthand-truck.de\\\/uploads\\\/2023\\\/11\\\/eActros_Mercedes_Benz_Truck_Winter_01.jpg\",\"contentUrl\":\"https:\\\/\\\/static.krafthand-truck.de\\\/uploads\\\/2023\\\/11\\\/eActros_Mercedes_Benz_Truck_Winter_01.jpg\",\"width\":1200,\"height\":679},{\"@type\":\"BreadcrumbList\",\"@id\":\"https:\\\/\\\/www.krafthand.de\\\/truck\\\/artikel\\\/der-eactros-im-winter-fragen-und-antworten-zu-den-batterien-und-zur-reichweite-37907\\\/#breadcrumb\",\"itemListElement\":[{\"@type\":\"ListItem\",\"position\":1,\"name\":\"Krafthand-Truck\",\"item\":\"https:\\\/\\\/www.krafthand.de\\\/truck\\\/\"},{\"@type\":\"ListItem\",\"position\":2,\"name\":\"Nfz-Technik\",\"item\":\"https:\\\/\\\/www.krafthand.de\\\/truck\\\/kategorie\\\/nfz-technik\\\/\"},{\"@type\":\"ListItem\",\"position\":3,\"name\":\"E-Antrieb (BEV\\\/FCEV)\",\"item\":\"https:\\\/\\\/www.krafthand.de\\\/truck\\\/kategorie\\\/nfz-technik\\\/e-antrieb\\\/\"},{\"@type\":\"ListItem\",\"position\":4,\"name\":\"Der eActros im Winter: Fragen und Antworten zu den Batterien und zur Reichweite\"}]},{\"@type\":\"WebSite\",\"@id\":\"https:\\\/\\\/www.krafthand.de\\\/truck\\\/#website\",\"url\":\"https:\\\/\\\/www.krafthand.de\\\/truck\\\/\",\"name\":\"Krafthand-Truck\",\"description\":\"\",\"potentialAction\":[{\"@type\":\"SearchAction\",\"target\":{\"@type\":\"EntryPoint\",\"urlTemplate\":\"https:\\\/\\\/www.krafthand.de\\\/truck\\\/?s={search_term_string}\"},\"query-input\":{\"@type\":\"PropertyValueSpecification\",\"valueRequired\":true,\"valueName\":\"search_term_string\"}}],\"inLanguage\":\"de\"},{\"@type\":\"Person\",\"@id\":\"https:\\\/\\\/www.krafthand.de\\\/truck\\\/#\\\/schema\\\/person\\\/51fa80b1c57034c4bf63f9f988fc24ce\",\"name\":\"georg.blenk@krafthand-medien.de\",\"image\":{\"@type\":\"ImageObject\",\"inLanguage\":\"de\",\"@id\":\"https:\\\/\\\/secure.gravatar.com\\\/avatar\\\/93713c30affe0aa95d3a4130e499bb1abee2eb31adbdd9ce2aa1543538490215?s=96&d=mm&r=g\",\"url\":\"https:\\\/\\\/secure.gravatar.com\\\/avatar\\\/93713c30affe0aa95d3a4130e499bb1abee2eb31adbdd9ce2aa1543538490215?s=96&d=mm&r=g\",\"contentUrl\":\"https:\\\/\\\/secure.gravatar.com\\\/avatar\\\/93713c30affe0aa95d3a4130e499bb1abee2eb31adbdd9ce2aa1543538490215?s=96&d=mm&r=g\",\"caption\":\"georg.blenk@krafthand-medien.de\"}}]}<\/script>\n<!-- \/ Yoast SEO plugin. -->","yoast_head_json":{"title":"Der eActros im Winter: Fragen und Antworten zu den Batterien und zur Reichweite - Krafthand-Truck","description":"Batterien und Reichweite: Den schwierigen Witterungsbedingungen im Winter m\u00fcssen auch batterieelektrische Lkw gewachsen sein.","robots":{"index":"index","follow":"follow","max-snippet":"max-snippet:-1","max-image-preview":"max-image-preview:large","max-video-preview":"max-video-preview:-1"},"canonical":"https:\/\/www.krafthand.de\/truck\/artikel\/der-eactros-im-winter-fragen-und-antworten-zu-den-batterien-und-zur-reichweite-37907\/","og_locale":"de_DE","og_type":"article","og_title":"Der eActros im Winter: Fragen und Antworten zu den Batterien und zur Reichweite - Krafthand-Truck","og_description":"Batterien und Reichweite: Den schwierigen Witterungsbedingungen im Winter m\u00fcssen auch batterieelektrische Lkw gewachsen sein.","og_url":"https:\/\/www.krafthand-truck.de\/artikel\/der-eactros-im-winter-fragen-und-antworten-zu-den-batterien-und-zur-reichweite-37907\/","og_site_name":"Krafthand-Truck","article_published_time":"2023-11-14T12:57:34+00:00","article_modified_time":"2023-11-29T08:13:25+00:00","og_image":[{"width":1200,"height":679,"url":"https:\/\/static.krafthand-truck.de\/uploads\/2023\/11\/eActros_Mercedes_Benz_Truck_Winter_01.jpg","type":"image\/jpeg"}],"author":"georg.blenk@krafthand-medien.de","twitter_card":"summary_large_image","twitter_misc":{"Verfasst von":"georg.blenk@krafthand-medien.de","Gesch\u00e4tzte Lesezeit":"5\u00a0Minuten"},"schema":{"@context":"https:\/\/schema.org","@graph":[{"@type":"Article","@id":"https:\/\/www.krafthand.de\/truck\/artikel\/der-eactros-im-winter-fragen-und-antworten-zu-den-batterien-und-zur-reichweite-37907\/#article","isPartOf":{"@id":"https:\/\/www.krafthand.de\/truck\/artikel\/der-eactros-im-winter-fragen-und-antworten-zu-den-batterien-und-zur-reichweite-37907\/"},"author":{"name":"georg.blenk@krafthand-medien.de","@id":"https:\/\/www.krafthand.de\/truck\/#\/schema\/person\/51fa80b1c57034c4bf63f9f988fc24ce"},"headline":"Der eActros im Winter: Fragen und Antworten zu den Batterien und zur Reichweite","datePublished":"2023-11-14T12:57:34+00:00","dateModified":"2023-11-29T08:13:25+00:00","mainEntityOfPage":{"@id":"https:\/\/www.krafthand.de\/truck\/artikel\/der-eactros-im-winter-fragen-und-antworten-zu-den-batterien-und-zur-reichweite-37907\/"},"wordCount":752,"image":{"@id":"https:\/\/www.krafthand.de\/truck\/artikel\/der-eactros-im-winter-fragen-und-antworten-zu-den-batterien-und-zur-reichweite-37907\/#primaryimage"},"thumbnailUrl":"https:\/\/static.krafthand-truck.de\/uploads\/2023\/11\/eActros_Mercedes_Benz_Truck_Winter_01.jpg","keywords":["Batterie","eActros","Konditionierung","Winter"],"articleSection":["E-Antrieb (BEV\/FCEV)"],"inLanguage":"de"},{"@type":"WebPage","@id":"https:\/\/www.krafthand.de\/truck\/artikel\/der-eactros-im-winter-fragen-und-antworten-zu-den-batterien-und-zur-reichweite-37907\/","url":"https:\/\/www.krafthand.de\/truck\/artikel\/der-eactros-im-winter-fragen-und-antworten-zu-den-batterien-und-zur-reichweite-37907\/","name":"Der eActros im Winter: Fragen und Antworten zu den Batterien und zur Reichweite - Krafthand-Truck","isPartOf":{"@id":"https:\/\/www.krafthand.de\/truck\/#website"},"primaryImageOfPage":{"@id":"https:\/\/www.krafthand.de\/truck\/artikel\/der-eactros-im-winter-fragen-und-antworten-zu-den-batterien-und-zur-reichweite-37907\/#primaryimage"},"image":{"@id":"https:\/\/www.krafthand.de\/truck\/artikel\/der-eactros-im-winter-fragen-und-antworten-zu-den-batterien-und-zur-reichweite-37907\/#primaryimage"},"thumbnailUrl":"https:\/\/static.krafthand-truck.de\/uploads\/2023\/11\/eActros_Mercedes_Benz_Truck_Winter_01.jpg","datePublished":"2023-11-14T12:57:34+00:00","dateModified":"2023-11-29T08:13:25+00:00","author":{"@id":"https:\/\/www.krafthand.de\/truck\/#\/schema\/person\/51fa80b1c57034c4bf63f9f988fc24ce"},"description":"Batterien und Reichweite: Den schwierigen Witterungsbedingungen im Winter m\u00fcssen auch batterieelektrische Lkw gewachsen sein.","breadcrumb":{"@id":"https:\/\/www.krafthand.de\/truck\/artikel\/der-eactros-im-winter-fragen-und-antworten-zu-den-batterien-und-zur-reichweite-37907\/#breadcrumb"},"inLanguage":"de","potentialAction":[{"@type":"ReadAction","target":["https:\/\/www.krafthand.de\/truck\/artikel\/der-eactros-im-winter-fragen-und-antworten-zu-den-batterien-und-zur-reichweite-37907\/"]}]},{"@type":"ImageObject","inLanguage":"de","@id":"https:\/\/www.krafthand.de\/truck\/artikel\/der-eactros-im-winter-fragen-und-antworten-zu-den-batterien-und-zur-reichweite-37907\/#primaryimage","url":"https:\/\/static.krafthand-truck.de\/uploads\/2023\/11\/eActros_Mercedes_Benz_Truck_Winter_01.jpg","contentUrl":"https:\/\/static.krafthand-truck.de\/uploads\/2023\/11\/eActros_Mercedes_Benz_Truck_Winter_01.jpg","width":1200,"height":679},{"@type":"BreadcrumbList","@id":"https:\/\/www.krafthand.de\/truck\/artikel\/der-eactros-im-winter-fragen-und-antworten-zu-den-batterien-und-zur-reichweite-37907\/#breadcrumb","itemListElement":[{"@type":"ListItem","position":1,"name":"Krafthand-Truck","item":"https:\/\/www.krafthand.de\/truck\/"},{"@type":"ListItem","position":2,"name":"Nfz-Technik","item":"https:\/\/www.krafthand.de\/truck\/kategorie\/nfz-technik\/"},{"@type":"ListItem","position":3,"name":"E-Antrieb (BEV\/FCEV)","item":"https:\/\/www.krafthand.de\/truck\/kategorie\/nfz-technik\/e-antrieb\/"},{"@type":"ListItem","position":4,"name":"Der eActros im Winter: Fragen und Antworten zu den Batterien und zur Reichweite"}]},{"@type":"WebSite","@id":"https:\/\/www.krafthand.de\/truck\/#website","url":"https:\/\/www.krafthand.de\/truck\/","name":"Krafthand-Truck","description":"","potentialAction":[{"@type":"SearchAction","target":{"@type":"EntryPoint","urlTemplate":"https:\/\/www.krafthand.de\/truck\/?s={search_term_string}"},"query-input":{"@type":"PropertyValueSpecification","valueRequired":true,"valueName":"search_term_string"}}],"inLanguage":"de"},{"@type":"Person","@id":"https:\/\/www.krafthand.de\/truck\/#\/schema\/person\/51fa80b1c57034c4bf63f9f988fc24ce","name":"georg.blenk@krafthand-medien.de","image":{"@type":"ImageObject","inLanguage":"de","@id":"https:\/\/secure.gravatar.com\/avatar\/93713c30affe0aa95d3a4130e499bb1abee2eb31adbdd9ce2aa1543538490215?s=96&d=mm&r=g","url":"https:\/\/secure.gravatar.com\/avatar\/93713c30affe0aa95d3a4130e499bb1abee2eb31adbdd9ce2aa1543538490215?s=96&d=mm&r=g","contentUrl":"https:\/\/secure.gravatar.com\/avatar\/93713c30affe0aa95d3a4130e499bb1abee2eb31adbdd9ce2aa1543538490215?s=96&d=mm&r=g","caption":"georg.blenk@krafthand-medien.de"}}]}},"_links":{"self":[{"href":"https:\/\/www.krafthand.de\/truck\/wp-json\/wp\/v2\/posts\/37907","targetHints":{"allow":["GET"]}}],"collection":[{"href":"https:\/\/www.krafthand.de\/truck\/wp-json\/wp\/v2\/posts"}],"about":[{"href":"https:\/\/www.krafthand.de\/truck\/wp-json\/wp\/v2\/types\/post"}],"author":[{"embeddable":true,"href":"https:\/\/www.krafthand.de\/truck\/wp-json\/wp\/v2\/users\/9"}],"replies":[{"embeddable":true,"href":"https:\/\/www.krafthand.de\/truck\/wp-json\/wp\/v2\/comments?post=37907"}],"version-history":[{"count":11,"href":"https:\/\/www.krafthand.de\/truck\/wp-json\/wp\/v2\/posts\/37907\/revisions"}],"predecessor-version":[{"id":38184,"href":"https:\/\/www.krafthand.de\/truck\/wp-json\/wp\/v2\/posts\/37907\/revisions\/38184"}],"wp:featuredmedia":[{"embeddable":true,"href":"https:\/\/www.krafthand.de\/truck\/wp-json\/wp\/v2\/media\/37919"}],"wp:attachment":[{"href":"https:\/\/www.krafthand.de\/truck\/wp-json\/wp\/v2\/media?parent=37907"}],"wp:term":[{"taxonomy":"category","embeddable":true,"href":"https:\/\/www.krafthand.de\/truck\/wp-json\/wp\/v2\/categories?post=37907"},{"taxonomy":"post_tag","embeddable":true,"href":"https:\/\/www.krafthand.de\/truck\/wp-json\/wp\/v2\/tags?post=37907"},{"taxonomy":"settings","embeddable":true,"href":"https:\/\/www.krafthand.de\/truck\/wp-json\/wp\/v2\/settings?post=37907"}],"curies":[{"name":"wp","href":"https:\/\/api.w.org\/{rel}","templated":true}]}}