{"id":37839,"date":"2023-11-09T10:19:18","date_gmt":"2023-11-09T09:19:18","guid":{"rendered":"https:\/\/www.krafthand.de\/truck\/?p=37839"},"modified":"2023-11-09T11:06:01","modified_gmt":"2023-11-09T10:06:01","slug":"die-summe-aller-teile-in-der-verbesserung-der-aerodynamik-liegt-enormes-potenzial","status":"publish","type":"post","link":"https:\/\/www.krafthand.de\/truck\/artikel\/die-summe-aller-teile-in-der-verbesserung-der-aerodynamik-liegt-enormes-potenzial-37839\/","title":{"rendered":"&#8222;In der Verbesserung der Aerodynamik liegt enormes Potenzial\u201c"},"content":{"rendered":"<p>Neben der Antriebseffizienz und dem Rollwiderstand gilt die Aerodynamik als Haupteinflussfaktor f\u00fcr den effizienten Betrieb von Lastkraftwagen. Gleichwohl haben wir es nicht mit Pkw oder gar Formel-1-Boliden zu tun, wo die Handlungsspielr\u00e4ume, was aerodynamische Optimierungen angeht, ungleich besser sind oder auf die Spitze getrieben werden. Es bleibt also bei der \u201afahrenden Schrankwand\u2018? Nein, sagt Dr.-Ing. Rainer Buffo, Managing Director bei der <a href=\"https:\/\/www.aeco.green\/de\" target=\"_blank\" rel=\"noopener\">aeco.green GmbH<\/a>: \u201eIn der Minimierung des Luftwiderstands bei Lkw liegen enorme Potenziale, die bisher noch nicht ann\u00e4hernd gehoben sind.\u201c So werden laut Buffo allein 40-50 Prozent der Antriebsenergie eines Lkw f\u00fcr die \u00dcberwindung des Luftwiderstands aufgewendet. <em>\u201eDas muss l\u00e4ngst nicht so viel sein.\u201c<\/em> Buffo sieht drei Ebenen, um Lkw und Trailer in Hinblick auf die Aerodynamik zu optimieren.<\/p>\n<h4>Herr Dr. Buffo, die Lkw- und Trailer-Industrie entwickelt hochmoderne Antriebssysteme und setzt auf Leichtbau, aber k\u00fcmmert sich zu wenig um das Thema Aerodynamik?<\/h4>\n<p>Ja das stimmt, die enormen M\u00f6glichkeiten der Aerodynamik wurden bisher nicht konsequent angegangen. Bei den Zugmaschinen hatte das Thema weniger Priorit\u00e4t im Vergleich zu Design oder Kabinengr\u00f6\u00dfe \u2013 zumal es den gesetzlichen Rahmen f\u00fcr gr\u00f6\u00dfere Frontformen erst seit drei Jahren gibt. Bei den Trailern sah man sich lange nicht mitverantwortlich f\u00fcr den Verbrauch der Zugmaschine und setzte nur auf Leichtbau f\u00fcr mehr Zuladung. Insgesamt waren Dieselkraftstoffe noch zu g\u00fcnstig, es fehlte der politische Druck und die M\u00f6glichkeiten bei der Aerodynamik wurden nicht richtig wahrgenommen.<\/p>\n<h4>Eine verbesserte Aerodynamik bei Lkw und Trailern beschleunigt den Weg zu einer gr\u00fcnen Mobilit\u00e4t und geht daher mit der Reduktion von fossilen Antriebsarten einher. L\u00e4sst sich das tats\u00e4chlich so postulieren?<\/h4>\n<figure id=\"attachment_37843\" aria-describedby=\"caption-attachment-37843\" style=\"width: 360px\" class=\"wp-caption alignright\"><a href=\"https:\/\/static.krafthand-truck.de\/uploads\/2023\/11\/Aecogreen_Aerodynamik_Lkw_Rainer_Buffo_02.jpg\" target=\"_blank\" rel=\"noopener\"><img fetchpriority=\"high\" decoding=\"async\" class=\"wp-image-37843\" src=\"https:\/\/static.krafthand-truck.de\/uploads\/2023\/11\/Aecogreen_Aerodynamik_Lkw_Rainer_Buffo_02-300x200.jpg\" alt=\"\" width=\"360\" height=\"240\" srcset=\"https:\/\/static.krafthand-truck.de\/uploads\/2023\/11\/Aecogreen_Aerodynamik_Lkw_Rainer_Buffo_02-300x200.jpg 300w, https:\/\/static.krafthand-truck.de\/uploads\/2023\/11\/Aecogreen_Aerodynamik_Lkw_Rainer_Buffo_02-1024x683.jpg 1024w, https:\/\/static.krafthand-truck.de\/uploads\/2023\/11\/Aecogreen_Aerodynamik_Lkw_Rainer_Buffo_02-768x512.jpg 768w, https:\/\/static.krafthand-truck.de\/uploads\/2023\/11\/Aecogreen_Aerodynamik_Lkw_Rainer_Buffo_02.jpg 1200w\" sizes=\"(max-width: 360px) 100vw, 360px\" \/><\/a><figcaption id=\"caption-attachment-37843\" class=\"wp-caption-text\"><em>\u201eBesser eine \u201aAerodynamisierung\u2018 zu einem Bruchteil der Kosten, als unn\u00f6tig teure \u201a\u00dcber-Elektrifizierung\u2018 f\u00fcr nicht-optimierte Fahrzeuge aus der Diesel-Zeit.\u201c<\/em> Bild: Handelsblatt<\/figcaption><\/figure>\n<p>Ja und das l\u00e4sst sich leicht erkl\u00e4ren. Nehmen wir BEVs als Beispiel (FCEVs kann man \u00e4hnlich betrachten). Die Elektrifizierung des Stadt- und Regionalverkehrs ist nicht das Problem. Kurze Distanzen und viel Rekuperation erm\u00f6glichen kleinere, g\u00fcnstigere Batterien und ein planbares Aufladen an Logistik-Standorten. Die Elektrifizierung des Long-Haul-Verkehrs ist deutlich anspruchsvoller und hier kann die Aerodynamik helfen den Aufwand zu verringern. Der Energiebedarf im Long-Haul ist durch die langen Strecken und die hohen Geschwindigkeiten deutlich h\u00f6her. Also ben\u00f6tigt man eine gr\u00f6\u00dfere Menge g\u00fcnstigen, gr\u00fcnen Strom, gro\u00dfe Batterien und viel teure Infrastruktur an den Rastst\u00e4tten f\u00fcr ein schnelles Aufladen in den 45 min-Pausen des Fahrers. Das sind gro\u00dfe Aufwendungen. Man kann das Problem l\u00f6sen, indem man die Aerodynamik als gr\u00f6\u00dften Energiefresser im Long-Haul-Bereich drastisch optimiert. Dadurch reduziert man den Energiebedarf erheblich, die Kosten f\u00fcr Strom, Batterie, Infrastruktur und Auflade-Standzeiten sinken \u2013 ein Dominoeffekt, der die Fahrzeuge schneller in den Markt bringt. Oder anders: Besser \u201aAerodynamisierung\u2018 zu einem Bruchteil der Kosten, als unn\u00f6tig teure \u201a\u00dcber-Elektrifizierung\u2018 f\u00fcr nicht-optimierte Fahrzeuge aus der Diesel-Zeit.<\/p>\n<h4>M\u00fcssen also Trucks- und Trailer v\u00f6llig neu gedacht werden?<\/h4>\n<figure id=\"attachment_37845\" aria-describedby=\"caption-attachment-37845\" style=\"width: 420px\" class=\"wp-caption alignleft\"><a href=\"https:\/\/static.krafthand-truck.de\/uploads\/2023\/11\/Aecogreen_Aerodynamik_Lkw_Buffo_03.jpg\" target=\"_blank\" rel=\"noopener\"><img decoding=\"async\" class=\"wp-image-37845\" src=\"https:\/\/static.krafthand-truck.de\/uploads\/2023\/11\/Aecogreen_Aerodynamik_Lkw_Buffo_03-300x156.jpg\" alt=\"\" width=\"420\" height=\"219\" srcset=\"https:\/\/static.krafthand-truck.de\/uploads\/2023\/11\/Aecogreen_Aerodynamik_Lkw_Buffo_03-300x156.jpg 300w, https:\/\/static.krafthand-truck.de\/uploads\/2023\/11\/Aecogreen_Aerodynamik_Lkw_Buffo_03-1024x533.jpg 1024w, https:\/\/static.krafthand-truck.de\/uploads\/2023\/11\/Aecogreen_Aerodynamik_Lkw_Buffo_03-768x400.jpg 768w, https:\/\/static.krafthand-truck.de\/uploads\/2023\/11\/Aecogreen_Aerodynamik_Lkw_Buffo_03.jpg 1200w\" sizes=\"(max-width: 420px) 100vw, 420px\" \/><\/a><figcaption id=\"caption-attachment-37845\" class=\"wp-caption-text\">Verwirbelungen am Heck eines Trailers lassen sich bereits mit kleineren Eingriffen optimieren. Grafik: aeco.green GmbH<\/figcaption><\/figure>\n<p>Auf jeden Fall muss die Aerodynamik einen gr\u00f6\u00dferen Stellenwert erhalten. Die L\u00f6sung aber lautet nicht, dass alles stromlinienf\u00f6rmig verkleidet werden muss, so dass der Transport- und Praxisnutzen verloren geht. Fortschrittliche Aerodynamik bewahrt den Nutzen des Fahrzeugs und funktioniert mit gezielten Optimierungen, die auf den gesamten Sattelzug abgestimmt sind. An der Sattelzugmaschine sollte der gesetzliche Rahmen zur Formoptimierung ausgesch\u00f6pft werden. Dazu kommen viele Details, die die Performance verbessern. Die m\u00fcssen sauber aufeinander abgestimmt sein und k\u00f6nnen sogar noch viel weiter hinten am Trailer zu positiven Effekten f\u00fchren. Beim Trailer muss zudem genau geschaut werden, wo Energieverluste vermieden werden k\u00f6nnen und wie man die zahlreichen Verwirbelungen mit kleinen sinnvollen Eingriffen lenkt und optimiert.<\/p>\n<h4>Sie sprechen von drei Ebenen, die entsprechende Handlungsspielr\u00e4ume er\u00f6ffnen. Welche sind das?<\/h4>\n<figure id=\"attachment_37846\" aria-describedby=\"caption-attachment-37846\" style=\"width: 420px\" class=\"wp-caption alignright\"><a href=\"https:\/\/static.krafthand-truck.de\/uploads\/2023\/11\/Aecogreen_Aerodynamik_Lkw_Buffo_04.jpg\" target=\"_blank\" rel=\"noopener\"><img decoding=\"async\" class=\"wp-image-37846\" src=\"https:\/\/static.krafthand-truck.de\/uploads\/2023\/11\/Aecogreen_Aerodynamik_Lkw_Buffo_04-300x156.jpg\" alt=\"\" width=\"420\" height=\"219\" srcset=\"https:\/\/static.krafthand-truck.de\/uploads\/2023\/11\/Aecogreen_Aerodynamik_Lkw_Buffo_04-300x156.jpg 300w, https:\/\/static.krafthand-truck.de\/uploads\/2023\/11\/Aecogreen_Aerodynamik_Lkw_Buffo_04-1024x533.jpg 1024w, https:\/\/static.krafthand-truck.de\/uploads\/2023\/11\/Aecogreen_Aerodynamik_Lkw_Buffo_04-768x400.jpg 768w, https:\/\/static.krafthand-truck.de\/uploads\/2023\/11\/Aecogreen_Aerodynamik_Lkw_Buffo_04.jpg 1200w\" sizes=\"(max-width: 420px) 100vw, 420px\" \/><\/a><figcaption id=\"caption-attachment-37846\" class=\"wp-caption-text\">Im Bild sieht man die reduzierten Verwirbelungen am Heck eines Trailers, bei umfangreicheren aerodynamischen Optimierungsma\u00dfnahmen. Grafik: aeco.green GmbH<\/figcaption><\/figure>\n<p>Wir sehen als erstes die Optimierung der vorhandenen und notwendigen Fahrzeugbauteile, ohne zus\u00e4tzliche Anbauteile ins Spiel zu bringen. Gemeint ist die Gestaltung und Abstimmung von Kanten, Radh\u00e4usern, Chassis, Unterbodenkomponenten, Schmutzf\u00e4ngern, Unterfahrschutz, etc. Wenn diese Basisarbeit getan ist und aus den vorhandenen Komponenten alles rausgeholt wurde, folgen im zweiten Schritt aerodynamische Funktionsteile, darunter Luftleitelemente am Trailer oder Body-Kits f\u00fcr bestehende Zugmaschinen. Im dritten Schritt erst sollte man \u00fcber komplett neue Fahrzeugarchitekturen nachdenken, die von Grund auf die Platzierung und Gestaltung von wesentlichen Fahrzeugelementen optimieren. Man kann dann Zugmaschine, Trailer und Komponenten noch besser aufeinander abstimmen. Beispielsweise k\u00f6nnte die K\u00fchlmaschine als gro\u00dfer Verbraucher so positioniert sein, dass sie ideal bel\u00fcftet wird.<\/p>\n<p>&nbsp;<\/p>\n<h4>Es ist also nicht mit kleineren Anpassungen getan, vielmehr muss das Thema Aerodynamik ganzheitlich gedacht werden?<\/h4>\n<figure id=\"attachment_37847\" aria-describedby=\"caption-attachment-37847\" style=\"width: 320px\" class=\"wp-caption alignleft\"><a href=\"https:\/\/static.krafthand-truck.de\/uploads\/2023\/11\/Aecogreen_Aerodynamik_Lkw_Buffo_05.jpg\" target=\"_blank\" rel=\"noopener\"><img loading=\"lazy\" decoding=\"async\" class=\"wp-image-37847\" src=\"https:\/\/static.krafthand-truck.de\/uploads\/2023\/11\/Aecogreen_Aerodynamik_Lkw_Buffo_05-270x300.jpg\" alt=\"\" width=\"320\" height=\"355\" srcset=\"https:\/\/static.krafthand-truck.de\/uploads\/2023\/11\/Aecogreen_Aerodynamik_Lkw_Buffo_05-270x300.jpg 270w, https:\/\/static.krafthand-truck.de\/uploads\/2023\/11\/Aecogreen_Aerodynamik_Lkw_Buffo_05-923x1024.jpg 923w, https:\/\/static.krafthand-truck.de\/uploads\/2023\/11\/Aecogreen_Aerodynamik_Lkw_Buffo_05-768x852.jpg 768w, https:\/\/static.krafthand-truck.de\/uploads\/2023\/11\/Aecogreen_Aerodynamik_Lkw_Buffo_05.jpg 1200w\" sizes=\"(max-width: 320px) 100vw, 320px\" \/><\/a><figcaption id=\"caption-attachment-37847\" class=\"wp-caption-text\">Die drei Ebenen der aerodynamischen Optimierung und die Verbesserungspotenziale. Grafik: aeco.green GmbH<\/figcaption><\/figure>\n<p>Das eine schlie\u00dft das andere nicht aus. Ganzheitliche Optimierung ist Pflicht, denn die Luft interagiert mit dem gesamten Fahrzeug. Ein Beispiel: Wir k\u00f6nnen positive Ver\u00e4nderungen am Unterboden der Zugmaschine kurz hinter dem Nummernschild erzeugen und die Auswirkungen noch 16 Meter weiter hinten an der Gestalt des Heckwirbels auf der oberen T\u00fcrh\u00e4lfte des Trailers erkennen. Die Eingriffe f\u00fcr die Optimierung m\u00fcssen manchmal gr\u00f6\u00dfer sein, manchmal k\u00f6nnen sie auch kleiner sein. Je fr\u00fcher, also weiter vorne, man ein Problem behebt, desto weniger muss hinten am Trailer korrigiert werden und desto besser kann man Einfluss nehmen. Der besondere Reiz liegt darin, dass ein Sattelzug von mehreren OEMs und Zulieferern zusammengestellt wird. Deshalb versuchen wir neue Partnerschaften unter den Akteuren zu erzeugen, die dann gemeinsam eine ganzheitliche Optimierung generieren.<\/p>\n<blockquote><p>\u201eJe weiter vorne, man ein Problem behebt, desto weniger muss hinten am Trailer korrigiert werden\u201c<\/p><\/blockquote>\n<h4>Wie reagiert die Nfz-Industrie auf die von Ihnen dargestellten Potenziale?<\/h4>\n<p>Tats\u00e4chlich sehr offen und positiv. Immer mehr Hersteller erkennen, dass das Potenzial gro\u00df und der Druck von Seiten der Politik stark gestiegen ist. Die Zugmaschinenhersteller und bald auch die Trailerhersteller, werden j\u00e4hrlich daran gemessen, wie die G\u00fcte ihrer Fahrzeuge und Komponenten ist und ob sie im Zielkorridor sind. Also setzen sie auf unsere Expertise, um ihre Ziele zu erreichen und attraktive Produkte anbieten zu k\u00f6nnen. Neuerdings bieten wir mit \u201anexttruck\u2018 auch eine Beratung f\u00fcr Flottenbetreiber an. Mit unserer digitalen Dienstleistung k\u00f6nnen Eink\u00e4ufer von Fuhrparks konkrete Fahrzeugmodelle und Ausstattungen hinsichtlich ihrer Energieeffizienz f\u00fcr ihren konkreten Nutzungsfall bewerten und vergleichen. Das steigert die Effizienz und lindert so den Kostendruck bei den Flotten. Jeder findet so seine kostenoptimierte und ma\u00dfgeschneiderte L\u00f6sung.<\/p>\n<h4>Gibt es weitere, konkrete Projekte, an denen sie mit der Nfz- und Trailer-Industrie arbeiten?<\/h4>\n<p>Momentan haben wir Projekte mit Zugmaschinen- und Trailerherstellern, Zulieferern, Flotten, und wir bewerten sogar Reisebusse. Der Inhalt der meisten Projekte ist vertraulich. \u00dcber ein Projekt mit der Firma Quantron k\u00f6nnen wir aber sprechen. F\u00fcr sie haben wir f\u00fcr ein bestehendes Zugmaschinenmodell ein Aero-Bodykit und diverse Anbauteile entworfen, die den Luftwiderstand um 20 Prozent senken k\u00f6nnen.<\/p>\n<p><i>Den Beitrag finden Sie auch in der Print-Ausgabe 4-2023 der <a href=\"https:\/\/www.krafthand.de\/truck\/magazin\/\" title=\"Zum Magazin\">Krafthand-Truck<\/a>.<\/i><\/p>\r\n\t\t\t\t<div class=\"post-author\">\r\n\t\t\t\t\t<div class=\"khm-cp-author clearfix\">\r\n\t\t\t\t\t\t<div class=\"khm-cp-author__content\">\r\n\t\t\t\t\t\t\t\tKontakt zum Autor:<br \/>\r\n\t\t\t\t\t\t\t\t<strong>Georg Blenk<\/strong>, 08247 \/ 3007-45 |  <a href=\"mailto:georg.blenk@krafthand-medien.de\">georg.blenk@krafthand-medien.de<\/a>\r\n\t\t\t\t\t\t\t<div class=\"khm-cp-author__image\">\r\n\t\t\t\t\t\t<img src=\"https:\/\/static.krafthand-truck.de\/uploads\/2021\/01\/Blenk_6104-250x300-1-removebg-preview.png\" class=\"img-responsive\">\r\n\t\t\t\t\t<\/div>\r\n\t\t\t\t\t\t<\/div>\r\n\t\t\t\t\t<\/div>\r\n\t\t\t\t<\/div>\r\n\t\t\t\t","protected":false},"excerpt":{"rendered":"<p>Neben der Antriebseffizienz und dem Rollwiderstand gilt die Aerodynamik als Haupteinflussfaktor f\u00fcr den effizienten Betrieb von Lastkraftwagen. Wir haben mit Dr.-Ing. Rainer Buffo, Managing Director bei der aeco.green GmbH \u00fcber die Potenziale der Aerodynamischen Entwicklung bei Lkw und Trailer gesprochen. <span class=\"excerpt-more__dots\">&#8230;<\/span> <a class=\"excerpt-more__link\" href=\"https:\/\/www.krafthand.de\/truck\/artikel\/die-summe-aller-teile-in-der-verbesserung-der-aerodynamik-liegt-enormes-potenzial-37839\/\" >weiter<\/a><\/p>\n","protected":false},"author":9,"featured_media":37840,"comment_status":"closed","ping_status":"closed","sticky":false,"template":"","format":"standard","meta":{"footnotes":""},"categories":[4237,4914],"tags":[5780,117,5779],"settings":[3524,4766,3523],"class_list":["post-37839","post","type-post","status-publish","format-standard","has-post-thumbnail","hentry","category-studien","category-trailer-aufbauten","tag-aecogreen","tag-aerodynamik","tag-rainer-buffo"],"yoast_head":"<!-- This site is optimized with the Yoast SEO plugin v27.3 - https:\/\/yoast.com\/product\/yoast-seo-wordpress\/ -->\n<title>&quot;In der Verbesserung der Aerodynamik liegt enormes Potenzial\u201c - Krafthand-Truck<\/title>\n<meta name=\"description\" content=\"Exklusiv-Interview mit Dr. Rainer Buffo &quot;40-50 Prozent der Antriebsenergie eines Lkw werden f\u00fcr die \u00dcberwindung des Luftwiderstands aufgewendet.&quot;\" \/>\n<meta name=\"robots\" content=\"index, follow, max-snippet:-1, max-image-preview:large, max-video-preview:-1\" \/>\n<link rel=\"canonical\" href=\"https:\/\/www.krafthand.de\/truck\/artikel\/die-summe-aller-teile-in-der-verbesserung-der-aerodynamik-liegt-enormes-potenzial-37839\/\" \/>\n<meta property=\"og:locale\" content=\"de_DE\" \/>\n<meta property=\"og:type\" content=\"article\" \/>\n<meta property=\"og:title\" content=\"&quot;In der Verbesserung der Aerodynamik liegt enormes Potenzial\u201c - Krafthand-Truck\" \/>\n<meta property=\"og:description\" content=\"Exklusiv-Interview mit Dr. Rainer Buffo &quot;40-50 Prozent der Antriebsenergie eines Lkw werden f\u00fcr die \u00dcberwindung des Luftwiderstands aufgewendet.&quot;\" \/>\n<meta property=\"og:url\" content=\"https:\/\/www.krafthand-truck.de\/artikel\/die-summe-aller-teile-in-der-verbesserung-der-aerodynamik-liegt-enormes-potenzial-37839\/\" \/>\n<meta property=\"og:site_name\" content=\"Krafthand-Truck\" \/>\n<meta property=\"article:published_time\" content=\"2023-11-09T09:19:18+00:00\" \/>\n<meta property=\"article:modified_time\" content=\"2023-11-09T10:06:01+00:00\" \/>\n<meta property=\"og:image\" content=\"https:\/\/static.krafthand-truck.de\/uploads\/2023\/11\/Aecogreen_Aerodynamik_Lkw_Buffo_01.jpg\" \/>\n\t<meta property=\"og:image:width\" content=\"1200\" \/>\n\t<meta property=\"og:image:height\" content=\"513\" \/>\n\t<meta property=\"og:image:type\" content=\"image\/jpeg\" \/>\n<meta name=\"author\" content=\"georg.blenk@krafthand-medien.de\" \/>\n<meta name=\"twitter:card\" content=\"summary_large_image\" \/>\n<meta name=\"twitter:label1\" content=\"Verfasst von\" \/>\n\t<meta name=\"twitter:data1\" content=\"georg.blenk@krafthand-medien.de\" \/>\n\t<meta name=\"twitter:label2\" content=\"Gesch\u00e4tzte Lesezeit\" \/>\n\t<meta name=\"twitter:data2\" content=\"7\u00a0Minuten\" \/>\n<script type=\"application\/ld+json\" class=\"yoast-schema-graph\">{\"@context\":\"https:\\\/\\\/schema.org\",\"@graph\":[{\"@type\":\"Article\",\"@id\":\"https:\\\/\\\/www.krafthand.de\\\/truck\\\/artikel\\\/die-summe-aller-teile-in-der-verbesserung-der-aerodynamik-liegt-enormes-potenzial-37839\\\/#article\",\"isPartOf\":{\"@id\":\"https:\\\/\\\/www.krafthand.de\\\/truck\\\/artikel\\\/die-summe-aller-teile-in-der-verbesserung-der-aerodynamik-liegt-enormes-potenzial-37839\\\/\"},\"author\":{\"name\":\"georg.blenk@krafthand-medien.de\",\"@id\":\"https:\\\/\\\/www.krafthand.de\\\/truck\\\/#\\\/schema\\\/person\\\/51fa80b1c57034c4bf63f9f988fc24ce\"},\"headline\":\"&#8222;In der Verbesserung der Aerodynamik liegt enormes Potenzial\u201c\",\"datePublished\":\"2023-11-09T09:19:18+00:00\",\"dateModified\":\"2023-11-09T10:06:01+00:00\",\"mainEntityOfPage\":{\"@id\":\"https:\\\/\\\/www.krafthand.de\\\/truck\\\/artikel\\\/die-summe-aller-teile-in-der-verbesserung-der-aerodynamik-liegt-enormes-potenzial-37839\\\/\"},\"wordCount\":1204,\"image\":{\"@id\":\"https:\\\/\\\/www.krafthand.de\\\/truck\\\/artikel\\\/die-summe-aller-teile-in-der-verbesserung-der-aerodynamik-liegt-enormes-potenzial-37839\\\/#primaryimage\"},\"thumbnailUrl\":\"https:\\\/\\\/static.krafthand-truck.de\\\/uploads\\\/2023\\\/11\\\/Aecogreen_Aerodynamik_Lkw_Buffo_01.jpg\",\"keywords\":[\"Aecogreen\",\"Aerodynamik\",\"Rainer Buffo\"],\"articleSection\":[\"Studien\\\/F+E\",\"Trailer\\\/Aufbauten\"],\"inLanguage\":\"de\"},{\"@type\":\"WebPage\",\"@id\":\"https:\\\/\\\/www.krafthand.de\\\/truck\\\/artikel\\\/die-summe-aller-teile-in-der-verbesserung-der-aerodynamik-liegt-enormes-potenzial-37839\\\/\",\"url\":\"https:\\\/\\\/www.krafthand.de\\\/truck\\\/artikel\\\/die-summe-aller-teile-in-der-verbesserung-der-aerodynamik-liegt-enormes-potenzial-37839\\\/\",\"name\":\"\\\"In der Verbesserung der Aerodynamik liegt enormes Potenzial\u201c - Krafthand-Truck\",\"isPartOf\":{\"@id\":\"https:\\\/\\\/www.krafthand.de\\\/truck\\\/#website\"},\"primaryImageOfPage\":{\"@id\":\"https:\\\/\\\/www.krafthand.de\\\/truck\\\/artikel\\\/die-summe-aller-teile-in-der-verbesserung-der-aerodynamik-liegt-enormes-potenzial-37839\\\/#primaryimage\"},\"image\":{\"@id\":\"https:\\\/\\\/www.krafthand.de\\\/truck\\\/artikel\\\/die-summe-aller-teile-in-der-verbesserung-der-aerodynamik-liegt-enormes-potenzial-37839\\\/#primaryimage\"},\"thumbnailUrl\":\"https:\\\/\\\/static.krafthand-truck.de\\\/uploads\\\/2023\\\/11\\\/Aecogreen_Aerodynamik_Lkw_Buffo_01.jpg\",\"datePublished\":\"2023-11-09T09:19:18+00:00\",\"dateModified\":\"2023-11-09T10:06:01+00:00\",\"author\":{\"@id\":\"https:\\\/\\\/www.krafthand.de\\\/truck\\\/#\\\/schema\\\/person\\\/51fa80b1c57034c4bf63f9f988fc24ce\"},\"description\":\"Exklusiv-Interview mit Dr. Rainer Buffo \\\"40-50 Prozent der Antriebsenergie eines Lkw werden f\u00fcr die \u00dcberwindung des Luftwiderstands aufgewendet.\\\"\",\"breadcrumb\":{\"@id\":\"https:\\\/\\\/www.krafthand.de\\\/truck\\\/artikel\\\/die-summe-aller-teile-in-der-verbesserung-der-aerodynamik-liegt-enormes-potenzial-37839\\\/#breadcrumb\"},\"inLanguage\":\"de\",\"potentialAction\":[{\"@type\":\"ReadAction\",\"target\":[\"https:\\\/\\\/www.krafthand.de\\\/truck\\\/artikel\\\/die-summe-aller-teile-in-der-verbesserung-der-aerodynamik-liegt-enormes-potenzial-37839\\\/\"]}]},{\"@type\":\"ImageObject\",\"inLanguage\":\"de\",\"@id\":\"https:\\\/\\\/www.krafthand.de\\\/truck\\\/artikel\\\/die-summe-aller-teile-in-der-verbesserung-der-aerodynamik-liegt-enormes-potenzial-37839\\\/#primaryimage\",\"url\":\"https:\\\/\\\/static.krafthand-truck.de\\\/uploads\\\/2023\\\/11\\\/Aecogreen_Aerodynamik_Lkw_Buffo_01.jpg\",\"contentUrl\":\"https:\\\/\\\/static.krafthand-truck.de\\\/uploads\\\/2023\\\/11\\\/Aecogreen_Aerodynamik_Lkw_Buffo_01.jpg\",\"width\":1200,\"height\":513},{\"@type\":\"BreadcrumbList\",\"@id\":\"https:\\\/\\\/www.krafthand.de\\\/truck\\\/artikel\\\/die-summe-aller-teile-in-der-verbesserung-der-aerodynamik-liegt-enormes-potenzial-37839\\\/#breadcrumb\",\"itemListElement\":[{\"@type\":\"ListItem\",\"position\":1,\"name\":\"Krafthand-Truck\",\"item\":\"https:\\\/\\\/www.krafthand.de\\\/truck\\\/\"},{\"@type\":\"ListItem\",\"position\":2,\"name\":\"Nfz-Branche\",\"item\":\"https:\\\/\\\/www.krafthand.de\\\/truck\\\/kategorie\\\/branche\\\/\"},{\"@type\":\"ListItem\",\"position\":3,\"name\":\"Studien\\\/F+E\",\"item\":\"https:\\\/\\\/www.krafthand.de\\\/truck\\\/kategorie\\\/branche\\\/studien\\\/\"},{\"@type\":\"ListItem\",\"position\":4,\"name\":\"&#8222;In der Verbesserung der Aerodynamik liegt enormes Potenzial\u201c\"}]},{\"@type\":\"WebSite\",\"@id\":\"https:\\\/\\\/www.krafthand.de\\\/truck\\\/#website\",\"url\":\"https:\\\/\\\/www.krafthand.de\\\/truck\\\/\",\"name\":\"Krafthand-Truck\",\"description\":\"\",\"potentialAction\":[{\"@type\":\"SearchAction\",\"target\":{\"@type\":\"EntryPoint\",\"urlTemplate\":\"https:\\\/\\\/www.krafthand.de\\\/truck\\\/?s={search_term_string}\"},\"query-input\":{\"@type\":\"PropertyValueSpecification\",\"valueRequired\":true,\"valueName\":\"search_term_string\"}}],\"inLanguage\":\"de\"},{\"@type\":\"Person\",\"@id\":\"https:\\\/\\\/www.krafthand.de\\\/truck\\\/#\\\/schema\\\/person\\\/51fa80b1c57034c4bf63f9f988fc24ce\",\"name\":\"georg.blenk@krafthand-medien.de\",\"image\":{\"@type\":\"ImageObject\",\"inLanguage\":\"de\",\"@id\":\"https:\\\/\\\/secure.gravatar.com\\\/avatar\\\/93713c30affe0aa95d3a4130e499bb1abee2eb31adbdd9ce2aa1543538490215?s=96&d=mm&r=g\",\"url\":\"https:\\\/\\\/secure.gravatar.com\\\/avatar\\\/93713c30affe0aa95d3a4130e499bb1abee2eb31adbdd9ce2aa1543538490215?s=96&d=mm&r=g\",\"contentUrl\":\"https:\\\/\\\/secure.gravatar.com\\\/avatar\\\/93713c30affe0aa95d3a4130e499bb1abee2eb31adbdd9ce2aa1543538490215?s=96&d=mm&r=g\",\"caption\":\"georg.blenk@krafthand-medien.de\"}}]}<\/script>\n<!-- \/ Yoast SEO plugin. -->","yoast_head_json":{"title":"\"In der Verbesserung der Aerodynamik liegt enormes Potenzial\u201c - Krafthand-Truck","description":"Exklusiv-Interview mit Dr. Rainer Buffo \"40-50 Prozent der Antriebsenergie eines Lkw werden f\u00fcr die \u00dcberwindung des Luftwiderstands aufgewendet.\"","robots":{"index":"index","follow":"follow","max-snippet":"max-snippet:-1","max-image-preview":"max-image-preview:large","max-video-preview":"max-video-preview:-1"},"canonical":"https:\/\/www.krafthand.de\/truck\/artikel\/die-summe-aller-teile-in-der-verbesserung-der-aerodynamik-liegt-enormes-potenzial-37839\/","og_locale":"de_DE","og_type":"article","og_title":"\"In der Verbesserung der Aerodynamik liegt enormes Potenzial\u201c - Krafthand-Truck","og_description":"Exklusiv-Interview mit Dr. Rainer Buffo \"40-50 Prozent der Antriebsenergie eines Lkw werden f\u00fcr die \u00dcberwindung des Luftwiderstands aufgewendet.\"","og_url":"https:\/\/www.krafthand-truck.de\/artikel\/die-summe-aller-teile-in-der-verbesserung-der-aerodynamik-liegt-enormes-potenzial-37839\/","og_site_name":"Krafthand-Truck","article_published_time":"2023-11-09T09:19:18+00:00","article_modified_time":"2023-11-09T10:06:01+00:00","og_image":[{"width":1200,"height":513,"url":"https:\/\/static.krafthand-truck.de\/uploads\/2023\/11\/Aecogreen_Aerodynamik_Lkw_Buffo_01.jpg","type":"image\/jpeg"}],"author":"georg.blenk@krafthand-medien.de","twitter_card":"summary_large_image","twitter_misc":{"Verfasst von":"georg.blenk@krafthand-medien.de","Gesch\u00e4tzte Lesezeit":"7\u00a0Minuten"},"schema":{"@context":"https:\/\/schema.org","@graph":[{"@type":"Article","@id":"https:\/\/www.krafthand.de\/truck\/artikel\/die-summe-aller-teile-in-der-verbesserung-der-aerodynamik-liegt-enormes-potenzial-37839\/#article","isPartOf":{"@id":"https:\/\/www.krafthand.de\/truck\/artikel\/die-summe-aller-teile-in-der-verbesserung-der-aerodynamik-liegt-enormes-potenzial-37839\/"},"author":{"name":"georg.blenk@krafthand-medien.de","@id":"https:\/\/www.krafthand.de\/truck\/#\/schema\/person\/51fa80b1c57034c4bf63f9f988fc24ce"},"headline":"&#8222;In der Verbesserung der Aerodynamik liegt enormes Potenzial\u201c","datePublished":"2023-11-09T09:19:18+00:00","dateModified":"2023-11-09T10:06:01+00:00","mainEntityOfPage":{"@id":"https:\/\/www.krafthand.de\/truck\/artikel\/die-summe-aller-teile-in-der-verbesserung-der-aerodynamik-liegt-enormes-potenzial-37839\/"},"wordCount":1204,"image":{"@id":"https:\/\/www.krafthand.de\/truck\/artikel\/die-summe-aller-teile-in-der-verbesserung-der-aerodynamik-liegt-enormes-potenzial-37839\/#primaryimage"},"thumbnailUrl":"https:\/\/static.krafthand-truck.de\/uploads\/2023\/11\/Aecogreen_Aerodynamik_Lkw_Buffo_01.jpg","keywords":["Aecogreen","Aerodynamik","Rainer Buffo"],"articleSection":["Studien\/F+E","Trailer\/Aufbauten"],"inLanguage":"de"},{"@type":"WebPage","@id":"https:\/\/www.krafthand.de\/truck\/artikel\/die-summe-aller-teile-in-der-verbesserung-der-aerodynamik-liegt-enormes-potenzial-37839\/","url":"https:\/\/www.krafthand.de\/truck\/artikel\/die-summe-aller-teile-in-der-verbesserung-der-aerodynamik-liegt-enormes-potenzial-37839\/","name":"\"In der Verbesserung der Aerodynamik liegt enormes Potenzial\u201c - Krafthand-Truck","isPartOf":{"@id":"https:\/\/www.krafthand.de\/truck\/#website"},"primaryImageOfPage":{"@id":"https:\/\/www.krafthand.de\/truck\/artikel\/die-summe-aller-teile-in-der-verbesserung-der-aerodynamik-liegt-enormes-potenzial-37839\/#primaryimage"},"image":{"@id":"https:\/\/www.krafthand.de\/truck\/artikel\/die-summe-aller-teile-in-der-verbesserung-der-aerodynamik-liegt-enormes-potenzial-37839\/#primaryimage"},"thumbnailUrl":"https:\/\/static.krafthand-truck.de\/uploads\/2023\/11\/Aecogreen_Aerodynamik_Lkw_Buffo_01.jpg","datePublished":"2023-11-09T09:19:18+00:00","dateModified":"2023-11-09T10:06:01+00:00","author":{"@id":"https:\/\/www.krafthand.de\/truck\/#\/schema\/person\/51fa80b1c57034c4bf63f9f988fc24ce"},"description":"Exklusiv-Interview mit Dr. Rainer Buffo \"40-50 Prozent der Antriebsenergie eines Lkw werden f\u00fcr die \u00dcberwindung des Luftwiderstands aufgewendet.\"","breadcrumb":{"@id":"https:\/\/www.krafthand.de\/truck\/artikel\/die-summe-aller-teile-in-der-verbesserung-der-aerodynamik-liegt-enormes-potenzial-37839\/#breadcrumb"},"inLanguage":"de","potentialAction":[{"@type":"ReadAction","target":["https:\/\/www.krafthand.de\/truck\/artikel\/die-summe-aller-teile-in-der-verbesserung-der-aerodynamik-liegt-enormes-potenzial-37839\/"]}]},{"@type":"ImageObject","inLanguage":"de","@id":"https:\/\/www.krafthand.de\/truck\/artikel\/die-summe-aller-teile-in-der-verbesserung-der-aerodynamik-liegt-enormes-potenzial-37839\/#primaryimage","url":"https:\/\/static.krafthand-truck.de\/uploads\/2023\/11\/Aecogreen_Aerodynamik_Lkw_Buffo_01.jpg","contentUrl":"https:\/\/static.krafthand-truck.de\/uploads\/2023\/11\/Aecogreen_Aerodynamik_Lkw_Buffo_01.jpg","width":1200,"height":513},{"@type":"BreadcrumbList","@id":"https:\/\/www.krafthand.de\/truck\/artikel\/die-summe-aller-teile-in-der-verbesserung-der-aerodynamik-liegt-enormes-potenzial-37839\/#breadcrumb","itemListElement":[{"@type":"ListItem","position":1,"name":"Krafthand-Truck","item":"https:\/\/www.krafthand.de\/truck\/"},{"@type":"ListItem","position":2,"name":"Nfz-Branche","item":"https:\/\/www.krafthand.de\/truck\/kategorie\/branche\/"},{"@type":"ListItem","position":3,"name":"Studien\/F+E","item":"https:\/\/www.krafthand.de\/truck\/kategorie\/branche\/studien\/"},{"@type":"ListItem","position":4,"name":"&#8222;In der Verbesserung der Aerodynamik liegt enormes Potenzial\u201c"}]},{"@type":"WebSite","@id":"https:\/\/www.krafthand.de\/truck\/#website","url":"https:\/\/www.krafthand.de\/truck\/","name":"Krafthand-Truck","description":"","potentialAction":[{"@type":"SearchAction","target":{"@type":"EntryPoint","urlTemplate":"https:\/\/www.krafthand.de\/truck\/?s={search_term_string}"},"query-input":{"@type":"PropertyValueSpecification","valueRequired":true,"valueName":"search_term_string"}}],"inLanguage":"de"},{"@type":"Person","@id":"https:\/\/www.krafthand.de\/truck\/#\/schema\/person\/51fa80b1c57034c4bf63f9f988fc24ce","name":"georg.blenk@krafthand-medien.de","image":{"@type":"ImageObject","inLanguage":"de","@id":"https:\/\/secure.gravatar.com\/avatar\/93713c30affe0aa95d3a4130e499bb1abee2eb31adbdd9ce2aa1543538490215?s=96&d=mm&r=g","url":"https:\/\/secure.gravatar.com\/avatar\/93713c30affe0aa95d3a4130e499bb1abee2eb31adbdd9ce2aa1543538490215?s=96&d=mm&r=g","contentUrl":"https:\/\/secure.gravatar.com\/avatar\/93713c30affe0aa95d3a4130e499bb1abee2eb31adbdd9ce2aa1543538490215?s=96&d=mm&r=g","caption":"georg.blenk@krafthand-medien.de"}}]}},"_links":{"self":[{"href":"https:\/\/www.krafthand.de\/truck\/wp-json\/wp\/v2\/posts\/37839","targetHints":{"allow":["GET"]}}],"collection":[{"href":"https:\/\/www.krafthand.de\/truck\/wp-json\/wp\/v2\/posts"}],"about":[{"href":"https:\/\/www.krafthand.de\/truck\/wp-json\/wp\/v2\/types\/post"}],"author":[{"embeddable":true,"href":"https:\/\/www.krafthand.de\/truck\/wp-json\/wp\/v2\/users\/9"}],"replies":[{"embeddable":true,"href":"https:\/\/www.krafthand.de\/truck\/wp-json\/wp\/v2\/comments?post=37839"}],"version-history":[{"count":8,"href":"https:\/\/www.krafthand.de\/truck\/wp-json\/wp\/v2\/posts\/37839\/revisions"}],"predecessor-version":[{"id":37852,"href":"https:\/\/www.krafthand.de\/truck\/wp-json\/wp\/v2\/posts\/37839\/revisions\/37852"}],"wp:featuredmedia":[{"embeddable":true,"href":"https:\/\/www.krafthand.de\/truck\/wp-json\/wp\/v2\/media\/37840"}],"wp:attachment":[{"href":"https:\/\/www.krafthand.de\/truck\/wp-json\/wp\/v2\/media?parent=37839"}],"wp:term":[{"taxonomy":"category","embeddable":true,"href":"https:\/\/www.krafthand.de\/truck\/wp-json\/wp\/v2\/categories?post=37839"},{"taxonomy":"post_tag","embeddable":true,"href":"https:\/\/www.krafthand.de\/truck\/wp-json\/wp\/v2\/tags?post=37839"},{"taxonomy":"settings","embeddable":true,"href":"https:\/\/www.krafthand.de\/truck\/wp-json\/wp\/v2\/settings?post=37839"}],"curies":[{"name":"wp","href":"https:\/\/api.w.org\/{rel}","templated":true}]}}