{"id":37774,"date":"2023-10-27T10:11:27","date_gmt":"2023-10-27T08:11:27","guid":{"rendered":"https:\/\/www.krafthand.de\/truck\/?p=37774"},"modified":"2023-10-27T10:20:35","modified_gmt":"2023-10-27T08:20:35","slug":"groupauto-international-zf-aftermarket-als-lieferant-des-jahres-2023","status":"publish","type":"post","link":"https:\/\/www.krafthand.de\/truck\/artikel\/groupauto-international-zf-aftermarket-als-lieferant-des-jahres-2023-37774\/","title":{"rendered":"Groupauto International: ZF Aftermarket ist &#8218;Lieferant des Jahres 2023&#8216;"},"content":{"rendered":"<p>ZF Aftermarket wurde k\u00fcrzlich auf dem j\u00e4hrlichen Kongress der <a href=\"https:\/\/www.groupauto.com\" target=\"_blank\" rel=\"noopener\">Groupauto International (GAI)<\/a> in Istanbul als &#8218;Supplier of the Year 2023&#8216; ausgezeichnet. Die Auszeichnung des internationalen Teilehandels-Netzwerkes best\u00e4tigt das Engagement von <a href=\"https:\/\/aftermarket.zf.com\/de\/aftermarket-portal\/\" target=\"_blank\" rel=\"noopener\">ZF Aftermarket<\/a> in Hinblick auf innovative L\u00f6sungen und einem starken Kundenservice.<\/p>\n<blockquote><p>Philippe Colpron, Leiter ZF Aftermarket, nahm vor Ort die Auszeichnung entgegen und bedankte sich: &#8222;Dieser Preis ist eine gro\u00dfe Ehre f\u00fcr uns. Er unterstreicht unser kontinuierliches Engagement, unsere Kunden bestm\u00f6glich zu begleiten. Der Award motiviert uns auch, noch h\u00e4rter zu arbeiten und uns weiterhin f\u00fcr unsere Kunden einzusetzen, um die Branche und den Service im Mobilit\u00e4tssektor weiter voranzutreiben.&#8220;<\/p><\/blockquote>\n<p>GAI, das internationale H\u00e4ndlernetz f\u00fcr Ersatzteile und Dienstleistungen f\u00fcr Pkw und Nutzfahrzeuge, vergibt j\u00e4hrlich die Auszeichnung &#8222;Lieferant des Jahres&#8220;, um herausragende Leistungen seiner Handelspartner zu w\u00fcrdigen. Die Grundlage f\u00fcr die Abstimmung, die zum Gewinn der Auszeichnung f\u00fchrt, sind die Gesch\u00e4fte innerhalb des GAI-Netzwerks an 15.734 Verkaufsstellen in 109 L\u00e4ndern. Zu den Bewertungskriterien geh\u00f6ren die Produkt- und Programmqualit\u00e4t sowie die Gesch\u00e4ftsabschl\u00fcsse der Lieferanten mit den einzelnen Mitgliedern der Gro\u00dfhandelsgruppe. Diese Gesch\u00e4fte werden anhand von Faktoren wie Verf\u00fcgbarkeit, Servicegrad der Lieferung, technische Unterst\u00fctzung, Marketing- und Verkaufsunterst\u00fctzung und andere Dienstleistungen bewertet.<\/p>\n<p><i>Den Beitrag finden Sie auch in der Print-Ausgabe 4-2023 der <a href=\"https:\/\/www.krafthand.de\/truck\/magazin\/\" title=\"Zum Magazin\">Krafthand-Truck<\/a>.<\/i><\/p>","protected":false},"excerpt":{"rendered":"<p>ZF Aftermarket wurde k\u00fcrzlich auf dem Kongress der Groupauto International (GAI) als &#8218;Supplier of the Year 2023&#8216; ausgezeichnet. Die Auszeichnung des internationalen Teilehandels-Netzwerkes best\u00e4tigt das Engagement von ZF Aftermarket in Hinblick auf innovative L\u00f6sungen und einem starken Kundenservice. <span class=\"excerpt-more__dots\">&#8230;<\/span> <a class=\"excerpt-more__link\" href=\"https:\/\/www.krafthand.de\/truck\/artikel\/groupauto-international-zf-aftermarket-als-lieferant-des-jahres-2023-37774\/\" >weiter<\/a><\/p>\n","protected":false},"author":9,"featured_media":37775,"comment_status":"closed","ping_status":"closed","sticky":false,"template":"","format":"standard","meta":{"footnotes":""},"categories":[4238,4235],"tags":[5774,5764,5773,2987],"settings":[4766,3523],"class_list":["post-37774","post","type-post","status-publish","format-standard","has-post-thumbnail","hentry","category-koepfe","category-unternehmen","tag-gai","tag-lkw-teile","tag-supplier-of-the-year","tag-zf-aftermarket"],"yoast_head":"<!-- This site is optimized with the Yoast SEO plugin v27.3 - https:\/\/yoast.com\/product\/yoast-seo-wordpress\/ -->\n<title>Groupauto International: ZF Aftermarket ist &#039;Lieferant des Jahres 2023&#039; - Krafthand-Truck<\/title>\n<meta name=\"description\" content=\"ZF Aftermarket wurde k\u00fcrzlich auf dem j\u00e4hrlichen Kongress der Groupauto International (GAI) als &#039;Supplier of the Year 2023&#039; ausgezeichnet.\" \/>\n<meta name=\"robots\" content=\"index, follow, max-snippet:-1, max-image-preview:large, max-video-preview:-1\" \/>\n<link rel=\"canonical\" href=\"https:\/\/www.krafthand.de\/truck\/artikel\/groupauto-international-zf-aftermarket-als-lieferant-des-jahres-2023-37774\/\" \/>\n<meta property=\"og:locale\" content=\"de_DE\" \/>\n<meta property=\"og:type\" content=\"article\" \/>\n<meta property=\"og:title\" content=\"Groupauto International: ZF Aftermarket ist &#039;Lieferant des Jahres 2023&#039; - Krafthand-Truck\" \/>\n<meta property=\"og:description\" content=\"ZF Aftermarket wurde k\u00fcrzlich auf dem j\u00e4hrlichen Kongress der Groupauto International (GAI) als &#039;Supplier of the Year 2023&#039; ausgezeichnet.\" \/>\n<meta property=\"og:url\" content=\"https:\/\/www.krafthand-truck.de\/artikel\/groupauto-international-zf-aftermarket-als-lieferant-des-jahres-2023-37774\/\" \/>\n<meta property=\"og:site_name\" content=\"Krafthand-Truck\" \/>\n<meta property=\"article:published_time\" content=\"2023-10-27T08:11:27+00:00\" \/>\n<meta property=\"article:modified_time\" content=\"2023-10-27T08:20:35+00:00\" \/>\n<meta property=\"og:image\" content=\"https:\/\/static.krafthand-truck.de\/uploads\/2023\/10\/GAI_ZF_Aftermarket_Best_Supplier_Holger-Hellmich_Philippe-Colpron.jpg\" \/>\n\t<meta property=\"og:image:width\" content=\"1200\" \/>\n\t<meta property=\"og:image:height\" content=\"882\" \/>\n\t<meta property=\"og:image:type\" content=\"image\/jpeg\" \/>\n<meta name=\"author\" content=\"georg.blenk@krafthand-medien.de\" \/>\n<meta name=\"twitter:card\" content=\"summary_large_image\" \/>\n<meta name=\"twitter:label1\" content=\"Verfasst von\" \/>\n\t<meta name=\"twitter:data1\" content=\"georg.blenk@krafthand-medien.de\" \/>\n\t<meta name=\"twitter:label2\" content=\"Gesch\u00e4tzte Lesezeit\" \/>\n\t<meta name=\"twitter:data2\" content=\"1\u00a0Minute\" \/>\n<script type=\"application\/ld+json\" class=\"yoast-schema-graph\">{\"@context\":\"https:\\\/\\\/schema.org\",\"@graph\":[{\"@type\":\"Article\",\"@id\":\"https:\\\/\\\/www.krafthand.de\\\/truck\\\/artikel\\\/groupauto-international-zf-aftermarket-als-lieferant-des-jahres-2023-37774\\\/#article\",\"isPartOf\":{\"@id\":\"https:\\\/\\\/www.krafthand.de\\\/truck\\\/artikel\\\/groupauto-international-zf-aftermarket-als-lieferant-des-jahres-2023-37774\\\/\"},\"author\":{\"name\":\"georg.blenk@krafthand-medien.de\",\"@id\":\"https:\\\/\\\/www.krafthand.de\\\/truck\\\/#\\\/schema\\\/person\\\/51fa80b1c57034c4bf63f9f988fc24ce\"},\"headline\":\"Groupauto International: ZF Aftermarket ist &#8218;Lieferant des Jahres 2023&#8216;\",\"datePublished\":\"2023-10-27T08:11:27+00:00\",\"dateModified\":\"2023-10-27T08:20:35+00:00\",\"mainEntityOfPage\":{\"@id\":\"https:\\\/\\\/www.krafthand.de\\\/truck\\\/artikel\\\/groupauto-international-zf-aftermarket-als-lieferant-des-jahres-2023-37774\\\/\"},\"wordCount\":220,\"image\":{\"@id\":\"https:\\\/\\\/www.krafthand.de\\\/truck\\\/artikel\\\/groupauto-international-zf-aftermarket-als-lieferant-des-jahres-2023-37774\\\/#primaryimage\"},\"thumbnailUrl\":\"https:\\\/\\\/static.krafthand-truck.de\\\/uploads\\\/2023\\\/10\\\/GAI_ZF_Aftermarket_Best_Supplier_Holger-Hellmich_Philippe-Colpron.jpg\",\"keywords\":[\"GAI\",\"Lkw-Teile\",\"Supplier of the year\",\"ZF Aftermarket\"],\"articleSection\":[\"K\u00f6pfe\\\/Personen\",\"Unternehmen\"],\"inLanguage\":\"de\"},{\"@type\":\"WebPage\",\"@id\":\"https:\\\/\\\/www.krafthand.de\\\/truck\\\/artikel\\\/groupauto-international-zf-aftermarket-als-lieferant-des-jahres-2023-37774\\\/\",\"url\":\"https:\\\/\\\/www.krafthand.de\\\/truck\\\/artikel\\\/groupauto-international-zf-aftermarket-als-lieferant-des-jahres-2023-37774\\\/\",\"name\":\"Groupauto International: ZF Aftermarket ist 'Lieferant des Jahres 2023' - Krafthand-Truck\",\"isPartOf\":{\"@id\":\"https:\\\/\\\/www.krafthand.de\\\/truck\\\/#website\"},\"primaryImageOfPage\":{\"@id\":\"https:\\\/\\\/www.krafthand.de\\\/truck\\\/artikel\\\/groupauto-international-zf-aftermarket-als-lieferant-des-jahres-2023-37774\\\/#primaryimage\"},\"image\":{\"@id\":\"https:\\\/\\\/www.krafthand.de\\\/truck\\\/artikel\\\/groupauto-international-zf-aftermarket-als-lieferant-des-jahres-2023-37774\\\/#primaryimage\"},\"thumbnailUrl\":\"https:\\\/\\\/static.krafthand-truck.de\\\/uploads\\\/2023\\\/10\\\/GAI_ZF_Aftermarket_Best_Supplier_Holger-Hellmich_Philippe-Colpron.jpg\",\"datePublished\":\"2023-10-27T08:11:27+00:00\",\"dateModified\":\"2023-10-27T08:20:35+00:00\",\"author\":{\"@id\":\"https:\\\/\\\/www.krafthand.de\\\/truck\\\/#\\\/schema\\\/person\\\/51fa80b1c57034c4bf63f9f988fc24ce\"},\"description\":\"ZF Aftermarket wurde k\u00fcrzlich auf dem j\u00e4hrlichen Kongress der Groupauto International (GAI) als 'Supplier of the Year 2023' ausgezeichnet.\",\"breadcrumb\":{\"@id\":\"https:\\\/\\\/www.krafthand.de\\\/truck\\\/artikel\\\/groupauto-international-zf-aftermarket-als-lieferant-des-jahres-2023-37774\\\/#breadcrumb\"},\"inLanguage\":\"de\",\"potentialAction\":[{\"@type\":\"ReadAction\",\"target\":[\"https:\\\/\\\/www.krafthand.de\\\/truck\\\/artikel\\\/groupauto-international-zf-aftermarket-als-lieferant-des-jahres-2023-37774\\\/\"]}]},{\"@type\":\"ImageObject\",\"inLanguage\":\"de\",\"@id\":\"https:\\\/\\\/www.krafthand.de\\\/truck\\\/artikel\\\/groupauto-international-zf-aftermarket-als-lieferant-des-jahres-2023-37774\\\/#primaryimage\",\"url\":\"https:\\\/\\\/static.krafthand-truck.de\\\/uploads\\\/2023\\\/10\\\/GAI_ZF_Aftermarket_Best_Supplier_Holger-Hellmich_Philippe-Colpron.jpg\",\"contentUrl\":\"https:\\\/\\\/static.krafthand-truck.de\\\/uploads\\\/2023\\\/10\\\/GAI_ZF_Aftermarket_Best_Supplier_Holger-Hellmich_Philippe-Colpron.jpg\",\"width\":1200,\"height\":882},{\"@type\":\"BreadcrumbList\",\"@id\":\"https:\\\/\\\/www.krafthand.de\\\/truck\\\/artikel\\\/groupauto-international-zf-aftermarket-als-lieferant-des-jahres-2023-37774\\\/#breadcrumb\",\"itemListElement\":[{\"@type\":\"ListItem\",\"position\":1,\"name\":\"Krafthand-Truck\",\"item\":\"https:\\\/\\\/www.krafthand.de\\\/truck\\\/\"},{\"@type\":\"ListItem\",\"position\":2,\"name\":\"Nfz-Branche\",\"item\":\"https:\\\/\\\/www.krafthand.de\\\/truck\\\/kategorie\\\/branche\\\/\"},{\"@type\":\"ListItem\",\"position\":3,\"name\":\"K\u00f6pfe\\\/Personen\",\"item\":\"https:\\\/\\\/www.krafthand.de\\\/truck\\\/kategorie\\\/branche\\\/koepfe\\\/\"},{\"@type\":\"ListItem\",\"position\":4,\"name\":\"Groupauto International: ZF Aftermarket ist &#8218;Lieferant des Jahres 2023&#8216;\"}]},{\"@type\":\"WebSite\",\"@id\":\"https:\\\/\\\/www.krafthand.de\\\/truck\\\/#website\",\"url\":\"https:\\\/\\\/www.krafthand.de\\\/truck\\\/\",\"name\":\"Krafthand-Truck\",\"description\":\"\",\"potentialAction\":[{\"@type\":\"SearchAction\",\"target\":{\"@type\":\"EntryPoint\",\"urlTemplate\":\"https:\\\/\\\/www.krafthand.de\\\/truck\\\/?s={search_term_string}\"},\"query-input\":{\"@type\":\"PropertyValueSpecification\",\"valueRequired\":true,\"valueName\":\"search_term_string\"}}],\"inLanguage\":\"de\"},{\"@type\":\"Person\",\"@id\":\"https:\\\/\\\/www.krafthand.de\\\/truck\\\/#\\\/schema\\\/person\\\/51fa80b1c57034c4bf63f9f988fc24ce\",\"name\":\"georg.blenk@krafthand-medien.de\",\"image\":{\"@type\":\"ImageObject\",\"inLanguage\":\"de\",\"@id\":\"https:\\\/\\\/secure.gravatar.com\\\/avatar\\\/93713c30affe0aa95d3a4130e499bb1abee2eb31adbdd9ce2aa1543538490215?s=96&d=mm&r=g\",\"url\":\"https:\\\/\\\/secure.gravatar.com\\\/avatar\\\/93713c30affe0aa95d3a4130e499bb1abee2eb31adbdd9ce2aa1543538490215?s=96&d=mm&r=g\",\"contentUrl\":\"https:\\\/\\\/secure.gravatar.com\\\/avatar\\\/93713c30affe0aa95d3a4130e499bb1abee2eb31adbdd9ce2aa1543538490215?s=96&d=mm&r=g\",\"caption\":\"georg.blenk@krafthand-medien.de\"}}]}<\/script>\n<!-- \/ Yoast SEO plugin. -->","yoast_head_json":{"title":"Groupauto International: ZF Aftermarket ist 'Lieferant des Jahres 2023' - Krafthand-Truck","description":"ZF Aftermarket wurde k\u00fcrzlich auf dem j\u00e4hrlichen Kongress der Groupauto International (GAI) als 'Supplier of the Year 2023' ausgezeichnet.","robots":{"index":"index","follow":"follow","max-snippet":"max-snippet:-1","max-image-preview":"max-image-preview:large","max-video-preview":"max-video-preview:-1"},"canonical":"https:\/\/www.krafthand.de\/truck\/artikel\/groupauto-international-zf-aftermarket-als-lieferant-des-jahres-2023-37774\/","og_locale":"de_DE","og_type":"article","og_title":"Groupauto International: ZF Aftermarket ist 'Lieferant des Jahres 2023' - Krafthand-Truck","og_description":"ZF Aftermarket wurde k\u00fcrzlich auf dem j\u00e4hrlichen Kongress der Groupauto International (GAI) als 'Supplier of the Year 2023' ausgezeichnet.","og_url":"https:\/\/www.krafthand-truck.de\/artikel\/groupauto-international-zf-aftermarket-als-lieferant-des-jahres-2023-37774\/","og_site_name":"Krafthand-Truck","article_published_time":"2023-10-27T08:11:27+00:00","article_modified_time":"2023-10-27T08:20:35+00:00","og_image":[{"width":1200,"height":882,"url":"https:\/\/static.krafthand-truck.de\/uploads\/2023\/10\/GAI_ZF_Aftermarket_Best_Supplier_Holger-Hellmich_Philippe-Colpron.jpg","type":"image\/jpeg"}],"author":"georg.blenk@krafthand-medien.de","twitter_card":"summary_large_image","twitter_misc":{"Verfasst von":"georg.blenk@krafthand-medien.de","Gesch\u00e4tzte Lesezeit":"1\u00a0Minute"},"schema":{"@context":"https:\/\/schema.org","@graph":[{"@type":"Article","@id":"https:\/\/www.krafthand.de\/truck\/artikel\/groupauto-international-zf-aftermarket-als-lieferant-des-jahres-2023-37774\/#article","isPartOf":{"@id":"https:\/\/www.krafthand.de\/truck\/artikel\/groupauto-international-zf-aftermarket-als-lieferant-des-jahres-2023-37774\/"},"author":{"name":"georg.blenk@krafthand-medien.de","@id":"https:\/\/www.krafthand.de\/truck\/#\/schema\/person\/51fa80b1c57034c4bf63f9f988fc24ce"},"headline":"Groupauto International: ZF Aftermarket ist &#8218;Lieferant des Jahres 2023&#8216;","datePublished":"2023-10-27T08:11:27+00:00","dateModified":"2023-10-27T08:20:35+00:00","mainEntityOfPage":{"@id":"https:\/\/www.krafthand.de\/truck\/artikel\/groupauto-international-zf-aftermarket-als-lieferant-des-jahres-2023-37774\/"},"wordCount":220,"image":{"@id":"https:\/\/www.krafthand.de\/truck\/artikel\/groupauto-international-zf-aftermarket-als-lieferant-des-jahres-2023-37774\/#primaryimage"},"thumbnailUrl":"https:\/\/static.krafthand-truck.de\/uploads\/2023\/10\/GAI_ZF_Aftermarket_Best_Supplier_Holger-Hellmich_Philippe-Colpron.jpg","keywords":["GAI","Lkw-Teile","Supplier of the year","ZF Aftermarket"],"articleSection":["K\u00f6pfe\/Personen","Unternehmen"],"inLanguage":"de"},{"@type":"WebPage","@id":"https:\/\/www.krafthand.de\/truck\/artikel\/groupauto-international-zf-aftermarket-als-lieferant-des-jahres-2023-37774\/","url":"https:\/\/www.krafthand.de\/truck\/artikel\/groupauto-international-zf-aftermarket-als-lieferant-des-jahres-2023-37774\/","name":"Groupauto International: ZF Aftermarket ist 'Lieferant des Jahres 2023' - Krafthand-Truck","isPartOf":{"@id":"https:\/\/www.krafthand.de\/truck\/#website"},"primaryImageOfPage":{"@id":"https:\/\/www.krafthand.de\/truck\/artikel\/groupauto-international-zf-aftermarket-als-lieferant-des-jahres-2023-37774\/#primaryimage"},"image":{"@id":"https:\/\/www.krafthand.de\/truck\/artikel\/groupauto-international-zf-aftermarket-als-lieferant-des-jahres-2023-37774\/#primaryimage"},"thumbnailUrl":"https:\/\/static.krafthand-truck.de\/uploads\/2023\/10\/GAI_ZF_Aftermarket_Best_Supplier_Holger-Hellmich_Philippe-Colpron.jpg","datePublished":"2023-10-27T08:11:27+00:00","dateModified":"2023-10-27T08:20:35+00:00","author":{"@id":"https:\/\/www.krafthand.de\/truck\/#\/schema\/person\/51fa80b1c57034c4bf63f9f988fc24ce"},"description":"ZF Aftermarket wurde k\u00fcrzlich auf dem j\u00e4hrlichen Kongress der Groupauto International (GAI) als 'Supplier of the Year 2023' ausgezeichnet.","breadcrumb":{"@id":"https:\/\/www.krafthand.de\/truck\/artikel\/groupauto-international-zf-aftermarket-als-lieferant-des-jahres-2023-37774\/#breadcrumb"},"inLanguage":"de","potentialAction":[{"@type":"ReadAction","target":["https:\/\/www.krafthand.de\/truck\/artikel\/groupauto-international-zf-aftermarket-als-lieferant-des-jahres-2023-37774\/"]}]},{"@type":"ImageObject","inLanguage":"de","@id":"https:\/\/www.krafthand.de\/truck\/artikel\/groupauto-international-zf-aftermarket-als-lieferant-des-jahres-2023-37774\/#primaryimage","url":"https:\/\/static.krafthand-truck.de\/uploads\/2023\/10\/GAI_ZF_Aftermarket_Best_Supplier_Holger-Hellmich_Philippe-Colpron.jpg","contentUrl":"https:\/\/static.krafthand-truck.de\/uploads\/2023\/10\/GAI_ZF_Aftermarket_Best_Supplier_Holger-Hellmich_Philippe-Colpron.jpg","width":1200,"height":882},{"@type":"BreadcrumbList","@id":"https:\/\/www.krafthand.de\/truck\/artikel\/groupauto-international-zf-aftermarket-als-lieferant-des-jahres-2023-37774\/#breadcrumb","itemListElement":[{"@type":"ListItem","position":1,"name":"Krafthand-Truck","item":"https:\/\/www.krafthand.de\/truck\/"},{"@type":"ListItem","position":2,"name":"Nfz-Branche","item":"https:\/\/www.krafthand.de\/truck\/kategorie\/branche\/"},{"@type":"ListItem","position":3,"name":"K\u00f6pfe\/Personen","item":"https:\/\/www.krafthand.de\/truck\/kategorie\/branche\/koepfe\/"},{"@type":"ListItem","position":4,"name":"Groupauto International: ZF Aftermarket ist &#8218;Lieferant des Jahres 2023&#8216;"}]},{"@type":"WebSite","@id":"https:\/\/www.krafthand.de\/truck\/#website","url":"https:\/\/www.krafthand.de\/truck\/","name":"Krafthand-Truck","description":"","potentialAction":[{"@type":"SearchAction","target":{"@type":"EntryPoint","urlTemplate":"https:\/\/www.krafthand.de\/truck\/?s={search_term_string}"},"query-input":{"@type":"PropertyValueSpecification","valueRequired":true,"valueName":"search_term_string"}}],"inLanguage":"de"},{"@type":"Person","@id":"https:\/\/www.krafthand.de\/truck\/#\/schema\/person\/51fa80b1c57034c4bf63f9f988fc24ce","name":"georg.blenk@krafthand-medien.de","image":{"@type":"ImageObject","inLanguage":"de","@id":"https:\/\/secure.gravatar.com\/avatar\/93713c30affe0aa95d3a4130e499bb1abee2eb31adbdd9ce2aa1543538490215?s=96&d=mm&r=g","url":"https:\/\/secure.gravatar.com\/avatar\/93713c30affe0aa95d3a4130e499bb1abee2eb31adbdd9ce2aa1543538490215?s=96&d=mm&r=g","contentUrl":"https:\/\/secure.gravatar.com\/avatar\/93713c30affe0aa95d3a4130e499bb1abee2eb31adbdd9ce2aa1543538490215?s=96&d=mm&r=g","caption":"georg.blenk@krafthand-medien.de"}}]}},"_links":{"self":[{"href":"https:\/\/www.krafthand.de\/truck\/wp-json\/wp\/v2\/posts\/37774","targetHints":{"allow":["GET"]}}],"collection":[{"href":"https:\/\/www.krafthand.de\/truck\/wp-json\/wp\/v2\/posts"}],"about":[{"href":"https:\/\/www.krafthand.de\/truck\/wp-json\/wp\/v2\/types\/post"}],"author":[{"embeddable":true,"href":"https:\/\/www.krafthand.de\/truck\/wp-json\/wp\/v2\/users\/9"}],"replies":[{"embeddable":true,"href":"https:\/\/www.krafthand.de\/truck\/wp-json\/wp\/v2\/comments?post=37774"}],"version-history":[{"count":4,"href":"https:\/\/www.krafthand.de\/truck\/wp-json\/wp\/v2\/posts\/37774\/revisions"}],"predecessor-version":[{"id":37779,"href":"https:\/\/www.krafthand.de\/truck\/wp-json\/wp\/v2\/posts\/37774\/revisions\/37779"}],"wp:featuredmedia":[{"embeddable":true,"href":"https:\/\/www.krafthand.de\/truck\/wp-json\/wp\/v2\/media\/37775"}],"wp:attachment":[{"href":"https:\/\/www.krafthand.de\/truck\/wp-json\/wp\/v2\/media?parent=37774"}],"wp:term":[{"taxonomy":"category","embeddable":true,"href":"https:\/\/www.krafthand.de\/truck\/wp-json\/wp\/v2\/categories?post=37774"},{"taxonomy":"post_tag","embeddable":true,"href":"https:\/\/www.krafthand.de\/truck\/wp-json\/wp\/v2\/tags?post=37774"},{"taxonomy":"settings","embeddable":true,"href":"https:\/\/www.krafthand.de\/truck\/wp-json\/wp\/v2\/settings?post=37774"}],"curies":[{"name":"wp","href":"https:\/\/api.w.org\/{rel}","templated":true}]}}