{"id":37740,"date":"2023-10-25T13:52:10","date_gmt":"2023-10-25T11:52:10","guid":{"rendered":"https:\/\/www.krafthand.de\/truck\/?p=37740"},"modified":"2023-10-25T13:53:37","modified_gmt":"2023-10-25T11:53:37","slug":"daf-trucks-wuerdigt-techniker-und-serviceteams","status":"publish","type":"post","link":"https:\/\/www.krafthand.de\/truck\/artikel\/daf-trucks-wuerdigt-techniker-und-serviceteams-37740\/","title":{"rendered":"DAF-Trucks w\u00fcrdigt Techniker und Serviceteams"},"content":{"rendered":"<p>Nach dem \u201aService-Team of the Year\u2018 sucht der niederl\u00e4ndische Lkw-Hersteller <a href=\"https:\/\/www.daftrucks.de\/de-de\" target=\"_blank\" rel=\"noopener\">DAF<\/a> nun im Rahmen der Aktion \u201aTechnician of the Year\u2018 nach den besten DAF-Werkstattteams Europas. Techniker von allen DAF-Partnern und Servicepunkten in 18 europ\u00e4ischen L\u00e4ndern k\u00f6nnen in den kommenden Monaten am Wettbewerb teilnehmen. Im Februar 2024 sollen dann die Gewinner der L\u00e4nder-Wettbewerbe mit dem Serviceberater ihrer Werkstatt in einem internationalen Finale aufeinandertreffen, in dem das \u201aEuropean Service Team of the Year\u2018 gek\u00fcrt wird.<br \/>\n<em>\u201eUm hervorzuheben, wie wichtig professionelle Techniker sind, organisiert DAF alle zwei Jahre einen \u201aTechnician of the Year\u2018-Wettbewerb\u201c<\/em>, so Albert Florijn, Direktor Dealer Workshop Services bei DAF. Der Techniker arbeitet stets eng mit den Serviceberatern zusammen. Beide sind f\u00fcr die Kommunikation mit dem Kunden verantwortlich. Das Verfahren zur Fahrzeug\u00fcbergabe sei sehr wichtig. <em>\u201eKlare und freundliche Kommunikation ist eine Eigenschaft, die gern \u00fcbersehen wird, aber wir bei DAF sch\u00e4tzen sie sehr. Es geht darum, bis ins kleinste Detail herausragenden Service und Qualit\u00e4t zu liefern.\u201c<\/em><br \/>\nDie Wettbewerbe \u201eNational Technician of the Year\u201c werden im weiteren Verlauf dieses Jahres in verschiedenen europ\u00e4ischen L\u00e4ndern organisiert. Die Aktion \u201eService Team of the Year\u201c findet im Februar 2024 in der DAF-Hauptniederlassung in Eindhoven statt.<\/p>\n<p><i>Den Beitrag finden Sie auch in der Print-Ausgabe 4-2023 der <a href=\"https:\/\/www.krafthand.de\/truck\/magazin\/\" title=\"Zum Magazin\">Krafthand-Truck<\/a>.<\/i><\/p>","protected":false},"excerpt":{"rendered":"<p>Nach dem \u201aService-Team of the Year\u2018 sucht der niederl\u00e4ndische Lkw-Hersteller DAF nun im Rahmen der Aktion \u201aTechnician of the Year\u2018 nach den besten DAF-Werkstattteams Europas. Techniker von allen DAF-Partnern und Servicepunkten in 18 europ\u00e4ischen L\u00e4ndern k\u00f6nnen in den kommenden Monaten am Wettbewerb teilnehmen. <span class=\"excerpt-more__dots\">&#8230;<\/span> <a class=\"excerpt-more__link\" href=\"https:\/\/www.krafthand.de\/truck\/artikel\/daf-trucks-wuerdigt-techniker-und-serviceteams-37740\/\" >weiter<\/a><\/p>\n","protected":false},"author":9,"featured_media":37742,"comment_status":"closed","ping_status":"closed","sticky":false,"template":"","format":"standard","meta":{"footnotes":""},"categories":[4324,4235],"tags":[839,5771,5770],"settings":[4766,3523],"class_list":["post-37740","post","type-post","status-publish","format-standard","has-post-thumbnail","hentry","category-schulungen-bildung","category-unternehmen","tag-daf","tag-serviceteams","tag-techniker"],"yoast_head":"<!-- This site is optimized with the Yoast SEO plugin v27.3 - https:\/\/yoast.com\/product\/yoast-seo-wordpress\/ -->\n<title>DAF-Trucks w\u00fcrdigt Techniker und Serviceteams - Krafthand-Truck<\/title>\n<meta name=\"description\" content=\"Der niederl\u00e4ndische Lkw-Hersteller DAF sucht im Rahmen der Aktion \u201aTechnician of the Year\u2018 nach den besten DAF-Werkstattteams Europas.\" \/>\n<meta name=\"robots\" content=\"index, follow, max-snippet:-1, max-image-preview:large, max-video-preview:-1\" \/>\n<link rel=\"canonical\" href=\"https:\/\/www.krafthand.de\/truck\/artikel\/daf-trucks-wuerdigt-techniker-und-serviceteams-37740\/\" \/>\n<meta property=\"og:locale\" content=\"de_DE\" \/>\n<meta property=\"og:type\" content=\"article\" \/>\n<meta property=\"og:title\" content=\"DAF-Trucks w\u00fcrdigt Techniker und Serviceteams - Krafthand-Truck\" \/>\n<meta property=\"og:description\" content=\"Der niederl\u00e4ndische Lkw-Hersteller DAF sucht im Rahmen der Aktion \u201aTechnician of the Year\u2018 nach den besten DAF-Werkstattteams Europas.\" \/>\n<meta property=\"og:url\" content=\"https:\/\/www.krafthand-truck.de\/artikel\/daf-trucks-wuerdigt-techniker-und-serviceteams-37740\/\" \/>\n<meta property=\"og:site_name\" content=\"Krafthand-Truck\" \/>\n<meta property=\"article:published_time\" content=\"2023-10-25T11:52:10+00:00\" \/>\n<meta property=\"article:modified_time\" content=\"2023-10-25T11:53:37+00:00\" \/>\n<meta property=\"og:image\" content=\"https:\/\/static.krafthand-truck.de\/uploads\/2023\/10\/DAF_Trucks_Technician_of_the_year_2024.jpg\" \/>\n\t<meta property=\"og:image:width\" content=\"1200\" \/>\n\t<meta property=\"og:image:height\" content=\"831\" \/>\n\t<meta property=\"og:image:type\" content=\"image\/jpeg\" \/>\n<meta name=\"author\" content=\"georg.blenk@krafthand-medien.de\" \/>\n<meta name=\"twitter:card\" content=\"summary_large_image\" \/>\n<meta name=\"twitter:label1\" content=\"Verfasst von\" \/>\n\t<meta name=\"twitter:data1\" content=\"georg.blenk@krafthand-medien.de\" \/>\n\t<meta name=\"twitter:label2\" content=\"Gesch\u00e4tzte Lesezeit\" \/>\n\t<meta name=\"twitter:data2\" content=\"2\u00a0Minuten\" \/>\n<script type=\"application\/ld+json\" class=\"yoast-schema-graph\">{\"@context\":\"https:\\\/\\\/schema.org\",\"@graph\":[{\"@type\":\"Article\",\"@id\":\"https:\\\/\\\/www.krafthand.de\\\/truck\\\/artikel\\\/daf-trucks-wuerdigt-techniker-und-serviceteams-37740\\\/#article\",\"isPartOf\":{\"@id\":\"https:\\\/\\\/www.krafthand.de\\\/truck\\\/artikel\\\/daf-trucks-wuerdigt-techniker-und-serviceteams-37740\\\/\"},\"author\":{\"name\":\"georg.blenk@krafthand-medien.de\",\"@id\":\"https:\\\/\\\/www.krafthand.de\\\/truck\\\/#\\\/schema\\\/person\\\/51fa80b1c57034c4bf63f9f988fc24ce\"},\"headline\":\"DAF-Trucks w\u00fcrdigt Techniker und Serviceteams\",\"datePublished\":\"2023-10-25T11:52:10+00:00\",\"dateModified\":\"2023-10-25T11:53:37+00:00\",\"mainEntityOfPage\":{\"@id\":\"https:\\\/\\\/www.krafthand.de\\\/truck\\\/artikel\\\/daf-trucks-wuerdigt-techniker-und-serviceteams-37740\\\/\"},\"wordCount\":206,\"image\":{\"@id\":\"https:\\\/\\\/www.krafthand.de\\\/truck\\\/artikel\\\/daf-trucks-wuerdigt-techniker-und-serviceteams-37740\\\/#primaryimage\"},\"thumbnailUrl\":\"https:\\\/\\\/static.krafthand-truck.de\\\/uploads\\\/2023\\\/10\\\/DAF_Trucks_Technician_of_the_year_2024.jpg\",\"keywords\":[\"DAF\",\"Serviceteams\",\"Techniker\"],\"articleSection\":[\"Schulungen\\\/Bildung\",\"Unternehmen\"],\"inLanguage\":\"de\"},{\"@type\":\"WebPage\",\"@id\":\"https:\\\/\\\/www.krafthand.de\\\/truck\\\/artikel\\\/daf-trucks-wuerdigt-techniker-und-serviceteams-37740\\\/\",\"url\":\"https:\\\/\\\/www.krafthand.de\\\/truck\\\/artikel\\\/daf-trucks-wuerdigt-techniker-und-serviceteams-37740\\\/\",\"name\":\"DAF-Trucks w\u00fcrdigt Techniker und Serviceteams - Krafthand-Truck\",\"isPartOf\":{\"@id\":\"https:\\\/\\\/www.krafthand.de\\\/truck\\\/#website\"},\"primaryImageOfPage\":{\"@id\":\"https:\\\/\\\/www.krafthand.de\\\/truck\\\/artikel\\\/daf-trucks-wuerdigt-techniker-und-serviceteams-37740\\\/#primaryimage\"},\"image\":{\"@id\":\"https:\\\/\\\/www.krafthand.de\\\/truck\\\/artikel\\\/daf-trucks-wuerdigt-techniker-und-serviceteams-37740\\\/#primaryimage\"},\"thumbnailUrl\":\"https:\\\/\\\/static.krafthand-truck.de\\\/uploads\\\/2023\\\/10\\\/DAF_Trucks_Technician_of_the_year_2024.jpg\",\"datePublished\":\"2023-10-25T11:52:10+00:00\",\"dateModified\":\"2023-10-25T11:53:37+00:00\",\"author\":{\"@id\":\"https:\\\/\\\/www.krafthand.de\\\/truck\\\/#\\\/schema\\\/person\\\/51fa80b1c57034c4bf63f9f988fc24ce\"},\"description\":\"Der niederl\u00e4ndische Lkw-Hersteller DAF sucht im Rahmen der Aktion \u201aTechnician of the Year\u2018 nach den besten DAF-Werkstattteams Europas.\",\"breadcrumb\":{\"@id\":\"https:\\\/\\\/www.krafthand.de\\\/truck\\\/artikel\\\/daf-trucks-wuerdigt-techniker-und-serviceteams-37740\\\/#breadcrumb\"},\"inLanguage\":\"de\",\"potentialAction\":[{\"@type\":\"ReadAction\",\"target\":[\"https:\\\/\\\/www.krafthand.de\\\/truck\\\/artikel\\\/daf-trucks-wuerdigt-techniker-und-serviceteams-37740\\\/\"]}]},{\"@type\":\"ImageObject\",\"inLanguage\":\"de\",\"@id\":\"https:\\\/\\\/www.krafthand.de\\\/truck\\\/artikel\\\/daf-trucks-wuerdigt-techniker-und-serviceteams-37740\\\/#primaryimage\",\"url\":\"https:\\\/\\\/static.krafthand-truck.de\\\/uploads\\\/2023\\\/10\\\/DAF_Trucks_Technician_of_the_year_2024.jpg\",\"contentUrl\":\"https:\\\/\\\/static.krafthand-truck.de\\\/uploads\\\/2023\\\/10\\\/DAF_Trucks_Technician_of_the_year_2024.jpg\",\"width\":1200,\"height\":831},{\"@type\":\"BreadcrumbList\",\"@id\":\"https:\\\/\\\/www.krafthand.de\\\/truck\\\/artikel\\\/daf-trucks-wuerdigt-techniker-und-serviceteams-37740\\\/#breadcrumb\",\"itemListElement\":[{\"@type\":\"ListItem\",\"position\":1,\"name\":\"Krafthand-Truck\",\"item\":\"https:\\\/\\\/www.krafthand.de\\\/truck\\\/\"},{\"@type\":\"ListItem\",\"position\":2,\"name\":\"Nfz-Branche\",\"item\":\"https:\\\/\\\/www.krafthand.de\\\/truck\\\/kategorie\\\/branche\\\/\"},{\"@type\":\"ListItem\",\"position\":3,\"name\":\"Unternehmen\",\"item\":\"https:\\\/\\\/www.krafthand.de\\\/truck\\\/kategorie\\\/branche\\\/unternehmen\\\/\"},{\"@type\":\"ListItem\",\"position\":4,\"name\":\"DAF-Trucks w\u00fcrdigt Techniker und Serviceteams\"}]},{\"@type\":\"WebSite\",\"@id\":\"https:\\\/\\\/www.krafthand.de\\\/truck\\\/#website\",\"url\":\"https:\\\/\\\/www.krafthand.de\\\/truck\\\/\",\"name\":\"Krafthand-Truck\",\"description\":\"\",\"potentialAction\":[{\"@type\":\"SearchAction\",\"target\":{\"@type\":\"EntryPoint\",\"urlTemplate\":\"https:\\\/\\\/www.krafthand.de\\\/truck\\\/?s={search_term_string}\"},\"query-input\":{\"@type\":\"PropertyValueSpecification\",\"valueRequired\":true,\"valueName\":\"search_term_string\"}}],\"inLanguage\":\"de\"},{\"@type\":\"Person\",\"@id\":\"https:\\\/\\\/www.krafthand.de\\\/truck\\\/#\\\/schema\\\/person\\\/51fa80b1c57034c4bf63f9f988fc24ce\",\"name\":\"georg.blenk@krafthand-medien.de\",\"image\":{\"@type\":\"ImageObject\",\"inLanguage\":\"de\",\"@id\":\"https:\\\/\\\/secure.gravatar.com\\\/avatar\\\/93713c30affe0aa95d3a4130e499bb1abee2eb31adbdd9ce2aa1543538490215?s=96&d=mm&r=g\",\"url\":\"https:\\\/\\\/secure.gravatar.com\\\/avatar\\\/93713c30affe0aa95d3a4130e499bb1abee2eb31adbdd9ce2aa1543538490215?s=96&d=mm&r=g\",\"contentUrl\":\"https:\\\/\\\/secure.gravatar.com\\\/avatar\\\/93713c30affe0aa95d3a4130e499bb1abee2eb31adbdd9ce2aa1543538490215?s=96&d=mm&r=g\",\"caption\":\"georg.blenk@krafthand-medien.de\"}}]}<\/script>\n<!-- \/ Yoast SEO plugin. -->","yoast_head_json":{"title":"DAF-Trucks w\u00fcrdigt Techniker und Serviceteams - Krafthand-Truck","description":"Der niederl\u00e4ndische Lkw-Hersteller DAF sucht im Rahmen der Aktion \u201aTechnician of the Year\u2018 nach den besten DAF-Werkstattteams Europas.","robots":{"index":"index","follow":"follow","max-snippet":"max-snippet:-1","max-image-preview":"max-image-preview:large","max-video-preview":"max-video-preview:-1"},"canonical":"https:\/\/www.krafthand.de\/truck\/artikel\/daf-trucks-wuerdigt-techniker-und-serviceteams-37740\/","og_locale":"de_DE","og_type":"article","og_title":"DAF-Trucks w\u00fcrdigt Techniker und Serviceteams - Krafthand-Truck","og_description":"Der niederl\u00e4ndische Lkw-Hersteller DAF sucht im Rahmen der Aktion \u201aTechnician of the Year\u2018 nach den besten DAF-Werkstattteams Europas.","og_url":"https:\/\/www.krafthand-truck.de\/artikel\/daf-trucks-wuerdigt-techniker-und-serviceteams-37740\/","og_site_name":"Krafthand-Truck","article_published_time":"2023-10-25T11:52:10+00:00","article_modified_time":"2023-10-25T11:53:37+00:00","og_image":[{"width":1200,"height":831,"url":"https:\/\/static.krafthand-truck.de\/uploads\/2023\/10\/DAF_Trucks_Technician_of_the_year_2024.jpg","type":"image\/jpeg"}],"author":"georg.blenk@krafthand-medien.de","twitter_card":"summary_large_image","twitter_misc":{"Verfasst von":"georg.blenk@krafthand-medien.de","Gesch\u00e4tzte Lesezeit":"2\u00a0Minuten"},"schema":{"@context":"https:\/\/schema.org","@graph":[{"@type":"Article","@id":"https:\/\/www.krafthand.de\/truck\/artikel\/daf-trucks-wuerdigt-techniker-und-serviceteams-37740\/#article","isPartOf":{"@id":"https:\/\/www.krafthand.de\/truck\/artikel\/daf-trucks-wuerdigt-techniker-und-serviceteams-37740\/"},"author":{"name":"georg.blenk@krafthand-medien.de","@id":"https:\/\/www.krafthand.de\/truck\/#\/schema\/person\/51fa80b1c57034c4bf63f9f988fc24ce"},"headline":"DAF-Trucks w\u00fcrdigt Techniker und Serviceteams","datePublished":"2023-10-25T11:52:10+00:00","dateModified":"2023-10-25T11:53:37+00:00","mainEntityOfPage":{"@id":"https:\/\/www.krafthand.de\/truck\/artikel\/daf-trucks-wuerdigt-techniker-und-serviceteams-37740\/"},"wordCount":206,"image":{"@id":"https:\/\/www.krafthand.de\/truck\/artikel\/daf-trucks-wuerdigt-techniker-und-serviceteams-37740\/#primaryimage"},"thumbnailUrl":"https:\/\/static.krafthand-truck.de\/uploads\/2023\/10\/DAF_Trucks_Technician_of_the_year_2024.jpg","keywords":["DAF","Serviceteams","Techniker"],"articleSection":["Schulungen\/Bildung","Unternehmen"],"inLanguage":"de"},{"@type":"WebPage","@id":"https:\/\/www.krafthand.de\/truck\/artikel\/daf-trucks-wuerdigt-techniker-und-serviceteams-37740\/","url":"https:\/\/www.krafthand.de\/truck\/artikel\/daf-trucks-wuerdigt-techniker-und-serviceteams-37740\/","name":"DAF-Trucks w\u00fcrdigt Techniker und Serviceteams - Krafthand-Truck","isPartOf":{"@id":"https:\/\/www.krafthand.de\/truck\/#website"},"primaryImageOfPage":{"@id":"https:\/\/www.krafthand.de\/truck\/artikel\/daf-trucks-wuerdigt-techniker-und-serviceteams-37740\/#primaryimage"},"image":{"@id":"https:\/\/www.krafthand.de\/truck\/artikel\/daf-trucks-wuerdigt-techniker-und-serviceteams-37740\/#primaryimage"},"thumbnailUrl":"https:\/\/static.krafthand-truck.de\/uploads\/2023\/10\/DAF_Trucks_Technician_of_the_year_2024.jpg","datePublished":"2023-10-25T11:52:10+00:00","dateModified":"2023-10-25T11:53:37+00:00","author":{"@id":"https:\/\/www.krafthand.de\/truck\/#\/schema\/person\/51fa80b1c57034c4bf63f9f988fc24ce"},"description":"Der niederl\u00e4ndische Lkw-Hersteller DAF sucht im Rahmen der Aktion \u201aTechnician of the Year\u2018 nach den besten DAF-Werkstattteams Europas.","breadcrumb":{"@id":"https:\/\/www.krafthand.de\/truck\/artikel\/daf-trucks-wuerdigt-techniker-und-serviceteams-37740\/#breadcrumb"},"inLanguage":"de","potentialAction":[{"@type":"ReadAction","target":["https:\/\/www.krafthand.de\/truck\/artikel\/daf-trucks-wuerdigt-techniker-und-serviceteams-37740\/"]}]},{"@type":"ImageObject","inLanguage":"de","@id":"https:\/\/www.krafthand.de\/truck\/artikel\/daf-trucks-wuerdigt-techniker-und-serviceteams-37740\/#primaryimage","url":"https:\/\/static.krafthand-truck.de\/uploads\/2023\/10\/DAF_Trucks_Technician_of_the_year_2024.jpg","contentUrl":"https:\/\/static.krafthand-truck.de\/uploads\/2023\/10\/DAF_Trucks_Technician_of_the_year_2024.jpg","width":1200,"height":831},{"@type":"BreadcrumbList","@id":"https:\/\/www.krafthand.de\/truck\/artikel\/daf-trucks-wuerdigt-techniker-und-serviceteams-37740\/#breadcrumb","itemListElement":[{"@type":"ListItem","position":1,"name":"Krafthand-Truck","item":"https:\/\/www.krafthand.de\/truck\/"},{"@type":"ListItem","position":2,"name":"Nfz-Branche","item":"https:\/\/www.krafthand.de\/truck\/kategorie\/branche\/"},{"@type":"ListItem","position":3,"name":"Unternehmen","item":"https:\/\/www.krafthand.de\/truck\/kategorie\/branche\/unternehmen\/"},{"@type":"ListItem","position":4,"name":"DAF-Trucks w\u00fcrdigt Techniker und Serviceteams"}]},{"@type":"WebSite","@id":"https:\/\/www.krafthand.de\/truck\/#website","url":"https:\/\/www.krafthand.de\/truck\/","name":"Krafthand-Truck","description":"","potentialAction":[{"@type":"SearchAction","target":{"@type":"EntryPoint","urlTemplate":"https:\/\/www.krafthand.de\/truck\/?s={search_term_string}"},"query-input":{"@type":"PropertyValueSpecification","valueRequired":true,"valueName":"search_term_string"}}],"inLanguage":"de"},{"@type":"Person","@id":"https:\/\/www.krafthand.de\/truck\/#\/schema\/person\/51fa80b1c57034c4bf63f9f988fc24ce","name":"georg.blenk@krafthand-medien.de","image":{"@type":"ImageObject","inLanguage":"de","@id":"https:\/\/secure.gravatar.com\/avatar\/93713c30affe0aa95d3a4130e499bb1abee2eb31adbdd9ce2aa1543538490215?s=96&d=mm&r=g","url":"https:\/\/secure.gravatar.com\/avatar\/93713c30affe0aa95d3a4130e499bb1abee2eb31adbdd9ce2aa1543538490215?s=96&d=mm&r=g","contentUrl":"https:\/\/secure.gravatar.com\/avatar\/93713c30affe0aa95d3a4130e499bb1abee2eb31adbdd9ce2aa1543538490215?s=96&d=mm&r=g","caption":"georg.blenk@krafthand-medien.de"}}]}},"_links":{"self":[{"href":"https:\/\/www.krafthand.de\/truck\/wp-json\/wp\/v2\/posts\/37740","targetHints":{"allow":["GET"]}}],"collection":[{"href":"https:\/\/www.krafthand.de\/truck\/wp-json\/wp\/v2\/posts"}],"about":[{"href":"https:\/\/www.krafthand.de\/truck\/wp-json\/wp\/v2\/types\/post"}],"author":[{"embeddable":true,"href":"https:\/\/www.krafthand.de\/truck\/wp-json\/wp\/v2\/users\/9"}],"replies":[{"embeddable":true,"href":"https:\/\/www.krafthand.de\/truck\/wp-json\/wp\/v2\/comments?post=37740"}],"version-history":[{"count":2,"href":"https:\/\/www.krafthand.de\/truck\/wp-json\/wp\/v2\/posts\/37740\/revisions"}],"predecessor-version":[{"id":37743,"href":"https:\/\/www.krafthand.de\/truck\/wp-json\/wp\/v2\/posts\/37740\/revisions\/37743"}],"wp:featuredmedia":[{"embeddable":true,"href":"https:\/\/www.krafthand.de\/truck\/wp-json\/wp\/v2\/media\/37742"}],"wp:attachment":[{"href":"https:\/\/www.krafthand.de\/truck\/wp-json\/wp\/v2\/media?parent=37740"}],"wp:term":[{"taxonomy":"category","embeddable":true,"href":"https:\/\/www.krafthand.de\/truck\/wp-json\/wp\/v2\/categories?post=37740"},{"taxonomy":"post_tag","embeddable":true,"href":"https:\/\/www.krafthand.de\/truck\/wp-json\/wp\/v2\/tags?post=37740"},{"taxonomy":"settings","embeddable":true,"href":"https:\/\/www.krafthand.de\/truck\/wp-json\/wp\/v2\/settings?post=37740"}],"curies":[{"name":"wp","href":"https:\/\/api.w.org\/{rel}","templated":true}]}}