{"id":37723,"date":"2023-10-24T11:40:56","date_gmt":"2023-10-24T09:40:56","guid":{"rendered":"https:\/\/www.krafthand.de\/truck\/?p=37723"},"modified":"2023-10-24T11:41:58","modified_gmt":"2023-10-24T09:41:58","slug":"herthbuss-neue-led-rueckleuchten-fuer-auflieger","status":"publish","type":"post","link":"https:\/\/www.krafthand.de\/truck\/artikel\/herthbuss-neue-led-rueckleuchten-fuer-auflieger-37723\/","title":{"rendered":"Herth+Buss: Neue\u00a0LED-R\u00fcckleuchten f\u00fcr Auflieger"},"content":{"rendered":"<p>Der Heusenstammer Teilespezialist Herth+Buss hat sein Beleuchtungsprogramm um vier neue LED-Heckleuchten von Asp\u00f6ck f\u00fcr Anh\u00e4nger und Auflieger erweitert. Jede der vier neuen Leuchten bietet laut <a href=\"https:\/\/herthundbuss.com\" target=\"_blank\" rel=\"noopener\">Herth+Buss<\/a> Qualit\u00e4t auf OE-Level und erf\u00fcllt die Anforderungen des ADR-GGVS-Standards. Mit ihrer Voll-LED-Technologie sorgen sie laut Angaben jeder Zeit f\u00fcr die richtigen Lichtverh\u00e4ltnisse und gew\u00e4hrleisten dadurch die notwendige Sicherheit im Stra\u00dfenverkehr. Zudem verf\u00fcgen die R\u00fcckleuchten \u00fcber die Schutzklasse IP56K und sind somit gegen das Eindringen von Staub und Wasser gesch\u00fctzt. Die Leuchten sind f\u00fcr demnach auch f\u00fcr schwierige Arbeitseins\u00e4tze geeignet.<br \/>\nDie vier neuen R\u00fcckleuchten verf\u00fcgen auch \u00fcber einen Anschlussstecker f\u00fcr die Anbringung einer weiteren Zusatzbeleuchtung. Dies erm\u00f6gliche eine noch bessere Sichtbarkeit des Anh\u00e4ngers oder Aufliegers bei Nacht oder bei schlechten Wetterbedingungen. Aufgrund ihrer Gr\u00f6\u00dfe und Form sind die neuen Heckleuchten f\u00fcr eine Vielzahl von Anh\u00e4ngern und Aufliegern geeignet.<\/p>\n<p><i>Den Beitrag finden Sie auch in der Print-Ausgabe 4-2023 der <a href=\"https:\/\/www.krafthand.de\/truck\/magazin\/\" title=\"Zum Magazin\">Krafthand-Truck<\/a>.<\/i><\/p>","protected":false},"excerpt":{"rendered":"<p>Der Heusenstammer Teilespezialist Herth+Buss hat sein Beleuchtungsprogramm um vier neue LED-Heckleuchten von Asp\u00f6ck f\u00fcr Anh\u00e4nger und Auflieger erweitert. Jede der vier neuen Leuchten bietet laut Herth+Buss Qualit\u00e4t auf OE-Level und erf\u00fcllt die Anforderungen des ADR-GGVS-Standards. <span class=\"excerpt-more__dots\">&#8230;<\/span> <a class=\"excerpt-more__link\" href=\"https:\/\/www.krafthand.de\/truck\/artikel\/herthbuss-neue-led-rueckleuchten-fuer-auflieger-37723\/\" >weiter<\/a><\/p>\n","protected":false},"author":9,"featured_media":37724,"comment_status":"closed","ping_status":"closed","sticky":false,"template":"","format":"standard","meta":{"footnotes":""},"categories":[4229,4914],"tags":[2695,5766,599],"settings":[4766,3523],"class_list":["post-37723","post","type-post","status-publish","format-standard","has-post-thumbnail","hentry","category-nfz-teile-systeme","category-trailer-aufbauten","tag-herth-buss","tag-led-rueckleuchten","tag-trailer"],"yoast_head":"<!-- This site is optimized with the Yoast SEO plugin v27.3 - https:\/\/yoast.com\/product\/yoast-seo-wordpress\/ -->\n<title>Herth+Buss: Neue\u00a0LED-R\u00fcckleuchten f\u00fcr Auflieger - Krafthand-Truck<\/title>\n<meta name=\"description\" content=\"Herth+Buss hat sein Beleuchtungsprogramm um vier neue LED-Heckleuchten von Asp\u00f6ck f\u00fcr Anh\u00e4nger und Auflieger erweitert.\" \/>\n<meta name=\"robots\" content=\"index, follow, max-snippet:-1, max-image-preview:large, max-video-preview:-1\" \/>\n<link rel=\"canonical\" href=\"https:\/\/www.krafthand.de\/truck\/artikel\/herthbuss-neue-led-rueckleuchten-fuer-auflieger-37723\/\" \/>\n<meta property=\"og:locale\" content=\"de_DE\" \/>\n<meta property=\"og:type\" content=\"article\" \/>\n<meta property=\"og:title\" content=\"Herth+Buss: Neue\u00a0LED-R\u00fcckleuchten f\u00fcr Auflieger - Krafthand-Truck\" \/>\n<meta property=\"og:description\" content=\"Herth+Buss hat sein Beleuchtungsprogramm um vier neue LED-Heckleuchten von Asp\u00f6ck f\u00fcr Anh\u00e4nger und Auflieger erweitert.\" \/>\n<meta property=\"og:url\" content=\"https:\/\/www.krafthand-truck.de\/artikel\/herthbuss-neue-led-rueckleuchten-fuer-auflieger-37723\/\" \/>\n<meta property=\"og:site_name\" content=\"Krafthand-Truck\" \/>\n<meta property=\"article:published_time\" content=\"2023-10-24T09:40:56+00:00\" \/>\n<meta property=\"article:modified_time\" content=\"2023-10-24T09:41:58+00:00\" \/>\n<meta property=\"og:image\" content=\"https:\/\/static.krafthand-truck.de\/uploads\/2023\/10\/Herth_Buss_Trailer_Lkw_Rueckleuchten.jpg\" \/>\n\t<meta property=\"og:image:width\" content=\"1200\" \/>\n\t<meta property=\"og:image:height\" content=\"695\" \/>\n\t<meta property=\"og:image:type\" content=\"image\/jpeg\" \/>\n<meta name=\"author\" content=\"georg.blenk@krafthand-medien.de\" \/>\n<meta name=\"twitter:card\" content=\"summary_large_image\" \/>\n<meta name=\"twitter:label1\" content=\"Verfasst von\" \/>\n\t<meta name=\"twitter:data1\" content=\"georg.blenk@krafthand-medien.de\" \/>\n\t<meta name=\"twitter:label2\" content=\"Gesch\u00e4tzte Lesezeit\" \/>\n\t<meta name=\"twitter:data2\" content=\"1\u00a0Minute\" \/>\n<script type=\"application\/ld+json\" class=\"yoast-schema-graph\">{\"@context\":\"https:\\\/\\\/schema.org\",\"@graph\":[{\"@type\":\"Article\",\"@id\":\"https:\\\/\\\/www.krafthand.de\\\/truck\\\/artikel\\\/herthbuss-neue-led-rueckleuchten-fuer-auflieger-37723\\\/#article\",\"isPartOf\":{\"@id\":\"https:\\\/\\\/www.krafthand.de\\\/truck\\\/artikel\\\/herthbuss-neue-led-rueckleuchten-fuer-auflieger-37723\\\/\"},\"author\":{\"name\":\"georg.blenk@krafthand-medien.de\",\"@id\":\"https:\\\/\\\/www.krafthand.de\\\/truck\\\/#\\\/schema\\\/person\\\/51fa80b1c57034c4bf63f9f988fc24ce\"},\"headline\":\"Herth+Buss: Neue\u00a0LED-R\u00fcckleuchten f\u00fcr Auflieger\",\"datePublished\":\"2023-10-24T09:40:56+00:00\",\"dateModified\":\"2023-10-24T09:41:58+00:00\",\"mainEntityOfPage\":{\"@id\":\"https:\\\/\\\/www.krafthand.de\\\/truck\\\/artikel\\\/herthbuss-neue-led-rueckleuchten-fuer-auflieger-37723\\\/\"},\"wordCount\":167,\"image\":{\"@id\":\"https:\\\/\\\/www.krafthand.de\\\/truck\\\/artikel\\\/herthbuss-neue-led-rueckleuchten-fuer-auflieger-37723\\\/#primaryimage\"},\"thumbnailUrl\":\"https:\\\/\\\/static.krafthand-truck.de\\\/uploads\\\/2023\\\/10\\\/Herth_Buss_Trailer_Lkw_Rueckleuchten.jpg\",\"keywords\":[\"Herth + Buss\",\"LED-R\u00fcckleuchten\",\"Trailer\"],\"articleSection\":[\"Nfz-Teile\\\/Systeme\",\"Trailer\\\/Aufbauten\"],\"inLanguage\":\"de\"},{\"@type\":\"WebPage\",\"@id\":\"https:\\\/\\\/www.krafthand.de\\\/truck\\\/artikel\\\/herthbuss-neue-led-rueckleuchten-fuer-auflieger-37723\\\/\",\"url\":\"https:\\\/\\\/www.krafthand.de\\\/truck\\\/artikel\\\/herthbuss-neue-led-rueckleuchten-fuer-auflieger-37723\\\/\",\"name\":\"Herth+Buss: Neue\u00a0LED-R\u00fcckleuchten f\u00fcr Auflieger - Krafthand-Truck\",\"isPartOf\":{\"@id\":\"https:\\\/\\\/www.krafthand.de\\\/truck\\\/#website\"},\"primaryImageOfPage\":{\"@id\":\"https:\\\/\\\/www.krafthand.de\\\/truck\\\/artikel\\\/herthbuss-neue-led-rueckleuchten-fuer-auflieger-37723\\\/#primaryimage\"},\"image\":{\"@id\":\"https:\\\/\\\/www.krafthand.de\\\/truck\\\/artikel\\\/herthbuss-neue-led-rueckleuchten-fuer-auflieger-37723\\\/#primaryimage\"},\"thumbnailUrl\":\"https:\\\/\\\/static.krafthand-truck.de\\\/uploads\\\/2023\\\/10\\\/Herth_Buss_Trailer_Lkw_Rueckleuchten.jpg\",\"datePublished\":\"2023-10-24T09:40:56+00:00\",\"dateModified\":\"2023-10-24T09:41:58+00:00\",\"author\":{\"@id\":\"https:\\\/\\\/www.krafthand.de\\\/truck\\\/#\\\/schema\\\/person\\\/51fa80b1c57034c4bf63f9f988fc24ce\"},\"description\":\"Herth+Buss hat sein Beleuchtungsprogramm um vier neue LED-Heckleuchten von Asp\u00f6ck f\u00fcr Anh\u00e4nger und Auflieger erweitert.\",\"breadcrumb\":{\"@id\":\"https:\\\/\\\/www.krafthand.de\\\/truck\\\/artikel\\\/herthbuss-neue-led-rueckleuchten-fuer-auflieger-37723\\\/#breadcrumb\"},\"inLanguage\":\"de\",\"potentialAction\":[{\"@type\":\"ReadAction\",\"target\":[\"https:\\\/\\\/www.krafthand.de\\\/truck\\\/artikel\\\/herthbuss-neue-led-rueckleuchten-fuer-auflieger-37723\\\/\"]}]},{\"@type\":\"ImageObject\",\"inLanguage\":\"de\",\"@id\":\"https:\\\/\\\/www.krafthand.de\\\/truck\\\/artikel\\\/herthbuss-neue-led-rueckleuchten-fuer-auflieger-37723\\\/#primaryimage\",\"url\":\"https:\\\/\\\/static.krafthand-truck.de\\\/uploads\\\/2023\\\/10\\\/Herth_Buss_Trailer_Lkw_Rueckleuchten.jpg\",\"contentUrl\":\"https:\\\/\\\/static.krafthand-truck.de\\\/uploads\\\/2023\\\/10\\\/Herth_Buss_Trailer_Lkw_Rueckleuchten.jpg\",\"width\":1200,\"height\":695},{\"@type\":\"BreadcrumbList\",\"@id\":\"https:\\\/\\\/www.krafthand.de\\\/truck\\\/artikel\\\/herthbuss-neue-led-rueckleuchten-fuer-auflieger-37723\\\/#breadcrumb\",\"itemListElement\":[{\"@type\":\"ListItem\",\"position\":1,\"name\":\"Krafthand-Truck\",\"item\":\"https:\\\/\\\/www.krafthand.de\\\/truck\\\/\"},{\"@type\":\"ListItem\",\"position\":2,\"name\":\"Nfz-Technik\",\"item\":\"https:\\\/\\\/www.krafthand.de\\\/truck\\\/kategorie\\\/nfz-technik\\\/\"},{\"@type\":\"ListItem\",\"position\":3,\"name\":\"Nfz-Teile\\\/Systeme\",\"item\":\"https:\\\/\\\/www.krafthand.de\\\/truck\\\/kategorie\\\/nfz-technik\\\/nfz-teile-systeme\\\/\"},{\"@type\":\"ListItem\",\"position\":4,\"name\":\"Herth+Buss: Neue\u00a0LED-R\u00fcckleuchten f\u00fcr Auflieger\"}]},{\"@type\":\"WebSite\",\"@id\":\"https:\\\/\\\/www.krafthand.de\\\/truck\\\/#website\",\"url\":\"https:\\\/\\\/www.krafthand.de\\\/truck\\\/\",\"name\":\"Krafthand-Truck\",\"description\":\"\",\"potentialAction\":[{\"@type\":\"SearchAction\",\"target\":{\"@type\":\"EntryPoint\",\"urlTemplate\":\"https:\\\/\\\/www.krafthand.de\\\/truck\\\/?s={search_term_string}\"},\"query-input\":{\"@type\":\"PropertyValueSpecification\",\"valueRequired\":true,\"valueName\":\"search_term_string\"}}],\"inLanguage\":\"de\"},{\"@type\":\"Person\",\"@id\":\"https:\\\/\\\/www.krafthand.de\\\/truck\\\/#\\\/schema\\\/person\\\/51fa80b1c57034c4bf63f9f988fc24ce\",\"name\":\"georg.blenk@krafthand-medien.de\",\"image\":{\"@type\":\"ImageObject\",\"inLanguage\":\"de\",\"@id\":\"https:\\\/\\\/secure.gravatar.com\\\/avatar\\\/93713c30affe0aa95d3a4130e499bb1abee2eb31adbdd9ce2aa1543538490215?s=96&d=mm&r=g\",\"url\":\"https:\\\/\\\/secure.gravatar.com\\\/avatar\\\/93713c30affe0aa95d3a4130e499bb1abee2eb31adbdd9ce2aa1543538490215?s=96&d=mm&r=g\",\"contentUrl\":\"https:\\\/\\\/secure.gravatar.com\\\/avatar\\\/93713c30affe0aa95d3a4130e499bb1abee2eb31adbdd9ce2aa1543538490215?s=96&d=mm&r=g\",\"caption\":\"georg.blenk@krafthand-medien.de\"}}]}<\/script>\n<!-- \/ Yoast SEO plugin. -->","yoast_head_json":{"title":"Herth+Buss: Neue\u00a0LED-R\u00fcckleuchten f\u00fcr Auflieger - Krafthand-Truck","description":"Herth+Buss hat sein Beleuchtungsprogramm um vier neue LED-Heckleuchten von Asp\u00f6ck f\u00fcr Anh\u00e4nger und Auflieger erweitert.","robots":{"index":"index","follow":"follow","max-snippet":"max-snippet:-1","max-image-preview":"max-image-preview:large","max-video-preview":"max-video-preview:-1"},"canonical":"https:\/\/www.krafthand.de\/truck\/artikel\/herthbuss-neue-led-rueckleuchten-fuer-auflieger-37723\/","og_locale":"de_DE","og_type":"article","og_title":"Herth+Buss: Neue\u00a0LED-R\u00fcckleuchten f\u00fcr Auflieger - Krafthand-Truck","og_description":"Herth+Buss hat sein Beleuchtungsprogramm um vier neue LED-Heckleuchten von Asp\u00f6ck f\u00fcr Anh\u00e4nger und Auflieger erweitert.","og_url":"https:\/\/www.krafthand-truck.de\/artikel\/herthbuss-neue-led-rueckleuchten-fuer-auflieger-37723\/","og_site_name":"Krafthand-Truck","article_published_time":"2023-10-24T09:40:56+00:00","article_modified_time":"2023-10-24T09:41:58+00:00","og_image":[{"width":1200,"height":695,"url":"https:\/\/static.krafthand-truck.de\/uploads\/2023\/10\/Herth_Buss_Trailer_Lkw_Rueckleuchten.jpg","type":"image\/jpeg"}],"author":"georg.blenk@krafthand-medien.de","twitter_card":"summary_large_image","twitter_misc":{"Verfasst von":"georg.blenk@krafthand-medien.de","Gesch\u00e4tzte Lesezeit":"1\u00a0Minute"},"schema":{"@context":"https:\/\/schema.org","@graph":[{"@type":"Article","@id":"https:\/\/www.krafthand.de\/truck\/artikel\/herthbuss-neue-led-rueckleuchten-fuer-auflieger-37723\/#article","isPartOf":{"@id":"https:\/\/www.krafthand.de\/truck\/artikel\/herthbuss-neue-led-rueckleuchten-fuer-auflieger-37723\/"},"author":{"name":"georg.blenk@krafthand-medien.de","@id":"https:\/\/www.krafthand.de\/truck\/#\/schema\/person\/51fa80b1c57034c4bf63f9f988fc24ce"},"headline":"Herth+Buss: Neue\u00a0LED-R\u00fcckleuchten f\u00fcr Auflieger","datePublished":"2023-10-24T09:40:56+00:00","dateModified":"2023-10-24T09:41:58+00:00","mainEntityOfPage":{"@id":"https:\/\/www.krafthand.de\/truck\/artikel\/herthbuss-neue-led-rueckleuchten-fuer-auflieger-37723\/"},"wordCount":167,"image":{"@id":"https:\/\/www.krafthand.de\/truck\/artikel\/herthbuss-neue-led-rueckleuchten-fuer-auflieger-37723\/#primaryimage"},"thumbnailUrl":"https:\/\/static.krafthand-truck.de\/uploads\/2023\/10\/Herth_Buss_Trailer_Lkw_Rueckleuchten.jpg","keywords":["Herth + Buss","LED-R\u00fcckleuchten","Trailer"],"articleSection":["Nfz-Teile\/Systeme","Trailer\/Aufbauten"],"inLanguage":"de"},{"@type":"WebPage","@id":"https:\/\/www.krafthand.de\/truck\/artikel\/herthbuss-neue-led-rueckleuchten-fuer-auflieger-37723\/","url":"https:\/\/www.krafthand.de\/truck\/artikel\/herthbuss-neue-led-rueckleuchten-fuer-auflieger-37723\/","name":"Herth+Buss: Neue\u00a0LED-R\u00fcckleuchten f\u00fcr Auflieger - Krafthand-Truck","isPartOf":{"@id":"https:\/\/www.krafthand.de\/truck\/#website"},"primaryImageOfPage":{"@id":"https:\/\/www.krafthand.de\/truck\/artikel\/herthbuss-neue-led-rueckleuchten-fuer-auflieger-37723\/#primaryimage"},"image":{"@id":"https:\/\/www.krafthand.de\/truck\/artikel\/herthbuss-neue-led-rueckleuchten-fuer-auflieger-37723\/#primaryimage"},"thumbnailUrl":"https:\/\/static.krafthand-truck.de\/uploads\/2023\/10\/Herth_Buss_Trailer_Lkw_Rueckleuchten.jpg","datePublished":"2023-10-24T09:40:56+00:00","dateModified":"2023-10-24T09:41:58+00:00","author":{"@id":"https:\/\/www.krafthand.de\/truck\/#\/schema\/person\/51fa80b1c57034c4bf63f9f988fc24ce"},"description":"Herth+Buss hat sein Beleuchtungsprogramm um vier neue LED-Heckleuchten von Asp\u00f6ck f\u00fcr Anh\u00e4nger und Auflieger erweitert.","breadcrumb":{"@id":"https:\/\/www.krafthand.de\/truck\/artikel\/herthbuss-neue-led-rueckleuchten-fuer-auflieger-37723\/#breadcrumb"},"inLanguage":"de","potentialAction":[{"@type":"ReadAction","target":["https:\/\/www.krafthand.de\/truck\/artikel\/herthbuss-neue-led-rueckleuchten-fuer-auflieger-37723\/"]}]},{"@type":"ImageObject","inLanguage":"de","@id":"https:\/\/www.krafthand.de\/truck\/artikel\/herthbuss-neue-led-rueckleuchten-fuer-auflieger-37723\/#primaryimage","url":"https:\/\/static.krafthand-truck.de\/uploads\/2023\/10\/Herth_Buss_Trailer_Lkw_Rueckleuchten.jpg","contentUrl":"https:\/\/static.krafthand-truck.de\/uploads\/2023\/10\/Herth_Buss_Trailer_Lkw_Rueckleuchten.jpg","width":1200,"height":695},{"@type":"BreadcrumbList","@id":"https:\/\/www.krafthand.de\/truck\/artikel\/herthbuss-neue-led-rueckleuchten-fuer-auflieger-37723\/#breadcrumb","itemListElement":[{"@type":"ListItem","position":1,"name":"Krafthand-Truck","item":"https:\/\/www.krafthand.de\/truck\/"},{"@type":"ListItem","position":2,"name":"Nfz-Technik","item":"https:\/\/www.krafthand.de\/truck\/kategorie\/nfz-technik\/"},{"@type":"ListItem","position":3,"name":"Nfz-Teile\/Systeme","item":"https:\/\/www.krafthand.de\/truck\/kategorie\/nfz-technik\/nfz-teile-systeme\/"},{"@type":"ListItem","position":4,"name":"Herth+Buss: Neue\u00a0LED-R\u00fcckleuchten f\u00fcr Auflieger"}]},{"@type":"WebSite","@id":"https:\/\/www.krafthand.de\/truck\/#website","url":"https:\/\/www.krafthand.de\/truck\/","name":"Krafthand-Truck","description":"","potentialAction":[{"@type":"SearchAction","target":{"@type":"EntryPoint","urlTemplate":"https:\/\/www.krafthand.de\/truck\/?s={search_term_string}"},"query-input":{"@type":"PropertyValueSpecification","valueRequired":true,"valueName":"search_term_string"}}],"inLanguage":"de"},{"@type":"Person","@id":"https:\/\/www.krafthand.de\/truck\/#\/schema\/person\/51fa80b1c57034c4bf63f9f988fc24ce","name":"georg.blenk@krafthand-medien.de","image":{"@type":"ImageObject","inLanguage":"de","@id":"https:\/\/secure.gravatar.com\/avatar\/93713c30affe0aa95d3a4130e499bb1abee2eb31adbdd9ce2aa1543538490215?s=96&d=mm&r=g","url":"https:\/\/secure.gravatar.com\/avatar\/93713c30affe0aa95d3a4130e499bb1abee2eb31adbdd9ce2aa1543538490215?s=96&d=mm&r=g","contentUrl":"https:\/\/secure.gravatar.com\/avatar\/93713c30affe0aa95d3a4130e499bb1abee2eb31adbdd9ce2aa1543538490215?s=96&d=mm&r=g","caption":"georg.blenk@krafthand-medien.de"}}]}},"_links":{"self":[{"href":"https:\/\/www.krafthand.de\/truck\/wp-json\/wp\/v2\/posts\/37723","targetHints":{"allow":["GET"]}}],"collection":[{"href":"https:\/\/www.krafthand.de\/truck\/wp-json\/wp\/v2\/posts"}],"about":[{"href":"https:\/\/www.krafthand.de\/truck\/wp-json\/wp\/v2\/types\/post"}],"author":[{"embeddable":true,"href":"https:\/\/www.krafthand.de\/truck\/wp-json\/wp\/v2\/users\/9"}],"replies":[{"embeddable":true,"href":"https:\/\/www.krafthand.de\/truck\/wp-json\/wp\/v2\/comments?post=37723"}],"version-history":[{"count":1,"href":"https:\/\/www.krafthand.de\/truck\/wp-json\/wp\/v2\/posts\/37723\/revisions"}],"predecessor-version":[{"id":37725,"href":"https:\/\/www.krafthand.de\/truck\/wp-json\/wp\/v2\/posts\/37723\/revisions\/37725"}],"wp:featuredmedia":[{"embeddable":true,"href":"https:\/\/www.krafthand.de\/truck\/wp-json\/wp\/v2\/media\/37724"}],"wp:attachment":[{"href":"https:\/\/www.krafthand.de\/truck\/wp-json\/wp\/v2\/media?parent=37723"}],"wp:term":[{"taxonomy":"category","embeddable":true,"href":"https:\/\/www.krafthand.de\/truck\/wp-json\/wp\/v2\/categories?post=37723"},{"taxonomy":"post_tag","embeddable":true,"href":"https:\/\/www.krafthand.de\/truck\/wp-json\/wp\/v2\/tags?post=37723"},{"taxonomy":"settings","embeddable":true,"href":"https:\/\/www.krafthand.de\/truck\/wp-json\/wp\/v2\/settings?post=37723"}],"curies":[{"name":"wp","href":"https:\/\/api.w.org\/{rel}","templated":true}]}}