{"id":37715,"date":"2023-10-18T13:04:20","date_gmt":"2023-10-18T11:04:20","guid":{"rendered":"https:\/\/www.krafthand.de\/truck\/?p=37715"},"modified":"2023-10-18T13:07:18","modified_gmt":"2023-10-18T11:07:18","slug":"das-who-is-who-des-europaeischen-lkw-teilehandels","status":"publish","type":"post","link":"https:\/\/www.krafthand.de\/truck\/artikel\/das-who-is-who-des-europaeischen-lkw-teilehandels-37715\/","title":{"rendered":"Das &#8218;Who is Who&#8216; des europ\u00e4ischen Lkw-Teilehandels"},"content":{"rendered":"<p>Die Vertriebsstrukturen von Lkw-Teilen in Europa sind komplex.\u00a0 Einen interessanten \u00dcberblick liefert jetzt ein Poster im DIN A0-Format (841 x 1189 mm) der Aftermarket-Spezialisten Wolk Aftersales Experts. Dargestellt sind die gr\u00f6\u00dften freien Teilegro\u00dfh\u00e4ndler f\u00fcr Nutzfahrzeuge in Europa (ohne OES Teileh\u00e4ndler). Das Poster eignet sich gleicherma\u00dfen f\u00fcr Personen, die neu im Markt sind und diesen verstehen wollen, wie auch als visuelle St\u00fctze bei Gespr\u00e4chen \u00fcber den europ\u00e4ischen Lkw-Teilehandel.<\/p>\n<p>Folgende Informationen sind auf dem Poster ersichtlich:<\/p>\n<ul>\n<li>Die wichtigsten IAM Lkw-Teileh\u00e4ndler in Europa<\/li>\n<li>Ein Ranking der Top 10 Lkw-Marken<\/li>\n<li>Die Zugeh\u00f6rigkeit zu den nationalen und internationalen Einkaufskooperationen (ATR, Temot, AD, etc.)<\/li>\n<li>Die Kreisgr\u00f6\u00dfe steht f\u00fcr die Umsatzgr\u00f6\u00dfe des Unternehmens (der Durchmesser ist nicht proportional zur Umsatzgr\u00f6\u00dfe).<\/li>\n<li>Die Farbe des Kreises zeigt die Zugeh\u00f6rigkeit zu einer Einkaufskooperation.<\/li>\n<\/ul>\n<p>Jedes Unternehmensprofil ist mit den folgenden Informationen versehen:<\/p>\n<ul>\n<li>Adresse, Webseite<\/li>\n<li>Zugeh\u00f6rigkeit zu Einkaufskooperation<\/li>\n<li>Werkstattsysteme im Einsatz<\/li>\n<li>Anzahl Niederlassungen (mit Visualisierung nach Land)<\/li>\n<\/ul>\n<p>Das Poster ist klassisch gedruckt oder als pdf erh\u00e4ltlich und <a href=\"https:\/\/wolk-aftersales.com\/shop-2\/The-Who-is-Who-of-the-truck-parts-distributors-in-Europe-2023-p593354400\/?lang=de\" target=\"_blank\" rel=\"noopener\">kostet 95,00 Euro<\/a>.<\/p>\n<div class=\"in-article ad\" data-track-content data-content-name=\"In Artikel Banner\" data-content-piece=\"Das &#8218;Who is Who&#8216; des europ\u00e4ischen Lkw-Teilehandels - 37715\"><ins data-revive-zoneid=\"38\" data-revive-id=\"04237dfbc3c6f3bc11c0af02bebcbeab\"><\/ins><\/div>\n","protected":false},"excerpt":{"rendered":"<p>Die Vertriebsstrukturen von Lkw-Teilen in Europa sind komplex.\u00a0 Einen interessanten \u00dcberblick liefert jetzt ein Poster im DIN A0-Format (841 x 1189 mm) der Aftermarket-Spezialisten Wolk Aftersales Experts. Dargestellt sind die gr\u00f6\u00dften freien Teilegro\u00dfh\u00e4ndler f\u00fcr Nutzfahrzeuge in Europa (ohne OES Teileh\u00e4ndler). <span class=\"excerpt-more__dots\">&#8230;<\/span> <a class=\"excerpt-more__link\" href=\"https:\/\/www.krafthand.de\/truck\/artikel\/das-who-is-who-des-europaeischen-lkw-teilehandels-37715\/\" >weiter<\/a><\/p>\n","protected":false},"author":9,"featured_media":37719,"comment_status":"closed","ping_status":"closed","sticky":false,"template":"","format":"standard","meta":{"footnotes":""},"categories":[4912,4235],"tags":[5764,5765,5763],"settings":[4766],"class_list":["post-37715","post","type-post","status-publish","format-standard","has-post-thumbnail","hentry","category-ersatzteile-zubehoer","category-unternehmen","tag-lkw-teile","tag-poster","tag-wolk-aftersales-experts"],"yoast_head":"<!-- This site is optimized with the Yoast SEO plugin v27.3 - https:\/\/yoast.com\/product\/yoast-seo-wordpress\/ -->\n<title>Das &#039;Who is Who&#039; des europ\u00e4ischen Lkw-Teilehandels - Krafthand-Truck<\/title>\n<meta name=\"description\" content=\"Ein neues Poster der Unternehmensberatung Wolk Aftersales Experts liefert einen \u00dcberblick \u00fcber den europ\u00e4ischen Lkw-Teilehandel.\" \/>\n<meta name=\"robots\" content=\"index, follow, max-snippet:-1, max-image-preview:large, max-video-preview:-1\" \/>\n<link rel=\"canonical\" href=\"https:\/\/www.krafthand.de\/truck\/artikel\/das-who-is-who-des-europaeischen-lkw-teilehandels-37715\/\" \/>\n<meta property=\"og:locale\" content=\"de_DE\" \/>\n<meta property=\"og:type\" content=\"article\" \/>\n<meta property=\"og:title\" content=\"Das &#039;Who is Who&#039; des europ\u00e4ischen Lkw-Teilehandels - Krafthand-Truck\" \/>\n<meta property=\"og:description\" content=\"Ein neues Poster der Unternehmensberatung Wolk Aftersales Experts liefert einen \u00dcberblick \u00fcber den europ\u00e4ischen Lkw-Teilehandel.\" \/>\n<meta property=\"og:url\" content=\"https:\/\/www.krafthand-truck.de\/artikel\/das-who-is-who-des-europaeischen-lkw-teilehandels-37715\/\" \/>\n<meta property=\"og:site_name\" content=\"Krafthand-Truck\" \/>\n<meta property=\"article:published_time\" content=\"2023-10-18T11:04:20+00:00\" \/>\n<meta property=\"article:modified_time\" content=\"2023-10-18T11:07:18+00:00\" \/>\n<meta property=\"og:image\" content=\"https:\/\/static.krafthand-truck.de\/uploads\/2023\/10\/Wolk_Aftersales_Experts_Lkw_Teilehandel_Europa_Poster_2023.jpg\" \/>\n\t<meta property=\"og:image:width\" content=\"1440\" \/>\n\t<meta property=\"og:image:height\" content=\"1033\" \/>\n\t<meta property=\"og:image:type\" content=\"image\/jpeg\" \/>\n<meta name=\"author\" content=\"georg.blenk@krafthand-medien.de\" \/>\n<meta name=\"twitter:card\" content=\"summary_large_image\" \/>\n<meta name=\"twitter:label1\" content=\"Verfasst von\" \/>\n\t<meta name=\"twitter:data1\" content=\"georg.blenk@krafthand-medien.de\" \/>\n\t<meta name=\"twitter:label2\" content=\"Gesch\u00e4tzte Lesezeit\" \/>\n\t<meta name=\"twitter:data2\" content=\"1\u00a0Minute\" \/>\n<script type=\"application\/ld+json\" class=\"yoast-schema-graph\">{\"@context\":\"https:\\\/\\\/schema.org\",\"@graph\":[{\"@type\":\"Article\",\"@id\":\"https:\\\/\\\/www.krafthand.de\\\/truck\\\/artikel\\\/das-who-is-who-des-europaeischen-lkw-teilehandels-37715\\\/#article\",\"isPartOf\":{\"@id\":\"https:\\\/\\\/www.krafthand.de\\\/truck\\\/artikel\\\/das-who-is-who-des-europaeischen-lkw-teilehandels-37715\\\/\"},\"author\":{\"name\":\"georg.blenk@krafthand-medien.de\",\"@id\":\"https:\\\/\\\/www.krafthand.de\\\/truck\\\/#\\\/schema\\\/person\\\/51fa80b1c57034c4bf63f9f988fc24ce\"},\"headline\":\"Das &#8218;Who is Who&#8216; des europ\u00e4ischen Lkw-Teilehandels\",\"datePublished\":\"2023-10-18T11:04:20+00:00\",\"dateModified\":\"2023-10-18T11:07:18+00:00\",\"mainEntityOfPage\":{\"@id\":\"https:\\\/\\\/www.krafthand.de\\\/truck\\\/artikel\\\/das-who-is-who-des-europaeischen-lkw-teilehandels-37715\\\/\"},\"wordCount\":185,\"image\":{\"@id\":\"https:\\\/\\\/www.krafthand.de\\\/truck\\\/artikel\\\/das-who-is-who-des-europaeischen-lkw-teilehandels-37715\\\/#primaryimage\"},\"thumbnailUrl\":\"https:\\\/\\\/static.krafthand-truck.de\\\/uploads\\\/2023\\\/10\\\/Wolk_Aftersales_Experts_Lkw_Teilehandel_Europa_Poster_2023.jpg\",\"keywords\":[\"Lkw-Teile\",\"Poster\",\"Wolk Aftersales Experts\"],\"articleSection\":[\"Ersatzteile\\\/Zubeh\u00f6r\",\"Unternehmen\"],\"inLanguage\":\"de\"},{\"@type\":\"WebPage\",\"@id\":\"https:\\\/\\\/www.krafthand.de\\\/truck\\\/artikel\\\/das-who-is-who-des-europaeischen-lkw-teilehandels-37715\\\/\",\"url\":\"https:\\\/\\\/www.krafthand.de\\\/truck\\\/artikel\\\/das-who-is-who-des-europaeischen-lkw-teilehandels-37715\\\/\",\"name\":\"Das 'Who is Who' des europ\u00e4ischen Lkw-Teilehandels - Krafthand-Truck\",\"isPartOf\":{\"@id\":\"https:\\\/\\\/www.krafthand.de\\\/truck\\\/#website\"},\"primaryImageOfPage\":{\"@id\":\"https:\\\/\\\/www.krafthand.de\\\/truck\\\/artikel\\\/das-who-is-who-des-europaeischen-lkw-teilehandels-37715\\\/#primaryimage\"},\"image\":{\"@id\":\"https:\\\/\\\/www.krafthand.de\\\/truck\\\/artikel\\\/das-who-is-who-des-europaeischen-lkw-teilehandels-37715\\\/#primaryimage\"},\"thumbnailUrl\":\"https:\\\/\\\/static.krafthand-truck.de\\\/uploads\\\/2023\\\/10\\\/Wolk_Aftersales_Experts_Lkw_Teilehandel_Europa_Poster_2023.jpg\",\"datePublished\":\"2023-10-18T11:04:20+00:00\",\"dateModified\":\"2023-10-18T11:07:18+00:00\",\"author\":{\"@id\":\"https:\\\/\\\/www.krafthand.de\\\/truck\\\/#\\\/schema\\\/person\\\/51fa80b1c57034c4bf63f9f988fc24ce\"},\"description\":\"Ein neues Poster der Unternehmensberatung Wolk Aftersales Experts liefert einen \u00dcberblick \u00fcber den europ\u00e4ischen Lkw-Teilehandel.\",\"breadcrumb\":{\"@id\":\"https:\\\/\\\/www.krafthand.de\\\/truck\\\/artikel\\\/das-who-is-who-des-europaeischen-lkw-teilehandels-37715\\\/#breadcrumb\"},\"inLanguage\":\"de\",\"potentialAction\":[{\"@type\":\"ReadAction\",\"target\":[\"https:\\\/\\\/www.krafthand.de\\\/truck\\\/artikel\\\/das-who-is-who-des-europaeischen-lkw-teilehandels-37715\\\/\"]}]},{\"@type\":\"ImageObject\",\"inLanguage\":\"de\",\"@id\":\"https:\\\/\\\/www.krafthand.de\\\/truck\\\/artikel\\\/das-who-is-who-des-europaeischen-lkw-teilehandels-37715\\\/#primaryimage\",\"url\":\"https:\\\/\\\/static.krafthand-truck.de\\\/uploads\\\/2023\\\/10\\\/Wolk_Aftersales_Experts_Lkw_Teilehandel_Europa_Poster_2023.jpg\",\"contentUrl\":\"https:\\\/\\\/static.krafthand-truck.de\\\/uploads\\\/2023\\\/10\\\/Wolk_Aftersales_Experts_Lkw_Teilehandel_Europa_Poster_2023.jpg\",\"width\":1440,\"height\":1033},{\"@type\":\"BreadcrumbList\",\"@id\":\"https:\\\/\\\/www.krafthand.de\\\/truck\\\/artikel\\\/das-who-is-who-des-europaeischen-lkw-teilehandels-37715\\\/#breadcrumb\",\"itemListElement\":[{\"@type\":\"ListItem\",\"position\":1,\"name\":\"Krafthand-Truck\",\"item\":\"https:\\\/\\\/www.krafthand.de\\\/truck\\\/\"},{\"@type\":\"ListItem\",\"position\":2,\"name\":\"Nfz-Branche\",\"item\":\"https:\\\/\\\/www.krafthand.de\\\/truck\\\/kategorie\\\/branche\\\/\"},{\"@type\":\"ListItem\",\"position\":3,\"name\":\"Unternehmen\",\"item\":\"https:\\\/\\\/www.krafthand.de\\\/truck\\\/kategorie\\\/branche\\\/unternehmen\\\/\"},{\"@type\":\"ListItem\",\"position\":4,\"name\":\"Das &#8218;Who is Who&#8216; des europ\u00e4ischen Lkw-Teilehandels\"}]},{\"@type\":\"WebSite\",\"@id\":\"https:\\\/\\\/www.krafthand.de\\\/truck\\\/#website\",\"url\":\"https:\\\/\\\/www.krafthand.de\\\/truck\\\/\",\"name\":\"Krafthand-Truck\",\"description\":\"\",\"potentialAction\":[{\"@type\":\"SearchAction\",\"target\":{\"@type\":\"EntryPoint\",\"urlTemplate\":\"https:\\\/\\\/www.krafthand.de\\\/truck\\\/?s={search_term_string}\"},\"query-input\":{\"@type\":\"PropertyValueSpecification\",\"valueRequired\":true,\"valueName\":\"search_term_string\"}}],\"inLanguage\":\"de\"},{\"@type\":\"Person\",\"@id\":\"https:\\\/\\\/www.krafthand.de\\\/truck\\\/#\\\/schema\\\/person\\\/51fa80b1c57034c4bf63f9f988fc24ce\",\"name\":\"georg.blenk@krafthand-medien.de\",\"image\":{\"@type\":\"ImageObject\",\"inLanguage\":\"de\",\"@id\":\"https:\\\/\\\/secure.gravatar.com\\\/avatar\\\/93713c30affe0aa95d3a4130e499bb1abee2eb31adbdd9ce2aa1543538490215?s=96&d=mm&r=g\",\"url\":\"https:\\\/\\\/secure.gravatar.com\\\/avatar\\\/93713c30affe0aa95d3a4130e499bb1abee2eb31adbdd9ce2aa1543538490215?s=96&d=mm&r=g\",\"contentUrl\":\"https:\\\/\\\/secure.gravatar.com\\\/avatar\\\/93713c30affe0aa95d3a4130e499bb1abee2eb31adbdd9ce2aa1543538490215?s=96&d=mm&r=g\",\"caption\":\"georg.blenk@krafthand-medien.de\"}}]}<\/script>\n<!-- \/ Yoast SEO plugin. -->","yoast_head_json":{"title":"Das 'Who is Who' des europ\u00e4ischen Lkw-Teilehandels - Krafthand-Truck","description":"Ein neues Poster der Unternehmensberatung Wolk Aftersales Experts liefert einen \u00dcberblick \u00fcber den europ\u00e4ischen Lkw-Teilehandel.","robots":{"index":"index","follow":"follow","max-snippet":"max-snippet:-1","max-image-preview":"max-image-preview:large","max-video-preview":"max-video-preview:-1"},"canonical":"https:\/\/www.krafthand.de\/truck\/artikel\/das-who-is-who-des-europaeischen-lkw-teilehandels-37715\/","og_locale":"de_DE","og_type":"article","og_title":"Das 'Who is Who' des europ\u00e4ischen Lkw-Teilehandels - Krafthand-Truck","og_description":"Ein neues Poster der Unternehmensberatung Wolk Aftersales Experts liefert einen \u00dcberblick \u00fcber den europ\u00e4ischen Lkw-Teilehandel.","og_url":"https:\/\/www.krafthand-truck.de\/artikel\/das-who-is-who-des-europaeischen-lkw-teilehandels-37715\/","og_site_name":"Krafthand-Truck","article_published_time":"2023-10-18T11:04:20+00:00","article_modified_time":"2023-10-18T11:07:18+00:00","og_image":[{"width":1440,"height":1033,"url":"https:\/\/static.krafthand-truck.de\/uploads\/2023\/10\/Wolk_Aftersales_Experts_Lkw_Teilehandel_Europa_Poster_2023.jpg","type":"image\/jpeg"}],"author":"georg.blenk@krafthand-medien.de","twitter_card":"summary_large_image","twitter_misc":{"Verfasst von":"georg.blenk@krafthand-medien.de","Gesch\u00e4tzte Lesezeit":"1\u00a0Minute"},"schema":{"@context":"https:\/\/schema.org","@graph":[{"@type":"Article","@id":"https:\/\/www.krafthand.de\/truck\/artikel\/das-who-is-who-des-europaeischen-lkw-teilehandels-37715\/#article","isPartOf":{"@id":"https:\/\/www.krafthand.de\/truck\/artikel\/das-who-is-who-des-europaeischen-lkw-teilehandels-37715\/"},"author":{"name":"georg.blenk@krafthand-medien.de","@id":"https:\/\/www.krafthand.de\/truck\/#\/schema\/person\/51fa80b1c57034c4bf63f9f988fc24ce"},"headline":"Das &#8218;Who is Who&#8216; des europ\u00e4ischen Lkw-Teilehandels","datePublished":"2023-10-18T11:04:20+00:00","dateModified":"2023-10-18T11:07:18+00:00","mainEntityOfPage":{"@id":"https:\/\/www.krafthand.de\/truck\/artikel\/das-who-is-who-des-europaeischen-lkw-teilehandels-37715\/"},"wordCount":185,"image":{"@id":"https:\/\/www.krafthand.de\/truck\/artikel\/das-who-is-who-des-europaeischen-lkw-teilehandels-37715\/#primaryimage"},"thumbnailUrl":"https:\/\/static.krafthand-truck.de\/uploads\/2023\/10\/Wolk_Aftersales_Experts_Lkw_Teilehandel_Europa_Poster_2023.jpg","keywords":["Lkw-Teile","Poster","Wolk Aftersales Experts"],"articleSection":["Ersatzteile\/Zubeh\u00f6r","Unternehmen"],"inLanguage":"de"},{"@type":"WebPage","@id":"https:\/\/www.krafthand.de\/truck\/artikel\/das-who-is-who-des-europaeischen-lkw-teilehandels-37715\/","url":"https:\/\/www.krafthand.de\/truck\/artikel\/das-who-is-who-des-europaeischen-lkw-teilehandels-37715\/","name":"Das 'Who is Who' des europ\u00e4ischen Lkw-Teilehandels - Krafthand-Truck","isPartOf":{"@id":"https:\/\/www.krafthand.de\/truck\/#website"},"primaryImageOfPage":{"@id":"https:\/\/www.krafthand.de\/truck\/artikel\/das-who-is-who-des-europaeischen-lkw-teilehandels-37715\/#primaryimage"},"image":{"@id":"https:\/\/www.krafthand.de\/truck\/artikel\/das-who-is-who-des-europaeischen-lkw-teilehandels-37715\/#primaryimage"},"thumbnailUrl":"https:\/\/static.krafthand-truck.de\/uploads\/2023\/10\/Wolk_Aftersales_Experts_Lkw_Teilehandel_Europa_Poster_2023.jpg","datePublished":"2023-10-18T11:04:20+00:00","dateModified":"2023-10-18T11:07:18+00:00","author":{"@id":"https:\/\/www.krafthand.de\/truck\/#\/schema\/person\/51fa80b1c57034c4bf63f9f988fc24ce"},"description":"Ein neues Poster der Unternehmensberatung Wolk Aftersales Experts liefert einen \u00dcberblick \u00fcber den europ\u00e4ischen Lkw-Teilehandel.","breadcrumb":{"@id":"https:\/\/www.krafthand.de\/truck\/artikel\/das-who-is-who-des-europaeischen-lkw-teilehandels-37715\/#breadcrumb"},"inLanguage":"de","potentialAction":[{"@type":"ReadAction","target":["https:\/\/www.krafthand.de\/truck\/artikel\/das-who-is-who-des-europaeischen-lkw-teilehandels-37715\/"]}]},{"@type":"ImageObject","inLanguage":"de","@id":"https:\/\/www.krafthand.de\/truck\/artikel\/das-who-is-who-des-europaeischen-lkw-teilehandels-37715\/#primaryimage","url":"https:\/\/static.krafthand-truck.de\/uploads\/2023\/10\/Wolk_Aftersales_Experts_Lkw_Teilehandel_Europa_Poster_2023.jpg","contentUrl":"https:\/\/static.krafthand-truck.de\/uploads\/2023\/10\/Wolk_Aftersales_Experts_Lkw_Teilehandel_Europa_Poster_2023.jpg","width":1440,"height":1033},{"@type":"BreadcrumbList","@id":"https:\/\/www.krafthand.de\/truck\/artikel\/das-who-is-who-des-europaeischen-lkw-teilehandels-37715\/#breadcrumb","itemListElement":[{"@type":"ListItem","position":1,"name":"Krafthand-Truck","item":"https:\/\/www.krafthand.de\/truck\/"},{"@type":"ListItem","position":2,"name":"Nfz-Branche","item":"https:\/\/www.krafthand.de\/truck\/kategorie\/branche\/"},{"@type":"ListItem","position":3,"name":"Unternehmen","item":"https:\/\/www.krafthand.de\/truck\/kategorie\/branche\/unternehmen\/"},{"@type":"ListItem","position":4,"name":"Das &#8218;Who is Who&#8216; des europ\u00e4ischen Lkw-Teilehandels"}]},{"@type":"WebSite","@id":"https:\/\/www.krafthand.de\/truck\/#website","url":"https:\/\/www.krafthand.de\/truck\/","name":"Krafthand-Truck","description":"","potentialAction":[{"@type":"SearchAction","target":{"@type":"EntryPoint","urlTemplate":"https:\/\/www.krafthand.de\/truck\/?s={search_term_string}"},"query-input":{"@type":"PropertyValueSpecification","valueRequired":true,"valueName":"search_term_string"}}],"inLanguage":"de"},{"@type":"Person","@id":"https:\/\/www.krafthand.de\/truck\/#\/schema\/person\/51fa80b1c57034c4bf63f9f988fc24ce","name":"georg.blenk@krafthand-medien.de","image":{"@type":"ImageObject","inLanguage":"de","@id":"https:\/\/secure.gravatar.com\/avatar\/93713c30affe0aa95d3a4130e499bb1abee2eb31adbdd9ce2aa1543538490215?s=96&d=mm&r=g","url":"https:\/\/secure.gravatar.com\/avatar\/93713c30affe0aa95d3a4130e499bb1abee2eb31adbdd9ce2aa1543538490215?s=96&d=mm&r=g","contentUrl":"https:\/\/secure.gravatar.com\/avatar\/93713c30affe0aa95d3a4130e499bb1abee2eb31adbdd9ce2aa1543538490215?s=96&d=mm&r=g","caption":"georg.blenk@krafthand-medien.de"}}]}},"_links":{"self":[{"href":"https:\/\/www.krafthand.de\/truck\/wp-json\/wp\/v2\/posts\/37715","targetHints":{"allow":["GET"]}}],"collection":[{"href":"https:\/\/www.krafthand.de\/truck\/wp-json\/wp\/v2\/posts"}],"about":[{"href":"https:\/\/www.krafthand.de\/truck\/wp-json\/wp\/v2\/types\/post"}],"author":[{"embeddable":true,"href":"https:\/\/www.krafthand.de\/truck\/wp-json\/wp\/v2\/users\/9"}],"replies":[{"embeddable":true,"href":"https:\/\/www.krafthand.de\/truck\/wp-json\/wp\/v2\/comments?post=37715"}],"version-history":[{"count":6,"href":"https:\/\/www.krafthand.de\/truck\/wp-json\/wp\/v2\/posts\/37715\/revisions"}],"predecessor-version":[{"id":37722,"href":"https:\/\/www.krafthand.de\/truck\/wp-json\/wp\/v2\/posts\/37715\/revisions\/37722"}],"wp:featuredmedia":[{"embeddable":true,"href":"https:\/\/www.krafthand.de\/truck\/wp-json\/wp\/v2\/media\/37719"}],"wp:attachment":[{"href":"https:\/\/www.krafthand.de\/truck\/wp-json\/wp\/v2\/media?parent=37715"}],"wp:term":[{"taxonomy":"category","embeddable":true,"href":"https:\/\/www.krafthand.de\/truck\/wp-json\/wp\/v2\/categories?post=37715"},{"taxonomy":"post_tag","embeddable":true,"href":"https:\/\/www.krafthand.de\/truck\/wp-json\/wp\/v2\/tags?post=37715"},{"taxonomy":"settings","embeddable":true,"href":"https:\/\/www.krafthand.de\/truck\/wp-json\/wp\/v2\/settings?post=37715"}],"curies":[{"name":"wp","href":"https:\/\/api.w.org\/{rel}","templated":true}]}}