{"id":37698,"date":"2023-10-18T12:15:01","date_gmt":"2023-10-18T10:15:01","guid":{"rendered":"https:\/\/www.krafthand.de\/truck\/?p=37698"},"modified":"2023-10-18T12:41:14","modified_gmt":"2023-10-18T10:41:14","slug":"stromlinien-und-viel-power-der-neue-eactros-600","status":"publish","type":"post","link":"https:\/\/www.krafthand.de\/truck\/artikel\/stromlinien-und-viel-power-der-neue-eactros-600-37698\/","title":{"rendered":"Stromlinien &#8211; der neue eActros 600"},"content":{"rendered":"<p>Anfang Oktober hat Mercedes-Benz Trucks die Serienversion des batterieelektrischen Fernverkehrs-Lkw eActros 600 vorgestellt. Die Weltpremiere fand s\u00fcdlich von Hamburg auf dem Break Autohof Nordheide, direkt an der A7 statt. Vorausgegangen sind zahlreiche Vorpremieren und unz\u00e4hlige Testfahrten, unter anderem bei winterlichen Bedingungen in Finnland oder j\u00fcngst von Stuttgart \u00fcber den <a href=\"https:\/\/www.krafthand.de\/truck\/artikel\/eactros-600-mit-letzter-testfahrt-vor-der-weltpremiere-37587\/\" target=\"_blank\" rel=\"noopener\">Brenner nach Bozen<\/a> und wieder zur\u00fcck. Stolze 1.060 Kilometer schaffte der eActros inklusive Auflieger mit rund 40 Tonnen Gesamtgewicht mit einem Ladestopp. Das kann sich sehen lassen. Schlie\u00dflich m\u00f6chte Mercedes-Benz Trucks nach eigenem Bekunden mit dem Fahrzeug einen neuen Standard in Sachen Technologie, Nachhaltigkeit, Design und Profitabilit\u00e4t definieren. Letzteres h\u00e4nge jedoch auch vom aktuellen Strom- beziehungsweise Dieselpreis und den jeweiligen nationalen Mautbedingungen ab.<br \/>\nDie Serienproduktion des eActros 600 ist laut Daimler-Truck Ende 2024 im Werk in W\u00f6rth am Rhein vorgesehen. Dabei wird das Fahrzeug von Anfang an als Sattelzugmaschine sowie als Pritschenfahrgestell-Variante produziert. Derzeit entsteht eine Flotte von rund f\u00fcnfzig Prototypen, von denen einige Fahrzeuge zu Kunden in die Praxiserprobung gehen sollen. Technisch ist der eActros auf ein kombiniertes Gesamtzuggewicht von bis zu 44 Tonnen ausgelegt. Mit einem Standard-Auflieger hat der 600er in der EU eine Nutzlast von etwa 22 Tonnen. In einigen F\u00e4llen kann nationales Recht eine h\u00f6here Nutzlast zulassen.<\/p>\n<h3>Neues, aerodynamisches Design<\/h3>\n<figure id=\"attachment_37702\" aria-describedby=\"caption-attachment-37702\" style=\"width: 420px\" class=\"wp-caption alignleft\"><a href=\"https:\/\/static.krafthand-truck.de\/uploads\/2023\/10\/Mercedes_Benz_Trucks_eActros_Aerodynamik_02.jpg\" target=\"_blank\" rel=\"noopener\"><img fetchpriority=\"high\" decoding=\"async\" class=\"wp-image-37702\" src=\"https:\/\/static.krafthand-truck.de\/uploads\/2023\/10\/Mercedes_Benz_Trucks_eActros_Aerodynamik_02-300x175.jpg\" alt=\"\" width=\"420\" height=\"244\" srcset=\"https:\/\/static.krafthand-truck.de\/uploads\/2023\/10\/Mercedes_Benz_Trucks_eActros_Aerodynamik_02-300x175.jpg 300w, https:\/\/static.krafthand-truck.de\/uploads\/2023\/10\/Mercedes_Benz_Trucks_eActros_Aerodynamik_02-1024x596.jpg 1024w, https:\/\/static.krafthand-truck.de\/uploads\/2023\/10\/Mercedes_Benz_Trucks_eActros_Aerodynamik_02-768x447.jpg 768w, https:\/\/static.krafthand-truck.de\/uploads\/2023\/10\/Mercedes_Benz_Trucks_eActros_Aerodynamik_02.jpg 1200w\" sizes=\"(max-width: 420px) 100vw, 420px\" \/><\/a><figcaption id=\"caption-attachment-37702\" class=\"wp-caption-text\">eActros 600 Zugmaschine im Windkanal. Den cW-Wert konnte man mit diversen Ma\u00dfnahmen um neun Prozent im Vergleich zur bisherigen Actros-Kabine verbessern.<\/figcaption><\/figure>\n<p>Optisch zeichnet sich der eActros 600 durch ein grundlegend neues Design mit klaren Linien aus. Ein gro\u00dfer K\u00fchlergrill entf\u00e4llt, eine komplett geschlossene und abgerundete Vorbauklappe soll aerodynamische Vorteile bringen. Hinzu kommt ein optimierter Sto\u00dff\u00e4nger inklusive Unterbodenverkleidung, ein verbesserter Einstieg sowie verl\u00e4ngerte Endkantenklappen im Segel-Design. Luftleitelemente an den A-S\u00e4ulen, ein zus\u00e4tzlicher Vor-Spoiler auf dem Dach und ein abgedichteter Motorraum erg\u00e4nzen die aerodynamischen Ma\u00dfnahmen. Dar\u00fcber hinaus ist die Kabine (Mercedes-Benz Trucks vermarktet sie unter der Bezeichnung \u201aProCabin\u2018) mit Aluminium-Trittplatten, einem neuen Scheinwerferkonzept mit Matrix-LED-Scheinwerfern sowie einem LED-Lichtband ausgestattet. Positiv auf die Aerodynamik wirke sich laut Daimler-Truck auch die um 80 Millimeter verl\u00e4ngerte Front aus. Letztendlich erbrachten Str\u00f6mungsversuche im hauseigenen Windkanal sowie auch im Stra\u00dfenbetrieb einen um neun Prozent verbesserten cW-Wert im Vergleich zur bisherigen Actros-Kabine.<\/p>\n<p>&nbsp;<\/p>\n<h3>Schnellladen in 30 Minuten<\/h3>\n<figure id=\"attachment_37704\" aria-describedby=\"caption-attachment-37704\" style=\"width: 420px\" class=\"wp-caption alignright\"><a href=\"https:\/\/static.krafthand-truck.de\/uploads\/2023\/10\/Mercedes_Benz_Trucks_eActros_CCS_Laden.jpg\" target=\"_blank\" rel=\"noopener\"><img decoding=\"async\" class=\"wp-image-37704\" src=\"https:\/\/static.krafthand-truck.de\/uploads\/2023\/10\/Mercedes_Benz_Trucks_eActros_CCS_Laden-300x203.jpg\" alt=\"\" width=\"420\" height=\"284\" srcset=\"https:\/\/static.krafthand-truck.de\/uploads\/2023\/10\/Mercedes_Benz_Trucks_eActros_CCS_Laden-300x203.jpg 300w, https:\/\/static.krafthand-truck.de\/uploads\/2023\/10\/Mercedes_Benz_Trucks_eActros_CCS_Laden-1024x691.jpg 1024w, https:\/\/static.krafthand-truck.de\/uploads\/2023\/10\/Mercedes_Benz_Trucks_eActros_CCS_Laden-768x518.jpg 768w, https:\/\/static.krafthand-truck.de\/uploads\/2023\/10\/Mercedes_Benz_Trucks_eActros_CCS_Laden.jpg 1200w\" sizes=\"(max-width: 420px) 100vw, 420px\" \/><\/a><figcaption id=\"caption-attachment-37704\" class=\"wp-caption-text\">Neben dem CCS-Laden (Bild) mit bis zu 400 kW ist beim eActros in Zukunft auch das Megawattladen (MCS) m\u00f6glich.<\/figcaption><\/figure>\n<p>Die Typbezeichnung eActros 600 r\u00fchrt von der (nutzbaren) Batteriekapazit\u00e4t von 600 Kilowattstunden her. Das ist eine Menge und erlaubt, je nach Topografie und Witterungsbedingungen, eben 500 Kilometer Reichweite. Dabei verf\u00fcgt der Stromer \u00fcber drei Batteriepakete mit jeweils 207 kWh, also 621 kWh gesamt. Neben dem CCS-Laden (Combined-Charging-System) mit bis zu 400 kW soll sp\u00e4ter auch das Megawattladen (MCS, Megawatt-Charging-System) m\u00f6glich sein. Der Standard ist ausentwickelt. Ab Verkaufsstart, der noch 2023 erfolgen soll, k\u00f6nnten Kunden hierf\u00fcr schon eine Vorr\u00fcstung bestellen. Sobald die MCS-Technologie auch verf\u00fcgbar und hersteller\u00fcbergreifend standardisiert ist, soll sie nachr\u00fcstbar sein. Die Batterien k\u00f6nnten dann an einer entsprechenden Lades\u00e4ule mit etwa einem Megawatt Leistung in rund 30 Minuten von 20 auf 80 Prozent aufgeladen werden.<\/p>\n<h3>Die LFP-Batterie-Technologie<\/h3>\n<p>Die Batterien des eActros 600 kommen von CATL und basieren auf der Lithium-Eisenphosphat-Zelltechnologie (LFP) und sollen sich durch ihre Schnellladeeigenschaften und eine lange Lebensdauer auszeichnen. So haben die Entwicklungsingenieure von Mercedes-Benz Trucks den eActros 600 f\u00fcr dieselben Anforderungen an die Dauerhaltbarkeit von Fahrzeug und Komponenten wie einen konventionellen schweren Fernverkehrs-Actros ausgelegt. Das bedeutet bis zu 1,2 Millionen Kilometer Laufleistung in zehn Betriebsjahren. Nach dieser Nutzungsdauer soll der Batteriezustand (State of Health) noch \u00fcber 80 Prozent betragen. Im Gegensatz zu anderen Batteriezelltechnologien k\u00f6nnten zudem \u00fcber 95 Prozent der installierten Kapazit\u00e4t bei der LFP-Technologie genutzt werden. Dies erm\u00f6gliche eine h\u00f6here Reichweite bei gleich viel verbauter Batteriekapazit\u00e4t. Die Batterien wiegen im \u00dcbrigen rund vier Tonnen. Man verliert also etwas an Nutzlast, was aber mit rund 2-3 Tonnen im Rahmen bliebe, schlie\u00dflich entf\u00e4llt der schwere Verbrennungsmotor, inklusive Getriebe und Anbauteile.<\/p>\n<h3>Rekuperation und Predictive Powertrain Control<\/h3>\n<figure id=\"attachment_37705\" aria-describedby=\"caption-attachment-37705\" style=\"width: 420px\" class=\"wp-caption alignleft\"><a href=\"https:\/\/static.krafthand-truck.de\/uploads\/2023\/10\/Mercedes_Benz_Trucks_eActros_Antrieb.jpg\" target=\"_blank\" rel=\"noopener\"><img decoding=\"async\" class=\"wp-image-37705\" src=\"https:\/\/static.krafthand-truck.de\/uploads\/2023\/10\/Mercedes_Benz_Trucks_eActros_Antrieb-300x200.jpg\" alt=\"\" width=\"420\" height=\"280\" srcset=\"https:\/\/static.krafthand-truck.de\/uploads\/2023\/10\/Mercedes_Benz_Trucks_eActros_Antrieb-300x200.jpg 300w, https:\/\/static.krafthand-truck.de\/uploads\/2023\/10\/Mercedes_Benz_Trucks_eActros_Antrieb-1024x683.jpg 1024w, https:\/\/static.krafthand-truck.de\/uploads\/2023\/10\/Mercedes_Benz_Trucks_eActros_Antrieb-768x512.jpg 768w, https:\/\/static.krafthand-truck.de\/uploads\/2023\/10\/Mercedes_Benz_Trucks_eActros_Antrieb.jpg 1200w\" sizes=\"(max-width: 420px) 100vw, 420px\" \/><\/a><figcaption id=\"caption-attachment-37705\" class=\"wp-caption-text\">Der eActros hat zwei identische Permanentmagnet-Synchronmotoren und verf\u00fcgt \u00fcber ein eigens entwickeltes Vierganggetriebe. Eine Kardanwelle entf\u00e4llt.<\/figcaption><\/figure>\n<p>Speziell f\u00fcr den Einsatz im schweren Fernverkehr hat Mercedes-Benz Trucks eine neue, auf 800 Volt ausgelegte E-Achse mit zwei Elektromotoren und Viergang-Getriebe entwickelt. Die E-Motoren generieren eine Dauerleistung von 400 kW sowie eine Spitzenleistung von 600 kW (bis zu 816 PS) und sollen f\u00fcr eine kraftvolle Beschleunigung, einen hohen Fahrkomfort und eine hohe Fahrdynamik sorgen. Die volle Motorleistung steht zumeist nahezu ohne Drehmomentunterbrechung zur Verf\u00fcgung.<br \/>\nBei entsprechend vorausschauender Fahrweise l\u00e4sst sich durch Rekuperation elektrische Energie zur\u00fcckgewinnen, die in die Batterien des eActros 600 zur\u00fcckgef\u00fchrt wird und im Anschluss wieder f\u00fcr den Antrieb zur Verf\u00fcgung steht. Durch Rekuperation werden auch die Bremsen des eActros 600 weniger beansprucht, was einen positiven Nebeneffekt darstellt. Situationsabh\u00e4ngig kann der Fahrer zwischen f\u00fcnf verschiedenen Rekuperationsstufen w\u00e4hlen. Im digitalen Cockpit l\u00e4sst auf dem Touchscreen auch das One-Pedal-Driving aktivieren \u2013 also die Verz\u00f6gerung per Rekuperation mit reduzierter Bet\u00e4tigung der mechanischen Bremse.<br \/>\nDar\u00fcber hinaus verf\u00fcgt der eActros 600 \u00fcber die Tempomat- und Getriebesteuerung \u201aPredictive Powertrain Control (PPC)\u2018, die speziell auf den E-Antrieb abgestimmt ist. Die vorausschauende Antriebsstrangregelung ber\u00fccksichtigt automatisch Topografie, Stra\u00dfenverlauf und Verkehrszeichen f\u00fcr eine m\u00f6glichst effiziente Fahrweise. Dabei werden nun auch die Routeninformationen des Navigationssystems mit einbezogen, um eine bessere Erkennung vorausliegender Streckenereignisse zu erm\u00f6glichen. So kann der Fahrer unn\u00f6tiges Bremsen, Beschleunigen und Schalten vermeiden und die Batterieenergie m\u00f6glichst effizient nutzen.<\/p>\n<h3>Multimedia Cockpit Interactive 2<\/h3>\n<figure id=\"attachment_37707\" aria-describedby=\"caption-attachment-37707\" style=\"width: 420px\" class=\"wp-caption alignright\"><a href=\"https:\/\/static.krafthand-truck.de\/uploads\/2023\/10\/Mercedes_Benz_Trucks_eActros_Cockpit_Kabine.jpg\" target=\"_blank\" rel=\"noopener\"><img loading=\"lazy\" decoding=\"async\" class=\"wp-image-37707\" src=\"https:\/\/static.krafthand-truck.de\/uploads\/2023\/10\/Mercedes_Benz_Trucks_eActros_Cockpit_Kabine-300x204.jpg\" alt=\"\" width=\"420\" height=\"286\" srcset=\"https:\/\/static.krafthand-truck.de\/uploads\/2023\/10\/Mercedes_Benz_Trucks_eActros_Cockpit_Kabine-300x204.jpg 300w, https:\/\/static.krafthand-truck.de\/uploads\/2023\/10\/Mercedes_Benz_Trucks_eActros_Cockpit_Kabine-1024x696.jpg 1024w, https:\/\/static.krafthand-truck.de\/uploads\/2023\/10\/Mercedes_Benz_Trucks_eActros_Cockpit_Kabine-768x522.jpg 768w, https:\/\/static.krafthand-truck.de\/uploads\/2023\/10\/Mercedes_Benz_Trucks_eActros_Cockpit_Kabine.jpg 1200w\" sizes=\"(max-width: 420px) 100vw, 420px\" \/><\/a><figcaption id=\"caption-attachment-37707\" class=\"wp-caption-text\">Der Arbeitsplatz des neuen eActros 600, inklusive Multimedia Cockpit Interactive 2.<\/figcaption><\/figure>\n<p>\u00dcber das im eActros 600 serienm\u00e4\u00dfig verbaute Multimedia Cockpit Interactive 2 wird der Fahrer kontinuierlich \u00fcber den Ladezustand der Batterien, die verbleibende Reichweite sowie den aktuellen und durchschnittlichen Energieverbrauch informiert. Flottenmanager k\u00f6nnen \u00fcber das Fleetboard Portal digitale L\u00f6sungen zur effizienten Steuerung ihrer Flotte nutzen. Dazu werden zum Serienstart unter anderem ein individuell ausgearbeitetes Charge Management System wie etwa die smarte Steuerung aller Prozesse zwischen dem eActros 600 und der Ladeinfrastruktur sowie ein Logbuch mit detaillierten Angaben zu Fahr-, Stand- und Ladezeiten sowie Verbrauchsdaten z\u00e4hlen. Ebenso wird es ein Mapping-Tool geben, das in Echtzeit anzeigt, wo sich ein Fahrzeug gerade befindet, ob es f\u00e4hrt, steht oder l\u00e4dt und wie hoch der Ladezustand der Batterie ist.<\/p>\n<h3>Nebenabtriebe<\/h3>\n<p>Mercedes-Benz Trucks hat f\u00fcr den eActros 600 zwei unterschiedliche Nebenabtriebe entwickelt. Mit dem elektrisch-mechanischen Nebenabtrieb wird es zum Beispiel m\u00f6glich, hydraulische beziehungsweise mechanische Arbeitsausr\u00fcstungen wie etwa Kippsattel-, Schubboden- oder Siloauflieger zu betreiben. Eine weitere L\u00f6sung ist der elektrische Gleich- oder Wechselstrom-Nebenabtrieb. Bei letzterem wandelt ein Wechselrichter den Gleichstrom des Hochvoltnetzes in Wechselstrom. Somit k\u00f6nnen zum Beispiel L\u00f6sungen f\u00fcr K\u00fchlkoffer oder K\u00fchlauflieger betrieben werden. Die verschiedenen Nebenabtriebs-Anwendungen decken je nach Variante eine Leistungsspanne von 22 bis 90 kW ab und k\u00f6nnen die im Fern- und Verteilerverkehr g\u00e4ngigen Einsatzf\u00e4lle bedienen.<\/p>\n<figure id=\"attachment_37709\" aria-describedby=\"caption-attachment-37709\" style=\"width: 800px\" class=\"wp-caption aligncenter\"><img loading=\"lazy\" decoding=\"async\" class=\"wp-image-37709\" src=\"https:\/\/static.krafthand-truck.de\/uploads\/2023\/10\/Mercedes_Benz_Trucks_eActros_Zugmaschine-300x180.jpg\" alt=\"\" width=\"800\" height=\"479\" srcset=\"https:\/\/static.krafthand-truck.de\/uploads\/2023\/10\/Mercedes_Benz_Trucks_eActros_Zugmaschine-300x180.jpg 300w, https:\/\/static.krafthand-truck.de\/uploads\/2023\/10\/Mercedes_Benz_Trucks_eActros_Zugmaschine-1024x613.jpg 1024w, https:\/\/static.krafthand-truck.de\/uploads\/2023\/10\/Mercedes_Benz_Trucks_eActros_Zugmaschine-768x460.jpg 768w, https:\/\/static.krafthand-truck.de\/uploads\/2023\/10\/Mercedes_Benz_Trucks_eActros_Zugmaschine.jpg 1200w\" sizes=\"(max-width: 800px) 100vw, 800px\" \/><figcaption id=\"caption-attachment-37709\" class=\"wp-caption-text\">Der Mercedes-Stern des eActros dient auch als Griffmulde und wirkt sehr gro\u00df. Tats\u00e4chlich ist er genauso gro\u00df wie beim klassischen Actros.<\/figcaption><\/figure>\n<h3>Acoustic Vehicle Alerting System (AVAS)<\/h3>\n<p>Der eActros 600 ist, was dem Abtrieb geschuldet ist, vergleichsweise ger\u00e4uscharm unterwegs. Damit ungesch\u00fctzte Verkehrsteilnehmer wie Fu\u00dfg\u00e4nger oder Radfahrer den Elektro-Lkw in ihrem Umfeld trotzdem wahrnehmen, ist er \u2013 entsprechend gesetzlichen Vorgaben \u2013 mit einem externen Acoustic Vehicle Alerting System (AVAS) ausgestattet. Je nach Fahrbedingung werden dabei T\u00f6ne f\u00fcr die Vorw\u00e4rts- oder die R\u00fcckw\u00e4rtsfahrt abgespielt. Dar\u00fcber hinaus variiert der Sound je nach Fahrgeschwindigkeit und Fahrpedalstellung, sodass eine gute akustische Wahrnehmung im Stadtverkehr m\u00f6glich ist. Das Klangspektrum des im eActros 600 verbauten AVAS ist dabei so konzipiert, dass es der Erscheinung eines schweren Fahrzeugs Rechnung tr\u00e4gt und zu einer besseren Erkennbarkeit im Stadtverkehr beitr\u00e4gt.<\/p>\n<h3>Neueste Assistenzsysteme<\/h3>\n<figure id=\"attachment_37711\" aria-describedby=\"caption-attachment-37711\" style=\"width: 420px\" class=\"wp-caption alignleft\"><a href=\"https:\/\/static.krafthand-truck.de\/uploads\/2023\/10\/Mercedes_Benz_Trucks_eActros_Mirror_Cam.jpg\" target=\"_blank\" rel=\"noopener\"><img loading=\"lazy\" decoding=\"async\" class=\"wp-image-37711\" src=\"https:\/\/static.krafthand-truck.de\/uploads\/2023\/10\/Mercedes_Benz_Trucks_eActros_Mirror_Cam-300x203.jpg\" alt=\"\" width=\"420\" height=\"284\" srcset=\"https:\/\/static.krafthand-truck.de\/uploads\/2023\/10\/Mercedes_Benz_Trucks_eActros_Mirror_Cam-300x203.jpg 300w, https:\/\/static.krafthand-truck.de\/uploads\/2023\/10\/Mercedes_Benz_Trucks_eActros_Mirror_Cam-1024x693.jpg 1024w, https:\/\/static.krafthand-truck.de\/uploads\/2023\/10\/Mercedes_Benz_Trucks_eActros_Mirror_Cam-768x520.jpg 768w, https:\/\/static.krafthand-truck.de\/uploads\/2023\/10\/Mercedes_Benz_Trucks_eActros_Mirror_Cam.jpg 1200w\" sizes=\"(max-width: 420px) 100vw, 420px\" \/><\/a><figcaption id=\"caption-attachment-37711\" class=\"wp-caption-text\">Der eActros verf\u00fcgt \u00fcber die neueste Generation der Mirror-Cam. Kameras an der Fahrzeug-Au\u00dfenseite ersetzen die gro\u00dfen Au\u00dfenspiegel und sorgen zus\u00e4tzlich f\u00fcr eine bessere Aerodynamik.<\/figcaption><\/figure>\n<p>Mit dem eActros 600 m\u00f6chte Mercedes-Benz Trucks seine Vision vom unfallfreien Fahren weiter vorantreiben. Die verbauten Sicherheitsassistenzsysteme gehen dabei in vielen Bereichen \u00fcber die gesetzlichen Vorschriften hinaus. Grundlage f\u00fcr die ADAS ist eine komplett neue, leistungsf\u00e4hige Elektronikplattform und damit verbunden die sogenannte Sensorfusion zur Verschmelzung von Radar- und Kameradaten f\u00fcr einen noch gro\u00dffl\u00e4chigeren Blick nach vorne und zur Seite. Die Elektronikplattform bietet zu diesem Zweck eine 20-fach h\u00f6here Datenverarbeitung. Die insgesamt sechs verbauten Sensoren \u2013 4 Short Range Radare und ein Long Range Radar sowie die Multifunktionskamera in der Windschutzscheibe &#8211; decken einen Winkel von 270 Grad um das eigene Fahrzeug herum ab. Der deutlich vergr\u00f6\u00dferte Blickwinkel erh\u00f6ht die Effizienz der Sicherheitsassistenzsysteme \u2013 darunter der Active Brake Assist 6 (ABA 6), der Frontguard Assist, der Active Sideguard Assist 2 (ASGA 2) und der Active Drive Assist 3.<\/p>\n<h3>Gro\u00dfer Wurf<\/h3>\n<p>Daimler-Truck ist mit dem neue eActros tats\u00e4chlich ein gro\u00dfer Wurf gelungen. \u201eDer eActros 600 steht f\u00fcr die Transformation des Stra\u00dfeng\u00fcterverkehrs hin zur CO2-Neutralit\u00e4t wie kein anderer Lkw mit Stern vor ihm. Er zeichnet sich durch eine hochmoderne Antriebstechnologie aus, die sehr hohe Energieeffizienz und damit Profitabilit\u00e4t f\u00fcr unsere Kunden bieten kann\u201c, so Karin R\u00e5dstr\u00f6m, CEO Mercedes-Benz Trucks, bei der Pr\u00e4sentation auf dem Break Autohof in Nordheide. Man darf gespannt sein, wie sich die Verkaufszahlen im Vergleich zur Konkurrenz entwickeln.<\/p>\n<p><i>Den Beitrag finden Sie auch in der Print-Ausgabe 4-2023 der <a href=\"https:\/\/www.krafthand.de\/truck\/magazin\/\" title=\"Zum Magazin\">Krafthand-Truck<\/a>.<\/i><\/p>\r\n\t\t\t\t<div class=\"post-author\">\r\n\t\t\t\t\t<div class=\"khm-cp-author clearfix\">\r\n\t\t\t\t\t\t<div class=\"khm-cp-author__content\">\r\n\t\t\t\t\t\t\t\tKontakt zum Autor:<br \/>\r\n\t\t\t\t\t\t\t\t<strong>Georg Blenk<\/strong>, 08247 \/ 3007-45 |  <a href=\"mailto:georg.blenk@krafthand-medien.de\">georg.blenk@krafthand-medien.de<\/a>\r\n\t\t\t\t\t\t\t<div class=\"khm-cp-author__image\">\r\n\t\t\t\t\t\t<img src=\"https:\/\/static.krafthand-truck.de\/uploads\/2021\/01\/Blenk_6104-250x300-1-removebg-preview.png\" class=\"img-responsive\">\r\n\t\t\t\t\t<\/div>\r\n\t\t\t\t\t\t<\/div>\r\n\t\t\t\t\t<\/div>\r\n\t\t\t\t<\/div>\r\n\t\t\t\t","protected":false},"excerpt":{"rendered":"<p>Anfang Oktober hat Mercedes-Benz Trucks die Serienversion des batterieelektrischen Fernverkehrs-Lkw eActros 600 vorgestellt. Die Weltpremiere fand s\u00fcdlich von Hamburg auf dem Break Autohof Nordheide, direkt an der A7 statt. Wir haben die wichtigsten Fakten zum neuen 600er zusammengestellt. <span class=\"excerpt-more__dots\">&#8230;<\/span> <a class=\"excerpt-more__link\" href=\"https:\/\/www.krafthand.de\/truck\/artikel\/stromlinien-und-viel-power-der-neue-eactros-600-37698\/\" >weiter<\/a><\/p>\n","protected":false},"author":9,"featured_media":37700,"comment_status":"closed","ping_status":"closed","sticky":false,"template":"","format":"standard","meta":{"footnotes":""},"categories":[4224,4915],"tags":[4511,5762,4492,5730,3717,5761],"settings":[3524,4766,3523],"class_list":["post-37698","post","type-post","status-publish","format-standard","has-post-thumbnail","hentry","category-e-antrieb","category-neue-fahrzeuge","tag-bev","tag-catl","tag-daimler-truck","tag-eactros-600","tag-etruck","tag-lfp-batterien"],"yoast_head":"<!-- This site is optimized with the Yoast SEO plugin v27.3 - https:\/\/yoast.com\/product\/yoast-seo-wordpress\/ -->\n<title>Stromlinien - der neue eActros 600 - Krafthand-Truck<\/title>\n<meta name=\"description\" content=\"Anfang Oktober hat Mercedes-Benz Trucks die Serienversion des batterieelektrischen Fernverkehrs-Lkw eActros 600 vorgestellt.\" \/>\n<meta name=\"robots\" content=\"index, follow, max-snippet:-1, max-image-preview:large, max-video-preview:-1\" \/>\n<link rel=\"canonical\" href=\"https:\/\/www.krafthand.de\/truck\/artikel\/stromlinien-und-viel-power-der-neue-eactros-600-37698\/\" \/>\n<meta property=\"og:locale\" content=\"de_DE\" \/>\n<meta property=\"og:type\" content=\"article\" \/>\n<meta property=\"og:title\" content=\"Stromlinien - der neue eActros 600 - Krafthand-Truck\" \/>\n<meta property=\"og:description\" content=\"Anfang Oktober hat Mercedes-Benz Trucks die Serienversion des batterieelektrischen Fernverkehrs-Lkw eActros 600 vorgestellt.\" \/>\n<meta property=\"og:url\" content=\"https:\/\/www.krafthand-truck.de\/artikel\/stromlinien-und-viel-power-der-neue-eactros-600-37698\/\" \/>\n<meta property=\"og:site_name\" content=\"Krafthand-Truck\" \/>\n<meta property=\"article:published_time\" content=\"2023-10-18T10:15:01+00:00\" \/>\n<meta property=\"article:modified_time\" content=\"2023-10-18T10:41:14+00:00\" \/>\n<meta property=\"og:image\" content=\"https:\/\/static.krafthand-truck.de\/uploads\/2023\/10\/Mercedes_Benz_Trucks_eActros_01.jpg\" \/>\n\t<meta property=\"og:image:width\" content=\"1200\" \/>\n\t<meta property=\"og:image:height\" content=\"675\" \/>\n\t<meta property=\"og:image:type\" content=\"image\/jpeg\" \/>\n<meta name=\"author\" content=\"georg.blenk@krafthand-medien.de\" \/>\n<meta name=\"twitter:card\" content=\"summary_large_image\" \/>\n<meta name=\"twitter:label1\" content=\"Verfasst von\" \/>\n\t<meta name=\"twitter:data1\" content=\"georg.blenk@krafthand-medien.de\" \/>\n\t<meta name=\"twitter:label2\" content=\"Gesch\u00e4tzte Lesezeit\" \/>\n\t<meta name=\"twitter:data2\" content=\"10\u00a0Minuten\" \/>\n<script type=\"application\/ld+json\" class=\"yoast-schema-graph\">{\"@context\":\"https:\\\/\\\/schema.org\",\"@graph\":[{\"@type\":\"Article\",\"@id\":\"https:\\\/\\\/www.krafthand.de\\\/truck\\\/artikel\\\/stromlinien-und-viel-power-der-neue-eactros-600-37698\\\/#article\",\"isPartOf\":{\"@id\":\"https:\\\/\\\/www.krafthand.de\\\/truck\\\/artikel\\\/stromlinien-und-viel-power-der-neue-eactros-600-37698\\\/\"},\"author\":{\"name\":\"georg.blenk@krafthand-medien.de\",\"@id\":\"https:\\\/\\\/www.krafthand.de\\\/truck\\\/#\\\/schema\\\/person\\\/51fa80b1c57034c4bf63f9f988fc24ce\"},\"headline\":\"Stromlinien &#8211; der neue eActros 600\",\"datePublished\":\"2023-10-18T10:15:01+00:00\",\"dateModified\":\"2023-10-18T10:41:14+00:00\",\"mainEntityOfPage\":{\"@id\":\"https:\\\/\\\/www.krafthand.de\\\/truck\\\/artikel\\\/stromlinien-und-viel-power-der-neue-eactros-600-37698\\\/\"},\"wordCount\":1573,\"image\":{\"@id\":\"https:\\\/\\\/www.krafthand.de\\\/truck\\\/artikel\\\/stromlinien-und-viel-power-der-neue-eactros-600-37698\\\/#primaryimage\"},\"thumbnailUrl\":\"https:\\\/\\\/static.krafthand-truck.de\\\/uploads\\\/2023\\\/10\\\/Mercedes_Benz_Trucks_eActros_01.jpg\",\"keywords\":[\"BEV\",\"CATL\",\"Daimler Truck\",\"eActros 600\",\"eTruck\",\"LFP-Batterien\"],\"articleSection\":[\"E-Antrieb (BEV\\\/FCEV)\",\"Neue Fahrzeuge\"],\"inLanguage\":\"de\"},{\"@type\":\"WebPage\",\"@id\":\"https:\\\/\\\/www.krafthand.de\\\/truck\\\/artikel\\\/stromlinien-und-viel-power-der-neue-eactros-600-37698\\\/\",\"url\":\"https:\\\/\\\/www.krafthand.de\\\/truck\\\/artikel\\\/stromlinien-und-viel-power-der-neue-eactros-600-37698\\\/\",\"name\":\"Stromlinien - der neue eActros 600 - Krafthand-Truck\",\"isPartOf\":{\"@id\":\"https:\\\/\\\/www.krafthand.de\\\/truck\\\/#website\"},\"primaryImageOfPage\":{\"@id\":\"https:\\\/\\\/www.krafthand.de\\\/truck\\\/artikel\\\/stromlinien-und-viel-power-der-neue-eactros-600-37698\\\/#primaryimage\"},\"image\":{\"@id\":\"https:\\\/\\\/www.krafthand.de\\\/truck\\\/artikel\\\/stromlinien-und-viel-power-der-neue-eactros-600-37698\\\/#primaryimage\"},\"thumbnailUrl\":\"https:\\\/\\\/static.krafthand-truck.de\\\/uploads\\\/2023\\\/10\\\/Mercedes_Benz_Trucks_eActros_01.jpg\",\"datePublished\":\"2023-10-18T10:15:01+00:00\",\"dateModified\":\"2023-10-18T10:41:14+00:00\",\"author\":{\"@id\":\"https:\\\/\\\/www.krafthand.de\\\/truck\\\/#\\\/schema\\\/person\\\/51fa80b1c57034c4bf63f9f988fc24ce\"},\"description\":\"Anfang Oktober hat Mercedes-Benz Trucks die Serienversion des batterieelektrischen Fernverkehrs-Lkw eActros 600 vorgestellt.\",\"breadcrumb\":{\"@id\":\"https:\\\/\\\/www.krafthand.de\\\/truck\\\/artikel\\\/stromlinien-und-viel-power-der-neue-eactros-600-37698\\\/#breadcrumb\"},\"inLanguage\":\"de\",\"potentialAction\":[{\"@type\":\"ReadAction\",\"target\":[\"https:\\\/\\\/www.krafthand.de\\\/truck\\\/artikel\\\/stromlinien-und-viel-power-der-neue-eactros-600-37698\\\/\"]}]},{\"@type\":\"ImageObject\",\"inLanguage\":\"de\",\"@id\":\"https:\\\/\\\/www.krafthand.de\\\/truck\\\/artikel\\\/stromlinien-und-viel-power-der-neue-eactros-600-37698\\\/#primaryimage\",\"url\":\"https:\\\/\\\/static.krafthand-truck.de\\\/uploads\\\/2023\\\/10\\\/Mercedes_Benz_Trucks_eActros_01.jpg\",\"contentUrl\":\"https:\\\/\\\/static.krafthand-truck.de\\\/uploads\\\/2023\\\/10\\\/Mercedes_Benz_Trucks_eActros_01.jpg\",\"width\":1200,\"height\":675,\"caption\":\"Klare Linien mit Widererkennungswert: Der eActros 600 kommt in einer neuen Designsprache und aerodynamisch optimiert daher. Bilder: Daimler-Truck AG\"},{\"@type\":\"BreadcrumbList\",\"@id\":\"https:\\\/\\\/www.krafthand.de\\\/truck\\\/artikel\\\/stromlinien-und-viel-power-der-neue-eactros-600-37698\\\/#breadcrumb\",\"itemListElement\":[{\"@type\":\"ListItem\",\"position\":1,\"name\":\"Krafthand-Truck\",\"item\":\"https:\\\/\\\/www.krafthand.de\\\/truck\\\/\"},{\"@type\":\"ListItem\",\"position\":2,\"name\":\"IT+Fuhrpark\",\"item\":\"https:\\\/\\\/www.krafthand.de\\\/truck\\\/kategorie\\\/fuhrpark\\\/\"},{\"@type\":\"ListItem\",\"position\":3,\"name\":\"Neue Fahrzeuge\",\"item\":\"https:\\\/\\\/www.krafthand.de\\\/truck\\\/kategorie\\\/fuhrpark\\\/neue-fahrzeuge\\\/\"},{\"@type\":\"ListItem\",\"position\":4,\"name\":\"Stromlinien &#8211; der neue eActros 600\"}]},{\"@type\":\"WebSite\",\"@id\":\"https:\\\/\\\/www.krafthand.de\\\/truck\\\/#website\",\"url\":\"https:\\\/\\\/www.krafthand.de\\\/truck\\\/\",\"name\":\"Krafthand-Truck\",\"description\":\"\",\"potentialAction\":[{\"@type\":\"SearchAction\",\"target\":{\"@type\":\"EntryPoint\",\"urlTemplate\":\"https:\\\/\\\/www.krafthand.de\\\/truck\\\/?s={search_term_string}\"},\"query-input\":{\"@type\":\"PropertyValueSpecification\",\"valueRequired\":true,\"valueName\":\"search_term_string\"}}],\"inLanguage\":\"de\"},{\"@type\":\"Person\",\"@id\":\"https:\\\/\\\/www.krafthand.de\\\/truck\\\/#\\\/schema\\\/person\\\/51fa80b1c57034c4bf63f9f988fc24ce\",\"name\":\"georg.blenk@krafthand-medien.de\",\"image\":{\"@type\":\"ImageObject\",\"inLanguage\":\"de\",\"@id\":\"https:\\\/\\\/secure.gravatar.com\\\/avatar\\\/93713c30affe0aa95d3a4130e499bb1abee2eb31adbdd9ce2aa1543538490215?s=96&d=mm&r=g\",\"url\":\"https:\\\/\\\/secure.gravatar.com\\\/avatar\\\/93713c30affe0aa95d3a4130e499bb1abee2eb31adbdd9ce2aa1543538490215?s=96&d=mm&r=g\",\"contentUrl\":\"https:\\\/\\\/secure.gravatar.com\\\/avatar\\\/93713c30affe0aa95d3a4130e499bb1abee2eb31adbdd9ce2aa1543538490215?s=96&d=mm&r=g\",\"caption\":\"georg.blenk@krafthand-medien.de\"}}]}<\/script>\n<!-- \/ Yoast SEO plugin. -->","yoast_head_json":{"title":"Stromlinien - der neue eActros 600 - Krafthand-Truck","description":"Anfang Oktober hat Mercedes-Benz Trucks die Serienversion des batterieelektrischen Fernverkehrs-Lkw eActros 600 vorgestellt.","robots":{"index":"index","follow":"follow","max-snippet":"max-snippet:-1","max-image-preview":"max-image-preview:large","max-video-preview":"max-video-preview:-1"},"canonical":"https:\/\/www.krafthand.de\/truck\/artikel\/stromlinien-und-viel-power-der-neue-eactros-600-37698\/","og_locale":"de_DE","og_type":"article","og_title":"Stromlinien - der neue eActros 600 - Krafthand-Truck","og_description":"Anfang Oktober hat Mercedes-Benz Trucks die Serienversion des batterieelektrischen Fernverkehrs-Lkw eActros 600 vorgestellt.","og_url":"https:\/\/www.krafthand-truck.de\/artikel\/stromlinien-und-viel-power-der-neue-eactros-600-37698\/","og_site_name":"Krafthand-Truck","article_published_time":"2023-10-18T10:15:01+00:00","article_modified_time":"2023-10-18T10:41:14+00:00","og_image":[{"width":1200,"height":675,"url":"https:\/\/static.krafthand-truck.de\/uploads\/2023\/10\/Mercedes_Benz_Trucks_eActros_01.jpg","type":"image\/jpeg"}],"author":"georg.blenk@krafthand-medien.de","twitter_card":"summary_large_image","twitter_misc":{"Verfasst von":"georg.blenk@krafthand-medien.de","Gesch\u00e4tzte Lesezeit":"10\u00a0Minuten"},"schema":{"@context":"https:\/\/schema.org","@graph":[{"@type":"Article","@id":"https:\/\/www.krafthand.de\/truck\/artikel\/stromlinien-und-viel-power-der-neue-eactros-600-37698\/#article","isPartOf":{"@id":"https:\/\/www.krafthand.de\/truck\/artikel\/stromlinien-und-viel-power-der-neue-eactros-600-37698\/"},"author":{"name":"georg.blenk@krafthand-medien.de","@id":"https:\/\/www.krafthand.de\/truck\/#\/schema\/person\/51fa80b1c57034c4bf63f9f988fc24ce"},"headline":"Stromlinien &#8211; der neue eActros 600","datePublished":"2023-10-18T10:15:01+00:00","dateModified":"2023-10-18T10:41:14+00:00","mainEntityOfPage":{"@id":"https:\/\/www.krafthand.de\/truck\/artikel\/stromlinien-und-viel-power-der-neue-eactros-600-37698\/"},"wordCount":1573,"image":{"@id":"https:\/\/www.krafthand.de\/truck\/artikel\/stromlinien-und-viel-power-der-neue-eactros-600-37698\/#primaryimage"},"thumbnailUrl":"https:\/\/static.krafthand-truck.de\/uploads\/2023\/10\/Mercedes_Benz_Trucks_eActros_01.jpg","keywords":["BEV","CATL","Daimler Truck","eActros 600","eTruck","LFP-Batterien"],"articleSection":["E-Antrieb (BEV\/FCEV)","Neue Fahrzeuge"],"inLanguage":"de"},{"@type":"WebPage","@id":"https:\/\/www.krafthand.de\/truck\/artikel\/stromlinien-und-viel-power-der-neue-eactros-600-37698\/","url":"https:\/\/www.krafthand.de\/truck\/artikel\/stromlinien-und-viel-power-der-neue-eactros-600-37698\/","name":"Stromlinien - der neue eActros 600 - Krafthand-Truck","isPartOf":{"@id":"https:\/\/www.krafthand.de\/truck\/#website"},"primaryImageOfPage":{"@id":"https:\/\/www.krafthand.de\/truck\/artikel\/stromlinien-und-viel-power-der-neue-eactros-600-37698\/#primaryimage"},"image":{"@id":"https:\/\/www.krafthand.de\/truck\/artikel\/stromlinien-und-viel-power-der-neue-eactros-600-37698\/#primaryimage"},"thumbnailUrl":"https:\/\/static.krafthand-truck.de\/uploads\/2023\/10\/Mercedes_Benz_Trucks_eActros_01.jpg","datePublished":"2023-10-18T10:15:01+00:00","dateModified":"2023-10-18T10:41:14+00:00","author":{"@id":"https:\/\/www.krafthand.de\/truck\/#\/schema\/person\/51fa80b1c57034c4bf63f9f988fc24ce"},"description":"Anfang Oktober hat Mercedes-Benz Trucks die Serienversion des batterieelektrischen Fernverkehrs-Lkw eActros 600 vorgestellt.","breadcrumb":{"@id":"https:\/\/www.krafthand.de\/truck\/artikel\/stromlinien-und-viel-power-der-neue-eactros-600-37698\/#breadcrumb"},"inLanguage":"de","potentialAction":[{"@type":"ReadAction","target":["https:\/\/www.krafthand.de\/truck\/artikel\/stromlinien-und-viel-power-der-neue-eactros-600-37698\/"]}]},{"@type":"ImageObject","inLanguage":"de","@id":"https:\/\/www.krafthand.de\/truck\/artikel\/stromlinien-und-viel-power-der-neue-eactros-600-37698\/#primaryimage","url":"https:\/\/static.krafthand-truck.de\/uploads\/2023\/10\/Mercedes_Benz_Trucks_eActros_01.jpg","contentUrl":"https:\/\/static.krafthand-truck.de\/uploads\/2023\/10\/Mercedes_Benz_Trucks_eActros_01.jpg","width":1200,"height":675,"caption":"Klare Linien mit Widererkennungswert: Der eActros 600 kommt in einer neuen Designsprache und aerodynamisch optimiert daher. Bilder: Daimler-Truck AG"},{"@type":"BreadcrumbList","@id":"https:\/\/www.krafthand.de\/truck\/artikel\/stromlinien-und-viel-power-der-neue-eactros-600-37698\/#breadcrumb","itemListElement":[{"@type":"ListItem","position":1,"name":"Krafthand-Truck","item":"https:\/\/www.krafthand.de\/truck\/"},{"@type":"ListItem","position":2,"name":"IT+Fuhrpark","item":"https:\/\/www.krafthand.de\/truck\/kategorie\/fuhrpark\/"},{"@type":"ListItem","position":3,"name":"Neue Fahrzeuge","item":"https:\/\/www.krafthand.de\/truck\/kategorie\/fuhrpark\/neue-fahrzeuge\/"},{"@type":"ListItem","position":4,"name":"Stromlinien &#8211; der neue eActros 600"}]},{"@type":"WebSite","@id":"https:\/\/www.krafthand.de\/truck\/#website","url":"https:\/\/www.krafthand.de\/truck\/","name":"Krafthand-Truck","description":"","potentialAction":[{"@type":"SearchAction","target":{"@type":"EntryPoint","urlTemplate":"https:\/\/www.krafthand.de\/truck\/?s={search_term_string}"},"query-input":{"@type":"PropertyValueSpecification","valueRequired":true,"valueName":"search_term_string"}}],"inLanguage":"de"},{"@type":"Person","@id":"https:\/\/www.krafthand.de\/truck\/#\/schema\/person\/51fa80b1c57034c4bf63f9f988fc24ce","name":"georg.blenk@krafthand-medien.de","image":{"@type":"ImageObject","inLanguage":"de","@id":"https:\/\/secure.gravatar.com\/avatar\/93713c30affe0aa95d3a4130e499bb1abee2eb31adbdd9ce2aa1543538490215?s=96&d=mm&r=g","url":"https:\/\/secure.gravatar.com\/avatar\/93713c30affe0aa95d3a4130e499bb1abee2eb31adbdd9ce2aa1543538490215?s=96&d=mm&r=g","contentUrl":"https:\/\/secure.gravatar.com\/avatar\/93713c30affe0aa95d3a4130e499bb1abee2eb31adbdd9ce2aa1543538490215?s=96&d=mm&r=g","caption":"georg.blenk@krafthand-medien.de"}}]}},"_links":{"self":[{"href":"https:\/\/www.krafthand.de\/truck\/wp-json\/wp\/v2\/posts\/37698","targetHints":{"allow":["GET"]}}],"collection":[{"href":"https:\/\/www.krafthand.de\/truck\/wp-json\/wp\/v2\/posts"}],"about":[{"href":"https:\/\/www.krafthand.de\/truck\/wp-json\/wp\/v2\/types\/post"}],"author":[{"embeddable":true,"href":"https:\/\/www.krafthand.de\/truck\/wp-json\/wp\/v2\/users\/9"}],"replies":[{"embeddable":true,"href":"https:\/\/www.krafthand.de\/truck\/wp-json\/wp\/v2\/comments?post=37698"}],"version-history":[{"count":9,"href":"https:\/\/www.krafthand.de\/truck\/wp-json\/wp\/v2\/posts\/37698\/revisions"}],"predecessor-version":[{"id":37714,"href":"https:\/\/www.krafthand.de\/truck\/wp-json\/wp\/v2\/posts\/37698\/revisions\/37714"}],"wp:featuredmedia":[{"embeddable":true,"href":"https:\/\/www.krafthand.de\/truck\/wp-json\/wp\/v2\/media\/37700"}],"wp:attachment":[{"href":"https:\/\/www.krafthand.de\/truck\/wp-json\/wp\/v2\/media?parent=37698"}],"wp:term":[{"taxonomy":"category","embeddable":true,"href":"https:\/\/www.krafthand.de\/truck\/wp-json\/wp\/v2\/categories?post=37698"},{"taxonomy":"post_tag","embeddable":true,"href":"https:\/\/www.krafthand.de\/truck\/wp-json\/wp\/v2\/tags?post=37698"},{"taxonomy":"settings","embeddable":true,"href":"https:\/\/www.krafthand.de\/truck\/wp-json\/wp\/v2\/settings?post=37698"}],"curies":[{"name":"wp","href":"https:\/\/api.w.org\/{rel}","templated":true}]}}