{"id":37687,"date":"2023-10-16T16:05:19","date_gmt":"2023-10-16T14:05:19","guid":{"rendered":"https:\/\/www.krafthand.de\/truck\/?p=37687"},"modified":"2023-10-16T16:10:01","modified_gmt":"2023-10-16T14:10:01","slug":"mal-was-anderes-mahle-upcycling-rucksack-aus-alten-airbags-sitzgurten","status":"publish","type":"post","link":"https:\/\/www.krafthand.de\/truck\/artikel\/mal-was-anderes-mahle-upcycling-rucksack-aus-alten-airbags-sitzgurten-37687\/","title":{"rendered":"Mal was anderes: Mahle-Upcycling Rucksack aus alten Airbags &#038; Sitzgurten"},"content":{"rendered":"<p>Eine gute Idee hatte k\u00fcrzlich die Marketing-Abteilung von Mahle. Im hauseigenen Fanshop bietet der schw\u00e4bische Automobilzulieferer jetzt einen Rucksack im Mahle-Design an, der aus\u00a0 recycelten Airbag-Stoffen, Sicherheitsgurten und Gurtschl\u00f6ssern gefertigt ist. Das Material des &#8218;Airpaq&#8216; besteht demnach aus langlebigem und rei\u00dffesten Stoff sowie aus wasserabweisenden Material. Die Komponenten sind Abfallprodukte der Automobilindustrie, beziehungsweise aus 597 g Autoschrott.<\/p>\n<p>Innen hat laut Mahle ein 16&#8243;-Laptop Platz. Der &#8218;Airpaq&#8216; verf\u00fcgt zus\u00e4tzlich \u00fcber ein verschlie\u00dfbares Au\u00dfenfach und zwei zus\u00e4tzliche Innenf\u00e4cher. Insgesamt bringt es der Rucksack auf 19 Liter Gesamtvolumen, bei einem Gewicht von 800 g. An den Henkeln ist ein magnetischer Verschluss angebracht. Der &#8218;Airpaq&#8216; ist 28 cm breit, 42 cm hoch und 14 cm tief. Eine saubere Sache. Allerdings ist der Preis mit <a href=\"https:\/\/fanshop.mahle.com\/promotion\/taschen-rucksaecke\/541\/upcycling-rucksack-aus-airbags-sitzgurten?c=142\" target=\"_blank\" rel=\"noopener\">89,15 Euro<\/a> auch nicht ganz ohne.<\/p>\n<div class=\"in-article ad\" data-track-content data-content-name=\"In Artikel Banner\" data-content-piece=\"Mal was anderes: Mahle-Upcycling Rucksack aus alten Airbags &#038; Sitzgurten - 37687\"><ins data-revive-zoneid=\"38\" data-revive-id=\"04237dfbc3c6f3bc11c0af02bebcbeab\"><\/ins><\/div>\n","protected":false},"excerpt":{"rendered":"<p>Eine gute Idee hatte k\u00fcrzlich die Marketing-Abteilung von Mahle. Im hauseigenen Fanshop bietet der schw\u00e4bische Automobilzulieferer jetzt einen Rucksack im Mahle-Design an, der aus\u00a0 recycelten Airbag-Stoffen, Sicherheitsgurten und Gurtschl\u00f6ssern gefertigt ist. <span class=\"excerpt-more__dots\">&#8230;<\/span> <a class=\"excerpt-more__link\" href=\"https:\/\/www.krafthand.de\/truck\/artikel\/mal-was-anderes-mahle-upcycling-rucksack-aus-alten-airbags-sitzgurten-37687\/\" >weiter<\/a><\/p>\n","protected":false},"author":9,"featured_media":37692,"comment_status":"closed","ping_status":"closed","sticky":false,"template":"","format":"standard","meta":{"footnotes":""},"categories":[4235],"tags":[5760,5759,1401,4110,5758,505],"settings":[3523],"class_list":["post-37687","post","type-post","status-publish","format-standard","has-post-thumbnail","hentry","category-unternehmen","tag-airbag","tag-airpaq","tag-mahle","tag-recycling","tag-rucksack","tag-sicherheitsgurt"],"yoast_head":"<!-- This site is optimized with the Yoast SEO plugin v27.3 - https:\/\/yoast.com\/product\/yoast-seo-wordpress\/ -->\n<title>Mal was anderes: Mahle-Upcycling Rucksack aus alten Airbags &amp; Sitzgurten - Krafthand-Truck<\/title>\n<meta name=\"description\" content=\"Im Fanshop bietet der Mahle einen Rucksack an, der aus\u00a0 recycelten Airbag-Stoffen, Sicherheitsgurten und Gurtschl\u00f6ssern gefertigt ist.\" \/>\n<meta name=\"robots\" content=\"index, follow, max-snippet:-1, max-image-preview:large, max-video-preview:-1\" \/>\n<link rel=\"canonical\" href=\"https:\/\/www.krafthand.de\/truck\/artikel\/mal-was-anderes-mahle-upcycling-rucksack-aus-alten-airbags-sitzgurten-37687\/\" \/>\n<meta property=\"og:locale\" content=\"de_DE\" \/>\n<meta property=\"og:type\" content=\"article\" \/>\n<meta property=\"og:title\" content=\"Mal was anderes: Mahle-Upcycling Rucksack aus alten Airbags &amp; Sitzgurten - Krafthand-Truck\" \/>\n<meta property=\"og:description\" content=\"Im Fanshop bietet der Mahle einen Rucksack an, der aus\u00a0 recycelten Airbag-Stoffen, Sicherheitsgurten und Gurtschl\u00f6ssern gefertigt ist.\" \/>\n<meta property=\"og:url\" content=\"https:\/\/www.krafthand-truck.de\/artikel\/mal-was-anderes-mahle-upcycling-rucksack-aus-alten-airbags-sitzgurten-37687\/\" \/>\n<meta property=\"og:site_name\" content=\"Krafthand-Truck\" \/>\n<meta property=\"article:published_time\" content=\"2023-10-16T14:05:19+00:00\" \/>\n<meta property=\"article:modified_time\" content=\"2023-10-16T14:10:01+00:00\" \/>\n<meta property=\"og:image\" content=\"https:\/\/static.krafthand-truck.de\/uploads\/2023\/10\/Mahle_Airpaq_Rucksack.jpg\" \/>\n\t<meta property=\"og:image:width\" content=\"1757\" \/>\n\t<meta property=\"og:image:height\" content=\"1207\" \/>\n\t<meta property=\"og:image:type\" content=\"image\/jpeg\" \/>\n<meta name=\"author\" content=\"georg.blenk@krafthand-medien.de\" \/>\n<meta name=\"twitter:card\" content=\"summary_large_image\" \/>\n<meta name=\"twitter:label1\" content=\"Verfasst von\" \/>\n\t<meta name=\"twitter:data1\" content=\"georg.blenk@krafthand-medien.de\" \/>\n\t<meta name=\"twitter:label2\" content=\"Gesch\u00e4tzte Lesezeit\" \/>\n\t<meta name=\"twitter:data2\" content=\"1\u00a0Minute\" \/>\n<script type=\"application\/ld+json\" class=\"yoast-schema-graph\">{\"@context\":\"https:\\\/\\\/schema.org\",\"@graph\":[{\"@type\":\"Article\",\"@id\":\"https:\\\/\\\/www.krafthand.de\\\/truck\\\/artikel\\\/mal-was-anderes-mahle-upcycling-rucksack-aus-alten-airbags-sitzgurten-37687\\\/#article\",\"isPartOf\":{\"@id\":\"https:\\\/\\\/www.krafthand.de\\\/truck\\\/artikel\\\/mal-was-anderes-mahle-upcycling-rucksack-aus-alten-airbags-sitzgurten-37687\\\/\"},\"author\":{\"name\":\"georg.blenk@krafthand-medien.de\",\"@id\":\"https:\\\/\\\/www.krafthand.de\\\/truck\\\/#\\\/schema\\\/person\\\/51fa80b1c57034c4bf63f9f988fc24ce\"},\"headline\":\"Mal was anderes: Mahle-Upcycling Rucksack aus alten Airbags &#038; Sitzgurten\",\"datePublished\":\"2023-10-16T14:05:19+00:00\",\"dateModified\":\"2023-10-16T14:10:01+00:00\",\"mainEntityOfPage\":{\"@id\":\"https:\\\/\\\/www.krafthand.de\\\/truck\\\/artikel\\\/mal-was-anderes-mahle-upcycling-rucksack-aus-alten-airbags-sitzgurten-37687\\\/\"},\"wordCount\":141,\"image\":{\"@id\":\"https:\\\/\\\/www.krafthand.de\\\/truck\\\/artikel\\\/mal-was-anderes-mahle-upcycling-rucksack-aus-alten-airbags-sitzgurten-37687\\\/#primaryimage\"},\"thumbnailUrl\":\"https:\\\/\\\/static.krafthand-truck.de\\\/uploads\\\/2023\\\/10\\\/Mahle_Airpaq_Rucksack.jpg\",\"keywords\":[\"Airbag\",\"Airpaq\",\"Mahle\",\"Recycling\",\"Rucksack\",\"Sicherheitsgurt\"],\"articleSection\":[\"Unternehmen\"],\"inLanguage\":\"de\"},{\"@type\":\"WebPage\",\"@id\":\"https:\\\/\\\/www.krafthand.de\\\/truck\\\/artikel\\\/mal-was-anderes-mahle-upcycling-rucksack-aus-alten-airbags-sitzgurten-37687\\\/\",\"url\":\"https:\\\/\\\/www.krafthand.de\\\/truck\\\/artikel\\\/mal-was-anderes-mahle-upcycling-rucksack-aus-alten-airbags-sitzgurten-37687\\\/\",\"name\":\"Mal was anderes: Mahle-Upcycling Rucksack aus alten Airbags & Sitzgurten - Krafthand-Truck\",\"isPartOf\":{\"@id\":\"https:\\\/\\\/www.krafthand.de\\\/truck\\\/#website\"},\"primaryImageOfPage\":{\"@id\":\"https:\\\/\\\/www.krafthand.de\\\/truck\\\/artikel\\\/mal-was-anderes-mahle-upcycling-rucksack-aus-alten-airbags-sitzgurten-37687\\\/#primaryimage\"},\"image\":{\"@id\":\"https:\\\/\\\/www.krafthand.de\\\/truck\\\/artikel\\\/mal-was-anderes-mahle-upcycling-rucksack-aus-alten-airbags-sitzgurten-37687\\\/#primaryimage\"},\"thumbnailUrl\":\"https:\\\/\\\/static.krafthand-truck.de\\\/uploads\\\/2023\\\/10\\\/Mahle_Airpaq_Rucksack.jpg\",\"datePublished\":\"2023-10-16T14:05:19+00:00\",\"dateModified\":\"2023-10-16T14:10:01+00:00\",\"author\":{\"@id\":\"https:\\\/\\\/www.krafthand.de\\\/truck\\\/#\\\/schema\\\/person\\\/51fa80b1c57034c4bf63f9f988fc24ce\"},\"description\":\"Im Fanshop bietet der Mahle einen Rucksack an, der aus\u00a0 recycelten Airbag-Stoffen, Sicherheitsgurten und Gurtschl\u00f6ssern gefertigt ist.\",\"breadcrumb\":{\"@id\":\"https:\\\/\\\/www.krafthand.de\\\/truck\\\/artikel\\\/mal-was-anderes-mahle-upcycling-rucksack-aus-alten-airbags-sitzgurten-37687\\\/#breadcrumb\"},\"inLanguage\":\"de\",\"potentialAction\":[{\"@type\":\"ReadAction\",\"target\":[\"https:\\\/\\\/www.krafthand.de\\\/truck\\\/artikel\\\/mal-was-anderes-mahle-upcycling-rucksack-aus-alten-airbags-sitzgurten-37687\\\/\"]}]},{\"@type\":\"ImageObject\",\"inLanguage\":\"de\",\"@id\":\"https:\\\/\\\/www.krafthand.de\\\/truck\\\/artikel\\\/mal-was-anderes-mahle-upcycling-rucksack-aus-alten-airbags-sitzgurten-37687\\\/#primaryimage\",\"url\":\"https:\\\/\\\/static.krafthand-truck.de\\\/uploads\\\/2023\\\/10\\\/Mahle_Airpaq_Rucksack.jpg\",\"contentUrl\":\"https:\\\/\\\/static.krafthand-truck.de\\\/uploads\\\/2023\\\/10\\\/Mahle_Airpaq_Rucksack.jpg\",\"width\":1757,\"height\":1207},{\"@type\":\"BreadcrumbList\",\"@id\":\"https:\\\/\\\/www.krafthand.de\\\/truck\\\/artikel\\\/mal-was-anderes-mahle-upcycling-rucksack-aus-alten-airbags-sitzgurten-37687\\\/#breadcrumb\",\"itemListElement\":[{\"@type\":\"ListItem\",\"position\":1,\"name\":\"Krafthand-Truck\",\"item\":\"https:\\\/\\\/www.krafthand.de\\\/truck\\\/\"},{\"@type\":\"ListItem\",\"position\":2,\"name\":\"Nfz-Branche\",\"item\":\"https:\\\/\\\/www.krafthand.de\\\/truck\\\/kategorie\\\/branche\\\/\"},{\"@type\":\"ListItem\",\"position\":3,\"name\":\"Unternehmen\",\"item\":\"https:\\\/\\\/www.krafthand.de\\\/truck\\\/kategorie\\\/branche\\\/unternehmen\\\/\"},{\"@type\":\"ListItem\",\"position\":4,\"name\":\"Mal was anderes: Mahle-Upcycling Rucksack aus alten Airbags &#038; Sitzgurten\"}]},{\"@type\":\"WebSite\",\"@id\":\"https:\\\/\\\/www.krafthand.de\\\/truck\\\/#website\",\"url\":\"https:\\\/\\\/www.krafthand.de\\\/truck\\\/\",\"name\":\"Krafthand-Truck\",\"description\":\"\",\"potentialAction\":[{\"@type\":\"SearchAction\",\"target\":{\"@type\":\"EntryPoint\",\"urlTemplate\":\"https:\\\/\\\/www.krafthand.de\\\/truck\\\/?s={search_term_string}\"},\"query-input\":{\"@type\":\"PropertyValueSpecification\",\"valueRequired\":true,\"valueName\":\"search_term_string\"}}],\"inLanguage\":\"de\"},{\"@type\":\"Person\",\"@id\":\"https:\\\/\\\/www.krafthand.de\\\/truck\\\/#\\\/schema\\\/person\\\/51fa80b1c57034c4bf63f9f988fc24ce\",\"name\":\"georg.blenk@krafthand-medien.de\",\"image\":{\"@type\":\"ImageObject\",\"inLanguage\":\"de\",\"@id\":\"https:\\\/\\\/secure.gravatar.com\\\/avatar\\\/93713c30affe0aa95d3a4130e499bb1abee2eb31adbdd9ce2aa1543538490215?s=96&d=mm&r=g\",\"url\":\"https:\\\/\\\/secure.gravatar.com\\\/avatar\\\/93713c30affe0aa95d3a4130e499bb1abee2eb31adbdd9ce2aa1543538490215?s=96&d=mm&r=g\",\"contentUrl\":\"https:\\\/\\\/secure.gravatar.com\\\/avatar\\\/93713c30affe0aa95d3a4130e499bb1abee2eb31adbdd9ce2aa1543538490215?s=96&d=mm&r=g\",\"caption\":\"georg.blenk@krafthand-medien.de\"}}]}<\/script>\n<!-- \/ Yoast SEO plugin. -->","yoast_head_json":{"title":"Mal was anderes: Mahle-Upcycling Rucksack aus alten Airbags & Sitzgurten - Krafthand-Truck","description":"Im Fanshop bietet der Mahle einen Rucksack an, der aus\u00a0 recycelten Airbag-Stoffen, Sicherheitsgurten und Gurtschl\u00f6ssern gefertigt ist.","robots":{"index":"index","follow":"follow","max-snippet":"max-snippet:-1","max-image-preview":"max-image-preview:large","max-video-preview":"max-video-preview:-1"},"canonical":"https:\/\/www.krafthand.de\/truck\/artikel\/mal-was-anderes-mahle-upcycling-rucksack-aus-alten-airbags-sitzgurten-37687\/","og_locale":"de_DE","og_type":"article","og_title":"Mal was anderes: Mahle-Upcycling Rucksack aus alten Airbags & Sitzgurten - Krafthand-Truck","og_description":"Im Fanshop bietet der Mahle einen Rucksack an, der aus\u00a0 recycelten Airbag-Stoffen, Sicherheitsgurten und Gurtschl\u00f6ssern gefertigt ist.","og_url":"https:\/\/www.krafthand-truck.de\/artikel\/mal-was-anderes-mahle-upcycling-rucksack-aus-alten-airbags-sitzgurten-37687\/","og_site_name":"Krafthand-Truck","article_published_time":"2023-10-16T14:05:19+00:00","article_modified_time":"2023-10-16T14:10:01+00:00","og_image":[{"width":1757,"height":1207,"url":"https:\/\/static.krafthand-truck.de\/uploads\/2023\/10\/Mahle_Airpaq_Rucksack.jpg","type":"image\/jpeg"}],"author":"georg.blenk@krafthand-medien.de","twitter_card":"summary_large_image","twitter_misc":{"Verfasst von":"georg.blenk@krafthand-medien.de","Gesch\u00e4tzte Lesezeit":"1\u00a0Minute"},"schema":{"@context":"https:\/\/schema.org","@graph":[{"@type":"Article","@id":"https:\/\/www.krafthand.de\/truck\/artikel\/mal-was-anderes-mahle-upcycling-rucksack-aus-alten-airbags-sitzgurten-37687\/#article","isPartOf":{"@id":"https:\/\/www.krafthand.de\/truck\/artikel\/mal-was-anderes-mahle-upcycling-rucksack-aus-alten-airbags-sitzgurten-37687\/"},"author":{"name":"georg.blenk@krafthand-medien.de","@id":"https:\/\/www.krafthand.de\/truck\/#\/schema\/person\/51fa80b1c57034c4bf63f9f988fc24ce"},"headline":"Mal was anderes: Mahle-Upcycling Rucksack aus alten Airbags &#038; Sitzgurten","datePublished":"2023-10-16T14:05:19+00:00","dateModified":"2023-10-16T14:10:01+00:00","mainEntityOfPage":{"@id":"https:\/\/www.krafthand.de\/truck\/artikel\/mal-was-anderes-mahle-upcycling-rucksack-aus-alten-airbags-sitzgurten-37687\/"},"wordCount":141,"image":{"@id":"https:\/\/www.krafthand.de\/truck\/artikel\/mal-was-anderes-mahle-upcycling-rucksack-aus-alten-airbags-sitzgurten-37687\/#primaryimage"},"thumbnailUrl":"https:\/\/static.krafthand-truck.de\/uploads\/2023\/10\/Mahle_Airpaq_Rucksack.jpg","keywords":["Airbag","Airpaq","Mahle","Recycling","Rucksack","Sicherheitsgurt"],"articleSection":["Unternehmen"],"inLanguage":"de"},{"@type":"WebPage","@id":"https:\/\/www.krafthand.de\/truck\/artikel\/mal-was-anderes-mahle-upcycling-rucksack-aus-alten-airbags-sitzgurten-37687\/","url":"https:\/\/www.krafthand.de\/truck\/artikel\/mal-was-anderes-mahle-upcycling-rucksack-aus-alten-airbags-sitzgurten-37687\/","name":"Mal was anderes: Mahle-Upcycling Rucksack aus alten Airbags & Sitzgurten - Krafthand-Truck","isPartOf":{"@id":"https:\/\/www.krafthand.de\/truck\/#website"},"primaryImageOfPage":{"@id":"https:\/\/www.krafthand.de\/truck\/artikel\/mal-was-anderes-mahle-upcycling-rucksack-aus-alten-airbags-sitzgurten-37687\/#primaryimage"},"image":{"@id":"https:\/\/www.krafthand.de\/truck\/artikel\/mal-was-anderes-mahle-upcycling-rucksack-aus-alten-airbags-sitzgurten-37687\/#primaryimage"},"thumbnailUrl":"https:\/\/static.krafthand-truck.de\/uploads\/2023\/10\/Mahle_Airpaq_Rucksack.jpg","datePublished":"2023-10-16T14:05:19+00:00","dateModified":"2023-10-16T14:10:01+00:00","author":{"@id":"https:\/\/www.krafthand.de\/truck\/#\/schema\/person\/51fa80b1c57034c4bf63f9f988fc24ce"},"description":"Im Fanshop bietet der Mahle einen Rucksack an, der aus\u00a0 recycelten Airbag-Stoffen, Sicherheitsgurten und Gurtschl\u00f6ssern gefertigt ist.","breadcrumb":{"@id":"https:\/\/www.krafthand.de\/truck\/artikel\/mal-was-anderes-mahle-upcycling-rucksack-aus-alten-airbags-sitzgurten-37687\/#breadcrumb"},"inLanguage":"de","potentialAction":[{"@type":"ReadAction","target":["https:\/\/www.krafthand.de\/truck\/artikel\/mal-was-anderes-mahle-upcycling-rucksack-aus-alten-airbags-sitzgurten-37687\/"]}]},{"@type":"ImageObject","inLanguage":"de","@id":"https:\/\/www.krafthand.de\/truck\/artikel\/mal-was-anderes-mahle-upcycling-rucksack-aus-alten-airbags-sitzgurten-37687\/#primaryimage","url":"https:\/\/static.krafthand-truck.de\/uploads\/2023\/10\/Mahle_Airpaq_Rucksack.jpg","contentUrl":"https:\/\/static.krafthand-truck.de\/uploads\/2023\/10\/Mahle_Airpaq_Rucksack.jpg","width":1757,"height":1207},{"@type":"BreadcrumbList","@id":"https:\/\/www.krafthand.de\/truck\/artikel\/mal-was-anderes-mahle-upcycling-rucksack-aus-alten-airbags-sitzgurten-37687\/#breadcrumb","itemListElement":[{"@type":"ListItem","position":1,"name":"Krafthand-Truck","item":"https:\/\/www.krafthand.de\/truck\/"},{"@type":"ListItem","position":2,"name":"Nfz-Branche","item":"https:\/\/www.krafthand.de\/truck\/kategorie\/branche\/"},{"@type":"ListItem","position":3,"name":"Unternehmen","item":"https:\/\/www.krafthand.de\/truck\/kategorie\/branche\/unternehmen\/"},{"@type":"ListItem","position":4,"name":"Mal was anderes: Mahle-Upcycling Rucksack aus alten Airbags &#038; Sitzgurten"}]},{"@type":"WebSite","@id":"https:\/\/www.krafthand.de\/truck\/#website","url":"https:\/\/www.krafthand.de\/truck\/","name":"Krafthand-Truck","description":"","potentialAction":[{"@type":"SearchAction","target":{"@type":"EntryPoint","urlTemplate":"https:\/\/www.krafthand.de\/truck\/?s={search_term_string}"},"query-input":{"@type":"PropertyValueSpecification","valueRequired":true,"valueName":"search_term_string"}}],"inLanguage":"de"},{"@type":"Person","@id":"https:\/\/www.krafthand.de\/truck\/#\/schema\/person\/51fa80b1c57034c4bf63f9f988fc24ce","name":"georg.blenk@krafthand-medien.de","image":{"@type":"ImageObject","inLanguage":"de","@id":"https:\/\/secure.gravatar.com\/avatar\/93713c30affe0aa95d3a4130e499bb1abee2eb31adbdd9ce2aa1543538490215?s=96&d=mm&r=g","url":"https:\/\/secure.gravatar.com\/avatar\/93713c30affe0aa95d3a4130e499bb1abee2eb31adbdd9ce2aa1543538490215?s=96&d=mm&r=g","contentUrl":"https:\/\/secure.gravatar.com\/avatar\/93713c30affe0aa95d3a4130e499bb1abee2eb31adbdd9ce2aa1543538490215?s=96&d=mm&r=g","caption":"georg.blenk@krafthand-medien.de"}}]}},"_links":{"self":[{"href":"https:\/\/www.krafthand.de\/truck\/wp-json\/wp\/v2\/posts\/37687","targetHints":{"allow":["GET"]}}],"collection":[{"href":"https:\/\/www.krafthand.de\/truck\/wp-json\/wp\/v2\/posts"}],"about":[{"href":"https:\/\/www.krafthand.de\/truck\/wp-json\/wp\/v2\/types\/post"}],"author":[{"embeddable":true,"href":"https:\/\/www.krafthand.de\/truck\/wp-json\/wp\/v2\/users\/9"}],"replies":[{"embeddable":true,"href":"https:\/\/www.krafthand.de\/truck\/wp-json\/wp\/v2\/comments?post=37687"}],"version-history":[{"count":8,"href":"https:\/\/www.krafthand.de\/truck\/wp-json\/wp\/v2\/posts\/37687\/revisions"}],"predecessor-version":[{"id":37696,"href":"https:\/\/www.krafthand.de\/truck\/wp-json\/wp\/v2\/posts\/37687\/revisions\/37696"}],"wp:featuredmedia":[{"embeddable":true,"href":"https:\/\/www.krafthand.de\/truck\/wp-json\/wp\/v2\/media\/37692"}],"wp:attachment":[{"href":"https:\/\/www.krafthand.de\/truck\/wp-json\/wp\/v2\/media?parent=37687"}],"wp:term":[{"taxonomy":"category","embeddable":true,"href":"https:\/\/www.krafthand.de\/truck\/wp-json\/wp\/v2\/categories?post=37687"},{"taxonomy":"post_tag","embeddable":true,"href":"https:\/\/www.krafthand.de\/truck\/wp-json\/wp\/v2\/tags?post=37687"},{"taxonomy":"settings","embeddable":true,"href":"https:\/\/www.krafthand.de\/truck\/wp-json\/wp\/v2\/settings?post=37687"}],"curies":[{"name":"wp","href":"https:\/\/api.w.org\/{rel}","templated":true}]}}