{"id":37587,"date":"2023-10-05T10:09:58","date_gmt":"2023-10-05T08:09:58","guid":{"rendered":"https:\/\/www.krafthand.de\/truck\/?p=37587"},"modified":"2023-10-05T10:09:58","modified_gmt":"2023-10-05T08:09:58","slug":"eactros-600-mit-letzter-testfahrt-vor-der-weltpremiere","status":"publish","type":"post","link":"https:\/\/www.krafthand.de\/truck\/artikel\/eactros-600-mit-letzter-testfahrt-vor-der-weltpremiere-37587\/","title":{"rendered":"eActros 600 mit letzter Testfahrt vor der Weltpremiere"},"content":{"rendered":"<p>Entwicklungsingenieure von Mercedes-Benz Trucks haben eine Alpen-Testfahrt mit dem batterieelektrischen eActros 600 f\u00fcr den Fernverkehr absolviert. Der Prototyp zog einen Auflieger, der mit 40 Tonnen beladen war um reale Verh\u00e4ltnisse zu simulieren.\u00a0 Das Fahrzeug startete in Stuttgart, fuhr \u00fcber den Albaufstieg am Aichelberg, \u00fcber M\u00fcnchen und bog kurz vor Rosenheim in die Inntalautobahn Richtung Kufstein ein. Dann ging es Richtung Innsbruck \u00fcber die Brennerautobahn bis nach Bozen in S\u00fcdtirol.<\/p>\n<p>Trotz der durchaus anspruchsvollen Topografie (Albaufstieg und hoch zum Brenner) bew\u00e4ltigte der E-Lkw die 530 Kilometer lange Strecke laut Daimler-Truck ohne Zwischenladen und kam nach etwa sieben Stunden Fahrt in Bozen an. Nach einem Ladevorgang traten die Ingenieure die Heimfahrt \u2013 erneut ohne Zwischenladen und wieder mit den rund 40 Tonnen beladen \u2013 an. Der eActros 600 legte demnach \u00fcber 1.000 Kilometer mit einem Ladestopp zur\u00fcck.<\/p>\n<h3>Der eActros 600: Was bisher bekannt ist<\/h3>\n<p>Zu aller erst soll eine neue Designsprache der Fahrerkabine mit der bekannten Optik der Actros-Baureihe brechen. Sie greift Designelemente des auf der IAA pr\u00e4sentierten <a href=\"https:\/\/www.krafthand.de\/truck\/artikel\/auftrag-ueber-50-eactros-longhaul-mercedes-benz-trucks-und-dachser-unterzeichnen-absichtserklaerung-34787\/\" target=\"_blank\" rel=\"noopener\">Konzept-Prototyps<\/a> auf und f\u00fchrt diese mit klaren Linien und einer aerodynamischen Formgebung weiter. Auch das Interieur erh\u00e4lt Neuerungen. Man darf gespannt sein.<br \/>\nZudem sollen drei Batteriepakete im Serien-Fahrzeug eine Gesamtkapazit\u00e4t von \u00fcber 600 kWh liefern. Zwei Elektromotoren sind zudem Bestandteil der neuen E-Achse. Sie generieren den Angaben zufolge eine Dauerleistung von 400 kW sowie eine Spitzenleistung von 600 kW. Die Batteriekapazit\u00e4t soll eine Reichweite von 500 Kilometern(1) ohne Zwischenladen erm\u00f6glichen. Im eActros 600 kommen Batterien mit Lithium-Eisenphosphat-Zelltechnologie (LFP) zum Einsatz. Diese zeichnen sich vor allem durch eine hohe Lebensdauer und eine hohe nutzbare Energie aus. In der Serie soll der eActros 600 sowohl das CCS-Laden mit bis zu 400 kW als auch das Megawatt-Laden (MCS) erm\u00f6glichen.<br \/>\nZus\u00e4tzlich zur Sattelzugmaschine produziert Mercedes-Benz Trucks direkt ab Marktstart auch Pritschenfahrgestell-Varianten des eActros 600. Dies bietet Kunden zahlreiche weitere Einsatzm\u00f6glichkeiten im vollelektrischen Transport. Die Dauerhaltbarkeit ist auf 1,2 Millionen Kilometer Laufleistung sowie zehn Betriebsjahren ausgelegt.<\/p>\n<p><strong>Im \u00dcbrigen:<\/strong> Am 10. Oktober feiert der eActros 600 am BREAK Autohof Nordheide in der N\u00e4he von Hamburg seine Weltpremiere . 2024 soll das Fahrzeug laut Daimler-Truck serienreif sein.<\/p>\n<h6>(1) Die Reichweite wurde unter spezifischen Testbedingungen, nach Vorkonditionierung mit einer 4&#215;2 Sattelzugmaschine mit 40t Gesamtzuggewicht bei 20\u00b0C Au\u00dfentemperatur im Fernverkehrseinsatz, intern ermittelt und kann von den nach der Verordnung (EU) 2017\/2400 ermittelten Werten abweichen.<\/h6>\n\r\n\t\t\t\t<div class=\"post-author\">\r\n\t\t\t\t\t<div class=\"khm-cp-author clearfix\">\r\n\t\t\t\t\t\t<div class=\"khm-cp-author__content\">\r\n\t\t\t\t\t\t\t\tKontakt zum Autor:<br \/>\r\n\t\t\t\t\t\t\t\t<strong>Georg Blenk<\/strong>, 08247 \/ 3007-45 |  <a href=\"mailto:georg.blenk@krafthand-medien.de\">georg.blenk@krafthand-medien.de<\/a>\r\n\t\t\t\t\t\t\t<div class=\"khm-cp-author__image\">\r\n\t\t\t\t\t\t<img src=\"https:\/\/static.krafthand-truck.de\/uploads\/2021\/01\/Blenk_6104-250x300-1-removebg-preview.png\" class=\"img-responsive\">\r\n\t\t\t\t\t<\/div>\r\n\t\t\t\t\t\t<\/div>\r\n\t\t\t\t\t<\/div>\r\n\t\t\t\t<\/div>\r\n\t\t\t\t","protected":false},"excerpt":{"rendered":"<p>Entwicklungsingenieure von Mercedes-Benz Trucks haben eine Alpen-Testfahrt mit dem batterieelektrischen eActros 600 f\u00fcr den Fernverkehr absolviert. Der Prototyp zog einen Auflieger, der mit 40 Tonnen beladen war um reale Verh\u00e4ltnisse zu simulieren.\u00a0 Das Fahrzeug startete in Stuttgart, fuhr \u00fcber den Albaufstieg am Aichelberg, \u00fcber M\u00fcnchen und bog kurz vor Rosenheim in die Inntalautobahn Richtung Kufstein ein. Dann ging es Richtung Innsbruck \u00fcber die Brennerautobahn bis nach Bozen in S\u00fcdtirol. <span class=\"excerpt-more__dots\">&#8230;<\/span> <a class=\"excerpt-more__link\" href=\"https:\/\/www.krafthand.de\/truck\/artikel\/eactros-600-mit-letzter-testfahrt-vor-der-weltpremiere-37587\/\" >weiter<\/a><\/p>\n","protected":false},"author":9,"featured_media":37593,"comment_status":"closed","ping_status":"closed","sticky":false,"template":"","format":"standard","meta":{"footnotes":""},"categories":[4224,4915],"tags":[5750,5730,5389],"settings":[3524,3523],"class_list":["post-37587","post","type-post","status-publish","format-standard","has-post-thumbnail","hentry","category-e-antrieb","category-neue-fahrzeuge","tag-bozen","tag-eactros-600","tag-testfahrten"],"yoast_head":"<!-- This site is optimized with the Yoast SEO plugin v27.3 - https:\/\/yoast.com\/product\/yoast-seo-wordpress\/ -->\n<title>eActros 600 mit letzter Testfahrt vor der Weltpremiere - Krafthand-Truck<\/title>\n<meta name=\"description\" content=\"Mercedes-Benz Trucks hat vor der Weltpremiere eine Alpen-Testfahrt mit dem batterieelektrischen eActros 600 absolviert.\" \/>\n<meta name=\"robots\" content=\"index, follow, max-snippet:-1, max-image-preview:large, max-video-preview:-1\" \/>\n<link rel=\"canonical\" href=\"https:\/\/www.krafthand.de\/truck\/artikel\/eactros-600-mit-letzter-testfahrt-vor-der-weltpremiere-37587\/\" \/>\n<meta property=\"og:locale\" content=\"de_DE\" \/>\n<meta property=\"og:type\" content=\"article\" \/>\n<meta property=\"og:title\" content=\"eActros 600 mit letzter Testfahrt vor der Weltpremiere - Krafthand-Truck\" \/>\n<meta property=\"og:description\" content=\"Mercedes-Benz Trucks hat vor der Weltpremiere eine Alpen-Testfahrt mit dem batterieelektrischen eActros 600 absolviert.\" \/>\n<meta property=\"og:url\" content=\"https:\/\/www.krafthand-truck.de\/artikel\/eactros-600-mit-letzter-testfahrt-vor-der-weltpremiere-37587\/\" \/>\n<meta property=\"og:site_name\" content=\"Krafthand-Truck\" \/>\n<meta property=\"article:published_time\" content=\"2023-10-05T08:09:58+00:00\" \/>\n<meta property=\"og:image\" content=\"https:\/\/static.krafthand-truck.de\/uploads\/2023\/10\/Mercedes_Benz_eActros_600_Testfahrt_Brenner_Bozen.jpg\" \/>\n\t<meta property=\"og:image:width\" content=\"1200\" \/>\n\t<meta property=\"og:image:height\" content=\"629\" \/>\n\t<meta property=\"og:image:type\" content=\"image\/jpeg\" \/>\n<meta name=\"author\" content=\"georg.blenk@krafthand-medien.de\" \/>\n<meta name=\"twitter:card\" content=\"summary_large_image\" \/>\n<meta name=\"twitter:label1\" content=\"Verfasst von\" \/>\n\t<meta name=\"twitter:data1\" content=\"georg.blenk@krafthand-medien.de\" \/>\n\t<meta name=\"twitter:label2\" content=\"Gesch\u00e4tzte Lesezeit\" \/>\n\t<meta name=\"twitter:data2\" content=\"3\u00a0Minuten\" \/>\n<script type=\"application\/ld+json\" class=\"yoast-schema-graph\">{\"@context\":\"https:\\\/\\\/schema.org\",\"@graph\":[{\"@type\":\"Article\",\"@id\":\"https:\\\/\\\/www.krafthand.de\\\/truck\\\/artikel\\\/eactros-600-mit-letzter-testfahrt-vor-der-weltpremiere-37587\\\/#article\",\"isPartOf\":{\"@id\":\"https:\\\/\\\/www.krafthand.de\\\/truck\\\/artikel\\\/eactros-600-mit-letzter-testfahrt-vor-der-weltpremiere-37587\\\/\"},\"author\":{\"name\":\"georg.blenk@krafthand-medien.de\",\"@id\":\"https:\\\/\\\/www.krafthand.de\\\/truck\\\/#\\\/schema\\\/person\\\/51fa80b1c57034c4bf63f9f988fc24ce\"},\"headline\":\"eActros 600 mit letzter Testfahrt vor der Weltpremiere\",\"datePublished\":\"2023-10-05T08:09:58+00:00\",\"mainEntityOfPage\":{\"@id\":\"https:\\\/\\\/www.krafthand.de\\\/truck\\\/artikel\\\/eactros-600-mit-letzter-testfahrt-vor-der-weltpremiere-37587\\\/\"},\"wordCount\":381,\"image\":{\"@id\":\"https:\\\/\\\/www.krafthand.de\\\/truck\\\/artikel\\\/eactros-600-mit-letzter-testfahrt-vor-der-weltpremiere-37587\\\/#primaryimage\"},\"thumbnailUrl\":\"https:\\\/\\\/static.krafthand-truck.de\\\/uploads\\\/2023\\\/10\\\/Mercedes_Benz_eActros_600_Testfahrt_Brenner_Bozen.jpg\",\"keywords\":[\"Bozen\",\"eActros 600\",\"Testfahrten\"],\"articleSection\":[\"E-Antrieb (BEV\\\/FCEV)\",\"Neue Fahrzeuge\"],\"inLanguage\":\"de\"},{\"@type\":\"WebPage\",\"@id\":\"https:\\\/\\\/www.krafthand.de\\\/truck\\\/artikel\\\/eactros-600-mit-letzter-testfahrt-vor-der-weltpremiere-37587\\\/\",\"url\":\"https:\\\/\\\/www.krafthand.de\\\/truck\\\/artikel\\\/eactros-600-mit-letzter-testfahrt-vor-der-weltpremiere-37587\\\/\",\"name\":\"eActros 600 mit letzter Testfahrt vor der Weltpremiere - Krafthand-Truck\",\"isPartOf\":{\"@id\":\"https:\\\/\\\/www.krafthand.de\\\/truck\\\/#website\"},\"primaryImageOfPage\":{\"@id\":\"https:\\\/\\\/www.krafthand.de\\\/truck\\\/artikel\\\/eactros-600-mit-letzter-testfahrt-vor-der-weltpremiere-37587\\\/#primaryimage\"},\"image\":{\"@id\":\"https:\\\/\\\/www.krafthand.de\\\/truck\\\/artikel\\\/eactros-600-mit-letzter-testfahrt-vor-der-weltpremiere-37587\\\/#primaryimage\"},\"thumbnailUrl\":\"https:\\\/\\\/static.krafthand-truck.de\\\/uploads\\\/2023\\\/10\\\/Mercedes_Benz_eActros_600_Testfahrt_Brenner_Bozen.jpg\",\"datePublished\":\"2023-10-05T08:09:58+00:00\",\"author\":{\"@id\":\"https:\\\/\\\/www.krafthand.de\\\/truck\\\/#\\\/schema\\\/person\\\/51fa80b1c57034c4bf63f9f988fc24ce\"},\"description\":\"Mercedes-Benz Trucks hat vor der Weltpremiere eine Alpen-Testfahrt mit dem batterieelektrischen eActros 600 absolviert.\",\"breadcrumb\":{\"@id\":\"https:\\\/\\\/www.krafthand.de\\\/truck\\\/artikel\\\/eactros-600-mit-letzter-testfahrt-vor-der-weltpremiere-37587\\\/#breadcrumb\"},\"inLanguage\":\"de\",\"potentialAction\":[{\"@type\":\"ReadAction\",\"target\":[\"https:\\\/\\\/www.krafthand.de\\\/truck\\\/artikel\\\/eactros-600-mit-letzter-testfahrt-vor-der-weltpremiere-37587\\\/\"]}]},{\"@type\":\"ImageObject\",\"inLanguage\":\"de\",\"@id\":\"https:\\\/\\\/www.krafthand.de\\\/truck\\\/artikel\\\/eactros-600-mit-letzter-testfahrt-vor-der-weltpremiere-37587\\\/#primaryimage\",\"url\":\"https:\\\/\\\/static.krafthand-truck.de\\\/uploads\\\/2023\\\/10\\\/Mercedes_Benz_eActros_600_Testfahrt_Brenner_Bozen.jpg\",\"contentUrl\":\"https:\\\/\\\/static.krafthand-truck.de\\\/uploads\\\/2023\\\/10\\\/Mercedes_Benz_eActros_600_Testfahrt_Brenner_Bozen.jpg\",\"width\":1200,\"height\":629},{\"@type\":\"BreadcrumbList\",\"@id\":\"https:\\\/\\\/www.krafthand.de\\\/truck\\\/artikel\\\/eactros-600-mit-letzter-testfahrt-vor-der-weltpremiere-37587\\\/#breadcrumb\",\"itemListElement\":[{\"@type\":\"ListItem\",\"position\":1,\"name\":\"Krafthand-Truck\",\"item\":\"https:\\\/\\\/www.krafthand.de\\\/truck\\\/\"},{\"@type\":\"ListItem\",\"position\":2,\"name\":\"IT+Fuhrpark\",\"item\":\"https:\\\/\\\/www.krafthand.de\\\/truck\\\/kategorie\\\/fuhrpark\\\/\"},{\"@type\":\"ListItem\",\"position\":3,\"name\":\"Neue Fahrzeuge\",\"item\":\"https:\\\/\\\/www.krafthand.de\\\/truck\\\/kategorie\\\/fuhrpark\\\/neue-fahrzeuge\\\/\"},{\"@type\":\"ListItem\",\"position\":4,\"name\":\"eActros 600 mit letzter Testfahrt vor der Weltpremiere\"}]},{\"@type\":\"WebSite\",\"@id\":\"https:\\\/\\\/www.krafthand.de\\\/truck\\\/#website\",\"url\":\"https:\\\/\\\/www.krafthand.de\\\/truck\\\/\",\"name\":\"Krafthand-Truck\",\"description\":\"\",\"potentialAction\":[{\"@type\":\"SearchAction\",\"target\":{\"@type\":\"EntryPoint\",\"urlTemplate\":\"https:\\\/\\\/www.krafthand.de\\\/truck\\\/?s={search_term_string}\"},\"query-input\":{\"@type\":\"PropertyValueSpecification\",\"valueRequired\":true,\"valueName\":\"search_term_string\"}}],\"inLanguage\":\"de\"},{\"@type\":\"Person\",\"@id\":\"https:\\\/\\\/www.krafthand.de\\\/truck\\\/#\\\/schema\\\/person\\\/51fa80b1c57034c4bf63f9f988fc24ce\",\"name\":\"georg.blenk@krafthand-medien.de\",\"image\":{\"@type\":\"ImageObject\",\"inLanguage\":\"de\",\"@id\":\"https:\\\/\\\/secure.gravatar.com\\\/avatar\\\/93713c30affe0aa95d3a4130e499bb1abee2eb31adbdd9ce2aa1543538490215?s=96&d=mm&r=g\",\"url\":\"https:\\\/\\\/secure.gravatar.com\\\/avatar\\\/93713c30affe0aa95d3a4130e499bb1abee2eb31adbdd9ce2aa1543538490215?s=96&d=mm&r=g\",\"contentUrl\":\"https:\\\/\\\/secure.gravatar.com\\\/avatar\\\/93713c30affe0aa95d3a4130e499bb1abee2eb31adbdd9ce2aa1543538490215?s=96&d=mm&r=g\",\"caption\":\"georg.blenk@krafthand-medien.de\"}}]}<\/script>\n<!-- \/ Yoast SEO plugin. -->","yoast_head_json":{"title":"eActros 600 mit letzter Testfahrt vor der Weltpremiere - Krafthand-Truck","description":"Mercedes-Benz Trucks hat vor der Weltpremiere eine Alpen-Testfahrt mit dem batterieelektrischen eActros 600 absolviert.","robots":{"index":"index","follow":"follow","max-snippet":"max-snippet:-1","max-image-preview":"max-image-preview:large","max-video-preview":"max-video-preview:-1"},"canonical":"https:\/\/www.krafthand.de\/truck\/artikel\/eactros-600-mit-letzter-testfahrt-vor-der-weltpremiere-37587\/","og_locale":"de_DE","og_type":"article","og_title":"eActros 600 mit letzter Testfahrt vor der Weltpremiere - Krafthand-Truck","og_description":"Mercedes-Benz Trucks hat vor der Weltpremiere eine Alpen-Testfahrt mit dem batterieelektrischen eActros 600 absolviert.","og_url":"https:\/\/www.krafthand-truck.de\/artikel\/eactros-600-mit-letzter-testfahrt-vor-der-weltpremiere-37587\/","og_site_name":"Krafthand-Truck","article_published_time":"2023-10-05T08:09:58+00:00","og_image":[{"width":1200,"height":629,"url":"https:\/\/static.krafthand-truck.de\/uploads\/2023\/10\/Mercedes_Benz_eActros_600_Testfahrt_Brenner_Bozen.jpg","type":"image\/jpeg"}],"author":"georg.blenk@krafthand-medien.de","twitter_card":"summary_large_image","twitter_misc":{"Verfasst von":"georg.blenk@krafthand-medien.de","Gesch\u00e4tzte Lesezeit":"3\u00a0Minuten"},"schema":{"@context":"https:\/\/schema.org","@graph":[{"@type":"Article","@id":"https:\/\/www.krafthand.de\/truck\/artikel\/eactros-600-mit-letzter-testfahrt-vor-der-weltpremiere-37587\/#article","isPartOf":{"@id":"https:\/\/www.krafthand.de\/truck\/artikel\/eactros-600-mit-letzter-testfahrt-vor-der-weltpremiere-37587\/"},"author":{"name":"georg.blenk@krafthand-medien.de","@id":"https:\/\/www.krafthand.de\/truck\/#\/schema\/person\/51fa80b1c57034c4bf63f9f988fc24ce"},"headline":"eActros 600 mit letzter Testfahrt vor der Weltpremiere","datePublished":"2023-10-05T08:09:58+00:00","mainEntityOfPage":{"@id":"https:\/\/www.krafthand.de\/truck\/artikel\/eactros-600-mit-letzter-testfahrt-vor-der-weltpremiere-37587\/"},"wordCount":381,"image":{"@id":"https:\/\/www.krafthand.de\/truck\/artikel\/eactros-600-mit-letzter-testfahrt-vor-der-weltpremiere-37587\/#primaryimage"},"thumbnailUrl":"https:\/\/static.krafthand-truck.de\/uploads\/2023\/10\/Mercedes_Benz_eActros_600_Testfahrt_Brenner_Bozen.jpg","keywords":["Bozen","eActros 600","Testfahrten"],"articleSection":["E-Antrieb (BEV\/FCEV)","Neue Fahrzeuge"],"inLanguage":"de"},{"@type":"WebPage","@id":"https:\/\/www.krafthand.de\/truck\/artikel\/eactros-600-mit-letzter-testfahrt-vor-der-weltpremiere-37587\/","url":"https:\/\/www.krafthand.de\/truck\/artikel\/eactros-600-mit-letzter-testfahrt-vor-der-weltpremiere-37587\/","name":"eActros 600 mit letzter Testfahrt vor der Weltpremiere - Krafthand-Truck","isPartOf":{"@id":"https:\/\/www.krafthand.de\/truck\/#website"},"primaryImageOfPage":{"@id":"https:\/\/www.krafthand.de\/truck\/artikel\/eactros-600-mit-letzter-testfahrt-vor-der-weltpremiere-37587\/#primaryimage"},"image":{"@id":"https:\/\/www.krafthand.de\/truck\/artikel\/eactros-600-mit-letzter-testfahrt-vor-der-weltpremiere-37587\/#primaryimage"},"thumbnailUrl":"https:\/\/static.krafthand-truck.de\/uploads\/2023\/10\/Mercedes_Benz_eActros_600_Testfahrt_Brenner_Bozen.jpg","datePublished":"2023-10-05T08:09:58+00:00","author":{"@id":"https:\/\/www.krafthand.de\/truck\/#\/schema\/person\/51fa80b1c57034c4bf63f9f988fc24ce"},"description":"Mercedes-Benz Trucks hat vor der Weltpremiere eine Alpen-Testfahrt mit dem batterieelektrischen eActros 600 absolviert.","breadcrumb":{"@id":"https:\/\/www.krafthand.de\/truck\/artikel\/eactros-600-mit-letzter-testfahrt-vor-der-weltpremiere-37587\/#breadcrumb"},"inLanguage":"de","potentialAction":[{"@type":"ReadAction","target":["https:\/\/www.krafthand.de\/truck\/artikel\/eactros-600-mit-letzter-testfahrt-vor-der-weltpremiere-37587\/"]}]},{"@type":"ImageObject","inLanguage":"de","@id":"https:\/\/www.krafthand.de\/truck\/artikel\/eactros-600-mit-letzter-testfahrt-vor-der-weltpremiere-37587\/#primaryimage","url":"https:\/\/static.krafthand-truck.de\/uploads\/2023\/10\/Mercedes_Benz_eActros_600_Testfahrt_Brenner_Bozen.jpg","contentUrl":"https:\/\/static.krafthand-truck.de\/uploads\/2023\/10\/Mercedes_Benz_eActros_600_Testfahrt_Brenner_Bozen.jpg","width":1200,"height":629},{"@type":"BreadcrumbList","@id":"https:\/\/www.krafthand.de\/truck\/artikel\/eactros-600-mit-letzter-testfahrt-vor-der-weltpremiere-37587\/#breadcrumb","itemListElement":[{"@type":"ListItem","position":1,"name":"Krafthand-Truck","item":"https:\/\/www.krafthand.de\/truck\/"},{"@type":"ListItem","position":2,"name":"IT+Fuhrpark","item":"https:\/\/www.krafthand.de\/truck\/kategorie\/fuhrpark\/"},{"@type":"ListItem","position":3,"name":"Neue Fahrzeuge","item":"https:\/\/www.krafthand.de\/truck\/kategorie\/fuhrpark\/neue-fahrzeuge\/"},{"@type":"ListItem","position":4,"name":"eActros 600 mit letzter Testfahrt vor der Weltpremiere"}]},{"@type":"WebSite","@id":"https:\/\/www.krafthand.de\/truck\/#website","url":"https:\/\/www.krafthand.de\/truck\/","name":"Krafthand-Truck","description":"","potentialAction":[{"@type":"SearchAction","target":{"@type":"EntryPoint","urlTemplate":"https:\/\/www.krafthand.de\/truck\/?s={search_term_string}"},"query-input":{"@type":"PropertyValueSpecification","valueRequired":true,"valueName":"search_term_string"}}],"inLanguage":"de"},{"@type":"Person","@id":"https:\/\/www.krafthand.de\/truck\/#\/schema\/person\/51fa80b1c57034c4bf63f9f988fc24ce","name":"georg.blenk@krafthand-medien.de","image":{"@type":"ImageObject","inLanguage":"de","@id":"https:\/\/secure.gravatar.com\/avatar\/93713c30affe0aa95d3a4130e499bb1abee2eb31adbdd9ce2aa1543538490215?s=96&d=mm&r=g","url":"https:\/\/secure.gravatar.com\/avatar\/93713c30affe0aa95d3a4130e499bb1abee2eb31adbdd9ce2aa1543538490215?s=96&d=mm&r=g","contentUrl":"https:\/\/secure.gravatar.com\/avatar\/93713c30affe0aa95d3a4130e499bb1abee2eb31adbdd9ce2aa1543538490215?s=96&d=mm&r=g","caption":"georg.blenk@krafthand-medien.de"}}]}},"_links":{"self":[{"href":"https:\/\/www.krafthand.de\/truck\/wp-json\/wp\/v2\/posts\/37587","targetHints":{"allow":["GET"]}}],"collection":[{"href":"https:\/\/www.krafthand.de\/truck\/wp-json\/wp\/v2\/posts"}],"about":[{"href":"https:\/\/www.krafthand.de\/truck\/wp-json\/wp\/v2\/types\/post"}],"author":[{"embeddable":true,"href":"https:\/\/www.krafthand.de\/truck\/wp-json\/wp\/v2\/users\/9"}],"replies":[{"embeddable":true,"href":"https:\/\/www.krafthand.de\/truck\/wp-json\/wp\/v2\/comments?post=37587"}],"version-history":[{"count":9,"href":"https:\/\/www.krafthand.de\/truck\/wp-json\/wp\/v2\/posts\/37587\/revisions"}],"predecessor-version":[{"id":37597,"href":"https:\/\/www.krafthand.de\/truck\/wp-json\/wp\/v2\/posts\/37587\/revisions\/37597"}],"wp:featuredmedia":[{"embeddable":true,"href":"https:\/\/www.krafthand.de\/truck\/wp-json\/wp\/v2\/media\/37593"}],"wp:attachment":[{"href":"https:\/\/www.krafthand.de\/truck\/wp-json\/wp\/v2\/media?parent=37587"}],"wp:term":[{"taxonomy":"category","embeddable":true,"href":"https:\/\/www.krafthand.de\/truck\/wp-json\/wp\/v2\/categories?post=37587"},{"taxonomy":"post_tag","embeddable":true,"href":"https:\/\/www.krafthand.de\/truck\/wp-json\/wp\/v2\/tags?post=37587"},{"taxonomy":"settings","embeddable":true,"href":"https:\/\/www.krafthand.de\/truck\/wp-json\/wp\/v2\/settings?post=37587"}],"curies":[{"name":"wp","href":"https:\/\/api.w.org\/{rel}","templated":true}]}}