{"id":37567,"date":"2023-10-04T11:26:15","date_gmt":"2023-10-04T09:26:15","guid":{"rendered":"https:\/\/www.krafthand.de\/truck\/?p=37567"},"modified":"2023-10-04T16:02:33","modified_gmt":"2023-10-04T14:02:33","slug":"tuev-report-nur-708-prozent-der-nfz-sind-nach-fuenf-jahren-maengelfrei","status":"publish","type":"post","link":"https:\/\/www.krafthand.de\/truck\/artikel\/tuev-report-nur-708-prozent-der-nfz-sind-nach-fuenf-jahren-maengelfrei-37567\/","title":{"rendered":"T\u00dcV-Report: Nur 70,8 Prozent der Nfz sind nach f\u00fcnf Jahren m\u00e4ngelfrei."},"content":{"rendered":"<p>Dem aktuellen &#8218;T\u00dcV-Report Nutzfahrzeuge 2023&#8216; zufolge, bestehen weniger Fahrzeuge ohne M\u00e4ngel die Hauptuntersuchung (HU). Demnach sind nach f\u00fcnf Jahren auf der Stra\u00dfe lediglich 70,8 Prozent der Nfz (unabh\u00e4ngig von der Gewichtsklasse) komplett m\u00e4ngelfrei.<\/p>\n<p>Tats\u00e4chlich lag der Wert 2021 noch bei 72,1 Prozent-Punkten, zwei Jahre zuvor bei 71,5.\u00a0 Dabei weisen laut T\u00dcV-Verband 19,6 Prozent aller untersuchten Fahrzeuge bei der HU erhebliche oder gar gef\u00e4hrliche M\u00e4ngel auf. Die Quote lag damit auf dem Niveau des Reports 2021. Erhebliche M\u00e4ngel (18,9 Prozent) m\u00fcssen innerhalb von vier Wochen behoben werden. Stellen die T\u00dcV-Sachverst\u00e4ndigen einen gef\u00e4hrlichen Mangel (0,7 Prozent) fest, muss das Fahrzeug direkt in die Werkstatt gebracht werden. Das betraf insgesamt rund 15.000 Nutzfahrzeuge.<\/p>\n<h3>Kleintransporter bilden Schlusslicht<\/h3>\n<p>Klein-Lkw bis 3,5 Tonnen rangieren in der M\u00e4ngelstatistik ganz hinten: \u00dcber alle Altersklassen sind 20,4 Prozent der gepr\u00fcften Fahrzeuge mit erheblichen und gef\u00e4hrlichen M\u00e4ngeln unterwegs. Damit hat sich die Quote um 0,1 Prozentpunkt verschlechtert. Laut Kraftfahrt-Bundesamt bilden Kleintransporter bis 3,5 Tonnen mit rund 84 Prozent den Gro\u00dfteil aller Nutzfahrzeuge in Deutschland. Der Bestand in dieser Klasse liegt aktuell bei rund 3,1 Millionen Fahrzeugen. In absoluten Zahlen fallen rund 620.000 Fahrzeuge bei der HU durch. Was erstaunlich ist:\u00a0In der Gruppe der 9- bis 10-j\u00e4hrigen Kleintransporter weist fast die H\u00e4lfte aller Fahrzeuge (46,8 Prozent) bei der HU M\u00e4ngel auf. Etwa jedes dritte gepr\u00fcfte Fahrzeug (31,3 Prozent) besteht die HU nicht.<\/p>\n<h3>Llkw, mittelschwere und schwere Lkw<\/h3>\n<p>Laut T\u00dcV-Report f\u00e4llt knapp jeder f\u00fcnfte leichte Lkw von 3,5 bis 7,5 Tonnen (19,2 Prozent) bei der HU durch. Damit ist der Anteil der Fahrzeuge dieser Gewichtsklasse mit erheblichen und gef\u00e4hrlichen M\u00e4ngeln \u00fcber alle Altersgruppen seit 2021 um 0,7 Punkte gestiegen. Dagegen schneiden die mittelschweren Lkw von 7,5 bis 18 Tonnen mit 13,8 Prozent erheblicher und gef\u00e4hrlicher M\u00e4ngel am besten ab. Im Vergleich zu 2021 zeigt sich in dieser Gewichtsklasse eine Verbesserung von 5,7 Prozentpunkten. Ebenfalls Sorgen bereitet dem Report zufolge die Klasse der schweren Lkw ab 18 Tonnen. Hier weist fast jedes f\u00fcnfte Fahrzeug (19 ,8 Prozent) erhebliche und gef\u00e4hrliche M\u00e4ngel auf und ist nicht verkehrssicher. Auch die die Quoten bei den &#8218;geringen M\u00e4ngeln&#8216; \u00fcber alle Altersklassen sind bei den schweren Lkw gestiegen, am st\u00e4rksten bei den vier Jahre alten Fahrzeugen (um 2,8 Punkte auf 11,5 Prozent).<\/p>\n<blockquote><p>\u201eInsgesamt sind weniger Nutzfahrzeuge m\u00e4ngelfrei und damit absolut verkehrssicher unterwegs\u201c, so Richard Goebelt, Fachbereichsleiter Fahrzeug und Mobilit\u00e4t beim T\u00dcV-Verband.<\/p><\/blockquote>\n<h3>Defekte Beleuchtung, \u00d6lverlust, Probleme an den Bremsen<\/h3>\n<p>Defekte Beleuchtungsanlagen, \u00d6lverlust und Probleme an den Bremsen f\u00fchren \u00fcber alle Gewichts- und Altersklassen am h\u00e4ufigsten dazu, dass Nutzfahrzeuge die Hauptuntersuchung nicht bestehen. <em>\u201eWenn es um die Verkehrssicherheit von Fahrzeugen geht, ist der Mensch einer der gr\u00f6\u00dften Faktoren\u201c<\/em>, sagt Goebelt. Das zeige sich am eindrucksvollsten an den M\u00e4ngeln an der Beleuchtung. <em>\u201eWegen defekter Beleuchtungsanlagen durch die HU-Pr\u00fcfung zu rauschen ist vermeidbar. Durch einen Gang ums Fahrzeug sind derartige M\u00e4ngel schnell zu bemerken und leicht zu beheben.\u201c<\/em> Fehlerhafte Leuchten gef\u00e4hrden die Fahrer(innen) selbst und andere Verkehrsteilnehmer, daher werden Defekte an der Beleuchtungsanlage als erhebliche M\u00e4ngel eingestuft.<\/p>\n<p>&nbsp;<\/p>\n<div class=\"infobox box-grey\"><\/p>\n<p><strong>Hintergrundinfo zur Methodik der Datenerhebung<\/strong><\/p>\n<p>F\u00fcr den &#8218;T\u00dcV-Report Nutzfahrzeuge 2023&#8216; sind vom T\u00dcV-Verband rund 2,13 Millionen Hauptuntersuchungen in den Jahren 2021 und 2022 ausgewertet worden. Das sind rund 180.000 Pr\u00fcfungen mehr als vor zwei Jahren. Die Ergebnisse werden f\u00fcr vier Gewichtsklassen dargestellt: von leichten Transportern bis 3,5 Tonnen \u00fcber leichte Lkw mit 3,5 bis 7,5 Tonnen und mittelschwere Lkw mit 7,5 bis 18 Tonnen bis zu schweren Lkw ab 18 Tonnen. Der T\u00dcV-Report Nutzfahrzeuge erscheint alle zwei Jahre im Wechsel mit dem T\u00dcV Bus-Report.<\/p>\n<p><\/div>\n<p>&nbsp;<\/p>\n<p>Der vollst\u00e4ndige T\u00dcV-Report Nutzfahrzeuge 2023 steht <a href=\"https:\/\/www.tuev-verband.de\/presse\/publikationen\/reporte\/tuev-report-nutzfahrzeuge\" target=\"_blank\" rel=\"noopener\">hier<\/a> zur Verf\u00fcgung.<\/p>\n<p>&nbsp;<\/p>\n<p><i>Den Beitrag finden Sie auch in der Print-Ausgabe 4-2023 der <a href=\"https:\/\/www.krafthand.de\/truck\/magazin\/\" title=\"Zum Magazin\">Krafthand-Truck<\/a>.<\/i><\/p>\r\n\t\t\t\t<div class=\"post-author\">\r\n\t\t\t\t\t<div class=\"khm-cp-author clearfix\">\r\n\t\t\t\t\t\t<div class=\"khm-cp-author__content\">\r\n\t\t\t\t\t\t\t\tKontakt zum Autor:<br \/>\r\n\t\t\t\t\t\t\t\t<strong>Georg Blenk<\/strong>, 08247 \/ 3007-45 |  <a href=\"mailto:georg.blenk@krafthand-medien.de\">georg.blenk@krafthand-medien.de<\/a>\r\n\t\t\t\t\t\t\t<div class=\"khm-cp-author__image\">\r\n\t\t\t\t\t\t<img src=\"https:\/\/static.krafthand-truck.de\/uploads\/2021\/01\/Blenk_6104-250x300-1-removebg-preview.png\" class=\"img-responsive\">\r\n\t\t\t\t\t<\/div>\r\n\t\t\t\t\t\t<\/div>\r\n\t\t\t\t\t<\/div>\r\n\t\t\t\t<\/div>\r\n\t\t\t\t","protected":false},"excerpt":{"rendered":"<p>Dem aktuellen &#8218;T\u00dcV-Report Nutzfahrzeuge 2023&#8216; zufolge, bestehen weniger Fahrzeuge ohne M\u00e4ngel die Hauptuntersuchung (HU). Demnach sind nach f\u00fcnf Jahren auf der Stra\u00dfe lediglich 70,8 Prozent der Nutzfahrzeuge (unabh\u00e4ngig von der Gewichtsklasse) komplett m\u00e4ngelfrei. <span class=\"excerpt-more__dots\">&#8230;<\/span> <a class=\"excerpt-more__link\" href=\"https:\/\/www.krafthand.de\/truck\/artikel\/tuev-report-nur-708-prozent-der-nfz-sind-nach-fuenf-jahren-maengelfrei-37567\/\" >weiter<\/a><\/p>\n","protected":false},"author":9,"featured_media":37578,"comment_status":"closed","ping_status":"closed","sticky":false,"template":"","format":"standard","meta":{"footnotes":""},"categories":[4237],"tags":[57,5749,5748],"settings":[3524,4766,3523],"class_list":["post-37567","post","type-post","status-publish","format-standard","has-post-thumbnail","hentry","category-studien","tag-hauptuntersuchung","tag-maengel","tag-tuev-report-nutzfahrzeuge"],"yoast_head":"<!-- This site is optimized with the Yoast SEO plugin v27.3 - https:\/\/yoast.com\/product\/yoast-seo-wordpress\/ -->\n<title>T\u00dcV-Report: Nur 70,8 Prozent der Nfz sind nach f\u00fcnf Jahren m\u00e4ngelfrei. - Krafthand-Truck<\/title>\n<meta name=\"description\" content=\"Dem aktuellen &#039;T\u00dcV-Report Nutzfahrzeuge 2023&#039; zufolge, bestehen weniger Fahrzeuge ohne M\u00e4ngel die Hauptuntersuchung (HU).\" \/>\n<meta name=\"robots\" content=\"index, follow, max-snippet:-1, max-image-preview:large, max-video-preview:-1\" \/>\n<link rel=\"canonical\" href=\"https:\/\/www.krafthand.de\/truck\/artikel\/tuev-report-nur-708-prozent-der-nfz-sind-nach-fuenf-jahren-maengelfrei-37567\/\" \/>\n<meta property=\"og:locale\" content=\"de_DE\" \/>\n<meta property=\"og:type\" content=\"article\" \/>\n<meta property=\"og:title\" content=\"T\u00dcV-Report: Nur 70,8 Prozent der Nfz sind nach f\u00fcnf Jahren m\u00e4ngelfrei. - Krafthand-Truck\" \/>\n<meta property=\"og:description\" content=\"Dem aktuellen &#039;T\u00dcV-Report Nutzfahrzeuge 2023&#039; zufolge, bestehen weniger Fahrzeuge ohne M\u00e4ngel die Hauptuntersuchung (HU).\" \/>\n<meta property=\"og:url\" content=\"https:\/\/www.krafthand-truck.de\/artikel\/tuev-report-nur-708-prozent-der-nfz-sind-nach-fuenf-jahren-maengelfrei-37567\/\" \/>\n<meta property=\"og:site_name\" content=\"Krafthand-Truck\" \/>\n<meta property=\"article:published_time\" content=\"2023-10-04T09:26:15+00:00\" \/>\n<meta property=\"article:modified_time\" content=\"2023-10-04T14:02:33+00:00\" \/>\n<meta property=\"og:image\" content=\"https:\/\/static.krafthand-truck.de\/uploads\/2023\/10\/TUEV_Report_Maengelquote_Nutzfahrzeuge_2023_HU2.jpg\" \/>\n\t<meta property=\"og:image:width\" content=\"1200\" \/>\n\t<meta property=\"og:image:height\" content=\"657\" \/>\n\t<meta property=\"og:image:type\" content=\"image\/jpeg\" \/>\n<meta name=\"author\" content=\"georg.blenk@krafthand-medien.de\" \/>\n<meta name=\"twitter:card\" content=\"summary_large_image\" \/>\n<meta name=\"twitter:label1\" content=\"Verfasst von\" \/>\n\t<meta name=\"twitter:data1\" content=\"georg.blenk@krafthand-medien.de\" \/>\n\t<meta name=\"twitter:label2\" content=\"Gesch\u00e4tzte Lesezeit\" \/>\n\t<meta name=\"twitter:data2\" content=\"4\u00a0Minuten\" \/>\n<script type=\"application\/ld+json\" class=\"yoast-schema-graph\">{\"@context\":\"https:\\\/\\\/schema.org\",\"@graph\":[{\"@type\":\"Article\",\"@id\":\"https:\\\/\\\/www.krafthand.de\\\/truck\\\/artikel\\\/tuev-report-nur-708-prozent-der-nfz-sind-nach-fuenf-jahren-maengelfrei-37567\\\/#article\",\"isPartOf\":{\"@id\":\"https:\\\/\\\/www.krafthand.de\\\/truck\\\/artikel\\\/tuev-report-nur-708-prozent-der-nfz-sind-nach-fuenf-jahren-maengelfrei-37567\\\/\"},\"author\":{\"name\":\"georg.blenk@krafthand-medien.de\",\"@id\":\"https:\\\/\\\/www.krafthand.de\\\/truck\\\/#\\\/schema\\\/person\\\/51fa80b1c57034c4bf63f9f988fc24ce\"},\"headline\":\"T\u00dcV-Report: Nur 70,8 Prozent der Nfz sind nach f\u00fcnf Jahren m\u00e4ngelfrei.\",\"datePublished\":\"2023-10-04T09:26:15+00:00\",\"dateModified\":\"2023-10-04T14:02:33+00:00\",\"mainEntityOfPage\":{\"@id\":\"https:\\\/\\\/www.krafthand.de\\\/truck\\\/artikel\\\/tuev-report-nur-708-prozent-der-nfz-sind-nach-fuenf-jahren-maengelfrei-37567\\\/\"},\"wordCount\":609,\"image\":{\"@id\":\"https:\\\/\\\/www.krafthand.de\\\/truck\\\/artikel\\\/tuev-report-nur-708-prozent-der-nfz-sind-nach-fuenf-jahren-maengelfrei-37567\\\/#primaryimage\"},\"thumbnailUrl\":\"https:\\\/\\\/static.krafthand-truck.de\\\/uploads\\\/2023\\\/10\\\/TUEV_Report_Maengelquote_Nutzfahrzeuge_2023_HU2.jpg\",\"keywords\":[\"Hauptuntersuchung\",\"M\u00e4ngel\",\"T\u00dcV-Report Nutzfahrzeuge\"],\"articleSection\":[\"Studien\\\/F+E\"],\"inLanguage\":\"de\"},{\"@type\":\"WebPage\",\"@id\":\"https:\\\/\\\/www.krafthand.de\\\/truck\\\/artikel\\\/tuev-report-nur-708-prozent-der-nfz-sind-nach-fuenf-jahren-maengelfrei-37567\\\/\",\"url\":\"https:\\\/\\\/www.krafthand.de\\\/truck\\\/artikel\\\/tuev-report-nur-708-prozent-der-nfz-sind-nach-fuenf-jahren-maengelfrei-37567\\\/\",\"name\":\"T\u00dcV-Report: Nur 70,8 Prozent der Nfz sind nach f\u00fcnf Jahren m\u00e4ngelfrei. - Krafthand-Truck\",\"isPartOf\":{\"@id\":\"https:\\\/\\\/www.krafthand.de\\\/truck\\\/#website\"},\"primaryImageOfPage\":{\"@id\":\"https:\\\/\\\/www.krafthand.de\\\/truck\\\/artikel\\\/tuev-report-nur-708-prozent-der-nfz-sind-nach-fuenf-jahren-maengelfrei-37567\\\/#primaryimage\"},\"image\":{\"@id\":\"https:\\\/\\\/www.krafthand.de\\\/truck\\\/artikel\\\/tuev-report-nur-708-prozent-der-nfz-sind-nach-fuenf-jahren-maengelfrei-37567\\\/#primaryimage\"},\"thumbnailUrl\":\"https:\\\/\\\/static.krafthand-truck.de\\\/uploads\\\/2023\\\/10\\\/TUEV_Report_Maengelquote_Nutzfahrzeuge_2023_HU2.jpg\",\"datePublished\":\"2023-10-04T09:26:15+00:00\",\"dateModified\":\"2023-10-04T14:02:33+00:00\",\"author\":{\"@id\":\"https:\\\/\\\/www.krafthand.de\\\/truck\\\/#\\\/schema\\\/person\\\/51fa80b1c57034c4bf63f9f988fc24ce\"},\"description\":\"Dem aktuellen 'T\u00dcV-Report Nutzfahrzeuge 2023' zufolge, bestehen weniger Fahrzeuge ohne M\u00e4ngel die Hauptuntersuchung (HU).\",\"breadcrumb\":{\"@id\":\"https:\\\/\\\/www.krafthand.de\\\/truck\\\/artikel\\\/tuev-report-nur-708-prozent-der-nfz-sind-nach-fuenf-jahren-maengelfrei-37567\\\/#breadcrumb\"},\"inLanguage\":\"de\",\"potentialAction\":[{\"@type\":\"ReadAction\",\"target\":[\"https:\\\/\\\/www.krafthand.de\\\/truck\\\/artikel\\\/tuev-report-nur-708-prozent-der-nfz-sind-nach-fuenf-jahren-maengelfrei-37567\\\/\"]}]},{\"@type\":\"ImageObject\",\"inLanguage\":\"de\",\"@id\":\"https:\\\/\\\/www.krafthand.de\\\/truck\\\/artikel\\\/tuev-report-nur-708-prozent-der-nfz-sind-nach-fuenf-jahren-maengelfrei-37567\\\/#primaryimage\",\"url\":\"https:\\\/\\\/static.krafthand-truck.de\\\/uploads\\\/2023\\\/10\\\/TUEV_Report_Maengelquote_Nutzfahrzeuge_2023_HU2.jpg\",\"contentUrl\":\"https:\\\/\\\/static.krafthand-truck.de\\\/uploads\\\/2023\\\/10\\\/TUEV_Report_Maengelquote_Nutzfahrzeuge_2023_HU2.jpg\",\"width\":1200,\"height\":657},{\"@type\":\"BreadcrumbList\",\"@id\":\"https:\\\/\\\/www.krafthand.de\\\/truck\\\/artikel\\\/tuev-report-nur-708-prozent-der-nfz-sind-nach-fuenf-jahren-maengelfrei-37567\\\/#breadcrumb\",\"itemListElement\":[{\"@type\":\"ListItem\",\"position\":1,\"name\":\"Krafthand-Truck\",\"item\":\"https:\\\/\\\/www.krafthand.de\\\/truck\\\/\"},{\"@type\":\"ListItem\",\"position\":2,\"name\":\"Nfz-Branche\",\"item\":\"https:\\\/\\\/www.krafthand.de\\\/truck\\\/kategorie\\\/branche\\\/\"},{\"@type\":\"ListItem\",\"position\":3,\"name\":\"Studien\\\/F+E\",\"item\":\"https:\\\/\\\/www.krafthand.de\\\/truck\\\/kategorie\\\/branche\\\/studien\\\/\"},{\"@type\":\"ListItem\",\"position\":4,\"name\":\"T\u00dcV-Report: Nur 70,8 Prozent der Nfz sind nach f\u00fcnf Jahren m\u00e4ngelfrei.\"}]},{\"@type\":\"WebSite\",\"@id\":\"https:\\\/\\\/www.krafthand.de\\\/truck\\\/#website\",\"url\":\"https:\\\/\\\/www.krafthand.de\\\/truck\\\/\",\"name\":\"Krafthand-Truck\",\"description\":\"\",\"potentialAction\":[{\"@type\":\"SearchAction\",\"target\":{\"@type\":\"EntryPoint\",\"urlTemplate\":\"https:\\\/\\\/www.krafthand.de\\\/truck\\\/?s={search_term_string}\"},\"query-input\":{\"@type\":\"PropertyValueSpecification\",\"valueRequired\":true,\"valueName\":\"search_term_string\"}}],\"inLanguage\":\"de\"},{\"@type\":\"Person\",\"@id\":\"https:\\\/\\\/www.krafthand.de\\\/truck\\\/#\\\/schema\\\/person\\\/51fa80b1c57034c4bf63f9f988fc24ce\",\"name\":\"georg.blenk@krafthand-medien.de\",\"image\":{\"@type\":\"ImageObject\",\"inLanguage\":\"de\",\"@id\":\"https:\\\/\\\/secure.gravatar.com\\\/avatar\\\/93713c30affe0aa95d3a4130e499bb1abee2eb31adbdd9ce2aa1543538490215?s=96&d=mm&r=g\",\"url\":\"https:\\\/\\\/secure.gravatar.com\\\/avatar\\\/93713c30affe0aa95d3a4130e499bb1abee2eb31adbdd9ce2aa1543538490215?s=96&d=mm&r=g\",\"contentUrl\":\"https:\\\/\\\/secure.gravatar.com\\\/avatar\\\/93713c30affe0aa95d3a4130e499bb1abee2eb31adbdd9ce2aa1543538490215?s=96&d=mm&r=g\",\"caption\":\"georg.blenk@krafthand-medien.de\"}}]}<\/script>\n<!-- \/ Yoast SEO plugin. -->","yoast_head_json":{"title":"T\u00dcV-Report: Nur 70,8 Prozent der Nfz sind nach f\u00fcnf Jahren m\u00e4ngelfrei. - Krafthand-Truck","description":"Dem aktuellen 'T\u00dcV-Report Nutzfahrzeuge 2023' zufolge, bestehen weniger Fahrzeuge ohne M\u00e4ngel die Hauptuntersuchung (HU).","robots":{"index":"index","follow":"follow","max-snippet":"max-snippet:-1","max-image-preview":"max-image-preview:large","max-video-preview":"max-video-preview:-1"},"canonical":"https:\/\/www.krafthand.de\/truck\/artikel\/tuev-report-nur-708-prozent-der-nfz-sind-nach-fuenf-jahren-maengelfrei-37567\/","og_locale":"de_DE","og_type":"article","og_title":"T\u00dcV-Report: Nur 70,8 Prozent der Nfz sind nach f\u00fcnf Jahren m\u00e4ngelfrei. - Krafthand-Truck","og_description":"Dem aktuellen 'T\u00dcV-Report Nutzfahrzeuge 2023' zufolge, bestehen weniger Fahrzeuge ohne M\u00e4ngel die Hauptuntersuchung (HU).","og_url":"https:\/\/www.krafthand-truck.de\/artikel\/tuev-report-nur-708-prozent-der-nfz-sind-nach-fuenf-jahren-maengelfrei-37567\/","og_site_name":"Krafthand-Truck","article_published_time":"2023-10-04T09:26:15+00:00","article_modified_time":"2023-10-04T14:02:33+00:00","og_image":[{"width":1200,"height":657,"url":"https:\/\/static.krafthand-truck.de\/uploads\/2023\/10\/TUEV_Report_Maengelquote_Nutzfahrzeuge_2023_HU2.jpg","type":"image\/jpeg"}],"author":"georg.blenk@krafthand-medien.de","twitter_card":"summary_large_image","twitter_misc":{"Verfasst von":"georg.blenk@krafthand-medien.de","Gesch\u00e4tzte Lesezeit":"4\u00a0Minuten"},"schema":{"@context":"https:\/\/schema.org","@graph":[{"@type":"Article","@id":"https:\/\/www.krafthand.de\/truck\/artikel\/tuev-report-nur-708-prozent-der-nfz-sind-nach-fuenf-jahren-maengelfrei-37567\/#article","isPartOf":{"@id":"https:\/\/www.krafthand.de\/truck\/artikel\/tuev-report-nur-708-prozent-der-nfz-sind-nach-fuenf-jahren-maengelfrei-37567\/"},"author":{"name":"georg.blenk@krafthand-medien.de","@id":"https:\/\/www.krafthand.de\/truck\/#\/schema\/person\/51fa80b1c57034c4bf63f9f988fc24ce"},"headline":"T\u00dcV-Report: Nur 70,8 Prozent der Nfz sind nach f\u00fcnf Jahren m\u00e4ngelfrei.","datePublished":"2023-10-04T09:26:15+00:00","dateModified":"2023-10-04T14:02:33+00:00","mainEntityOfPage":{"@id":"https:\/\/www.krafthand.de\/truck\/artikel\/tuev-report-nur-708-prozent-der-nfz-sind-nach-fuenf-jahren-maengelfrei-37567\/"},"wordCount":609,"image":{"@id":"https:\/\/www.krafthand.de\/truck\/artikel\/tuev-report-nur-708-prozent-der-nfz-sind-nach-fuenf-jahren-maengelfrei-37567\/#primaryimage"},"thumbnailUrl":"https:\/\/static.krafthand-truck.de\/uploads\/2023\/10\/TUEV_Report_Maengelquote_Nutzfahrzeuge_2023_HU2.jpg","keywords":["Hauptuntersuchung","M\u00e4ngel","T\u00dcV-Report Nutzfahrzeuge"],"articleSection":["Studien\/F+E"],"inLanguage":"de"},{"@type":"WebPage","@id":"https:\/\/www.krafthand.de\/truck\/artikel\/tuev-report-nur-708-prozent-der-nfz-sind-nach-fuenf-jahren-maengelfrei-37567\/","url":"https:\/\/www.krafthand.de\/truck\/artikel\/tuev-report-nur-708-prozent-der-nfz-sind-nach-fuenf-jahren-maengelfrei-37567\/","name":"T\u00dcV-Report: Nur 70,8 Prozent der Nfz sind nach f\u00fcnf Jahren m\u00e4ngelfrei. - Krafthand-Truck","isPartOf":{"@id":"https:\/\/www.krafthand.de\/truck\/#website"},"primaryImageOfPage":{"@id":"https:\/\/www.krafthand.de\/truck\/artikel\/tuev-report-nur-708-prozent-der-nfz-sind-nach-fuenf-jahren-maengelfrei-37567\/#primaryimage"},"image":{"@id":"https:\/\/www.krafthand.de\/truck\/artikel\/tuev-report-nur-708-prozent-der-nfz-sind-nach-fuenf-jahren-maengelfrei-37567\/#primaryimage"},"thumbnailUrl":"https:\/\/static.krafthand-truck.de\/uploads\/2023\/10\/TUEV_Report_Maengelquote_Nutzfahrzeuge_2023_HU2.jpg","datePublished":"2023-10-04T09:26:15+00:00","dateModified":"2023-10-04T14:02:33+00:00","author":{"@id":"https:\/\/www.krafthand.de\/truck\/#\/schema\/person\/51fa80b1c57034c4bf63f9f988fc24ce"},"description":"Dem aktuellen 'T\u00dcV-Report Nutzfahrzeuge 2023' zufolge, bestehen weniger Fahrzeuge ohne M\u00e4ngel die Hauptuntersuchung (HU).","breadcrumb":{"@id":"https:\/\/www.krafthand.de\/truck\/artikel\/tuev-report-nur-708-prozent-der-nfz-sind-nach-fuenf-jahren-maengelfrei-37567\/#breadcrumb"},"inLanguage":"de","potentialAction":[{"@type":"ReadAction","target":["https:\/\/www.krafthand.de\/truck\/artikel\/tuev-report-nur-708-prozent-der-nfz-sind-nach-fuenf-jahren-maengelfrei-37567\/"]}]},{"@type":"ImageObject","inLanguage":"de","@id":"https:\/\/www.krafthand.de\/truck\/artikel\/tuev-report-nur-708-prozent-der-nfz-sind-nach-fuenf-jahren-maengelfrei-37567\/#primaryimage","url":"https:\/\/static.krafthand-truck.de\/uploads\/2023\/10\/TUEV_Report_Maengelquote_Nutzfahrzeuge_2023_HU2.jpg","contentUrl":"https:\/\/static.krafthand-truck.de\/uploads\/2023\/10\/TUEV_Report_Maengelquote_Nutzfahrzeuge_2023_HU2.jpg","width":1200,"height":657},{"@type":"BreadcrumbList","@id":"https:\/\/www.krafthand.de\/truck\/artikel\/tuev-report-nur-708-prozent-der-nfz-sind-nach-fuenf-jahren-maengelfrei-37567\/#breadcrumb","itemListElement":[{"@type":"ListItem","position":1,"name":"Krafthand-Truck","item":"https:\/\/www.krafthand.de\/truck\/"},{"@type":"ListItem","position":2,"name":"Nfz-Branche","item":"https:\/\/www.krafthand.de\/truck\/kategorie\/branche\/"},{"@type":"ListItem","position":3,"name":"Studien\/F+E","item":"https:\/\/www.krafthand.de\/truck\/kategorie\/branche\/studien\/"},{"@type":"ListItem","position":4,"name":"T\u00dcV-Report: Nur 70,8 Prozent der Nfz sind nach f\u00fcnf Jahren m\u00e4ngelfrei."}]},{"@type":"WebSite","@id":"https:\/\/www.krafthand.de\/truck\/#website","url":"https:\/\/www.krafthand.de\/truck\/","name":"Krafthand-Truck","description":"","potentialAction":[{"@type":"SearchAction","target":{"@type":"EntryPoint","urlTemplate":"https:\/\/www.krafthand.de\/truck\/?s={search_term_string}"},"query-input":{"@type":"PropertyValueSpecification","valueRequired":true,"valueName":"search_term_string"}}],"inLanguage":"de"},{"@type":"Person","@id":"https:\/\/www.krafthand.de\/truck\/#\/schema\/person\/51fa80b1c57034c4bf63f9f988fc24ce","name":"georg.blenk@krafthand-medien.de","image":{"@type":"ImageObject","inLanguage":"de","@id":"https:\/\/secure.gravatar.com\/avatar\/93713c30affe0aa95d3a4130e499bb1abee2eb31adbdd9ce2aa1543538490215?s=96&d=mm&r=g","url":"https:\/\/secure.gravatar.com\/avatar\/93713c30affe0aa95d3a4130e499bb1abee2eb31adbdd9ce2aa1543538490215?s=96&d=mm&r=g","contentUrl":"https:\/\/secure.gravatar.com\/avatar\/93713c30affe0aa95d3a4130e499bb1abee2eb31adbdd9ce2aa1543538490215?s=96&d=mm&r=g","caption":"georg.blenk@krafthand-medien.de"}}]}},"_links":{"self":[{"href":"https:\/\/www.krafthand.de\/truck\/wp-json\/wp\/v2\/posts\/37567","targetHints":{"allow":["GET"]}}],"collection":[{"href":"https:\/\/www.krafthand.de\/truck\/wp-json\/wp\/v2\/posts"}],"about":[{"href":"https:\/\/www.krafthand.de\/truck\/wp-json\/wp\/v2\/types\/post"}],"author":[{"embeddable":true,"href":"https:\/\/www.krafthand.de\/truck\/wp-json\/wp\/v2\/users\/9"}],"replies":[{"embeddable":true,"href":"https:\/\/www.krafthand.de\/truck\/wp-json\/wp\/v2\/comments?post=37567"}],"version-history":[{"count":16,"href":"https:\/\/www.krafthand.de\/truck\/wp-json\/wp\/v2\/posts\/37567\/revisions"}],"predecessor-version":[{"id":37586,"href":"https:\/\/www.krafthand.de\/truck\/wp-json\/wp\/v2\/posts\/37567\/revisions\/37586"}],"wp:featuredmedia":[{"embeddable":true,"href":"https:\/\/www.krafthand.de\/truck\/wp-json\/wp\/v2\/media\/37578"}],"wp:attachment":[{"href":"https:\/\/www.krafthand.de\/truck\/wp-json\/wp\/v2\/media?parent=37567"}],"wp:term":[{"taxonomy":"category","embeddable":true,"href":"https:\/\/www.krafthand.de\/truck\/wp-json\/wp\/v2\/categories?post=37567"},{"taxonomy":"post_tag","embeddable":true,"href":"https:\/\/www.krafthand.de\/truck\/wp-json\/wp\/v2\/tags?post=37567"},{"taxonomy":"settings","embeddable":true,"href":"https:\/\/www.krafthand.de\/truck\/wp-json\/wp\/v2\/settings?post=37567"}],"curies":[{"name":"wp","href":"https:\/\/api.w.org\/{rel}","templated":true}]}}