{"id":37553,"date":"2023-10-02T10:53:55","date_gmt":"2023-10-02T08:53:55","guid":{"rendered":"https:\/\/www.krafthand.de\/truck\/?p=37553"},"modified":"2023-10-02T10:56:36","modified_gmt":"2023-10-02T08:56:36","slug":"e-trailer-zf-praesentierte-auf-der-nufam-neues-konzept-und-industriepartner","status":"publish","type":"post","link":"https:\/\/www.krafthand.de\/truck\/artikel\/e-trailer-zf-praesentierte-auf-der-nufam-neues-konzept-und-industriepartner-37553\/","title":{"rendered":"E-Trailer: ZF pr\u00e4sentierte auf der NUFAM neues Konzept und Industriepartner"},"content":{"rendered":"<p>K\u00fcrzlich stellt ZF auf der Nutzfahrzeugmesse NUFAM in Karlsruhe ein neues Konzept zur Elektrifizierung von Sattelaufliegern vor. Dabei integrierte man die elektrische Antriebsachse AxTrax 2 sowie ein modulares Batteriesystem zur Unterst\u00fctzung der Rekuperation und Traktion in einen Trailer der Firma Krone.\u00a0 Auf diese Weise macht das Gesamtsystem einen schweren Diesel-Lkw zu einem Hybridfahrzeug, das laut ZF bis zu 16 Prozent Kraftstoff und CO2 sparen kann. Die optionale Ausf\u00fchrung als Plug-in-Hybrid soll laut ZF sogar Einsparungen von bis zu 40 Prozent erm\u00f6glichen. Im rein elektrischen Gespann eingesetzt kann die Komplettl\u00f6sung zur Reichweitenverl\u00e4ngerung beitragen.<\/p>\n<p>&nbsp;<\/p>\n<figure id=\"attachment_37481\" aria-describedby=\"caption-attachment-37481\" style=\"width: 800px\" class=\"wp-caption aligncenter\"><img fetchpriority=\"high\" decoding=\"async\" class=\"wp-image-37481\" src=\"https:\/\/static.krafthand-truck.de\/uploads\/2023\/09\/Nufam_2023_ZF_EAchse_Axtrax2_Trailer-300x169.jpg\" alt=\"\" width=\"800\" height=\"450\" srcset=\"https:\/\/static.krafthand-truck.de\/uploads\/2023\/09\/Nufam_2023_ZF_EAchse_Axtrax2_Trailer-300x169.jpg 300w, https:\/\/static.krafthand-truck.de\/uploads\/2023\/09\/Nufam_2023_ZF_EAchse_Axtrax2_Trailer-1024x576.jpg 1024w, https:\/\/static.krafthand-truck.de\/uploads\/2023\/09\/Nufam_2023_ZF_EAchse_Axtrax2_Trailer-768x432.jpg 768w, https:\/\/static.krafthand-truck.de\/uploads\/2023\/09\/Nufam_2023_ZF_EAchse_Axtrax2_Trailer.jpg 1200w\" sizes=\"(max-width: 800px) 100vw, 800px\" \/><figcaption id=\"caption-attachment-37481\" class=\"wp-caption-text\">Im &#8218;Electrified-Trailer&#8216; kommt die E-Achse AxTrax 2 von ZF zum Einsatz. Bild: Blenk<\/figcaption><\/figure>\n<h3>Erste Partner aus der Industrie<\/h3>\n<p>Der Achsenhersteller <a href=\"https:\/\/www.bpw.de\" target=\"_blank\" rel=\"noopener\">BPW<\/a> beispielsweise, m\u00f6chte die <a href=\"https:\/\/www.zf.com\/products\/de\/cv\/stories_content_pages\/electrified_trailer_solution.html\" target=\"_blank\" rel=\"noopener\">ZF-L\u00f6sung<\/a> nutzen und weiter zum vollintegrierten Fahrwerkssystem f\u00fcr Trailer ausbauen. Zugleich setzen die Trailer-Hersteller <a href=\"https:\/\/www.kaessbohrer.com\/de\" target=\"_blank\" rel=\"noopener\">K\u00e4ssbohrer<\/a> und Krone ebenfalls auf die ZF-Technologie. Sie m\u00f6chten die ZF-L\u00f6sung in die eigenen Trailerplattformen aufnehmen. Dies besagen Vereinbarungen, die laut ZF im Vorfeld der Nutzfahrzeug-Messe NUFAM getroffen wurden. Krone arbeitet in Sachen E-Trailer auch bereits mit <a href=\"https:\/\/www.krafthand.de\/truck\/artikel\/wir-haben-eine-grosse-verantwortung-34523\/\" target=\"_blank\" rel=\"noopener\">Trailer-Dynamics<\/a> zusammen, die seit L\u00e4ngerem bereits eine Antriebsl\u00f6sung f\u00fcr E-Trailer vorhalten. An Konkurrenz mangelt es also nicht.<\/p>\n<blockquote><p>\u201eDie Elektrifizierung von Trailern ist eine L\u00f6sung, um den Stra\u00dfeng\u00fcterverkehr zeitnah zu dekarbonisieren\u201c, so Dr. Bernd Meurer, bei ZF verantwortlich f\u00fcr den elektrischen Trailer. \u201eAnstatt nur vom Lkw gezogen zu werden, bietet der neue Gesamtansatz eine zus\u00e4tzliche Traktionsunterst\u00fctzung bei gleichzeitiger Kraftstoffeinsparung, Reduzierung der CO2-Emissionen und gesteigerter Nachhaltigkeit.\u201c<\/p><\/blockquote>\n<h3>Vorteile des elektrifizierten Trailers<\/h3>\n<figure id=\"attachment_37561\" aria-describedby=\"caption-attachment-37561\" style=\"width: 480px\" class=\"wp-caption alignleft\"><a href=\"https:\/\/static.krafthand-truck.de\/uploads\/2023\/10\/ZF_eTrailer_Systemintegration.jpg\" target=\"_blank\" rel=\"noopener\"><img decoding=\"async\" class=\"wp-image-37561\" src=\"https:\/\/static.krafthand-truck.de\/uploads\/2023\/10\/ZF_eTrailer_Systemintegration-300x177.jpg\" alt=\"\" width=\"480\" height=\"283\" srcset=\"https:\/\/static.krafthand-truck.de\/uploads\/2023\/10\/ZF_eTrailer_Systemintegration-300x177.jpg 300w, https:\/\/static.krafthand-truck.de\/uploads\/2023\/10\/ZF_eTrailer_Systemintegration-1024x603.jpg 1024w, https:\/\/static.krafthand-truck.de\/uploads\/2023\/10\/ZF_eTrailer_Systemintegration-768x452.jpg 768w, https:\/\/static.krafthand-truck.de\/uploads\/2023\/10\/ZF_eTrailer_Systemintegration.jpg 1200w\" sizes=\"(max-width: 480px) 100vw, 480px\" \/><\/a><figcaption id=\"caption-attachment-37561\" class=\"wp-caption-text\">Systemdarstellung: Komplettl\u00f6sung zur Anh\u00e4nger-Elektrifizierung von ZF. Bild: ZF<\/figcaption><\/figure>\n<p>Die Elektrifizierungs-Technologie f\u00fcr Trailer kombiniert das Know-how f\u00fcr elektrifizierte Achsen und f\u00fcr Bremsregelsysteme. Das elektrische Achs-Antriebssystem AxTrax 2 erm\u00f6glicht eine Rekuperations- und Traktions-Unterst\u00fctzung f\u00fcr bis zu 210 kW (Dauerleistung) und max. 26.000 Nm Drehmoment. Zudem reduziert das Gesamtsystem laut ZF den Integrationsaufwand bei den Herstellern. Gleichzeitig soll die elektrifizierte Anh\u00e4nger-L\u00f6sung attraktive Gesamtbetriebskosten durch einen skalierbaren Systemansatz bieten, der den unterschiedlichen Anforderungen von Flotten gerecht wird. Die elektrifizierte Trailer-L\u00f6sung von ZF ist auf zuk\u00fcnftige Standards und die Einhaltung nationaler und regionaler Vorschriften ausgelegt. Die ersten Sattelzug-Auflieger mit elektrifiziertem Antrieb werden laut ZF voraussichtlich in Europa unterwegs sein. Voraussetzung ist die gesetzliche Zulassung.<\/p>\n<p>&nbsp;<\/p>\n<div class=\"in-article ad\" data-track-content data-content-name=\"In Artikel Banner\" data-content-piece=\"E-Trailer: ZF pr\u00e4sentierte auf der NUFAM neues Konzept und Industriepartner - 37553\"><ins data-revive-zoneid=\"38\" data-revive-id=\"04237dfbc3c6f3bc11c0af02bebcbeab\"><\/ins><\/div>\n\r\n\t\t\t\t<div class=\"post-author\">\r\n\t\t\t\t\t<div class=\"khm-cp-author clearfix\">\r\n\t\t\t\t\t\t<div class=\"khm-cp-author__content\">\r\n\t\t\t\t\t\t\t\tKontakt zum Autor:<br \/>\r\n\t\t\t\t\t\t\t\t<strong>Georg Blenk<\/strong>, 08247 \/ 3007-45 |  <a href=\"mailto:georg.blenk@krafthand-medien.de\">georg.blenk@krafthand-medien.de<\/a>\r\n\t\t\t\t\t\t\t<div class=\"khm-cp-author__image\">\r\n\t\t\t\t\t\t<img src=\"https:\/\/static.krafthand-truck.de\/uploads\/2021\/01\/Blenk_6104-250x300-1-removebg-preview.png\" class=\"img-responsive\">\r\n\t\t\t\t\t<\/div>\r\n\t\t\t\t\t\t<\/div>\r\n\t\t\t\t\t<\/div>\r\n\t\t\t\t<\/div>\r\n\t\t\t\t","protected":false},"excerpt":{"rendered":"<p>K\u00fcrzlich stellt ZF auf der Nutzfahrzeugmesse NUFAM in Karlsruhe ein neues Konzept zur Elektrifizierung von Sattelaufliegern vor. Dabei integrierte man die elektrische Antriebsachse AxTrax 2 sowie ein modulares Batteriesystem zur Unterst\u00fctzung der Rekuperation und Traktion in einen Trailer der Firma Krone.\u00a0 <span class=\"excerpt-more__dots\">&#8230;<\/span> <a class=\"excerpt-more__link\" href=\"https:\/\/www.krafthand.de\/truck\/artikel\/e-trailer-zf-praesentierte-auf-der-nufam-neues-konzept-und-industriepartner-37553\/\" >weiter<\/a><\/p>\n","protected":false},"author":9,"featured_media":37480,"comment_status":"closed","ping_status":"closed","sticky":false,"template":"","format":"standard","meta":{"footnotes":""},"categories":[4224,4915,4914],"tags":[173,5696,5747,388,407,187],"settings":[3524,4766,3523],"class_list":["post-37553","post","type-post","status-publish","format-standard","has-post-thumbnail","hentry","category-e-antrieb","category-neue-fahrzeuge","category-trailer-aufbauten","tag-bpw","tag-e-trailer","tag-kaessbohrer","tag-krone","tag-nufam","tag-zf"],"yoast_head":"<!-- This site is optimized with the Yoast SEO plugin v27.3 - https:\/\/yoast.com\/product\/yoast-seo-wordpress\/ -->\n<title>E-Trailer: ZF pr\u00e4sentierte auf der NUFAM neues Konzept und Industriepartner - Krafthand-Truck<\/title>\n<meta name=\"description\" content=\"K\u00fcrzlich stellt ZF auf der Nutzfahrzeugmesse NUFAM in Karlsruhe ein neues Konzept zur Elektrifizierung von Sattelaufliegern vor.\" \/>\n<meta name=\"robots\" content=\"index, follow, max-snippet:-1, max-image-preview:large, max-video-preview:-1\" \/>\n<link rel=\"canonical\" href=\"https:\/\/www.krafthand.de\/truck\/artikel\/e-trailer-zf-praesentierte-auf-der-nufam-neues-konzept-und-industriepartner-37553\/\" \/>\n<meta property=\"og:locale\" content=\"de_DE\" \/>\n<meta property=\"og:type\" content=\"article\" \/>\n<meta property=\"og:title\" content=\"E-Trailer: ZF pr\u00e4sentierte auf der NUFAM neues Konzept und Industriepartner - Krafthand-Truck\" \/>\n<meta property=\"og:description\" content=\"K\u00fcrzlich stellt ZF auf der Nutzfahrzeugmesse NUFAM in Karlsruhe ein neues Konzept zur Elektrifizierung von Sattelaufliegern vor.\" \/>\n<meta property=\"og:url\" content=\"https:\/\/www.krafthand-truck.de\/artikel\/e-trailer-zf-praesentierte-auf-der-nufam-neues-konzept-und-industriepartner-37553\/\" \/>\n<meta property=\"og:site_name\" content=\"Krafthand-Truck\" \/>\n<meta property=\"article:published_time\" content=\"2023-10-02T08:53:55+00:00\" \/>\n<meta property=\"article:modified_time\" content=\"2023-10-02T08:56:36+00:00\" \/>\n<meta property=\"og:image\" content=\"https:\/\/static.krafthand-truck.de\/uploads\/2023\/09\/Nufam_2023_ZF_E_Trailer.jpg\" \/>\n\t<meta property=\"og:image:width\" content=\"1200\" \/>\n\t<meta property=\"og:image:height\" content=\"740\" \/>\n\t<meta property=\"og:image:type\" content=\"image\/jpeg\" \/>\n<meta name=\"author\" content=\"georg.blenk@krafthand-medien.de\" \/>\n<meta name=\"twitter:card\" content=\"summary_large_image\" \/>\n<meta name=\"twitter:label1\" content=\"Verfasst von\" \/>\n\t<meta name=\"twitter:data1\" content=\"georg.blenk@krafthand-medien.de\" \/>\n\t<meta name=\"twitter:label2\" content=\"Gesch\u00e4tzte Lesezeit\" \/>\n\t<meta name=\"twitter:data2\" content=\"3\u00a0Minuten\" \/>\n<script type=\"application\/ld+json\" class=\"yoast-schema-graph\">{\"@context\":\"https:\\\/\\\/schema.org\",\"@graph\":[{\"@type\":\"Article\",\"@id\":\"https:\\\/\\\/www.krafthand.de\\\/truck\\\/artikel\\\/e-trailer-zf-praesentierte-auf-der-nufam-neues-konzept-und-industriepartner-37553\\\/#article\",\"isPartOf\":{\"@id\":\"https:\\\/\\\/www.krafthand.de\\\/truck\\\/artikel\\\/e-trailer-zf-praesentierte-auf-der-nufam-neues-konzept-und-industriepartner-37553\\\/\"},\"author\":{\"name\":\"georg.blenk@krafthand-medien.de\",\"@id\":\"https:\\\/\\\/www.krafthand.de\\\/truck\\\/#\\\/schema\\\/person\\\/51fa80b1c57034c4bf63f9f988fc24ce\"},\"headline\":\"E-Trailer: ZF pr\u00e4sentierte auf der NUFAM neues Konzept und Industriepartner\",\"datePublished\":\"2023-10-02T08:53:55+00:00\",\"dateModified\":\"2023-10-02T08:56:36+00:00\",\"mainEntityOfPage\":{\"@id\":\"https:\\\/\\\/www.krafthand.de\\\/truck\\\/artikel\\\/e-trailer-zf-praesentierte-auf-der-nufam-neues-konzept-und-industriepartner-37553\\\/\"},\"wordCount\":401,\"image\":{\"@id\":\"https:\\\/\\\/www.krafthand.de\\\/truck\\\/artikel\\\/e-trailer-zf-praesentierte-auf-der-nufam-neues-konzept-und-industriepartner-37553\\\/#primaryimage\"},\"thumbnailUrl\":\"https:\\\/\\\/static.krafthand-truck.de\\\/uploads\\\/2023\\\/09\\\/Nufam_2023_ZF_E_Trailer.jpg\",\"keywords\":[\"BPW\",\"E-Trailer\",\"K\u00e4ssbohrer\",\"Krone\",\"Nufam\",\"ZF\"],\"articleSection\":[\"E-Antrieb (BEV\\\/FCEV)\",\"Neue Fahrzeuge\",\"Trailer\\\/Aufbauten\"],\"inLanguage\":\"de\"},{\"@type\":\"WebPage\",\"@id\":\"https:\\\/\\\/www.krafthand.de\\\/truck\\\/artikel\\\/e-trailer-zf-praesentierte-auf-der-nufam-neues-konzept-und-industriepartner-37553\\\/\",\"url\":\"https:\\\/\\\/www.krafthand.de\\\/truck\\\/artikel\\\/e-trailer-zf-praesentierte-auf-der-nufam-neues-konzept-und-industriepartner-37553\\\/\",\"name\":\"E-Trailer: ZF pr\u00e4sentierte auf der NUFAM neues Konzept und Industriepartner - Krafthand-Truck\",\"isPartOf\":{\"@id\":\"https:\\\/\\\/www.krafthand.de\\\/truck\\\/#website\"},\"primaryImageOfPage\":{\"@id\":\"https:\\\/\\\/www.krafthand.de\\\/truck\\\/artikel\\\/e-trailer-zf-praesentierte-auf-der-nufam-neues-konzept-und-industriepartner-37553\\\/#primaryimage\"},\"image\":{\"@id\":\"https:\\\/\\\/www.krafthand.de\\\/truck\\\/artikel\\\/e-trailer-zf-praesentierte-auf-der-nufam-neues-konzept-und-industriepartner-37553\\\/#primaryimage\"},\"thumbnailUrl\":\"https:\\\/\\\/static.krafthand-truck.de\\\/uploads\\\/2023\\\/09\\\/Nufam_2023_ZF_E_Trailer.jpg\",\"datePublished\":\"2023-10-02T08:53:55+00:00\",\"dateModified\":\"2023-10-02T08:56:36+00:00\",\"author\":{\"@id\":\"https:\\\/\\\/www.krafthand.de\\\/truck\\\/#\\\/schema\\\/person\\\/51fa80b1c57034c4bf63f9f988fc24ce\"},\"description\":\"K\u00fcrzlich stellt ZF auf der Nutzfahrzeugmesse NUFAM in Karlsruhe ein neues Konzept zur Elektrifizierung von Sattelaufliegern vor.\",\"breadcrumb\":{\"@id\":\"https:\\\/\\\/www.krafthand.de\\\/truck\\\/artikel\\\/e-trailer-zf-praesentierte-auf-der-nufam-neues-konzept-und-industriepartner-37553\\\/#breadcrumb\"},\"inLanguage\":\"de\",\"potentialAction\":[{\"@type\":\"ReadAction\",\"target\":[\"https:\\\/\\\/www.krafthand.de\\\/truck\\\/artikel\\\/e-trailer-zf-praesentierte-auf-der-nufam-neues-konzept-und-industriepartner-37553\\\/\"]}]},{\"@type\":\"ImageObject\",\"inLanguage\":\"de\",\"@id\":\"https:\\\/\\\/www.krafthand.de\\\/truck\\\/artikel\\\/e-trailer-zf-praesentierte-auf-der-nufam-neues-konzept-und-industriepartner-37553\\\/#primaryimage\",\"url\":\"https:\\\/\\\/static.krafthand-truck.de\\\/uploads\\\/2023\\\/09\\\/Nufam_2023_ZF_E_Trailer.jpg\",\"contentUrl\":\"https:\\\/\\\/static.krafthand-truck.de\\\/uploads\\\/2023\\\/09\\\/Nufam_2023_ZF_E_Trailer.jpg\",\"width\":1200,\"height\":740,\"caption\":\"Der Electrified-Trailer von ZF. Bild: Blenk\"},{\"@type\":\"BreadcrumbList\",\"@id\":\"https:\\\/\\\/www.krafthand.de\\\/truck\\\/artikel\\\/e-trailer-zf-praesentierte-auf-der-nufam-neues-konzept-und-industriepartner-37553\\\/#breadcrumb\",\"itemListElement\":[{\"@type\":\"ListItem\",\"position\":1,\"name\":\"Krafthand-Truck\",\"item\":\"https:\\\/\\\/www.krafthand.de\\\/truck\\\/\"},{\"@type\":\"ListItem\",\"position\":2,\"name\":\"IT+Fuhrpark\",\"item\":\"https:\\\/\\\/www.krafthand.de\\\/truck\\\/kategorie\\\/fuhrpark\\\/\"},{\"@type\":\"ListItem\",\"position\":3,\"name\":\"Neue Fahrzeuge\",\"item\":\"https:\\\/\\\/www.krafthand.de\\\/truck\\\/kategorie\\\/fuhrpark\\\/neue-fahrzeuge\\\/\"},{\"@type\":\"ListItem\",\"position\":4,\"name\":\"E-Trailer: ZF pr\u00e4sentierte auf der NUFAM neues Konzept und Industriepartner\"}]},{\"@type\":\"WebSite\",\"@id\":\"https:\\\/\\\/www.krafthand.de\\\/truck\\\/#website\",\"url\":\"https:\\\/\\\/www.krafthand.de\\\/truck\\\/\",\"name\":\"Krafthand-Truck\",\"description\":\"\",\"potentialAction\":[{\"@type\":\"SearchAction\",\"target\":{\"@type\":\"EntryPoint\",\"urlTemplate\":\"https:\\\/\\\/www.krafthand.de\\\/truck\\\/?s={search_term_string}\"},\"query-input\":{\"@type\":\"PropertyValueSpecification\",\"valueRequired\":true,\"valueName\":\"search_term_string\"}}],\"inLanguage\":\"de\"},{\"@type\":\"Person\",\"@id\":\"https:\\\/\\\/www.krafthand.de\\\/truck\\\/#\\\/schema\\\/person\\\/51fa80b1c57034c4bf63f9f988fc24ce\",\"name\":\"georg.blenk@krafthand-medien.de\",\"image\":{\"@type\":\"ImageObject\",\"inLanguage\":\"de\",\"@id\":\"https:\\\/\\\/secure.gravatar.com\\\/avatar\\\/93713c30affe0aa95d3a4130e499bb1abee2eb31adbdd9ce2aa1543538490215?s=96&d=mm&r=g\",\"url\":\"https:\\\/\\\/secure.gravatar.com\\\/avatar\\\/93713c30affe0aa95d3a4130e499bb1abee2eb31adbdd9ce2aa1543538490215?s=96&d=mm&r=g\",\"contentUrl\":\"https:\\\/\\\/secure.gravatar.com\\\/avatar\\\/93713c30affe0aa95d3a4130e499bb1abee2eb31adbdd9ce2aa1543538490215?s=96&d=mm&r=g\",\"caption\":\"georg.blenk@krafthand-medien.de\"}}]}<\/script>\n<!-- \/ Yoast SEO plugin. -->","yoast_head_json":{"title":"E-Trailer: ZF pr\u00e4sentierte auf der NUFAM neues Konzept und Industriepartner - Krafthand-Truck","description":"K\u00fcrzlich stellt ZF auf der Nutzfahrzeugmesse NUFAM in Karlsruhe ein neues Konzept zur Elektrifizierung von Sattelaufliegern vor.","robots":{"index":"index","follow":"follow","max-snippet":"max-snippet:-1","max-image-preview":"max-image-preview:large","max-video-preview":"max-video-preview:-1"},"canonical":"https:\/\/www.krafthand.de\/truck\/artikel\/e-trailer-zf-praesentierte-auf-der-nufam-neues-konzept-und-industriepartner-37553\/","og_locale":"de_DE","og_type":"article","og_title":"E-Trailer: ZF pr\u00e4sentierte auf der NUFAM neues Konzept und Industriepartner - Krafthand-Truck","og_description":"K\u00fcrzlich stellt ZF auf der Nutzfahrzeugmesse NUFAM in Karlsruhe ein neues Konzept zur Elektrifizierung von Sattelaufliegern vor.","og_url":"https:\/\/www.krafthand-truck.de\/artikel\/e-trailer-zf-praesentierte-auf-der-nufam-neues-konzept-und-industriepartner-37553\/","og_site_name":"Krafthand-Truck","article_published_time":"2023-10-02T08:53:55+00:00","article_modified_time":"2023-10-02T08:56:36+00:00","og_image":[{"width":1200,"height":740,"url":"https:\/\/static.krafthand-truck.de\/uploads\/2023\/09\/Nufam_2023_ZF_E_Trailer.jpg","type":"image\/jpeg"}],"author":"georg.blenk@krafthand-medien.de","twitter_card":"summary_large_image","twitter_misc":{"Verfasst von":"georg.blenk@krafthand-medien.de","Gesch\u00e4tzte Lesezeit":"3\u00a0Minuten"},"schema":{"@context":"https:\/\/schema.org","@graph":[{"@type":"Article","@id":"https:\/\/www.krafthand.de\/truck\/artikel\/e-trailer-zf-praesentierte-auf-der-nufam-neues-konzept-und-industriepartner-37553\/#article","isPartOf":{"@id":"https:\/\/www.krafthand.de\/truck\/artikel\/e-trailer-zf-praesentierte-auf-der-nufam-neues-konzept-und-industriepartner-37553\/"},"author":{"name":"georg.blenk@krafthand-medien.de","@id":"https:\/\/www.krafthand.de\/truck\/#\/schema\/person\/51fa80b1c57034c4bf63f9f988fc24ce"},"headline":"E-Trailer: ZF pr\u00e4sentierte auf der NUFAM neues Konzept und Industriepartner","datePublished":"2023-10-02T08:53:55+00:00","dateModified":"2023-10-02T08:56:36+00:00","mainEntityOfPage":{"@id":"https:\/\/www.krafthand.de\/truck\/artikel\/e-trailer-zf-praesentierte-auf-der-nufam-neues-konzept-und-industriepartner-37553\/"},"wordCount":401,"image":{"@id":"https:\/\/www.krafthand.de\/truck\/artikel\/e-trailer-zf-praesentierte-auf-der-nufam-neues-konzept-und-industriepartner-37553\/#primaryimage"},"thumbnailUrl":"https:\/\/static.krafthand-truck.de\/uploads\/2023\/09\/Nufam_2023_ZF_E_Trailer.jpg","keywords":["BPW","E-Trailer","K\u00e4ssbohrer","Krone","Nufam","ZF"],"articleSection":["E-Antrieb (BEV\/FCEV)","Neue Fahrzeuge","Trailer\/Aufbauten"],"inLanguage":"de"},{"@type":"WebPage","@id":"https:\/\/www.krafthand.de\/truck\/artikel\/e-trailer-zf-praesentierte-auf-der-nufam-neues-konzept-und-industriepartner-37553\/","url":"https:\/\/www.krafthand.de\/truck\/artikel\/e-trailer-zf-praesentierte-auf-der-nufam-neues-konzept-und-industriepartner-37553\/","name":"E-Trailer: ZF pr\u00e4sentierte auf der NUFAM neues Konzept und Industriepartner - Krafthand-Truck","isPartOf":{"@id":"https:\/\/www.krafthand.de\/truck\/#website"},"primaryImageOfPage":{"@id":"https:\/\/www.krafthand.de\/truck\/artikel\/e-trailer-zf-praesentierte-auf-der-nufam-neues-konzept-und-industriepartner-37553\/#primaryimage"},"image":{"@id":"https:\/\/www.krafthand.de\/truck\/artikel\/e-trailer-zf-praesentierte-auf-der-nufam-neues-konzept-und-industriepartner-37553\/#primaryimage"},"thumbnailUrl":"https:\/\/static.krafthand-truck.de\/uploads\/2023\/09\/Nufam_2023_ZF_E_Trailer.jpg","datePublished":"2023-10-02T08:53:55+00:00","dateModified":"2023-10-02T08:56:36+00:00","author":{"@id":"https:\/\/www.krafthand.de\/truck\/#\/schema\/person\/51fa80b1c57034c4bf63f9f988fc24ce"},"description":"K\u00fcrzlich stellt ZF auf der Nutzfahrzeugmesse NUFAM in Karlsruhe ein neues Konzept zur Elektrifizierung von Sattelaufliegern vor.","breadcrumb":{"@id":"https:\/\/www.krafthand.de\/truck\/artikel\/e-trailer-zf-praesentierte-auf-der-nufam-neues-konzept-und-industriepartner-37553\/#breadcrumb"},"inLanguage":"de","potentialAction":[{"@type":"ReadAction","target":["https:\/\/www.krafthand.de\/truck\/artikel\/e-trailer-zf-praesentierte-auf-der-nufam-neues-konzept-und-industriepartner-37553\/"]}]},{"@type":"ImageObject","inLanguage":"de","@id":"https:\/\/www.krafthand.de\/truck\/artikel\/e-trailer-zf-praesentierte-auf-der-nufam-neues-konzept-und-industriepartner-37553\/#primaryimage","url":"https:\/\/static.krafthand-truck.de\/uploads\/2023\/09\/Nufam_2023_ZF_E_Trailer.jpg","contentUrl":"https:\/\/static.krafthand-truck.de\/uploads\/2023\/09\/Nufam_2023_ZF_E_Trailer.jpg","width":1200,"height":740,"caption":"Der Electrified-Trailer von ZF. Bild: Blenk"},{"@type":"BreadcrumbList","@id":"https:\/\/www.krafthand.de\/truck\/artikel\/e-trailer-zf-praesentierte-auf-der-nufam-neues-konzept-und-industriepartner-37553\/#breadcrumb","itemListElement":[{"@type":"ListItem","position":1,"name":"Krafthand-Truck","item":"https:\/\/www.krafthand.de\/truck\/"},{"@type":"ListItem","position":2,"name":"IT+Fuhrpark","item":"https:\/\/www.krafthand.de\/truck\/kategorie\/fuhrpark\/"},{"@type":"ListItem","position":3,"name":"Neue Fahrzeuge","item":"https:\/\/www.krafthand.de\/truck\/kategorie\/fuhrpark\/neue-fahrzeuge\/"},{"@type":"ListItem","position":4,"name":"E-Trailer: ZF pr\u00e4sentierte auf der NUFAM neues Konzept und Industriepartner"}]},{"@type":"WebSite","@id":"https:\/\/www.krafthand.de\/truck\/#website","url":"https:\/\/www.krafthand.de\/truck\/","name":"Krafthand-Truck","description":"","potentialAction":[{"@type":"SearchAction","target":{"@type":"EntryPoint","urlTemplate":"https:\/\/www.krafthand.de\/truck\/?s={search_term_string}"},"query-input":{"@type":"PropertyValueSpecification","valueRequired":true,"valueName":"search_term_string"}}],"inLanguage":"de"},{"@type":"Person","@id":"https:\/\/www.krafthand.de\/truck\/#\/schema\/person\/51fa80b1c57034c4bf63f9f988fc24ce","name":"georg.blenk@krafthand-medien.de","image":{"@type":"ImageObject","inLanguage":"de","@id":"https:\/\/secure.gravatar.com\/avatar\/93713c30affe0aa95d3a4130e499bb1abee2eb31adbdd9ce2aa1543538490215?s=96&d=mm&r=g","url":"https:\/\/secure.gravatar.com\/avatar\/93713c30affe0aa95d3a4130e499bb1abee2eb31adbdd9ce2aa1543538490215?s=96&d=mm&r=g","contentUrl":"https:\/\/secure.gravatar.com\/avatar\/93713c30affe0aa95d3a4130e499bb1abee2eb31adbdd9ce2aa1543538490215?s=96&d=mm&r=g","caption":"georg.blenk@krafthand-medien.de"}}]}},"_links":{"self":[{"href":"https:\/\/www.krafthand.de\/truck\/wp-json\/wp\/v2\/posts\/37553","targetHints":{"allow":["GET"]}}],"collection":[{"href":"https:\/\/www.krafthand.de\/truck\/wp-json\/wp\/v2\/posts"}],"about":[{"href":"https:\/\/www.krafthand.de\/truck\/wp-json\/wp\/v2\/types\/post"}],"author":[{"embeddable":true,"href":"https:\/\/www.krafthand.de\/truck\/wp-json\/wp\/v2\/users\/9"}],"replies":[{"embeddable":true,"href":"https:\/\/www.krafthand.de\/truck\/wp-json\/wp\/v2\/comments?post=37553"}],"version-history":[{"count":12,"href":"https:\/\/www.krafthand.de\/truck\/wp-json\/wp\/v2\/posts\/37553\/revisions"}],"predecessor-version":[{"id":37566,"href":"https:\/\/www.krafthand.de\/truck\/wp-json\/wp\/v2\/posts\/37553\/revisions\/37566"}],"wp:featuredmedia":[{"embeddable":true,"href":"https:\/\/www.krafthand.de\/truck\/wp-json\/wp\/v2\/media\/37480"}],"wp:attachment":[{"href":"https:\/\/www.krafthand.de\/truck\/wp-json\/wp\/v2\/media?parent=37553"}],"wp:term":[{"taxonomy":"category","embeddable":true,"href":"https:\/\/www.krafthand.de\/truck\/wp-json\/wp\/v2\/categories?post=37553"},{"taxonomy":"post_tag","embeddable":true,"href":"https:\/\/www.krafthand.de\/truck\/wp-json\/wp\/v2\/tags?post=37553"},{"taxonomy":"settings","embeddable":true,"href":"https:\/\/www.krafthand.de\/truck\/wp-json\/wp\/v2\/settings?post=37553"}],"curies":[{"name":"wp","href":"https:\/\/api.w.org\/{rel}","templated":true}]}}