{"id":37414,"date":"2023-09-25T12:17:23","date_gmt":"2023-09-25T10:17:23","guid":{"rendered":"https:\/\/www.krafthand.de\/truck\/?p=37414"},"modified":"2023-09-25T12:20:29","modified_gmt":"2023-09-25T10:20:29","slug":"passau-sperrwies-erster-mobility-hub-in-deutschland-fuer-lkw-eroeffnet","status":"publish","type":"post","link":"https:\/\/www.krafthand.de\/truck\/artikel\/passau-sperrwies-erster-mobility-hub-in-deutschland-fuer-lkw-eroeffnet-37414\/","title":{"rendered":"Passau-Sperrwies: Erster Mobility Hub in Deutschland f\u00fcr Lkw er\u00f6ffnet"},"content":{"rendered":"<p>Der Spezialist f\u00fcr Energie-, Kraft- und Schmierstoffe <a href=\"https:\/\/www.maierkorduletsch.de\" target=\"_blank\" rel=\"noopener\">MaierKorduletsch, <\/a>hat k\u00fcrzlich auf dem Gel\u00e4nde der <a href=\"https:\/\/paul.group\/\" target=\"_blank\" rel=\"noopener\">Paul Group<\/a> in Passau Sperrwies den ersten Mobility Hub f\u00fcr Lkw in Deutschland er\u00f6ffnet. Die Tankstelle bietet neben konventionellen Kraftstoffen zwei H2-Tanks\u00e4ulen mit 350 bar f\u00fcr Lkw sowie zw\u00f6lf HPC-Schnellladepunkte (High-Power-Charging) f\u00fcr Pkw und Lkw.<\/p>\n<p>Der Mobility Hub ist mit einer leistungsstarken 230 kWp Photovoltaik-Anlage und einem intelligenten Energiemanagementsystem ausgestattet. Dazu geh\u00f6ren nachhaltige Eigenenergiegewinnung aus PV f\u00fcr die betriebliche Nutzung und Energiehandel im Intra-Day-Strommarkt mit netzdienlichen Leistungen durch Sektorenkopplung von Strommarkt und Mobilit\u00e4t.<\/p>\n<blockquote><p>&#8222;Die Tankstelle wird neu definiert: erneuerbarer Wasserstoff und Strom f\u00fcr Lkw sowie das klassische Kraftstoffangebot unter einem Dach. Damit wollen wir die Zukunft der Logistikbranche schon heute m\u00f6glich machen&#8220;, so Lorenz Maier, Gesch\u00e4ftsf\u00fchrer bei MaierKorduletsch, Investor, Bauherr und Betreiber.<\/p><\/blockquote>\n<p>Die Er\u00f6ffnung des Next Mobility Hub wurde von Vertreter aus der Politik, wie Hubert Aiwanger (Staatsminister f\u00fcr Wirtschaft, Landesentwicklung und Energie in Bayern); J\u00fcrgen Dupper (Oberb\u00fcrgermeister von Passau) und Raimund Kneidinger (Landrat im Landkreis) begleitet.<\/p>\n<div class=\"in-article ad\" data-track-content data-content-name=\"In Artikel Banner\" data-content-piece=\"Passau-Sperrwies: Erster Mobility Hub in Deutschland f\u00fcr Lkw er\u00f6ffnet - 37414\"><ins data-revive-zoneid=\"38\" data-revive-id=\"04237dfbc3c6f3bc11c0af02bebcbeab\"><\/ins><\/div>\n<h3>PH2P-Truck von Paul Nutzfahrzeuge hat mit dem Mobility Hub neue Anlaufstation<\/h3>\n<p>Um die Verf\u00fcgbarkeit der Fahrzeuge mit Brennstoffzelle (FCEV) in der Transport- und Logistikbranche zu f\u00f6rdern, hat die Paul Group den sogenannten PH2P-Truck entwickelt und fertigt diesen mit individuellen Aufbauten nach Kundenwunsch. Im Rahmen von hauseigenen Pre- und Aftersales-Services bietet die Paul Group mit der Paul Academy zus\u00e4tzlich ein digitales Schulungsprogramm f\u00fcr Fahrer, Tankstellenpersonal, Wartung- und Servicekr\u00e4fte an.<\/p>\n<blockquote><p>\u201eMit unserer Entwicklung des PH2P\u00ae Truck und unserer gro\u00dfen Expertise im Auf- und Umbau von Fahrzeugen k\u00f6nnen wir eine individuelle Anpassung an Nutzungskonzepte der Transporteure auf h\u00f6chstem Niveau umsetzen und gleichzeitig die Zukunft der Logistikbranche gestalten&#8220;, erkl\u00e4rt Bernhard Wasner, CEO der Paul Group.<\/p><\/blockquote>\n<p><strong>Anm.d.Red.:<\/strong> Ein ausf\u00fchrliches Interview mit Bernhard Wasner finden Sie <a href=\"https:\/\/www.krafthand.de\/truck\/artikel\/wir-reden-nicht-wir-machen-35557\/\" target=\"_blank\" rel=\"noopener\">hier<\/a>.<\/p>\n<h3>Shell mit Pay-per-Use-System mit im Boot<\/h3>\n<p>Der Mineral\u00f6lkonzern Shell\u00a0 hat die ersten 25 PH2P-Trucks \u00fcber ein sogenanntes Pay-Per-Use-System vermarktet. Das f\u00f6rderf\u00e4hige Fahrzeug bietet 450 km Reichweite und verbraucht rund 6,5 Kilogramm Wasserstoff auf 100 Kilometer, die H\u00f6chstgeschwindigkeit liegt bei 85 km\/h, die Dauerleistung bei 120 und die Spitzenleistung bei 300 Kilowatt. Das Angebot von Shell sieht vor, dass ein monatlicher Tarif die gefahrenen Kilometer und neben dem Fahrzeug auch den Wasserstoff, Versicherung und Wartung, Betriebseinweisung sowie Kundensupport abdeckt. Auch die Beantragung von F\u00f6rdermitteln sowie Pr\u00fcf- und Auszahlungsverfahren bildet das Angebot ab.<\/p>\n\r\n\t\t\t\t<div class=\"post-author\">\r\n\t\t\t\t\t<div class=\"khm-cp-author clearfix\">\r\n\t\t\t\t\t\t<div class=\"khm-cp-author__content\">\r\n\t\t\t\t\t\t\t\tKontakt zum Autor:<br \/>\r\n\t\t\t\t\t\t\t\t<strong>Georg Blenk<\/strong>, 08247 \/ 3007-45 |  <a href=\"mailto:georg.blenk@krafthand-medien.de\">georg.blenk@krafthand-medien.de<\/a>\r\n\t\t\t\t\t\t\t<div class=\"khm-cp-author__image\">\r\n\t\t\t\t\t\t<img src=\"https:\/\/static.krafthand-truck.de\/uploads\/2021\/01\/Blenk_6104-250x300-1-removebg-preview.png\" class=\"img-responsive\">\r\n\t\t\t\t\t<\/div>\r\n\t\t\t\t\t\t<\/div>\r\n\t\t\t\t\t<\/div>\r\n\t\t\t\t<\/div>\r\n\t\t\t\t","protected":false},"excerpt":{"rendered":"<p>Der Spezialist f\u00fcr Energie-, Kraft- und Schmierstoffe MaierKorduletsch, hat k\u00fcrzlich auf dem Gel\u00e4nde der Paul Group in Passau Sperrwies den ersten Mobility Hub f\u00fcr Lkw in Deutschland er\u00f6ffnet. Die Tankstelle bietet neben konventionellen Kraftstoffen zwei H2-Tanks\u00e4ulen mit 350 bar f\u00fcr Lkw sowie zw\u00f6lf HPC-Schnellladepunkte (High-Power-Charging) f\u00fcr Pkw und Lkw. <span class=\"excerpt-more__dots\">&#8230;<\/span> <a class=\"excerpt-more__link\" href=\"https:\/\/www.krafthand.de\/truck\/artikel\/passau-sperrwies-erster-mobility-hub-in-deutschland-fuer-lkw-eroeffnet-37414\/\" >weiter<\/a><\/p>\n","protected":false},"author":9,"featured_media":37420,"comment_status":"closed","ping_status":"closed","sticky":false,"template":"","format":"standard","meta":{"footnotes":""},"categories":[4224,4253,4235],"tags":[4348,5740,4814,4123,5739],"settings":[3524,4766,3523],"class_list":["post-37414","post","type-post","status-publish","format-standard","has-post-thumbnail","hentry","category-e-antrieb","category-schmierstoffe","category-unternehmen","tag-fcev","tag-maier-korduletsch","tag-paul-nutzfahrzeuge","tag-shell","tag-wasserstoff-tankstelle"],"yoast_head":"<!-- This site is optimized with the Yoast SEO plugin v27.3 - https:\/\/yoast.com\/product\/yoast-seo-wordpress\/ -->\n<title>Passau-Sperrwies: Erster Mobility Hub in Deutschland f\u00fcr Lkw er\u00f6ffnet - Krafthand-Truck<\/title>\n<meta name=\"description\" content=\"MaierKorduletsch, hat k\u00fcrzlich auf dem Gel\u00e4nde der Paul Group in Passau Sperrwies den ersten Mobility Hub f\u00fcr Lkw in Deutschland er\u00f6ffnet.\" \/>\n<meta name=\"robots\" content=\"index, follow, max-snippet:-1, max-image-preview:large, max-video-preview:-1\" \/>\n<link rel=\"canonical\" href=\"https:\/\/www.krafthand.de\/truck\/artikel\/passau-sperrwies-erster-mobility-hub-in-deutschland-fuer-lkw-eroeffnet-37414\/\" \/>\n<meta property=\"og:locale\" content=\"de_DE\" \/>\n<meta property=\"og:type\" content=\"article\" \/>\n<meta property=\"og:title\" content=\"Passau-Sperrwies: Erster Mobility Hub in Deutschland f\u00fcr Lkw er\u00f6ffnet - Krafthand-Truck\" \/>\n<meta property=\"og:description\" content=\"MaierKorduletsch, hat k\u00fcrzlich auf dem Gel\u00e4nde der Paul Group in Passau Sperrwies den ersten Mobility Hub f\u00fcr Lkw in Deutschland er\u00f6ffnet.\" \/>\n<meta property=\"og:url\" content=\"https:\/\/www.krafthand-truck.de\/artikel\/passau-sperrwies-erster-mobility-hub-in-deutschland-fuer-lkw-eroeffnet-37414\/\" \/>\n<meta property=\"og:site_name\" content=\"Krafthand-Truck\" \/>\n<meta property=\"article:published_time\" content=\"2023-09-25T10:17:23+00:00\" \/>\n<meta property=\"article:modified_time\" content=\"2023-09-25T10:20:29+00:00\" \/>\n<meta property=\"og:image\" content=\"https:\/\/static.krafthand-truck.de\/uploads\/2023\/09\/Paul_Group_SHELL_Maier_Korduletsch_Wasserstoff_Tankstelle_Passau.jpg\" \/>\n\t<meta property=\"og:image:width\" content=\"1200\" \/>\n\t<meta property=\"og:image:height\" content=\"699\" \/>\n\t<meta property=\"og:image:type\" content=\"image\/jpeg\" \/>\n<meta name=\"author\" content=\"georg.blenk@krafthand-medien.de\" \/>\n<meta name=\"twitter:card\" content=\"summary_large_image\" \/>\n<meta name=\"twitter:label1\" content=\"Verfasst von\" \/>\n\t<meta name=\"twitter:data1\" content=\"georg.blenk@krafthand-medien.de\" \/>\n\t<meta name=\"twitter:label2\" content=\"Gesch\u00e4tzte Lesezeit\" \/>\n\t<meta name=\"twitter:data2\" content=\"2\u00a0Minuten\" \/>\n<script type=\"application\/ld+json\" class=\"yoast-schema-graph\">{\"@context\":\"https:\\\/\\\/schema.org\",\"@graph\":[{\"@type\":\"Article\",\"@id\":\"https:\\\/\\\/www.krafthand.de\\\/truck\\\/artikel\\\/passau-sperrwies-erster-mobility-hub-in-deutschland-fuer-lkw-eroeffnet-37414\\\/#article\",\"isPartOf\":{\"@id\":\"https:\\\/\\\/www.krafthand.de\\\/truck\\\/artikel\\\/passau-sperrwies-erster-mobility-hub-in-deutschland-fuer-lkw-eroeffnet-37414\\\/\"},\"author\":{\"name\":\"georg.blenk@krafthand-medien.de\",\"@id\":\"https:\\\/\\\/www.krafthand.de\\\/truck\\\/#\\\/schema\\\/person\\\/51fa80b1c57034c4bf63f9f988fc24ce\"},\"headline\":\"Passau-Sperrwies: Erster Mobility Hub in Deutschland f\u00fcr Lkw er\u00f6ffnet\",\"datePublished\":\"2023-09-25T10:17:23+00:00\",\"dateModified\":\"2023-09-25T10:20:29+00:00\",\"mainEntityOfPage\":{\"@id\":\"https:\\\/\\\/www.krafthand.de\\\/truck\\\/artikel\\\/passau-sperrwies-erster-mobility-hub-in-deutschland-fuer-lkw-eroeffnet-37414\\\/\"},\"wordCount\":422,\"image\":{\"@id\":\"https:\\\/\\\/www.krafthand.de\\\/truck\\\/artikel\\\/passau-sperrwies-erster-mobility-hub-in-deutschland-fuer-lkw-eroeffnet-37414\\\/#primaryimage\"},\"thumbnailUrl\":\"https:\\\/\\\/static.krafthand-truck.de\\\/uploads\\\/2023\\\/09\\\/Paul_Group_SHELL_Maier_Korduletsch_Wasserstoff_Tankstelle_Passau.jpg\",\"keywords\":[\"FCEV\",\"Maier Korduletsch\",\"Paul Nutzfahrzeuge\",\"Shell\",\"Wasserstoff-Tankstelle\"],\"articleSection\":[\"E-Antrieb (BEV\\\/FCEV)\",\"Schmier-\\\/Betriebsstoffe\",\"Unternehmen\"],\"inLanguage\":\"de\"},{\"@type\":\"WebPage\",\"@id\":\"https:\\\/\\\/www.krafthand.de\\\/truck\\\/artikel\\\/passau-sperrwies-erster-mobility-hub-in-deutschland-fuer-lkw-eroeffnet-37414\\\/\",\"url\":\"https:\\\/\\\/www.krafthand.de\\\/truck\\\/artikel\\\/passau-sperrwies-erster-mobility-hub-in-deutschland-fuer-lkw-eroeffnet-37414\\\/\",\"name\":\"Passau-Sperrwies: Erster Mobility Hub in Deutschland f\u00fcr Lkw er\u00f6ffnet - Krafthand-Truck\",\"isPartOf\":{\"@id\":\"https:\\\/\\\/www.krafthand.de\\\/truck\\\/#website\"},\"primaryImageOfPage\":{\"@id\":\"https:\\\/\\\/www.krafthand.de\\\/truck\\\/artikel\\\/passau-sperrwies-erster-mobility-hub-in-deutschland-fuer-lkw-eroeffnet-37414\\\/#primaryimage\"},\"image\":{\"@id\":\"https:\\\/\\\/www.krafthand.de\\\/truck\\\/artikel\\\/passau-sperrwies-erster-mobility-hub-in-deutschland-fuer-lkw-eroeffnet-37414\\\/#primaryimage\"},\"thumbnailUrl\":\"https:\\\/\\\/static.krafthand-truck.de\\\/uploads\\\/2023\\\/09\\\/Paul_Group_SHELL_Maier_Korduletsch_Wasserstoff_Tankstelle_Passau.jpg\",\"datePublished\":\"2023-09-25T10:17:23+00:00\",\"dateModified\":\"2023-09-25T10:20:29+00:00\",\"author\":{\"@id\":\"https:\\\/\\\/www.krafthand.de\\\/truck\\\/#\\\/schema\\\/person\\\/51fa80b1c57034c4bf63f9f988fc24ce\"},\"description\":\"MaierKorduletsch, hat k\u00fcrzlich auf dem Gel\u00e4nde der Paul Group in Passau Sperrwies den ersten Mobility Hub f\u00fcr Lkw in Deutschland er\u00f6ffnet.\",\"breadcrumb\":{\"@id\":\"https:\\\/\\\/www.krafthand.de\\\/truck\\\/artikel\\\/passau-sperrwies-erster-mobility-hub-in-deutschland-fuer-lkw-eroeffnet-37414\\\/#breadcrumb\"},\"inLanguage\":\"de\",\"potentialAction\":[{\"@type\":\"ReadAction\",\"target\":[\"https:\\\/\\\/www.krafthand.de\\\/truck\\\/artikel\\\/passau-sperrwies-erster-mobility-hub-in-deutschland-fuer-lkw-eroeffnet-37414\\\/\"]}]},{\"@type\":\"ImageObject\",\"inLanguage\":\"de\",\"@id\":\"https:\\\/\\\/www.krafthand.de\\\/truck\\\/artikel\\\/passau-sperrwies-erster-mobility-hub-in-deutschland-fuer-lkw-eroeffnet-37414\\\/#primaryimage\",\"url\":\"https:\\\/\\\/static.krafthand-truck.de\\\/uploads\\\/2023\\\/09\\\/Paul_Group_SHELL_Maier_Korduletsch_Wasserstoff_Tankstelle_Passau.jpg\",\"contentUrl\":\"https:\\\/\\\/static.krafthand-truck.de\\\/uploads\\\/2023\\\/09\\\/Paul_Group_SHELL_Maier_Korduletsch_Wasserstoff_Tankstelle_Passau.jpg\",\"width\":1200,\"height\":699},{\"@type\":\"BreadcrumbList\",\"@id\":\"https:\\\/\\\/www.krafthand.de\\\/truck\\\/artikel\\\/passau-sperrwies-erster-mobility-hub-in-deutschland-fuer-lkw-eroeffnet-37414\\\/#breadcrumb\",\"itemListElement\":[{\"@type\":\"ListItem\",\"position\":1,\"name\":\"Krafthand-Truck\",\"item\":\"https:\\\/\\\/www.krafthand.de\\\/truck\\\/\"},{\"@type\":\"ListItem\",\"position\":2,\"name\":\"Nfz-Branche\",\"item\":\"https:\\\/\\\/www.krafthand.de\\\/truck\\\/kategorie\\\/branche\\\/\"},{\"@type\":\"ListItem\",\"position\":3,\"name\":\"Unternehmen\",\"item\":\"https:\\\/\\\/www.krafthand.de\\\/truck\\\/kategorie\\\/branche\\\/unternehmen\\\/\"},{\"@type\":\"ListItem\",\"position\":4,\"name\":\"Passau-Sperrwies: Erster Mobility Hub in Deutschland f\u00fcr Lkw er\u00f6ffnet\"}]},{\"@type\":\"WebSite\",\"@id\":\"https:\\\/\\\/www.krafthand.de\\\/truck\\\/#website\",\"url\":\"https:\\\/\\\/www.krafthand.de\\\/truck\\\/\",\"name\":\"Krafthand-Truck\",\"description\":\"\",\"potentialAction\":[{\"@type\":\"SearchAction\",\"target\":{\"@type\":\"EntryPoint\",\"urlTemplate\":\"https:\\\/\\\/www.krafthand.de\\\/truck\\\/?s={search_term_string}\"},\"query-input\":{\"@type\":\"PropertyValueSpecification\",\"valueRequired\":true,\"valueName\":\"search_term_string\"}}],\"inLanguage\":\"de\"},{\"@type\":\"Person\",\"@id\":\"https:\\\/\\\/www.krafthand.de\\\/truck\\\/#\\\/schema\\\/person\\\/51fa80b1c57034c4bf63f9f988fc24ce\",\"name\":\"georg.blenk@krafthand-medien.de\",\"image\":{\"@type\":\"ImageObject\",\"inLanguage\":\"de\",\"@id\":\"https:\\\/\\\/secure.gravatar.com\\\/avatar\\\/93713c30affe0aa95d3a4130e499bb1abee2eb31adbdd9ce2aa1543538490215?s=96&d=mm&r=g\",\"url\":\"https:\\\/\\\/secure.gravatar.com\\\/avatar\\\/93713c30affe0aa95d3a4130e499bb1abee2eb31adbdd9ce2aa1543538490215?s=96&d=mm&r=g\",\"contentUrl\":\"https:\\\/\\\/secure.gravatar.com\\\/avatar\\\/93713c30affe0aa95d3a4130e499bb1abee2eb31adbdd9ce2aa1543538490215?s=96&d=mm&r=g\",\"caption\":\"georg.blenk@krafthand-medien.de\"}}]}<\/script>\n<!-- \/ Yoast SEO plugin. -->","yoast_head_json":{"title":"Passau-Sperrwies: Erster Mobility Hub in Deutschland f\u00fcr Lkw er\u00f6ffnet - Krafthand-Truck","description":"MaierKorduletsch, hat k\u00fcrzlich auf dem Gel\u00e4nde der Paul Group in Passau Sperrwies den ersten Mobility Hub f\u00fcr Lkw in Deutschland er\u00f6ffnet.","robots":{"index":"index","follow":"follow","max-snippet":"max-snippet:-1","max-image-preview":"max-image-preview:large","max-video-preview":"max-video-preview:-1"},"canonical":"https:\/\/www.krafthand.de\/truck\/artikel\/passau-sperrwies-erster-mobility-hub-in-deutschland-fuer-lkw-eroeffnet-37414\/","og_locale":"de_DE","og_type":"article","og_title":"Passau-Sperrwies: Erster Mobility Hub in Deutschland f\u00fcr Lkw er\u00f6ffnet - Krafthand-Truck","og_description":"MaierKorduletsch, hat k\u00fcrzlich auf dem Gel\u00e4nde der Paul Group in Passau Sperrwies den ersten Mobility Hub f\u00fcr Lkw in Deutschland er\u00f6ffnet.","og_url":"https:\/\/www.krafthand-truck.de\/artikel\/passau-sperrwies-erster-mobility-hub-in-deutschland-fuer-lkw-eroeffnet-37414\/","og_site_name":"Krafthand-Truck","article_published_time":"2023-09-25T10:17:23+00:00","article_modified_time":"2023-09-25T10:20:29+00:00","og_image":[{"width":1200,"height":699,"url":"https:\/\/static.krafthand-truck.de\/uploads\/2023\/09\/Paul_Group_SHELL_Maier_Korduletsch_Wasserstoff_Tankstelle_Passau.jpg","type":"image\/jpeg"}],"author":"georg.blenk@krafthand-medien.de","twitter_card":"summary_large_image","twitter_misc":{"Verfasst von":"georg.blenk@krafthand-medien.de","Gesch\u00e4tzte Lesezeit":"2\u00a0Minuten"},"schema":{"@context":"https:\/\/schema.org","@graph":[{"@type":"Article","@id":"https:\/\/www.krafthand.de\/truck\/artikel\/passau-sperrwies-erster-mobility-hub-in-deutschland-fuer-lkw-eroeffnet-37414\/#article","isPartOf":{"@id":"https:\/\/www.krafthand.de\/truck\/artikel\/passau-sperrwies-erster-mobility-hub-in-deutschland-fuer-lkw-eroeffnet-37414\/"},"author":{"name":"georg.blenk@krafthand-medien.de","@id":"https:\/\/www.krafthand.de\/truck\/#\/schema\/person\/51fa80b1c57034c4bf63f9f988fc24ce"},"headline":"Passau-Sperrwies: Erster Mobility Hub in Deutschland f\u00fcr Lkw er\u00f6ffnet","datePublished":"2023-09-25T10:17:23+00:00","dateModified":"2023-09-25T10:20:29+00:00","mainEntityOfPage":{"@id":"https:\/\/www.krafthand.de\/truck\/artikel\/passau-sperrwies-erster-mobility-hub-in-deutschland-fuer-lkw-eroeffnet-37414\/"},"wordCount":422,"image":{"@id":"https:\/\/www.krafthand.de\/truck\/artikel\/passau-sperrwies-erster-mobility-hub-in-deutschland-fuer-lkw-eroeffnet-37414\/#primaryimage"},"thumbnailUrl":"https:\/\/static.krafthand-truck.de\/uploads\/2023\/09\/Paul_Group_SHELL_Maier_Korduletsch_Wasserstoff_Tankstelle_Passau.jpg","keywords":["FCEV","Maier Korduletsch","Paul Nutzfahrzeuge","Shell","Wasserstoff-Tankstelle"],"articleSection":["E-Antrieb (BEV\/FCEV)","Schmier-\/Betriebsstoffe","Unternehmen"],"inLanguage":"de"},{"@type":"WebPage","@id":"https:\/\/www.krafthand.de\/truck\/artikel\/passau-sperrwies-erster-mobility-hub-in-deutschland-fuer-lkw-eroeffnet-37414\/","url":"https:\/\/www.krafthand.de\/truck\/artikel\/passau-sperrwies-erster-mobility-hub-in-deutschland-fuer-lkw-eroeffnet-37414\/","name":"Passau-Sperrwies: Erster Mobility Hub in Deutschland f\u00fcr Lkw er\u00f6ffnet - Krafthand-Truck","isPartOf":{"@id":"https:\/\/www.krafthand.de\/truck\/#website"},"primaryImageOfPage":{"@id":"https:\/\/www.krafthand.de\/truck\/artikel\/passau-sperrwies-erster-mobility-hub-in-deutschland-fuer-lkw-eroeffnet-37414\/#primaryimage"},"image":{"@id":"https:\/\/www.krafthand.de\/truck\/artikel\/passau-sperrwies-erster-mobility-hub-in-deutschland-fuer-lkw-eroeffnet-37414\/#primaryimage"},"thumbnailUrl":"https:\/\/static.krafthand-truck.de\/uploads\/2023\/09\/Paul_Group_SHELL_Maier_Korduletsch_Wasserstoff_Tankstelle_Passau.jpg","datePublished":"2023-09-25T10:17:23+00:00","dateModified":"2023-09-25T10:20:29+00:00","author":{"@id":"https:\/\/www.krafthand.de\/truck\/#\/schema\/person\/51fa80b1c57034c4bf63f9f988fc24ce"},"description":"MaierKorduletsch, hat k\u00fcrzlich auf dem Gel\u00e4nde der Paul Group in Passau Sperrwies den ersten Mobility Hub f\u00fcr Lkw in Deutschland er\u00f6ffnet.","breadcrumb":{"@id":"https:\/\/www.krafthand.de\/truck\/artikel\/passau-sperrwies-erster-mobility-hub-in-deutschland-fuer-lkw-eroeffnet-37414\/#breadcrumb"},"inLanguage":"de","potentialAction":[{"@type":"ReadAction","target":["https:\/\/www.krafthand.de\/truck\/artikel\/passau-sperrwies-erster-mobility-hub-in-deutschland-fuer-lkw-eroeffnet-37414\/"]}]},{"@type":"ImageObject","inLanguage":"de","@id":"https:\/\/www.krafthand.de\/truck\/artikel\/passau-sperrwies-erster-mobility-hub-in-deutschland-fuer-lkw-eroeffnet-37414\/#primaryimage","url":"https:\/\/static.krafthand-truck.de\/uploads\/2023\/09\/Paul_Group_SHELL_Maier_Korduletsch_Wasserstoff_Tankstelle_Passau.jpg","contentUrl":"https:\/\/static.krafthand-truck.de\/uploads\/2023\/09\/Paul_Group_SHELL_Maier_Korduletsch_Wasserstoff_Tankstelle_Passau.jpg","width":1200,"height":699},{"@type":"BreadcrumbList","@id":"https:\/\/www.krafthand.de\/truck\/artikel\/passau-sperrwies-erster-mobility-hub-in-deutschland-fuer-lkw-eroeffnet-37414\/#breadcrumb","itemListElement":[{"@type":"ListItem","position":1,"name":"Krafthand-Truck","item":"https:\/\/www.krafthand.de\/truck\/"},{"@type":"ListItem","position":2,"name":"Nfz-Branche","item":"https:\/\/www.krafthand.de\/truck\/kategorie\/branche\/"},{"@type":"ListItem","position":3,"name":"Unternehmen","item":"https:\/\/www.krafthand.de\/truck\/kategorie\/branche\/unternehmen\/"},{"@type":"ListItem","position":4,"name":"Passau-Sperrwies: Erster Mobility Hub in Deutschland f\u00fcr Lkw er\u00f6ffnet"}]},{"@type":"WebSite","@id":"https:\/\/www.krafthand.de\/truck\/#website","url":"https:\/\/www.krafthand.de\/truck\/","name":"Krafthand-Truck","description":"","potentialAction":[{"@type":"SearchAction","target":{"@type":"EntryPoint","urlTemplate":"https:\/\/www.krafthand.de\/truck\/?s={search_term_string}"},"query-input":{"@type":"PropertyValueSpecification","valueRequired":true,"valueName":"search_term_string"}}],"inLanguage":"de"},{"@type":"Person","@id":"https:\/\/www.krafthand.de\/truck\/#\/schema\/person\/51fa80b1c57034c4bf63f9f988fc24ce","name":"georg.blenk@krafthand-medien.de","image":{"@type":"ImageObject","inLanguage":"de","@id":"https:\/\/secure.gravatar.com\/avatar\/93713c30affe0aa95d3a4130e499bb1abee2eb31adbdd9ce2aa1543538490215?s=96&d=mm&r=g","url":"https:\/\/secure.gravatar.com\/avatar\/93713c30affe0aa95d3a4130e499bb1abee2eb31adbdd9ce2aa1543538490215?s=96&d=mm&r=g","contentUrl":"https:\/\/secure.gravatar.com\/avatar\/93713c30affe0aa95d3a4130e499bb1abee2eb31adbdd9ce2aa1543538490215?s=96&d=mm&r=g","caption":"georg.blenk@krafthand-medien.de"}}]}},"_links":{"self":[{"href":"https:\/\/www.krafthand.de\/truck\/wp-json\/wp\/v2\/posts\/37414","targetHints":{"allow":["GET"]}}],"collection":[{"href":"https:\/\/www.krafthand.de\/truck\/wp-json\/wp\/v2\/posts"}],"about":[{"href":"https:\/\/www.krafthand.de\/truck\/wp-json\/wp\/v2\/types\/post"}],"author":[{"embeddable":true,"href":"https:\/\/www.krafthand.de\/truck\/wp-json\/wp\/v2\/users\/9"}],"replies":[{"embeddable":true,"href":"https:\/\/www.krafthand.de\/truck\/wp-json\/wp\/v2\/comments?post=37414"}],"version-history":[{"count":8,"href":"https:\/\/www.krafthand.de\/truck\/wp-json\/wp\/v2\/posts\/37414\/revisions"}],"predecessor-version":[{"id":37423,"href":"https:\/\/www.krafthand.de\/truck\/wp-json\/wp\/v2\/posts\/37414\/revisions\/37423"}],"wp:featuredmedia":[{"embeddable":true,"href":"https:\/\/www.krafthand.de\/truck\/wp-json\/wp\/v2\/media\/37420"}],"wp:attachment":[{"href":"https:\/\/www.krafthand.de\/truck\/wp-json\/wp\/v2\/media?parent=37414"}],"wp:term":[{"taxonomy":"category","embeddable":true,"href":"https:\/\/www.krafthand.de\/truck\/wp-json\/wp\/v2\/categories?post=37414"},{"taxonomy":"post_tag","embeddable":true,"href":"https:\/\/www.krafthand.de\/truck\/wp-json\/wp\/v2\/tags?post=37414"},{"taxonomy":"settings","embeddable":true,"href":"https:\/\/www.krafthand.de\/truck\/wp-json\/wp\/v2\/settings?post=37414"}],"curies":[{"name":"wp","href":"https:\/\/api.w.org\/{rel}","templated":true}]}}