{"id":37412,"date":"2023-09-26T10:04:09","date_gmt":"2023-09-26T08:04:09","guid":{"rendered":"https:\/\/www.krafthand.de\/truck\/?p=37412"},"modified":"2023-09-26T14:55:04","modified_gmt":"2023-09-26T12:55:04","slug":"nufam-2023-neueste-entwicklungen-auf-den-punkt-gebracht","status":"publish","type":"post","link":"https:\/\/www.krafthand.de\/truck\/artikel\/nufam-2023-neueste-entwicklungen-auf-den-punkt-gebracht-37412\/","title":{"rendered":"NUFAM 2023: Neueste Entwicklungen auf den Punkt gebracht!"},"content":{"rendered":"<p>Am Sonntag dem 24.9.2023 schloss die Nutzfahrzeugmesse NUFAM in Karlsruhe nach vier Messetagen ihre Tore. &#8218;Abhupen&#8216; war angesagt, was in der Nfz-Branche besonders sonor und eindrucksvoll klingt. Es galt jedoch nicht als Alarmzeichen, vielmehr stand das Ritual f\u00fcr eine \u00fcberaus erfolgreiche Messe. Tats\u00e4chlich war die NUFAM 2023 ein beeindruckendes Beispiel, wie hochdynamisch und zukunftsorientiert sich die Nfz-Branche entwickelt. Wir haben uns auf der Messe umgesehen, zahlreiche Gespr\u00e4che gef\u00fchrt und liefern einen \u00dcberblick in Bildern.<\/p>\n<figure id=\"attachment_37464\" aria-describedby=\"caption-attachment-37464\" style=\"width: 480px\" class=\"wp-caption alignleft\"><a href=\"https:\/\/static.krafthand-truck.de\/uploads\/2023\/09\/Nufam_2023_Aufmacher.jpg\" target=\"_blank\" rel=\"noopener\"><img fetchpriority=\"high\" decoding=\"async\" class=\"wp-image-37464\" src=\"https:\/\/static.krafthand-truck.de\/uploads\/2023\/09\/Nufam_2023_Aufmacher-300x169.jpg\" alt=\"\" width=\"480\" height=\"270\" srcset=\"https:\/\/static.krafthand-truck.de\/uploads\/2023\/09\/Nufam_2023_Aufmacher-300x169.jpg 300w, https:\/\/static.krafthand-truck.de\/uploads\/2023\/09\/Nufam_2023_Aufmacher-1024x576.jpg 1024w, https:\/\/static.krafthand-truck.de\/uploads\/2023\/09\/Nufam_2023_Aufmacher-768x432.jpg 768w, https:\/\/static.krafthand-truck.de\/uploads\/2023\/09\/Nufam_2023_Aufmacher.jpg 1200w\" sizes=\"(max-width: 480px) 100vw, 480px\" \/><\/a><figcaption id=\"caption-attachment-37464\" class=\"wp-caption-text\">Auf der NUFAM 2023 waren (wie hier in Halle 1, am Stand von EBB \/ DAF) eine Vielzahl neuer Lkw zu sehen. Bild: Georg Blenk<\/figcaption><\/figure>\n<p>Die rund 24.000 Besucherinnen und Besucher wurden nicht von mond\u00e4nen Messeauftritten erschlagen und durch lange Wege an ihre Konditionsgrenze gebracht. Das ist der Vorteil der NUFAM: Die Messe ist vergleichsweise \u00fcberschaubar, vier gro\u00dfe Hallen und das Au\u00dfengel\u00e4nde reichen vollends aus, um sich einen umfangreichen \u00dcberblick \u00fcber technische Neuerungen zu verschaffen.<\/p>\n<p>Ausgezeichnet war dann aber der Mix an Ausstellern. Fast alle waren sie da. DAF, MAN, Mercedes-Benz, IVECO, Volvo, Renault, Scania und Co, wenngleich auch nicht von Konzernseite, es waren namhafte Nfz-Vertriebspartner, die die aktuellsten Fahrzeuge pr\u00e4sentierten. Von Trailer- und Aufbauten-Seite zeigten K\u00f6gel, Krone, Doll, K\u00e4ssbohrer, Meiller, Kiesling, Wielton, Palfinger, Dautel oder Schwarzm\u00fcller (etc.) ihre neuesten Produkte. Hinzu kamen Zulieferer wie ZF, SAF Holland (Haldex) oder Jost. Auch die Reifen-, Werkstattausr\u00fcster- sowie Telematik-Branche pr\u00e4sentierte sich. Teils junge Unternehmen aus den Bereichen alternative Kraftstoffe, Ladetechnologie und Software erg\u00e4nzten die Liste der Aussteller. Da war f\u00fcr jeden etwas dabei, \u00fcberschau- und greifbar, sympathisch, unpr\u00e4tenti\u00f6s, praxisnah. Die Messe-Karlsruhe spricht von \u00fcber 400 Ausstellern aus 23 Nationen, ein Rekord.<\/p>\n<blockquote><p>\u201eDie NUFAM hat in den vergangenen vier Tagen unterstrichen, wie wertvoll und unverzichtbar sie f\u00fcr die Transformation der Industrie ist. Sie hat sich weiter als Investitions- und Netzwerkplattform in der Technologie-Region Karlsruhe etabliert\u201c, res\u00fcmierte Britta Wirtz, Gesch\u00e4ftsf\u00fchrerin der Messe Karlsruhe, die Nutzfahrzeugmesse in Karlsruhe.<\/p><\/blockquote>\n<h3>Zahlreiche Premieren<\/h3>\n<p>Tats\u00e4chlich wurden auf der NUFAM noch nie so viele Premieren gezeigt wie 2023. Die Aussteller w\u00e4hlten die Nutzfahrzeugmesse bewusst als Plattform f\u00fcr ihre Neuvorstellungen. Insbesondere in den Bereichen alternative Antriebe, Digitalisierung und Nachhaltigkeit. Beispiele sind die Fahrzeuge der neuen E-Tech-Serie von Renault, die E-Trailer von ZF oder Mitsubishi. Auch J\u00fcrgen Pauli, Verkaufsleiter des Mercedes-Benz-Partners S&amp;G schl\u00e4gt in die selbe Kerbe: <em>\u201eDie NUFAM ist eine gro\u00dfartige Gelegenheit, neue Fahrzeuge zu pr\u00e4sentieren. Sie ist weit \u00fcber die Lande hinaus eine mittlerweile etablierte Messe.&#8220;<\/em> \u00c4hnlich sieht das Volker Mai, Verkaufsleiter bei Pneuhage: <em>\u201eDie NUFAM ist f\u00fcr uns die optimale Plattform, auf der wir hervorragend unsere Innovationen wie unser neues Flottensystem oder neue Reifen vorstellen k\u00f6nnen.\u201c<\/em><\/p>\n<div class=\"gallery-container\"><div class=\"owl-carousel owl-theme\">\r\n        <div>\r\n        \t<img decoding=\"async\" src=\"https:\/\/static.krafthand-truck.de\/uploads\/2023\/09\/Nufam_2023_ZF_E_Trailer-1024x631.jpg\" alt=\"\" \/>\r\n          <a href=\"https:\/\/static.krafthand-truck.de\/uploads\/2023\/09\/Nufam_2023_ZF_E_Trailer-1024x631.jpg\" data-featherlight=\"gallery_69f56837e2ddd\" class=\"gallery-expand\" data-title=\"Der Electrified-Trailer von ZF. Bild: Blenk\"><i class=\"fa fa-expand\" aria-hidden=\"true\"><\/i><\/a>\r\n        \t<div class=\"gallery-caption wp-caption-text\"><p>Der Electrified-Trailer von ZF. Bild: Blenk<\/p>\n<\/div>\r\n        <\/div>\r\n        <div>\r\n        \t<img decoding=\"async\" src=\"https:\/\/static.krafthand-truck.de\/uploads\/2023\/09\/Nufam_2023_ZF_EAchse_Axtrax2_Trailer-1024x576.jpg\" alt=\"\" \/>\r\n          <a href=\"https:\/\/static.krafthand-truck.de\/uploads\/2023\/09\/Nufam_2023_ZF_EAchse_Axtrax2_Trailer-1024x576.jpg\" data-featherlight=\"gallery_69f56837e2ddd\" class=\"gallery-expand\" data-title=\"Im 'Electrified-Trailer' kommt die E-Achse Axtrax2 von ZF zum Einsatz. Bild: Blenk\"><i class=\"fa fa-expand\" aria-hidden=\"true\"><\/i><\/a>\r\n        \t<div class=\"gallery-caption wp-caption-text\"><p>Im &#8218;Electrified-Trailer&#8216; kommt die E-Achse Axtrax2 von ZF zum Einsatz. Bild: Blenk<\/p>\n<\/div>\r\n        <\/div>\r\n        <div>\r\n        \t<img decoding=\"async\" src=\"https:\/\/static.krafthand-truck.de\/uploads\/2023\/09\/Nufam_2023_Hunter_Reifenmontiergeraet_Lkw_TCX635-1024x703.jpg\" alt=\"\" \/>\r\n          <a href=\"https:\/\/static.krafthand-truck.de\/uploads\/2023\/09\/Nufam_2023_Hunter_Reifenmontiergeraet_Lkw_TCX635-1024x703.jpg\" data-featherlight=\"gallery_69f56837e2ddd\" class=\"gallery-expand\" data-title=\"Lkw-Reifenmontage-Maschine TCX 635 von Hunter. Bild: Blenk\"><i class=\"fa fa-expand\" aria-hidden=\"true\"><\/i><\/a>\r\n        \t<div class=\"gallery-caption wp-caption-text\"><p>Lkw-Reifenmontage-Maschine TCX 635 von Hunter. Bild: Blenk<\/p>\n<\/div>\r\n        <\/div>\r\n        <div>\r\n        \t<img decoding=\"async\" src=\"https:\/\/static.krafthand-truck.de\/uploads\/2023\/09\/Nufam_2023_Pico_Oszilloskop_E-Lkw_Software-1024x625.jpg\" alt=\"\" \/>\r\n          <a href=\"https:\/\/static.krafthand-truck.de\/uploads\/2023\/09\/Nufam_2023_Pico_Oszilloskop_E-Lkw_Software-1024x625.jpg\" data-featherlight=\"gallery_69f56837e2ddd\" class=\"gallery-expand\" data-title=\"Der Spezialist f\u00fcr Oszilloskope Pico zeigte eine neue Soft-\/Hardware zur Fehlerdiagnose an E-Trucks. Bild: Blenk\"><i class=\"fa fa-expand\" aria-hidden=\"true\"><\/i><\/a>\r\n        \t<div class=\"gallery-caption wp-caption-text\"><p>Der Spezialist f\u00fcr Oszilloskope Pico zeigte eine neue Soft-\/Hardware zur Fehlerdiagnose an E-Trucks. Bild: Blenk<\/p>\n<\/div>\r\n        <\/div>\r\n        <div>\r\n        \t<img decoding=\"async\" src=\"https:\/\/static.krafthand-truck.de\/uploads\/2023\/09\/Nufam_2023_Winkler_Lkw_Teile_Werkzeug-1024x643.jpg\" alt=\"\" \/>\r\n          <a href=\"https:\/\/static.krafthand-truck.de\/uploads\/2023\/09\/Nufam_2023_Winkler_Lkw_Teile_Werkzeug-1024x643.jpg\" data-featherlight=\"gallery_69f56837e2ddd\" class=\"gallery-expand\" data-title=\"Der Spezialist f\u00fcr Lkw-Teile, Werkstattausr\u00fcstung und Zubeh\u00f6r Winkler, pr\u00e4sentierte sich im Au\u00dfen- und Innenbereich der Messe. Bild: Blenk\"><i class=\"fa fa-expand\" aria-hidden=\"true\"><\/i><\/a>\r\n        \t<div class=\"gallery-caption wp-caption-text\"><p>Der Spezialist f\u00fcr Lkw-Teile, Werkstattausr\u00fcstung und Zubeh\u00f6r Winkler, pr\u00e4sentierte sich im Au\u00dfen- und Innenbereich der Messe. Bild: Blenk<\/p>\n<\/div>\r\n        <\/div>\r\n        <div>\r\n        \t<img decoding=\"async\" src=\"https:\/\/static.krafthand-truck.de\/uploads\/2023\/09\/Nufam_2023_Rigdon_runderneuerte_Lkw_Reifen-1024x639.jpg\" alt=\"\" \/>\r\n          <a href=\"https:\/\/static.krafthand-truck.de\/uploads\/2023\/09\/Nufam_2023_Rigdon_runderneuerte_Lkw_Reifen-1024x639.jpg\" data-featherlight=\"gallery_69f56837e2ddd\" class=\"gallery-expand\" data-title=\"Die Zukunft! Runderneuerte Lkw-Reifen von Rigdon. Bild: Blenk\"><i class=\"fa fa-expand\" aria-hidden=\"true\"><\/i><\/a>\r\n        \t<div class=\"gallery-caption wp-caption-text\"><p>Die Zukunft! Runderneuerte Lkw-Reifen von Rigdon. Bild: Blenk<\/p>\n<\/div>\r\n        <\/div>\r\n        <div>\r\n        \t<img decoding=\"async\" src=\"https:\/\/static.krafthand-truck.de\/uploads\/2023\/09\/Nufam_2023_TIP_Trailerservices_E_Lkw_BEV-1024x624.jpg\" alt=\"\" \/>\r\n          <a href=\"https:\/\/static.krafthand-truck.de\/uploads\/2023\/09\/Nufam_2023_TIP_Trailerservices_E_Lkw_BEV-1024x624.jpg\" data-featherlight=\"gallery_69f56837e2ddd\" class=\"gallery-expand\" data-title=\"Bei TIP kann man rund einhundert E-Lkw mieten. Bild: Blenk\"><i class=\"fa fa-expand\" aria-hidden=\"true\"><\/i><\/a>\r\n        \t<div class=\"gallery-caption wp-caption-text\"><p>Bei TIP kann man rund einhundert E-Lkw mieten. Bild: Blenk<\/p>\n<\/div>\r\n        <\/div>\r\n        <div>\r\n        \t<img decoding=\"async\" src=\"https:\/\/static.krafthand-truck.de\/uploads\/2023\/09\/Nufam_2023_Speedline_TRuck_Lkw_Reifen-1024x614.jpg\" alt=\"\" \/>\r\n          <a href=\"https:\/\/static.krafthand-truck.de\/uploads\/2023\/09\/Nufam_2023_Speedline_TRuck_Lkw_Reifen-1024x614.jpg\" data-featherlight=\"gallery_69f56837e2ddd\" class=\"gallery-expand\" data-title=\"Neue Felgen der Marke Speedline-Truck \/ Ronal. Bild: Blenk\"><i class=\"fa fa-expand\" aria-hidden=\"true\"><\/i><\/a>\r\n        \t<div class=\"gallery-caption wp-caption-text\"><p>Neue Felgen der Marke Speedline-Truck \/ Ronal. Bild: Blenk<\/p>\n<\/div>\r\n        <\/div>\r\n        <div>\r\n        \t<img decoding=\"async\" src=\"https:\/\/static.krafthand-truck.de\/uploads\/2023\/09\/Nufam_2023_SAF_Holland_TrakR_eAchse_Rekuperation-1024x627.jpg\" alt=\"\" \/>\r\n          <a href=\"https:\/\/static.krafthand-truck.de\/uploads\/2023\/09\/Nufam_2023_SAF_Holland_TrakR_eAchse_Rekuperation-1024x627.jpg\" data-featherlight=\"gallery_69f56837e2ddd\" class=\"gallery-expand\" data-title=\"Rekuperationsachse TRakR von SAF-Holland. Bild: Blenk\"><i class=\"fa fa-expand\" aria-hidden=\"true\"><\/i><\/a>\r\n        \t<div class=\"gallery-caption wp-caption-text\"><p>Rekuperationsachse TRakR von SAF-Holland. Bild: Blenk<\/p>\n<\/div>\r\n        <\/div>\r\n        <div>\r\n        \t<img decoding=\"async\" src=\"https:\/\/static.krafthand-truck.de\/uploads\/2023\/09\/Nufam_2023_Renault_E_Tech_C-1024x637.jpg\" alt=\"\" \/>\r\n          <a href=\"https:\/\/static.krafthand-truck.de\/uploads\/2023\/09\/Nufam_2023_Renault_E_Tech_C-1024x637.jpg\" data-featherlight=\"gallery_69f56837e2ddd\" class=\"gallery-expand\" data-title=\"Deutschland-Premiere: Der neue Renault E-Lkw E-Tech C. Bild: Blenk\"><i class=\"fa fa-expand\" aria-hidden=\"true\"><\/i><\/a>\r\n        \t<div class=\"gallery-caption wp-caption-text\"><p>Deutschland-Premiere: Der neue Renault E-Lkw E-Tech C. Bild: Blenk<\/p>\n<\/div>\r\n        <\/div>\r\n        <div>\r\n        \t<img decoding=\"async\" src=\"https:\/\/static.krafthand-truck.de\/uploads\/2023\/09\/Nufam_2023_Renault_Trucks_E_Tech_C_Cockpit-1024x576.jpg\" alt=\"\" \/>\r\n          <a href=\"https:\/\/static.krafthand-truck.de\/uploads\/2023\/09\/Nufam_2023_Renault_Trucks_E_Tech_C_Cockpit-1024x576.jpg\" data-featherlight=\"gallery_69f56837e2ddd\" class=\"gallery-expand\" data-title=\"Cockpit des neuen Renault-Trucks E-Tech C. Bild: Blenk\"><i class=\"fa fa-expand\" aria-hidden=\"true\"><\/i><\/a>\r\n        \t<div class=\"gallery-caption wp-caption-text\"><p>Cockpit des neuen Renault-Trucks E-Tech C. Bild: Blenk<\/p>\n<\/div>\r\n        <\/div>\r\n        <div>\r\n        \t<img decoding=\"async\" src=\"https:\/\/static.krafthand-truck.de\/uploads\/2023\/09\/Nufam_2023_Pneuhage_Westlake_WTR2_Lkw_Reifen-1024x695.jpg\" alt=\"\" \/>\r\n          <a href=\"https:\/\/static.krafthand-truck.de\/uploads\/2023\/09\/Nufam_2023_Pneuhage_Westlake_WTR2_Lkw_Reifen-1024x695.jpg\" data-featherlight=\"gallery_69f56837e2ddd\" class=\"gallery-expand\" data-title=\"Neuer Reifen von Westlake (WTR2) mit Rollwiderstandswert A. Bild: Blenk\"><i class=\"fa fa-expand\" aria-hidden=\"true\"><\/i><\/a>\r\n        \t<div class=\"gallery-caption wp-caption-text\"><p>Neuer Reifen von Westlake (WTR2) mit Rollwiderstandswert A. Bild: Blenk<\/p>\n<\/div>\r\n        <\/div>\r\n        <div>\r\n        \t<img decoding=\"async\" src=\"https:\/\/static.krafthand-truck.de\/uploads\/2023\/09\/Nufam_2023_Mitsubishi_E_Trailer_TFV150_Sattelauflieger_Kuehlmaschine-1024x677.jpg\" alt=\"\" \/>\r\n          <a href=\"https:\/\/static.krafthand-truck.de\/uploads\/2023\/09\/Nufam_2023_Mitsubishi_E_Trailer_TFV150_Sattelauflieger_Kuehlmaschine-1024x677.jpg\" data-featherlight=\"gallery_69f56837e2ddd\" class=\"gallery-expand\" data-title=\"E-Trailer TFV150 von Mitsubishi. Bild: Blenk\"><i class=\"fa fa-expand\" aria-hidden=\"true\"><\/i><\/a>\r\n        \t<div class=\"gallery-caption wp-caption-text\"><p>E-Trailer TFV150 von Mitsubishi. Bild: Blenk<\/p>\n<\/div>\r\n        <\/div>\r\n        <div>\r\n        \t<img decoding=\"async\" src=\"https:\/\/static.krafthand-truck.de\/uploads\/2023\/09\/Nufam_2023_Krone_Trusted_Tyre_Comfort_Lkw_Reifen-1024x680.jpg\" alt=\"\" \/>\r\n          <a href=\"https:\/\/static.krafthand-truck.de\/uploads\/2023\/09\/Nufam_2023_Krone_Trusted_Tyre_Comfort_Lkw_Reifen-1024x680.jpg\" data-featherlight=\"gallery_69f56837e2ddd\" class=\"gallery-expand\" data-title=\"Neuer Lkw-Reifen von Krone (Trusted Tyre Comfort). Bild: Blenk\"><i class=\"fa fa-expand\" aria-hidden=\"true\"><\/i><\/a>\r\n        \t<div class=\"gallery-caption wp-caption-text\"><p>Neuer Lkw-Reifen von Krone (Trusted Tyre Comfort). Bild: Blenk<\/p>\n<\/div>\r\n        <\/div>\r\n        <div>\r\n        \t<img decoding=\"async\" src=\"https:\/\/static.krafthand-truck.de\/uploads\/2023\/09\/Nufam_2023_Krafthand_Truck_Display-1024x655.jpg\" alt=\"\" \/>\r\n          <a href=\"https:\/\/static.krafthand-truck.de\/uploads\/2023\/09\/Nufam_2023_Krafthand_Truck_Display-1024x655.jpg\" data-featherlight=\"gallery_69f56837e2ddd\" class=\"gallery-expand\" data-title=\"Eigenwerbung: Krafthand-Truck-Display im Au\u00dfenbereich der NUFAM. Bild: Blenk\"><i class=\"fa fa-expand\" aria-hidden=\"true\"><\/i><\/a>\r\n        \t<div class=\"gallery-caption wp-caption-text\"><p>Eigenwerbung: Krafthand-Truck-Display im Au\u00dfenbereich der NUFAM. Bild: Blenk<\/p>\n<\/div>\r\n        <\/div>\r\n        <div>\r\n        \t<img decoding=\"async\" src=\"https:\/\/static.krafthand-truck.de\/uploads\/2023\/09\/Nufam_2023_Koegel_Recyclingplane-1024x617.jpg\" alt=\"\" \/>\r\n          <a href=\"https:\/\/static.krafthand-truck.de\/uploads\/2023\/09\/Nufam_2023_Koegel_Recyclingplane-1024x617.jpg\" data-featherlight=\"gallery_69f56837e2ddd\" class=\"gallery-expand\" data-title=\"K\u00f6gel stellte eine recycelte Trailer-Plane vor. Das Fahrzeug wurde gleich vor Ort verkauft. Bild: Blenk\"><i class=\"fa fa-expand\" aria-hidden=\"true\"><\/i><\/a>\r\n        \t<div class=\"gallery-caption wp-caption-text\"><p>K\u00f6gel stellte eine recycelte Trailer-Plane vor. Das Fahrzeug wurde gleich vor Ort verkauft. Bild: Blenk<\/p>\n<\/div>\r\n        <\/div>\r\n        <div>\r\n        \t<img decoding=\"async\" src=\"https:\/\/static.krafthand-truck.de\/uploads\/2023\/09\/Nufam_2023_Jost_King_Pin_Finder_Kamera-1024x683.jpg\" alt=\"\" \/>\r\n          <a href=\"https:\/\/static.krafthand-truck.de\/uploads\/2023\/09\/Nufam_2023_Jost_King_Pin_Finder_Kamera-1024x683.jpg\" data-featherlight=\"gallery_69f56837e2ddd\" class=\"gallery-expand\" data-title=\"Assistenzsysteme: Kamerabasierter King-Ping-Finder von Jost. Bild: Blenk\"><i class=\"fa fa-expand\" aria-hidden=\"true\"><\/i><\/a>\r\n        \t<div class=\"gallery-caption wp-caption-text\"><p>Assistenzsysteme: Kamerabasierter King-Ping-Finder von Jost. Bild: Blenk<\/p>\n<\/div>\r\n        <\/div>\r\n        <div>\r\n        \t<img decoding=\"async\" src=\"https:\/\/static.krafthand-truck.de\/uploads\/2023\/09\/Nufam_2023_H2_Wankelmotor_Hydro_Technologie_Motors-1024x608.jpg\" alt=\"\" \/>\r\n          <a href=\"https:\/\/static.krafthand-truck.de\/uploads\/2023\/09\/Nufam_2023_H2_Wankelmotor_Hydro_Technologie_Motors-1024x608.jpg\" data-featherlight=\"gallery_69f56837e2ddd\" class=\"gallery-expand\" data-title=\"Wasserstoff-Wankelmotor von Hydro-Technologie-Motors. Bild: Blenk\"><i class=\"fa fa-expand\" aria-hidden=\"true\"><\/i><\/a>\r\n        \t<div class=\"gallery-caption wp-caption-text\"><p>Wasserstoff-Wankelmotor von Hydro-Technologie-Motors. Bild: Blenk<\/p>\n<\/div>\r\n        <\/div>\r\n        <div>\r\n        \t<img decoding=\"async\" src=\"https:\/\/static.krafthand-truck.de\/uploads\/2023\/09\/Nufam_2023_DAF_XD_FT_Electric-1024x669.jpg\" alt=\"\" \/>\r\n          <a href=\"https:\/\/static.krafthand-truck.de\/uploads\/2023\/09\/Nufam_2023_DAF_XD_FT_Electric-1024x669.jpg\" data-featherlight=\"gallery_69f56837e2ddd\" class=\"gallery-expand\" data-title=\"Der neue DAF CD FT Electric. Bild. Blenk\"><i class=\"fa fa-expand\" aria-hidden=\"true\"><\/i><\/a>\r\n        \t<div class=\"gallery-caption wp-caption-text\"><p>Der neue DAF CD FT Electric. Bild. Blenk<\/p>\n<\/div>\r\n        <\/div>\r\n        <div>\r\n        \t<img decoding=\"async\" src=\"https:\/\/static.krafthand-truck.de\/uploads\/2023\/09\/Nufam_2023_Prometeon_H02_Profuel_Steer_Lkw_Reifen-1024x608.jpg\" alt=\"\" \/>\r\n          <a href=\"https:\/\/static.krafthand-truck.de\/uploads\/2023\/09\/Nufam_2023_Prometeon_H02_Profuel_Steer_Lkw_Reifen-1024x608.jpg\" data-featherlight=\"gallery_69f56837e2ddd\" class=\"gallery-expand\" data-title=\"Lkw-Reifen H02 Profuel \/ Steer der neuen 02er-Serie von Prometeon. Bild: Blenk\"><i class=\"fa fa-expand\" aria-hidden=\"true\"><\/i><\/a>\r\n        \t<div class=\"gallery-caption wp-caption-text\"><p>Lkw-Reifen H02 Profuel \/ Steer der neuen 02er-Serie von Prometeon. Bild: Blenk<\/p>\n<\/div>\r\n        <\/div>\r\n        <div>\r\n        \t<img decoding=\"async\" src=\"https:\/\/static.krafthand-truck.de\/uploads\/2023\/09\/Nufam_2023_Mercedes_Benz_Truck_eActros300-1024x668.jpg\" alt=\"\" \/>\r\n          <a href=\"https:\/\/static.krafthand-truck.de\/uploads\/2023\/09\/Nufam_2023_Mercedes_Benz_Truck_eActros300-1024x668.jpg\" data-featherlight=\"gallery_69f56837e2ddd\" class=\"gallery-expand\" data-title=\"Mercedes-Benz eActros 300. Bild: Blenk\"><i class=\"fa fa-expand\" aria-hidden=\"true\"><\/i><\/a>\r\n        \t<div class=\"gallery-caption wp-caption-text\"><p>Mercedes-Benz eActros 300. Bild: Blenk<\/p>\n<\/div>\r\n        <\/div>\r\n        <div>\r\n        \t<img decoding=\"async\" src=\"https:\/\/static.krafthand-truck.de\/uploads\/2023\/09\/Nufam_2023_Mercedes_Benz_Truck_eActros300_Heckansicht-1024x616.jpg\" alt=\"\" \/>\r\n          <a href=\"https:\/\/static.krafthand-truck.de\/uploads\/2023\/09\/Nufam_2023_Mercedes_Benz_Truck_eActros300_Heckansicht-1024x616.jpg\" data-featherlight=\"gallery_69f56837e2ddd\" class=\"gallery-expand\" data-title=\"Seitenansicht: Mercedes-Benz eActros 300. Bild: Blenk\"><i class=\"fa fa-expand\" aria-hidden=\"true\"><\/i><\/a>\r\n        \t<div class=\"gallery-caption wp-caption-text\"><p>Seitenansicht: Mercedes-Benz eActros 300. Bild: Blenk<\/p>\n<\/div>\r\n        <\/div><\/div><\/div>\r\n\t<script>\r\n\t\tjQuery(document).ready(function($){\r\n      setTimeout(function(){\r\n  \t\t\t$(\".owl-carousel\").owlCarousel({\r\n  \t\t\t\tloop:true,\r\n    \t\t\tmargin:10,\r\n    \t\t\tresponsiveClass:true,\r\n    \t\t\titems:1,\r\n    \t\t\tautoHeight: true,\r\n          nav: true,\r\n          URLhashListener: true,\r\n          startPosition: \"URLHash\",\r\n          navText: [\r\n            \"<i class='fa fa-chevron-left'><\/i>\",\r\n            \"<i class='fa fa-chevron-right'><\/i>\"\r\n          ],\r\n  \t\t\t});\r\n      }, 2000);\r\n\t\t});\r\n\t<\/script>\r\n\t\n<h3>Die NUFAM als Plattform<\/h3>\n<figure id=\"attachment_37492\" aria-describedby=\"caption-attachment-37492\" style=\"width: 420px\" class=\"wp-caption alignright\"><a href=\"https:\/\/static.krafthand-truck.de\/uploads\/2023\/09\/Nufam_2023_Induktionserhitzer_VQuadrat.jpg\" target=\"_blank\" rel=\"noopener\"><img decoding=\"async\" class=\"wp-image-37492\" src=\"https:\/\/static.krafthand-truck.de\/uploads\/2023\/09\/Nufam_2023_Induktionserhitzer_VQuadrat-300x169.jpg\" alt=\"\" width=\"420\" height=\"236\" srcset=\"https:\/\/static.krafthand-truck.de\/uploads\/2023\/09\/Nufam_2023_Induktionserhitzer_VQuadrat-300x169.jpg 300w, https:\/\/static.krafthand-truck.de\/uploads\/2023\/09\/Nufam_2023_Induktionserhitzer_VQuadrat-1024x576.jpg 1024w, https:\/\/static.krafthand-truck.de\/uploads\/2023\/09\/Nufam_2023_Induktionserhitzer_VQuadrat-768x432.jpg 768w, https:\/\/static.krafthand-truck.de\/uploads\/2023\/09\/Nufam_2023_Induktionserhitzer_VQuadrat.jpg 1200w\" sizes=\"(max-width: 420px) 100vw, 420px\" \/><\/a><figcaption id=\"caption-attachment-37492\" class=\"wp-caption-text\">Induktionserhitzer von VauQaudrat. Es kommt auf die richtige Temperatur an! Bild: Blenk<\/figcaption><\/figure>\n<p>Rund drei Viertel der Messebesucher bewerteten die Veranstaltung laut Messe-Karlsruhe dann auch als bedeutend f\u00fcr ihre Investitionsentscheidungen. <em>\u201eAuf der NUFAM m\u00f6chte ich Informationen sammeln, mir einen \u00dcberblick verschaffen und sehen, was momentan up to date ist. Ich erkundige mich hier nach Produkten f\u00fcr k\u00fcnftige Investitionen&#8220;, so J\u00fcrgen Singhof, Rupp Landhandel aus Alzey. <\/em>Die Ausstellender sch\u00e4tzen die NUFAM gleichsam als<br \/>\nAngebotsplattform: <em>\u201eWir stellen auf der NUFAM aus, weil wir hier auf Entscheider treffen und uns einen guten \u00dcberblick verschaffen k\u00f6nnen. Wir sind <\/em><em>hier insgesamt mit 20 Exponaten auf der Messe vertreten \u2013 nicht nur auf unserem Stand, sondern auch auf denen unserer Partner\u201c<\/em>, sagte Daniel B\u00f6hmer, Gesch\u00e4ftsf\u00fchrer von FX Meiller. Sascha Ziehl, Gesch\u00e4ftsf\u00fchrer von Tiropatrans, erg\u00e4nzt: <em>\u201eDie NUFAM ist eine absolute Fachmesse. Viele Besucher, die sich f\u00fcr Nutzfahrzeuge und Digitalisierung interessieren, kommen hierher.\u201c<\/em><\/p>\n<h3>Themenauswahl immer nah an der Branche<\/h3>\n<p>Im Mittelpunkt der NUFAM standen, was wenig verwundert, die alternativen Antriebe. Mit dem neu geschaffenen Forum Ladeinfrastruktur wurde das Thema umfangreich beleuchtet. Der Messesamstag stand dabei im Zeichen von Elektroantrieben, Wasserstoffmotoren und der Erforschung synthetischer Kraftstoffe sowie dem Umgang mit F\u00f6rderprogrammen.<\/p>\n<p>&nbsp;<\/p>\n<figure id=\"attachment_37494\" aria-describedby=\"caption-attachment-37494\" style=\"width: 800px\" class=\"wp-caption aligncenter\"><img decoding=\"async\" class=\"wp-image-37494\" src=\"https:\/\/static.krafthand-truck.de\/uploads\/2023\/09\/Nufam_2023_Nutzfahrzeuge_Elektromobilitaet-300x174.jpg\" alt=\"\" width=\"800\" height=\"463\" srcset=\"https:\/\/static.krafthand-truck.de\/uploads\/2023\/09\/Nufam_2023_Nutzfahrzeuge_Elektromobilitaet-300x174.jpg 300w, https:\/\/static.krafthand-truck.de\/uploads\/2023\/09\/Nufam_2023_Nutzfahrzeuge_Elektromobilitaet-1024x592.jpg 1024w, https:\/\/static.krafthand-truck.de\/uploads\/2023\/09\/Nufam_2023_Nutzfahrzeuge_Elektromobilitaet-768x444.jpg 768w, https:\/\/static.krafthand-truck.de\/uploads\/2023\/09\/Nufam_2023_Nutzfahrzeuge_Elektromobilitaet.jpg 1200w\" sizes=\"(max-width: 800px) 100vw, 800px\" \/><figcaption id=\"caption-attachment-37494\" class=\"wp-caption-text\">Die Elektromobilit\u00e4t, vor allem auch die Ladeinfrastruktur, geh\u00f6rten zu den Fokusthemen auf der NUFAM. Bild: Blenk<\/figcaption><\/figure>\n<h3>International aufgestellt<\/h3>\n<figure id=\"attachment_37503\" aria-describedby=\"caption-attachment-37503\" style=\"width: 420px\" class=\"wp-caption alignleft\"><a href=\"https:\/\/static.krafthand-truck.de\/uploads\/2023\/09\/Nufam_2023_Make_Trucking_great_again.jpg\" target=\"_blank\" rel=\"noopener\"><img loading=\"lazy\" decoding=\"async\" class=\"wp-image-37503\" src=\"https:\/\/static.krafthand-truck.de\/uploads\/2023\/09\/Nufam_2023_Make_Trucking_great_again-300x178.jpg\" alt=\"\" width=\"420\" height=\"250\" srcset=\"https:\/\/static.krafthand-truck.de\/uploads\/2023\/09\/Nufam_2023_Make_Trucking_great_again-300x178.jpg 300w, https:\/\/static.krafthand-truck.de\/uploads\/2023\/09\/Nufam_2023_Make_Trucking_great_again-1024x608.jpg 1024w, https:\/\/static.krafthand-truck.de\/uploads\/2023\/09\/Nufam_2023_Make_Trucking_great_again-768x456.jpg 768w, https:\/\/static.krafthand-truck.de\/uploads\/2023\/09\/Nufam_2023_Make_Trucking_great_again.jpg 1200w\" sizes=\"(max-width: 420px) 100vw, 420px\" \/><\/a><figcaption id=\"caption-attachment-37503\" class=\"wp-caption-text\">Die Message kam auf der NUFAM 2023 an. Die Branche pr\u00e4sentierte sich als Innovationsmotor. Bild: Blenk<\/figcaption><\/figure>\n<p>Mit 23 vertretenen Nationen waren Unternehmen aus so vielen Staaten wie nie auf der Karlsruher Nutzfahrzeugmesse vertreten. <em>\u201eWir zielen mit unserem Auftritt auf der NUFAM auf Neukundengewinnung und Auftr\u00e4ge ab. Wir sind ein gro\u00dfes internationales Unternehmen mit Hauptsitz in Polen und in den letzten f\u00fcnf bis zehn Jahren stark gewachsen. Jetzt sind wir im gr\u00f6\u00dften Nutzfahrzeugmarkt Europas &#8211; das ist Deutschland &#8211; verst\u00e4rkt aktiv und wollen auch hier wachsen\u201c<\/em>, sagt Martin Kemker, Verkaufsleiter bei Wielton.<\/p>\n<blockquote><p>F\u00fcr Jochen Bortfeld, Projektleiter der NUFAM, war die achte Ausgabe der Nutzfahrzeugmesse erneut ein voller Erfolg: \u201eWir sind stets nah and er Branche und wissen, was der Markt braucht. Dieses Konzept \u00fcberzeugt und spiegelt sich in der Zufriedenheit unserer Ausstellenden wider. Ich freue mich schon auf die kommende Ausgabe, die vom 25. bis 28. September 2025 stattfindet.&#8220;<\/p><\/blockquote>\n<div class=\"in-article ad\" data-track-content data-content-name=\"In Artikel Banner\" data-content-piece=\"NUFAM 2023: Neueste Entwicklungen auf den Punkt gebracht! - 37412\"><ins data-revive-zoneid=\"38\" data-revive-id=\"04237dfbc3c6f3bc11c0af02bebcbeab\"><\/ins><\/div>\n\r\n\t\t\t\t<div class=\"post-author\">\r\n\t\t\t\t\t<div class=\"khm-cp-author clearfix\">\r\n\t\t\t\t\t\t<div class=\"khm-cp-author__content\">\r\n\t\t\t\t\t\t\t\tKontakt zum Autor:<br \/>\r\n\t\t\t\t\t\t\t\t<strong>Georg Blenk<\/strong>, 08247 \/ 3007-45 |  <a href=\"mailto:georg.blenk@krafthand-medien.de\">georg.blenk@krafthand-medien.de<\/a>\r\n\t\t\t\t\t\t\t<div class=\"khm-cp-author__image\">\r\n\t\t\t\t\t\t<img src=\"https:\/\/static.krafthand-truck.de\/uploads\/2021\/01\/Blenk_6104-250x300-1-removebg-preview.png\" class=\"img-responsive\">\r\n\t\t\t\t\t<\/div>\r\n\t\t\t\t\t\t<\/div>\r\n\t\t\t\t\t<\/div>\r\n\t\t\t\t<\/div>\r\n\t\t\t\t","protected":false},"excerpt":{"rendered":"<p>Am Sonntag dem 24.9.2023 schloss die Nutzfahrzeugmesse NUFAM in Karlsruhe nach vier Messetagen ihre Tore. Die Messe zeigte, wie hochdynamisch und zukunftsorientiert sich die Nfz-Branche entwickelt.\u00a0Wir haben uns auf der NUFAM umgesehen und liefern einen \u00dcberblick in Bildern. <span class=\"excerpt-more__dots\">&#8230;<\/span> <a class=\"excerpt-more__link\" href=\"https:\/\/www.krafthand.de\/truck\/artikel\/nufam-2023-neueste-entwicklungen-auf-den-punkt-gebracht-37412\/\" >weiter<\/a><\/p>\n","protected":false},"author":9,"featured_media":37472,"comment_status":"closed","ping_status":"closed","sticky":false,"template":"","format":"standard","meta":{"footnotes":""},"categories":[4236],"tags":[5709],"settings":[3524,4766,3523],"class_list":["post-37412","post","type-post","status-publish","format-standard","has-post-thumbnail","hentry","category-veranstaltungen","tag-nufam-2023"],"yoast_head":"<!-- This site is optimized with the Yoast SEO plugin v27.3 - https:\/\/yoast.com\/product\/yoast-seo-wordpress\/ -->\n<title>NUFAM 2023: Neueste Entwicklungen auf den Punkt gebracht! - Krafthand-Truck<\/title>\n<meta name=\"description\" content=\"Am Sonntag dem 24.9.2023 schloss die Nutzfahrzeugmesse NUFAM in Karlsruhe ihre Tore. Wir liefern einen \u00dcberblick in Bildern.\" \/>\n<meta name=\"robots\" content=\"index, follow, max-snippet:-1, max-image-preview:large, max-video-preview:-1\" \/>\n<link rel=\"canonical\" href=\"https:\/\/www.krafthand.de\/truck\/artikel\/nufam-2023-neueste-entwicklungen-auf-den-punkt-gebracht-37412\/\" \/>\n<meta property=\"og:locale\" content=\"de_DE\" \/>\n<meta property=\"og:type\" content=\"article\" \/>\n<meta property=\"og:title\" content=\"NUFAM 2023: Neueste Entwicklungen auf den Punkt gebracht! - Krafthand-Truck\" \/>\n<meta property=\"og:description\" content=\"Am Sonntag dem 24.9.2023 schloss die Nutzfahrzeugmesse NUFAM in Karlsruhe ihre Tore. Wir liefern einen \u00dcberblick in Bildern.\" \/>\n<meta property=\"og:url\" content=\"https:\/\/www.krafthand-truck.de\/artikel\/nufam-2023-neueste-entwicklungen-auf-den-punkt-gebracht-37412\/\" \/>\n<meta property=\"og:site_name\" content=\"Krafthand-Truck\" \/>\n<meta property=\"article:published_time\" content=\"2023-09-26T08:04:09+00:00\" \/>\n<meta property=\"article:modified_time\" content=\"2023-09-26T12:55:04+00:00\" \/>\n<meta property=\"og:image\" content=\"https:\/\/static.krafthand-truck.de\/uploads\/2023\/09\/nufam_2023_messekarlsruhe_juergenroesner_2.jpg\" \/>\n\t<meta property=\"og:image:width\" content=\"1200\" \/>\n\t<meta property=\"og:image:height\" content=\"535\" \/>\n\t<meta property=\"og:image:type\" content=\"image\/jpeg\" \/>\n<meta name=\"author\" content=\"georg.blenk@krafthand-medien.de\" \/>\n<meta name=\"twitter:card\" content=\"summary_large_image\" \/>\n<meta name=\"twitter:label1\" content=\"Verfasst von\" \/>\n\t<meta name=\"twitter:data1\" content=\"georg.blenk@krafthand-medien.de\" \/>\n\t<meta name=\"twitter:label2\" content=\"Gesch\u00e4tzte Lesezeit\" \/>\n\t<meta name=\"twitter:data2\" content=\"5\u00a0Minuten\" \/>\n<script type=\"application\/ld+json\" class=\"yoast-schema-graph\">{\"@context\":\"https:\\\/\\\/schema.org\",\"@graph\":[{\"@type\":\"Article\",\"@id\":\"https:\\\/\\\/www.krafthand.de\\\/truck\\\/artikel\\\/nufam-2023-neueste-entwicklungen-auf-den-punkt-gebracht-37412\\\/#article\",\"isPartOf\":{\"@id\":\"https:\\\/\\\/www.krafthand.de\\\/truck\\\/artikel\\\/nufam-2023-neueste-entwicklungen-auf-den-punkt-gebracht-37412\\\/\"},\"author\":{\"name\":\"georg.blenk@krafthand-medien.de\",\"@id\":\"https:\\\/\\\/www.krafthand.de\\\/truck\\\/#\\\/schema\\\/person\\\/51fa80b1c57034c4bf63f9f988fc24ce\"},\"headline\":\"NUFAM 2023: Neueste Entwicklungen auf den Punkt gebracht!\",\"datePublished\":\"2023-09-26T08:04:09+00:00\",\"dateModified\":\"2023-09-26T12:55:04+00:00\",\"mainEntityOfPage\":{\"@id\":\"https:\\\/\\\/www.krafthand.de\\\/truck\\\/artikel\\\/nufam-2023-neueste-entwicklungen-auf-den-punkt-gebracht-37412\\\/\"},\"wordCount\":864,\"image\":{\"@id\":\"https:\\\/\\\/www.krafthand.de\\\/truck\\\/artikel\\\/nufam-2023-neueste-entwicklungen-auf-den-punkt-gebracht-37412\\\/#primaryimage\"},\"thumbnailUrl\":\"https:\\\/\\\/static.krafthand-truck.de\\\/uploads\\\/2023\\\/09\\\/nufam_2023_messekarlsruhe_juergenroesner_2.jpg\",\"keywords\":[\"Nufam 2023\"],\"articleSection\":[\"Veranstaltungen\\\/Messen\"],\"inLanguage\":\"de\"},{\"@type\":\"WebPage\",\"@id\":\"https:\\\/\\\/www.krafthand.de\\\/truck\\\/artikel\\\/nufam-2023-neueste-entwicklungen-auf-den-punkt-gebracht-37412\\\/\",\"url\":\"https:\\\/\\\/www.krafthand.de\\\/truck\\\/artikel\\\/nufam-2023-neueste-entwicklungen-auf-den-punkt-gebracht-37412\\\/\",\"name\":\"NUFAM 2023: Neueste Entwicklungen auf den Punkt gebracht! - Krafthand-Truck\",\"isPartOf\":{\"@id\":\"https:\\\/\\\/www.krafthand.de\\\/truck\\\/#website\"},\"primaryImageOfPage\":{\"@id\":\"https:\\\/\\\/www.krafthand.de\\\/truck\\\/artikel\\\/nufam-2023-neueste-entwicklungen-auf-den-punkt-gebracht-37412\\\/#primaryimage\"},\"image\":{\"@id\":\"https:\\\/\\\/www.krafthand.de\\\/truck\\\/artikel\\\/nufam-2023-neueste-entwicklungen-auf-den-punkt-gebracht-37412\\\/#primaryimage\"},\"thumbnailUrl\":\"https:\\\/\\\/static.krafthand-truck.de\\\/uploads\\\/2023\\\/09\\\/nufam_2023_messekarlsruhe_juergenroesner_2.jpg\",\"datePublished\":\"2023-09-26T08:04:09+00:00\",\"dateModified\":\"2023-09-26T12:55:04+00:00\",\"author\":{\"@id\":\"https:\\\/\\\/www.krafthand.de\\\/truck\\\/#\\\/schema\\\/person\\\/51fa80b1c57034c4bf63f9f988fc24ce\"},\"description\":\"Am Sonntag dem 24.9.2023 schloss die Nutzfahrzeugmesse NUFAM in Karlsruhe ihre Tore. Wir liefern einen \u00dcberblick in Bildern.\",\"breadcrumb\":{\"@id\":\"https:\\\/\\\/www.krafthand.de\\\/truck\\\/artikel\\\/nufam-2023-neueste-entwicklungen-auf-den-punkt-gebracht-37412\\\/#breadcrumb\"},\"inLanguage\":\"de\",\"potentialAction\":[{\"@type\":\"ReadAction\",\"target\":[\"https:\\\/\\\/www.krafthand.de\\\/truck\\\/artikel\\\/nufam-2023-neueste-entwicklungen-auf-den-punkt-gebracht-37412\\\/\"]}]},{\"@type\":\"ImageObject\",\"inLanguage\":\"de\",\"@id\":\"https:\\\/\\\/www.krafthand.de\\\/truck\\\/artikel\\\/nufam-2023-neueste-entwicklungen-auf-den-punkt-gebracht-37412\\\/#primaryimage\",\"url\":\"https:\\\/\\\/static.krafthand-truck.de\\\/uploads\\\/2023\\\/09\\\/nufam_2023_messekarlsruhe_juergenroesner_2.jpg\",\"contentUrl\":\"https:\\\/\\\/static.krafthand-truck.de\\\/uploads\\\/2023\\\/09\\\/nufam_2023_messekarlsruhe_juergenroesner_2.jpg\",\"width\":1200,\"height\":535},{\"@type\":\"BreadcrumbList\",\"@id\":\"https:\\\/\\\/www.krafthand.de\\\/truck\\\/artikel\\\/nufam-2023-neueste-entwicklungen-auf-den-punkt-gebracht-37412\\\/#breadcrumb\",\"itemListElement\":[{\"@type\":\"ListItem\",\"position\":1,\"name\":\"Krafthand-Truck\",\"item\":\"https:\\\/\\\/www.krafthand.de\\\/truck\\\/\"},{\"@type\":\"ListItem\",\"position\":2,\"name\":\"Nfz-Branche\",\"item\":\"https:\\\/\\\/www.krafthand.de\\\/truck\\\/kategorie\\\/branche\\\/\"},{\"@type\":\"ListItem\",\"position\":3,\"name\":\"Veranstaltungen\\\/Messen\",\"item\":\"https:\\\/\\\/www.krafthand.de\\\/truck\\\/kategorie\\\/branche\\\/veranstaltungen\\\/\"},{\"@type\":\"ListItem\",\"position\":4,\"name\":\"NUFAM 2023: Neueste Entwicklungen auf den Punkt gebracht!\"}]},{\"@type\":\"WebSite\",\"@id\":\"https:\\\/\\\/www.krafthand.de\\\/truck\\\/#website\",\"url\":\"https:\\\/\\\/www.krafthand.de\\\/truck\\\/\",\"name\":\"Krafthand-Truck\",\"description\":\"\",\"potentialAction\":[{\"@type\":\"SearchAction\",\"target\":{\"@type\":\"EntryPoint\",\"urlTemplate\":\"https:\\\/\\\/www.krafthand.de\\\/truck\\\/?s={search_term_string}\"},\"query-input\":{\"@type\":\"PropertyValueSpecification\",\"valueRequired\":true,\"valueName\":\"search_term_string\"}}],\"inLanguage\":\"de\"},{\"@type\":\"Person\",\"@id\":\"https:\\\/\\\/www.krafthand.de\\\/truck\\\/#\\\/schema\\\/person\\\/51fa80b1c57034c4bf63f9f988fc24ce\",\"name\":\"georg.blenk@krafthand-medien.de\",\"image\":{\"@type\":\"ImageObject\",\"inLanguage\":\"de\",\"@id\":\"https:\\\/\\\/secure.gravatar.com\\\/avatar\\\/93713c30affe0aa95d3a4130e499bb1abee2eb31adbdd9ce2aa1543538490215?s=96&d=mm&r=g\",\"url\":\"https:\\\/\\\/secure.gravatar.com\\\/avatar\\\/93713c30affe0aa95d3a4130e499bb1abee2eb31adbdd9ce2aa1543538490215?s=96&d=mm&r=g\",\"contentUrl\":\"https:\\\/\\\/secure.gravatar.com\\\/avatar\\\/93713c30affe0aa95d3a4130e499bb1abee2eb31adbdd9ce2aa1543538490215?s=96&d=mm&r=g\",\"caption\":\"georg.blenk@krafthand-medien.de\"}}]}<\/script>\n<!-- \/ Yoast SEO plugin. -->","yoast_head_json":{"title":"NUFAM 2023: Neueste Entwicklungen auf den Punkt gebracht! - Krafthand-Truck","description":"Am Sonntag dem 24.9.2023 schloss die Nutzfahrzeugmesse NUFAM in Karlsruhe ihre Tore. Wir liefern einen \u00dcberblick in Bildern.","robots":{"index":"index","follow":"follow","max-snippet":"max-snippet:-1","max-image-preview":"max-image-preview:large","max-video-preview":"max-video-preview:-1"},"canonical":"https:\/\/www.krafthand.de\/truck\/artikel\/nufam-2023-neueste-entwicklungen-auf-den-punkt-gebracht-37412\/","og_locale":"de_DE","og_type":"article","og_title":"NUFAM 2023: Neueste Entwicklungen auf den Punkt gebracht! - Krafthand-Truck","og_description":"Am Sonntag dem 24.9.2023 schloss die Nutzfahrzeugmesse NUFAM in Karlsruhe ihre Tore. Wir liefern einen \u00dcberblick in Bildern.","og_url":"https:\/\/www.krafthand-truck.de\/artikel\/nufam-2023-neueste-entwicklungen-auf-den-punkt-gebracht-37412\/","og_site_name":"Krafthand-Truck","article_published_time":"2023-09-26T08:04:09+00:00","article_modified_time":"2023-09-26T12:55:04+00:00","og_image":[{"width":1200,"height":535,"url":"https:\/\/static.krafthand-truck.de\/uploads\/2023\/09\/nufam_2023_messekarlsruhe_juergenroesner_2.jpg","type":"image\/jpeg"}],"author":"georg.blenk@krafthand-medien.de","twitter_card":"summary_large_image","twitter_misc":{"Verfasst von":"georg.blenk@krafthand-medien.de","Gesch\u00e4tzte Lesezeit":"5\u00a0Minuten"},"schema":{"@context":"https:\/\/schema.org","@graph":[{"@type":"Article","@id":"https:\/\/www.krafthand.de\/truck\/artikel\/nufam-2023-neueste-entwicklungen-auf-den-punkt-gebracht-37412\/#article","isPartOf":{"@id":"https:\/\/www.krafthand.de\/truck\/artikel\/nufam-2023-neueste-entwicklungen-auf-den-punkt-gebracht-37412\/"},"author":{"name":"georg.blenk@krafthand-medien.de","@id":"https:\/\/www.krafthand.de\/truck\/#\/schema\/person\/51fa80b1c57034c4bf63f9f988fc24ce"},"headline":"NUFAM 2023: Neueste Entwicklungen auf den Punkt gebracht!","datePublished":"2023-09-26T08:04:09+00:00","dateModified":"2023-09-26T12:55:04+00:00","mainEntityOfPage":{"@id":"https:\/\/www.krafthand.de\/truck\/artikel\/nufam-2023-neueste-entwicklungen-auf-den-punkt-gebracht-37412\/"},"wordCount":864,"image":{"@id":"https:\/\/www.krafthand.de\/truck\/artikel\/nufam-2023-neueste-entwicklungen-auf-den-punkt-gebracht-37412\/#primaryimage"},"thumbnailUrl":"https:\/\/static.krafthand-truck.de\/uploads\/2023\/09\/nufam_2023_messekarlsruhe_juergenroesner_2.jpg","keywords":["Nufam 2023"],"articleSection":["Veranstaltungen\/Messen"],"inLanguage":"de"},{"@type":"WebPage","@id":"https:\/\/www.krafthand.de\/truck\/artikel\/nufam-2023-neueste-entwicklungen-auf-den-punkt-gebracht-37412\/","url":"https:\/\/www.krafthand.de\/truck\/artikel\/nufam-2023-neueste-entwicklungen-auf-den-punkt-gebracht-37412\/","name":"NUFAM 2023: Neueste Entwicklungen auf den Punkt gebracht! - Krafthand-Truck","isPartOf":{"@id":"https:\/\/www.krafthand.de\/truck\/#website"},"primaryImageOfPage":{"@id":"https:\/\/www.krafthand.de\/truck\/artikel\/nufam-2023-neueste-entwicklungen-auf-den-punkt-gebracht-37412\/#primaryimage"},"image":{"@id":"https:\/\/www.krafthand.de\/truck\/artikel\/nufam-2023-neueste-entwicklungen-auf-den-punkt-gebracht-37412\/#primaryimage"},"thumbnailUrl":"https:\/\/static.krafthand-truck.de\/uploads\/2023\/09\/nufam_2023_messekarlsruhe_juergenroesner_2.jpg","datePublished":"2023-09-26T08:04:09+00:00","dateModified":"2023-09-26T12:55:04+00:00","author":{"@id":"https:\/\/www.krafthand.de\/truck\/#\/schema\/person\/51fa80b1c57034c4bf63f9f988fc24ce"},"description":"Am Sonntag dem 24.9.2023 schloss die Nutzfahrzeugmesse NUFAM in Karlsruhe ihre Tore. Wir liefern einen \u00dcberblick in Bildern.","breadcrumb":{"@id":"https:\/\/www.krafthand.de\/truck\/artikel\/nufam-2023-neueste-entwicklungen-auf-den-punkt-gebracht-37412\/#breadcrumb"},"inLanguage":"de","potentialAction":[{"@type":"ReadAction","target":["https:\/\/www.krafthand.de\/truck\/artikel\/nufam-2023-neueste-entwicklungen-auf-den-punkt-gebracht-37412\/"]}]},{"@type":"ImageObject","inLanguage":"de","@id":"https:\/\/www.krafthand.de\/truck\/artikel\/nufam-2023-neueste-entwicklungen-auf-den-punkt-gebracht-37412\/#primaryimage","url":"https:\/\/static.krafthand-truck.de\/uploads\/2023\/09\/nufam_2023_messekarlsruhe_juergenroesner_2.jpg","contentUrl":"https:\/\/static.krafthand-truck.de\/uploads\/2023\/09\/nufam_2023_messekarlsruhe_juergenroesner_2.jpg","width":1200,"height":535},{"@type":"BreadcrumbList","@id":"https:\/\/www.krafthand.de\/truck\/artikel\/nufam-2023-neueste-entwicklungen-auf-den-punkt-gebracht-37412\/#breadcrumb","itemListElement":[{"@type":"ListItem","position":1,"name":"Krafthand-Truck","item":"https:\/\/www.krafthand.de\/truck\/"},{"@type":"ListItem","position":2,"name":"Nfz-Branche","item":"https:\/\/www.krafthand.de\/truck\/kategorie\/branche\/"},{"@type":"ListItem","position":3,"name":"Veranstaltungen\/Messen","item":"https:\/\/www.krafthand.de\/truck\/kategorie\/branche\/veranstaltungen\/"},{"@type":"ListItem","position":4,"name":"NUFAM 2023: Neueste Entwicklungen auf den Punkt gebracht!"}]},{"@type":"WebSite","@id":"https:\/\/www.krafthand.de\/truck\/#website","url":"https:\/\/www.krafthand.de\/truck\/","name":"Krafthand-Truck","description":"","potentialAction":[{"@type":"SearchAction","target":{"@type":"EntryPoint","urlTemplate":"https:\/\/www.krafthand.de\/truck\/?s={search_term_string}"},"query-input":{"@type":"PropertyValueSpecification","valueRequired":true,"valueName":"search_term_string"}}],"inLanguage":"de"},{"@type":"Person","@id":"https:\/\/www.krafthand.de\/truck\/#\/schema\/person\/51fa80b1c57034c4bf63f9f988fc24ce","name":"georg.blenk@krafthand-medien.de","image":{"@type":"ImageObject","inLanguage":"de","@id":"https:\/\/secure.gravatar.com\/avatar\/93713c30affe0aa95d3a4130e499bb1abee2eb31adbdd9ce2aa1543538490215?s=96&d=mm&r=g","url":"https:\/\/secure.gravatar.com\/avatar\/93713c30affe0aa95d3a4130e499bb1abee2eb31adbdd9ce2aa1543538490215?s=96&d=mm&r=g","contentUrl":"https:\/\/secure.gravatar.com\/avatar\/93713c30affe0aa95d3a4130e499bb1abee2eb31adbdd9ce2aa1543538490215?s=96&d=mm&r=g","caption":"georg.blenk@krafthand-medien.de"}}]}},"_links":{"self":[{"href":"https:\/\/www.krafthand.de\/truck\/wp-json\/wp\/v2\/posts\/37412","targetHints":{"allow":["GET"]}}],"collection":[{"href":"https:\/\/www.krafthand.de\/truck\/wp-json\/wp\/v2\/posts"}],"about":[{"href":"https:\/\/www.krafthand.de\/truck\/wp-json\/wp\/v2\/types\/post"}],"author":[{"embeddable":true,"href":"https:\/\/www.krafthand.de\/truck\/wp-json\/wp\/v2\/users\/9"}],"replies":[{"embeddable":true,"href":"https:\/\/www.krafthand.de\/truck\/wp-json\/wp\/v2\/comments?post=37412"}],"version-history":[{"count":59,"href":"https:\/\/www.krafthand.de\/truck\/wp-json\/wp\/v2\/posts\/37412\/revisions"}],"predecessor-version":[{"id":37516,"href":"https:\/\/www.krafthand.de\/truck\/wp-json\/wp\/v2\/posts\/37412\/revisions\/37516"}],"wp:featuredmedia":[{"embeddable":true,"href":"https:\/\/www.krafthand.de\/truck\/wp-json\/wp\/v2\/media\/37472"}],"wp:attachment":[{"href":"https:\/\/www.krafthand.de\/truck\/wp-json\/wp\/v2\/media?parent=37412"}],"wp:term":[{"taxonomy":"category","embeddable":true,"href":"https:\/\/www.krafthand.de\/truck\/wp-json\/wp\/v2\/categories?post=37412"},{"taxonomy":"post_tag","embeddable":true,"href":"https:\/\/www.krafthand.de\/truck\/wp-json\/wp\/v2\/tags?post=37412"},{"taxonomy":"settings","embeddable":true,"href":"https:\/\/www.krafthand.de\/truck\/wp-json\/wp\/v2\/settings?post=37412"}],"curies":[{"name":"wp","href":"https:\/\/api.w.org\/{rel}","templated":true}]}}