{"id":37405,"date":"2023-09-20T10:36:42","date_gmt":"2023-09-20T08:36:42","guid":{"rendered":"https:\/\/www.krafthand.de\/truck\/?p=37405"},"modified":"2023-09-25T12:21:23","modified_gmt":"2023-09-25T10:21:23","slug":"renault-trucks-deutschland-premiere-auf-der-nufam-fuer-elektrische-baureihen","status":"publish","type":"post","link":"https:\/\/www.krafthand.de\/truck\/artikel\/renault-trucks-deutschland-premiere-auf-der-nufam-fuer-elektrische-baureihen-37405\/","title":{"rendered":"Renault-Trucks: Deutschland-Premiere auf der NUFAM f\u00fcr elektrische Baureihen"},"content":{"rendered":"<p>Unter dem Motto &#8218;Full Range. 100 % Elektro&#8216; feiert Renault Trucks auf der NUFAM in Karlsruhe die Deutschlandpremiere der elektrischen schweren Baureihen. Zusammen mit den Partnern <a href=\"https:\/\/www.tiropatrans.de\" target=\"_blank\" rel=\"noopener\">Tiropatrans<\/a>, <a href=\"https:\/\/www.vanselect.de\" target=\"_blank\" rel=\"noopener\">VanSelect<\/a> und <a href=\"https:\/\/www.orten-fahrzeugbau.de\/de\/\" target=\"_blank\" rel=\"noopener\">Orten Fahrzeugbau<\/a> zeigt Renault Trucks seine Elektro-Lkw Renault Trucks E-Tech Master, E-Tech D und D Wide und E-Tech C und bietet Probefahrten an.<\/p>\n<blockquote><p>\u201eDie NUFAM ist f\u00fcr uns das ideale Forum, um unsere Kundinnen und Kunden, vor allem im s\u00fcddeutschen Raum, \u00fcber unsere Vorreiterrolle in der Elektromobilit\u00e4t mit unserem 360-Grad-Beratungsansatz zu informieren. Was uns besonders freut, ist, dass wir im Rahmen der NUFAM die Deutschlandpremiere des Renault Trucks E-Tech C feiern k\u00f6nnen. Genau der richtige Ort und das richtige Publikum f\u00fcr uns.\u201c, sagt Frederic Ruesche, Gesch\u00e4ftsf\u00fchrer Renault Trucks Deutschland.<\/p><\/blockquote>\n<p>Am Messestand von Tiropatrans <strong>(Halle 3, Stand A 306)<\/strong> steht das <a href=\"https:\/\/www.renault-trucks.de\" target=\"_blank\" rel=\"noopener\">Renault-Trucks<\/a>-Team im Kunden-Bereich f\u00fcr pers\u00f6nliche Gespr\u00e4che zur Verf\u00fcgung.<\/p>\n<p><strong>Folgende Fahrzeuge sind auf der NUFAM zu sehen:<\/strong><\/p>\n<ul>\n<li>E-Tech C mit Abrollkipper<\/li>\n<li>Master L3H1 mit Meiller Trigenius Aufbau (Au\u00dfengel\u00e4nde)<\/li>\n<li>T HighTurbo Compound (Au\u00dfengel\u00e4nde)<\/li>\n<li>C 8 x 4, Meiller-Kipper (Au\u00dfengel\u00e4nde)<\/li>\n<li>C P6 x 4 Off Road (Au\u00dfengel\u00e4nde)<\/li>\n<li>Renault Trucks am Stand von VanSelect (Halle 3, Stand D 306)<\/li>\n<li>Trafic, Fahrgestell mit Schutz Mittelhochpritsche und Laubgitteraufsatz<\/li>\n<li>Master L2H2 mit BSH Glastransportgestell<\/li>\n<li>Renault Trucks am Stand von Orten Fahrzeugbau (Halle 2, Stand A 230)<\/li>\n<li>E-Tech D Wide mit Getr\u00e4nkekoffer<\/li>\n<\/ul>\n<p>Besucherinnen und Besucher k\u00f6nnen die Fahrzeuge auch selbst erleben: Die Renault Trucks E-Tech D und D Wide und E-Tech Master stehen f\u00fcr Probefahrten zur Verf\u00fcgung. Mehr Info dazu gibt es am Tiropatrans-Stand <strong>(Halle 3, Stand A 306)<\/strong>.<\/p>\n","protected":false},"excerpt":{"rendered":"<p>Unter dem Motto &#8218;Full Range. 100 % Elektro&#8216; feiert Renault Trucks auf der NUFAM in Karlsruhe die Deutschlandpremiere der elektrischen schweren Baureihen. Zusammen mit den Partnern Tiropatrans, VanSelect und Orten Fahrzeugbau zeigt Renault Trucks seine Elektro-Lkw Renault Trucks E-Tech Master, E-Tech D und D Wide und E-Tech C und bietet Probefahrten an. <span class=\"excerpt-more__dots\">&#8230;<\/span> <a class=\"excerpt-more__link\" href=\"https:\/\/www.krafthand.de\/truck\/artikel\/renault-trucks-deutschland-premiere-auf-der-nufam-fuer-elektrische-baureihen-37405\/\" >weiter<\/a><\/p>\n","protected":false},"author":9,"featured_media":37408,"comment_status":"closed","ping_status":"closed","sticky":false,"template":"","format":"standard","meta":{"footnotes":""},"categories":[4224,4915,4236],"tags":[5738,1343,5737],"settings":[3523],"class_list":["post-37405","post","type-post","status-publish","format-standard","has-post-thumbnail","hentry","category-e-antrieb","category-neue-fahrzeuge","category-veranstaltungen","tag-e-tech","tag-renault-trucks","tag-tiropatrans"],"yoast_head":"<!-- This site is optimized with the Yoast SEO plugin v27.3 - https:\/\/yoast.com\/product\/yoast-seo-wordpress\/ -->\n<title>Renault-Trucks: Deutschland-Premiere auf der NUFAM f\u00fcr elektrische Baureihen - Krafthand-Truck<\/title>\n<meta name=\"description\" content=\"Unter dem Motto &#039;Full Range. 100 % Elektro&#039; feiert Renault Trucks auf der NUFAM die Deutschlandpremiere der elektrischen schweren Baureihen.\" \/>\n<meta name=\"robots\" content=\"index, follow, max-snippet:-1, max-image-preview:large, max-video-preview:-1\" \/>\n<link rel=\"canonical\" href=\"https:\/\/www.krafthand.de\/truck\/artikel\/renault-trucks-deutschland-premiere-auf-der-nufam-fuer-elektrische-baureihen-37405\/\" \/>\n<meta property=\"og:locale\" content=\"de_DE\" \/>\n<meta property=\"og:type\" content=\"article\" \/>\n<meta property=\"og:title\" content=\"Renault-Trucks: Deutschland-Premiere auf der NUFAM f\u00fcr elektrische Baureihen - Krafthand-Truck\" \/>\n<meta property=\"og:description\" content=\"Unter dem Motto &#039;Full Range. 100 % Elektro&#039; feiert Renault Trucks auf der NUFAM die Deutschlandpremiere der elektrischen schweren Baureihen.\" \/>\n<meta property=\"og:url\" content=\"https:\/\/www.krafthand-truck.de\/artikel\/renault-trucks-deutschland-premiere-auf-der-nufam-fuer-elektrische-baureihen-37405\/\" \/>\n<meta property=\"og:site_name\" content=\"Krafthand-Truck\" \/>\n<meta property=\"article:published_time\" content=\"2023-09-20T08:36:42+00:00\" \/>\n<meta property=\"article:modified_time\" content=\"2023-09-25T10:21:23+00:00\" \/>\n<meta property=\"og:image\" content=\"https:\/\/static.krafthand-truck.de\/uploads\/2023\/09\/Renault_Trucks_Nufam_T_E-Tech-Produktrange.jpg\" \/>\n\t<meta property=\"og:image:width\" content=\"1200\" \/>\n\t<meta property=\"og:image:height\" content=\"615\" \/>\n\t<meta property=\"og:image:type\" content=\"image\/jpeg\" \/>\n<meta name=\"author\" content=\"georg.blenk@krafthand-medien.de\" \/>\n<meta name=\"twitter:card\" content=\"summary_large_image\" \/>\n<meta name=\"twitter:label1\" content=\"Verfasst von\" \/>\n\t<meta name=\"twitter:data1\" content=\"georg.blenk@krafthand-medien.de\" \/>\n\t<meta name=\"twitter:label2\" content=\"Gesch\u00e4tzte Lesezeit\" \/>\n\t<meta name=\"twitter:data2\" content=\"2\u00a0Minuten\" \/>\n<script type=\"application\/ld+json\" class=\"yoast-schema-graph\">{\"@context\":\"https:\\\/\\\/schema.org\",\"@graph\":[{\"@type\":\"Article\",\"@id\":\"https:\\\/\\\/www.krafthand.de\\\/truck\\\/artikel\\\/renault-trucks-deutschland-premiere-auf-der-nufam-fuer-elektrische-baureihen-37405\\\/#article\",\"isPartOf\":{\"@id\":\"https:\\\/\\\/www.krafthand.de\\\/truck\\\/artikel\\\/renault-trucks-deutschland-premiere-auf-der-nufam-fuer-elektrische-baureihen-37405\\\/\"},\"author\":{\"name\":\"georg.blenk@krafthand-medien.de\",\"@id\":\"https:\\\/\\\/www.krafthand.de\\\/truck\\\/#\\\/schema\\\/person\\\/51fa80b1c57034c4bf63f9f988fc24ce\"},\"headline\":\"Renault-Trucks: Deutschland-Premiere auf der NUFAM f\u00fcr elektrische Baureihen\",\"datePublished\":\"2023-09-20T08:36:42+00:00\",\"dateModified\":\"2023-09-25T10:21:23+00:00\",\"mainEntityOfPage\":{\"@id\":\"https:\\\/\\\/www.krafthand.de\\\/truck\\\/artikel\\\/renault-trucks-deutschland-premiere-auf-der-nufam-fuer-elektrische-baureihen-37405\\\/\"},\"wordCount\":271,\"image\":{\"@id\":\"https:\\\/\\\/www.krafthand.de\\\/truck\\\/artikel\\\/renault-trucks-deutschland-premiere-auf-der-nufam-fuer-elektrische-baureihen-37405\\\/#primaryimage\"},\"thumbnailUrl\":\"https:\\\/\\\/static.krafthand-truck.de\\\/uploads\\\/2023\\\/09\\\/Renault_Trucks_Nufam_T_E-Tech-Produktrange.jpg\",\"keywords\":[\"E-Tech\",\"Renault Trucks\",\"Tiropatrans\"],\"articleSection\":[\"E-Antrieb (BEV\\\/FCEV)\",\"Neue Fahrzeuge\",\"Veranstaltungen\\\/Messen\"],\"inLanguage\":\"de\"},{\"@type\":\"WebPage\",\"@id\":\"https:\\\/\\\/www.krafthand.de\\\/truck\\\/artikel\\\/renault-trucks-deutschland-premiere-auf-der-nufam-fuer-elektrische-baureihen-37405\\\/\",\"url\":\"https:\\\/\\\/www.krafthand.de\\\/truck\\\/artikel\\\/renault-trucks-deutschland-premiere-auf-der-nufam-fuer-elektrische-baureihen-37405\\\/\",\"name\":\"Renault-Trucks: Deutschland-Premiere auf der NUFAM f\u00fcr elektrische Baureihen - Krafthand-Truck\",\"isPartOf\":{\"@id\":\"https:\\\/\\\/www.krafthand.de\\\/truck\\\/#website\"},\"primaryImageOfPage\":{\"@id\":\"https:\\\/\\\/www.krafthand.de\\\/truck\\\/artikel\\\/renault-trucks-deutschland-premiere-auf-der-nufam-fuer-elektrische-baureihen-37405\\\/#primaryimage\"},\"image\":{\"@id\":\"https:\\\/\\\/www.krafthand.de\\\/truck\\\/artikel\\\/renault-trucks-deutschland-premiere-auf-der-nufam-fuer-elektrische-baureihen-37405\\\/#primaryimage\"},\"thumbnailUrl\":\"https:\\\/\\\/static.krafthand-truck.de\\\/uploads\\\/2023\\\/09\\\/Renault_Trucks_Nufam_T_E-Tech-Produktrange.jpg\",\"datePublished\":\"2023-09-20T08:36:42+00:00\",\"dateModified\":\"2023-09-25T10:21:23+00:00\",\"author\":{\"@id\":\"https:\\\/\\\/www.krafthand.de\\\/truck\\\/#\\\/schema\\\/person\\\/51fa80b1c57034c4bf63f9f988fc24ce\"},\"description\":\"Unter dem Motto 'Full Range. 100 % Elektro' feiert Renault Trucks auf der NUFAM die Deutschlandpremiere der elektrischen schweren Baureihen.\",\"breadcrumb\":{\"@id\":\"https:\\\/\\\/www.krafthand.de\\\/truck\\\/artikel\\\/renault-trucks-deutschland-premiere-auf-der-nufam-fuer-elektrische-baureihen-37405\\\/#breadcrumb\"},\"inLanguage\":\"de\",\"potentialAction\":[{\"@type\":\"ReadAction\",\"target\":[\"https:\\\/\\\/www.krafthand.de\\\/truck\\\/artikel\\\/renault-trucks-deutschland-premiere-auf-der-nufam-fuer-elektrische-baureihen-37405\\\/\"]}]},{\"@type\":\"ImageObject\",\"inLanguage\":\"de\",\"@id\":\"https:\\\/\\\/www.krafthand.de\\\/truck\\\/artikel\\\/renault-trucks-deutschland-premiere-auf-der-nufam-fuer-elektrische-baureihen-37405\\\/#primaryimage\",\"url\":\"https:\\\/\\\/static.krafthand-truck.de\\\/uploads\\\/2023\\\/09\\\/Renault_Trucks_Nufam_T_E-Tech-Produktrange.jpg\",\"contentUrl\":\"https:\\\/\\\/static.krafthand-truck.de\\\/uploads\\\/2023\\\/09\\\/Renault_Trucks_Nufam_T_E-Tech-Produktrange.jpg\",\"width\":1200,\"height\":615},{\"@type\":\"BreadcrumbList\",\"@id\":\"https:\\\/\\\/www.krafthand.de\\\/truck\\\/artikel\\\/renault-trucks-deutschland-premiere-auf-der-nufam-fuer-elektrische-baureihen-37405\\\/#breadcrumb\",\"itemListElement\":[{\"@type\":\"ListItem\",\"position\":1,\"name\":\"Krafthand-Truck\",\"item\":\"https:\\\/\\\/www.krafthand.de\\\/truck\\\/\"},{\"@type\":\"ListItem\",\"position\":2,\"name\":\"IT+Fuhrpark\",\"item\":\"https:\\\/\\\/www.krafthand.de\\\/truck\\\/kategorie\\\/fuhrpark\\\/\"},{\"@type\":\"ListItem\",\"position\":3,\"name\":\"Neue Fahrzeuge\",\"item\":\"https:\\\/\\\/www.krafthand.de\\\/truck\\\/kategorie\\\/fuhrpark\\\/neue-fahrzeuge\\\/\"},{\"@type\":\"ListItem\",\"position\":4,\"name\":\"Renault-Trucks: Deutschland-Premiere auf der NUFAM f\u00fcr elektrische Baureihen\"}]},{\"@type\":\"WebSite\",\"@id\":\"https:\\\/\\\/www.krafthand.de\\\/truck\\\/#website\",\"url\":\"https:\\\/\\\/www.krafthand.de\\\/truck\\\/\",\"name\":\"Krafthand-Truck\",\"description\":\"\",\"potentialAction\":[{\"@type\":\"SearchAction\",\"target\":{\"@type\":\"EntryPoint\",\"urlTemplate\":\"https:\\\/\\\/www.krafthand.de\\\/truck\\\/?s={search_term_string}\"},\"query-input\":{\"@type\":\"PropertyValueSpecification\",\"valueRequired\":true,\"valueName\":\"search_term_string\"}}],\"inLanguage\":\"de\"},{\"@type\":\"Person\",\"@id\":\"https:\\\/\\\/www.krafthand.de\\\/truck\\\/#\\\/schema\\\/person\\\/51fa80b1c57034c4bf63f9f988fc24ce\",\"name\":\"georg.blenk@krafthand-medien.de\",\"image\":{\"@type\":\"ImageObject\",\"inLanguage\":\"de\",\"@id\":\"https:\\\/\\\/secure.gravatar.com\\\/avatar\\\/93713c30affe0aa95d3a4130e499bb1abee2eb31adbdd9ce2aa1543538490215?s=96&d=mm&r=g\",\"url\":\"https:\\\/\\\/secure.gravatar.com\\\/avatar\\\/93713c30affe0aa95d3a4130e499bb1abee2eb31adbdd9ce2aa1543538490215?s=96&d=mm&r=g\",\"contentUrl\":\"https:\\\/\\\/secure.gravatar.com\\\/avatar\\\/93713c30affe0aa95d3a4130e499bb1abee2eb31adbdd9ce2aa1543538490215?s=96&d=mm&r=g\",\"caption\":\"georg.blenk@krafthand-medien.de\"}}]}<\/script>\n<!-- \/ Yoast SEO plugin. -->","yoast_head_json":{"title":"Renault-Trucks: Deutschland-Premiere auf der NUFAM f\u00fcr elektrische Baureihen - Krafthand-Truck","description":"Unter dem Motto 'Full Range. 100 % Elektro' feiert Renault Trucks auf der NUFAM die Deutschlandpremiere der elektrischen schweren Baureihen.","robots":{"index":"index","follow":"follow","max-snippet":"max-snippet:-1","max-image-preview":"max-image-preview:large","max-video-preview":"max-video-preview:-1"},"canonical":"https:\/\/www.krafthand.de\/truck\/artikel\/renault-trucks-deutschland-premiere-auf-der-nufam-fuer-elektrische-baureihen-37405\/","og_locale":"de_DE","og_type":"article","og_title":"Renault-Trucks: Deutschland-Premiere auf der NUFAM f\u00fcr elektrische Baureihen - Krafthand-Truck","og_description":"Unter dem Motto 'Full Range. 100 % Elektro' feiert Renault Trucks auf der NUFAM die Deutschlandpremiere der elektrischen schweren Baureihen.","og_url":"https:\/\/www.krafthand-truck.de\/artikel\/renault-trucks-deutschland-premiere-auf-der-nufam-fuer-elektrische-baureihen-37405\/","og_site_name":"Krafthand-Truck","article_published_time":"2023-09-20T08:36:42+00:00","article_modified_time":"2023-09-25T10:21:23+00:00","og_image":[{"width":1200,"height":615,"url":"https:\/\/static.krafthand-truck.de\/uploads\/2023\/09\/Renault_Trucks_Nufam_T_E-Tech-Produktrange.jpg","type":"image\/jpeg"}],"author":"georg.blenk@krafthand-medien.de","twitter_card":"summary_large_image","twitter_misc":{"Verfasst von":"georg.blenk@krafthand-medien.de","Gesch\u00e4tzte Lesezeit":"2\u00a0Minuten"},"schema":{"@context":"https:\/\/schema.org","@graph":[{"@type":"Article","@id":"https:\/\/www.krafthand.de\/truck\/artikel\/renault-trucks-deutschland-premiere-auf-der-nufam-fuer-elektrische-baureihen-37405\/#article","isPartOf":{"@id":"https:\/\/www.krafthand.de\/truck\/artikel\/renault-trucks-deutschland-premiere-auf-der-nufam-fuer-elektrische-baureihen-37405\/"},"author":{"name":"georg.blenk@krafthand-medien.de","@id":"https:\/\/www.krafthand.de\/truck\/#\/schema\/person\/51fa80b1c57034c4bf63f9f988fc24ce"},"headline":"Renault-Trucks: Deutschland-Premiere auf der NUFAM f\u00fcr elektrische Baureihen","datePublished":"2023-09-20T08:36:42+00:00","dateModified":"2023-09-25T10:21:23+00:00","mainEntityOfPage":{"@id":"https:\/\/www.krafthand.de\/truck\/artikel\/renault-trucks-deutschland-premiere-auf-der-nufam-fuer-elektrische-baureihen-37405\/"},"wordCount":271,"image":{"@id":"https:\/\/www.krafthand.de\/truck\/artikel\/renault-trucks-deutschland-premiere-auf-der-nufam-fuer-elektrische-baureihen-37405\/#primaryimage"},"thumbnailUrl":"https:\/\/static.krafthand-truck.de\/uploads\/2023\/09\/Renault_Trucks_Nufam_T_E-Tech-Produktrange.jpg","keywords":["E-Tech","Renault Trucks","Tiropatrans"],"articleSection":["E-Antrieb (BEV\/FCEV)","Neue Fahrzeuge","Veranstaltungen\/Messen"],"inLanguage":"de"},{"@type":"WebPage","@id":"https:\/\/www.krafthand.de\/truck\/artikel\/renault-trucks-deutschland-premiere-auf-der-nufam-fuer-elektrische-baureihen-37405\/","url":"https:\/\/www.krafthand.de\/truck\/artikel\/renault-trucks-deutschland-premiere-auf-der-nufam-fuer-elektrische-baureihen-37405\/","name":"Renault-Trucks: Deutschland-Premiere auf der NUFAM f\u00fcr elektrische Baureihen - Krafthand-Truck","isPartOf":{"@id":"https:\/\/www.krafthand.de\/truck\/#website"},"primaryImageOfPage":{"@id":"https:\/\/www.krafthand.de\/truck\/artikel\/renault-trucks-deutschland-premiere-auf-der-nufam-fuer-elektrische-baureihen-37405\/#primaryimage"},"image":{"@id":"https:\/\/www.krafthand.de\/truck\/artikel\/renault-trucks-deutschland-premiere-auf-der-nufam-fuer-elektrische-baureihen-37405\/#primaryimage"},"thumbnailUrl":"https:\/\/static.krafthand-truck.de\/uploads\/2023\/09\/Renault_Trucks_Nufam_T_E-Tech-Produktrange.jpg","datePublished":"2023-09-20T08:36:42+00:00","dateModified":"2023-09-25T10:21:23+00:00","author":{"@id":"https:\/\/www.krafthand.de\/truck\/#\/schema\/person\/51fa80b1c57034c4bf63f9f988fc24ce"},"description":"Unter dem Motto 'Full Range. 100 % Elektro' feiert Renault Trucks auf der NUFAM die Deutschlandpremiere der elektrischen schweren Baureihen.","breadcrumb":{"@id":"https:\/\/www.krafthand.de\/truck\/artikel\/renault-trucks-deutschland-premiere-auf-der-nufam-fuer-elektrische-baureihen-37405\/#breadcrumb"},"inLanguage":"de","potentialAction":[{"@type":"ReadAction","target":["https:\/\/www.krafthand.de\/truck\/artikel\/renault-trucks-deutschland-premiere-auf-der-nufam-fuer-elektrische-baureihen-37405\/"]}]},{"@type":"ImageObject","inLanguage":"de","@id":"https:\/\/www.krafthand.de\/truck\/artikel\/renault-trucks-deutschland-premiere-auf-der-nufam-fuer-elektrische-baureihen-37405\/#primaryimage","url":"https:\/\/static.krafthand-truck.de\/uploads\/2023\/09\/Renault_Trucks_Nufam_T_E-Tech-Produktrange.jpg","contentUrl":"https:\/\/static.krafthand-truck.de\/uploads\/2023\/09\/Renault_Trucks_Nufam_T_E-Tech-Produktrange.jpg","width":1200,"height":615},{"@type":"BreadcrumbList","@id":"https:\/\/www.krafthand.de\/truck\/artikel\/renault-trucks-deutschland-premiere-auf-der-nufam-fuer-elektrische-baureihen-37405\/#breadcrumb","itemListElement":[{"@type":"ListItem","position":1,"name":"Krafthand-Truck","item":"https:\/\/www.krafthand.de\/truck\/"},{"@type":"ListItem","position":2,"name":"IT+Fuhrpark","item":"https:\/\/www.krafthand.de\/truck\/kategorie\/fuhrpark\/"},{"@type":"ListItem","position":3,"name":"Neue Fahrzeuge","item":"https:\/\/www.krafthand.de\/truck\/kategorie\/fuhrpark\/neue-fahrzeuge\/"},{"@type":"ListItem","position":4,"name":"Renault-Trucks: Deutschland-Premiere auf der NUFAM f\u00fcr elektrische Baureihen"}]},{"@type":"WebSite","@id":"https:\/\/www.krafthand.de\/truck\/#website","url":"https:\/\/www.krafthand.de\/truck\/","name":"Krafthand-Truck","description":"","potentialAction":[{"@type":"SearchAction","target":{"@type":"EntryPoint","urlTemplate":"https:\/\/www.krafthand.de\/truck\/?s={search_term_string}"},"query-input":{"@type":"PropertyValueSpecification","valueRequired":true,"valueName":"search_term_string"}}],"inLanguage":"de"},{"@type":"Person","@id":"https:\/\/www.krafthand.de\/truck\/#\/schema\/person\/51fa80b1c57034c4bf63f9f988fc24ce","name":"georg.blenk@krafthand-medien.de","image":{"@type":"ImageObject","inLanguage":"de","@id":"https:\/\/secure.gravatar.com\/avatar\/93713c30affe0aa95d3a4130e499bb1abee2eb31adbdd9ce2aa1543538490215?s=96&d=mm&r=g","url":"https:\/\/secure.gravatar.com\/avatar\/93713c30affe0aa95d3a4130e499bb1abee2eb31adbdd9ce2aa1543538490215?s=96&d=mm&r=g","contentUrl":"https:\/\/secure.gravatar.com\/avatar\/93713c30affe0aa95d3a4130e499bb1abee2eb31adbdd9ce2aa1543538490215?s=96&d=mm&r=g","caption":"georg.blenk@krafthand-medien.de"}}]}},"_links":{"self":[{"href":"https:\/\/www.krafthand.de\/truck\/wp-json\/wp\/v2\/posts\/37405","targetHints":{"allow":["GET"]}}],"collection":[{"href":"https:\/\/www.krafthand.de\/truck\/wp-json\/wp\/v2\/posts"}],"about":[{"href":"https:\/\/www.krafthand.de\/truck\/wp-json\/wp\/v2\/types\/post"}],"author":[{"embeddable":true,"href":"https:\/\/www.krafthand.de\/truck\/wp-json\/wp\/v2\/users\/9"}],"replies":[{"embeddable":true,"href":"https:\/\/www.krafthand.de\/truck\/wp-json\/wp\/v2\/comments?post=37405"}],"version-history":[{"count":5,"href":"https:\/\/www.krafthand.de\/truck\/wp-json\/wp\/v2\/posts\/37405\/revisions"}],"predecessor-version":[{"id":37411,"href":"https:\/\/www.krafthand.de\/truck\/wp-json\/wp\/v2\/posts\/37405\/revisions\/37411"}],"wp:featuredmedia":[{"embeddable":true,"href":"https:\/\/www.krafthand.de\/truck\/wp-json\/wp\/v2\/media\/37408"}],"wp:attachment":[{"href":"https:\/\/www.krafthand.de\/truck\/wp-json\/wp\/v2\/media?parent=37405"}],"wp:term":[{"taxonomy":"category","embeddable":true,"href":"https:\/\/www.krafthand.de\/truck\/wp-json\/wp\/v2\/categories?post=37405"},{"taxonomy":"post_tag","embeddable":true,"href":"https:\/\/www.krafthand.de\/truck\/wp-json\/wp\/v2\/tags?post=37405"},{"taxonomy":"settings","embeddable":true,"href":"https:\/\/www.krafthand.de\/truck\/wp-json\/wp\/v2\/settings?post=37405"}],"curies":[{"name":"wp","href":"https:\/\/api.w.org\/{rel}","templated":true}]}}