{"id":37382,"date":"2023-09-19T16:10:00","date_gmt":"2023-09-19T14:10:00","guid":{"rendered":"https:\/\/www.krafthand.de\/truck\/?p=37382"},"modified":"2023-09-19T16:12:43","modified_gmt":"2023-09-19T14:12:43","slug":"volvo-trucks-praesentiert-auf-der-nufam-e-fahrzeuge-und-sonderanfertigungen","status":"publish","type":"post","link":"https:\/\/www.krafthand.de\/truck\/artikel\/volvo-trucks-praesentiert-auf-der-nufam-e-fahrzeuge-und-sonderanfertigungen-37382\/","title":{"rendered":"Volvo Trucks pr\u00e4sentiert auf der NUFAM E-Fahrzeuge und Sonderanfertigungen"},"content":{"rendered":"<p>Volvo Trucks pr\u00e4sentiert zusammen mit Tiropatrans vom 21. bis 24. September auf der NUFAM in Karlsruhe Sonderanfertigungen sowie zukunftsweisende Elektro-Lkw. Die NUFAM gilt als einer der wichtigsten Messen f\u00fcr Nutzfahrzeuge in Deutschland. Insbesondere der auf 66 Fahrzeuge limitierte elektrische Lkw, Volvo FH Electric, in der schwarz lackierten \u201eSwedish Metal Edition\u201c wird laut Volvo Trucks eines der Messe-Highlights sein.<\/p>\n<p>Die Fahrzeuge von Volvo Trucks k\u00f6nnen in <strong>Halle 3, Standnummer A302<\/strong>, und auf dem Au\u00dfengel\u00e4nde besichtigt werden. Es sind zahlreiche Fahrzeuge unterschiedlichster Gr\u00f6\u00dfenordnungen und Aufmachungen des schwedischen Herstellers bereitgestellt. Demofahrten mit einem elektrischen Volvo FM nebst Trailer sollen zudem das besondere Fahrgef\u00fchl vermitteln.<\/p>\n<blockquote><p>\u201eAlternative Antriebe sind in der Volvo-Trucks-Palette fest verankert. Seit 2019 produzieren wir elektrische Lkw in Serie und sehen uns als Vorreiter in der Entwicklung und Produktion umwelt- und ressourcenschonender Nutzfahrzeuge f\u00fcr alle Anforderungen und Einsatzgebiete\u201c, sagt Manfred Nelles, Pressesprecher von Volvo Trucks Deutschland. \u201eAls weltweit agierendes Unternehmen sind Umweltschutz und Nachhaltigkeit zwei Grundpfeiler unserer Philosophie, f\u00fcr die wir uns aktiv einsetzen\u201c, betont er.<\/p><\/blockquote>\n<figure id=\"attachment_37385\" aria-describedby=\"caption-attachment-37385\" style=\"width: 380px\" class=\"wp-caption alignright\"><a href=\"https:\/\/static.krafthand-truck.de\/uploads\/2023\/09\/Volvo-fh-hoehl_spezialaufbau.jpg\" target=\"_blank\" rel=\"noopener\"><img fetchpriority=\"high\" decoding=\"async\" class=\"wp-image-37385\" src=\"https:\/\/static.krafthand-truck.de\/uploads\/2023\/09\/Volvo-fh-hoehl_spezialaufbau-300x198.jpg\" alt=\"\" width=\"380\" height=\"250\" srcset=\"https:\/\/static.krafthand-truck.de\/uploads\/2023\/09\/Volvo-fh-hoehl_spezialaufbau-300x198.jpg 300w, https:\/\/static.krafthand-truck.de\/uploads\/2023\/09\/Volvo-fh-hoehl_spezialaufbau-1024x675.jpg 1024w, https:\/\/static.krafthand-truck.de\/uploads\/2023\/09\/Volvo-fh-hoehl_spezialaufbau-768x506.jpg 768w, https:\/\/static.krafthand-truck.de\/uploads\/2023\/09\/Volvo-fh-hoehl_spezialaufbau.jpg 1200w\" sizes=\"(max-width: 380px) 100vw, 380px\" \/><\/a><figcaption id=\"caption-attachment-37385\" class=\"wp-caption-text\">Auf der NUFAM zu sehen: Der Volvo FH16 mit 750 PS geh\u00f6rt zu den st\u00e4rksten Lkw der Branche.<\/figcaption><\/figure>\n<p>F\u00fcr die Besucher d\u00fcrfte auch das als Sonderanfertigung f\u00fcr die H\u00f6hl KG produzierte Abschlepp- und Bergefahrzeug spannend sein: Der Volvo FH16 mit 750 PS und zahlreichen Sonderaufbauten ist der gr\u00f6\u00dfte und ausgefallenste seiner Art und geh\u00f6rt zu den st\u00e4rksten Lkw der Branche. Das Fahrzeug ist mit Schrankaufbau und vollhydraulisch ausfahrbarem Bergearm, zwei zugkr\u00e4ftigen Bergewinden sowie seitlich ausschwenkbaren Frontst\u00fctzen ausgestattet.<\/p>\n<h3>Tiropatrans organisiert Messeauftritt<\/h3>\n<p>Insgesamt stellt das Unternehmen <a href=\"https:\/\/www.tiropatrans.de\" target=\"_blank\" rel=\"noopener\">Tiropatrans<\/a> aus Speyer, das den Messeauftritt f\u00fcr Volvo Trucks organisiert und durchf\u00fchrt, mit 25 Fahrzeugen eine ganze Palette an Nutzfahrzeugen auf der <a href=\"https:\/\/www.nufam.de\/de\/\" target=\"_blank\" rel=\"noopener\">NUFAM<\/a> bereit: Verschiedene Truckmodelle, Kranfahrzeug, Saugbagger, Abschlepper, Feuerwehr und weitere Sonderanfertigungen geben einen \u00dcberblick \u00fcber das aktuelle Nutzfahrzeugangebot aus dem Hause Volvo. Neben dem Hauptstand A302, der die neuesten Elektro-Modelle pr\u00e4sentiert, und einem VIP-Bereich f\u00fcr individuelle Gespr\u00e4che sind die Volvo Nutzfahrzeuge auch im Au\u00dfenbereich des Messegel\u00e4ndes zu finden.<\/p>\n<p>Die Tiropatrans Vertriebs GmbH mit Hauptsitz in Speyer zeichnet im S\u00fcdwesten f\u00fcr Service, Vermietung und Vertrieb der Volvo Nutzfahrzeuge verantwortlich. Deren Gesch\u00e4ftsf\u00fchrer, Stefan Ziehl, wird am ersten Messetag (Donnerstag, 21. September 2023) vor Ort sein und im VIP-Bereich des Messestandes die Fragen der geladenen G\u00e4ste und Besucher beantworten.<\/p>\n","protected":false},"excerpt":{"rendered":"<p>Volvo Trucks pr\u00e4sentiert zusammen mit Tiropatrans vom 21. bis 24. September auf der NUFAM in Karlsruhe Sonderanfertigungen sowie Elektro-Lkw. Insbesondere der auf 66 Fahrzeuge limitierte elektrische Lkw, Volvo FH Electric, in der schwarz lackierten \u201eSwedish Metal Edition\u201c wird laut Volvo Trucks eines der Messe-Highlights sein. <span class=\"excerpt-more__dots\">&#8230;<\/span> <a class=\"excerpt-more__link\" href=\"https:\/\/www.krafthand.de\/truck\/artikel\/volvo-trucks-praesentiert-auf-der-nufam-e-fahrzeuge-und-sonderanfertigungen-37382\/\" >weiter<\/a><\/p>\n","protected":false},"author":9,"featured_media":37386,"comment_status":"closed","ping_status":"closed","sticky":false,"template":"","format":"standard","meta":{"footnotes":""},"categories":[4915,4236],"tags":[4966,407,752],"settings":[3524,3523],"class_list":["post-37382","post","type-post","status-publish","format-standard","has-post-thumbnail","hentry","category-neue-fahrzeuge","category-veranstaltungen","tag-fh-electric","tag-nufam","tag-volvo"],"yoast_head":"<!-- This site is optimized with the Yoast SEO plugin v27.3 - https:\/\/yoast.com\/product\/yoast-seo-wordpress\/ -->\n<title>Volvo Trucks pr\u00e4sentiert auf der NUFAM E-Fahrzeuge und Sonderanfertigungen - Krafthand-Truck<\/title>\n<meta name=\"robots\" content=\"index, follow, max-snippet:-1, max-image-preview:large, max-video-preview:-1\" \/>\n<link rel=\"canonical\" href=\"https:\/\/www.krafthand.de\/truck\/artikel\/volvo-trucks-praesentiert-auf-der-nufam-e-fahrzeuge-und-sonderanfertigungen-37382\/\" \/>\n<meta property=\"og:locale\" content=\"de_DE\" \/>\n<meta property=\"og:type\" content=\"article\" \/>\n<meta property=\"og:title\" content=\"Volvo Trucks pr\u00e4sentiert auf der NUFAM E-Fahrzeuge und Sonderanfertigungen - Krafthand-Truck\" \/>\n<meta property=\"og:description\" content=\"Volvo Trucks pr\u00e4sentiert zusammen mit Tiropatrans vom 21. bis 24. September auf der NUFAM in Karlsruhe Sonderanfertigungen sowie Elektro-Lkw. Insbesondere der auf 66 Fahrzeuge limitierte elektrische Lkw, Volvo FH Electric, in der schwarz lackierten \u201eSwedish Metal Edition\u201c wird laut Volvo Trucks eines der Messe-Highlights sein. ... weiter\" \/>\n<meta property=\"og:url\" content=\"https:\/\/www.krafthand-truck.de\/artikel\/volvo-trucks-praesentiert-auf-der-nufam-e-fahrzeuge-und-sonderanfertigungen-37382\/\" \/>\n<meta property=\"og:site_name\" content=\"Krafthand-Truck\" \/>\n<meta property=\"article:published_time\" content=\"2023-09-19T14:10:00+00:00\" \/>\n<meta property=\"article:modified_time\" content=\"2023-09-19T14:12:43+00:00\" \/>\n<meta property=\"og:image\" content=\"https:\/\/static.krafthand-truck.de\/uploads\/2023\/09\/Volvo-trucks-swedish-metal-edition-2023.jpg\" \/>\n\t<meta property=\"og:image:width\" content=\"1200\" \/>\n\t<meta property=\"og:image:height\" content=\"623\" \/>\n\t<meta property=\"og:image:type\" content=\"image\/jpeg\" \/>\n<meta name=\"author\" content=\"georg.blenk@krafthand-medien.de\" \/>\n<meta name=\"twitter:card\" content=\"summary_large_image\" \/>\n<meta name=\"twitter:label1\" content=\"Verfasst von\" \/>\n\t<meta name=\"twitter:data1\" content=\"georg.blenk@krafthand-medien.de\" \/>\n\t<meta name=\"twitter:label2\" content=\"Gesch\u00e4tzte Lesezeit\" \/>\n\t<meta name=\"twitter:data2\" content=\"2\u00a0Minuten\" \/>\n<script type=\"application\/ld+json\" class=\"yoast-schema-graph\">{\"@context\":\"https:\\\/\\\/schema.org\",\"@graph\":[{\"@type\":\"Article\",\"@id\":\"https:\\\/\\\/www.krafthand.de\\\/truck\\\/artikel\\\/volvo-trucks-praesentiert-auf-der-nufam-e-fahrzeuge-und-sonderanfertigungen-37382\\\/#article\",\"isPartOf\":{\"@id\":\"https:\\\/\\\/www.krafthand.de\\\/truck\\\/artikel\\\/volvo-trucks-praesentiert-auf-der-nufam-e-fahrzeuge-und-sonderanfertigungen-37382\\\/\"},\"author\":{\"name\":\"georg.blenk@krafthand-medien.de\",\"@id\":\"https:\\\/\\\/www.krafthand.de\\\/truck\\\/#\\\/schema\\\/person\\\/51fa80b1c57034c4bf63f9f988fc24ce\"},\"headline\":\"Volvo Trucks pr\u00e4sentiert auf der NUFAM E-Fahrzeuge und Sonderanfertigungen\",\"datePublished\":\"2023-09-19T14:10:00+00:00\",\"dateModified\":\"2023-09-19T14:12:43+00:00\",\"mainEntityOfPage\":{\"@id\":\"https:\\\/\\\/www.krafthand.de\\\/truck\\\/artikel\\\/volvo-trucks-praesentiert-auf-der-nufam-e-fahrzeuge-und-sonderanfertigungen-37382\\\/\"},\"wordCount\":405,\"image\":{\"@id\":\"https:\\\/\\\/www.krafthand.de\\\/truck\\\/artikel\\\/volvo-trucks-praesentiert-auf-der-nufam-e-fahrzeuge-und-sonderanfertigungen-37382\\\/#primaryimage\"},\"thumbnailUrl\":\"https:\\\/\\\/static.krafthand-truck.de\\\/uploads\\\/2023\\\/09\\\/Volvo-trucks-swedish-metal-edition-2023.jpg\",\"keywords\":[\"FH Electric\",\"Nufam\",\"Volvo\"],\"articleSection\":[\"Neue Fahrzeuge\",\"Veranstaltungen\\\/Messen\"],\"inLanguage\":\"de\"},{\"@type\":\"WebPage\",\"@id\":\"https:\\\/\\\/www.krafthand.de\\\/truck\\\/artikel\\\/volvo-trucks-praesentiert-auf-der-nufam-e-fahrzeuge-und-sonderanfertigungen-37382\\\/\",\"url\":\"https:\\\/\\\/www.krafthand.de\\\/truck\\\/artikel\\\/volvo-trucks-praesentiert-auf-der-nufam-e-fahrzeuge-und-sonderanfertigungen-37382\\\/\",\"name\":\"Volvo Trucks pr\u00e4sentiert auf der NUFAM E-Fahrzeuge und Sonderanfertigungen - Krafthand-Truck\",\"isPartOf\":{\"@id\":\"https:\\\/\\\/www.krafthand.de\\\/truck\\\/#website\"},\"primaryImageOfPage\":{\"@id\":\"https:\\\/\\\/www.krafthand.de\\\/truck\\\/artikel\\\/volvo-trucks-praesentiert-auf-der-nufam-e-fahrzeuge-und-sonderanfertigungen-37382\\\/#primaryimage\"},\"image\":{\"@id\":\"https:\\\/\\\/www.krafthand.de\\\/truck\\\/artikel\\\/volvo-trucks-praesentiert-auf-der-nufam-e-fahrzeuge-und-sonderanfertigungen-37382\\\/#primaryimage\"},\"thumbnailUrl\":\"https:\\\/\\\/static.krafthand-truck.de\\\/uploads\\\/2023\\\/09\\\/Volvo-trucks-swedish-metal-edition-2023.jpg\",\"datePublished\":\"2023-09-19T14:10:00+00:00\",\"dateModified\":\"2023-09-19T14:12:43+00:00\",\"author\":{\"@id\":\"https:\\\/\\\/www.krafthand.de\\\/truck\\\/#\\\/schema\\\/person\\\/51fa80b1c57034c4bf63f9f988fc24ce\"},\"breadcrumb\":{\"@id\":\"https:\\\/\\\/www.krafthand.de\\\/truck\\\/artikel\\\/volvo-trucks-praesentiert-auf-der-nufam-e-fahrzeuge-und-sonderanfertigungen-37382\\\/#breadcrumb\"},\"inLanguage\":\"de\",\"potentialAction\":[{\"@type\":\"ReadAction\",\"target\":[\"https:\\\/\\\/www.krafthand.de\\\/truck\\\/artikel\\\/volvo-trucks-praesentiert-auf-der-nufam-e-fahrzeuge-und-sonderanfertigungen-37382\\\/\"]}]},{\"@type\":\"ImageObject\",\"inLanguage\":\"de\",\"@id\":\"https:\\\/\\\/www.krafthand.de\\\/truck\\\/artikel\\\/volvo-trucks-praesentiert-auf-der-nufam-e-fahrzeuge-und-sonderanfertigungen-37382\\\/#primaryimage\",\"url\":\"https:\\\/\\\/static.krafthand-truck.de\\\/uploads\\\/2023\\\/09\\\/Volvo-trucks-swedish-metal-edition-2023.jpg\",\"contentUrl\":\"https:\\\/\\\/static.krafthand-truck.de\\\/uploads\\\/2023\\\/09\\\/Volvo-trucks-swedish-metal-edition-2023.jpg\",\"width\":1200,\"height\":623,\"caption\":\"Der Volvo FH Electric, in der schwarz lackierten 'Swedish Metal Edition'. Bilder: Volvo Trucks\"},{\"@type\":\"BreadcrumbList\",\"@id\":\"https:\\\/\\\/www.krafthand.de\\\/truck\\\/artikel\\\/volvo-trucks-praesentiert-auf-der-nufam-e-fahrzeuge-und-sonderanfertigungen-37382\\\/#breadcrumb\",\"itemListElement\":[{\"@type\":\"ListItem\",\"position\":1,\"name\":\"Krafthand-Truck\",\"item\":\"https:\\\/\\\/www.krafthand.de\\\/truck\\\/\"},{\"@type\":\"ListItem\",\"position\":2,\"name\":\"IT+Fuhrpark\",\"item\":\"https:\\\/\\\/www.krafthand.de\\\/truck\\\/kategorie\\\/fuhrpark\\\/\"},{\"@type\":\"ListItem\",\"position\":3,\"name\":\"Neue Fahrzeuge\",\"item\":\"https:\\\/\\\/www.krafthand.de\\\/truck\\\/kategorie\\\/fuhrpark\\\/neue-fahrzeuge\\\/\"},{\"@type\":\"ListItem\",\"position\":4,\"name\":\"Volvo Trucks pr\u00e4sentiert auf der NUFAM E-Fahrzeuge und Sonderanfertigungen\"}]},{\"@type\":\"WebSite\",\"@id\":\"https:\\\/\\\/www.krafthand.de\\\/truck\\\/#website\",\"url\":\"https:\\\/\\\/www.krafthand.de\\\/truck\\\/\",\"name\":\"Krafthand-Truck\",\"description\":\"\",\"potentialAction\":[{\"@type\":\"SearchAction\",\"target\":{\"@type\":\"EntryPoint\",\"urlTemplate\":\"https:\\\/\\\/www.krafthand.de\\\/truck\\\/?s={search_term_string}\"},\"query-input\":{\"@type\":\"PropertyValueSpecification\",\"valueRequired\":true,\"valueName\":\"search_term_string\"}}],\"inLanguage\":\"de\"},{\"@type\":\"Person\",\"@id\":\"https:\\\/\\\/www.krafthand.de\\\/truck\\\/#\\\/schema\\\/person\\\/51fa80b1c57034c4bf63f9f988fc24ce\",\"name\":\"georg.blenk@krafthand-medien.de\",\"image\":{\"@type\":\"ImageObject\",\"inLanguage\":\"de\",\"@id\":\"https:\\\/\\\/secure.gravatar.com\\\/avatar\\\/93713c30affe0aa95d3a4130e499bb1abee2eb31adbdd9ce2aa1543538490215?s=96&d=mm&r=g\",\"url\":\"https:\\\/\\\/secure.gravatar.com\\\/avatar\\\/93713c30affe0aa95d3a4130e499bb1abee2eb31adbdd9ce2aa1543538490215?s=96&d=mm&r=g\",\"contentUrl\":\"https:\\\/\\\/secure.gravatar.com\\\/avatar\\\/93713c30affe0aa95d3a4130e499bb1abee2eb31adbdd9ce2aa1543538490215?s=96&d=mm&r=g\",\"caption\":\"georg.blenk@krafthand-medien.de\"}}]}<\/script>\n<!-- \/ Yoast SEO plugin. -->","yoast_head_json":{"title":"Volvo Trucks pr\u00e4sentiert auf der NUFAM E-Fahrzeuge und Sonderanfertigungen - Krafthand-Truck","robots":{"index":"index","follow":"follow","max-snippet":"max-snippet:-1","max-image-preview":"max-image-preview:large","max-video-preview":"max-video-preview:-1"},"canonical":"https:\/\/www.krafthand.de\/truck\/artikel\/volvo-trucks-praesentiert-auf-der-nufam-e-fahrzeuge-und-sonderanfertigungen-37382\/","og_locale":"de_DE","og_type":"article","og_title":"Volvo Trucks pr\u00e4sentiert auf der NUFAM E-Fahrzeuge und Sonderanfertigungen - Krafthand-Truck","og_description":"Volvo Trucks pr\u00e4sentiert zusammen mit Tiropatrans vom 21. bis 24. September auf der NUFAM in Karlsruhe Sonderanfertigungen sowie Elektro-Lkw. Insbesondere der auf 66 Fahrzeuge limitierte elektrische Lkw, Volvo FH Electric, in der schwarz lackierten \u201eSwedish Metal Edition\u201c wird laut Volvo Trucks eines der Messe-Highlights sein. ... weiter","og_url":"https:\/\/www.krafthand-truck.de\/artikel\/volvo-trucks-praesentiert-auf-der-nufam-e-fahrzeuge-und-sonderanfertigungen-37382\/","og_site_name":"Krafthand-Truck","article_published_time":"2023-09-19T14:10:00+00:00","article_modified_time":"2023-09-19T14:12:43+00:00","og_image":[{"width":1200,"height":623,"url":"https:\/\/static.krafthand-truck.de\/uploads\/2023\/09\/Volvo-trucks-swedish-metal-edition-2023.jpg","type":"image\/jpeg"}],"author":"georg.blenk@krafthand-medien.de","twitter_card":"summary_large_image","twitter_misc":{"Verfasst von":"georg.blenk@krafthand-medien.de","Gesch\u00e4tzte Lesezeit":"2\u00a0Minuten"},"schema":{"@context":"https:\/\/schema.org","@graph":[{"@type":"Article","@id":"https:\/\/www.krafthand.de\/truck\/artikel\/volvo-trucks-praesentiert-auf-der-nufam-e-fahrzeuge-und-sonderanfertigungen-37382\/#article","isPartOf":{"@id":"https:\/\/www.krafthand.de\/truck\/artikel\/volvo-trucks-praesentiert-auf-der-nufam-e-fahrzeuge-und-sonderanfertigungen-37382\/"},"author":{"name":"georg.blenk@krafthand-medien.de","@id":"https:\/\/www.krafthand.de\/truck\/#\/schema\/person\/51fa80b1c57034c4bf63f9f988fc24ce"},"headline":"Volvo Trucks pr\u00e4sentiert auf der NUFAM E-Fahrzeuge und Sonderanfertigungen","datePublished":"2023-09-19T14:10:00+00:00","dateModified":"2023-09-19T14:12:43+00:00","mainEntityOfPage":{"@id":"https:\/\/www.krafthand.de\/truck\/artikel\/volvo-trucks-praesentiert-auf-der-nufam-e-fahrzeuge-und-sonderanfertigungen-37382\/"},"wordCount":405,"image":{"@id":"https:\/\/www.krafthand.de\/truck\/artikel\/volvo-trucks-praesentiert-auf-der-nufam-e-fahrzeuge-und-sonderanfertigungen-37382\/#primaryimage"},"thumbnailUrl":"https:\/\/static.krafthand-truck.de\/uploads\/2023\/09\/Volvo-trucks-swedish-metal-edition-2023.jpg","keywords":["FH Electric","Nufam","Volvo"],"articleSection":["Neue Fahrzeuge","Veranstaltungen\/Messen"],"inLanguage":"de"},{"@type":"WebPage","@id":"https:\/\/www.krafthand.de\/truck\/artikel\/volvo-trucks-praesentiert-auf-der-nufam-e-fahrzeuge-und-sonderanfertigungen-37382\/","url":"https:\/\/www.krafthand.de\/truck\/artikel\/volvo-trucks-praesentiert-auf-der-nufam-e-fahrzeuge-und-sonderanfertigungen-37382\/","name":"Volvo Trucks pr\u00e4sentiert auf der NUFAM E-Fahrzeuge und Sonderanfertigungen - Krafthand-Truck","isPartOf":{"@id":"https:\/\/www.krafthand.de\/truck\/#website"},"primaryImageOfPage":{"@id":"https:\/\/www.krafthand.de\/truck\/artikel\/volvo-trucks-praesentiert-auf-der-nufam-e-fahrzeuge-und-sonderanfertigungen-37382\/#primaryimage"},"image":{"@id":"https:\/\/www.krafthand.de\/truck\/artikel\/volvo-trucks-praesentiert-auf-der-nufam-e-fahrzeuge-und-sonderanfertigungen-37382\/#primaryimage"},"thumbnailUrl":"https:\/\/static.krafthand-truck.de\/uploads\/2023\/09\/Volvo-trucks-swedish-metal-edition-2023.jpg","datePublished":"2023-09-19T14:10:00+00:00","dateModified":"2023-09-19T14:12:43+00:00","author":{"@id":"https:\/\/www.krafthand.de\/truck\/#\/schema\/person\/51fa80b1c57034c4bf63f9f988fc24ce"},"breadcrumb":{"@id":"https:\/\/www.krafthand.de\/truck\/artikel\/volvo-trucks-praesentiert-auf-der-nufam-e-fahrzeuge-und-sonderanfertigungen-37382\/#breadcrumb"},"inLanguage":"de","potentialAction":[{"@type":"ReadAction","target":["https:\/\/www.krafthand.de\/truck\/artikel\/volvo-trucks-praesentiert-auf-der-nufam-e-fahrzeuge-und-sonderanfertigungen-37382\/"]}]},{"@type":"ImageObject","inLanguage":"de","@id":"https:\/\/www.krafthand.de\/truck\/artikel\/volvo-trucks-praesentiert-auf-der-nufam-e-fahrzeuge-und-sonderanfertigungen-37382\/#primaryimage","url":"https:\/\/static.krafthand-truck.de\/uploads\/2023\/09\/Volvo-trucks-swedish-metal-edition-2023.jpg","contentUrl":"https:\/\/static.krafthand-truck.de\/uploads\/2023\/09\/Volvo-trucks-swedish-metal-edition-2023.jpg","width":1200,"height":623,"caption":"Der Volvo FH Electric, in der schwarz lackierten 'Swedish Metal Edition'. Bilder: Volvo Trucks"},{"@type":"BreadcrumbList","@id":"https:\/\/www.krafthand.de\/truck\/artikel\/volvo-trucks-praesentiert-auf-der-nufam-e-fahrzeuge-und-sonderanfertigungen-37382\/#breadcrumb","itemListElement":[{"@type":"ListItem","position":1,"name":"Krafthand-Truck","item":"https:\/\/www.krafthand.de\/truck\/"},{"@type":"ListItem","position":2,"name":"IT+Fuhrpark","item":"https:\/\/www.krafthand.de\/truck\/kategorie\/fuhrpark\/"},{"@type":"ListItem","position":3,"name":"Neue Fahrzeuge","item":"https:\/\/www.krafthand.de\/truck\/kategorie\/fuhrpark\/neue-fahrzeuge\/"},{"@type":"ListItem","position":4,"name":"Volvo Trucks pr\u00e4sentiert auf der NUFAM E-Fahrzeuge und Sonderanfertigungen"}]},{"@type":"WebSite","@id":"https:\/\/www.krafthand.de\/truck\/#website","url":"https:\/\/www.krafthand.de\/truck\/","name":"Krafthand-Truck","description":"","potentialAction":[{"@type":"SearchAction","target":{"@type":"EntryPoint","urlTemplate":"https:\/\/www.krafthand.de\/truck\/?s={search_term_string}"},"query-input":{"@type":"PropertyValueSpecification","valueRequired":true,"valueName":"search_term_string"}}],"inLanguage":"de"},{"@type":"Person","@id":"https:\/\/www.krafthand.de\/truck\/#\/schema\/person\/51fa80b1c57034c4bf63f9f988fc24ce","name":"georg.blenk@krafthand-medien.de","image":{"@type":"ImageObject","inLanguage":"de","@id":"https:\/\/secure.gravatar.com\/avatar\/93713c30affe0aa95d3a4130e499bb1abee2eb31adbdd9ce2aa1543538490215?s=96&d=mm&r=g","url":"https:\/\/secure.gravatar.com\/avatar\/93713c30affe0aa95d3a4130e499bb1abee2eb31adbdd9ce2aa1543538490215?s=96&d=mm&r=g","contentUrl":"https:\/\/secure.gravatar.com\/avatar\/93713c30affe0aa95d3a4130e499bb1abee2eb31adbdd9ce2aa1543538490215?s=96&d=mm&r=g","caption":"georg.blenk@krafthand-medien.de"}}]}},"_links":{"self":[{"href":"https:\/\/www.krafthand.de\/truck\/wp-json\/wp\/v2\/posts\/37382","targetHints":{"allow":["GET"]}}],"collection":[{"href":"https:\/\/www.krafthand.de\/truck\/wp-json\/wp\/v2\/posts"}],"about":[{"href":"https:\/\/www.krafthand.de\/truck\/wp-json\/wp\/v2\/types\/post"}],"author":[{"embeddable":true,"href":"https:\/\/www.krafthand.de\/truck\/wp-json\/wp\/v2\/users\/9"}],"replies":[{"embeddable":true,"href":"https:\/\/www.krafthand.de\/truck\/wp-json\/wp\/v2\/comments?post=37382"}],"version-history":[{"count":3,"href":"https:\/\/www.krafthand.de\/truck\/wp-json\/wp\/v2\/posts\/37382\/revisions"}],"predecessor-version":[{"id":37387,"href":"https:\/\/www.krafthand.de\/truck\/wp-json\/wp\/v2\/posts\/37382\/revisions\/37387"}],"wp:featuredmedia":[{"embeddable":true,"href":"https:\/\/www.krafthand.de\/truck\/wp-json\/wp\/v2\/media\/37386"}],"wp:attachment":[{"href":"https:\/\/www.krafthand.de\/truck\/wp-json\/wp\/v2\/media?parent=37382"}],"wp:term":[{"taxonomy":"category","embeddable":true,"href":"https:\/\/www.krafthand.de\/truck\/wp-json\/wp\/v2\/categories?post=37382"},{"taxonomy":"post_tag","embeddable":true,"href":"https:\/\/www.krafthand.de\/truck\/wp-json\/wp\/v2\/tags?post=37382"},{"taxonomy":"settings","embeddable":true,"href":"https:\/\/www.krafthand.de\/truck\/wp-json\/wp\/v2\/settings?post=37382"}],"curies":[{"name":"wp","href":"https:\/\/api.w.org\/{rel}","templated":true}]}}