{"id":37358,"date":"2023-09-19T11:20:20","date_gmt":"2023-09-19T09:20:20","guid":{"rendered":"https:\/\/www.krafthand.de\/truck\/?p=37358"},"modified":"2023-09-19T11:22:36","modified_gmt":"2023-09-19T09:22:36","slug":"nufam-2023-koegel-zeigt-vier-trailer","status":"publish","type":"post","link":"https:\/\/www.krafthand.de\/truck\/artikel\/nufam-2023-koegel-zeigt-vier-trailer-37358\/","title":{"rendered":"NUFAM 2023: K\u00f6gel zeigt vier Trailer"},"content":{"rendered":"<p>Der Trailer-Hersteller K\u00f6gel zeigt auf der <a href=\"https:\/\/www.nufam.de\/de\/\" target=\"_blank\" rel=\"noopener\">NUFAM<\/a> in Karlsruhe mit dem Lightplus, dem Multi, dem Port und dem Cool gleich vier Fahrzeuge. Das Burtenbacher Unternehmen m\u00f6chte mit den gezeigten Trailern den CO2-Fu\u00dfabdruck von Lkw-Transporten minimieren. Die zahlreichen Ausstattungsoptionen f\u00fcr diese Fahrzeuge seien zudem im Rahmen des Programms \u201eEnergiemindernde Komponenten\u201c f\u00f6rderf\u00e4hig. Digitale Dienste wie K\u00f6gel Telematics bilden die Basis f\u00fcr eine weitere Senkung der Betriebskosten. Die vier K\u00f6gel Trailer sind in <strong>Halle 2, Stand A215<\/strong> zu sehen.<\/p>\n<h3>Der Lightplus<\/h3>\n<p>Der Lightplus ist laut K\u00f6gel der Spezialist f\u00fcr alle Nutzlast-sensiblen Transporte. Dank des intelligenten Baukastensystems k\u00f6nnen Kunden verschiedene Aufbauausf\u00fchrungen und zahlreiche Branchenausstattungen w\u00e4hlen. Der Lightplus kann bei einer Vielzahl von Transportbereichen zum Einsatz kommen. Durch den Nutzlastvorteil von rund einer halben Tonne gegen\u00fcber Standardausf\u00fchrungen optimiert der Trailer zudem die wirtschaftliche Effizienz und verringert den CO2-Fu\u00dfabdruck des Transports.<\/p>\n<h3>Neue Port-Chassis<\/h3>\n<p>Leicht bauen auch die Containerchassis der Port-Baureihe, die k\u00fcrzlich \u00fcberarbeitet wurden. Dadurch wiegen die Modelle je nach Ausf\u00fchrung zwischen 400 und 700 Kilogramm weniger als zuvor und bieten somit ein Plus an Zuladung oder tragen zu einem geringeren Kraftstoffverbrauch bei. Mit den gewichtsoptimierten Port-Fahrzeugen m\u00f6chte K\u00f6gel die Attraktivit\u00e4t des umweltfreundlichen intermodalen G\u00fctertransports steigern und den Umstieg von der Stra\u00dfe auf die Schiene f\u00f6rdern. Von den Qualit\u00e4ten der Containerchassis k\u00f6nnen sich Messebesucher anhand eines K\u00f6gel Simplex Fahrgestells mit Heckausschub \u00fcberzeugen. Ein ebenfalls nutzlaststarkes Fahrzeug ist in seiner Klasse der K\u00f6gel Cool. Dank einer effizienten Isolierung und vielen Ausstattungsoptionen \u2013 seien es Multitemp-Abteile, Doppelstockausr\u00fcstung oder Einrichtungen zur Ladungssicherung \u2013 wird er laut K\u00f6gel allen Anforderungen des temperaturgef\u00fchrten Transports gerecht.<\/p>\n<h3>Digitale Dienste<\/h3>\n<p>K\u00f6gel pr\u00e4sentiert auf der NUFAM 2023 zudem sein Angebot an Mehrwert-Dienstleistungen. Sie sollen den Kunden volle Kostensicherheit w\u00e4hrend der Nutzungsphase eines K\u00f6gel Trailers erm\u00f6glichen. Ein wesentlicher Baustein hierf\u00fcr ist K\u00f6gel Telematics. Alle K\u00f6gel Trailer sind auf Kundenwunsch mit der K\u00f6gel-eigenen Trailer-Telematik ausgestattet \u2013 l\u00fcckenlos integrierbar in die unternehmenseigene Telematik-Architektur. Mit Statusberichten und Analysewerkzeugen tr\u00e4gt K\u00f6gel Telematics zum optimalen Fahrzeugzustand und zu bestm\u00f6glichen Betriebskosten bei. Die Nutzung von K\u00f6gel Telematics bildet wiederum die Basis f\u00fcr Full-Service-Vertr\u00e4ge von K\u00f6gel.<br \/>\nAuch das Angebot des <strong>K\u00f6gel Aftermarket-Bereichs<\/strong> profitiert von der Digitalisierung. So k\u00f6nnen Kunden Ersatzteile 24\/7 \u00fcber den K\u00f6gel Parts Shop identifizieren, bestellen und mit g\u00e4ngigen Online-Systemen bezahlen. Zum Angebot z\u00e4hlen auch die K\u00f6gel Original Parts, Ersatzteile in Erstausr\u00fcsterqualit\u00e4t zu einem attraktiven Preis-Leistungsverh\u00e4ltnis, die K\u00f6gel ebenfalls auf der NUFAM vorstellt.<\/p>\n","protected":false},"excerpt":{"rendered":"<p>Der Trailer-Hersteller K\u00f6gel zeigt auf der NUFAM in Karlsruhe mit dem Lightplus, dem Multi, dem Port und dem Cool gleich vier Fahrzeuge. Das Burtenbacher Unternehmen m\u00f6chte mit den gezeigten Trailern den CO2-Fu\u00dfabdruck von Lkw-Transporten minimieren. Die zahlreichen Ausstattungsoptionen f\u00fcr diese Fahrzeuge seien zudem im Rahmen des Programms \u201eEnergiemindernde Komponenten\u201c f\u00f6rderf\u00e4hig. <span class=\"excerpt-more__dots\">&#8230;<\/span> <a class=\"excerpt-more__link\" href=\"https:\/\/www.krafthand.de\/truck\/artikel\/nufam-2023-koegel-zeigt-vier-trailer-37358\/\" >weiter<\/a><\/p>\n","protected":false},"author":9,"featured_media":37362,"comment_status":"closed","ping_status":"closed","sticky":false,"template":"","format":"standard","meta":{"footnotes":""},"categories":[4914,4236],"tags":[202,5709],"settings":[3523],"class_list":["post-37358","post","type-post","status-publish","format-standard","has-post-thumbnail","hentry","category-trailer-aufbauten","category-veranstaltungen","tag-koegel","tag-nufam-2023"],"yoast_head":"<!-- This site is optimized with the Yoast SEO plugin v27.3 - https:\/\/yoast.com\/product\/yoast-seo-wordpress\/ -->\n<title>NUFAM 2023: K\u00f6gel zeigt vier Trailer - Krafthand-Truck<\/title>\n<meta name=\"description\" content=\"Der Trailer-Hersteller K\u00f6gel zeigt auf der NUFAM in Karlsruhe mit dem Lightplus, dem Multi, dem Port und dem Cool gleich vier Fahrzeuge.\" \/>\n<meta name=\"robots\" content=\"index, follow, max-snippet:-1, max-image-preview:large, max-video-preview:-1\" \/>\n<link rel=\"canonical\" href=\"https:\/\/www.krafthand.de\/truck\/artikel\/nufam-2023-koegel-zeigt-vier-trailer-37358\/\" \/>\n<meta property=\"og:locale\" content=\"de_DE\" \/>\n<meta property=\"og:type\" content=\"article\" \/>\n<meta property=\"og:title\" content=\"NUFAM 2023: K\u00f6gel zeigt vier Trailer - Krafthand-Truck\" \/>\n<meta property=\"og:description\" content=\"Der Trailer-Hersteller K\u00f6gel zeigt auf der NUFAM in Karlsruhe mit dem Lightplus, dem Multi, dem Port und dem Cool gleich vier Fahrzeuge.\" \/>\n<meta property=\"og:url\" content=\"https:\/\/www.krafthand-truck.de\/artikel\/nufam-2023-koegel-zeigt-vier-trailer-37358\/\" \/>\n<meta property=\"og:site_name\" content=\"Krafthand-Truck\" \/>\n<meta property=\"article:published_time\" content=\"2023-09-19T09:20:20+00:00\" \/>\n<meta property=\"article:modified_time\" content=\"2023-09-19T09:22:36+00:00\" \/>\n<meta property=\"og:image\" content=\"https:\/\/static.krafthand-truck.de\/uploads\/2023\/09\/Koegel_Nufam_2023.jpg\" \/>\n\t<meta property=\"og:image:width\" content=\"1080\" \/>\n\t<meta property=\"og:image:height\" content=\"608\" \/>\n\t<meta property=\"og:image:type\" content=\"image\/jpeg\" \/>\n<meta name=\"author\" content=\"georg.blenk@krafthand-medien.de\" \/>\n<meta name=\"twitter:card\" content=\"summary_large_image\" \/>\n<meta name=\"twitter:label1\" content=\"Verfasst von\" \/>\n\t<meta name=\"twitter:data1\" content=\"georg.blenk@krafthand-medien.de\" \/>\n\t<meta name=\"twitter:label2\" content=\"Gesch\u00e4tzte Lesezeit\" \/>\n\t<meta name=\"twitter:data2\" content=\"3\u00a0Minuten\" \/>\n<script type=\"application\/ld+json\" class=\"yoast-schema-graph\">{\"@context\":\"https:\\\/\\\/schema.org\",\"@graph\":[{\"@type\":\"Article\",\"@id\":\"https:\\\/\\\/www.krafthand.de\\\/truck\\\/artikel\\\/nufam-2023-koegel-zeigt-vier-trailer-37358\\\/#article\",\"isPartOf\":{\"@id\":\"https:\\\/\\\/www.krafthand.de\\\/truck\\\/artikel\\\/nufam-2023-koegel-zeigt-vier-trailer-37358\\\/\"},\"author\":{\"name\":\"georg.blenk@krafthand-medien.de\",\"@id\":\"https:\\\/\\\/www.krafthand.de\\\/truck\\\/#\\\/schema\\\/person\\\/51fa80b1c57034c4bf63f9f988fc24ce\"},\"headline\":\"NUFAM 2023: K\u00f6gel zeigt vier Trailer\",\"datePublished\":\"2023-09-19T09:20:20+00:00\",\"dateModified\":\"2023-09-19T09:22:36+00:00\",\"mainEntityOfPage\":{\"@id\":\"https:\\\/\\\/www.krafthand.de\\\/truck\\\/artikel\\\/nufam-2023-koegel-zeigt-vier-trailer-37358\\\/\"},\"wordCount\":441,\"image\":{\"@id\":\"https:\\\/\\\/www.krafthand.de\\\/truck\\\/artikel\\\/nufam-2023-koegel-zeigt-vier-trailer-37358\\\/#primaryimage\"},\"thumbnailUrl\":\"https:\\\/\\\/static.krafthand-truck.de\\\/uploads\\\/2023\\\/09\\\/Koegel_Nufam_2023.jpg\",\"keywords\":[\"K\u00f6gel\",\"Nufam 2023\"],\"articleSection\":[\"Trailer\\\/Aufbauten\",\"Veranstaltungen\\\/Messen\"],\"inLanguage\":\"de\"},{\"@type\":\"WebPage\",\"@id\":\"https:\\\/\\\/www.krafthand.de\\\/truck\\\/artikel\\\/nufam-2023-koegel-zeigt-vier-trailer-37358\\\/\",\"url\":\"https:\\\/\\\/www.krafthand.de\\\/truck\\\/artikel\\\/nufam-2023-koegel-zeigt-vier-trailer-37358\\\/\",\"name\":\"NUFAM 2023: K\u00f6gel zeigt vier Trailer - Krafthand-Truck\",\"isPartOf\":{\"@id\":\"https:\\\/\\\/www.krafthand.de\\\/truck\\\/#website\"},\"primaryImageOfPage\":{\"@id\":\"https:\\\/\\\/www.krafthand.de\\\/truck\\\/artikel\\\/nufam-2023-koegel-zeigt-vier-trailer-37358\\\/#primaryimage\"},\"image\":{\"@id\":\"https:\\\/\\\/www.krafthand.de\\\/truck\\\/artikel\\\/nufam-2023-koegel-zeigt-vier-trailer-37358\\\/#primaryimage\"},\"thumbnailUrl\":\"https:\\\/\\\/static.krafthand-truck.de\\\/uploads\\\/2023\\\/09\\\/Koegel_Nufam_2023.jpg\",\"datePublished\":\"2023-09-19T09:20:20+00:00\",\"dateModified\":\"2023-09-19T09:22:36+00:00\",\"author\":{\"@id\":\"https:\\\/\\\/www.krafthand.de\\\/truck\\\/#\\\/schema\\\/person\\\/51fa80b1c57034c4bf63f9f988fc24ce\"},\"description\":\"Der Trailer-Hersteller K\u00f6gel zeigt auf der NUFAM in Karlsruhe mit dem Lightplus, dem Multi, dem Port und dem Cool gleich vier Fahrzeuge.\",\"breadcrumb\":{\"@id\":\"https:\\\/\\\/www.krafthand.de\\\/truck\\\/artikel\\\/nufam-2023-koegel-zeigt-vier-trailer-37358\\\/#breadcrumb\"},\"inLanguage\":\"de\",\"potentialAction\":[{\"@type\":\"ReadAction\",\"target\":[\"https:\\\/\\\/www.krafthand.de\\\/truck\\\/artikel\\\/nufam-2023-koegel-zeigt-vier-trailer-37358\\\/\"]}]},{\"@type\":\"ImageObject\",\"inLanguage\":\"de\",\"@id\":\"https:\\\/\\\/www.krafthand.de\\\/truck\\\/artikel\\\/nufam-2023-koegel-zeigt-vier-trailer-37358\\\/#primaryimage\",\"url\":\"https:\\\/\\\/static.krafthand-truck.de\\\/uploads\\\/2023\\\/09\\\/Koegel_Nufam_2023.jpg\",\"contentUrl\":\"https:\\\/\\\/static.krafthand-truck.de\\\/uploads\\\/2023\\\/09\\\/Koegel_Nufam_2023.jpg\",\"width\":1080,\"height\":608},{\"@type\":\"BreadcrumbList\",\"@id\":\"https:\\\/\\\/www.krafthand.de\\\/truck\\\/artikel\\\/nufam-2023-koegel-zeigt-vier-trailer-37358\\\/#breadcrumb\",\"itemListElement\":[{\"@type\":\"ListItem\",\"position\":1,\"name\":\"Krafthand-Truck\",\"item\":\"https:\\\/\\\/www.krafthand.de\\\/truck\\\/\"},{\"@type\":\"ListItem\",\"position\":2,\"name\":\"Nfz-Branche\",\"item\":\"https:\\\/\\\/www.krafthand.de\\\/truck\\\/kategorie\\\/branche\\\/\"},{\"@type\":\"ListItem\",\"position\":3,\"name\":\"Veranstaltungen\\\/Messen\",\"item\":\"https:\\\/\\\/www.krafthand.de\\\/truck\\\/kategorie\\\/branche\\\/veranstaltungen\\\/\"},{\"@type\":\"ListItem\",\"position\":4,\"name\":\"NUFAM 2023: K\u00f6gel zeigt vier Trailer\"}]},{\"@type\":\"WebSite\",\"@id\":\"https:\\\/\\\/www.krafthand.de\\\/truck\\\/#website\",\"url\":\"https:\\\/\\\/www.krafthand.de\\\/truck\\\/\",\"name\":\"Krafthand-Truck\",\"description\":\"\",\"potentialAction\":[{\"@type\":\"SearchAction\",\"target\":{\"@type\":\"EntryPoint\",\"urlTemplate\":\"https:\\\/\\\/www.krafthand.de\\\/truck\\\/?s={search_term_string}\"},\"query-input\":{\"@type\":\"PropertyValueSpecification\",\"valueRequired\":true,\"valueName\":\"search_term_string\"}}],\"inLanguage\":\"de\"},{\"@type\":\"Person\",\"@id\":\"https:\\\/\\\/www.krafthand.de\\\/truck\\\/#\\\/schema\\\/person\\\/51fa80b1c57034c4bf63f9f988fc24ce\",\"name\":\"georg.blenk@krafthand-medien.de\",\"image\":{\"@type\":\"ImageObject\",\"inLanguage\":\"de\",\"@id\":\"https:\\\/\\\/secure.gravatar.com\\\/avatar\\\/93713c30affe0aa95d3a4130e499bb1abee2eb31adbdd9ce2aa1543538490215?s=96&d=mm&r=g\",\"url\":\"https:\\\/\\\/secure.gravatar.com\\\/avatar\\\/93713c30affe0aa95d3a4130e499bb1abee2eb31adbdd9ce2aa1543538490215?s=96&d=mm&r=g\",\"contentUrl\":\"https:\\\/\\\/secure.gravatar.com\\\/avatar\\\/93713c30affe0aa95d3a4130e499bb1abee2eb31adbdd9ce2aa1543538490215?s=96&d=mm&r=g\",\"caption\":\"georg.blenk@krafthand-medien.de\"}}]}<\/script>\n<!-- \/ Yoast SEO plugin. -->","yoast_head_json":{"title":"NUFAM 2023: K\u00f6gel zeigt vier Trailer - Krafthand-Truck","description":"Der Trailer-Hersteller K\u00f6gel zeigt auf der NUFAM in Karlsruhe mit dem Lightplus, dem Multi, dem Port und dem Cool gleich vier Fahrzeuge.","robots":{"index":"index","follow":"follow","max-snippet":"max-snippet:-1","max-image-preview":"max-image-preview:large","max-video-preview":"max-video-preview:-1"},"canonical":"https:\/\/www.krafthand.de\/truck\/artikel\/nufam-2023-koegel-zeigt-vier-trailer-37358\/","og_locale":"de_DE","og_type":"article","og_title":"NUFAM 2023: K\u00f6gel zeigt vier Trailer - Krafthand-Truck","og_description":"Der Trailer-Hersteller K\u00f6gel zeigt auf der NUFAM in Karlsruhe mit dem Lightplus, dem Multi, dem Port und dem Cool gleich vier Fahrzeuge.","og_url":"https:\/\/www.krafthand-truck.de\/artikel\/nufam-2023-koegel-zeigt-vier-trailer-37358\/","og_site_name":"Krafthand-Truck","article_published_time":"2023-09-19T09:20:20+00:00","article_modified_time":"2023-09-19T09:22:36+00:00","og_image":[{"width":1080,"height":608,"url":"https:\/\/static.krafthand-truck.de\/uploads\/2023\/09\/Koegel_Nufam_2023.jpg","type":"image\/jpeg"}],"author":"georg.blenk@krafthand-medien.de","twitter_card":"summary_large_image","twitter_misc":{"Verfasst von":"georg.blenk@krafthand-medien.de","Gesch\u00e4tzte Lesezeit":"3\u00a0Minuten"},"schema":{"@context":"https:\/\/schema.org","@graph":[{"@type":"Article","@id":"https:\/\/www.krafthand.de\/truck\/artikel\/nufam-2023-koegel-zeigt-vier-trailer-37358\/#article","isPartOf":{"@id":"https:\/\/www.krafthand.de\/truck\/artikel\/nufam-2023-koegel-zeigt-vier-trailer-37358\/"},"author":{"name":"georg.blenk@krafthand-medien.de","@id":"https:\/\/www.krafthand.de\/truck\/#\/schema\/person\/51fa80b1c57034c4bf63f9f988fc24ce"},"headline":"NUFAM 2023: K\u00f6gel zeigt vier Trailer","datePublished":"2023-09-19T09:20:20+00:00","dateModified":"2023-09-19T09:22:36+00:00","mainEntityOfPage":{"@id":"https:\/\/www.krafthand.de\/truck\/artikel\/nufam-2023-koegel-zeigt-vier-trailer-37358\/"},"wordCount":441,"image":{"@id":"https:\/\/www.krafthand.de\/truck\/artikel\/nufam-2023-koegel-zeigt-vier-trailer-37358\/#primaryimage"},"thumbnailUrl":"https:\/\/static.krafthand-truck.de\/uploads\/2023\/09\/Koegel_Nufam_2023.jpg","keywords":["K\u00f6gel","Nufam 2023"],"articleSection":["Trailer\/Aufbauten","Veranstaltungen\/Messen"],"inLanguage":"de"},{"@type":"WebPage","@id":"https:\/\/www.krafthand.de\/truck\/artikel\/nufam-2023-koegel-zeigt-vier-trailer-37358\/","url":"https:\/\/www.krafthand.de\/truck\/artikel\/nufam-2023-koegel-zeigt-vier-trailer-37358\/","name":"NUFAM 2023: K\u00f6gel zeigt vier Trailer - Krafthand-Truck","isPartOf":{"@id":"https:\/\/www.krafthand.de\/truck\/#website"},"primaryImageOfPage":{"@id":"https:\/\/www.krafthand.de\/truck\/artikel\/nufam-2023-koegel-zeigt-vier-trailer-37358\/#primaryimage"},"image":{"@id":"https:\/\/www.krafthand.de\/truck\/artikel\/nufam-2023-koegel-zeigt-vier-trailer-37358\/#primaryimage"},"thumbnailUrl":"https:\/\/static.krafthand-truck.de\/uploads\/2023\/09\/Koegel_Nufam_2023.jpg","datePublished":"2023-09-19T09:20:20+00:00","dateModified":"2023-09-19T09:22:36+00:00","author":{"@id":"https:\/\/www.krafthand.de\/truck\/#\/schema\/person\/51fa80b1c57034c4bf63f9f988fc24ce"},"description":"Der Trailer-Hersteller K\u00f6gel zeigt auf der NUFAM in Karlsruhe mit dem Lightplus, dem Multi, dem Port und dem Cool gleich vier Fahrzeuge.","breadcrumb":{"@id":"https:\/\/www.krafthand.de\/truck\/artikel\/nufam-2023-koegel-zeigt-vier-trailer-37358\/#breadcrumb"},"inLanguage":"de","potentialAction":[{"@type":"ReadAction","target":["https:\/\/www.krafthand.de\/truck\/artikel\/nufam-2023-koegel-zeigt-vier-trailer-37358\/"]}]},{"@type":"ImageObject","inLanguage":"de","@id":"https:\/\/www.krafthand.de\/truck\/artikel\/nufam-2023-koegel-zeigt-vier-trailer-37358\/#primaryimage","url":"https:\/\/static.krafthand-truck.de\/uploads\/2023\/09\/Koegel_Nufam_2023.jpg","contentUrl":"https:\/\/static.krafthand-truck.de\/uploads\/2023\/09\/Koegel_Nufam_2023.jpg","width":1080,"height":608},{"@type":"BreadcrumbList","@id":"https:\/\/www.krafthand.de\/truck\/artikel\/nufam-2023-koegel-zeigt-vier-trailer-37358\/#breadcrumb","itemListElement":[{"@type":"ListItem","position":1,"name":"Krafthand-Truck","item":"https:\/\/www.krafthand.de\/truck\/"},{"@type":"ListItem","position":2,"name":"Nfz-Branche","item":"https:\/\/www.krafthand.de\/truck\/kategorie\/branche\/"},{"@type":"ListItem","position":3,"name":"Veranstaltungen\/Messen","item":"https:\/\/www.krafthand.de\/truck\/kategorie\/branche\/veranstaltungen\/"},{"@type":"ListItem","position":4,"name":"NUFAM 2023: K\u00f6gel zeigt vier Trailer"}]},{"@type":"WebSite","@id":"https:\/\/www.krafthand.de\/truck\/#website","url":"https:\/\/www.krafthand.de\/truck\/","name":"Krafthand-Truck","description":"","potentialAction":[{"@type":"SearchAction","target":{"@type":"EntryPoint","urlTemplate":"https:\/\/www.krafthand.de\/truck\/?s={search_term_string}"},"query-input":{"@type":"PropertyValueSpecification","valueRequired":true,"valueName":"search_term_string"}}],"inLanguage":"de"},{"@type":"Person","@id":"https:\/\/www.krafthand.de\/truck\/#\/schema\/person\/51fa80b1c57034c4bf63f9f988fc24ce","name":"georg.blenk@krafthand-medien.de","image":{"@type":"ImageObject","inLanguage":"de","@id":"https:\/\/secure.gravatar.com\/avatar\/93713c30affe0aa95d3a4130e499bb1abee2eb31adbdd9ce2aa1543538490215?s=96&d=mm&r=g","url":"https:\/\/secure.gravatar.com\/avatar\/93713c30affe0aa95d3a4130e499bb1abee2eb31adbdd9ce2aa1543538490215?s=96&d=mm&r=g","contentUrl":"https:\/\/secure.gravatar.com\/avatar\/93713c30affe0aa95d3a4130e499bb1abee2eb31adbdd9ce2aa1543538490215?s=96&d=mm&r=g","caption":"georg.blenk@krafthand-medien.de"}}]}},"_links":{"self":[{"href":"https:\/\/www.krafthand.de\/truck\/wp-json\/wp\/v2\/posts\/37358","targetHints":{"allow":["GET"]}}],"collection":[{"href":"https:\/\/www.krafthand.de\/truck\/wp-json\/wp\/v2\/posts"}],"about":[{"href":"https:\/\/www.krafthand.de\/truck\/wp-json\/wp\/v2\/types\/post"}],"author":[{"embeddable":true,"href":"https:\/\/www.krafthand.de\/truck\/wp-json\/wp\/v2\/users\/9"}],"replies":[{"embeddable":true,"href":"https:\/\/www.krafthand.de\/truck\/wp-json\/wp\/v2\/comments?post=37358"}],"version-history":[{"count":8,"href":"https:\/\/www.krafthand.de\/truck\/wp-json\/wp\/v2\/posts\/37358\/revisions"}],"predecessor-version":[{"id":37367,"href":"https:\/\/www.krafthand.de\/truck\/wp-json\/wp\/v2\/posts\/37358\/revisions\/37367"}],"wp:featuredmedia":[{"embeddable":true,"href":"https:\/\/www.krafthand.de\/truck\/wp-json\/wp\/v2\/media\/37362"}],"wp:attachment":[{"href":"https:\/\/www.krafthand.de\/truck\/wp-json\/wp\/v2\/media?parent=37358"}],"wp:term":[{"taxonomy":"category","embeddable":true,"href":"https:\/\/www.krafthand.de\/truck\/wp-json\/wp\/v2\/categories?post=37358"},{"taxonomy":"post_tag","embeddable":true,"href":"https:\/\/www.krafthand.de\/truck\/wp-json\/wp\/v2\/tags?post=37358"},{"taxonomy":"settings","embeddable":true,"href":"https:\/\/www.krafthand.de\/truck\/wp-json\/wp\/v2\/settings?post=37358"}],"curies":[{"name":"wp","href":"https:\/\/api.w.org\/{rel}","templated":true}]}}