{"id":37328,"date":"2023-09-19T09:40:52","date_gmt":"2023-09-19T07:40:52","guid":{"rendered":"https:\/\/www.krafthand.de\/truck\/?p=37328"},"modified":"2023-09-19T09:45:07","modified_gmt":"2023-09-19T07:45:07","slug":"krone-stellt-auf-der-nufam-nachhaltigkeit-in-den-mittelpunkt","status":"publish","type":"post","link":"https:\/\/www.krafthand.de\/truck\/artikel\/krone-stellt-auf-der-nufam-nachhaltigkeit-in-den-mittelpunkt-37328\/","title":{"rendered":"Krone stellt auf der NUFAM Nachhaltigkeit in den Mittelpunkt"},"content":{"rendered":"<p>Der Trailer-Spezialist Krone pr\u00e4sentiert sich auf der diesj\u00e4hrigen NUFAM (20.-24.9.2023 in Karlsruhe) als ganzheitlicher Mobilit\u00e4tsberater. So stelle Krone nicht nur Trailer her, sondern setze auf eine ganzheitliche Betrachtung der Mobilit\u00e4tsbed\u00fcrfnisse seiner Kunden. Dies zeige sich insbesondere in den vier Kernbereichen, die das Unternehmen fokussiert: Digitalisierung, Automatisierung, Nachhaltigkeit und Elektrifizierung.<\/p>\n<p>Dabei sind laut Krone die Digitalisierung und Automatisierung zu Schl\u00fcsselstrategien in der modernen Nutzfahrzeugindustrie geworden, um Effizienz zu steigern und Kosten zu senken. <a href=\"https:\/\/www.krone-trailer.com\/\" target=\"_blank\" rel=\"noopener\">Krone<\/a> m\u00f6chte sich in diesem Bereich klar positionieren und investiert kontinuierlich in Forschung und Entwicklung, um innovative L\u00f6sungen zu entwickeln.<\/p>\n<p>Zu den Innovationen von Krone geh\u00f6rt der <a href=\"https:\/\/www.krafthand.de\/truck\/artikel\/wir-haben-eine-grosse-verantwortung-34523\/\" target=\"_blank\" rel=\"noopener\">eTrailer<\/a>, der im Rahmen einer umfassenden Nachhaltigkeitsstrategie, unter dem Megatrend Elektrifizierung, gemeinsam mit Trailer Dynamics entwickelt wurde. Dieses elektrifizierte Fahrzeug tr\u00e4gt dazu bei, den CO2-Aussto\u00df von Sattelz\u00fcgen deutlich zu reduzieren, indem es die Zugmaschine entlastet.<\/p>\n<blockquote><p>\u201eUnsere Botschaft auf der NUFAM ist klar: Elektrifizierung und Nachhaltigkeit sind nicht nur Schlagworte, sondern zentrale Elemente unserer Nachhaltigkeitsstrategie&#8220;, so Simon Richenhagen, Marketingleiter der Krone Nutzfahrzeug Gruppe.<\/p><\/blockquote>\n<p>Des weiteren informiert Krone \u00fcber seine Ersatzteilmarke &#8218;<a href=\"https:\/\/www.krafthand.de\/truck\/artikel\/krone-trusted-ersatzteilmarke-im-aufwind-31248\/\" target=\"_blank\" rel=\"noopener\">Krone Trusted<\/a>&#8218; und im Detail \u00fcber die neuen Nutzfahrzeugreifen <a href=\"https:\/\/www.krafthand.de\/truck\/artikel\/neuer-trailer-reifen-von-krone-36890\/\" target=\"_blank\" rel=\"noopener\">&#8218;Krone Trusted Tyre Comfort&#8216;<\/a> KT231. Hinzu kommt der Krone 360\u00b0 Trailer Service, der Krone Spare Parts Onlineshop und die Kooperation mit dem Werkstattnetzwerk Alltrucks. Ein weiters Highlight ist die intelligente Laderaumerkennung &#8218;Krone Smart Capacity Management&#8216;, mit der Disponenten schnell und zuverl\u00e4ssig erkennen, an welcher Stelle Ladekapazit\u00e4t auf einem Fahrzeug frei ist. Last but not least erfahren die Besucher(innen) alles \u00fcber das umfangreiche Trailer-Portfolio von Krone. So steht unter anderem ein vollausgestatteter Mega Liner f\u00fcr den Kunden O.K. Kurier Oberrhein aus Offenburg im Mittelpunkt des Messeauftritts.<\/p>\n<p>Krone ist auf der <a href=\"https:\/\/www.nufam.de\/de\/\" target=\"_blank\" rel=\"noopener\">NUFAM<\/a> in Halle 1, Stand C109 zu finden.<\/p>\n\r\n\t\t\t\t<div class=\"post-author\">\r\n\t\t\t\t\t<div class=\"khm-cp-author clearfix\">\r\n\t\t\t\t\t\t<div class=\"khm-cp-author__content\">\r\n\t\t\t\t\t\t\t\tKontakt zum Autor:<br \/>\r\n\t\t\t\t\t\t\t\t<strong>Georg Blenk<\/strong>, 08247 \/ 3007-45 |  <a href=\"mailto:georg.blenk@krafthand-medien.de\">georg.blenk@krafthand-medien.de<\/a>\r\n\t\t\t\t\t\t\t<div class=\"khm-cp-author__image\">\r\n\t\t\t\t\t\t<img src=\"https:\/\/static.krafthand-truck.de\/uploads\/2021\/01\/Blenk_6104-250x300-1-removebg-preview.png\" class=\"img-responsive\">\r\n\t\t\t\t\t<\/div>\r\n\t\t\t\t\t\t<\/div>\r\n\t\t\t\t\t<\/div>\r\n\t\t\t\t<\/div>\r\n\t\t\t\t","protected":false},"excerpt":{"rendered":"<p>Der Trailer-Spezialist Krone pr\u00e4sentiert sich auf der diesj\u00e4hrigen NUFAM (20.-24.9.2023 in Karlsruhe) als ganzheitlicher Mobilit\u00e4tsberater. So stelle Krone nicht nur Trailer her, sondern setze auf eine ganzheitliche Betrachtung der Mobilit\u00e4tsbed\u00fcrfnisse seiner Kunden. Dies zeige sich insbesondere in den vier Kernbereichen, die das Unternehmen fokussiert: Digitalisierung, Automatisierung, Nachhaltigkeit und Elektrifizierung. <span class=\"excerpt-more__dots\">&#8230;<\/span> <a class=\"excerpt-more__link\" href=\"https:\/\/www.krafthand.de\/truck\/artikel\/krone-stellt-auf-der-nufam-nachhaltigkeit-in-den-mittelpunkt-37328\/\" >weiter<\/a><\/p>\n","protected":false},"author":9,"featured_media":37333,"comment_status":"closed","ping_status":"closed","sticky":false,"template":"","format":"standard","meta":{"footnotes":""},"categories":[4224,4915,4236],"tags":[5010,388,5709],"settings":[3524,3523],"class_list":["post-37328","post","type-post","status-publish","format-standard","has-post-thumbnail","hentry","category-e-antrieb","category-neue-fahrzeuge","category-veranstaltungen","tag-etrailer","tag-krone","tag-nufam-2023"],"yoast_head":"<!-- This site is optimized with the Yoast SEO plugin v27.3 - https:\/\/yoast.com\/product\/yoast-seo-wordpress\/ -->\n<title>Krone stellt auf der NUFAM Nachhaltigkeit in den Mittelpunkt - Krafthand-Truck<\/title>\n<meta name=\"description\" content=\"Der Trailer-Spezialist Krone pr\u00e4sentiert sich auf der diesj\u00e4hrigen NUFAM (20.-24.9.2023 in Karlsruhe) als ganzheitlicher Mobilit\u00e4tsberater.\" \/>\n<meta name=\"robots\" content=\"index, follow, max-snippet:-1, max-image-preview:large, max-video-preview:-1\" \/>\n<link rel=\"canonical\" href=\"https:\/\/www.krafthand.de\/truck\/artikel\/krone-stellt-auf-der-nufam-nachhaltigkeit-in-den-mittelpunkt-37328\/\" \/>\n<meta property=\"og:locale\" content=\"de_DE\" \/>\n<meta property=\"og:type\" content=\"article\" \/>\n<meta property=\"og:title\" content=\"Krone stellt auf der NUFAM Nachhaltigkeit in den Mittelpunkt - Krafthand-Truck\" \/>\n<meta property=\"og:description\" content=\"Der Trailer-Spezialist Krone pr\u00e4sentiert sich auf der diesj\u00e4hrigen NUFAM (20.-24.9.2023 in Karlsruhe) als ganzheitlicher Mobilit\u00e4tsberater.\" \/>\n<meta property=\"og:url\" content=\"https:\/\/www.krafthand-truck.de\/artikel\/krone-stellt-auf-der-nufam-nachhaltigkeit-in-den-mittelpunkt-37328\/\" \/>\n<meta property=\"og:site_name\" content=\"Krafthand-Truck\" \/>\n<meta property=\"article:published_time\" content=\"2023-09-19T07:40:52+00:00\" \/>\n<meta property=\"article:modified_time\" content=\"2023-09-19T07:45:07+00:00\" \/>\n<meta property=\"og:image\" content=\"https:\/\/static.krafthand-truck.de\/uploads\/2023\/09\/Krone_eTrailer_eMegaLiner_Nufam_2023.jpg\" \/>\n\t<meta property=\"og:image:width\" content=\"1200\" \/>\n\t<meta property=\"og:image:height\" content=\"681\" \/>\n\t<meta property=\"og:image:type\" content=\"image\/jpeg\" \/>\n<meta name=\"author\" content=\"georg.blenk@krafthand-medien.de\" \/>\n<meta name=\"twitter:card\" content=\"summary_large_image\" \/>\n<meta name=\"twitter:label1\" content=\"Verfasst von\" \/>\n\t<meta name=\"twitter:data1\" content=\"georg.blenk@krafthand-medien.de\" \/>\n\t<meta name=\"twitter:label2\" content=\"Gesch\u00e4tzte Lesezeit\" \/>\n\t<meta name=\"twitter:data2\" content=\"2\u00a0Minuten\" \/>\n<script type=\"application\/ld+json\" class=\"yoast-schema-graph\">{\"@context\":\"https:\\\/\\\/schema.org\",\"@graph\":[{\"@type\":\"Article\",\"@id\":\"https:\\\/\\\/www.krafthand.de\\\/truck\\\/artikel\\\/krone-stellt-auf-der-nufam-nachhaltigkeit-in-den-mittelpunkt-37328\\\/#article\",\"isPartOf\":{\"@id\":\"https:\\\/\\\/www.krafthand.de\\\/truck\\\/artikel\\\/krone-stellt-auf-der-nufam-nachhaltigkeit-in-den-mittelpunkt-37328\\\/\"},\"author\":{\"name\":\"georg.blenk@krafthand-medien.de\",\"@id\":\"https:\\\/\\\/www.krafthand.de\\\/truck\\\/#\\\/schema\\\/person\\\/51fa80b1c57034c4bf63f9f988fc24ce\"},\"headline\":\"Krone stellt auf der NUFAM Nachhaltigkeit in den Mittelpunkt\",\"datePublished\":\"2023-09-19T07:40:52+00:00\",\"dateModified\":\"2023-09-19T07:45:07+00:00\",\"mainEntityOfPage\":{\"@id\":\"https:\\\/\\\/www.krafthand.de\\\/truck\\\/artikel\\\/krone-stellt-auf-der-nufam-nachhaltigkeit-in-den-mittelpunkt-37328\\\/\"},\"wordCount\":298,\"image\":{\"@id\":\"https:\\\/\\\/www.krafthand.de\\\/truck\\\/artikel\\\/krone-stellt-auf-der-nufam-nachhaltigkeit-in-den-mittelpunkt-37328\\\/#primaryimage\"},\"thumbnailUrl\":\"https:\\\/\\\/static.krafthand-truck.de\\\/uploads\\\/2023\\\/09\\\/Krone_eTrailer_eMegaLiner_Nufam_2023.jpg\",\"keywords\":[\"eTrailer\",\"Krone\",\"Nufam 2023\"],\"articleSection\":[\"E-Antrieb (BEV\\\/FCEV)\",\"Neue Fahrzeuge\",\"Veranstaltungen\\\/Messen\"],\"inLanguage\":\"de\"},{\"@type\":\"WebPage\",\"@id\":\"https:\\\/\\\/www.krafthand.de\\\/truck\\\/artikel\\\/krone-stellt-auf-der-nufam-nachhaltigkeit-in-den-mittelpunkt-37328\\\/\",\"url\":\"https:\\\/\\\/www.krafthand.de\\\/truck\\\/artikel\\\/krone-stellt-auf-der-nufam-nachhaltigkeit-in-den-mittelpunkt-37328\\\/\",\"name\":\"Krone stellt auf der NUFAM Nachhaltigkeit in den Mittelpunkt - Krafthand-Truck\",\"isPartOf\":{\"@id\":\"https:\\\/\\\/www.krafthand.de\\\/truck\\\/#website\"},\"primaryImageOfPage\":{\"@id\":\"https:\\\/\\\/www.krafthand.de\\\/truck\\\/artikel\\\/krone-stellt-auf-der-nufam-nachhaltigkeit-in-den-mittelpunkt-37328\\\/#primaryimage\"},\"image\":{\"@id\":\"https:\\\/\\\/www.krafthand.de\\\/truck\\\/artikel\\\/krone-stellt-auf-der-nufam-nachhaltigkeit-in-den-mittelpunkt-37328\\\/#primaryimage\"},\"thumbnailUrl\":\"https:\\\/\\\/static.krafthand-truck.de\\\/uploads\\\/2023\\\/09\\\/Krone_eTrailer_eMegaLiner_Nufam_2023.jpg\",\"datePublished\":\"2023-09-19T07:40:52+00:00\",\"dateModified\":\"2023-09-19T07:45:07+00:00\",\"author\":{\"@id\":\"https:\\\/\\\/www.krafthand.de\\\/truck\\\/#\\\/schema\\\/person\\\/51fa80b1c57034c4bf63f9f988fc24ce\"},\"description\":\"Der Trailer-Spezialist Krone pr\u00e4sentiert sich auf der diesj\u00e4hrigen NUFAM (20.-24.9.2023 in Karlsruhe) als ganzheitlicher Mobilit\u00e4tsberater.\",\"breadcrumb\":{\"@id\":\"https:\\\/\\\/www.krafthand.de\\\/truck\\\/artikel\\\/krone-stellt-auf-der-nufam-nachhaltigkeit-in-den-mittelpunkt-37328\\\/#breadcrumb\"},\"inLanguage\":\"de\",\"potentialAction\":[{\"@type\":\"ReadAction\",\"target\":[\"https:\\\/\\\/www.krafthand.de\\\/truck\\\/artikel\\\/krone-stellt-auf-der-nufam-nachhaltigkeit-in-den-mittelpunkt-37328\\\/\"]}]},{\"@type\":\"ImageObject\",\"inLanguage\":\"de\",\"@id\":\"https:\\\/\\\/www.krafthand.de\\\/truck\\\/artikel\\\/krone-stellt-auf-der-nufam-nachhaltigkeit-in-den-mittelpunkt-37328\\\/#primaryimage\",\"url\":\"https:\\\/\\\/static.krafthand-truck.de\\\/uploads\\\/2023\\\/09\\\/Krone_eTrailer_eMegaLiner_Nufam_2023.jpg\",\"contentUrl\":\"https:\\\/\\\/static.krafthand-truck.de\\\/uploads\\\/2023\\\/09\\\/Krone_eTrailer_eMegaLiner_Nufam_2023.jpg\",\"width\":1200,\"height\":681},{\"@type\":\"BreadcrumbList\",\"@id\":\"https:\\\/\\\/www.krafthand.de\\\/truck\\\/artikel\\\/krone-stellt-auf-der-nufam-nachhaltigkeit-in-den-mittelpunkt-37328\\\/#breadcrumb\",\"itemListElement\":[{\"@type\":\"ListItem\",\"position\":1,\"name\":\"Krafthand-Truck\",\"item\":\"https:\\\/\\\/www.krafthand.de\\\/truck\\\/\"},{\"@type\":\"ListItem\",\"position\":2,\"name\":\"Nfz-Branche\",\"item\":\"https:\\\/\\\/www.krafthand.de\\\/truck\\\/kategorie\\\/branche\\\/\"},{\"@type\":\"ListItem\",\"position\":3,\"name\":\"Veranstaltungen\\\/Messen\",\"item\":\"https:\\\/\\\/www.krafthand.de\\\/truck\\\/kategorie\\\/branche\\\/veranstaltungen\\\/\"},{\"@type\":\"ListItem\",\"position\":4,\"name\":\"Krone stellt auf der NUFAM Nachhaltigkeit in den Mittelpunkt\"}]},{\"@type\":\"WebSite\",\"@id\":\"https:\\\/\\\/www.krafthand.de\\\/truck\\\/#website\",\"url\":\"https:\\\/\\\/www.krafthand.de\\\/truck\\\/\",\"name\":\"Krafthand-Truck\",\"description\":\"\",\"potentialAction\":[{\"@type\":\"SearchAction\",\"target\":{\"@type\":\"EntryPoint\",\"urlTemplate\":\"https:\\\/\\\/www.krafthand.de\\\/truck\\\/?s={search_term_string}\"},\"query-input\":{\"@type\":\"PropertyValueSpecification\",\"valueRequired\":true,\"valueName\":\"search_term_string\"}}],\"inLanguage\":\"de\"},{\"@type\":\"Person\",\"@id\":\"https:\\\/\\\/www.krafthand.de\\\/truck\\\/#\\\/schema\\\/person\\\/51fa80b1c57034c4bf63f9f988fc24ce\",\"name\":\"georg.blenk@krafthand-medien.de\",\"image\":{\"@type\":\"ImageObject\",\"inLanguage\":\"de\",\"@id\":\"https:\\\/\\\/secure.gravatar.com\\\/avatar\\\/93713c30affe0aa95d3a4130e499bb1abee2eb31adbdd9ce2aa1543538490215?s=96&d=mm&r=g\",\"url\":\"https:\\\/\\\/secure.gravatar.com\\\/avatar\\\/93713c30affe0aa95d3a4130e499bb1abee2eb31adbdd9ce2aa1543538490215?s=96&d=mm&r=g\",\"contentUrl\":\"https:\\\/\\\/secure.gravatar.com\\\/avatar\\\/93713c30affe0aa95d3a4130e499bb1abee2eb31adbdd9ce2aa1543538490215?s=96&d=mm&r=g\",\"caption\":\"georg.blenk@krafthand-medien.de\"}}]}<\/script>\n<!-- \/ Yoast SEO plugin. -->","yoast_head_json":{"title":"Krone stellt auf der NUFAM Nachhaltigkeit in den Mittelpunkt - Krafthand-Truck","description":"Der Trailer-Spezialist Krone pr\u00e4sentiert sich auf der diesj\u00e4hrigen NUFAM (20.-24.9.2023 in Karlsruhe) als ganzheitlicher Mobilit\u00e4tsberater.","robots":{"index":"index","follow":"follow","max-snippet":"max-snippet:-1","max-image-preview":"max-image-preview:large","max-video-preview":"max-video-preview:-1"},"canonical":"https:\/\/www.krafthand.de\/truck\/artikel\/krone-stellt-auf-der-nufam-nachhaltigkeit-in-den-mittelpunkt-37328\/","og_locale":"de_DE","og_type":"article","og_title":"Krone stellt auf der NUFAM Nachhaltigkeit in den Mittelpunkt - Krafthand-Truck","og_description":"Der Trailer-Spezialist Krone pr\u00e4sentiert sich auf der diesj\u00e4hrigen NUFAM (20.-24.9.2023 in Karlsruhe) als ganzheitlicher Mobilit\u00e4tsberater.","og_url":"https:\/\/www.krafthand-truck.de\/artikel\/krone-stellt-auf-der-nufam-nachhaltigkeit-in-den-mittelpunkt-37328\/","og_site_name":"Krafthand-Truck","article_published_time":"2023-09-19T07:40:52+00:00","article_modified_time":"2023-09-19T07:45:07+00:00","og_image":[{"width":1200,"height":681,"url":"https:\/\/static.krafthand-truck.de\/uploads\/2023\/09\/Krone_eTrailer_eMegaLiner_Nufam_2023.jpg","type":"image\/jpeg"}],"author":"georg.blenk@krafthand-medien.de","twitter_card":"summary_large_image","twitter_misc":{"Verfasst von":"georg.blenk@krafthand-medien.de","Gesch\u00e4tzte Lesezeit":"2\u00a0Minuten"},"schema":{"@context":"https:\/\/schema.org","@graph":[{"@type":"Article","@id":"https:\/\/www.krafthand.de\/truck\/artikel\/krone-stellt-auf-der-nufam-nachhaltigkeit-in-den-mittelpunkt-37328\/#article","isPartOf":{"@id":"https:\/\/www.krafthand.de\/truck\/artikel\/krone-stellt-auf-der-nufam-nachhaltigkeit-in-den-mittelpunkt-37328\/"},"author":{"name":"georg.blenk@krafthand-medien.de","@id":"https:\/\/www.krafthand.de\/truck\/#\/schema\/person\/51fa80b1c57034c4bf63f9f988fc24ce"},"headline":"Krone stellt auf der NUFAM Nachhaltigkeit in den Mittelpunkt","datePublished":"2023-09-19T07:40:52+00:00","dateModified":"2023-09-19T07:45:07+00:00","mainEntityOfPage":{"@id":"https:\/\/www.krafthand.de\/truck\/artikel\/krone-stellt-auf-der-nufam-nachhaltigkeit-in-den-mittelpunkt-37328\/"},"wordCount":298,"image":{"@id":"https:\/\/www.krafthand.de\/truck\/artikel\/krone-stellt-auf-der-nufam-nachhaltigkeit-in-den-mittelpunkt-37328\/#primaryimage"},"thumbnailUrl":"https:\/\/static.krafthand-truck.de\/uploads\/2023\/09\/Krone_eTrailer_eMegaLiner_Nufam_2023.jpg","keywords":["eTrailer","Krone","Nufam 2023"],"articleSection":["E-Antrieb (BEV\/FCEV)","Neue Fahrzeuge","Veranstaltungen\/Messen"],"inLanguage":"de"},{"@type":"WebPage","@id":"https:\/\/www.krafthand.de\/truck\/artikel\/krone-stellt-auf-der-nufam-nachhaltigkeit-in-den-mittelpunkt-37328\/","url":"https:\/\/www.krafthand.de\/truck\/artikel\/krone-stellt-auf-der-nufam-nachhaltigkeit-in-den-mittelpunkt-37328\/","name":"Krone stellt auf der NUFAM Nachhaltigkeit in den Mittelpunkt - Krafthand-Truck","isPartOf":{"@id":"https:\/\/www.krafthand.de\/truck\/#website"},"primaryImageOfPage":{"@id":"https:\/\/www.krafthand.de\/truck\/artikel\/krone-stellt-auf-der-nufam-nachhaltigkeit-in-den-mittelpunkt-37328\/#primaryimage"},"image":{"@id":"https:\/\/www.krafthand.de\/truck\/artikel\/krone-stellt-auf-der-nufam-nachhaltigkeit-in-den-mittelpunkt-37328\/#primaryimage"},"thumbnailUrl":"https:\/\/static.krafthand-truck.de\/uploads\/2023\/09\/Krone_eTrailer_eMegaLiner_Nufam_2023.jpg","datePublished":"2023-09-19T07:40:52+00:00","dateModified":"2023-09-19T07:45:07+00:00","author":{"@id":"https:\/\/www.krafthand.de\/truck\/#\/schema\/person\/51fa80b1c57034c4bf63f9f988fc24ce"},"description":"Der Trailer-Spezialist Krone pr\u00e4sentiert sich auf der diesj\u00e4hrigen NUFAM (20.-24.9.2023 in Karlsruhe) als ganzheitlicher Mobilit\u00e4tsberater.","breadcrumb":{"@id":"https:\/\/www.krafthand.de\/truck\/artikel\/krone-stellt-auf-der-nufam-nachhaltigkeit-in-den-mittelpunkt-37328\/#breadcrumb"},"inLanguage":"de","potentialAction":[{"@type":"ReadAction","target":["https:\/\/www.krafthand.de\/truck\/artikel\/krone-stellt-auf-der-nufam-nachhaltigkeit-in-den-mittelpunkt-37328\/"]}]},{"@type":"ImageObject","inLanguage":"de","@id":"https:\/\/www.krafthand.de\/truck\/artikel\/krone-stellt-auf-der-nufam-nachhaltigkeit-in-den-mittelpunkt-37328\/#primaryimage","url":"https:\/\/static.krafthand-truck.de\/uploads\/2023\/09\/Krone_eTrailer_eMegaLiner_Nufam_2023.jpg","contentUrl":"https:\/\/static.krafthand-truck.de\/uploads\/2023\/09\/Krone_eTrailer_eMegaLiner_Nufam_2023.jpg","width":1200,"height":681},{"@type":"BreadcrumbList","@id":"https:\/\/www.krafthand.de\/truck\/artikel\/krone-stellt-auf-der-nufam-nachhaltigkeit-in-den-mittelpunkt-37328\/#breadcrumb","itemListElement":[{"@type":"ListItem","position":1,"name":"Krafthand-Truck","item":"https:\/\/www.krafthand.de\/truck\/"},{"@type":"ListItem","position":2,"name":"Nfz-Branche","item":"https:\/\/www.krafthand.de\/truck\/kategorie\/branche\/"},{"@type":"ListItem","position":3,"name":"Veranstaltungen\/Messen","item":"https:\/\/www.krafthand.de\/truck\/kategorie\/branche\/veranstaltungen\/"},{"@type":"ListItem","position":4,"name":"Krone stellt auf der NUFAM Nachhaltigkeit in den Mittelpunkt"}]},{"@type":"WebSite","@id":"https:\/\/www.krafthand.de\/truck\/#website","url":"https:\/\/www.krafthand.de\/truck\/","name":"Krafthand-Truck","description":"","potentialAction":[{"@type":"SearchAction","target":{"@type":"EntryPoint","urlTemplate":"https:\/\/www.krafthand.de\/truck\/?s={search_term_string}"},"query-input":{"@type":"PropertyValueSpecification","valueRequired":true,"valueName":"search_term_string"}}],"inLanguage":"de"},{"@type":"Person","@id":"https:\/\/www.krafthand.de\/truck\/#\/schema\/person\/51fa80b1c57034c4bf63f9f988fc24ce","name":"georg.blenk@krafthand-medien.de","image":{"@type":"ImageObject","inLanguage":"de","@id":"https:\/\/secure.gravatar.com\/avatar\/93713c30affe0aa95d3a4130e499bb1abee2eb31adbdd9ce2aa1543538490215?s=96&d=mm&r=g","url":"https:\/\/secure.gravatar.com\/avatar\/93713c30affe0aa95d3a4130e499bb1abee2eb31adbdd9ce2aa1543538490215?s=96&d=mm&r=g","contentUrl":"https:\/\/secure.gravatar.com\/avatar\/93713c30affe0aa95d3a4130e499bb1abee2eb31adbdd9ce2aa1543538490215?s=96&d=mm&r=g","caption":"georg.blenk@krafthand-medien.de"}}]}},"_links":{"self":[{"href":"https:\/\/www.krafthand.de\/truck\/wp-json\/wp\/v2\/posts\/37328","targetHints":{"allow":["GET"]}}],"collection":[{"href":"https:\/\/www.krafthand.de\/truck\/wp-json\/wp\/v2\/posts"}],"about":[{"href":"https:\/\/www.krafthand.de\/truck\/wp-json\/wp\/v2\/types\/post"}],"author":[{"embeddable":true,"href":"https:\/\/www.krafthand.de\/truck\/wp-json\/wp\/v2\/users\/9"}],"replies":[{"embeddable":true,"href":"https:\/\/www.krafthand.de\/truck\/wp-json\/wp\/v2\/comments?post=37328"}],"version-history":[{"count":10,"href":"https:\/\/www.krafthand.de\/truck\/wp-json\/wp\/v2\/posts\/37328\/revisions"}],"predecessor-version":[{"id":37339,"href":"https:\/\/www.krafthand.de\/truck\/wp-json\/wp\/v2\/posts\/37328\/revisions\/37339"}],"wp:featuredmedia":[{"embeddable":true,"href":"https:\/\/www.krafthand.de\/truck\/wp-json\/wp\/v2\/media\/37333"}],"wp:attachment":[{"href":"https:\/\/www.krafthand.de\/truck\/wp-json\/wp\/v2\/media?parent=37328"}],"wp:term":[{"taxonomy":"category","embeddable":true,"href":"https:\/\/www.krafthand.de\/truck\/wp-json\/wp\/v2\/categories?post=37328"},{"taxonomy":"post_tag","embeddable":true,"href":"https:\/\/www.krafthand.de\/truck\/wp-json\/wp\/v2\/tags?post=37328"},{"taxonomy":"settings","embeddable":true,"href":"https:\/\/www.krafthand.de\/truck\/wp-json\/wp\/v2\/settings?post=37328"}],"curies":[{"name":"wp","href":"https:\/\/api.w.org\/{rel}","templated":true}]}}