{"id":37305,"date":"2023-09-15T10:38:03","date_gmt":"2023-09-15T08:38:03","guid":{"rendered":"https:\/\/www.krafthand.de\/truck\/?p=37305"},"modified":"2023-09-15T11:08:15","modified_gmt":"2023-09-15T09:08:15","slug":"nutzfahrzeugkongress-2023-der-gueterverkehr-bleibt-das-rueckgrat-der-wirtschaft","status":"publish","type":"post","link":"https:\/\/www.krafthand.de\/truck\/artikel\/nutzfahrzeugkongress-2023-der-gueterverkehr-bleibt-das-rueckgrat-der-wirtschaft-37305\/","title":{"rendered":"Zukunftskongress Nutzfahrzeuge 2023: Der G\u00fcterverkehr bleibt das R\u00fcckgrat der Wirtschaft"},"content":{"rendered":"<p>Der DEKRA Zukunftskongress Nutzfahrzeuge kehrt im Jahr 2023 wieder zu seinem gewohnten, zweij\u00e4hrlichen Rhythmus zur\u00fcck. Die f\u00fcnfte Ausgabe der Branchenplattform findet am 30. und 31. Oktober in Berlin statt. Der Kongress bringt Experten aus der Fahrzeug- und Zulieferindustrie, aus Politik und Wissenschaft sowie aus der Praxis in Transport und Logistik zusammen.<\/p>\n<p>Das Programm ist in drei teilweise parallel verlaufende Themenstr\u00e4nge unterteilt: Nutzfahrzeug-Technologie, Digitalisierung und Letzte Meile. Insgesamt erwarten die Veranstalter mehr als 350 Experten, Wissenschaftler und Top-Manager namhafter Unternehmen aus der Nutzfahrzeugbranche \u2013 darunter viele von international ausgerichteten Unternehmen wie Bosch, Continental, Daimler Truck, Ford, Hermes, Iveco-Magirus, Knorr-Bremse, K\u00f6gel, Krone, Remondis, SAF-Holland, Scania, Schmitz Cargobull und Siemens Mobility.<\/p>\n<p>Au\u00dferdem sind laut DEKRA Vertreter zahlreicher Verb\u00e4nde und europ\u00e4ischer Organisationen an Bord. Zugesagt haben bisher unter anderen Hartmut H\u00f6ppner (Staatssekret\u00e4r im Bundesministerium f\u00fcr Digitales und Verkehr), Thomas Fabian (Commercial Vehicles Director, European Automobile Manufacturers\u2018 Association (ACEA) sowie Gesch\u00e4ftsf\u00fchrer mehrerer weiterer Verb\u00e4nde.<\/p>\n<p>Im Rahmen des Kongresses wird auch in diesem Jahr der Europ\u00e4ische Sicherheitspreis Nutzfahrzeuge verliehen. Den Preis vergeben DEKRA, der Deutsche Verkehrssicherheitsrat (DVR) und die Europ\u00e4ische Vereinigung f\u00fcr Unfallforschung und Unfallanalyse (EVU) j\u00e4hrlich gemeinsam an Pers\u00f6nlichkeiten, die sich mit ihren beruflichen Leistungen besonders um die Nutzfahrzeugsicherheit verdient gemacht haben.<\/p>\n<p>Weitere Informationen sowie die M\u00f6glichkeit zur Anmeldung sind hier zu finden: <a href=\"https:\/\/www.zuko-nfz.de\" target=\"_blank\" rel=\"noopener\">www.zuko-nfz.de<\/a>.<\/p>\n","protected":false},"excerpt":{"rendered":"<p>Der DEKRA Zukunftskongress Nutzfahrzeuge kehrt im Jahr 2023 wieder zu seinem gewohnten, zweij\u00e4hrlichen Rhythmus zur\u00fcck. Die f\u00fcnfte Ausgabe der Branchenplattform findet am 30. und 31. Oktober in Berlin statt. <span class=\"excerpt-more__dots\">&#8230;<\/span> <a class=\"excerpt-more__link\" href=\"https:\/\/www.krafthand.de\/truck\/artikel\/nutzfahrzeugkongress-2023-der-gueterverkehr-bleibt-das-rueckgrat-der-wirtschaft-37305\/\" >weiter<\/a><\/p>\n","protected":false},"author":9,"featured_media":37307,"comment_status":"closed","ping_status":"closed","sticky":false,"template":"","format":"standard","meta":{"footnotes":""},"categories":[4236],"tags":[2151,5732],"settings":[3523],"class_list":["post-37305","post","type-post","status-publish","format-standard","has-post-thumbnail","hentry","category-veranstaltungen","tag-dekra","tag-nutzfahrzeugkongress"],"yoast_head":"<!-- This site is optimized with the Yoast SEO plugin v27.3 - https:\/\/yoast.com\/product\/yoast-seo-wordpress\/ -->\n<title>Zukunftskongress Nutzfahrzeuge 2023: Der G\u00fcterverkehr bleibt das R\u00fcckgrat der Wirtschaft - Krafthand-Truck<\/title>\n<meta name=\"description\" content=\"Der DEKRA Zukunftskongress Nutzfahrzeuge findet am 30. und 31. Oktober in Berlin statt.\" \/>\n<meta name=\"robots\" content=\"index, follow, max-snippet:-1, max-image-preview:large, max-video-preview:-1\" \/>\n<link rel=\"canonical\" href=\"https:\/\/www.krafthand.de\/truck\/artikel\/nutzfahrzeugkongress-2023-der-gueterverkehr-bleibt-das-rueckgrat-der-wirtschaft-37305\/\" \/>\n<meta property=\"og:locale\" content=\"de_DE\" \/>\n<meta property=\"og:type\" content=\"article\" \/>\n<meta property=\"og:title\" content=\"Zukunftskongress Nutzfahrzeuge 2023: Der G\u00fcterverkehr bleibt das R\u00fcckgrat der Wirtschaft - Krafthand-Truck\" \/>\n<meta property=\"og:description\" content=\"Der DEKRA Zukunftskongress Nutzfahrzeuge findet am 30. und 31. Oktober in Berlin statt.\" \/>\n<meta property=\"og:url\" content=\"https:\/\/www.krafthand-truck.de\/artikel\/nutzfahrzeugkongress-2023-der-gueterverkehr-bleibt-das-rueckgrat-der-wirtschaft-37305\/\" \/>\n<meta property=\"og:site_name\" content=\"Krafthand-Truck\" \/>\n<meta property=\"article:published_time\" content=\"2023-09-15T08:38:03+00:00\" \/>\n<meta property=\"article:modified_time\" content=\"2023-09-15T09:08:15+00:00\" \/>\n<meta property=\"og:image\" content=\"https:\/\/static.krafthand-truck.de\/uploads\/2023\/09\/Dekra_Zukunftskongress_Nutzfahrzeuge_2022.jpg\" \/>\n\t<meta property=\"og:image:width\" content=\"1200\" \/>\n\t<meta property=\"og:image:height\" content=\"824\" \/>\n\t<meta property=\"og:image:type\" content=\"image\/jpeg\" \/>\n<meta name=\"author\" content=\"georg.blenk@krafthand-medien.de\" \/>\n<meta name=\"twitter:card\" content=\"summary_large_image\" \/>\n<meta name=\"twitter:label1\" content=\"Verfasst von\" \/>\n\t<meta name=\"twitter:data1\" content=\"georg.blenk@krafthand-medien.de\" \/>\n\t<meta name=\"twitter:label2\" content=\"Gesch\u00e4tzte Lesezeit\" \/>\n\t<meta name=\"twitter:data2\" content=\"2\u00a0Minuten\" \/>\n<script type=\"application\/ld+json\" class=\"yoast-schema-graph\">{\"@context\":\"https:\\\/\\\/schema.org\",\"@graph\":[{\"@type\":\"Article\",\"@id\":\"https:\\\/\\\/www.krafthand.de\\\/truck\\\/artikel\\\/nutzfahrzeugkongress-2023-der-gueterverkehr-bleibt-das-rueckgrat-der-wirtschaft-37305\\\/#article\",\"isPartOf\":{\"@id\":\"https:\\\/\\\/www.krafthand.de\\\/truck\\\/artikel\\\/nutzfahrzeugkongress-2023-der-gueterverkehr-bleibt-das-rueckgrat-der-wirtschaft-37305\\\/\"},\"author\":{\"name\":\"georg.blenk@krafthand-medien.de\",\"@id\":\"https:\\\/\\\/www.krafthand.de\\\/truck\\\/#\\\/schema\\\/person\\\/51fa80b1c57034c4bf63f9f988fc24ce\"},\"headline\":\"Zukunftskongress Nutzfahrzeuge 2023: Der G\u00fcterverkehr bleibt das R\u00fcckgrat der Wirtschaft\",\"datePublished\":\"2023-09-15T08:38:03+00:00\",\"dateModified\":\"2023-09-15T09:08:15+00:00\",\"mainEntityOfPage\":{\"@id\":\"https:\\\/\\\/www.krafthand.de\\\/truck\\\/artikel\\\/nutzfahrzeugkongress-2023-der-gueterverkehr-bleibt-das-rueckgrat-der-wirtschaft-37305\\\/\"},\"wordCount\":237,\"image\":{\"@id\":\"https:\\\/\\\/www.krafthand.de\\\/truck\\\/artikel\\\/nutzfahrzeugkongress-2023-der-gueterverkehr-bleibt-das-rueckgrat-der-wirtschaft-37305\\\/#primaryimage\"},\"thumbnailUrl\":\"https:\\\/\\\/static.krafthand-truck.de\\\/uploads\\\/2023\\\/09\\\/Dekra_Zukunftskongress_Nutzfahrzeuge_2022.jpg\",\"keywords\":[\"Dekra\",\"Nutzfahrzeugkongress\"],\"articleSection\":[\"Veranstaltungen\\\/Messen\"],\"inLanguage\":\"de\"},{\"@type\":\"WebPage\",\"@id\":\"https:\\\/\\\/www.krafthand.de\\\/truck\\\/artikel\\\/nutzfahrzeugkongress-2023-der-gueterverkehr-bleibt-das-rueckgrat-der-wirtschaft-37305\\\/\",\"url\":\"https:\\\/\\\/www.krafthand.de\\\/truck\\\/artikel\\\/nutzfahrzeugkongress-2023-der-gueterverkehr-bleibt-das-rueckgrat-der-wirtschaft-37305\\\/\",\"name\":\"Zukunftskongress Nutzfahrzeuge 2023: Der G\u00fcterverkehr bleibt das R\u00fcckgrat der Wirtschaft - Krafthand-Truck\",\"isPartOf\":{\"@id\":\"https:\\\/\\\/www.krafthand.de\\\/truck\\\/#website\"},\"primaryImageOfPage\":{\"@id\":\"https:\\\/\\\/www.krafthand.de\\\/truck\\\/artikel\\\/nutzfahrzeugkongress-2023-der-gueterverkehr-bleibt-das-rueckgrat-der-wirtschaft-37305\\\/#primaryimage\"},\"image\":{\"@id\":\"https:\\\/\\\/www.krafthand.de\\\/truck\\\/artikel\\\/nutzfahrzeugkongress-2023-der-gueterverkehr-bleibt-das-rueckgrat-der-wirtschaft-37305\\\/#primaryimage\"},\"thumbnailUrl\":\"https:\\\/\\\/static.krafthand-truck.de\\\/uploads\\\/2023\\\/09\\\/Dekra_Zukunftskongress_Nutzfahrzeuge_2022.jpg\",\"datePublished\":\"2023-09-15T08:38:03+00:00\",\"dateModified\":\"2023-09-15T09:08:15+00:00\",\"author\":{\"@id\":\"https:\\\/\\\/www.krafthand.de\\\/truck\\\/#\\\/schema\\\/person\\\/51fa80b1c57034c4bf63f9f988fc24ce\"},\"description\":\"Der DEKRA Zukunftskongress Nutzfahrzeuge findet am 30. und 31. Oktober in Berlin statt.\",\"breadcrumb\":{\"@id\":\"https:\\\/\\\/www.krafthand.de\\\/truck\\\/artikel\\\/nutzfahrzeugkongress-2023-der-gueterverkehr-bleibt-das-rueckgrat-der-wirtschaft-37305\\\/#breadcrumb\"},\"inLanguage\":\"de\",\"potentialAction\":[{\"@type\":\"ReadAction\",\"target\":[\"https:\\\/\\\/www.krafthand.de\\\/truck\\\/artikel\\\/nutzfahrzeugkongress-2023-der-gueterverkehr-bleibt-das-rueckgrat-der-wirtschaft-37305\\\/\"]}]},{\"@type\":\"ImageObject\",\"inLanguage\":\"de\",\"@id\":\"https:\\\/\\\/www.krafthand.de\\\/truck\\\/artikel\\\/nutzfahrzeugkongress-2023-der-gueterverkehr-bleibt-das-rueckgrat-der-wirtschaft-37305\\\/#primaryimage\",\"url\":\"https:\\\/\\\/static.krafthand-truck.de\\\/uploads\\\/2023\\\/09\\\/Dekra_Zukunftskongress_Nutzfahrzeuge_2022.jpg\",\"contentUrl\":\"https:\\\/\\\/static.krafthand-truck.de\\\/uploads\\\/2023\\\/09\\\/Dekra_Zukunftskongress_Nutzfahrzeuge_2022.jpg\",\"width\":1200,\"height\":824},{\"@type\":\"BreadcrumbList\",\"@id\":\"https:\\\/\\\/www.krafthand.de\\\/truck\\\/artikel\\\/nutzfahrzeugkongress-2023-der-gueterverkehr-bleibt-das-rueckgrat-der-wirtschaft-37305\\\/#breadcrumb\",\"itemListElement\":[{\"@type\":\"ListItem\",\"position\":1,\"name\":\"Krafthand-Truck\",\"item\":\"https:\\\/\\\/www.krafthand.de\\\/truck\\\/\"},{\"@type\":\"ListItem\",\"position\":2,\"name\":\"Nfz-Branche\",\"item\":\"https:\\\/\\\/www.krafthand.de\\\/truck\\\/kategorie\\\/branche\\\/\"},{\"@type\":\"ListItem\",\"position\":3,\"name\":\"Veranstaltungen\\\/Messen\",\"item\":\"https:\\\/\\\/www.krafthand.de\\\/truck\\\/kategorie\\\/branche\\\/veranstaltungen\\\/\"},{\"@type\":\"ListItem\",\"position\":4,\"name\":\"Zukunftskongress Nutzfahrzeuge 2023: Der G\u00fcterverkehr bleibt das R\u00fcckgrat der Wirtschaft\"}]},{\"@type\":\"WebSite\",\"@id\":\"https:\\\/\\\/www.krafthand.de\\\/truck\\\/#website\",\"url\":\"https:\\\/\\\/www.krafthand.de\\\/truck\\\/\",\"name\":\"Krafthand-Truck\",\"description\":\"\",\"potentialAction\":[{\"@type\":\"SearchAction\",\"target\":{\"@type\":\"EntryPoint\",\"urlTemplate\":\"https:\\\/\\\/www.krafthand.de\\\/truck\\\/?s={search_term_string}\"},\"query-input\":{\"@type\":\"PropertyValueSpecification\",\"valueRequired\":true,\"valueName\":\"search_term_string\"}}],\"inLanguage\":\"de\"},{\"@type\":\"Person\",\"@id\":\"https:\\\/\\\/www.krafthand.de\\\/truck\\\/#\\\/schema\\\/person\\\/51fa80b1c57034c4bf63f9f988fc24ce\",\"name\":\"georg.blenk@krafthand-medien.de\",\"image\":{\"@type\":\"ImageObject\",\"inLanguage\":\"de\",\"@id\":\"https:\\\/\\\/secure.gravatar.com\\\/avatar\\\/93713c30affe0aa95d3a4130e499bb1abee2eb31adbdd9ce2aa1543538490215?s=96&d=mm&r=g\",\"url\":\"https:\\\/\\\/secure.gravatar.com\\\/avatar\\\/93713c30affe0aa95d3a4130e499bb1abee2eb31adbdd9ce2aa1543538490215?s=96&d=mm&r=g\",\"contentUrl\":\"https:\\\/\\\/secure.gravatar.com\\\/avatar\\\/93713c30affe0aa95d3a4130e499bb1abee2eb31adbdd9ce2aa1543538490215?s=96&d=mm&r=g\",\"caption\":\"georg.blenk@krafthand-medien.de\"}}]}<\/script>\n<!-- \/ Yoast SEO plugin. -->","yoast_head_json":{"title":"Zukunftskongress Nutzfahrzeuge 2023: Der G\u00fcterverkehr bleibt das R\u00fcckgrat der Wirtschaft - Krafthand-Truck","description":"Der DEKRA Zukunftskongress Nutzfahrzeuge findet am 30. und 31. Oktober in Berlin statt.","robots":{"index":"index","follow":"follow","max-snippet":"max-snippet:-1","max-image-preview":"max-image-preview:large","max-video-preview":"max-video-preview:-1"},"canonical":"https:\/\/www.krafthand.de\/truck\/artikel\/nutzfahrzeugkongress-2023-der-gueterverkehr-bleibt-das-rueckgrat-der-wirtschaft-37305\/","og_locale":"de_DE","og_type":"article","og_title":"Zukunftskongress Nutzfahrzeuge 2023: Der G\u00fcterverkehr bleibt das R\u00fcckgrat der Wirtschaft - Krafthand-Truck","og_description":"Der DEKRA Zukunftskongress Nutzfahrzeuge findet am 30. und 31. Oktober in Berlin statt.","og_url":"https:\/\/www.krafthand-truck.de\/artikel\/nutzfahrzeugkongress-2023-der-gueterverkehr-bleibt-das-rueckgrat-der-wirtschaft-37305\/","og_site_name":"Krafthand-Truck","article_published_time":"2023-09-15T08:38:03+00:00","article_modified_time":"2023-09-15T09:08:15+00:00","og_image":[{"width":1200,"height":824,"url":"https:\/\/static.krafthand-truck.de\/uploads\/2023\/09\/Dekra_Zukunftskongress_Nutzfahrzeuge_2022.jpg","type":"image\/jpeg"}],"author":"georg.blenk@krafthand-medien.de","twitter_card":"summary_large_image","twitter_misc":{"Verfasst von":"georg.blenk@krafthand-medien.de","Gesch\u00e4tzte Lesezeit":"2\u00a0Minuten"},"schema":{"@context":"https:\/\/schema.org","@graph":[{"@type":"Article","@id":"https:\/\/www.krafthand.de\/truck\/artikel\/nutzfahrzeugkongress-2023-der-gueterverkehr-bleibt-das-rueckgrat-der-wirtschaft-37305\/#article","isPartOf":{"@id":"https:\/\/www.krafthand.de\/truck\/artikel\/nutzfahrzeugkongress-2023-der-gueterverkehr-bleibt-das-rueckgrat-der-wirtschaft-37305\/"},"author":{"name":"georg.blenk@krafthand-medien.de","@id":"https:\/\/www.krafthand.de\/truck\/#\/schema\/person\/51fa80b1c57034c4bf63f9f988fc24ce"},"headline":"Zukunftskongress Nutzfahrzeuge 2023: Der G\u00fcterverkehr bleibt das R\u00fcckgrat der Wirtschaft","datePublished":"2023-09-15T08:38:03+00:00","dateModified":"2023-09-15T09:08:15+00:00","mainEntityOfPage":{"@id":"https:\/\/www.krafthand.de\/truck\/artikel\/nutzfahrzeugkongress-2023-der-gueterverkehr-bleibt-das-rueckgrat-der-wirtschaft-37305\/"},"wordCount":237,"image":{"@id":"https:\/\/www.krafthand.de\/truck\/artikel\/nutzfahrzeugkongress-2023-der-gueterverkehr-bleibt-das-rueckgrat-der-wirtschaft-37305\/#primaryimage"},"thumbnailUrl":"https:\/\/static.krafthand-truck.de\/uploads\/2023\/09\/Dekra_Zukunftskongress_Nutzfahrzeuge_2022.jpg","keywords":["Dekra","Nutzfahrzeugkongress"],"articleSection":["Veranstaltungen\/Messen"],"inLanguage":"de"},{"@type":"WebPage","@id":"https:\/\/www.krafthand.de\/truck\/artikel\/nutzfahrzeugkongress-2023-der-gueterverkehr-bleibt-das-rueckgrat-der-wirtschaft-37305\/","url":"https:\/\/www.krafthand.de\/truck\/artikel\/nutzfahrzeugkongress-2023-der-gueterverkehr-bleibt-das-rueckgrat-der-wirtschaft-37305\/","name":"Zukunftskongress Nutzfahrzeuge 2023: Der G\u00fcterverkehr bleibt das R\u00fcckgrat der Wirtschaft - Krafthand-Truck","isPartOf":{"@id":"https:\/\/www.krafthand.de\/truck\/#website"},"primaryImageOfPage":{"@id":"https:\/\/www.krafthand.de\/truck\/artikel\/nutzfahrzeugkongress-2023-der-gueterverkehr-bleibt-das-rueckgrat-der-wirtschaft-37305\/#primaryimage"},"image":{"@id":"https:\/\/www.krafthand.de\/truck\/artikel\/nutzfahrzeugkongress-2023-der-gueterverkehr-bleibt-das-rueckgrat-der-wirtschaft-37305\/#primaryimage"},"thumbnailUrl":"https:\/\/static.krafthand-truck.de\/uploads\/2023\/09\/Dekra_Zukunftskongress_Nutzfahrzeuge_2022.jpg","datePublished":"2023-09-15T08:38:03+00:00","dateModified":"2023-09-15T09:08:15+00:00","author":{"@id":"https:\/\/www.krafthand.de\/truck\/#\/schema\/person\/51fa80b1c57034c4bf63f9f988fc24ce"},"description":"Der DEKRA Zukunftskongress Nutzfahrzeuge findet am 30. und 31. Oktober in Berlin statt.","breadcrumb":{"@id":"https:\/\/www.krafthand.de\/truck\/artikel\/nutzfahrzeugkongress-2023-der-gueterverkehr-bleibt-das-rueckgrat-der-wirtschaft-37305\/#breadcrumb"},"inLanguage":"de","potentialAction":[{"@type":"ReadAction","target":["https:\/\/www.krafthand.de\/truck\/artikel\/nutzfahrzeugkongress-2023-der-gueterverkehr-bleibt-das-rueckgrat-der-wirtschaft-37305\/"]}]},{"@type":"ImageObject","inLanguage":"de","@id":"https:\/\/www.krafthand.de\/truck\/artikel\/nutzfahrzeugkongress-2023-der-gueterverkehr-bleibt-das-rueckgrat-der-wirtschaft-37305\/#primaryimage","url":"https:\/\/static.krafthand-truck.de\/uploads\/2023\/09\/Dekra_Zukunftskongress_Nutzfahrzeuge_2022.jpg","contentUrl":"https:\/\/static.krafthand-truck.de\/uploads\/2023\/09\/Dekra_Zukunftskongress_Nutzfahrzeuge_2022.jpg","width":1200,"height":824},{"@type":"BreadcrumbList","@id":"https:\/\/www.krafthand.de\/truck\/artikel\/nutzfahrzeugkongress-2023-der-gueterverkehr-bleibt-das-rueckgrat-der-wirtschaft-37305\/#breadcrumb","itemListElement":[{"@type":"ListItem","position":1,"name":"Krafthand-Truck","item":"https:\/\/www.krafthand.de\/truck\/"},{"@type":"ListItem","position":2,"name":"Nfz-Branche","item":"https:\/\/www.krafthand.de\/truck\/kategorie\/branche\/"},{"@type":"ListItem","position":3,"name":"Veranstaltungen\/Messen","item":"https:\/\/www.krafthand.de\/truck\/kategorie\/branche\/veranstaltungen\/"},{"@type":"ListItem","position":4,"name":"Zukunftskongress Nutzfahrzeuge 2023: Der G\u00fcterverkehr bleibt das R\u00fcckgrat der Wirtschaft"}]},{"@type":"WebSite","@id":"https:\/\/www.krafthand.de\/truck\/#website","url":"https:\/\/www.krafthand.de\/truck\/","name":"Krafthand-Truck","description":"","potentialAction":[{"@type":"SearchAction","target":{"@type":"EntryPoint","urlTemplate":"https:\/\/www.krafthand.de\/truck\/?s={search_term_string}"},"query-input":{"@type":"PropertyValueSpecification","valueRequired":true,"valueName":"search_term_string"}}],"inLanguage":"de"},{"@type":"Person","@id":"https:\/\/www.krafthand.de\/truck\/#\/schema\/person\/51fa80b1c57034c4bf63f9f988fc24ce","name":"georg.blenk@krafthand-medien.de","image":{"@type":"ImageObject","inLanguage":"de","@id":"https:\/\/secure.gravatar.com\/avatar\/93713c30affe0aa95d3a4130e499bb1abee2eb31adbdd9ce2aa1543538490215?s=96&d=mm&r=g","url":"https:\/\/secure.gravatar.com\/avatar\/93713c30affe0aa95d3a4130e499bb1abee2eb31adbdd9ce2aa1543538490215?s=96&d=mm&r=g","contentUrl":"https:\/\/secure.gravatar.com\/avatar\/93713c30affe0aa95d3a4130e499bb1abee2eb31adbdd9ce2aa1543538490215?s=96&d=mm&r=g","caption":"georg.blenk@krafthand-medien.de"}}]}},"_links":{"self":[{"href":"https:\/\/www.krafthand.de\/truck\/wp-json\/wp\/v2\/posts\/37305","targetHints":{"allow":["GET"]}}],"collection":[{"href":"https:\/\/www.krafthand.de\/truck\/wp-json\/wp\/v2\/posts"}],"about":[{"href":"https:\/\/www.krafthand.de\/truck\/wp-json\/wp\/v2\/types\/post"}],"author":[{"embeddable":true,"href":"https:\/\/www.krafthand.de\/truck\/wp-json\/wp\/v2\/users\/9"}],"replies":[{"embeddable":true,"href":"https:\/\/www.krafthand.de\/truck\/wp-json\/wp\/v2\/comments?post=37305"}],"version-history":[{"count":5,"href":"https:\/\/www.krafthand.de\/truck\/wp-json\/wp\/v2\/posts\/37305\/revisions"}],"predecessor-version":[{"id":37311,"href":"https:\/\/www.krafthand.de\/truck\/wp-json\/wp\/v2\/posts\/37305\/revisions\/37311"}],"wp:featuredmedia":[{"embeddable":true,"href":"https:\/\/www.krafthand.de\/truck\/wp-json\/wp\/v2\/media\/37307"}],"wp:attachment":[{"href":"https:\/\/www.krafthand.de\/truck\/wp-json\/wp\/v2\/media?parent=37305"}],"wp:term":[{"taxonomy":"category","embeddable":true,"href":"https:\/\/www.krafthand.de\/truck\/wp-json\/wp\/v2\/categories?post=37305"},{"taxonomy":"post_tag","embeddable":true,"href":"https:\/\/www.krafthand.de\/truck\/wp-json\/wp\/v2\/tags?post=37305"},{"taxonomy":"settings","embeddable":true,"href":"https:\/\/www.krafthand.de\/truck\/wp-json\/wp\/v2\/settings?post=37305"}],"curies":[{"name":"wp","href":"https:\/\/api.w.org\/{rel}","templated":true}]}}