{"id":37272,"date":"2023-09-14T08:27:03","date_gmt":"2023-09-14T06:27:03","guid":{"rendered":"https:\/\/www.krafthand.de\/truck\/?p=37272"},"modified":"2023-09-19T08:52:59","modified_gmt":"2023-09-19T06:52:59","slug":"wir-koennen-auch-grosse-teile","status":"publish","type":"post","link":"https:\/\/www.krafthand.de\/truck\/artikel\/wir-koennen-auch-grosse-teile-37272\/","title":{"rendered":"\u201eWir k\u00f6nnen auch gro\u00dfe Teile\u201c"},"content":{"rendered":"<p>Die Geschichte der heutigen Bilstein Group geht auf das Jahr 1844 zur\u00fcck. Unter dem Namen \u201aFerdinand Bilstein\u2018 hat Ferdinand Daniel Bilstein das Unternehmen gegr\u00fcndet. Produziert wurden anfangs Spezialwerkzeuge f\u00fcr die Eisenindustrie. Ab 1880 stellte man gedrehte Schrauben, Muttern und Spezialteile her. Richtig bekannt wurde das Unternehmen ab 1921 mit einem patentierten Federbolzen, der den Weg in die damals noch junge Automobilbranche ebnete.<\/p>\n<figure id=\"attachment_37274\" aria-describedby=\"caption-attachment-37274\" style=\"width: 380px\" class=\"wp-caption alignleft\"><a href=\"https:\/\/static.krafthand-truck.de\/uploads\/2023\/09\/03_2023_001_2.jpg\" target=\"_blank\" rel=\"noopener\"><img fetchpriority=\"high\" decoding=\"async\" class=\"wp-image-37274\" src=\"https:\/\/static.krafthand-truck.de\/uploads\/2023\/09\/03_2023_001_2-300x212.jpg\" alt=\"\" width=\"380\" height=\"268\" srcset=\"https:\/\/static.krafthand-truck.de\/uploads\/2023\/09\/03_2023_001_2-300x212.jpg 300w, https:\/\/static.krafthand-truck.de\/uploads\/2023\/09\/03_2023_001_2-1024x722.jpg 1024w, https:\/\/static.krafthand-truck.de\/uploads\/2023\/09\/03_2023_001_2-768x541.jpg 768w, https:\/\/static.krafthand-truck.de\/uploads\/2023\/09\/03_2023_001_2-1320x931.jpg 1320w, https:\/\/static.krafthand-truck.de\/uploads\/2023\/09\/03_2023_001_2.jpg 1400w\" sizes=\"(max-width: 380px) 100vw, 380px\" \/><\/a><figcaption id=\"caption-attachment-37274\" class=\"wp-caption-text\">Der patentierte Federbolzen machte 1921 das Unternehmen Ferdinand Bilstein weltweit bekannt.<\/figcaption><\/figure>\n<p>Ab 1936 entwickelte man erste Reparaturs\u00e4tze f\u00fcr Achsschenkelbolzen. Ab den 1950er-Jahren wurde die Produktion von Pkw-Teilen, beispielsweise von Rad- und Achsbolzen, stark ausgebaut. 1951 startete man dann auch mit Lkw-Teilen und expandierte international. In den 1980er-Jahren erfolgte der Aufbau eines breiten Sortiments. Die Produktpalette aus eigener Fertigung erg\u00e4nzte man durch Verschlei\u00dfteile aus Partnerproduktionen.<\/p>\n<p>Heute geh\u00f6rt die Ferdinand Bilstein GmbH + Co KG mit rund 2.600 Mitarbeitern und einem Umsatzvolumen von 930 Millionen im Gesch\u00e4ftsjahr 2022 zu einem der gr\u00f6\u00dften Player im Automotive-Aftermarket. Unter der Dachmarke \u201a<a href=\"https:\/\/bilsteingroup.com\" target=\"_blank\" rel=\"noopener\">Bilstein Group<\/a>\u2018 sind Marken wie febi (Car+Truck), SWAG oder Blue Print vereint. Im Jahre 2022 \u00fcbernahm man den Turbolader-Spezialisten <a href=\"https:\/\/www.motair.de\/de\/\" target=\"_blank\" rel=\"noopener\">Motair<\/a> und erweiterte zus\u00e4tzlich das Produktangebot.<\/p>\n<p>Insgesamt bietet die Bilstein Group heute mehr als 70.000 verschiedene technische Verschlei\u00dfteile f\u00fcr die professionelle Pkw- und Lkw-Reparatur. Der Vertrieb wird \u00fcber den Teilegro\u00dfhandel bewerkstelligt. Die international agierende Unternehmensgruppe liefert ihre Produkte in \u00fcber 170 L\u00e4nder. In siebter Generation f\u00fchren heute Karsten Sch\u00fc\u00dfler-Bilstein und Jan Siekermann das Unternehmen.<\/p>\n<h3>Der Lkw-Ersatzteilmarkt<\/h3>\n<figure id=\"attachment_37281\" aria-describedby=\"caption-attachment-37281\" style=\"width: 160px\" class=\"wp-caption alignleft\"><a href=\"https:\/\/static.krafthand-truck.de\/uploads\/2023\/09\/03_2023_001_9.jpg\" target=\"_blank\" rel=\"noopener\"><img decoding=\"async\" class=\"wp-image-37281\" src=\"https:\/\/static.krafthand-truck.de\/uploads\/2023\/09\/03_2023_001_9-202x300.jpg\" alt=\"\" width=\"160\" height=\"237\" srcset=\"https:\/\/static.krafthand-truck.de\/uploads\/2023\/09\/03_2023_001_9-202x300.jpg 202w, https:\/\/static.krafthand-truck.de\/uploads\/2023\/09\/03_2023_001_9-690x1024.jpg 690w, https:\/\/static.krafthand-truck.de\/uploads\/2023\/09\/03_2023_001_9-768x1139.jpg 768w, https:\/\/static.krafthand-truck.de\/uploads\/2023\/09\/03_2023_001_9.jpg 809w\" sizes=\"(max-width: 160px) 100vw, 160px\" \/><\/a><figcaption id=\"caption-attachment-37281\" class=\"wp-caption-text\"><em>\u201eWir sind sehr nahe am Kunden dran und besch\u00e4ftigen uns st\u00e4ndig mit der Entwicklung neuer Produktl\u00f6sungen, um die Arbeit in den Nfz-Werkst\u00e4tten einfacher zu machen&#8220;<\/em>, so Salvatore Faraci, Vertriebsbeauftragter DACH.<\/figcaption><\/figure>\n<p>Die Bilstein Group ist mit der Marke febi auch auf dem Nkw-Ersatzteilmarkt pr\u00e4sent. Seit 2011 etablierte man schrittweise die Marke febi Truck (inklusive Auflieger, Busse, Agrarfahrzeuge). Sie bildete im Jahr 2022 mit rund 130 Millionen Umsatz weltweit zirka 13 Prozent des Gesamtumsatzes der Gruppe. <em>\u201eWir forcieren unsere Aftermarket-Aktivit\u00e4ten im Nkw-Bereich und bauen unser Sortiment immer weiter aus. Die Priorit\u00e4tenliste ist lang\u201c<\/em>, so Christian Baier, Vertriebsleiter DACH bei der Bilstein Group. Tats\u00e4chlich liefert das Unternehmen \u00fcber 14.000 Referenzen aus 18 Produktgruppen f\u00fcr alle g\u00e4ngigen Nutzfahrzeuge. Dazu geh\u00f6ren Bremskomponenten, Magnetventile, Zugfedern f\u00fcr Riemenspanner, Fensterheber, Fahrerhausverriegelungen, Zugstreben f\u00fcr die Niveauregulierung, Riemenspanner f\u00fcr Keilrippenriemen, Luftfilters\u00e4tze, AGR-Ventile oder AdBlue-Dosierventile. Hinzu kommen Sortimentskoffer, beispielsweise f\u00fcr das Steckverbinder-System \u201aRaufoss ABC\u2018. Zudem bietet die Bilstein Group drei Jahre Herstellergarantie auf das Gesamtsortiment.<\/p>\n<h3>Beispiel: Arbeitsscheinwerfer<\/h3>\n<figure id=\"attachment_37276\" aria-describedby=\"caption-attachment-37276\" style=\"width: 280px\" class=\"wp-caption alignright\"><a href=\"https:\/\/static.krafthand-truck.de\/uploads\/2023\/09\/03_2023_001_3.jpg\" target=\"_blank\" rel=\"noopener\"><img decoding=\"async\" class=\"wp-image-37276\" src=\"https:\/\/static.krafthand-truck.de\/uploads\/2023\/09\/03_2023_001_3-300x300.jpg\" alt=\"\" width=\"280\" height=\"280\" srcset=\"https:\/\/static.krafthand-truck.de\/uploads\/2023\/09\/03_2023_001_3-300x300.jpg 300w, https:\/\/static.krafthand-truck.de\/uploads\/2023\/09\/03_2023_001_3-1024x1024.jpg 1024w, https:\/\/static.krafthand-truck.de\/uploads\/2023\/09\/03_2023_001_3-150x150.jpg 150w, https:\/\/static.krafthand-truck.de\/uploads\/2023\/09\/03_2023_001_3-768x768.jpg 768w, https:\/\/static.krafthand-truck.de\/uploads\/2023\/09\/03_2023_001_3.jpg 1200w\" sizes=\"(max-width: 280px) 100vw, 280px\" \/><\/a><figcaption id=\"caption-attachment-37276\" class=\"wp-caption-text\">Der Arbeitsscheinwerfer S-2500-F-DT ist eine Eigenentwicklung. Es ist der erste Scheinwerfer mit einem \u201aDeutsch-Stecker-Anschluss\u2018. Das Kabel ist am Geh\u00e4use und am Stecker komplett vergossen. Er darf als R\u00fcckfahrlicht und bei Gefahrguttransporten eingesetzt werden. Die Kombination als Spot- und Flutlicht zeichnet den Arbeitsscheinwerfer aus.<\/figcaption><\/figure>\n<p>Bei den Arbeitsscheinwerfern setzen die Teilespezialisten aus Ennepetal auf Kompletts\u00e4tze. <em>\u201eNichts ist \u00e4rgerlicher, wenn bei der Montage eines Scheinwerfers das Kabel oder der korrekte Stecker fehlt. Oft sind mitgelieferte Kabel auch einfach nur zu kurz. Hier schaffen wir mit unseren febi ProKits Abhilfe\u201c<\/em>, so Baier. Mit im Satz dabei sind auch Crimp-Verbinder und Schrumpfschl\u00e4uche. Zudem habe man gezielt an der Produktqualit\u00e4t gearbeitet. So erf\u00fcllen sie mindestens die Schutzklasse IP67, zahlreiche auch die h\u00f6chste Klasse IP6K9K. Sie sind damit vollst\u00e4ndig staub- und wasserdicht. \u201eEin S\u00e4ubern des Lkws mit einem Hochdruckreiniger kann ihnen nichts anhaben.\u201c Einige Arbeitsscheinwerfer sind als R\u00fcckfahrlicht (ECE-R23) oder bei Gefahrguttransporten (ADR-Standard) einsetzbar. Alle Scheinwerfer sind nach ECE-R10 funkentst\u00f6rt, beziehungsweise weisen eine hohe elektromagnetische Vertr\u00e4glichkeit auf. Das Geh\u00e4use der Arbeitsscheinwerfer ist aus Aluminium.<\/p>\n<h3>Das Sortiment febiPLUS<\/h3>\n<figure id=\"attachment_37275\" aria-describedby=\"caption-attachment-37275\" style=\"width: 280px\" class=\"wp-caption alignleft\"><a href=\"https:\/\/static.krafthand-truck.de\/uploads\/2023\/09\/03_2023_001_4.jpg\" target=\"_blank\" rel=\"noopener\"><img loading=\"lazy\" decoding=\"async\" class=\"wp-image-37275\" src=\"https:\/\/static.krafthand-truck.de\/uploads\/2023\/09\/03_2023_001_4-281x300.jpg\" alt=\"\" width=\"280\" height=\"299\" srcset=\"https:\/\/static.krafthand-truck.de\/uploads\/2023\/09\/03_2023_001_4-281x300.jpg 281w, https:\/\/static.krafthand-truck.de\/uploads\/2023\/09\/03_2023_001_4-960x1024.jpg 960w, https:\/\/static.krafthand-truck.de\/uploads\/2023\/09\/03_2023_001_4-768x819.jpg 768w, https:\/\/static.krafthand-truck.de\/uploads\/2023\/09\/03_2023_001_4.jpg 1125w\" sizes=\"(max-width: 280px) 100vw, 280px\" \/><\/a><figcaption id=\"caption-attachment-37275\" class=\"wp-caption-text\">\u00d6labscheider m\u00fcssen bei einem Lagerschaden getauscht werden.<\/figcaption><\/figure>\n<p>Es gibt unterschiedliche Gr\u00fcnde, die einen Artikel zu einem febiPLUS-Artikel machen. Meistens sind es L\u00f6sungen, die nur von den Original-Teileherstellern bekannt sind. Die Kategorie ist Produktgruppen-unabh\u00e4ngig. Der Fokus von febi liegt auf \u201afast-to-market, dem Mehrwert sowie auf technisch anspruchsvolle L\u00f6sungen und qualitativ hochwertige Produkte. Ein Beispiel sind spezielle \u00d6labscheider, die getauscht werden m\u00fcssen, wenn die Lager der Rotationseinheit defekt sind.<\/p>\n<p>Ein weiteres Beispiel f\u00fcr ein febiPLUS-Produkt ist der Nachr\u00fcstsatz f\u00fcr Seitenmarkierungsleuchten f\u00fcr Scania-Fahrzeuge. Ein spezielles Adapterkabel (Y-Kabel) erspart dem Nfz-Mechatroniker Zeit. Dabei werden zwei Seitenmarkierungsleuchten mit Strom versorgt, die Stecker passen in die Originalstecker von Scania. Im \u00dcbrigen sind im Online-Katalog \u201aPartsfinder\u2018 alle febiPLUS-Artikel entsprechend gekennzeichnet.<\/p>\n<p>&nbsp;<\/p>\n<p>&nbsp;<\/p>\n<figure id=\"attachment_37301\" aria-describedby=\"caption-attachment-37301\" style=\"width: 800px\" class=\"wp-caption aligncenter\"><img loading=\"lazy\" decoding=\"async\" class=\"wp-image-37301\" src=\"https:\/\/static.krafthand-truck.de\/uploads\/2023\/09\/Febi_Y_Adapter_Seitenleuchten_Scania-300x106.png\" alt=\"\" width=\"800\" height=\"283\" srcset=\"https:\/\/static.krafthand-truck.de\/uploads\/2023\/09\/Febi_Y_Adapter_Seitenleuchten_Scania-300x106.png 300w, https:\/\/static.krafthand-truck.de\/uploads\/2023\/09\/Febi_Y_Adapter_Seitenleuchten_Scania-1024x363.png 1024w, https:\/\/static.krafthand-truck.de\/uploads\/2023\/09\/Febi_Y_Adapter_Seitenleuchten_Scania-768x272.png 768w, https:\/\/static.krafthand-truck.de\/uploads\/2023\/09\/Febi_Y_Adapter_Seitenleuchten_Scania-427x150.png 427w, https:\/\/static.krafthand-truck.de\/uploads\/2023\/09\/Febi_Y_Adapter_Seitenleuchten_Scania.png 1200w\" sizes=\"(max-width: 800px) 100vw, 800px\" \/><figcaption id=\"caption-attachment-37301\" class=\"wp-caption-text\">Y-Adapter und Seitenmarkierungsleuchten f\u00fcr Scania-Fahrzeuge.<\/figcaption><\/figure>\n<p>&nbsp;<\/p>\n<figure id=\"attachment_37280\" aria-describedby=\"caption-attachment-37280\" style=\"width: 280px\" class=\"wp-caption alignleft\"><a href=\"https:\/\/static.krafthand-truck.de\/uploads\/2023\/09\/03_2023_001_8.jpg\" target=\"_blank\" rel=\"noopener\"><img loading=\"lazy\" decoding=\"async\" class=\"wp-image-37280\" src=\"https:\/\/static.krafthand-truck.de\/uploads\/2023\/09\/03_2023_001_8-300x300.jpg\" alt=\"\" width=\"280\" height=\"280\" srcset=\"https:\/\/static.krafthand-truck.de\/uploads\/2023\/09\/03_2023_001_8-300x300.jpg 300w, https:\/\/static.krafthand-truck.de\/uploads\/2023\/09\/03_2023_001_8-1024x1024.jpg 1024w, https:\/\/static.krafthand-truck.de\/uploads\/2023\/09\/03_2023_001_8-150x150.jpg 150w, https:\/\/static.krafthand-truck.de\/uploads\/2023\/09\/03_2023_001_8-768x768.jpg 768w, https:\/\/static.krafthand-truck.de\/uploads\/2023\/09\/03_2023_001_8.jpg 1200w\" sizes=\"(max-width: 280px) 100vw, 280px\" \/><\/a><figcaption id=\"caption-attachment-37280\" class=\"wp-caption-text\">febiPROKIT: Kompletter Filtersatz inklusive Dichtungen.<\/figcaption><\/figure>\n<h3>febiPROKITS<\/h3>\n<p>Die febiPROKITS zeichnen sich durch zus\u00e4tzliches Befestigungsmaterial, wie spezielle Schrauben und Muttern (beispielsweise bei Spurstangen) aber auch die passenden Schlauchschellen bei K\u00fchlwasserschl\u00e4uchen aus. Die S\u00e4tze werden so laut febi bei OE nicht angeboten, die Nfz-Werkstatt spart sich Zeit bei der Montage und muss nicht aufwendig nach dem passenden Material suchen.<\/p>\n<h3>Breit aufgestellt<\/h3>\n<figure id=\"attachment_37279\" aria-describedby=\"caption-attachment-37279\" style=\"width: 160px\" class=\"wp-caption alignright\"><a href=\"https:\/\/static.krafthand-truck.de\/uploads\/2023\/09\/03_2023_001_5-e1694672388222.jpg\" target=\"_blank\" rel=\"noopener\"><img loading=\"lazy\" decoding=\"async\" class=\"wp-image-37279\" src=\"https:\/\/static.krafthand-truck.de\/uploads\/2023\/09\/03_2023_001_5-e1694672388222-208x300.jpg\" alt=\"\" width=\"160\" height=\"231\" srcset=\"https:\/\/static.krafthand-truck.de\/uploads\/2023\/09\/03_2023_001_5-e1694672388222-208x300.jpg 208w, https:\/\/static.krafthand-truck.de\/uploads\/2023\/09\/03_2023_001_5-e1694672388222.jpg 709w\" sizes=\"(max-width: 160px) 100vw, 160px\" \/><\/a><figcaption id=\"caption-attachment-37279\" class=\"wp-caption-text\"><em>\u201eBei Fragen zu unseren Produkten steht unsere Technische Hotline (Tel.: +49 2333 911-7700, bta-support@bilsteingroup.com) zur Verf\u00fcgung. Bei Bedarf helfen die Kollegen vom Technischen-Sales-Support auch direkt vor Ort&#8220;<\/em>, erkl\u00e4rt Christian Baier.<\/figcaption><\/figure>\n<p>In der Bilstein Group arbeiten 130 Personen im Engineering und an der Produktentwicklung. Hinzu kommen entsprechende Produktmanager und Eink\u00e4ufer f\u00fcr Nutzfahrzeugteile, die im Detail in unterschiedliche Produktgruppen eingearbeitet sind. Die Bilstein Group fertigt eine Vielzahl von Teilen selbst. Dazu geh\u00f6ren beispielsweise Fahrwerkskomponenten f\u00fcr den Aftermarket, aber auch eher teils exotische Teile. Als System- und Komponentenentwickler liefert febi an zahlreiche Unternehmen. So arbeitet man beispielsweise mit Getriebeherstellern bez\u00fcglich Einzelkomponenten f\u00fcr DSG-Getriebe zusammen. Ein weiteres Beispiel sind Kleinserien, wie eine spezielle Radmutter f\u00fcr Race-Trucks. Ferdinand Bilstein bietet f\u00fcr alle g\u00e4ngigen europ\u00e4ischen Nutzfahrzeugmarken (\u201aBIG 7\u2018) die passenden Ersatzteile in Erstausr\u00fcstungsqualit\u00e4t.<\/p>\n<p><em>\u201eDer Nutzfahrzeugbereich ist eine zentrale S\u00e4ule des Unternehmens. Wir haben stets den Gesamtmarkt im Blick und pr\u00fcfen die Potenziale neuer Produkte, im \u00dcbrigen auch in Hinblick auf die Entwicklung neuer Antriebssysteme. Alles in allem sind wir als Bilstein Group sehr breit aufgestellt\u201c<\/em>, so Christian Baier abschlie\u00dfend.<\/p>\n<p>&nbsp;<\/p>\n<p><i>Den Beitrag finden Sie auch in der Print-Ausgabe 3-2023 der <a href=\"https:\/\/www.krafthand.de\/truck\/magazin\/\" title=\"Zum Magazin\">Krafthand-Truck<\/a>.<\/i><\/p>\r\n\t\t\t\t<div class=\"post-author\">\r\n\t\t\t\t\t<div class=\"khm-cp-author clearfix\">\r\n\t\t\t\t\t\t<div class=\"khm-cp-author__content\">\r\n\t\t\t\t\t\t\t\tKontakt zum Autor:<br \/>\r\n\t\t\t\t\t\t\t\t<strong>Georg Blenk<\/strong>, 08247 \/ 3007-45 |  <a href=\"mailto:georg.blenk@krafthand-medien.de\">georg.blenk@krafthand-medien.de<\/a>\r\n\t\t\t\t\t\t\t<div class=\"khm-cp-author__image\">\r\n\t\t\t\t\t\t<img src=\"https:\/\/static.krafthand-truck.de\/uploads\/2021\/01\/Blenk_6104-250x300-1-removebg-preview.png\" class=\"img-responsive\">\r\n\t\t\t\t\t<\/div>\r\n\t\t\t\t\t\t<\/div>\r\n\t\t\t\t\t<\/div>\r\n\t\t\t\t<\/div>\r\n\t\t\t\t","protected":false},"excerpt":{"rendered":"<p>Die Ferdinand Bilstein GmbH + Co KG mit rund 2.600 Mitarbeitern und einem Umsatzvolumen von 930 Millionen im Gesch\u00e4ftsjahr 2022, geh\u00f6rt zu einem der gr\u00f6\u00dften Player im Automotive-Aftermarket. Unter der Dachmarke \u201aBilstein Group\u2018 sind Marken wie febi (Car+Truck), SWAG oder Blue Pint vereint. Im Jahre 2022 \u00fcbernahm man den Turbolader-Spezialisten Motair und erweiterte zus\u00e4tzlich das Produktangebot. Wir haben uns das Unternehmen angesehen. <span class=\"excerpt-more__dots\">&#8230;<\/span> <a class=\"excerpt-more__link\" href=\"https:\/\/www.krafthand.de\/truck\/artikel\/wir-koennen-auch-grosse-teile-37272\/\" >weiter<\/a><\/p>\n","protected":false},"author":11,"featured_media":37273,"comment_status":"closed","ping_status":"closed","sticky":false,"template":"","format":"standard","meta":{"footnotes":""},"categories":[4912,4229],"tags":[3101,1481,1837,368,3100],"settings":[3524,4766,3523],"class_list":["post-37272","post","type-post","status-publish","format-standard","has-post-thumbnail","hentry","category-ersatzteile-zubehoer","category-nfz-teile-systeme","tag-blue-print","tag-febi","tag-febi-bilstein","tag-motair","tag-swag"],"yoast_head":"<!-- This site is optimized with the Yoast SEO plugin v27.3 - https:\/\/yoast.com\/product\/yoast-seo-wordpress\/ -->\n<title>\u201eWir k\u00f6nnen auch gro\u00dfe Teile\u201c - Krafthand-Truck<\/title>\n<meta name=\"description\" content=\"Die Ferdinand Bilstein GmbH + Co KG geh\u00f6rt zu einem der gr\u00f6\u00dften Player im Automotive-Aftermarket. Wir haben uns das Unternehmen angesehen.\" \/>\n<meta name=\"robots\" content=\"index, follow, max-snippet:-1, max-image-preview:large, max-video-preview:-1\" \/>\n<link rel=\"canonical\" href=\"https:\/\/www.krafthand.de\/truck\/artikel\/wir-koennen-auch-grosse-teile-37272\/\" \/>\n<meta property=\"og:locale\" content=\"de_DE\" \/>\n<meta property=\"og:type\" content=\"article\" \/>\n<meta property=\"og:title\" content=\"\u201eWir k\u00f6nnen auch gro\u00dfe Teile\u201c - Krafthand-Truck\" \/>\n<meta property=\"og:description\" content=\"Die Ferdinand Bilstein GmbH + Co KG geh\u00f6rt zu einem der gr\u00f6\u00dften Player im Automotive-Aftermarket. Wir haben uns das Unternehmen angesehen.\" \/>\n<meta property=\"og:url\" content=\"https:\/\/www.krafthand-truck.de\/artikel\/wir-koennen-auch-grosse-teile-37272\/\" \/>\n<meta property=\"og:site_name\" content=\"Krafthand-Truck\" \/>\n<meta property=\"article:published_time\" content=\"2023-09-14T06:27:03+00:00\" \/>\n<meta property=\"article:modified_time\" content=\"2023-09-19T06:52:59+00:00\" \/>\n<meta property=\"og:image\" content=\"https:\/\/static.krafthand-truck.de\/uploads\/2023\/09\/03_2023_001_1.jpg\" \/>\n\t<meta property=\"og:image:width\" content=\"1400\" \/>\n\t<meta property=\"og:image:height\" content=\"1109\" \/>\n\t<meta property=\"og:image:type\" content=\"image\/jpeg\" \/>\n<meta name=\"author\" content=\"Redaktion Truck\" \/>\n<meta name=\"twitter:card\" content=\"summary_large_image\" \/>\n<meta name=\"twitter:label1\" content=\"Verfasst von\" \/>\n\t<meta name=\"twitter:data1\" content=\"Redaktion Truck\" \/>\n\t<meta name=\"twitter:label2\" content=\"Gesch\u00e4tzte Lesezeit\" \/>\n\t<meta name=\"twitter:data2\" content=\"7\u00a0Minuten\" \/>\n<script type=\"application\/ld+json\" class=\"yoast-schema-graph\">{\"@context\":\"https:\\\/\\\/schema.org\",\"@graph\":[{\"@type\":\"Article\",\"@id\":\"https:\\\/\\\/www.krafthand.de\\\/truck\\\/artikel\\\/wir-koennen-auch-grosse-teile-37272\\\/#article\",\"isPartOf\":{\"@id\":\"https:\\\/\\\/www.krafthand.de\\\/truck\\\/artikel\\\/wir-koennen-auch-grosse-teile-37272\\\/\"},\"author\":{\"name\":\"Redaktion Truck\",\"@id\":\"https:\\\/\\\/www.krafthand.de\\\/truck\\\/#\\\/schema\\\/person\\\/5e47d727209575a4b89376746e24f02f\"},\"headline\":\"\u201eWir k\u00f6nnen auch gro\u00dfe Teile\u201c\",\"datePublished\":\"2023-09-14T06:27:03+00:00\",\"dateModified\":\"2023-09-19T06:52:59+00:00\",\"mainEntityOfPage\":{\"@id\":\"https:\\\/\\\/www.krafthand.de\\\/truck\\\/artikel\\\/wir-koennen-auch-grosse-teile-37272\\\/\"},\"wordCount\":1029,\"image\":{\"@id\":\"https:\\\/\\\/www.krafthand.de\\\/truck\\\/artikel\\\/wir-koennen-auch-grosse-teile-37272\\\/#primaryimage\"},\"thumbnailUrl\":\"https:\\\/\\\/static.krafthand-truck.de\\\/uploads\\\/2023\\\/09\\\/03_2023_001_1.jpg\",\"keywords\":[\"Blue Print\",\"Febi\",\"Febi Bilstein\",\"Motair\",\"SWAG\"],\"articleSection\":[\"Ersatzteile\\\/Zubeh\u00f6r\",\"Nfz-Teile\\\/Systeme\"],\"inLanguage\":\"de\"},{\"@type\":\"WebPage\",\"@id\":\"https:\\\/\\\/www.krafthand.de\\\/truck\\\/artikel\\\/wir-koennen-auch-grosse-teile-37272\\\/\",\"url\":\"https:\\\/\\\/www.krafthand.de\\\/truck\\\/artikel\\\/wir-koennen-auch-grosse-teile-37272\\\/\",\"name\":\"\u201eWir k\u00f6nnen auch gro\u00dfe Teile\u201c - Krafthand-Truck\",\"isPartOf\":{\"@id\":\"https:\\\/\\\/www.krafthand.de\\\/truck\\\/#website\"},\"primaryImageOfPage\":{\"@id\":\"https:\\\/\\\/www.krafthand.de\\\/truck\\\/artikel\\\/wir-koennen-auch-grosse-teile-37272\\\/#primaryimage\"},\"image\":{\"@id\":\"https:\\\/\\\/www.krafthand.de\\\/truck\\\/artikel\\\/wir-koennen-auch-grosse-teile-37272\\\/#primaryimage\"},\"thumbnailUrl\":\"https:\\\/\\\/static.krafthand-truck.de\\\/uploads\\\/2023\\\/09\\\/03_2023_001_1.jpg\",\"datePublished\":\"2023-09-14T06:27:03+00:00\",\"dateModified\":\"2023-09-19T06:52:59+00:00\",\"author\":{\"@id\":\"https:\\\/\\\/www.krafthand.de\\\/truck\\\/#\\\/schema\\\/person\\\/5e47d727209575a4b89376746e24f02f\"},\"description\":\"Die Ferdinand Bilstein GmbH + Co KG geh\u00f6rt zu einem der gr\u00f6\u00dften Player im Automotive-Aftermarket. Wir haben uns das Unternehmen angesehen.\",\"breadcrumb\":{\"@id\":\"https:\\\/\\\/www.krafthand.de\\\/truck\\\/artikel\\\/wir-koennen-auch-grosse-teile-37272\\\/#breadcrumb\"},\"inLanguage\":\"de\",\"potentialAction\":[{\"@type\":\"ReadAction\",\"target\":[\"https:\\\/\\\/www.krafthand.de\\\/truck\\\/artikel\\\/wir-koennen-auch-grosse-teile-37272\\\/\"]}]},{\"@type\":\"ImageObject\",\"inLanguage\":\"de\",\"@id\":\"https:\\\/\\\/www.krafthand.de\\\/truck\\\/artikel\\\/wir-koennen-auch-grosse-teile-37272\\\/#primaryimage\",\"url\":\"https:\\\/\\\/static.krafthand-truck.de\\\/uploads\\\/2023\\\/09\\\/03_2023_001_1.jpg\",\"contentUrl\":\"https:\\\/\\\/static.krafthand-truck.de\\\/uploads\\\/2023\\\/09\\\/03_2023_001_1.jpg\",\"width\":1400,\"height\":1109,\"caption\":\"Seit 2011 setzt die Bilstein Group verst\u00e4rkt auf Lkw-Teile. Bilder: FEBI\"},{\"@type\":\"BreadcrumbList\",\"@id\":\"https:\\\/\\\/www.krafthand.de\\\/truck\\\/artikel\\\/wir-koennen-auch-grosse-teile-37272\\\/#breadcrumb\",\"itemListElement\":[{\"@type\":\"ListItem\",\"position\":1,\"name\":\"Krafthand-Truck\",\"item\":\"https:\\\/\\\/www.krafthand.de\\\/truck\\\/\"},{\"@type\":\"ListItem\",\"position\":2,\"name\":\"Nfz-Service\",\"item\":\"https:\\\/\\\/www.krafthand.de\\\/truck\\\/kategorie\\\/nfz-service\\\/\"},{\"@type\":\"ListItem\",\"position\":3,\"name\":\"Ersatzteile\\\/Zubeh\u00f6r\",\"item\":\"https:\\\/\\\/www.krafthand.de\\\/truck\\\/kategorie\\\/nfz-service\\\/ersatzteile-zubehoer\\\/\"},{\"@type\":\"ListItem\",\"position\":4,\"name\":\"\u201eWir k\u00f6nnen auch gro\u00dfe Teile\u201c\"}]},{\"@type\":\"WebSite\",\"@id\":\"https:\\\/\\\/www.krafthand.de\\\/truck\\\/#website\",\"url\":\"https:\\\/\\\/www.krafthand.de\\\/truck\\\/\",\"name\":\"Krafthand-Truck\",\"description\":\"\",\"potentialAction\":[{\"@type\":\"SearchAction\",\"target\":{\"@type\":\"EntryPoint\",\"urlTemplate\":\"https:\\\/\\\/www.krafthand.de\\\/truck\\\/?s={search_term_string}\"},\"query-input\":{\"@type\":\"PropertyValueSpecification\",\"valueRequired\":true,\"valueName\":\"search_term_string\"}}],\"inLanguage\":\"de\"},{\"@type\":\"Person\",\"@id\":\"https:\\\/\\\/www.krafthand.de\\\/truck\\\/#\\\/schema\\\/person\\\/5e47d727209575a4b89376746e24f02f\",\"name\":\"Redaktion Truck\",\"image\":{\"@type\":\"ImageObject\",\"inLanguage\":\"de\",\"@id\":\"https:\\\/\\\/secure.gravatar.com\\\/avatar\\\/64cedf5d293ad6eb6600c19e949d032ff0090f240174891ab1517d73ead05c87?s=96&d=mm&r=g\",\"url\":\"https:\\\/\\\/secure.gravatar.com\\\/avatar\\\/64cedf5d293ad6eb6600c19e949d032ff0090f240174891ab1517d73ead05c87?s=96&d=mm&r=g\",\"contentUrl\":\"https:\\\/\\\/secure.gravatar.com\\\/avatar\\\/64cedf5d293ad6eb6600c19e949d032ff0090f240174891ab1517d73ead05c87?s=96&d=mm&r=g\",\"caption\":\"Redaktion Truck\"}}]}<\/script>\n<!-- \/ Yoast SEO plugin. -->","yoast_head_json":{"title":"\u201eWir k\u00f6nnen auch gro\u00dfe Teile\u201c - Krafthand-Truck","description":"Die Ferdinand Bilstein GmbH + Co KG geh\u00f6rt zu einem der gr\u00f6\u00dften Player im Automotive-Aftermarket. Wir haben uns das Unternehmen angesehen.","robots":{"index":"index","follow":"follow","max-snippet":"max-snippet:-1","max-image-preview":"max-image-preview:large","max-video-preview":"max-video-preview:-1"},"canonical":"https:\/\/www.krafthand.de\/truck\/artikel\/wir-koennen-auch-grosse-teile-37272\/","og_locale":"de_DE","og_type":"article","og_title":"\u201eWir k\u00f6nnen auch gro\u00dfe Teile\u201c - Krafthand-Truck","og_description":"Die Ferdinand Bilstein GmbH + Co KG geh\u00f6rt zu einem der gr\u00f6\u00dften Player im Automotive-Aftermarket. Wir haben uns das Unternehmen angesehen.","og_url":"https:\/\/www.krafthand-truck.de\/artikel\/wir-koennen-auch-grosse-teile-37272\/","og_site_name":"Krafthand-Truck","article_published_time":"2023-09-14T06:27:03+00:00","article_modified_time":"2023-09-19T06:52:59+00:00","og_image":[{"width":1400,"height":1109,"url":"https:\/\/static.krafthand-truck.de\/uploads\/2023\/09\/03_2023_001_1.jpg","type":"image\/jpeg"}],"author":"Redaktion Truck","twitter_card":"summary_large_image","twitter_misc":{"Verfasst von":"Redaktion Truck","Gesch\u00e4tzte Lesezeit":"7\u00a0Minuten"},"schema":{"@context":"https:\/\/schema.org","@graph":[{"@type":"Article","@id":"https:\/\/www.krafthand.de\/truck\/artikel\/wir-koennen-auch-grosse-teile-37272\/#article","isPartOf":{"@id":"https:\/\/www.krafthand.de\/truck\/artikel\/wir-koennen-auch-grosse-teile-37272\/"},"author":{"name":"Redaktion Truck","@id":"https:\/\/www.krafthand.de\/truck\/#\/schema\/person\/5e47d727209575a4b89376746e24f02f"},"headline":"\u201eWir k\u00f6nnen auch gro\u00dfe Teile\u201c","datePublished":"2023-09-14T06:27:03+00:00","dateModified":"2023-09-19T06:52:59+00:00","mainEntityOfPage":{"@id":"https:\/\/www.krafthand.de\/truck\/artikel\/wir-koennen-auch-grosse-teile-37272\/"},"wordCount":1029,"image":{"@id":"https:\/\/www.krafthand.de\/truck\/artikel\/wir-koennen-auch-grosse-teile-37272\/#primaryimage"},"thumbnailUrl":"https:\/\/static.krafthand-truck.de\/uploads\/2023\/09\/03_2023_001_1.jpg","keywords":["Blue Print","Febi","Febi Bilstein","Motair","SWAG"],"articleSection":["Ersatzteile\/Zubeh\u00f6r","Nfz-Teile\/Systeme"],"inLanguage":"de"},{"@type":"WebPage","@id":"https:\/\/www.krafthand.de\/truck\/artikel\/wir-koennen-auch-grosse-teile-37272\/","url":"https:\/\/www.krafthand.de\/truck\/artikel\/wir-koennen-auch-grosse-teile-37272\/","name":"\u201eWir k\u00f6nnen auch gro\u00dfe Teile\u201c - Krafthand-Truck","isPartOf":{"@id":"https:\/\/www.krafthand.de\/truck\/#website"},"primaryImageOfPage":{"@id":"https:\/\/www.krafthand.de\/truck\/artikel\/wir-koennen-auch-grosse-teile-37272\/#primaryimage"},"image":{"@id":"https:\/\/www.krafthand.de\/truck\/artikel\/wir-koennen-auch-grosse-teile-37272\/#primaryimage"},"thumbnailUrl":"https:\/\/static.krafthand-truck.de\/uploads\/2023\/09\/03_2023_001_1.jpg","datePublished":"2023-09-14T06:27:03+00:00","dateModified":"2023-09-19T06:52:59+00:00","author":{"@id":"https:\/\/www.krafthand.de\/truck\/#\/schema\/person\/5e47d727209575a4b89376746e24f02f"},"description":"Die Ferdinand Bilstein GmbH + Co KG geh\u00f6rt zu einem der gr\u00f6\u00dften Player im Automotive-Aftermarket. Wir haben uns das Unternehmen angesehen.","breadcrumb":{"@id":"https:\/\/www.krafthand.de\/truck\/artikel\/wir-koennen-auch-grosse-teile-37272\/#breadcrumb"},"inLanguage":"de","potentialAction":[{"@type":"ReadAction","target":["https:\/\/www.krafthand.de\/truck\/artikel\/wir-koennen-auch-grosse-teile-37272\/"]}]},{"@type":"ImageObject","inLanguage":"de","@id":"https:\/\/www.krafthand.de\/truck\/artikel\/wir-koennen-auch-grosse-teile-37272\/#primaryimage","url":"https:\/\/static.krafthand-truck.de\/uploads\/2023\/09\/03_2023_001_1.jpg","contentUrl":"https:\/\/static.krafthand-truck.de\/uploads\/2023\/09\/03_2023_001_1.jpg","width":1400,"height":1109,"caption":"Seit 2011 setzt die Bilstein Group verst\u00e4rkt auf Lkw-Teile. Bilder: FEBI"},{"@type":"BreadcrumbList","@id":"https:\/\/www.krafthand.de\/truck\/artikel\/wir-koennen-auch-grosse-teile-37272\/#breadcrumb","itemListElement":[{"@type":"ListItem","position":1,"name":"Krafthand-Truck","item":"https:\/\/www.krafthand.de\/truck\/"},{"@type":"ListItem","position":2,"name":"Nfz-Service","item":"https:\/\/www.krafthand.de\/truck\/kategorie\/nfz-service\/"},{"@type":"ListItem","position":3,"name":"Ersatzteile\/Zubeh\u00f6r","item":"https:\/\/www.krafthand.de\/truck\/kategorie\/nfz-service\/ersatzteile-zubehoer\/"},{"@type":"ListItem","position":4,"name":"\u201eWir k\u00f6nnen auch gro\u00dfe Teile\u201c"}]},{"@type":"WebSite","@id":"https:\/\/www.krafthand.de\/truck\/#website","url":"https:\/\/www.krafthand.de\/truck\/","name":"Krafthand-Truck","description":"","potentialAction":[{"@type":"SearchAction","target":{"@type":"EntryPoint","urlTemplate":"https:\/\/www.krafthand.de\/truck\/?s={search_term_string}"},"query-input":{"@type":"PropertyValueSpecification","valueRequired":true,"valueName":"search_term_string"}}],"inLanguage":"de"},{"@type":"Person","@id":"https:\/\/www.krafthand.de\/truck\/#\/schema\/person\/5e47d727209575a4b89376746e24f02f","name":"Redaktion Truck","image":{"@type":"ImageObject","inLanguage":"de","@id":"https:\/\/secure.gravatar.com\/avatar\/64cedf5d293ad6eb6600c19e949d032ff0090f240174891ab1517d73ead05c87?s=96&d=mm&r=g","url":"https:\/\/secure.gravatar.com\/avatar\/64cedf5d293ad6eb6600c19e949d032ff0090f240174891ab1517d73ead05c87?s=96&d=mm&r=g","contentUrl":"https:\/\/secure.gravatar.com\/avatar\/64cedf5d293ad6eb6600c19e949d032ff0090f240174891ab1517d73ead05c87?s=96&d=mm&r=g","caption":"Redaktion Truck"}}]}},"_links":{"self":[{"href":"https:\/\/www.krafthand.de\/truck\/wp-json\/wp\/v2\/posts\/37272","targetHints":{"allow":["GET"]}}],"collection":[{"href":"https:\/\/www.krafthand.de\/truck\/wp-json\/wp\/v2\/posts"}],"about":[{"href":"https:\/\/www.krafthand.de\/truck\/wp-json\/wp\/v2\/types\/post"}],"author":[{"embeddable":true,"href":"https:\/\/www.krafthand.de\/truck\/wp-json\/wp\/v2\/users\/11"}],"replies":[{"embeddable":true,"href":"https:\/\/www.krafthand.de\/truck\/wp-json\/wp\/v2\/comments?post=37272"}],"version-history":[{"count":23,"href":"https:\/\/www.krafthand.de\/truck\/wp-json\/wp\/v2\/posts\/37272\/revisions"}],"predecessor-version":[{"id":37327,"href":"https:\/\/www.krafthand.de\/truck\/wp-json\/wp\/v2\/posts\/37272\/revisions\/37327"}],"wp:featuredmedia":[{"embeddable":true,"href":"https:\/\/www.krafthand.de\/truck\/wp-json\/wp\/v2\/media\/37273"}],"wp:attachment":[{"href":"https:\/\/www.krafthand.de\/truck\/wp-json\/wp\/v2\/media?parent=37272"}],"wp:term":[{"taxonomy":"category","embeddable":true,"href":"https:\/\/www.krafthand.de\/truck\/wp-json\/wp\/v2\/categories?post=37272"},{"taxonomy":"post_tag","embeddable":true,"href":"https:\/\/www.krafthand.de\/truck\/wp-json\/wp\/v2\/tags?post=37272"},{"taxonomy":"settings","embeddable":true,"href":"https:\/\/www.krafthand.de\/truck\/wp-json\/wp\/v2\/settings?post=37272"}],"curies":[{"name":"wp","href":"https:\/\/api.w.org\/{rel}","templated":true}]}}