{"id":37240,"date":"2023-09-11T12:11:50","date_gmt":"2023-09-11T10:11:50","guid":{"rendered":"https:\/\/www.krafthand.de\/truck\/?p=37240"},"modified":"2023-09-11T12:14:47","modified_gmt":"2023-09-11T10:14:47","slug":"speedline-truck-erstmals-auf-der-nufam","status":"publish","type":"post","link":"https:\/\/www.krafthand.de\/truck\/artikel\/speedline-truck-erstmals-auf-der-nufam-37240\/","title":{"rendered":"Speedline Truck erstmals auf der NUFAM"},"content":{"rendered":"<p>Vom 21.-24. September 2023 wird Speedline Truck (Teil der Ronal-Gruppe) zum ersten Mal auf der Nutzfahrzeugmesse NUFAM in Karlsruhe sein Produktprogramm an Aluminiumr\u00e4dern f\u00fcr Lkw, Busse und Anh\u00e4nger ausstellen. Auch einige R\u00e4der aus dem Ronal Pkw-Sortiment sind zu sehen.<\/p>\n<p>In der dm-Arena (Stand A 401) wird Speedline Truck eine Auswahl seiner Leichtmetall-Schmieder\u00e4der pr\u00e4sentieren. Dazu geh\u00f6rt beispielsweise das SLT 3740 in 17,5\u00d76,75\u2033, das erste Aluminiumrad in dieser Gr\u00f6\u00dfe mit ET 0. Es ist f\u00fcr Anh\u00e4nger im Bau- und Transportwesen ausgelegt und erlaubt eine deutlich h\u00f6here Zuladung bei gleichzeitig geringerem Radgewicht. Des Weiteren ist das SLT 3018 in 22,5\u00d711,75\u2033 mit ET 120 zu sehen. Es eignet sich mit 5.000 kg Tragf\u00e4higkeit sowohl f\u00fcr anspruchsvollste Bedarfe f\u00fcr Anh\u00e4nger als auch f\u00fcr Zugmaschinen.<br \/>\nEin weiteres Highlight ist das Exponat SLT 3698 in 22,5\u00d79,75\u201c f\u00fcr Megatrailer-Z\u00fcge. Mit dem SLT 3698 hat <a href=\"https:\/\/www.ronalgroup.com\/brand\/speedline-truck\/\" target=\"_blank\" rel=\"noopener\">Speedline Truck<\/a> sein Angebot an Leichtmetall-Schmieder\u00e4dern f\u00fcr alle in diesem Sektor verwendeten Radgr\u00f6\u00dfen vervollst\u00e4ndigt. Neben der Anwendung auf Niederflurzugmaschinen eignet sich das Rad auch f\u00fcr andere Spezialanwendungen.<\/p>\n<p>Erg\u00e4nzt wird das Ausstellungsprogramm mit den R\u00e4dern R64, CA1 und CA2 aus dem Ronal-Portfolio. Sie eignen sich f\u00fcr Caravans, Pkw-Anh\u00e4nger und Wohnmobile. Mit dem Sortiment m\u00f6chte sich die Ronal-Gruppe auf der NUFAM als Komplettanbieter f\u00fcr R\u00e4der f\u00fcr alle Nutzfahrzeug- und Transportanwendungen im Markt pr\u00e4sentieren.<\/p>\n<blockquote><p>&#8222;Wir freuen uns, dass wir zum ersten Mal an der NUFAM in Karlsruhe dabei sind. Als f\u00fchrende Nutzfahrzeugmesse und Treffpunkt der Branche bietet sie uns die M\u00f6glichkeit, uns mit bestehenden Kunden und Partnern auszutauschen, aber vor allem auch neue Interessenten f\u00fcr unsere Produkte zu begeistern. Die Veranstaltung ist f\u00fcr uns eine wichtige Informations- und Pr\u00e4sentationsplattform, in dessen Rahmen wir uns dem Fachpublikum als L\u00f6sungsanbieter f\u00fcr OEM, H\u00e4ndler, Flotten und Fahrer empfehlen k\u00f6nnen&#8220;, so Andreas Pape, Head of Sales bei Speedline Truck die Teilnahme.<\/p><\/blockquote>\n","protected":false},"excerpt":{"rendered":"<p>Vom 21.-24. September 2023 wird Speedline Truck (Teil der Ronal-Gruppe) zum ersten Mal auf der Nutzfahrzeugmesse NUFAM in Karlsruhe sein Produktprogramm an Aluminiumr\u00e4dern f\u00fcr Lkw, Busse und Anh\u00e4nger ausstellen. Auch einige R\u00e4der aus dem Ronal Pkw-Sortiment sind zu sehen. <span class=\"excerpt-more__dots\">&#8230;<\/span> <a class=\"excerpt-more__link\" href=\"https:\/\/www.krafthand.de\/truck\/artikel\/speedline-truck-erstmals-auf-der-nufam-37240\/\" >weiter<\/a><\/p>\n","protected":false},"author":9,"featured_media":37242,"comment_status":"closed","ping_status":"closed","sticky":false,"template":"","format":"standard","meta":{"footnotes":""},"categories":[4227,4236],"tags":[],"settings":[3523],"class_list":["post-37240","post","type-post","status-publish","format-standard","has-post-thumbnail","hentry","category-rad-reifen-bremse","category-veranstaltungen"],"yoast_head":"<!-- This site is optimized with the Yoast SEO plugin v27.3 - https:\/\/yoast.com\/product\/yoast-seo-wordpress\/ -->\n<title>Speedline Truck erstmals auf der NUFAM - Krafthand-Truck<\/title>\n<meta name=\"description\" content=\"Speedline Truck zeigt zum ersten Mal auf der Nutzfahrzeugmesse NUFAM in Karlsruhe sein Produktprogramm.\" \/>\n<meta name=\"robots\" content=\"index, follow, max-snippet:-1, max-image-preview:large, max-video-preview:-1\" \/>\n<link rel=\"canonical\" href=\"https:\/\/www.krafthand.de\/truck\/artikel\/speedline-truck-erstmals-auf-der-nufam-37240\/\" \/>\n<meta property=\"og:locale\" content=\"de_DE\" \/>\n<meta property=\"og:type\" content=\"article\" \/>\n<meta property=\"og:title\" content=\"Speedline Truck erstmals auf der NUFAM - Krafthand-Truck\" \/>\n<meta property=\"og:description\" content=\"Speedline Truck zeigt zum ersten Mal auf der Nutzfahrzeugmesse NUFAM in Karlsruhe sein Produktprogramm.\" \/>\n<meta property=\"og:url\" content=\"https:\/\/www.krafthand-truck.de\/artikel\/speedline-truck-erstmals-auf-der-nufam-37240\/\" \/>\n<meta property=\"og:site_name\" content=\"Krafthand-Truck\" \/>\n<meta property=\"article:published_time\" content=\"2023-09-11T10:11:50+00:00\" \/>\n<meta property=\"article:modified_time\" content=\"2023-09-11T10:14:47+00:00\" \/>\n<meta property=\"og:image\" content=\"https:\/\/static.krafthand-truck.de\/uploads\/2023\/09\/Ronal_SLT_3698_SPEEDLINE-TRUCK.png\" \/>\n\t<meta property=\"og:image:width\" content=\"1200\" \/>\n\t<meta property=\"og:image:height\" content=\"1200\" \/>\n\t<meta property=\"og:image:type\" content=\"image\/png\" \/>\n<meta name=\"author\" content=\"georg.blenk@krafthand-medien.de\" \/>\n<meta name=\"twitter:card\" content=\"summary_large_image\" \/>\n<meta name=\"twitter:label1\" content=\"Verfasst von\" \/>\n\t<meta name=\"twitter:data1\" content=\"georg.blenk@krafthand-medien.de\" \/>\n\t<meta name=\"twitter:label2\" content=\"Gesch\u00e4tzte Lesezeit\" \/>\n\t<meta name=\"twitter:data2\" content=\"2\u00a0Minuten\" \/>\n<script type=\"application\/ld+json\" class=\"yoast-schema-graph\">{\"@context\":\"https:\\\/\\\/schema.org\",\"@graph\":[{\"@type\":\"Article\",\"@id\":\"https:\\\/\\\/www.krafthand.de\\\/truck\\\/artikel\\\/speedline-truck-erstmals-auf-der-nufam-37240\\\/#article\",\"isPartOf\":{\"@id\":\"https:\\\/\\\/www.krafthand.de\\\/truck\\\/artikel\\\/speedline-truck-erstmals-auf-der-nufam-37240\\\/\"},\"author\":{\"name\":\"georg.blenk@krafthand-medien.de\",\"@id\":\"https:\\\/\\\/www.krafthand.de\\\/truck\\\/#\\\/schema\\\/person\\\/51fa80b1c57034c4bf63f9f988fc24ce\"},\"headline\":\"Speedline Truck erstmals auf der NUFAM\",\"datePublished\":\"2023-09-11T10:11:50+00:00\",\"dateModified\":\"2023-09-11T10:14:47+00:00\",\"mainEntityOfPage\":{\"@id\":\"https:\\\/\\\/www.krafthand.de\\\/truck\\\/artikel\\\/speedline-truck-erstmals-auf-der-nufam-37240\\\/\"},\"wordCount\":325,\"image\":{\"@id\":\"https:\\\/\\\/www.krafthand.de\\\/truck\\\/artikel\\\/speedline-truck-erstmals-auf-der-nufam-37240\\\/#primaryimage\"},\"thumbnailUrl\":\"https:\\\/\\\/static.krafthand-truck.de\\\/uploads\\\/2023\\\/09\\\/Ronal_SLT_3698_SPEEDLINE-TRUCK.png\",\"articleSection\":[\"Rad\\\/Reifen\\\/Bremse\",\"Veranstaltungen\\\/Messen\"],\"inLanguage\":\"de\"},{\"@type\":\"WebPage\",\"@id\":\"https:\\\/\\\/www.krafthand.de\\\/truck\\\/artikel\\\/speedline-truck-erstmals-auf-der-nufam-37240\\\/\",\"url\":\"https:\\\/\\\/www.krafthand.de\\\/truck\\\/artikel\\\/speedline-truck-erstmals-auf-der-nufam-37240\\\/\",\"name\":\"Speedline Truck erstmals auf der NUFAM - Krafthand-Truck\",\"isPartOf\":{\"@id\":\"https:\\\/\\\/www.krafthand.de\\\/truck\\\/#website\"},\"primaryImageOfPage\":{\"@id\":\"https:\\\/\\\/www.krafthand.de\\\/truck\\\/artikel\\\/speedline-truck-erstmals-auf-der-nufam-37240\\\/#primaryimage\"},\"image\":{\"@id\":\"https:\\\/\\\/www.krafthand.de\\\/truck\\\/artikel\\\/speedline-truck-erstmals-auf-der-nufam-37240\\\/#primaryimage\"},\"thumbnailUrl\":\"https:\\\/\\\/static.krafthand-truck.de\\\/uploads\\\/2023\\\/09\\\/Ronal_SLT_3698_SPEEDLINE-TRUCK.png\",\"datePublished\":\"2023-09-11T10:11:50+00:00\",\"dateModified\":\"2023-09-11T10:14:47+00:00\",\"author\":{\"@id\":\"https:\\\/\\\/www.krafthand.de\\\/truck\\\/#\\\/schema\\\/person\\\/51fa80b1c57034c4bf63f9f988fc24ce\"},\"description\":\"Speedline Truck zeigt zum ersten Mal auf der Nutzfahrzeugmesse NUFAM in Karlsruhe sein Produktprogramm.\",\"breadcrumb\":{\"@id\":\"https:\\\/\\\/www.krafthand.de\\\/truck\\\/artikel\\\/speedline-truck-erstmals-auf-der-nufam-37240\\\/#breadcrumb\"},\"inLanguage\":\"de\",\"potentialAction\":[{\"@type\":\"ReadAction\",\"target\":[\"https:\\\/\\\/www.krafthand.de\\\/truck\\\/artikel\\\/speedline-truck-erstmals-auf-der-nufam-37240\\\/\"]}]},{\"@type\":\"ImageObject\",\"inLanguage\":\"de\",\"@id\":\"https:\\\/\\\/www.krafthand.de\\\/truck\\\/artikel\\\/speedline-truck-erstmals-auf-der-nufam-37240\\\/#primaryimage\",\"url\":\"https:\\\/\\\/static.krafthand-truck.de\\\/uploads\\\/2023\\\/09\\\/Ronal_SLT_3698_SPEEDLINE-TRUCK.png\",\"contentUrl\":\"https:\\\/\\\/static.krafthand-truck.de\\\/uploads\\\/2023\\\/09\\\/Ronal_SLT_3698_SPEEDLINE-TRUCK.png\",\"width\":1200,\"height\":1200},{\"@type\":\"BreadcrumbList\",\"@id\":\"https:\\\/\\\/www.krafthand.de\\\/truck\\\/artikel\\\/speedline-truck-erstmals-auf-der-nufam-37240\\\/#breadcrumb\",\"itemListElement\":[{\"@type\":\"ListItem\",\"position\":1,\"name\":\"Krafthand-Truck\",\"item\":\"https:\\\/\\\/www.krafthand.de\\\/truck\\\/\"},{\"@type\":\"ListItem\",\"position\":2,\"name\":\"Nfz-Branche\",\"item\":\"https:\\\/\\\/www.krafthand.de\\\/truck\\\/kategorie\\\/branche\\\/\"},{\"@type\":\"ListItem\",\"position\":3,\"name\":\"Veranstaltungen\\\/Messen\",\"item\":\"https:\\\/\\\/www.krafthand.de\\\/truck\\\/kategorie\\\/branche\\\/veranstaltungen\\\/\"},{\"@type\":\"ListItem\",\"position\":4,\"name\":\"Speedline Truck erstmals auf der NUFAM\"}]},{\"@type\":\"WebSite\",\"@id\":\"https:\\\/\\\/www.krafthand.de\\\/truck\\\/#website\",\"url\":\"https:\\\/\\\/www.krafthand.de\\\/truck\\\/\",\"name\":\"Krafthand-Truck\",\"description\":\"\",\"potentialAction\":[{\"@type\":\"SearchAction\",\"target\":{\"@type\":\"EntryPoint\",\"urlTemplate\":\"https:\\\/\\\/www.krafthand.de\\\/truck\\\/?s={search_term_string}\"},\"query-input\":{\"@type\":\"PropertyValueSpecification\",\"valueRequired\":true,\"valueName\":\"search_term_string\"}}],\"inLanguage\":\"de\"},{\"@type\":\"Person\",\"@id\":\"https:\\\/\\\/www.krafthand.de\\\/truck\\\/#\\\/schema\\\/person\\\/51fa80b1c57034c4bf63f9f988fc24ce\",\"name\":\"georg.blenk@krafthand-medien.de\",\"image\":{\"@type\":\"ImageObject\",\"inLanguage\":\"de\",\"@id\":\"https:\\\/\\\/secure.gravatar.com\\\/avatar\\\/93713c30affe0aa95d3a4130e499bb1abee2eb31adbdd9ce2aa1543538490215?s=96&d=mm&r=g\",\"url\":\"https:\\\/\\\/secure.gravatar.com\\\/avatar\\\/93713c30affe0aa95d3a4130e499bb1abee2eb31adbdd9ce2aa1543538490215?s=96&d=mm&r=g\",\"contentUrl\":\"https:\\\/\\\/secure.gravatar.com\\\/avatar\\\/93713c30affe0aa95d3a4130e499bb1abee2eb31adbdd9ce2aa1543538490215?s=96&d=mm&r=g\",\"caption\":\"georg.blenk@krafthand-medien.de\"}}]}<\/script>\n<!-- \/ Yoast SEO plugin. -->","yoast_head_json":{"title":"Speedline Truck erstmals auf der NUFAM - Krafthand-Truck","description":"Speedline Truck zeigt zum ersten Mal auf der Nutzfahrzeugmesse NUFAM in Karlsruhe sein Produktprogramm.","robots":{"index":"index","follow":"follow","max-snippet":"max-snippet:-1","max-image-preview":"max-image-preview:large","max-video-preview":"max-video-preview:-1"},"canonical":"https:\/\/www.krafthand.de\/truck\/artikel\/speedline-truck-erstmals-auf-der-nufam-37240\/","og_locale":"de_DE","og_type":"article","og_title":"Speedline Truck erstmals auf der NUFAM - Krafthand-Truck","og_description":"Speedline Truck zeigt zum ersten Mal auf der Nutzfahrzeugmesse NUFAM in Karlsruhe sein Produktprogramm.","og_url":"https:\/\/www.krafthand-truck.de\/artikel\/speedline-truck-erstmals-auf-der-nufam-37240\/","og_site_name":"Krafthand-Truck","article_published_time":"2023-09-11T10:11:50+00:00","article_modified_time":"2023-09-11T10:14:47+00:00","og_image":[{"width":1200,"height":1200,"url":"https:\/\/static.krafthand-truck.de\/uploads\/2023\/09\/Ronal_SLT_3698_SPEEDLINE-TRUCK.png","type":"image\/png"}],"author":"georg.blenk@krafthand-medien.de","twitter_card":"summary_large_image","twitter_misc":{"Verfasst von":"georg.blenk@krafthand-medien.de","Gesch\u00e4tzte Lesezeit":"2\u00a0Minuten"},"schema":{"@context":"https:\/\/schema.org","@graph":[{"@type":"Article","@id":"https:\/\/www.krafthand.de\/truck\/artikel\/speedline-truck-erstmals-auf-der-nufam-37240\/#article","isPartOf":{"@id":"https:\/\/www.krafthand.de\/truck\/artikel\/speedline-truck-erstmals-auf-der-nufam-37240\/"},"author":{"name":"georg.blenk@krafthand-medien.de","@id":"https:\/\/www.krafthand.de\/truck\/#\/schema\/person\/51fa80b1c57034c4bf63f9f988fc24ce"},"headline":"Speedline Truck erstmals auf der NUFAM","datePublished":"2023-09-11T10:11:50+00:00","dateModified":"2023-09-11T10:14:47+00:00","mainEntityOfPage":{"@id":"https:\/\/www.krafthand.de\/truck\/artikel\/speedline-truck-erstmals-auf-der-nufam-37240\/"},"wordCount":325,"image":{"@id":"https:\/\/www.krafthand.de\/truck\/artikel\/speedline-truck-erstmals-auf-der-nufam-37240\/#primaryimage"},"thumbnailUrl":"https:\/\/static.krafthand-truck.de\/uploads\/2023\/09\/Ronal_SLT_3698_SPEEDLINE-TRUCK.png","articleSection":["Rad\/Reifen\/Bremse","Veranstaltungen\/Messen"],"inLanguage":"de"},{"@type":"WebPage","@id":"https:\/\/www.krafthand.de\/truck\/artikel\/speedline-truck-erstmals-auf-der-nufam-37240\/","url":"https:\/\/www.krafthand.de\/truck\/artikel\/speedline-truck-erstmals-auf-der-nufam-37240\/","name":"Speedline Truck erstmals auf der NUFAM - Krafthand-Truck","isPartOf":{"@id":"https:\/\/www.krafthand.de\/truck\/#website"},"primaryImageOfPage":{"@id":"https:\/\/www.krafthand.de\/truck\/artikel\/speedline-truck-erstmals-auf-der-nufam-37240\/#primaryimage"},"image":{"@id":"https:\/\/www.krafthand.de\/truck\/artikel\/speedline-truck-erstmals-auf-der-nufam-37240\/#primaryimage"},"thumbnailUrl":"https:\/\/static.krafthand-truck.de\/uploads\/2023\/09\/Ronal_SLT_3698_SPEEDLINE-TRUCK.png","datePublished":"2023-09-11T10:11:50+00:00","dateModified":"2023-09-11T10:14:47+00:00","author":{"@id":"https:\/\/www.krafthand.de\/truck\/#\/schema\/person\/51fa80b1c57034c4bf63f9f988fc24ce"},"description":"Speedline Truck zeigt zum ersten Mal auf der Nutzfahrzeugmesse NUFAM in Karlsruhe sein Produktprogramm.","breadcrumb":{"@id":"https:\/\/www.krafthand.de\/truck\/artikel\/speedline-truck-erstmals-auf-der-nufam-37240\/#breadcrumb"},"inLanguage":"de","potentialAction":[{"@type":"ReadAction","target":["https:\/\/www.krafthand.de\/truck\/artikel\/speedline-truck-erstmals-auf-der-nufam-37240\/"]}]},{"@type":"ImageObject","inLanguage":"de","@id":"https:\/\/www.krafthand.de\/truck\/artikel\/speedline-truck-erstmals-auf-der-nufam-37240\/#primaryimage","url":"https:\/\/static.krafthand-truck.de\/uploads\/2023\/09\/Ronal_SLT_3698_SPEEDLINE-TRUCK.png","contentUrl":"https:\/\/static.krafthand-truck.de\/uploads\/2023\/09\/Ronal_SLT_3698_SPEEDLINE-TRUCK.png","width":1200,"height":1200},{"@type":"BreadcrumbList","@id":"https:\/\/www.krafthand.de\/truck\/artikel\/speedline-truck-erstmals-auf-der-nufam-37240\/#breadcrumb","itemListElement":[{"@type":"ListItem","position":1,"name":"Krafthand-Truck","item":"https:\/\/www.krafthand.de\/truck\/"},{"@type":"ListItem","position":2,"name":"Nfz-Branche","item":"https:\/\/www.krafthand.de\/truck\/kategorie\/branche\/"},{"@type":"ListItem","position":3,"name":"Veranstaltungen\/Messen","item":"https:\/\/www.krafthand.de\/truck\/kategorie\/branche\/veranstaltungen\/"},{"@type":"ListItem","position":4,"name":"Speedline Truck erstmals auf der NUFAM"}]},{"@type":"WebSite","@id":"https:\/\/www.krafthand.de\/truck\/#website","url":"https:\/\/www.krafthand.de\/truck\/","name":"Krafthand-Truck","description":"","potentialAction":[{"@type":"SearchAction","target":{"@type":"EntryPoint","urlTemplate":"https:\/\/www.krafthand.de\/truck\/?s={search_term_string}"},"query-input":{"@type":"PropertyValueSpecification","valueRequired":true,"valueName":"search_term_string"}}],"inLanguage":"de"},{"@type":"Person","@id":"https:\/\/www.krafthand.de\/truck\/#\/schema\/person\/51fa80b1c57034c4bf63f9f988fc24ce","name":"georg.blenk@krafthand-medien.de","image":{"@type":"ImageObject","inLanguage":"de","@id":"https:\/\/secure.gravatar.com\/avatar\/93713c30affe0aa95d3a4130e499bb1abee2eb31adbdd9ce2aa1543538490215?s=96&d=mm&r=g","url":"https:\/\/secure.gravatar.com\/avatar\/93713c30affe0aa95d3a4130e499bb1abee2eb31adbdd9ce2aa1543538490215?s=96&d=mm&r=g","contentUrl":"https:\/\/secure.gravatar.com\/avatar\/93713c30affe0aa95d3a4130e499bb1abee2eb31adbdd9ce2aa1543538490215?s=96&d=mm&r=g","caption":"georg.blenk@krafthand-medien.de"}}]}},"_links":{"self":[{"href":"https:\/\/www.krafthand.de\/truck\/wp-json\/wp\/v2\/posts\/37240","targetHints":{"allow":["GET"]}}],"collection":[{"href":"https:\/\/www.krafthand.de\/truck\/wp-json\/wp\/v2\/posts"}],"about":[{"href":"https:\/\/www.krafthand.de\/truck\/wp-json\/wp\/v2\/types\/post"}],"author":[{"embeddable":true,"href":"https:\/\/www.krafthand.de\/truck\/wp-json\/wp\/v2\/users\/9"}],"replies":[{"embeddable":true,"href":"https:\/\/www.krafthand.de\/truck\/wp-json\/wp\/v2\/comments?post=37240"}],"version-history":[{"count":8,"href":"https:\/\/www.krafthand.de\/truck\/wp-json\/wp\/v2\/posts\/37240\/revisions"}],"predecessor-version":[{"id":37249,"href":"https:\/\/www.krafthand.de\/truck\/wp-json\/wp\/v2\/posts\/37240\/revisions\/37249"}],"wp:featuredmedia":[{"embeddable":true,"href":"https:\/\/www.krafthand.de\/truck\/wp-json\/wp\/v2\/media\/37242"}],"wp:attachment":[{"href":"https:\/\/www.krafthand.de\/truck\/wp-json\/wp\/v2\/media?parent=37240"}],"wp:term":[{"taxonomy":"category","embeddable":true,"href":"https:\/\/www.krafthand.de\/truck\/wp-json\/wp\/v2\/categories?post=37240"},{"taxonomy":"post_tag","embeddable":true,"href":"https:\/\/www.krafthand.de\/truck\/wp-json\/wp\/v2\/tags?post=37240"},{"taxonomy":"settings","embeddable":true,"href":"https:\/\/www.krafthand.de\/truck\/wp-json\/wp\/v2\/settings?post=37240"}],"curies":[{"name":"wp","href":"https:\/\/api.w.org\/{rel}","templated":true}]}}