{"id":37234,"date":"2023-09-11T11:28:01","date_gmt":"2023-09-11T09:28:01","guid":{"rendered":"https:\/\/www.krafthand.de\/truck\/?p=37234"},"modified":"2023-09-11T11:39:07","modified_gmt":"2023-09-11T09:39:07","slug":"schonmal-vorab-die-silhouette-des-neue-eactros-600","status":"publish","type":"post","link":"https:\/\/www.krafthand.de\/truck\/artikel\/schonmal-vorab-die-silhouette-des-neue-eactros-600-37234\/","title":{"rendered":"Schonmal vorab: Die Silhouette des neue eActros 600"},"content":{"rendered":"<p>Am 10. Oktober feiert Mercedes-Benz Trucks die Weltpremiere des batterieelektrischen eActros 600 f\u00fcr den Fernverkehr auf dem Break-Autohof in Hamburg\/Nordheide. Jetzt hat der Hersteller mit einem erstem Bild der Silhouette einen ersten Vorgeschmack auf den Serien-Truck gegeben.<\/p>\n<p>Das Teaser-Motiv soll zeigen, dass Mercedes-Benz Trucks beim Design neue Wege geht und damit die Bedeutung des E-Lkw f\u00fcr die umfassende Transformation hin zum CO2-neutralen Transport auch optisch unterstreicht. Klare Linien und eine aerodynamische Formgebung sollen das Erscheinungsbild des neuen eActros 600 (vormalige Bezeichnung eActros LongHaul) pr\u00e4gen, der f\u00fcr Kunden die richtige Wahl in Sachen Profitabilit\u00e4t, Nachhaltigkeit und Zuverl\u00e4ssigkeit sein soll. Der E-Lkw hat laut Daimler-Truck eine Reichweite von 500 Kilometern ohne Zwischenladen und wird k\u00fcnftig auch das Megawattladen erm\u00f6glichen.<\/p>\n<p>Das Fahrzeug wurde bereits zahlreichen H\u00e4rtetests bei unterschiedlichen Witterungsbedingungen unterzogen und trat erstmal als &#8218;beklebter Erlk\u00f6nig&#8216; sowie mit Standardkabine in Erscheinung. Auch Testfahrten \u00fcber den Brenner und entsprechende Bergp\u00e4sse waren dabei. Nun darf man auf das tats\u00e4chliche Design sowie weitere technische Details gespannt sein.<\/p>\n\r\n\t\t\t\t<div class=\"post-author\">\r\n\t\t\t\t\t<div class=\"khm-cp-author clearfix\">\r\n\t\t\t\t\t\t<div class=\"khm-cp-author__content\">\r\n\t\t\t\t\t\t\t\tKontakt zum Autor:<br \/>\r\n\t\t\t\t\t\t\t\t<strong>Georg Blenk<\/strong>, 08247 \/ 3007-45 |  <a href=\"mailto:georg.blenk@krafthand-medien.de\">georg.blenk@krafthand-medien.de<\/a>\r\n\t\t\t\t\t\t\t<div class=\"khm-cp-author__image\">\r\n\t\t\t\t\t\t<img src=\"https:\/\/static.krafthand-truck.de\/uploads\/2021\/01\/Blenk_6104-250x300-1-removebg-preview.png\" class=\"img-responsive\">\r\n\t\t\t\t\t<\/div>\r\n\t\t\t\t\t\t<\/div>\r\n\t\t\t\t\t<\/div>\r\n\t\t\t\t<\/div>\r\n\t\t\t\t","protected":false},"excerpt":{"rendered":"<p>Am 10. Oktober feiert Mercedes-Benz Trucks die Weltpremiere des batterieelektrischen eActros 600 f\u00fcr den Fernverkehr auf dem Break-Autohof in Hamburg\/Nordheide. Jetzt hat der Hersteller mit einem erstem Bild der Silhouette einen ersten Vorgeschmack auf den Serien-Truck gegeben. <span class=\"excerpt-more__dots\">&#8230;<\/span> <a class=\"excerpt-more__link\" href=\"https:\/\/www.krafthand.de\/truck\/artikel\/schonmal-vorab-die-silhouette-des-neue-eactros-600-37234\/\" >weiter<\/a><\/p>\n","protected":false},"author":9,"featured_media":37236,"comment_status":"closed","ping_status":"closed","sticky":false,"template":"","format":"standard","meta":{"footnotes":""},"categories":[4915],"tags":[4492,5730],"settings":[3524,3523],"class_list":["post-37234","post","type-post","status-publish","format-standard","has-post-thumbnail","hentry","category-neue-fahrzeuge","tag-daimler-truck","tag-eactros-600"],"yoast_head":"<!-- This site is optimized with the Yoast SEO plugin v27.3 - https:\/\/yoast.com\/product\/yoast-seo-wordpress\/ -->\n<title>Schonmal vorab: Die Silhouette des neue eActros 600 - Krafthand-Truck<\/title>\n<meta name=\"description\" content=\"Am 10. Oktober feiert Mercedes-Benz Trucks die Weltpremiere des batterieelektrischen eActros 600. Jetzt hat der Hersteller mit einem erstem Bild der Silhouette einen ersten Vorgeschmack Truck gegeben.\" \/>\n<meta name=\"robots\" content=\"index, follow, max-snippet:-1, max-image-preview:large, max-video-preview:-1\" \/>\n<link rel=\"canonical\" href=\"https:\/\/www.krafthand.de\/truck\/artikel\/schonmal-vorab-die-silhouette-des-neue-eactros-600-37234\/\" \/>\n<meta property=\"og:locale\" content=\"de_DE\" \/>\n<meta property=\"og:type\" content=\"article\" \/>\n<meta property=\"og:title\" content=\"Schonmal vorab: Die Silhouette des neue eActros 600 - Krafthand-Truck\" \/>\n<meta property=\"og:description\" content=\"Am 10. Oktober feiert Mercedes-Benz Trucks die Weltpremiere des batterieelektrischen eActros 600. Jetzt hat der Hersteller mit einem erstem Bild der Silhouette einen ersten Vorgeschmack Truck gegeben.\" \/>\n<meta property=\"og:url\" content=\"https:\/\/www.krafthand-truck.de\/artikel\/schonmal-vorab-die-silhouette-des-neue-eactros-600-37234\/\" \/>\n<meta property=\"og:site_name\" content=\"Krafthand-Truck\" \/>\n<meta property=\"article:published_time\" content=\"2023-09-11T09:28:01+00:00\" \/>\n<meta property=\"article:modified_time\" content=\"2023-09-11T09:39:07+00:00\" \/>\n<meta property=\"og:image\" content=\"https:\/\/static.krafthand-truck.de\/uploads\/2023\/09\/Daimler_Truck_eActros_600_Design.png\" \/>\n\t<meta property=\"og:image:width\" content=\"1200\" \/>\n\t<meta property=\"og:image:height\" content=\"675\" \/>\n\t<meta property=\"og:image:type\" content=\"image\/png\" \/>\n<meta name=\"author\" content=\"georg.blenk@krafthand-medien.de\" \/>\n<meta name=\"twitter:card\" content=\"summary_large_image\" \/>\n<meta name=\"twitter:label1\" content=\"Verfasst von\" \/>\n\t<meta name=\"twitter:data1\" content=\"georg.blenk@krafthand-medien.de\" \/>\n\t<meta name=\"twitter:label2\" content=\"Gesch\u00e4tzte Lesezeit\" \/>\n\t<meta name=\"twitter:data2\" content=\"1\u00a0Minute\" \/>\n<script type=\"application\/ld+json\" class=\"yoast-schema-graph\">{\"@context\":\"https:\\\/\\\/schema.org\",\"@graph\":[{\"@type\":\"Article\",\"@id\":\"https:\\\/\\\/www.krafthand.de\\\/truck\\\/artikel\\\/schonmal-vorab-die-silhouette-des-neue-eactros-600-37234\\\/#article\",\"isPartOf\":{\"@id\":\"https:\\\/\\\/www.krafthand.de\\\/truck\\\/artikel\\\/schonmal-vorab-die-silhouette-des-neue-eactros-600-37234\\\/\"},\"author\":{\"name\":\"georg.blenk@krafthand-medien.de\",\"@id\":\"https:\\\/\\\/www.krafthand.de\\\/truck\\\/#\\\/schema\\\/person\\\/51fa80b1c57034c4bf63f9f988fc24ce\"},\"headline\":\"Schonmal vorab: Die Silhouette des neue eActros 600\",\"datePublished\":\"2023-09-11T09:28:01+00:00\",\"dateModified\":\"2023-09-11T09:39:07+00:00\",\"mainEntityOfPage\":{\"@id\":\"https:\\\/\\\/www.krafthand.de\\\/truck\\\/artikel\\\/schonmal-vorab-die-silhouette-des-neue-eactros-600-37234\\\/\"},\"wordCount\":178,\"image\":{\"@id\":\"https:\\\/\\\/www.krafthand.de\\\/truck\\\/artikel\\\/schonmal-vorab-die-silhouette-des-neue-eactros-600-37234\\\/#primaryimage\"},\"thumbnailUrl\":\"https:\\\/\\\/static.krafthand-truck.de\\\/uploads\\\/2023\\\/09\\\/Daimler_Truck_eActros_600_Design.png\",\"keywords\":[\"Daimler Truck\",\"eActros 600\"],\"articleSection\":[\"Neue Fahrzeuge\"],\"inLanguage\":\"de\"},{\"@type\":\"WebPage\",\"@id\":\"https:\\\/\\\/www.krafthand.de\\\/truck\\\/artikel\\\/schonmal-vorab-die-silhouette-des-neue-eactros-600-37234\\\/\",\"url\":\"https:\\\/\\\/www.krafthand.de\\\/truck\\\/artikel\\\/schonmal-vorab-die-silhouette-des-neue-eactros-600-37234\\\/\",\"name\":\"Schonmal vorab: Die Silhouette des neue eActros 600 - Krafthand-Truck\",\"isPartOf\":{\"@id\":\"https:\\\/\\\/www.krafthand.de\\\/truck\\\/#website\"},\"primaryImageOfPage\":{\"@id\":\"https:\\\/\\\/www.krafthand.de\\\/truck\\\/artikel\\\/schonmal-vorab-die-silhouette-des-neue-eactros-600-37234\\\/#primaryimage\"},\"image\":{\"@id\":\"https:\\\/\\\/www.krafthand.de\\\/truck\\\/artikel\\\/schonmal-vorab-die-silhouette-des-neue-eactros-600-37234\\\/#primaryimage\"},\"thumbnailUrl\":\"https:\\\/\\\/static.krafthand-truck.de\\\/uploads\\\/2023\\\/09\\\/Daimler_Truck_eActros_600_Design.png\",\"datePublished\":\"2023-09-11T09:28:01+00:00\",\"dateModified\":\"2023-09-11T09:39:07+00:00\",\"author\":{\"@id\":\"https:\\\/\\\/www.krafthand.de\\\/truck\\\/#\\\/schema\\\/person\\\/51fa80b1c57034c4bf63f9f988fc24ce\"},\"description\":\"Am 10. Oktober feiert Mercedes-Benz Trucks die Weltpremiere des batterieelektrischen eActros 600. Jetzt hat der Hersteller mit einem erstem Bild der Silhouette einen ersten Vorgeschmack Truck gegeben.\",\"breadcrumb\":{\"@id\":\"https:\\\/\\\/www.krafthand.de\\\/truck\\\/artikel\\\/schonmal-vorab-die-silhouette-des-neue-eactros-600-37234\\\/#breadcrumb\"},\"inLanguage\":\"de\",\"potentialAction\":[{\"@type\":\"ReadAction\",\"target\":[\"https:\\\/\\\/www.krafthand.de\\\/truck\\\/artikel\\\/schonmal-vorab-die-silhouette-des-neue-eactros-600-37234\\\/\"]}]},{\"@type\":\"ImageObject\",\"inLanguage\":\"de\",\"@id\":\"https:\\\/\\\/www.krafthand.de\\\/truck\\\/artikel\\\/schonmal-vorab-die-silhouette-des-neue-eactros-600-37234\\\/#primaryimage\",\"url\":\"https:\\\/\\\/static.krafthand-truck.de\\\/uploads\\\/2023\\\/09\\\/Daimler_Truck_eActros_600_Design.png\",\"contentUrl\":\"https:\\\/\\\/static.krafthand-truck.de\\\/uploads\\\/2023\\\/09\\\/Daimler_Truck_eActros_600_Design.png\",\"width\":1200,\"height\":675},{\"@type\":\"BreadcrumbList\",\"@id\":\"https:\\\/\\\/www.krafthand.de\\\/truck\\\/artikel\\\/schonmal-vorab-die-silhouette-des-neue-eactros-600-37234\\\/#breadcrumb\",\"itemListElement\":[{\"@type\":\"ListItem\",\"position\":1,\"name\":\"Krafthand-Truck\",\"item\":\"https:\\\/\\\/www.krafthand.de\\\/truck\\\/\"},{\"@type\":\"ListItem\",\"position\":2,\"name\":\"IT+Fuhrpark\",\"item\":\"https:\\\/\\\/www.krafthand.de\\\/truck\\\/kategorie\\\/fuhrpark\\\/\"},{\"@type\":\"ListItem\",\"position\":3,\"name\":\"Neue Fahrzeuge\",\"item\":\"https:\\\/\\\/www.krafthand.de\\\/truck\\\/kategorie\\\/fuhrpark\\\/neue-fahrzeuge\\\/\"},{\"@type\":\"ListItem\",\"position\":4,\"name\":\"Schonmal vorab: Die Silhouette des neue eActros 600\"}]},{\"@type\":\"WebSite\",\"@id\":\"https:\\\/\\\/www.krafthand.de\\\/truck\\\/#website\",\"url\":\"https:\\\/\\\/www.krafthand.de\\\/truck\\\/\",\"name\":\"Krafthand-Truck\",\"description\":\"\",\"potentialAction\":[{\"@type\":\"SearchAction\",\"target\":{\"@type\":\"EntryPoint\",\"urlTemplate\":\"https:\\\/\\\/www.krafthand.de\\\/truck\\\/?s={search_term_string}\"},\"query-input\":{\"@type\":\"PropertyValueSpecification\",\"valueRequired\":true,\"valueName\":\"search_term_string\"}}],\"inLanguage\":\"de\"},{\"@type\":\"Person\",\"@id\":\"https:\\\/\\\/www.krafthand.de\\\/truck\\\/#\\\/schema\\\/person\\\/51fa80b1c57034c4bf63f9f988fc24ce\",\"name\":\"georg.blenk@krafthand-medien.de\",\"image\":{\"@type\":\"ImageObject\",\"inLanguage\":\"de\",\"@id\":\"https:\\\/\\\/secure.gravatar.com\\\/avatar\\\/93713c30affe0aa95d3a4130e499bb1abee2eb31adbdd9ce2aa1543538490215?s=96&d=mm&r=g\",\"url\":\"https:\\\/\\\/secure.gravatar.com\\\/avatar\\\/93713c30affe0aa95d3a4130e499bb1abee2eb31adbdd9ce2aa1543538490215?s=96&d=mm&r=g\",\"contentUrl\":\"https:\\\/\\\/secure.gravatar.com\\\/avatar\\\/93713c30affe0aa95d3a4130e499bb1abee2eb31adbdd9ce2aa1543538490215?s=96&d=mm&r=g\",\"caption\":\"georg.blenk@krafthand-medien.de\"}}]}<\/script>\n<!-- \/ Yoast SEO plugin. -->","yoast_head_json":{"title":"Schonmal vorab: Die Silhouette des neue eActros 600 - Krafthand-Truck","description":"Am 10. Oktober feiert Mercedes-Benz Trucks die Weltpremiere des batterieelektrischen eActros 600. Jetzt hat der Hersteller mit einem erstem Bild der Silhouette einen ersten Vorgeschmack Truck gegeben.","robots":{"index":"index","follow":"follow","max-snippet":"max-snippet:-1","max-image-preview":"max-image-preview:large","max-video-preview":"max-video-preview:-1"},"canonical":"https:\/\/www.krafthand.de\/truck\/artikel\/schonmal-vorab-die-silhouette-des-neue-eactros-600-37234\/","og_locale":"de_DE","og_type":"article","og_title":"Schonmal vorab: Die Silhouette des neue eActros 600 - Krafthand-Truck","og_description":"Am 10. Oktober feiert Mercedes-Benz Trucks die Weltpremiere des batterieelektrischen eActros 600. Jetzt hat der Hersteller mit einem erstem Bild der Silhouette einen ersten Vorgeschmack Truck gegeben.","og_url":"https:\/\/www.krafthand-truck.de\/artikel\/schonmal-vorab-die-silhouette-des-neue-eactros-600-37234\/","og_site_name":"Krafthand-Truck","article_published_time":"2023-09-11T09:28:01+00:00","article_modified_time":"2023-09-11T09:39:07+00:00","og_image":[{"width":1200,"height":675,"url":"https:\/\/static.krafthand-truck.de\/uploads\/2023\/09\/Daimler_Truck_eActros_600_Design.png","type":"image\/png"}],"author":"georg.blenk@krafthand-medien.de","twitter_card":"summary_large_image","twitter_misc":{"Verfasst von":"georg.blenk@krafthand-medien.de","Gesch\u00e4tzte Lesezeit":"1\u00a0Minute"},"schema":{"@context":"https:\/\/schema.org","@graph":[{"@type":"Article","@id":"https:\/\/www.krafthand.de\/truck\/artikel\/schonmal-vorab-die-silhouette-des-neue-eactros-600-37234\/#article","isPartOf":{"@id":"https:\/\/www.krafthand.de\/truck\/artikel\/schonmal-vorab-die-silhouette-des-neue-eactros-600-37234\/"},"author":{"name":"georg.blenk@krafthand-medien.de","@id":"https:\/\/www.krafthand.de\/truck\/#\/schema\/person\/51fa80b1c57034c4bf63f9f988fc24ce"},"headline":"Schonmal vorab: Die Silhouette des neue eActros 600","datePublished":"2023-09-11T09:28:01+00:00","dateModified":"2023-09-11T09:39:07+00:00","mainEntityOfPage":{"@id":"https:\/\/www.krafthand.de\/truck\/artikel\/schonmal-vorab-die-silhouette-des-neue-eactros-600-37234\/"},"wordCount":178,"image":{"@id":"https:\/\/www.krafthand.de\/truck\/artikel\/schonmal-vorab-die-silhouette-des-neue-eactros-600-37234\/#primaryimage"},"thumbnailUrl":"https:\/\/static.krafthand-truck.de\/uploads\/2023\/09\/Daimler_Truck_eActros_600_Design.png","keywords":["Daimler Truck","eActros 600"],"articleSection":["Neue Fahrzeuge"],"inLanguage":"de"},{"@type":"WebPage","@id":"https:\/\/www.krafthand.de\/truck\/artikel\/schonmal-vorab-die-silhouette-des-neue-eactros-600-37234\/","url":"https:\/\/www.krafthand.de\/truck\/artikel\/schonmal-vorab-die-silhouette-des-neue-eactros-600-37234\/","name":"Schonmal vorab: Die Silhouette des neue eActros 600 - Krafthand-Truck","isPartOf":{"@id":"https:\/\/www.krafthand.de\/truck\/#website"},"primaryImageOfPage":{"@id":"https:\/\/www.krafthand.de\/truck\/artikel\/schonmal-vorab-die-silhouette-des-neue-eactros-600-37234\/#primaryimage"},"image":{"@id":"https:\/\/www.krafthand.de\/truck\/artikel\/schonmal-vorab-die-silhouette-des-neue-eactros-600-37234\/#primaryimage"},"thumbnailUrl":"https:\/\/static.krafthand-truck.de\/uploads\/2023\/09\/Daimler_Truck_eActros_600_Design.png","datePublished":"2023-09-11T09:28:01+00:00","dateModified":"2023-09-11T09:39:07+00:00","author":{"@id":"https:\/\/www.krafthand.de\/truck\/#\/schema\/person\/51fa80b1c57034c4bf63f9f988fc24ce"},"description":"Am 10. Oktober feiert Mercedes-Benz Trucks die Weltpremiere des batterieelektrischen eActros 600. Jetzt hat der Hersteller mit einem erstem Bild der Silhouette einen ersten Vorgeschmack Truck gegeben.","breadcrumb":{"@id":"https:\/\/www.krafthand.de\/truck\/artikel\/schonmal-vorab-die-silhouette-des-neue-eactros-600-37234\/#breadcrumb"},"inLanguage":"de","potentialAction":[{"@type":"ReadAction","target":["https:\/\/www.krafthand.de\/truck\/artikel\/schonmal-vorab-die-silhouette-des-neue-eactros-600-37234\/"]}]},{"@type":"ImageObject","inLanguage":"de","@id":"https:\/\/www.krafthand.de\/truck\/artikel\/schonmal-vorab-die-silhouette-des-neue-eactros-600-37234\/#primaryimage","url":"https:\/\/static.krafthand-truck.de\/uploads\/2023\/09\/Daimler_Truck_eActros_600_Design.png","contentUrl":"https:\/\/static.krafthand-truck.de\/uploads\/2023\/09\/Daimler_Truck_eActros_600_Design.png","width":1200,"height":675},{"@type":"BreadcrumbList","@id":"https:\/\/www.krafthand.de\/truck\/artikel\/schonmal-vorab-die-silhouette-des-neue-eactros-600-37234\/#breadcrumb","itemListElement":[{"@type":"ListItem","position":1,"name":"Krafthand-Truck","item":"https:\/\/www.krafthand.de\/truck\/"},{"@type":"ListItem","position":2,"name":"IT+Fuhrpark","item":"https:\/\/www.krafthand.de\/truck\/kategorie\/fuhrpark\/"},{"@type":"ListItem","position":3,"name":"Neue Fahrzeuge","item":"https:\/\/www.krafthand.de\/truck\/kategorie\/fuhrpark\/neue-fahrzeuge\/"},{"@type":"ListItem","position":4,"name":"Schonmal vorab: Die Silhouette des neue eActros 600"}]},{"@type":"WebSite","@id":"https:\/\/www.krafthand.de\/truck\/#website","url":"https:\/\/www.krafthand.de\/truck\/","name":"Krafthand-Truck","description":"","potentialAction":[{"@type":"SearchAction","target":{"@type":"EntryPoint","urlTemplate":"https:\/\/www.krafthand.de\/truck\/?s={search_term_string}"},"query-input":{"@type":"PropertyValueSpecification","valueRequired":true,"valueName":"search_term_string"}}],"inLanguage":"de"},{"@type":"Person","@id":"https:\/\/www.krafthand.de\/truck\/#\/schema\/person\/51fa80b1c57034c4bf63f9f988fc24ce","name":"georg.blenk@krafthand-medien.de","image":{"@type":"ImageObject","inLanguage":"de","@id":"https:\/\/secure.gravatar.com\/avatar\/93713c30affe0aa95d3a4130e499bb1abee2eb31adbdd9ce2aa1543538490215?s=96&d=mm&r=g","url":"https:\/\/secure.gravatar.com\/avatar\/93713c30affe0aa95d3a4130e499bb1abee2eb31adbdd9ce2aa1543538490215?s=96&d=mm&r=g","contentUrl":"https:\/\/secure.gravatar.com\/avatar\/93713c30affe0aa95d3a4130e499bb1abee2eb31adbdd9ce2aa1543538490215?s=96&d=mm&r=g","caption":"georg.blenk@krafthand-medien.de"}}]}},"_links":{"self":[{"href":"https:\/\/www.krafthand.de\/truck\/wp-json\/wp\/v2\/posts\/37234","targetHints":{"allow":["GET"]}}],"collection":[{"href":"https:\/\/www.krafthand.de\/truck\/wp-json\/wp\/v2\/posts"}],"about":[{"href":"https:\/\/www.krafthand.de\/truck\/wp-json\/wp\/v2\/types\/post"}],"author":[{"embeddable":true,"href":"https:\/\/www.krafthand.de\/truck\/wp-json\/wp\/v2\/users\/9"}],"replies":[{"embeddable":true,"href":"https:\/\/www.krafthand.de\/truck\/wp-json\/wp\/v2\/comments?post=37234"}],"version-history":[{"count":4,"href":"https:\/\/www.krafthand.de\/truck\/wp-json\/wp\/v2\/posts\/37234\/revisions"}],"predecessor-version":[{"id":37239,"href":"https:\/\/www.krafthand.de\/truck\/wp-json\/wp\/v2\/posts\/37234\/revisions\/37239"}],"wp:featuredmedia":[{"embeddable":true,"href":"https:\/\/www.krafthand.de\/truck\/wp-json\/wp\/v2\/media\/37236"}],"wp:attachment":[{"href":"https:\/\/www.krafthand.de\/truck\/wp-json\/wp\/v2\/media?parent=37234"}],"wp:term":[{"taxonomy":"category","embeddable":true,"href":"https:\/\/www.krafthand.de\/truck\/wp-json\/wp\/v2\/categories?post=37234"},{"taxonomy":"post_tag","embeddable":true,"href":"https:\/\/www.krafthand.de\/truck\/wp-json\/wp\/v2\/tags?post=37234"},{"taxonomy":"settings","embeddable":true,"href":"https:\/\/www.krafthand.de\/truck\/wp-json\/wp\/v2\/settings?post=37234"}],"curies":[{"name":"wp","href":"https:\/\/api.w.org\/{rel}","templated":true}]}}