{"id":37225,"date":"2023-09-11T11:09:17","date_gmt":"2023-09-11T09:09:17","guid":{"rendered":"https:\/\/www.krafthand.de\/truck\/?p=37225"},"modified":"2023-09-15T11:10:04","modified_gmt":"2023-09-15T09:10:04","slug":"die-dat-praesentiert-sich-wieder-auf-der-nufam","status":"publish","type":"post","link":"https:\/\/www.krafthand.de\/truck\/artikel\/die-dat-praesentiert-sich-wieder-auf-der-nufam-37225\/","title":{"rendered":"Die DAT pr\u00e4sentiert sich auf der NUFAM"},"content":{"rendered":"<p>Die Deutsche Automobil Treuhand GmbH (DAT) ist gemeinsam mit der Gesellschaft f\u00fcr Technische \u00dcberwachung mbH (<a href=\"https:\/\/www.gtue.de\/de\" target=\"_blank\" rel=\"noopener\">GT\u00dc<\/a>) und dem <a href=\"http:\/\/www.sv-struck.de\/\" target=\"_blank\" rel=\"noopener\">Ingenieurb\u00fcro Struck<\/a> als Aussteller wieder auf der NUFAM pr\u00e4sent. Die Nutzfahrzeugmesse findet vom 21.bis 24.09.2023 in Karlsruhe statt.<\/p>\n<p>Die DAT verf\u00fcgt seit mehr als 90 Jahren \u00fcber zahlreiche Kompetenzfelder in den Bereichen Pkw, Motorr\u00e4der und Nutzfahrzeuge. Hierzu ist die DAT mit allen relevanten Herstellern und Importeuren von Fahrzeugen in engem Kontakt, um die Verf\u00fcgbarkeit von <strong>Originaldaten<\/strong> in ihren Softwareprodukten sicherzustellen. Einer der Schwerpunkte der <a href=\"https:\/\/www.dat.de\/\" target=\"_blank\" rel=\"noopener\">DAT<\/a> auf der <a href=\"https:\/\/www.nufam.de\/de\/\" target=\"_blank\" rel=\"noopener\">NUFAM<\/a> ist die professionelle Bewertung von Fahrzeugen. Zahlreiche Analysen des Marktes flie\u00dfen in Form von Daten in die Software <strong>&#8218;SilverDAT 3&#8216;<\/strong> ein, mit der die DAT-Kunden marktorientierte Preise f\u00fcr Transporter und Nutzfahrzeuge aller wesentlichen Fahrzeughersteller erhalten. Darunter fallen beispielsweise Verteilerfahrzeuge, Koffer- oder Muldenaufbauten. Bei diesem Thema kommt auch die Sachverst\u00e4ndigenorganisation der DAT ins Spiel.<\/p>\n<blockquote><p>\u201eF\u00fcr die DAT ist die NUFAM eine optimale Gelegenheit, um Branchenvertreter und Kunden zu treffen. Insbesondere die Kombination aus unseren DAT-Vertriebskollegen und unseres DAT Expert Partners Struck aus Karlsruhe macht den Besuch bei uns am Messestand besonders attraktiv\u201c, erkl\u00e4rt Dr. Martin Endlein, DAT-Pressesprecher.<\/p><\/blockquote>\n<p>An \u00fcber 350 Standorten in Deutschland arbeiten sogenannte DAT Expert Partner, die meist \u00f6ffentlich bestellt und vereidigte Sachverst\u00e4ndige sind. <em>\u201eAn etwa 100 Standorten finden unsere Kunden ausgewiesene Nutzfahrzeugexperten, die nicht nur mit uns in der DAT-Zentrale in Ostfildern in engem Austausch sind, sondern ihre Dienstleistungen vor Ort den relevanten Kundengruppen wie Speditionen, Nutzfahrzeugh\u00e4ndlern etc. anbieten\u201c<\/em>, betont Endlein.<\/p>\n<h3>Kalkulation der Fahrzeuginstandsetzung<\/h3>\n<p>Ein weiterer Schwerpunkt ist die Fahrzeug-Instandsetzungskalkulation. Auch hier bietet die Software SilverDAT 3 die M\u00f6glichkeit, an Nutzfahrzeugen unterschiedliche Kalkulationen vorzunehmen. Neben zahlreichen Aufbauten k\u00f6nnen hierbei auch Anh\u00e4nger in unterschiedlichen Konfigurationen ber\u00fccksichtigt werden. \u201eMit unserer Software SilverDAT 3 unterst\u00fctzen wir die Digitalisierung von Prozessen beim Handel, in den Werkst\u00e4tten, bei Sachverst\u00e4ndigen und vielen weiteren Branchenplayern\u201c, res\u00fcmiert Endlein.<\/p>\n","protected":false},"excerpt":{"rendered":"<p>Die Deutsche Automobil Treuhand GmbH (DAT) ist gemeinsam mit der Gesellschaft f\u00fcr Technische \u00dcberwachung mbH (GT\u00dc) und dem Ingenieurb\u00fcro Struck als Aussteller auf der NUFAM pr\u00e4sent. Die Nutzfahrzeugmesse findet vom 21.bis 24.09.2023 in Karlsruhe statt. <span class=\"excerpt-more__dots\">&#8230;<\/span> <a class=\"excerpt-more__link\" href=\"https:\/\/www.krafthand.de\/truck\/artikel\/die-dat-praesentiert-sich-wieder-auf-der-nufam-37225\/\" >weiter<\/a><\/p>\n","protected":false},"author":9,"featured_media":37228,"comment_status":"closed","ping_status":"closed","sticky":false,"template":"","format":"standard","meta":{"footnotes":""},"categories":[4236,4231],"tags":[2274,5300,5729,5709,5728],"settings":[3523],"class_list":["post-37225","post","type-post","status-publish","format-standard","has-post-thumbnail","hentry","category-veranstaltungen","category-werkstatt-it","tag-dat","tag-gtue","tag-ingenieurbuero-struck","tag-nufam-2023","tag-silverdat3"],"yoast_head":"<!-- This site is optimized with the Yoast SEO plugin v27.3 - https:\/\/yoast.com\/product\/yoast-seo-wordpress\/ -->\n<title>Die DAT pr\u00e4sentiert sich auf der NUFAM - Krafthand-Truck<\/title>\n<meta name=\"robots\" content=\"index, follow, max-snippet:-1, max-image-preview:large, max-video-preview:-1\" \/>\n<link rel=\"canonical\" href=\"https:\/\/www.krafthand.de\/truck\/artikel\/die-dat-praesentiert-sich-wieder-auf-der-nufam-37225\/\" \/>\n<meta property=\"og:locale\" content=\"de_DE\" \/>\n<meta property=\"og:type\" content=\"article\" \/>\n<meta property=\"og:title\" content=\"Die DAT pr\u00e4sentiert sich auf der NUFAM - Krafthand-Truck\" \/>\n<meta property=\"og:description\" content=\"Die Deutsche Automobil Treuhand GmbH (DAT) ist gemeinsam mit der Gesellschaft f\u00fcr Technische \u00dcberwachung mbH (GT\u00dc) und dem Ingenieurb\u00fcro Struck als Aussteller auf der NUFAM pr\u00e4sent. Die Nutzfahrzeugmesse findet vom 21.bis 24.09.2023 in Karlsruhe statt. ... weiter\" \/>\n<meta property=\"og:url\" content=\"https:\/\/www.krafthand-truck.de\/artikel\/die-dat-praesentiert-sich-wieder-auf-der-nufam-37225\/\" \/>\n<meta property=\"og:site_name\" content=\"Krafthand-Truck\" \/>\n<meta property=\"article:published_time\" content=\"2023-09-11T09:09:17+00:00\" \/>\n<meta property=\"article:modified_time\" content=\"2023-09-15T09:10:04+00:00\" \/>\n<meta property=\"og:image\" content=\"https:\/\/static.krafthand-truck.de\/uploads\/2023\/09\/DAT_Kalkulation_Fahrerhaus.png\" \/>\n\t<meta property=\"og:image:width\" content=\"1200\" \/>\n\t<meta property=\"og:image:height\" content=\"559\" \/>\n\t<meta property=\"og:image:type\" content=\"image\/png\" \/>\n<meta name=\"author\" content=\"georg.blenk@krafthand-medien.de\" \/>\n<meta name=\"twitter:card\" content=\"summary_large_image\" \/>\n<meta name=\"twitter:label1\" content=\"Verfasst von\" \/>\n\t<meta name=\"twitter:data1\" content=\"georg.blenk@krafthand-medien.de\" \/>\n\t<meta name=\"twitter:label2\" content=\"Gesch\u00e4tzte Lesezeit\" \/>\n\t<meta name=\"twitter:data2\" content=\"2\u00a0Minuten\" \/>\n<script type=\"application\/ld+json\" class=\"yoast-schema-graph\">{\"@context\":\"https:\\\/\\\/schema.org\",\"@graph\":[{\"@type\":\"Article\",\"@id\":\"https:\\\/\\\/www.krafthand.de\\\/truck\\\/artikel\\\/die-dat-praesentiert-sich-wieder-auf-der-nufam-37225\\\/#article\",\"isPartOf\":{\"@id\":\"https:\\\/\\\/www.krafthand.de\\\/truck\\\/artikel\\\/die-dat-praesentiert-sich-wieder-auf-der-nufam-37225\\\/\"},\"author\":{\"name\":\"georg.blenk@krafthand-medien.de\",\"@id\":\"https:\\\/\\\/www.krafthand.de\\\/truck\\\/#\\\/schema\\\/person\\\/51fa80b1c57034c4bf63f9f988fc24ce\"},\"headline\":\"Die DAT pr\u00e4sentiert sich auf der NUFAM\",\"datePublished\":\"2023-09-11T09:09:17+00:00\",\"dateModified\":\"2023-09-15T09:10:04+00:00\",\"mainEntityOfPage\":{\"@id\":\"https:\\\/\\\/www.krafthand.de\\\/truck\\\/artikel\\\/die-dat-praesentiert-sich-wieder-auf-der-nufam-37225\\\/\"},\"wordCount\":320,\"image\":{\"@id\":\"https:\\\/\\\/www.krafthand.de\\\/truck\\\/artikel\\\/die-dat-praesentiert-sich-wieder-auf-der-nufam-37225\\\/#primaryimage\"},\"thumbnailUrl\":\"https:\\\/\\\/static.krafthand-truck.de\\\/uploads\\\/2023\\\/09\\\/DAT_Kalkulation_Fahrerhaus.png\",\"keywords\":[\"DAT\",\"GT\u00dc\",\"Ingenieurb\u00fcro Struck\",\"Nufam 2023\",\"SilverDat3\"],\"articleSection\":[\"Veranstaltungen\\\/Messen\",\"Werkstatt-IT\"],\"inLanguage\":\"de\"},{\"@type\":\"WebPage\",\"@id\":\"https:\\\/\\\/www.krafthand.de\\\/truck\\\/artikel\\\/die-dat-praesentiert-sich-wieder-auf-der-nufam-37225\\\/\",\"url\":\"https:\\\/\\\/www.krafthand.de\\\/truck\\\/artikel\\\/die-dat-praesentiert-sich-wieder-auf-der-nufam-37225\\\/\",\"name\":\"Die DAT pr\u00e4sentiert sich auf der NUFAM - Krafthand-Truck\",\"isPartOf\":{\"@id\":\"https:\\\/\\\/www.krafthand.de\\\/truck\\\/#website\"},\"primaryImageOfPage\":{\"@id\":\"https:\\\/\\\/www.krafthand.de\\\/truck\\\/artikel\\\/die-dat-praesentiert-sich-wieder-auf-der-nufam-37225\\\/#primaryimage\"},\"image\":{\"@id\":\"https:\\\/\\\/www.krafthand.de\\\/truck\\\/artikel\\\/die-dat-praesentiert-sich-wieder-auf-der-nufam-37225\\\/#primaryimage\"},\"thumbnailUrl\":\"https:\\\/\\\/static.krafthand-truck.de\\\/uploads\\\/2023\\\/09\\\/DAT_Kalkulation_Fahrerhaus.png\",\"datePublished\":\"2023-09-11T09:09:17+00:00\",\"dateModified\":\"2023-09-15T09:10:04+00:00\",\"author\":{\"@id\":\"https:\\\/\\\/www.krafthand.de\\\/truck\\\/#\\\/schema\\\/person\\\/51fa80b1c57034c4bf63f9f988fc24ce\"},\"breadcrumb\":{\"@id\":\"https:\\\/\\\/www.krafthand.de\\\/truck\\\/artikel\\\/die-dat-praesentiert-sich-wieder-auf-der-nufam-37225\\\/#breadcrumb\"},\"inLanguage\":\"de\",\"potentialAction\":[{\"@type\":\"ReadAction\",\"target\":[\"https:\\\/\\\/www.krafthand.de\\\/truck\\\/artikel\\\/die-dat-praesentiert-sich-wieder-auf-der-nufam-37225\\\/\"]}]},{\"@type\":\"ImageObject\",\"inLanguage\":\"de\",\"@id\":\"https:\\\/\\\/www.krafthand.de\\\/truck\\\/artikel\\\/die-dat-praesentiert-sich-wieder-auf-der-nufam-37225\\\/#primaryimage\",\"url\":\"https:\\\/\\\/static.krafthand-truck.de\\\/uploads\\\/2023\\\/09\\\/DAT_Kalkulation_Fahrerhaus.png\",\"contentUrl\":\"https:\\\/\\\/static.krafthand-truck.de\\\/uploads\\\/2023\\\/09\\\/DAT_Kalkulation_Fahrerhaus.png\",\"width\":1200,\"height\":559},{\"@type\":\"BreadcrumbList\",\"@id\":\"https:\\\/\\\/www.krafthand.de\\\/truck\\\/artikel\\\/die-dat-praesentiert-sich-wieder-auf-der-nufam-37225\\\/#breadcrumb\",\"itemListElement\":[{\"@type\":\"ListItem\",\"position\":1,\"name\":\"Krafthand-Truck\",\"item\":\"https:\\\/\\\/www.krafthand.de\\\/truck\\\/\"},{\"@type\":\"ListItem\",\"position\":2,\"name\":\"IT+Fuhrpark\",\"item\":\"https:\\\/\\\/www.krafthand.de\\\/truck\\\/kategorie\\\/fuhrpark\\\/\"},{\"@type\":\"ListItem\",\"position\":3,\"name\":\"Werkstatt-IT\",\"item\":\"https:\\\/\\\/www.krafthand.de\\\/truck\\\/kategorie\\\/fuhrpark\\\/werkstatt-it\\\/\"},{\"@type\":\"ListItem\",\"position\":4,\"name\":\"Die DAT pr\u00e4sentiert sich auf der NUFAM\"}]},{\"@type\":\"WebSite\",\"@id\":\"https:\\\/\\\/www.krafthand.de\\\/truck\\\/#website\",\"url\":\"https:\\\/\\\/www.krafthand.de\\\/truck\\\/\",\"name\":\"Krafthand-Truck\",\"description\":\"\",\"potentialAction\":[{\"@type\":\"SearchAction\",\"target\":{\"@type\":\"EntryPoint\",\"urlTemplate\":\"https:\\\/\\\/www.krafthand.de\\\/truck\\\/?s={search_term_string}\"},\"query-input\":{\"@type\":\"PropertyValueSpecification\",\"valueRequired\":true,\"valueName\":\"search_term_string\"}}],\"inLanguage\":\"de\"},{\"@type\":\"Person\",\"@id\":\"https:\\\/\\\/www.krafthand.de\\\/truck\\\/#\\\/schema\\\/person\\\/51fa80b1c57034c4bf63f9f988fc24ce\",\"name\":\"georg.blenk@krafthand-medien.de\",\"image\":{\"@type\":\"ImageObject\",\"inLanguage\":\"de\",\"@id\":\"https:\\\/\\\/secure.gravatar.com\\\/avatar\\\/93713c30affe0aa95d3a4130e499bb1abee2eb31adbdd9ce2aa1543538490215?s=96&d=mm&r=g\",\"url\":\"https:\\\/\\\/secure.gravatar.com\\\/avatar\\\/93713c30affe0aa95d3a4130e499bb1abee2eb31adbdd9ce2aa1543538490215?s=96&d=mm&r=g\",\"contentUrl\":\"https:\\\/\\\/secure.gravatar.com\\\/avatar\\\/93713c30affe0aa95d3a4130e499bb1abee2eb31adbdd9ce2aa1543538490215?s=96&d=mm&r=g\",\"caption\":\"georg.blenk@krafthand-medien.de\"}}]}<\/script>\n<!-- \/ Yoast SEO plugin. -->","yoast_head_json":{"title":"Die DAT pr\u00e4sentiert sich auf der NUFAM - Krafthand-Truck","robots":{"index":"index","follow":"follow","max-snippet":"max-snippet:-1","max-image-preview":"max-image-preview:large","max-video-preview":"max-video-preview:-1"},"canonical":"https:\/\/www.krafthand.de\/truck\/artikel\/die-dat-praesentiert-sich-wieder-auf-der-nufam-37225\/","og_locale":"de_DE","og_type":"article","og_title":"Die DAT pr\u00e4sentiert sich auf der NUFAM - Krafthand-Truck","og_description":"Die Deutsche Automobil Treuhand GmbH (DAT) ist gemeinsam mit der Gesellschaft f\u00fcr Technische \u00dcberwachung mbH (GT\u00dc) und dem Ingenieurb\u00fcro Struck als Aussteller auf der NUFAM pr\u00e4sent. Die Nutzfahrzeugmesse findet vom 21.bis 24.09.2023 in Karlsruhe statt. ... weiter","og_url":"https:\/\/www.krafthand-truck.de\/artikel\/die-dat-praesentiert-sich-wieder-auf-der-nufam-37225\/","og_site_name":"Krafthand-Truck","article_published_time":"2023-09-11T09:09:17+00:00","article_modified_time":"2023-09-15T09:10:04+00:00","og_image":[{"width":1200,"height":559,"url":"https:\/\/static.krafthand-truck.de\/uploads\/2023\/09\/DAT_Kalkulation_Fahrerhaus.png","type":"image\/png"}],"author":"georg.blenk@krafthand-medien.de","twitter_card":"summary_large_image","twitter_misc":{"Verfasst von":"georg.blenk@krafthand-medien.de","Gesch\u00e4tzte Lesezeit":"2\u00a0Minuten"},"schema":{"@context":"https:\/\/schema.org","@graph":[{"@type":"Article","@id":"https:\/\/www.krafthand.de\/truck\/artikel\/die-dat-praesentiert-sich-wieder-auf-der-nufam-37225\/#article","isPartOf":{"@id":"https:\/\/www.krafthand.de\/truck\/artikel\/die-dat-praesentiert-sich-wieder-auf-der-nufam-37225\/"},"author":{"name":"georg.blenk@krafthand-medien.de","@id":"https:\/\/www.krafthand.de\/truck\/#\/schema\/person\/51fa80b1c57034c4bf63f9f988fc24ce"},"headline":"Die DAT pr\u00e4sentiert sich auf der NUFAM","datePublished":"2023-09-11T09:09:17+00:00","dateModified":"2023-09-15T09:10:04+00:00","mainEntityOfPage":{"@id":"https:\/\/www.krafthand.de\/truck\/artikel\/die-dat-praesentiert-sich-wieder-auf-der-nufam-37225\/"},"wordCount":320,"image":{"@id":"https:\/\/www.krafthand.de\/truck\/artikel\/die-dat-praesentiert-sich-wieder-auf-der-nufam-37225\/#primaryimage"},"thumbnailUrl":"https:\/\/static.krafthand-truck.de\/uploads\/2023\/09\/DAT_Kalkulation_Fahrerhaus.png","keywords":["DAT","GT\u00dc","Ingenieurb\u00fcro Struck","Nufam 2023","SilverDat3"],"articleSection":["Veranstaltungen\/Messen","Werkstatt-IT"],"inLanguage":"de"},{"@type":"WebPage","@id":"https:\/\/www.krafthand.de\/truck\/artikel\/die-dat-praesentiert-sich-wieder-auf-der-nufam-37225\/","url":"https:\/\/www.krafthand.de\/truck\/artikel\/die-dat-praesentiert-sich-wieder-auf-der-nufam-37225\/","name":"Die DAT pr\u00e4sentiert sich auf der NUFAM - Krafthand-Truck","isPartOf":{"@id":"https:\/\/www.krafthand.de\/truck\/#website"},"primaryImageOfPage":{"@id":"https:\/\/www.krafthand.de\/truck\/artikel\/die-dat-praesentiert-sich-wieder-auf-der-nufam-37225\/#primaryimage"},"image":{"@id":"https:\/\/www.krafthand.de\/truck\/artikel\/die-dat-praesentiert-sich-wieder-auf-der-nufam-37225\/#primaryimage"},"thumbnailUrl":"https:\/\/static.krafthand-truck.de\/uploads\/2023\/09\/DAT_Kalkulation_Fahrerhaus.png","datePublished":"2023-09-11T09:09:17+00:00","dateModified":"2023-09-15T09:10:04+00:00","author":{"@id":"https:\/\/www.krafthand.de\/truck\/#\/schema\/person\/51fa80b1c57034c4bf63f9f988fc24ce"},"breadcrumb":{"@id":"https:\/\/www.krafthand.de\/truck\/artikel\/die-dat-praesentiert-sich-wieder-auf-der-nufam-37225\/#breadcrumb"},"inLanguage":"de","potentialAction":[{"@type":"ReadAction","target":["https:\/\/www.krafthand.de\/truck\/artikel\/die-dat-praesentiert-sich-wieder-auf-der-nufam-37225\/"]}]},{"@type":"ImageObject","inLanguage":"de","@id":"https:\/\/www.krafthand.de\/truck\/artikel\/die-dat-praesentiert-sich-wieder-auf-der-nufam-37225\/#primaryimage","url":"https:\/\/static.krafthand-truck.de\/uploads\/2023\/09\/DAT_Kalkulation_Fahrerhaus.png","contentUrl":"https:\/\/static.krafthand-truck.de\/uploads\/2023\/09\/DAT_Kalkulation_Fahrerhaus.png","width":1200,"height":559},{"@type":"BreadcrumbList","@id":"https:\/\/www.krafthand.de\/truck\/artikel\/die-dat-praesentiert-sich-wieder-auf-der-nufam-37225\/#breadcrumb","itemListElement":[{"@type":"ListItem","position":1,"name":"Krafthand-Truck","item":"https:\/\/www.krafthand.de\/truck\/"},{"@type":"ListItem","position":2,"name":"IT+Fuhrpark","item":"https:\/\/www.krafthand.de\/truck\/kategorie\/fuhrpark\/"},{"@type":"ListItem","position":3,"name":"Werkstatt-IT","item":"https:\/\/www.krafthand.de\/truck\/kategorie\/fuhrpark\/werkstatt-it\/"},{"@type":"ListItem","position":4,"name":"Die DAT pr\u00e4sentiert sich auf der NUFAM"}]},{"@type":"WebSite","@id":"https:\/\/www.krafthand.de\/truck\/#website","url":"https:\/\/www.krafthand.de\/truck\/","name":"Krafthand-Truck","description":"","potentialAction":[{"@type":"SearchAction","target":{"@type":"EntryPoint","urlTemplate":"https:\/\/www.krafthand.de\/truck\/?s={search_term_string}"},"query-input":{"@type":"PropertyValueSpecification","valueRequired":true,"valueName":"search_term_string"}}],"inLanguage":"de"},{"@type":"Person","@id":"https:\/\/www.krafthand.de\/truck\/#\/schema\/person\/51fa80b1c57034c4bf63f9f988fc24ce","name":"georg.blenk@krafthand-medien.de","image":{"@type":"ImageObject","inLanguage":"de","@id":"https:\/\/secure.gravatar.com\/avatar\/93713c30affe0aa95d3a4130e499bb1abee2eb31adbdd9ce2aa1543538490215?s=96&d=mm&r=g","url":"https:\/\/secure.gravatar.com\/avatar\/93713c30affe0aa95d3a4130e499bb1abee2eb31adbdd9ce2aa1543538490215?s=96&d=mm&r=g","contentUrl":"https:\/\/secure.gravatar.com\/avatar\/93713c30affe0aa95d3a4130e499bb1abee2eb31adbdd9ce2aa1543538490215?s=96&d=mm&r=g","caption":"georg.blenk@krafthand-medien.de"}}]}},"_links":{"self":[{"href":"https:\/\/www.krafthand.de\/truck\/wp-json\/wp\/v2\/posts\/37225","targetHints":{"allow":["GET"]}}],"collection":[{"href":"https:\/\/www.krafthand.de\/truck\/wp-json\/wp\/v2\/posts"}],"about":[{"href":"https:\/\/www.krafthand.de\/truck\/wp-json\/wp\/v2\/types\/post"}],"author":[{"embeddable":true,"href":"https:\/\/www.krafthand.de\/truck\/wp-json\/wp\/v2\/users\/9"}],"replies":[{"embeddable":true,"href":"https:\/\/www.krafthand.de\/truck\/wp-json\/wp\/v2\/comments?post=37225"}],"version-history":[{"count":7,"href":"https:\/\/www.krafthand.de\/truck\/wp-json\/wp\/v2\/posts\/37225\/revisions"}],"predecessor-version":[{"id":37233,"href":"https:\/\/www.krafthand.de\/truck\/wp-json\/wp\/v2\/posts\/37225\/revisions\/37233"}],"wp:featuredmedia":[{"embeddable":true,"href":"https:\/\/www.krafthand.de\/truck\/wp-json\/wp\/v2\/media\/37228"}],"wp:attachment":[{"href":"https:\/\/www.krafthand.de\/truck\/wp-json\/wp\/v2\/media?parent=37225"}],"wp:term":[{"taxonomy":"category","embeddable":true,"href":"https:\/\/www.krafthand.de\/truck\/wp-json\/wp\/v2\/categories?post=37225"},{"taxonomy":"post_tag","embeddable":true,"href":"https:\/\/www.krafthand.de\/truck\/wp-json\/wp\/v2\/tags?post=37225"},{"taxonomy":"settings","embeddable":true,"href":"https:\/\/www.krafthand.de\/truck\/wp-json\/wp\/v2\/settings?post=37225"}],"curies":[{"name":"wp","href":"https:\/\/api.w.org\/{rel}","templated":true}]}}