{"id":37219,"date":"2023-09-11T09:26:28","date_gmt":"2023-09-11T07:26:28","guid":{"rendered":"https:\/\/www.krafthand.de\/truck\/?p=37219"},"modified":"2023-09-15T11:10:38","modified_gmt":"2023-09-15T09:10:38","slug":"iveco-mit-shell-auf-bio-fluessiggas-tour","status":"publish","type":"post","link":"https:\/\/www.krafthand.de\/truck\/artikel\/iveco-mit-shell-auf-bio-fluessiggas-tour-37219\/","title":{"rendered":"IVECO mit Shell auf Bio-Fl\u00fcssiggas-Tour"},"content":{"rendered":"<p>Der Lkw-Hersteller IVECO und der Mineralk\u00f6lkonzern Shell starten in K\u00fcrze die Bio-LNG-Tour \u201eOn the road to net-zero emissions&#8220;. Es handelt sich um eine 10-t\u00e4gige Fernverkehrsreise durch Europa mit einer mit Bio-LNG betriebenen IVECO S-WAY LNG Sattelzugmaschine. Die Tour startet an der Shell-Tankstelle Mittenwalde in Berlin und macht auf der Strecke, die durch Deutschland, die Niederlande und Italien f\u00fchrt, an f\u00fcnf Stationen der bestehenden Bio-LNG-Infrastruktur Halt.<\/p>\n<p>Das Ziel des IVECO S-WAY LNG ist es, die Tour mit <strong>Netto-Null-Emissionen<\/strong> zu beenden. Jede Etappe bietet zudem laut IVECO die Gelegenheit, Branchenf\u00fchrer und Nutzer zu Diskussionen \u00fcber die Nutzung von Bio-LNG zur rentablen Dekarbonisierung des Stra\u00dfeng\u00fcterverkehrs zusammenzubringen, die an der Bio-LNG-Wertsch\u00f6pfungskette beteiligt sind \u2013 von der Produktion \u00fcber den Vertrieb bis hin zur Nutzung.<\/p>\n<p>Das gemeinsame Projekt soll ferner zeigen, wie eine strategische Zusammenarbeit die Einf\u00fchrung von Bio-LNG auf dem europ\u00e4ischen Flottenmarkt vorantreibt. Immer mit dem Ziel, das Bewusstsein f\u00fcr das Dekarbonisierungs-Potenzial von Bio-LNG f\u00fcr den Fernverkehr zu sch\u00e4rfen. Mit einem Anteil von etwa 73,1 Prozent am gesamten G\u00fctertransport auf dem Landweg in der Europ\u00e4ischen Union ist die Transportindustrie derzeit f\u00fcr etwa neun Prozent der gesamten CO2-Emissionen der EU verantwortlich.<\/p>\n<blockquote><p>\u201eWir sind der festen \u00dcberzeugung, dass ein Multi-Energie-Ansatz die beste L\u00f6sung f\u00fcr den Antrieb von morgen ist, um die Herausforderung der Dekarbonisierung der Transportindustrie zu meistern&#8220;, kommentiert Giandomenico Fioretti, IVECO Head of Alternative Propulsion Business Development. \u201eWir investieren weiterhin in Lkw mit Bio-LNG-Antrieb, denn Bio-LNG hat sich als die einzige ausgereifte Technologie erwiesen, die sofort verf\u00fcgbar ist, um eine wirtschaftliche und finanzierbare gr\u00fcne Alternative zum Diesel zu bieten, ohne Kompromisse in Bezug auf Motorleistung, Reichweite, Nutzlast oder Betankungszeit machen zu m\u00fcssen.&#8220;<\/p><\/blockquote>\n<p>Die Bio-LNG-Tour sei ein Ergebnis der erfolgreichen Zusammenarbeit von IVECO und Shell und soll aufzeigen, dass ein Fernverkehr quer durch Europa mit einem Bio-LNG-betriebenen Lkw dank einer stetig wachsenden Bio-LNG-Infrastruktur m\u00f6glich ist. Neben dem Einsatz im Fernverkehr eigne sich der IVECO Lkw mit Bio-LNG-Antrieb wegen des leisen Betriebs der Motoren im Vergleich zu herk\u00f6mmlichen Verbrennungsmotoren besonders gut f\u00fcr den Einsatz in St\u00e4dten und f\u00fcr n\u00e4chtliche Auslieferungen und erh\u00f6he den Fahrerkomfort. Die Kompatibilit\u00e4t von Bio-LNG mit der bestehenden LNG-Infrastruktur, die 668 Stationen in der gesamten EU umfasst, macht es zu einem gebrauchsfertigen Drop-in-Kraftstoff f\u00fcr LNG-betriebene Lkw, ohne dass \u00c4nderungen an der Ausr\u00fcstung oder Neuinvestitionen erforderlich sind. Mit einem umfangreichen Netz von LNG-Tankstellen in der EU, das auch 100-prozentige Bio-LNG-Stationen umfasst, k\u00f6nnten Flotten ohne Vorlaufkosten auf Bio-LNG zugreifen.<\/p>\n","protected":false},"excerpt":{"rendered":"<p>IVECO und Shell starten in K\u00fcrze die Bio-LNG-Tour \u201eOn the road to net-zero emissions&#8220;. Es handelt sich um eine 10-t\u00e4gige Fernverkehrsreise durch Europa mit einer mit Bio-LNG betriebenen IVECO S-WAY LNG Sattelzugmaschine. Die Tour startet an der Shell-Tankstelle Mittenwalde in Berlin und macht auf der Strecke, die durch Deutschland, die Niederlande und Italien f\u00fchrt, an f\u00fcnf Stationen der bestehenden Bio-LNG-Infrastruktur Halt. <span class=\"excerpt-more__dots\">&#8230;<\/span> <a class=\"excerpt-more__link\" href=\"https:\/\/www.krafthand.de\/truck\/artikel\/iveco-mit-shell-auf-bio-fluessiggas-tour-37219\/\" >weiter<\/a><\/p>\n","protected":false},"author":9,"featured_media":37223,"comment_status":"closed","ping_status":"closed","sticky":false,"template":"","format":"standard","meta":{"footnotes":""},"categories":[4913],"tags":[4659,29,4123],"settings":[3524,3523],"class_list":["post-37219","post","type-post","status-publish","format-standard","has-post-thumbnail","hentry","category-alternative-kraftstoffe","tag-bio-lng","tag-iveco","tag-shell"],"yoast_head":"<!-- This site is optimized with the Yoast SEO plugin v27.3 - https:\/\/yoast.com\/product\/yoast-seo-wordpress\/ -->\n<title>IVECO mit Shell auf Bio-Fl\u00fcssiggas-Tour - Krafthand-Truck<\/title>\n<meta name=\"description\" content=\"IVECO und Shell starten die Bio-LNG-Tour \u201eOn the road to net-zero emissions&quot;. Es handelt sich um eine 10-t\u00e4gige Fernverkehrsreise mit einer mit Bio-LNG betriebenen Sattelzugmaschine.\" \/>\n<meta name=\"robots\" content=\"index, follow, max-snippet:-1, max-image-preview:large, max-video-preview:-1\" \/>\n<link rel=\"canonical\" href=\"https:\/\/www.krafthand.de\/truck\/artikel\/iveco-mit-shell-auf-bio-fluessiggas-tour-37219\/\" \/>\n<meta property=\"og:locale\" content=\"de_DE\" \/>\n<meta property=\"og:type\" content=\"article\" \/>\n<meta property=\"og:title\" content=\"IVECO mit Shell auf Bio-Fl\u00fcssiggas-Tour - Krafthand-Truck\" \/>\n<meta property=\"og:description\" content=\"IVECO und Shell starten die Bio-LNG-Tour \u201eOn the road to net-zero emissions&quot;. Es handelt sich um eine 10-t\u00e4gige Fernverkehrsreise mit einer mit Bio-LNG betriebenen Sattelzugmaschine.\" \/>\n<meta property=\"og:url\" content=\"https:\/\/www.krafthand-truck.de\/artikel\/iveco-mit-shell-auf-bio-fluessiggas-tour-37219\/\" \/>\n<meta property=\"og:site_name\" content=\"Krafthand-Truck\" \/>\n<meta property=\"article:published_time\" content=\"2023-09-11T07:26:28+00:00\" \/>\n<meta property=\"article:modified_time\" content=\"2023-09-15T09:10:38+00:00\" \/>\n<meta property=\"og:image\" content=\"https:\/\/static.krafthand-truck.de\/uploads\/2023\/09\/IVECO_Shell_Bio_LMG_Netzero_EmissionTour.png\" \/>\n\t<meta property=\"og:image:width\" content=\"1200\" \/>\n\t<meta property=\"og:image:height\" content=\"696\" \/>\n\t<meta property=\"og:image:type\" content=\"image\/png\" \/>\n<meta name=\"author\" content=\"georg.blenk@krafthand-medien.de\" \/>\n<meta name=\"twitter:card\" content=\"summary_large_image\" \/>\n<meta name=\"twitter:label1\" content=\"Verfasst von\" \/>\n\t<meta name=\"twitter:data1\" content=\"georg.blenk@krafthand-medien.de\" \/>\n\t<meta name=\"twitter:label2\" content=\"Gesch\u00e4tzte Lesezeit\" \/>\n\t<meta name=\"twitter:data2\" content=\"2\u00a0Minuten\" \/>\n<script type=\"application\/ld+json\" class=\"yoast-schema-graph\">{\"@context\":\"https:\\\/\\\/schema.org\",\"@graph\":[{\"@type\":\"Article\",\"@id\":\"https:\\\/\\\/www.krafthand.de\\\/truck\\\/artikel\\\/iveco-mit-shell-auf-bio-fluessiggas-tour-37219\\\/#article\",\"isPartOf\":{\"@id\":\"https:\\\/\\\/www.krafthand.de\\\/truck\\\/artikel\\\/iveco-mit-shell-auf-bio-fluessiggas-tour-37219\\\/\"},\"author\":{\"name\":\"georg.blenk@krafthand-medien.de\",\"@id\":\"https:\\\/\\\/www.krafthand.de\\\/truck\\\/#\\\/schema\\\/person\\\/51fa80b1c57034c4bf63f9f988fc24ce\"},\"headline\":\"IVECO mit Shell auf Bio-Fl\u00fcssiggas-Tour\",\"datePublished\":\"2023-09-11T07:26:28+00:00\",\"dateModified\":\"2023-09-15T09:10:38+00:00\",\"mainEntityOfPage\":{\"@id\":\"https:\\\/\\\/www.krafthand.de\\\/truck\\\/artikel\\\/iveco-mit-shell-auf-bio-fluessiggas-tour-37219\\\/\"},\"wordCount\":430,\"image\":{\"@id\":\"https:\\\/\\\/www.krafthand.de\\\/truck\\\/artikel\\\/iveco-mit-shell-auf-bio-fluessiggas-tour-37219\\\/#primaryimage\"},\"thumbnailUrl\":\"https:\\\/\\\/static.krafthand-truck.de\\\/uploads\\\/2023\\\/09\\\/IVECO_Shell_Bio_LMG_Netzero_EmissionTour.png\",\"keywords\":[\"Bio-LNG\",\"Iveco\",\"Shell\"],\"articleSection\":[\"Alternative Kraftstoffe\"],\"inLanguage\":\"de\"},{\"@type\":\"WebPage\",\"@id\":\"https:\\\/\\\/www.krafthand.de\\\/truck\\\/artikel\\\/iveco-mit-shell-auf-bio-fluessiggas-tour-37219\\\/\",\"url\":\"https:\\\/\\\/www.krafthand.de\\\/truck\\\/artikel\\\/iveco-mit-shell-auf-bio-fluessiggas-tour-37219\\\/\",\"name\":\"IVECO mit Shell auf Bio-Fl\u00fcssiggas-Tour - Krafthand-Truck\",\"isPartOf\":{\"@id\":\"https:\\\/\\\/www.krafthand.de\\\/truck\\\/#website\"},\"primaryImageOfPage\":{\"@id\":\"https:\\\/\\\/www.krafthand.de\\\/truck\\\/artikel\\\/iveco-mit-shell-auf-bio-fluessiggas-tour-37219\\\/#primaryimage\"},\"image\":{\"@id\":\"https:\\\/\\\/www.krafthand.de\\\/truck\\\/artikel\\\/iveco-mit-shell-auf-bio-fluessiggas-tour-37219\\\/#primaryimage\"},\"thumbnailUrl\":\"https:\\\/\\\/static.krafthand-truck.de\\\/uploads\\\/2023\\\/09\\\/IVECO_Shell_Bio_LMG_Netzero_EmissionTour.png\",\"datePublished\":\"2023-09-11T07:26:28+00:00\",\"dateModified\":\"2023-09-15T09:10:38+00:00\",\"author\":{\"@id\":\"https:\\\/\\\/www.krafthand.de\\\/truck\\\/#\\\/schema\\\/person\\\/51fa80b1c57034c4bf63f9f988fc24ce\"},\"description\":\"IVECO und Shell starten die Bio-LNG-Tour \u201eOn the road to net-zero emissions\\\". Es handelt sich um eine 10-t\u00e4gige Fernverkehrsreise mit einer mit Bio-LNG betriebenen Sattelzugmaschine.\",\"breadcrumb\":{\"@id\":\"https:\\\/\\\/www.krafthand.de\\\/truck\\\/artikel\\\/iveco-mit-shell-auf-bio-fluessiggas-tour-37219\\\/#breadcrumb\"},\"inLanguage\":\"de\",\"potentialAction\":[{\"@type\":\"ReadAction\",\"target\":[\"https:\\\/\\\/www.krafthand.de\\\/truck\\\/artikel\\\/iveco-mit-shell-auf-bio-fluessiggas-tour-37219\\\/\"]}]},{\"@type\":\"ImageObject\",\"inLanguage\":\"de\",\"@id\":\"https:\\\/\\\/www.krafthand.de\\\/truck\\\/artikel\\\/iveco-mit-shell-auf-bio-fluessiggas-tour-37219\\\/#primaryimage\",\"url\":\"https:\\\/\\\/static.krafthand-truck.de\\\/uploads\\\/2023\\\/09\\\/IVECO_Shell_Bio_LMG_Netzero_EmissionTour.png\",\"contentUrl\":\"https:\\\/\\\/static.krafthand-truck.de\\\/uploads\\\/2023\\\/09\\\/IVECO_Shell_Bio_LMG_Netzero_EmissionTour.png\",\"width\":1200,\"height\":696},{\"@type\":\"BreadcrumbList\",\"@id\":\"https:\\\/\\\/www.krafthand.de\\\/truck\\\/artikel\\\/iveco-mit-shell-auf-bio-fluessiggas-tour-37219\\\/#breadcrumb\",\"itemListElement\":[{\"@type\":\"ListItem\",\"position\":1,\"name\":\"Krafthand-Truck\",\"item\":\"https:\\\/\\\/www.krafthand.de\\\/truck\\\/\"},{\"@type\":\"ListItem\",\"position\":2,\"name\":\"Nfz-Technik\",\"item\":\"https:\\\/\\\/www.krafthand.de\\\/truck\\\/kategorie\\\/nfz-technik\\\/\"},{\"@type\":\"ListItem\",\"position\":3,\"name\":\"Alternative Kraftstoffe\",\"item\":\"https:\\\/\\\/www.krafthand.de\\\/truck\\\/kategorie\\\/nfz-technik\\\/alternative-kraftstoffe\\\/\"},{\"@type\":\"ListItem\",\"position\":4,\"name\":\"IVECO mit Shell auf Bio-Fl\u00fcssiggas-Tour\"}]},{\"@type\":\"WebSite\",\"@id\":\"https:\\\/\\\/www.krafthand.de\\\/truck\\\/#website\",\"url\":\"https:\\\/\\\/www.krafthand.de\\\/truck\\\/\",\"name\":\"Krafthand-Truck\",\"description\":\"\",\"potentialAction\":[{\"@type\":\"SearchAction\",\"target\":{\"@type\":\"EntryPoint\",\"urlTemplate\":\"https:\\\/\\\/www.krafthand.de\\\/truck\\\/?s={search_term_string}\"},\"query-input\":{\"@type\":\"PropertyValueSpecification\",\"valueRequired\":true,\"valueName\":\"search_term_string\"}}],\"inLanguage\":\"de\"},{\"@type\":\"Person\",\"@id\":\"https:\\\/\\\/www.krafthand.de\\\/truck\\\/#\\\/schema\\\/person\\\/51fa80b1c57034c4bf63f9f988fc24ce\",\"name\":\"georg.blenk@krafthand-medien.de\",\"image\":{\"@type\":\"ImageObject\",\"inLanguage\":\"de\",\"@id\":\"https:\\\/\\\/secure.gravatar.com\\\/avatar\\\/93713c30affe0aa95d3a4130e499bb1abee2eb31adbdd9ce2aa1543538490215?s=96&d=mm&r=g\",\"url\":\"https:\\\/\\\/secure.gravatar.com\\\/avatar\\\/93713c30affe0aa95d3a4130e499bb1abee2eb31adbdd9ce2aa1543538490215?s=96&d=mm&r=g\",\"contentUrl\":\"https:\\\/\\\/secure.gravatar.com\\\/avatar\\\/93713c30affe0aa95d3a4130e499bb1abee2eb31adbdd9ce2aa1543538490215?s=96&d=mm&r=g\",\"caption\":\"georg.blenk@krafthand-medien.de\"}}]}<\/script>\n<!-- \/ Yoast SEO plugin. -->","yoast_head_json":{"title":"IVECO mit Shell auf Bio-Fl\u00fcssiggas-Tour - Krafthand-Truck","description":"IVECO und Shell starten die Bio-LNG-Tour \u201eOn the road to net-zero emissions\". Es handelt sich um eine 10-t\u00e4gige Fernverkehrsreise mit einer mit Bio-LNG betriebenen Sattelzugmaschine.","robots":{"index":"index","follow":"follow","max-snippet":"max-snippet:-1","max-image-preview":"max-image-preview:large","max-video-preview":"max-video-preview:-1"},"canonical":"https:\/\/www.krafthand.de\/truck\/artikel\/iveco-mit-shell-auf-bio-fluessiggas-tour-37219\/","og_locale":"de_DE","og_type":"article","og_title":"IVECO mit Shell auf Bio-Fl\u00fcssiggas-Tour - Krafthand-Truck","og_description":"IVECO und Shell starten die Bio-LNG-Tour \u201eOn the road to net-zero emissions\". Es handelt sich um eine 10-t\u00e4gige Fernverkehrsreise mit einer mit Bio-LNG betriebenen Sattelzugmaschine.","og_url":"https:\/\/www.krafthand-truck.de\/artikel\/iveco-mit-shell-auf-bio-fluessiggas-tour-37219\/","og_site_name":"Krafthand-Truck","article_published_time":"2023-09-11T07:26:28+00:00","article_modified_time":"2023-09-15T09:10:38+00:00","og_image":[{"width":1200,"height":696,"url":"https:\/\/static.krafthand-truck.de\/uploads\/2023\/09\/IVECO_Shell_Bio_LMG_Netzero_EmissionTour.png","type":"image\/png"}],"author":"georg.blenk@krafthand-medien.de","twitter_card":"summary_large_image","twitter_misc":{"Verfasst von":"georg.blenk@krafthand-medien.de","Gesch\u00e4tzte Lesezeit":"2\u00a0Minuten"},"schema":{"@context":"https:\/\/schema.org","@graph":[{"@type":"Article","@id":"https:\/\/www.krafthand.de\/truck\/artikel\/iveco-mit-shell-auf-bio-fluessiggas-tour-37219\/#article","isPartOf":{"@id":"https:\/\/www.krafthand.de\/truck\/artikel\/iveco-mit-shell-auf-bio-fluessiggas-tour-37219\/"},"author":{"name":"georg.blenk@krafthand-medien.de","@id":"https:\/\/www.krafthand.de\/truck\/#\/schema\/person\/51fa80b1c57034c4bf63f9f988fc24ce"},"headline":"IVECO mit Shell auf Bio-Fl\u00fcssiggas-Tour","datePublished":"2023-09-11T07:26:28+00:00","dateModified":"2023-09-15T09:10:38+00:00","mainEntityOfPage":{"@id":"https:\/\/www.krafthand.de\/truck\/artikel\/iveco-mit-shell-auf-bio-fluessiggas-tour-37219\/"},"wordCount":430,"image":{"@id":"https:\/\/www.krafthand.de\/truck\/artikel\/iveco-mit-shell-auf-bio-fluessiggas-tour-37219\/#primaryimage"},"thumbnailUrl":"https:\/\/static.krafthand-truck.de\/uploads\/2023\/09\/IVECO_Shell_Bio_LMG_Netzero_EmissionTour.png","keywords":["Bio-LNG","Iveco","Shell"],"articleSection":["Alternative Kraftstoffe"],"inLanguage":"de"},{"@type":"WebPage","@id":"https:\/\/www.krafthand.de\/truck\/artikel\/iveco-mit-shell-auf-bio-fluessiggas-tour-37219\/","url":"https:\/\/www.krafthand.de\/truck\/artikel\/iveco-mit-shell-auf-bio-fluessiggas-tour-37219\/","name":"IVECO mit Shell auf Bio-Fl\u00fcssiggas-Tour - Krafthand-Truck","isPartOf":{"@id":"https:\/\/www.krafthand.de\/truck\/#website"},"primaryImageOfPage":{"@id":"https:\/\/www.krafthand.de\/truck\/artikel\/iveco-mit-shell-auf-bio-fluessiggas-tour-37219\/#primaryimage"},"image":{"@id":"https:\/\/www.krafthand.de\/truck\/artikel\/iveco-mit-shell-auf-bio-fluessiggas-tour-37219\/#primaryimage"},"thumbnailUrl":"https:\/\/static.krafthand-truck.de\/uploads\/2023\/09\/IVECO_Shell_Bio_LMG_Netzero_EmissionTour.png","datePublished":"2023-09-11T07:26:28+00:00","dateModified":"2023-09-15T09:10:38+00:00","author":{"@id":"https:\/\/www.krafthand.de\/truck\/#\/schema\/person\/51fa80b1c57034c4bf63f9f988fc24ce"},"description":"IVECO und Shell starten die Bio-LNG-Tour \u201eOn the road to net-zero emissions\". Es handelt sich um eine 10-t\u00e4gige Fernverkehrsreise mit einer mit Bio-LNG betriebenen Sattelzugmaschine.","breadcrumb":{"@id":"https:\/\/www.krafthand.de\/truck\/artikel\/iveco-mit-shell-auf-bio-fluessiggas-tour-37219\/#breadcrumb"},"inLanguage":"de","potentialAction":[{"@type":"ReadAction","target":["https:\/\/www.krafthand.de\/truck\/artikel\/iveco-mit-shell-auf-bio-fluessiggas-tour-37219\/"]}]},{"@type":"ImageObject","inLanguage":"de","@id":"https:\/\/www.krafthand.de\/truck\/artikel\/iveco-mit-shell-auf-bio-fluessiggas-tour-37219\/#primaryimage","url":"https:\/\/static.krafthand-truck.de\/uploads\/2023\/09\/IVECO_Shell_Bio_LMG_Netzero_EmissionTour.png","contentUrl":"https:\/\/static.krafthand-truck.de\/uploads\/2023\/09\/IVECO_Shell_Bio_LMG_Netzero_EmissionTour.png","width":1200,"height":696},{"@type":"BreadcrumbList","@id":"https:\/\/www.krafthand.de\/truck\/artikel\/iveco-mit-shell-auf-bio-fluessiggas-tour-37219\/#breadcrumb","itemListElement":[{"@type":"ListItem","position":1,"name":"Krafthand-Truck","item":"https:\/\/www.krafthand.de\/truck\/"},{"@type":"ListItem","position":2,"name":"Nfz-Technik","item":"https:\/\/www.krafthand.de\/truck\/kategorie\/nfz-technik\/"},{"@type":"ListItem","position":3,"name":"Alternative Kraftstoffe","item":"https:\/\/www.krafthand.de\/truck\/kategorie\/nfz-technik\/alternative-kraftstoffe\/"},{"@type":"ListItem","position":4,"name":"IVECO mit Shell auf Bio-Fl\u00fcssiggas-Tour"}]},{"@type":"WebSite","@id":"https:\/\/www.krafthand.de\/truck\/#website","url":"https:\/\/www.krafthand.de\/truck\/","name":"Krafthand-Truck","description":"","potentialAction":[{"@type":"SearchAction","target":{"@type":"EntryPoint","urlTemplate":"https:\/\/www.krafthand.de\/truck\/?s={search_term_string}"},"query-input":{"@type":"PropertyValueSpecification","valueRequired":true,"valueName":"search_term_string"}}],"inLanguage":"de"},{"@type":"Person","@id":"https:\/\/www.krafthand.de\/truck\/#\/schema\/person\/51fa80b1c57034c4bf63f9f988fc24ce","name":"georg.blenk@krafthand-medien.de","image":{"@type":"ImageObject","inLanguage":"de","@id":"https:\/\/secure.gravatar.com\/avatar\/93713c30affe0aa95d3a4130e499bb1abee2eb31adbdd9ce2aa1543538490215?s=96&d=mm&r=g","url":"https:\/\/secure.gravatar.com\/avatar\/93713c30affe0aa95d3a4130e499bb1abee2eb31adbdd9ce2aa1543538490215?s=96&d=mm&r=g","contentUrl":"https:\/\/secure.gravatar.com\/avatar\/93713c30affe0aa95d3a4130e499bb1abee2eb31adbdd9ce2aa1543538490215?s=96&d=mm&r=g","caption":"georg.blenk@krafthand-medien.de"}}]}},"_links":{"self":[{"href":"https:\/\/www.krafthand.de\/truck\/wp-json\/wp\/v2\/posts\/37219","targetHints":{"allow":["GET"]}}],"collection":[{"href":"https:\/\/www.krafthand.de\/truck\/wp-json\/wp\/v2\/posts"}],"about":[{"href":"https:\/\/www.krafthand.de\/truck\/wp-json\/wp\/v2\/types\/post"}],"author":[{"embeddable":true,"href":"https:\/\/www.krafthand.de\/truck\/wp-json\/wp\/v2\/users\/9"}],"replies":[{"embeddable":true,"href":"https:\/\/www.krafthand.de\/truck\/wp-json\/wp\/v2\/comments?post=37219"}],"version-history":[{"count":4,"href":"https:\/\/www.krafthand.de\/truck\/wp-json\/wp\/v2\/posts\/37219\/revisions"}],"predecessor-version":[{"id":37224,"href":"https:\/\/www.krafthand.de\/truck\/wp-json\/wp\/v2\/posts\/37219\/revisions\/37224"}],"wp:featuredmedia":[{"embeddable":true,"href":"https:\/\/www.krafthand.de\/truck\/wp-json\/wp\/v2\/media\/37223"}],"wp:attachment":[{"href":"https:\/\/www.krafthand.de\/truck\/wp-json\/wp\/v2\/media?parent=37219"}],"wp:term":[{"taxonomy":"category","embeddable":true,"href":"https:\/\/www.krafthand.de\/truck\/wp-json\/wp\/v2\/categories?post=37219"},{"taxonomy":"post_tag","embeddable":true,"href":"https:\/\/www.krafthand.de\/truck\/wp-json\/wp\/v2\/tags?post=37219"},{"taxonomy":"settings","embeddable":true,"href":"https:\/\/www.krafthand.de\/truck\/wp-json\/wp\/v2\/settings?post=37219"}],"curies":[{"name":"wp","href":"https:\/\/api.w.org\/{rel}","templated":true}]}}