{"id":37209,"date":"2023-09-08T10:56:17","date_gmt":"2023-09-08T08:56:17","guid":{"rendered":"https:\/\/www.krafthand.de\/truck\/?p=37209"},"modified":"2023-09-08T11:19:36","modified_gmt":"2023-09-08T09:19:36","slug":"mercedes-benz-special-trucks-zeigt-einsatzfahrzeuge-auf-der-firemobil","status":"publish","type":"post","link":"https:\/\/www.krafthand.de\/truck\/artikel\/mercedes-benz-special-trucks-zeigt-einsatzfahrzeuge-auf-der-firemobil-37209\/","title":{"rendered":"Mercedes-Benz Special Trucks zeigt Einsatzfahrzeuge auf der FIREmobil"},"content":{"rendered":"<p>Mercedes-Benz Special Trucks ist auf der FIREmobil, der Leistungsschau im Bereich Krisen- und Katastrophenschutz, mit acht Fahrzeugen vertreten. Neben den beiden Fahrzeugen der Baureihen Atego und Arocs zeigt Mercedes Benz Special Trucks auf seinem Stand im Freigel\u00e4nde sechs Unimog f\u00fcr den Einsatz im Alarmfall. Die ausgestellten Fahrzeuge decken ein breites Einsatzspektrum im Segment Katastrophenschutz und der bodennahen Brandbek\u00e4mpfung ab. Sie werden bei Feuerwehren, im Rettungsdienst und bei der Bundespolizei eingesetzt.<\/p>\n<figure id=\"attachment_37210\" aria-describedby=\"caption-attachment-37210\" style=\"width: 380px\" class=\"wp-caption alignright\"><a href=\"https:\/\/static.krafthand-truck.de\/uploads\/2023\/09\/Mercedes_Benz_Unimog_U530_Feuerwerhfahrzeug_Bai.png\" target=\"_blank\" rel=\"noopener\"><img fetchpriority=\"high\" decoding=\"async\" class=\"wp-image-37210\" src=\"https:\/\/static.krafthand-truck.de\/uploads\/2023\/09\/Mercedes_Benz_Unimog_U530_Feuerwerhfahrzeug_Bai-300x200.png\" alt=\"\" width=\"380\" height=\"253\" srcset=\"https:\/\/static.krafthand-truck.de\/uploads\/2023\/09\/Mercedes_Benz_Unimog_U530_Feuerwerhfahrzeug_Bai-300x200.png 300w, https:\/\/static.krafthand-truck.de\/uploads\/2023\/09\/Mercedes_Benz_Unimog_U530_Feuerwerhfahrzeug_Bai-1024x681.png 1024w, https:\/\/static.krafthand-truck.de\/uploads\/2023\/09\/Mercedes_Benz_Unimog_U530_Feuerwerhfahrzeug_Bai-768x511.png 768w, https:\/\/static.krafthand-truck.de\/uploads\/2023\/09\/Mercedes_Benz_Unimog_U530_Feuerwerhfahrzeug_Bai.png 1200w\" sizes=\"(max-width: 380px) 100vw, 380px\" \/><\/a><figcaption id=\"caption-attachment-37210\" class=\"wp-caption-text\">Unimog U 530, ausgestattet von BAI als Tankl\u00f6schfahrzeug (TLF 4000). Bild: Daimler Truck AG<\/figcaption><\/figure>\n<p>Die auf der <a href=\"https:\/\/neue-messe-fulda.de\/events\/firemobil\" target=\"_blank\" rel=\"noopener\">FIREmobil<\/a> ausgestellten Fahrzeuge sollen bei Bedrohungslagen wie Wald- und Vegetationsbr\u00e4nden, Extremwetter oder \u00dcberflutungen einen Beitrag zum effektiven Schutz der Bev\u00f6lkerung leisten. Mercedes-Benz Special Trucks pr\u00e4sentiert in diesem Rahmen vier Feuerwehr-Unimog U 5023 f\u00fcr das extreme Gel\u00e4nde, welche die Aufbauhersteller Schlingmann und <a href=\"https:\/\/www.rosenbauer.com\/de\/int\/world\" target=\"_blank\" rel=\"noopener\">Rosenbauer<\/a> f\u00fcr die Bek\u00e4mpfung vielf\u00e4ltiger Gefahrenlagen als TLF 2000 (Tankl\u00f6schfahrzeug mit 2000 Liter Tank), TLF 3000 sowie zu 2 speziellen Waldbrand-TLF umger\u00fcstet haben. Zu sehen ist au\u00dferdem ein Unimog Ger\u00e4tetr\u00e4ger U 530, der vom Aufbauhersteller <a href=\"https:\/\/www.bai.it\/de\/\" target=\"_blank\" rel=\"noopener\">BAI<\/a> zu einem TLF 4000 umgebaut wurde und 4000 Liter L\u00f6schwasser sowie 500 Liter Schaummittel fassen kann. Die Tankl\u00f6schfahrzeuge verf\u00fcgen zur Bew\u00e4ltigung ihrer Aufgaben \u00fcber verschiedene Ausstattungselemente, wie beispielsweise Hitzeschutzummantelungen, Ger\u00e4ter\u00e4ume, eine Wassertankheizung, Wasserspr\u00fchd\u00fcsen f\u00fcr die R\u00e4der und eine Selbstschutzeinrichtung f\u00fcr besonders kritische Situationen.<\/p>\n<p>Ein weiterer hochgel\u00e4ndeg\u00e4ngiger Unimog U 5023 wurde von der Firma Binz zum Ambulanzfahrzeug aufgebaut. Aus der Baureihe Atego steht f\u00fcr die Besucher ein von <a href=\"https:\/\/www.schlingmann112.de\/unimog\/\" target=\"_blank\" rel=\"noopener\">Schlingmann<\/a> umger\u00fcsteter Allrad-Lkw mit Feuerwehrausstattung bereit. Au\u00dferdem ist auf der Messe ein Arocs 1842 HAD zu sehen, den Rosenbauer ausgestattet hat.<\/p>\n<p>Die FIREmobil findet vom 14.\u201316. September im brandenburgischen Welzow statt. <a href=\"https:\/\/special.mercedes-benz-trucks.com\/de\/\" target=\"_blank\" rel=\"noopener\">Mercedes-Benz Special Trucks<\/a> stellt im Freigel\u00e4nde 5 aus. Von dort aus k\u00f6nnen interessierte Besucher an Bord zweier weiterer Offroad Unimog die Gel\u00e4ndeg\u00e4ngigkeit der Fahrzeuge bei einer Fahrt mit Profifahrern \u00fcber den Au\u00dfenparcours live erleben.<\/p>\n","protected":false},"excerpt":{"rendered":"<p>Mercedes-Benz Special Trucks ist auf der FIREmobil, der Leistungsschau im Bereich Krisen- und Katastrophenschutz, mit acht Fahrzeugen vertreten. Neben den beiden Fahrzeugen der Baureihen Atego und Arocs zeigt Mercedes Benz Special Trucks auf seinem Stand im Freigel\u00e4nde sechs Unimog f\u00fcr den Einsatz im Alarmfall. <span class=\"excerpt-more__dots\">&#8230;<\/span> <a class=\"excerpt-more__link\" href=\"https:\/\/www.krafthand.de\/truck\/artikel\/mercedes-benz-special-trucks-zeigt-einsatzfahrzeuge-auf-der-firemobil-37209\/\" >weiter<\/a><\/p>\n","protected":false},"author":9,"featured_media":37212,"comment_status":"closed","ping_status":"closed","sticky":false,"template":"","format":"standard","meta":{"footnotes":""},"categories":[4236],"tags":[5723,4492,5028,5726,5725,479,5727,5724,3589],"settings":[3523],"class_list":["post-37209","post","type-post","status-publish","format-standard","has-post-thumbnail","hentry","category-veranstaltungen","tag-bai","tag-daimler-truck","tag-feuerwehr","tag-firemobil","tag-katastrophenschutz","tag-mercedes-benz","tag-rosenbauer","tag-schlingmann","tag-unimog"],"yoast_head":"<!-- This site is optimized with the Yoast SEO plugin v27.3 - https:\/\/yoast.com\/product\/yoast-seo-wordpress\/ -->\n<title>Mercedes-Benz Special Trucks zeigt Einsatzfahrzeuge auf der FIREmobil - Krafthand-Truck<\/title>\n<meta name=\"description\" content=\"Mercedes-Benz Special Trucks ist auf der FIREmobil, der Leistungsschau im Bereich Krisen- und Katastrophenschutz, mit acht Fahrzeugen vertreten.\" \/>\n<meta name=\"robots\" content=\"index, follow, max-snippet:-1, max-image-preview:large, max-video-preview:-1\" \/>\n<link rel=\"canonical\" href=\"https:\/\/www.krafthand.de\/truck\/artikel\/mercedes-benz-special-trucks-zeigt-einsatzfahrzeuge-auf-der-firemobil-37209\/\" \/>\n<meta property=\"og:locale\" content=\"de_DE\" \/>\n<meta property=\"og:type\" content=\"article\" \/>\n<meta property=\"og:title\" content=\"Mercedes-Benz Special Trucks zeigt Einsatzfahrzeuge auf der FIREmobil - Krafthand-Truck\" \/>\n<meta property=\"og:description\" content=\"Mercedes-Benz Special Trucks ist auf der FIREmobil, der Leistungsschau im Bereich Krisen- und Katastrophenschutz, mit acht Fahrzeugen vertreten.\" \/>\n<meta property=\"og:url\" content=\"https:\/\/www.krafthand-truck.de\/artikel\/mercedes-benz-special-trucks-zeigt-einsatzfahrzeuge-auf-der-firemobil-37209\/\" \/>\n<meta property=\"og:site_name\" content=\"Krafthand-Truck\" \/>\n<meta property=\"article:published_time\" content=\"2023-09-08T08:56:17+00:00\" \/>\n<meta property=\"article:modified_time\" content=\"2023-09-08T09:19:36+00:00\" \/>\n<meta property=\"og:image\" content=\"https:\/\/static.krafthand-truck.de\/uploads\/2023\/09\/Mercedes_Benz_Unimog_TLF_3000_Schlingmann.png\" \/>\n\t<meta property=\"og:image:width\" content=\"1200\" \/>\n\t<meta property=\"og:image:height\" content=\"800\" \/>\n\t<meta property=\"og:image:type\" content=\"image\/png\" \/>\n<meta name=\"author\" content=\"georg.blenk@krafthand-medien.de\" \/>\n<meta name=\"twitter:card\" content=\"summary_large_image\" \/>\n<meta name=\"twitter:label1\" content=\"Verfasst von\" \/>\n\t<meta name=\"twitter:data1\" content=\"georg.blenk@krafthand-medien.de\" \/>\n\t<meta name=\"twitter:label2\" content=\"Gesch\u00e4tzte Lesezeit\" \/>\n\t<meta name=\"twitter:data2\" content=\"2\u00a0Minuten\" \/>\n<script type=\"application\/ld+json\" class=\"yoast-schema-graph\">{\"@context\":\"https:\\\/\\\/schema.org\",\"@graph\":[{\"@type\":\"Article\",\"@id\":\"https:\\\/\\\/www.krafthand.de\\\/truck\\\/artikel\\\/mercedes-benz-special-trucks-zeigt-einsatzfahrzeuge-auf-der-firemobil-37209\\\/#article\",\"isPartOf\":{\"@id\":\"https:\\\/\\\/www.krafthand.de\\\/truck\\\/artikel\\\/mercedes-benz-special-trucks-zeigt-einsatzfahrzeuge-auf-der-firemobil-37209\\\/\"},\"author\":{\"name\":\"georg.blenk@krafthand-medien.de\",\"@id\":\"https:\\\/\\\/www.krafthand.de\\\/truck\\\/#\\\/schema\\\/person\\\/51fa80b1c57034c4bf63f9f988fc24ce\"},\"headline\":\"Mercedes-Benz Special Trucks zeigt Einsatzfahrzeuge auf der FIREmobil\",\"datePublished\":\"2023-09-08T08:56:17+00:00\",\"dateModified\":\"2023-09-08T09:19:36+00:00\",\"mainEntityOfPage\":{\"@id\":\"https:\\\/\\\/www.krafthand.de\\\/truck\\\/artikel\\\/mercedes-benz-special-trucks-zeigt-einsatzfahrzeuge-auf-der-firemobil-37209\\\/\"},\"wordCount\":334,\"image\":{\"@id\":\"https:\\\/\\\/www.krafthand.de\\\/truck\\\/artikel\\\/mercedes-benz-special-trucks-zeigt-einsatzfahrzeuge-auf-der-firemobil-37209\\\/#primaryimage\"},\"thumbnailUrl\":\"https:\\\/\\\/static.krafthand-truck.de\\\/uploads\\\/2023\\\/09\\\/Mercedes_Benz_Unimog_TLF_3000_Schlingmann.png\",\"keywords\":[\"Bai\",\"Daimler Truck\",\"Feuerwehr\",\"FireMobil\",\"Katastrophenschutz\",\"Mercedes-Benz\",\"Rosenbauer\",\"Schlingmann\",\"Unimog\"],\"articleSection\":[\"Veranstaltungen\\\/Messen\"],\"inLanguage\":\"de\"},{\"@type\":\"WebPage\",\"@id\":\"https:\\\/\\\/www.krafthand.de\\\/truck\\\/artikel\\\/mercedes-benz-special-trucks-zeigt-einsatzfahrzeuge-auf-der-firemobil-37209\\\/\",\"url\":\"https:\\\/\\\/www.krafthand.de\\\/truck\\\/artikel\\\/mercedes-benz-special-trucks-zeigt-einsatzfahrzeuge-auf-der-firemobil-37209\\\/\",\"name\":\"Mercedes-Benz Special Trucks zeigt Einsatzfahrzeuge auf der FIREmobil - Krafthand-Truck\",\"isPartOf\":{\"@id\":\"https:\\\/\\\/www.krafthand.de\\\/truck\\\/#website\"},\"primaryImageOfPage\":{\"@id\":\"https:\\\/\\\/www.krafthand.de\\\/truck\\\/artikel\\\/mercedes-benz-special-trucks-zeigt-einsatzfahrzeuge-auf-der-firemobil-37209\\\/#primaryimage\"},\"image\":{\"@id\":\"https:\\\/\\\/www.krafthand.de\\\/truck\\\/artikel\\\/mercedes-benz-special-trucks-zeigt-einsatzfahrzeuge-auf-der-firemobil-37209\\\/#primaryimage\"},\"thumbnailUrl\":\"https:\\\/\\\/static.krafthand-truck.de\\\/uploads\\\/2023\\\/09\\\/Mercedes_Benz_Unimog_TLF_3000_Schlingmann.png\",\"datePublished\":\"2023-09-08T08:56:17+00:00\",\"dateModified\":\"2023-09-08T09:19:36+00:00\",\"author\":{\"@id\":\"https:\\\/\\\/www.krafthand.de\\\/truck\\\/#\\\/schema\\\/person\\\/51fa80b1c57034c4bf63f9f988fc24ce\"},\"description\":\"Mercedes-Benz Special Trucks ist auf der FIREmobil, der Leistungsschau im Bereich Krisen- und Katastrophenschutz, mit acht Fahrzeugen vertreten.\",\"breadcrumb\":{\"@id\":\"https:\\\/\\\/www.krafthand.de\\\/truck\\\/artikel\\\/mercedes-benz-special-trucks-zeigt-einsatzfahrzeuge-auf-der-firemobil-37209\\\/#breadcrumb\"},\"inLanguage\":\"de\",\"potentialAction\":[{\"@type\":\"ReadAction\",\"target\":[\"https:\\\/\\\/www.krafthand.de\\\/truck\\\/artikel\\\/mercedes-benz-special-trucks-zeigt-einsatzfahrzeuge-auf-der-firemobil-37209\\\/\"]}]},{\"@type\":\"ImageObject\",\"inLanguage\":\"de\",\"@id\":\"https:\\\/\\\/www.krafthand.de\\\/truck\\\/artikel\\\/mercedes-benz-special-trucks-zeigt-einsatzfahrzeuge-auf-der-firemobil-37209\\\/#primaryimage\",\"url\":\"https:\\\/\\\/static.krafthand-truck.de\\\/uploads\\\/2023\\\/09\\\/Mercedes_Benz_Unimog_TLF_3000_Schlingmann.png\",\"contentUrl\":\"https:\\\/\\\/static.krafthand-truck.de\\\/uploads\\\/2023\\\/09\\\/Mercedes_Benz_Unimog_TLF_3000_Schlingmann.png\",\"width\":1200,\"height\":800,\"caption\":\"Unimog U 5023 Tankl\u00f6schfahrzeug TLF 3000 von Schlingmann. Bild: Daimler Truck AG\"},{\"@type\":\"BreadcrumbList\",\"@id\":\"https:\\\/\\\/www.krafthand.de\\\/truck\\\/artikel\\\/mercedes-benz-special-trucks-zeigt-einsatzfahrzeuge-auf-der-firemobil-37209\\\/#breadcrumb\",\"itemListElement\":[{\"@type\":\"ListItem\",\"position\":1,\"name\":\"Krafthand-Truck\",\"item\":\"https:\\\/\\\/www.krafthand.de\\\/truck\\\/\"},{\"@type\":\"ListItem\",\"position\":2,\"name\":\"Nfz-Branche\",\"item\":\"https:\\\/\\\/www.krafthand.de\\\/truck\\\/kategorie\\\/branche\\\/\"},{\"@type\":\"ListItem\",\"position\":3,\"name\":\"Veranstaltungen\\\/Messen\",\"item\":\"https:\\\/\\\/www.krafthand.de\\\/truck\\\/kategorie\\\/branche\\\/veranstaltungen\\\/\"},{\"@type\":\"ListItem\",\"position\":4,\"name\":\"Mercedes-Benz Special Trucks zeigt Einsatzfahrzeuge auf der FIREmobil\"}]},{\"@type\":\"WebSite\",\"@id\":\"https:\\\/\\\/www.krafthand.de\\\/truck\\\/#website\",\"url\":\"https:\\\/\\\/www.krafthand.de\\\/truck\\\/\",\"name\":\"Krafthand-Truck\",\"description\":\"\",\"potentialAction\":[{\"@type\":\"SearchAction\",\"target\":{\"@type\":\"EntryPoint\",\"urlTemplate\":\"https:\\\/\\\/www.krafthand.de\\\/truck\\\/?s={search_term_string}\"},\"query-input\":{\"@type\":\"PropertyValueSpecification\",\"valueRequired\":true,\"valueName\":\"search_term_string\"}}],\"inLanguage\":\"de\"},{\"@type\":\"Person\",\"@id\":\"https:\\\/\\\/www.krafthand.de\\\/truck\\\/#\\\/schema\\\/person\\\/51fa80b1c57034c4bf63f9f988fc24ce\",\"name\":\"georg.blenk@krafthand-medien.de\",\"image\":{\"@type\":\"ImageObject\",\"inLanguage\":\"de\",\"@id\":\"https:\\\/\\\/secure.gravatar.com\\\/avatar\\\/93713c30affe0aa95d3a4130e499bb1abee2eb31adbdd9ce2aa1543538490215?s=96&d=mm&r=g\",\"url\":\"https:\\\/\\\/secure.gravatar.com\\\/avatar\\\/93713c30affe0aa95d3a4130e499bb1abee2eb31adbdd9ce2aa1543538490215?s=96&d=mm&r=g\",\"contentUrl\":\"https:\\\/\\\/secure.gravatar.com\\\/avatar\\\/93713c30affe0aa95d3a4130e499bb1abee2eb31adbdd9ce2aa1543538490215?s=96&d=mm&r=g\",\"caption\":\"georg.blenk@krafthand-medien.de\"}}]}<\/script>\n<!-- \/ Yoast SEO plugin. -->","yoast_head_json":{"title":"Mercedes-Benz Special Trucks zeigt Einsatzfahrzeuge auf der FIREmobil - Krafthand-Truck","description":"Mercedes-Benz Special Trucks ist auf der FIREmobil, der Leistungsschau im Bereich Krisen- und Katastrophenschutz, mit acht Fahrzeugen vertreten.","robots":{"index":"index","follow":"follow","max-snippet":"max-snippet:-1","max-image-preview":"max-image-preview:large","max-video-preview":"max-video-preview:-1"},"canonical":"https:\/\/www.krafthand.de\/truck\/artikel\/mercedes-benz-special-trucks-zeigt-einsatzfahrzeuge-auf-der-firemobil-37209\/","og_locale":"de_DE","og_type":"article","og_title":"Mercedes-Benz Special Trucks zeigt Einsatzfahrzeuge auf der FIREmobil - Krafthand-Truck","og_description":"Mercedes-Benz Special Trucks ist auf der FIREmobil, der Leistungsschau im Bereich Krisen- und Katastrophenschutz, mit acht Fahrzeugen vertreten.","og_url":"https:\/\/www.krafthand-truck.de\/artikel\/mercedes-benz-special-trucks-zeigt-einsatzfahrzeuge-auf-der-firemobil-37209\/","og_site_name":"Krafthand-Truck","article_published_time":"2023-09-08T08:56:17+00:00","article_modified_time":"2023-09-08T09:19:36+00:00","og_image":[{"width":1200,"height":800,"url":"https:\/\/static.krafthand-truck.de\/uploads\/2023\/09\/Mercedes_Benz_Unimog_TLF_3000_Schlingmann.png","type":"image\/png"}],"author":"georg.blenk@krafthand-medien.de","twitter_card":"summary_large_image","twitter_misc":{"Verfasst von":"georg.blenk@krafthand-medien.de","Gesch\u00e4tzte Lesezeit":"2\u00a0Minuten"},"schema":{"@context":"https:\/\/schema.org","@graph":[{"@type":"Article","@id":"https:\/\/www.krafthand.de\/truck\/artikel\/mercedes-benz-special-trucks-zeigt-einsatzfahrzeuge-auf-der-firemobil-37209\/#article","isPartOf":{"@id":"https:\/\/www.krafthand.de\/truck\/artikel\/mercedes-benz-special-trucks-zeigt-einsatzfahrzeuge-auf-der-firemobil-37209\/"},"author":{"name":"georg.blenk@krafthand-medien.de","@id":"https:\/\/www.krafthand.de\/truck\/#\/schema\/person\/51fa80b1c57034c4bf63f9f988fc24ce"},"headline":"Mercedes-Benz Special Trucks zeigt Einsatzfahrzeuge auf der FIREmobil","datePublished":"2023-09-08T08:56:17+00:00","dateModified":"2023-09-08T09:19:36+00:00","mainEntityOfPage":{"@id":"https:\/\/www.krafthand.de\/truck\/artikel\/mercedes-benz-special-trucks-zeigt-einsatzfahrzeuge-auf-der-firemobil-37209\/"},"wordCount":334,"image":{"@id":"https:\/\/www.krafthand.de\/truck\/artikel\/mercedes-benz-special-trucks-zeigt-einsatzfahrzeuge-auf-der-firemobil-37209\/#primaryimage"},"thumbnailUrl":"https:\/\/static.krafthand-truck.de\/uploads\/2023\/09\/Mercedes_Benz_Unimog_TLF_3000_Schlingmann.png","keywords":["Bai","Daimler Truck","Feuerwehr","FireMobil","Katastrophenschutz","Mercedes-Benz","Rosenbauer","Schlingmann","Unimog"],"articleSection":["Veranstaltungen\/Messen"],"inLanguage":"de"},{"@type":"WebPage","@id":"https:\/\/www.krafthand.de\/truck\/artikel\/mercedes-benz-special-trucks-zeigt-einsatzfahrzeuge-auf-der-firemobil-37209\/","url":"https:\/\/www.krafthand.de\/truck\/artikel\/mercedes-benz-special-trucks-zeigt-einsatzfahrzeuge-auf-der-firemobil-37209\/","name":"Mercedes-Benz Special Trucks zeigt Einsatzfahrzeuge auf der FIREmobil - Krafthand-Truck","isPartOf":{"@id":"https:\/\/www.krafthand.de\/truck\/#website"},"primaryImageOfPage":{"@id":"https:\/\/www.krafthand.de\/truck\/artikel\/mercedes-benz-special-trucks-zeigt-einsatzfahrzeuge-auf-der-firemobil-37209\/#primaryimage"},"image":{"@id":"https:\/\/www.krafthand.de\/truck\/artikel\/mercedes-benz-special-trucks-zeigt-einsatzfahrzeuge-auf-der-firemobil-37209\/#primaryimage"},"thumbnailUrl":"https:\/\/static.krafthand-truck.de\/uploads\/2023\/09\/Mercedes_Benz_Unimog_TLF_3000_Schlingmann.png","datePublished":"2023-09-08T08:56:17+00:00","dateModified":"2023-09-08T09:19:36+00:00","author":{"@id":"https:\/\/www.krafthand.de\/truck\/#\/schema\/person\/51fa80b1c57034c4bf63f9f988fc24ce"},"description":"Mercedes-Benz Special Trucks ist auf der FIREmobil, der Leistungsschau im Bereich Krisen- und Katastrophenschutz, mit acht Fahrzeugen vertreten.","breadcrumb":{"@id":"https:\/\/www.krafthand.de\/truck\/artikel\/mercedes-benz-special-trucks-zeigt-einsatzfahrzeuge-auf-der-firemobil-37209\/#breadcrumb"},"inLanguage":"de","potentialAction":[{"@type":"ReadAction","target":["https:\/\/www.krafthand.de\/truck\/artikel\/mercedes-benz-special-trucks-zeigt-einsatzfahrzeuge-auf-der-firemobil-37209\/"]}]},{"@type":"ImageObject","inLanguage":"de","@id":"https:\/\/www.krafthand.de\/truck\/artikel\/mercedes-benz-special-trucks-zeigt-einsatzfahrzeuge-auf-der-firemobil-37209\/#primaryimage","url":"https:\/\/static.krafthand-truck.de\/uploads\/2023\/09\/Mercedes_Benz_Unimog_TLF_3000_Schlingmann.png","contentUrl":"https:\/\/static.krafthand-truck.de\/uploads\/2023\/09\/Mercedes_Benz_Unimog_TLF_3000_Schlingmann.png","width":1200,"height":800,"caption":"Unimog U 5023 Tankl\u00f6schfahrzeug TLF 3000 von Schlingmann. Bild: Daimler Truck AG"},{"@type":"BreadcrumbList","@id":"https:\/\/www.krafthand.de\/truck\/artikel\/mercedes-benz-special-trucks-zeigt-einsatzfahrzeuge-auf-der-firemobil-37209\/#breadcrumb","itemListElement":[{"@type":"ListItem","position":1,"name":"Krafthand-Truck","item":"https:\/\/www.krafthand.de\/truck\/"},{"@type":"ListItem","position":2,"name":"Nfz-Branche","item":"https:\/\/www.krafthand.de\/truck\/kategorie\/branche\/"},{"@type":"ListItem","position":3,"name":"Veranstaltungen\/Messen","item":"https:\/\/www.krafthand.de\/truck\/kategorie\/branche\/veranstaltungen\/"},{"@type":"ListItem","position":4,"name":"Mercedes-Benz Special Trucks zeigt Einsatzfahrzeuge auf der FIREmobil"}]},{"@type":"WebSite","@id":"https:\/\/www.krafthand.de\/truck\/#website","url":"https:\/\/www.krafthand.de\/truck\/","name":"Krafthand-Truck","description":"","potentialAction":[{"@type":"SearchAction","target":{"@type":"EntryPoint","urlTemplate":"https:\/\/www.krafthand.de\/truck\/?s={search_term_string}"},"query-input":{"@type":"PropertyValueSpecification","valueRequired":true,"valueName":"search_term_string"}}],"inLanguage":"de"},{"@type":"Person","@id":"https:\/\/www.krafthand.de\/truck\/#\/schema\/person\/51fa80b1c57034c4bf63f9f988fc24ce","name":"georg.blenk@krafthand-medien.de","image":{"@type":"ImageObject","inLanguage":"de","@id":"https:\/\/secure.gravatar.com\/avatar\/93713c30affe0aa95d3a4130e499bb1abee2eb31adbdd9ce2aa1543538490215?s=96&d=mm&r=g","url":"https:\/\/secure.gravatar.com\/avatar\/93713c30affe0aa95d3a4130e499bb1abee2eb31adbdd9ce2aa1543538490215?s=96&d=mm&r=g","contentUrl":"https:\/\/secure.gravatar.com\/avatar\/93713c30affe0aa95d3a4130e499bb1abee2eb31adbdd9ce2aa1543538490215?s=96&d=mm&r=g","caption":"georg.blenk@krafthand-medien.de"}}]}},"_links":{"self":[{"href":"https:\/\/www.krafthand.de\/truck\/wp-json\/wp\/v2\/posts\/37209","targetHints":{"allow":["GET"]}}],"collection":[{"href":"https:\/\/www.krafthand.de\/truck\/wp-json\/wp\/v2\/posts"}],"about":[{"href":"https:\/\/www.krafthand.de\/truck\/wp-json\/wp\/v2\/types\/post"}],"author":[{"embeddable":true,"href":"https:\/\/www.krafthand.de\/truck\/wp-json\/wp\/v2\/users\/9"}],"replies":[{"embeddable":true,"href":"https:\/\/www.krafthand.de\/truck\/wp-json\/wp\/v2\/comments?post=37209"}],"version-history":[{"count":7,"href":"https:\/\/www.krafthand.de\/truck\/wp-json\/wp\/v2\/posts\/37209\/revisions"}],"predecessor-version":[{"id":37218,"href":"https:\/\/www.krafthand.de\/truck\/wp-json\/wp\/v2\/posts\/37209\/revisions\/37218"}],"wp:featuredmedia":[{"embeddable":true,"href":"https:\/\/www.krafthand.de\/truck\/wp-json\/wp\/v2\/media\/37212"}],"wp:attachment":[{"href":"https:\/\/www.krafthand.de\/truck\/wp-json\/wp\/v2\/media?parent=37209"}],"wp:term":[{"taxonomy":"category","embeddable":true,"href":"https:\/\/www.krafthand.de\/truck\/wp-json\/wp\/v2\/categories?post=37209"},{"taxonomy":"post_tag","embeddable":true,"href":"https:\/\/www.krafthand.de\/truck\/wp-json\/wp\/v2\/tags?post=37209"},{"taxonomy":"settings","embeddable":true,"href":"https:\/\/www.krafthand.de\/truck\/wp-json\/wp\/v2\/settings?post=37209"}],"curies":[{"name":"wp","href":"https:\/\/api.w.org\/{rel}","templated":true}]}}