{"id":37066,"date":"2023-09-04T09:59:04","date_gmt":"2023-09-04T07:59:04","guid":{"rendered":"https:\/\/www.krafthand.de\/truck\/?p=37066"},"modified":"2023-09-04T10:26:07","modified_gmt":"2023-09-04T08:26:07","slug":"die-branche-ist-im-wandel-wie-nie","status":"publish","type":"post","link":"https:\/\/www.krafthand.de\/truck\/artikel\/die-branche-ist-im-wandel-wie-nie-37066\/","title":{"rendered":"\u201eDie Branche ist im Wandel wie nie\u201c"},"content":{"rendered":"<p>SAF-HOLLAND SE mit Sitz in Bessenbach bei Aschaffenburg z\u00e4hlt zu den international f\u00fchrenden Herstellern von fahrwerksbezogenen Baugruppen f\u00fcr Trailer und Lkw. Das Unternehmen besch\u00e4ftigt heute rund 5.900 Mitarbeiter und erzielte im Jahr 2022 einen Gesamtumsatz von rund 1.565 Millionen Euro. Die Produktpalette umfasst neben Achs- und Federungssystemen auch Sattelkupplungen, Kupplungssysteme, K\u00f6nigszapfen und St\u00fctzwinden und wird unter den Marken SAF, Holland, <a href=\"https:\/\/www.haldex.com\/de\/Europe\/\" target=\"_blank\" rel=\"noopener\">Haldex<\/a>, Neway, KLL, V.ORLANDI, TrailerMaster und York vertrieben. Was den Aftermarket angeht, liefert SAF-HOLLAND Ersatzteile an Service-Netzwerke der Hersteller sowie an den Gro\u00dfhandel und bedient \u00fcber Verteilungszentren auch ein eigenes globales Vertriebsnetz f\u00fcr Endkunden und Servicest\u00fctzpunkte.<br \/>\nWir haben uns mit Manuel Balles, Vice President Aftermarket EMEA bei <a href=\"https:\/\/safholland.com\/de\/de\/\" target=\"_blank\" rel=\"noopener\">SAF-HOLLAND<\/a> \u00fcber seinen Werdegang, das Unternehmen und die Herausforderungen des Nfz-Marktes unterhalten.<\/p>\n<figure id=\"attachment_37069\" aria-describedby=\"caption-attachment-37069\" style=\"width: 180px\" class=\"wp-caption alignright\"><a href=\"https:\/\/static.krafthand-truck.de\/uploads\/2023\/09\/SAF_Holland_Manuel_Balles_02.jpg\" target=\"_blank\" rel=\"noopener\"><img decoding=\"async\" class=\"wp-image-37069\" src=\"https:\/\/static.krafthand-truck.de\/uploads\/2023\/09\/SAF_Holland_Manuel_Balles_02-208x300.jpg\" alt=\"\" width=\"180\" height=\"259\" srcset=\"https:\/\/static.krafthand-truck.de\/uploads\/2023\/09\/SAF_Holland_Manuel_Balles_02-208x300.jpg 208w, https:\/\/static.krafthand-truck.de\/uploads\/2023\/09\/SAF_Holland_Manuel_Balles_02.jpg 680w\" sizes=\"(max-width: 180px) 100vw, 180px\" \/><\/a><figcaption id=\"caption-attachment-37069\" class=\"wp-caption-text\">Manuel Balles, Vice President Aftermarket EMEA bei SAF-HOLLAND.<\/figcaption><\/figure>\n<p><strong>Herr Balles, Sie haben zu Beginn Ihrer beruflichen Karriere eine Ausbildung zum Kfz-Mechatroniker gemacht, sp\u00e4ter mit dem \u201aProfessional MBA Automotive Industrie\u2018 ein Studium abgeschlossen. Jetzt sind Sie in einem global-agierenden Konzern im oberen Management t\u00e4tig. Was treibt Sie an?<\/strong><br \/>\n<em>Ich w\u00fcrde es so beschreiben, dass mein t\u00e4glicher Antrieb immer etwas mit einem kleinen Blick in meine Vergangenheit zu tun hat. Wie Sie erw\u00e4hnt haben, komme ich aus der Werkstatt und habe vielleicht nicht gerade den klassischen Werdegang zur\u00fcckgelegt wie andere auf meiner Position. Mir wurde sehr viel Vertrauen und Unterst\u00fctzung entgegengebracht \u2013 hierf\u00fcr bin ich unheimlich dankbar und gebe dieses immer wieder gerne zur\u00fcck. Nat\u00fcrlich treiben mich auch unsere Kunden an: Mein gro\u00dfes Ziel ist es, bestm\u00f6glich auf deren Bed\u00fcrfnisse einzugehen und diese schnell mit Ersatzteilen beliefern zu k\u00f6nnen.<\/em><\/p>\n<p><strong>Sie haben also Ihr \u201aHandwerk\u2018 von der Pike auf gelernt. Inwieweit kommt Ihnen noch heute die Mechatroniker-Ausbildung zugute?<\/strong><br \/>\n<em>Die Produkte von SAF-HOLLAND sind sehr technisch, somit ist mein Hintergrund nat\u00fcrlich von Vorteil und ein wirklich guter t\u00e4glicher Begleiter. Hierzu kommt, dass ich auch heute immer noch sehr gerne Hand anlege. H\u00e4ufig trifft man mich im Lager an, wo ich mich an der Optimierung von Abl\u00e4ufen bei Warenstr\u00f6men beteilige. Dar\u00fcber hinaus kommt mir meine Ausbildung zugute, wenn ich an der stetigen Weiterentwicklung und Verbesserung unserer Produkte und Ersatzteilkits mitwirke.<\/em><\/p>\n<p><strong>Tats\u00e4chlich klagen zahlreiche Nfz-Werkst\u00e4tten \u00fcber Nachwuchsmangel. Das Berufsbild des Kfz-\/Nfz-Mechatronikers ist doch so spannend wie nie?<br \/>\n<\/strong><em>Ich kann jedem jungen Menschen nur empfehlen, einen handwerklichen Beruf zu erlernen. Gerade im Bereich Fahrzeugtechnik\/Mechatronik hat sich in den letzten Jahren so viel Interessantes getan. Die Branche und das Berufsbild sind im Wandel wie nie. Einerseits spielt die Digitalisierung eine immer gr\u00f6\u00dfere Rolle, andererseits entwickeln sich die Produkte im Nutzfahrzeugbereich weiter und der Anteil an elektrischen Bauteilen nimmt zu. Ich finde es sehr spannend, diese Entwicklungen mit zu begleiten und voranzutreiben.<\/em><\/p>\n<blockquote><p>\u201eIch kann jedem jungen Menschen nur empfehlen, einen handwerklichen Beruf zu erlernen.\u201c<\/p><\/blockquote>\n<p>&nbsp;<\/p>\n<figure id=\"attachment_37070\" aria-describedby=\"caption-attachment-37070\" style=\"width: 800px\" class=\"wp-caption aligncenter\"><img fetchpriority=\"high\" decoding=\"async\" class=\"wp-image-37070\" src=\"https:\/\/static.krafthand-truck.de\/uploads\/2023\/09\/SAF_Holland_Produktion_Qualitaetskontrolle-300x201.jpg\" alt=\"\" width=\"800\" height=\"535\" srcset=\"https:\/\/static.krafthand-truck.de\/uploads\/2023\/09\/SAF_Holland_Produktion_Qualitaetskontrolle-300x201.jpg 300w, https:\/\/static.krafthand-truck.de\/uploads\/2023\/09\/SAF_Holland_Produktion_Qualitaetskontrolle-1024x685.jpg 1024w, https:\/\/static.krafthand-truck.de\/uploads\/2023\/09\/SAF_Holland_Produktion_Qualitaetskontrolle-768x514.jpg 768w, https:\/\/static.krafthand-truck.de\/uploads\/2023\/09\/SAF_Holland_Produktion_Qualitaetskontrolle.jpg 1200w\" sizes=\"(max-width: 800px) 100vw, 800px\" \/><figcaption id=\"caption-attachment-37070\" class=\"wp-caption-text\">Servohydraulische Pr\u00fcfanlage f\u00fcr Trailerachsen zur Simulation unterschiedlicher Lastzust\u00e4nde.<\/figcaption><\/figure>\n<p><strong>Kommen wir zum Nfz-Aftermarket: Welchen Mehrwert bietet das SAF-HOLLAND I.Q.-Portal den Nfz-Betrieben?<\/strong><br \/>\n<em>Das SAF-HOLLAND I.Q.-Portal b\u00fcndelt alle verf\u00fcgbaren Informationen rund um die SAF-HOLLAND-Produkte, um mehr Service-Qualit\u00e4t zu gew\u00e4hrleisten. Die Plattform umfasst unter anderem den elektronischen Ersatzteilkatalog \u201aParts on Demand\u2018 (POD) und den \u201aService Report\u2018 als Online-Formular zur Garantieabwicklung. Au\u00dferdem finden Kunden unter \u201aSchulungen\u2018 E-Learnings, die Pr\u00e4senzkurse erg\u00e4nzen oder vorbereiten. F\u00fcr Informationen und technische Dokumentationen zu unseren Marken SAF, Holland, V.Orlandi und York ist die Wissensdatenbank \u201aKnowledge Center\u2018 zentrale Anlaufstelle.<\/em><\/p>\n<div class=\"infobox box-grey\"><\/p>\n<p><strong>Zur Person &#8211; Manuel Balles<\/strong><br \/>\nNach seiner Ausbildung und T\u00e4tigkeit als Mechaniker hat <strong>Manuel Balles<\/strong> 2012 seinen Betriebswirt als Business Economist an der Handwerkskammer gemacht und 2020 einen Abschluss als Professional MBA (Master of Business Administration) Automotive Industry an der Technischen Universit\u00e4t Wien erlangt. F\u00fcr SAF-HOLLAND ist Manuel Balles seit 2005 in verschiedenen Positionen t\u00e4tig, unter anderem als Area Sales Manager Asia in Malaysia und als Director Sales Aftermarket Europe. Seit Juli 2021 verantwortet er als Vice President Aftermarket EMEA die Wirschaftsr\u00e4ume Europa, Naher Osten und Afrika.<\/p>\n<p><\/div>\n<p>&nbsp;<\/p>\n<p><strong>Sie liefern mit SAF-HOLLAND den Nfz-Werkst\u00e4tten sowohl Original-Ersatzteile, unter anderem f\u00fcr Lkw- und Trailer-Fahrwerke, als auch Teile der Konzernmarke SAUER QUALITY PARTS. Wo liegen die Unterschiede?<\/strong><\/p>\n<figure id=\"attachment_37072\" aria-describedby=\"caption-attachment-37072\" style=\"width: 380px\" class=\"wp-caption alignleft\"><a href=\"https:\/\/static.krafthand-truck.de\/uploads\/2023\/09\/SAF_Holland_Sauer_Qualityparts.jpg\" target=\"_blank\" rel=\"noopener\"><img decoding=\"async\" class=\"wp-image-37072\" src=\"https:\/\/static.krafthand-truck.de\/uploads\/2023\/09\/SAF_Holland_Sauer_Qualityparts-300x198.jpg\" alt=\"\" width=\"380\" height=\"251\" srcset=\"https:\/\/static.krafthand-truck.de\/uploads\/2023\/09\/SAF_Holland_Sauer_Qualityparts-300x198.jpg 300w, https:\/\/static.krafthand-truck.de\/uploads\/2023\/09\/SAF_Holland_Sauer_Qualityparts-1024x676.jpg 1024w, https:\/\/static.krafthand-truck.de\/uploads\/2023\/09\/SAF_Holland_Sauer_Qualityparts-768x507.jpg 768w, https:\/\/static.krafthand-truck.de\/uploads\/2023\/09\/SAF_Holland_Sauer_Qualityparts.jpg 1200w\" sizes=\"(max-width: 380px) 100vw, 380px\" \/><\/a><figcaption id=\"caption-attachment-37072\" class=\"wp-caption-text\">Mit SAUER QUALITY PARTS bietet SAF-HOLLAND den Nfz-Werkst\u00e4tten g\u00e4ngige Verschlei\u00df- und Reparaturteile in einem guten Preis-\/Leistungsverh\u00e4ltnis.<\/figcaption><\/figure>\n<p><em>Gerne begleiten wir unsere Kunden \u00fcber die gesamte Lebensdauer ihrer Fahrzeuge und versuchen immer, den besten Mix aus Qualit\u00e4t und Preis f\u00fcr jeden Anspruch zu finden. Zum einen bieten wir Original-Ersatzteile in h\u00f6chster Erstausr\u00fcsterqualit\u00e4t zum Werterhalt in den ersten Lebensjahren des Trailers. In den Folgejahren k\u00f6nnen unsere Kunden f\u00fcr altersgerechte Wartungen unsere Marke SAUER QUALITY PARTS nutzen. Diese Teile werden von ausgew\u00e4hlten und zertifizierten Lieferanten produziert, unterliegen strengen Qualit\u00e4tskontrollen und erf\u00fcllen s\u00e4mtliche relevanten Normen sowie Regelungen. Seit Neuestem vertreiben wir auch aufbereitete Bremss\u00e4ttel und Zuspann-Einheiten aus Deutschland \u2013 umweltfreundlich mit kurzen Transportwegen.<\/em><\/p>\n<p><strong>SAF-HOLLAND hat die Identifizierung von Ersatzteilen \u00fcber einen RFID-Chip in der Radkappe neu eingef\u00fchrt. Welche Vorteile bietet das?<\/strong><br \/>\n<em>SAF-HOLLAND hat sich zum Ziel gesetzt, die digitalen Angebote zu erweitern und die Handhabung der Produkte f\u00fcr unsere Kunden weiter zu erleichtern. Deshalb haben wir einen RFID-Chip in unseren Achsen integriert, sodass Anwender Ersatzteile schnell und zuverl\u00e4ssig identifizieren k\u00f6nnen. \u00dcber die NFC-Technologie und die Smartphone-App \u201aSH-CONNECT\u2018 erhalten Nutzer in der App alle verf\u00fcgbaren Produktinformationen, Dokumentationen und Videos f\u00fcr den korrekten Ein- und Ausbau des identifizierten Produkts.<\/em><\/p>\n<p><strong>2022 das hat SAF-HOLLAND das Traditionsunternehmen Haldex \u00fcbernommen und h\u00e4lt 100 Prozent der Anteile am schwedischen Spezialisten f\u00fcr Bremssysteme. Welche Synergieeffekte ergeben sich f\u00fcr den Aftermarket?<\/strong><\/p>\n<figure id=\"attachment_37073\" aria-describedby=\"caption-attachment-37073\" style=\"width: 380px\" class=\"wp-caption alignright\"><a href=\"https:\/\/static.krafthand-truck.de\/uploads\/2023\/09\/SAF_Holland_Bremssattel_SBS.jpg\" target=\"_blank\" rel=\"noopener\"><img loading=\"lazy\" decoding=\"async\" class=\"wp-image-37073\" src=\"https:\/\/static.krafthand-truck.de\/uploads\/2023\/09\/SAF_Holland_Bremssattel_SBS-300x217.jpg\" alt=\"\" width=\"380\" height=\"274\" srcset=\"https:\/\/static.krafthand-truck.de\/uploads\/2023\/09\/SAF_Holland_Bremssattel_SBS-300x217.jpg 300w, https:\/\/static.krafthand-truck.de\/uploads\/2023\/09\/SAF_Holland_Bremssattel_SBS-1024x739.jpg 1024w, https:\/\/static.krafthand-truck.de\/uploads\/2023\/09\/SAF_Holland_Bremssattel_SBS-768x554.jpg 768w, https:\/\/static.krafthand-truck.de\/uploads\/2023\/09\/SAF_Holland_Bremssattel_SBS.jpg 1200w\" sizes=\"(max-width: 380px) 100vw, 380px\" \/><\/a><figcaption id=\"caption-attachment-37073\" class=\"wp-caption-text\">SAF-Bremssattel (Zuspanneinheit) SBS 2220HO von SAF-HOLLAND.<\/figcaption><\/figure>\n<p><em>SAF-HOLLAND und Haldex erg\u00e4nzen sich technologisch perfekt. Mit der \u00dcbernahme ist der weltweit erste Systemlieferant entstanden, der integrierte L\u00f6sungen f\u00fcr Druckluftscheibenbremsen, Elektrofahrzeuge und komplette Radlagerungen aus einer Hand bietet. Kunden profitieren von der Harmonisierung und Integration von Mechatronik und Achsen oder Federungen, vorausschauenden Wartungsfunktionen sowie der Kombination von Telematik und elektronischen Bremssystemen f\u00fcr Trailer. Unser Ziel ist es, eine bessere Ersatzteilversorgung aus einer Hand zu bieten, indem wir Logistikprozesse vereinen und unseren Kunden die ben\u00f6tigten Ersatzteile schneller liefern.<\/em><\/p>\n<p><strong>Wie betrachten Sie die Entwicklung hin zur Dekarbonisierung des Schwerlastverkehrs und was kann SAF-HOLLAND dazu beitragen?<\/strong><br \/>\n<em>Das Thema Nachhaltigkeit spielt eine immer gr\u00f6\u00dfere Rolle und gerade die Transportbranche<\/em><br \/>\n<em>sollte das Ziel haben, umweltvertr\u00e4glich zu agieren. Dass Nachhaltigkeit ein zentrales Element unserer Unternehmensphilosophie ist, spiegelt auch das Produktportfolio von SAF-HOLLAND wider: Beispielsweise leisten unsere Trailer-Achssysteme durch ihren Leichtbau einen deutlichen Beitrag zur CO2- und Schadstoff-Reduzierung.<\/em><\/p>\n<figure id=\"attachment_37074\" aria-describedby=\"caption-attachment-37074\" style=\"width: 380px\" class=\"wp-caption alignleft\"><a href=\"https:\/\/static.krafthand-truck.de\/uploads\/2023\/09\/SAF_Holland_Achse_Trakr.jpg\" target=\"_blank\" rel=\"noopener\"><img loading=\"lazy\" decoding=\"async\" class=\"wp-image-37074\" src=\"https:\/\/static.krafthand-truck.de\/uploads\/2023\/09\/SAF_Holland_Achse_Trakr-300x212.jpg\" alt=\"\" width=\"380\" height=\"268\" srcset=\"https:\/\/static.krafthand-truck.de\/uploads\/2023\/09\/SAF_Holland_Achse_Trakr-300x212.jpg 300w, https:\/\/static.krafthand-truck.de\/uploads\/2023\/09\/SAF_Holland_Achse_Trakr-1024x723.jpg 1024w, https:\/\/static.krafthand-truck.de\/uploads\/2023\/09\/SAF_Holland_Achse_Trakr-768x542.jpg 768w, https:\/\/static.krafthand-truck.de\/uploads\/2023\/09\/SAF_Holland_Achse_Trakr.jpg 1200w\" sizes=\"(max-width: 380px) 100vw, 380px\" \/><\/a><figcaption id=\"caption-attachment-37074\" class=\"wp-caption-text\">Die elektrische Trailerachse SAF-TRAKr nutzt Energier\u00fcckgewinnung (Rekuperation), um die Emissionen und den Kraftstoffverbrauch des Gesamtzugs zu senken.<\/figcaption><\/figure>\n<p><em>Aber auch unsere Entwicklungen tragen zur Dekarbonisierung bei. Die elektrische Trailerachse SAF-TRAKr nutzt Rekuperation, um die Emissionen und den Kraftstoffverbrauch des Gesamtzugs zu senken. Die Hochspannungs-Generatoreinheit wandelt die kinetische Energie des Trailers in elektrische Energie um. Diese wird in einer Li-Ion-Batterie gespeichert und betreibt die elektrischen Verbraucher des Anh\u00e4ngers, etwa K\u00fchlaggregate. <\/em><em>Dar\u00fcber hinaus nutzen wir zunehmend biologisch abbaubare Schmierstoffe, beispielsweise einen Hochleistungs-Schmierstoff f\u00fcr die Bef\u00fcllung der HOLLAND RECOLUBE Schmierpumpe f\u00fcr Sattelkupplungen. Er ist in allen sensiblen Umweltbereichen mit Verlustschmierung einsetzbar.<\/em><\/p>\n<p><strong>Am Ende noch zwei pers\u00f6nliche Fragen: \u00dcber was haben Sie sich k\u00fcrzlich am meisten ge\u00e4rgert, \u00fcber was am meisten gefreut?<\/strong><br \/>\n<em>Schade finde ich, dass das Wetter k\u00fcrzlich so verr\u00fcckt spielte und den wohlverdienten Sommerurlaub vieler Kollegen beeintr\u00e4chtigt hat. Am meisten habe ich mich dar\u00fcber gefreut, dass ich nach der l\u00e4ngeren Covid-Pause wieder meine ehemaligen Kollegen und Kunden aus meiner Zeit in Malaysia besuchen konnte.<\/em><\/p>\n<p><i>Den Beitrag finden Sie auch in der Print-Ausgabe 3-2023 der <a href=\"https:\/\/www.krafthand.de\/truck\/magazin\/\" title=\"Zum Magazin\">Krafthand-Truck<\/a>.<\/i><\/p>\r\n\t\t\t\t<div class=\"post-author\">\r\n\t\t\t\t\t<div class=\"khm-cp-author clearfix\">\r\n\t\t\t\t\t\t<div class=\"khm-cp-author__content\">\r\n\t\t\t\t\t\t\t\tKontakt zum Autor:<br \/>\r\n\t\t\t\t\t\t\t\t<strong>Georg Blenk<\/strong>, 08247 \/ 3007-45 |  <a href=\"mailto:georg.blenk@krafthand-medien.de\">georg.blenk@krafthand-medien.de<\/a>\r\n\t\t\t\t\t\t\t<div class=\"khm-cp-author__image\">\r\n\t\t\t\t\t\t<img src=\"https:\/\/static.krafthand-truck.de\/uploads\/2021\/01\/Blenk_6104-250x300-1-removebg-preview.png\" class=\"img-responsive\">\r\n\t\t\t\t\t<\/div>\r\n\t\t\t\t\t\t<\/div>\r\n\t\t\t\t\t<\/div>\r\n\t\t\t\t<\/div>\r\n\t\t\t\t","protected":false},"excerpt":{"rendered":"<p>SAF-HOLLAND SE mit Sitz in Bessenbach bei Aschaffenburg z\u00e4hlt zu den international f\u00fchrenden Herstellern von fahrwerksbezogenen Baugruppen f\u00fcr Trailer und Lkw. Das Unternehmen besch\u00e4ftigt heute rund 5.900 Mitarbeiter und erzielte im Jahr 2022 einen Gesamtumsatz von rund 1.565 Millionen Euro. Wir haben uns mit Manuel Balles, Vice President Aftermarket EMEA bei SAF-HOLLAND \u00fcber seinen Werdegang, das Unternehmen und die Herausforderungen des Nfz-Marktes unterhalten. <span class=\"excerpt-more__dots\">&#8230;<\/span> <a class=\"excerpt-more__link\" href=\"https:\/\/www.krafthand.de\/truck\/artikel\/die-branche-ist-im-wandel-wie-nie-37066\/\" >weiter<\/a><\/p>\n","protected":false},"author":9,"featured_media":37068,"comment_status":"closed","ping_status":"closed","sticky":false,"template":"","format":"standard","meta":{"footnotes":""},"categories":[4238,4235],"tags":[1915,5711,1111],"settings":[3524,4766,3523],"class_list":["post-37066","post","type-post","status-publish","format-standard","has-post-thumbnail","hentry","category-koepfe","category-unternehmen","tag-haldex","tag-manuel-balles","tag-saf-holland"],"yoast_head":"<!-- This site is optimized with the Yoast SEO plugin v27.3 - https:\/\/yoast.com\/product\/yoast-seo-wordpress\/ -->\n<title>\u201eDie Branche ist im Wandel wie nie\u201c - Krafthand-Truck<\/title>\n<meta name=\"description\" content=\"Krafthand-Truck hat sich mit Manuel Balles, Vice President Aftermarket EMEA bei SAF-HOLLAND \u00fcber die Herausforderungen des Nfz-Marktes unterhalten.\" \/>\n<meta name=\"robots\" content=\"index, follow, max-snippet:-1, max-image-preview:large, max-video-preview:-1\" \/>\n<link rel=\"canonical\" href=\"https:\/\/www.krafthand.de\/truck\/artikel\/die-branche-ist-im-wandel-wie-nie-37066\/\" \/>\n<meta property=\"og:locale\" content=\"de_DE\" \/>\n<meta property=\"og:type\" content=\"article\" \/>\n<meta property=\"og:title\" content=\"\u201eDie Branche ist im Wandel wie nie\u201c - Krafthand-Truck\" \/>\n<meta property=\"og:description\" content=\"Krafthand-Truck hat sich mit Manuel Balles, Vice President Aftermarket EMEA bei SAF-HOLLAND \u00fcber die Herausforderungen des Nfz-Marktes unterhalten.\" \/>\n<meta property=\"og:url\" content=\"https:\/\/www.krafthand-truck.de\/artikel\/die-branche-ist-im-wandel-wie-nie-37066\/\" \/>\n<meta property=\"og:site_name\" content=\"Krafthand-Truck\" \/>\n<meta property=\"article:published_time\" content=\"2023-09-04T07:59:04+00:00\" \/>\n<meta property=\"article:modified_time\" content=\"2023-09-04T08:26:07+00:00\" \/>\n<meta property=\"og:image\" content=\"https:\/\/static.krafthand-truck.de\/uploads\/2023\/09\/SAF_Holland_Manuel_Balles_01.jpg\" \/>\n\t<meta property=\"og:image:width\" content=\"1200\" \/>\n\t<meta property=\"og:image:height\" content=\"646\" \/>\n\t<meta property=\"og:image:type\" content=\"image\/jpeg\" \/>\n<meta name=\"author\" content=\"georg.blenk@krafthand-medien.de\" \/>\n<meta name=\"twitter:card\" content=\"summary_large_image\" \/>\n<meta name=\"twitter:label1\" content=\"Verfasst von\" \/>\n\t<meta name=\"twitter:data1\" content=\"georg.blenk@krafthand-medien.de\" \/>\n\t<meta name=\"twitter:label2\" content=\"Gesch\u00e4tzte Lesezeit\" \/>\n\t<meta name=\"twitter:data2\" content=\"8\u00a0Minuten\" \/>\n<script type=\"application\/ld+json\" class=\"yoast-schema-graph\">{\"@context\":\"https:\\\/\\\/schema.org\",\"@graph\":[{\"@type\":\"Article\",\"@id\":\"https:\\\/\\\/www.krafthand.de\\\/truck\\\/artikel\\\/die-branche-ist-im-wandel-wie-nie-37066\\\/#article\",\"isPartOf\":{\"@id\":\"https:\\\/\\\/www.krafthand.de\\\/truck\\\/artikel\\\/die-branche-ist-im-wandel-wie-nie-37066\\\/\"},\"author\":{\"name\":\"georg.blenk@krafthand-medien.de\",\"@id\":\"https:\\\/\\\/www.krafthand.de\\\/truck\\\/#\\\/schema\\\/person\\\/51fa80b1c57034c4bf63f9f988fc24ce\"},\"headline\":\"\u201eDie Branche ist im Wandel wie nie\u201c\",\"datePublished\":\"2023-09-04T07:59:04+00:00\",\"dateModified\":\"2023-09-04T08:26:07+00:00\",\"mainEntityOfPage\":{\"@id\":\"https:\\\/\\\/www.krafthand.de\\\/truck\\\/artikel\\\/die-branche-ist-im-wandel-wie-nie-37066\\\/\"},\"wordCount\":1313,\"image\":{\"@id\":\"https:\\\/\\\/www.krafthand.de\\\/truck\\\/artikel\\\/die-branche-ist-im-wandel-wie-nie-37066\\\/#primaryimage\"},\"thumbnailUrl\":\"https:\\\/\\\/static.krafthand-truck.de\\\/uploads\\\/2023\\\/09\\\/SAF_Holland_Manuel_Balles_01.jpg\",\"keywords\":[\"Haldex\",\"Manuel Balles\",\"SAF-HOLLAND\"],\"articleSection\":[\"K\u00f6pfe\\\/Personen\",\"Unternehmen\"],\"inLanguage\":\"de\"},{\"@type\":\"WebPage\",\"@id\":\"https:\\\/\\\/www.krafthand.de\\\/truck\\\/artikel\\\/die-branche-ist-im-wandel-wie-nie-37066\\\/\",\"url\":\"https:\\\/\\\/www.krafthand.de\\\/truck\\\/artikel\\\/die-branche-ist-im-wandel-wie-nie-37066\\\/\",\"name\":\"\u201eDie Branche ist im Wandel wie nie\u201c - Krafthand-Truck\",\"isPartOf\":{\"@id\":\"https:\\\/\\\/www.krafthand.de\\\/truck\\\/#website\"},\"primaryImageOfPage\":{\"@id\":\"https:\\\/\\\/www.krafthand.de\\\/truck\\\/artikel\\\/die-branche-ist-im-wandel-wie-nie-37066\\\/#primaryimage\"},\"image\":{\"@id\":\"https:\\\/\\\/www.krafthand.de\\\/truck\\\/artikel\\\/die-branche-ist-im-wandel-wie-nie-37066\\\/#primaryimage\"},\"thumbnailUrl\":\"https:\\\/\\\/static.krafthand-truck.de\\\/uploads\\\/2023\\\/09\\\/SAF_Holland_Manuel_Balles_01.jpg\",\"datePublished\":\"2023-09-04T07:59:04+00:00\",\"dateModified\":\"2023-09-04T08:26:07+00:00\",\"author\":{\"@id\":\"https:\\\/\\\/www.krafthand.de\\\/truck\\\/#\\\/schema\\\/person\\\/51fa80b1c57034c4bf63f9f988fc24ce\"},\"description\":\"Krafthand-Truck hat sich mit Manuel Balles, Vice President Aftermarket EMEA bei SAF-HOLLAND \u00fcber die Herausforderungen des Nfz-Marktes unterhalten.\",\"breadcrumb\":{\"@id\":\"https:\\\/\\\/www.krafthand.de\\\/truck\\\/artikel\\\/die-branche-ist-im-wandel-wie-nie-37066\\\/#breadcrumb\"},\"inLanguage\":\"de\",\"potentialAction\":[{\"@type\":\"ReadAction\",\"target\":[\"https:\\\/\\\/www.krafthand.de\\\/truck\\\/artikel\\\/die-branche-ist-im-wandel-wie-nie-37066\\\/\"]}]},{\"@type\":\"ImageObject\",\"inLanguage\":\"de\",\"@id\":\"https:\\\/\\\/www.krafthand.de\\\/truck\\\/artikel\\\/die-branche-ist-im-wandel-wie-nie-37066\\\/#primaryimage\",\"url\":\"https:\\\/\\\/static.krafthand-truck.de\\\/uploads\\\/2023\\\/09\\\/SAF_Holland_Manuel_Balles_01.jpg\",\"contentUrl\":\"https:\\\/\\\/static.krafthand-truck.de\\\/uploads\\\/2023\\\/09\\\/SAF_Holland_Manuel_Balles_01.jpg\",\"width\":1200,\"height\":646},{\"@type\":\"BreadcrumbList\",\"@id\":\"https:\\\/\\\/www.krafthand.de\\\/truck\\\/artikel\\\/die-branche-ist-im-wandel-wie-nie-37066\\\/#breadcrumb\",\"itemListElement\":[{\"@type\":\"ListItem\",\"position\":1,\"name\":\"Krafthand-Truck\",\"item\":\"https:\\\/\\\/www.krafthand.de\\\/truck\\\/\"},{\"@type\":\"ListItem\",\"position\":2,\"name\":\"Nfz-Branche\",\"item\":\"https:\\\/\\\/www.krafthand.de\\\/truck\\\/kategorie\\\/branche\\\/\"},{\"@type\":\"ListItem\",\"position\":3,\"name\":\"K\u00f6pfe\\\/Personen\",\"item\":\"https:\\\/\\\/www.krafthand.de\\\/truck\\\/kategorie\\\/branche\\\/koepfe\\\/\"},{\"@type\":\"ListItem\",\"position\":4,\"name\":\"\u201eDie Branche ist im Wandel wie nie\u201c\"}]},{\"@type\":\"WebSite\",\"@id\":\"https:\\\/\\\/www.krafthand.de\\\/truck\\\/#website\",\"url\":\"https:\\\/\\\/www.krafthand.de\\\/truck\\\/\",\"name\":\"Krafthand-Truck\",\"description\":\"\",\"potentialAction\":[{\"@type\":\"SearchAction\",\"target\":{\"@type\":\"EntryPoint\",\"urlTemplate\":\"https:\\\/\\\/www.krafthand.de\\\/truck\\\/?s={search_term_string}\"},\"query-input\":{\"@type\":\"PropertyValueSpecification\",\"valueRequired\":true,\"valueName\":\"search_term_string\"}}],\"inLanguage\":\"de\"},{\"@type\":\"Person\",\"@id\":\"https:\\\/\\\/www.krafthand.de\\\/truck\\\/#\\\/schema\\\/person\\\/51fa80b1c57034c4bf63f9f988fc24ce\",\"name\":\"georg.blenk@krafthand-medien.de\",\"image\":{\"@type\":\"ImageObject\",\"inLanguage\":\"de\",\"@id\":\"https:\\\/\\\/secure.gravatar.com\\\/avatar\\\/93713c30affe0aa95d3a4130e499bb1abee2eb31adbdd9ce2aa1543538490215?s=96&d=mm&r=g\",\"url\":\"https:\\\/\\\/secure.gravatar.com\\\/avatar\\\/93713c30affe0aa95d3a4130e499bb1abee2eb31adbdd9ce2aa1543538490215?s=96&d=mm&r=g\",\"contentUrl\":\"https:\\\/\\\/secure.gravatar.com\\\/avatar\\\/93713c30affe0aa95d3a4130e499bb1abee2eb31adbdd9ce2aa1543538490215?s=96&d=mm&r=g\",\"caption\":\"georg.blenk@krafthand-medien.de\"}}]}<\/script>\n<!-- \/ Yoast SEO plugin. -->","yoast_head_json":{"title":"\u201eDie Branche ist im Wandel wie nie\u201c - Krafthand-Truck","description":"Krafthand-Truck hat sich mit Manuel Balles, Vice President Aftermarket EMEA bei SAF-HOLLAND \u00fcber die Herausforderungen des Nfz-Marktes unterhalten.","robots":{"index":"index","follow":"follow","max-snippet":"max-snippet:-1","max-image-preview":"max-image-preview:large","max-video-preview":"max-video-preview:-1"},"canonical":"https:\/\/www.krafthand.de\/truck\/artikel\/die-branche-ist-im-wandel-wie-nie-37066\/","og_locale":"de_DE","og_type":"article","og_title":"\u201eDie Branche ist im Wandel wie nie\u201c - Krafthand-Truck","og_description":"Krafthand-Truck hat sich mit Manuel Balles, Vice President Aftermarket EMEA bei SAF-HOLLAND \u00fcber die Herausforderungen des Nfz-Marktes unterhalten.","og_url":"https:\/\/www.krafthand-truck.de\/artikel\/die-branche-ist-im-wandel-wie-nie-37066\/","og_site_name":"Krafthand-Truck","article_published_time":"2023-09-04T07:59:04+00:00","article_modified_time":"2023-09-04T08:26:07+00:00","og_image":[{"width":1200,"height":646,"url":"https:\/\/static.krafthand-truck.de\/uploads\/2023\/09\/SAF_Holland_Manuel_Balles_01.jpg","type":"image\/jpeg"}],"author":"georg.blenk@krafthand-medien.de","twitter_card":"summary_large_image","twitter_misc":{"Verfasst von":"georg.blenk@krafthand-medien.de","Gesch\u00e4tzte Lesezeit":"8\u00a0Minuten"},"schema":{"@context":"https:\/\/schema.org","@graph":[{"@type":"Article","@id":"https:\/\/www.krafthand.de\/truck\/artikel\/die-branche-ist-im-wandel-wie-nie-37066\/#article","isPartOf":{"@id":"https:\/\/www.krafthand.de\/truck\/artikel\/die-branche-ist-im-wandel-wie-nie-37066\/"},"author":{"name":"georg.blenk@krafthand-medien.de","@id":"https:\/\/www.krafthand.de\/truck\/#\/schema\/person\/51fa80b1c57034c4bf63f9f988fc24ce"},"headline":"\u201eDie Branche ist im Wandel wie nie\u201c","datePublished":"2023-09-04T07:59:04+00:00","dateModified":"2023-09-04T08:26:07+00:00","mainEntityOfPage":{"@id":"https:\/\/www.krafthand.de\/truck\/artikel\/die-branche-ist-im-wandel-wie-nie-37066\/"},"wordCount":1313,"image":{"@id":"https:\/\/www.krafthand.de\/truck\/artikel\/die-branche-ist-im-wandel-wie-nie-37066\/#primaryimage"},"thumbnailUrl":"https:\/\/static.krafthand-truck.de\/uploads\/2023\/09\/SAF_Holland_Manuel_Balles_01.jpg","keywords":["Haldex","Manuel Balles","SAF-HOLLAND"],"articleSection":["K\u00f6pfe\/Personen","Unternehmen"],"inLanguage":"de"},{"@type":"WebPage","@id":"https:\/\/www.krafthand.de\/truck\/artikel\/die-branche-ist-im-wandel-wie-nie-37066\/","url":"https:\/\/www.krafthand.de\/truck\/artikel\/die-branche-ist-im-wandel-wie-nie-37066\/","name":"\u201eDie Branche ist im Wandel wie nie\u201c - Krafthand-Truck","isPartOf":{"@id":"https:\/\/www.krafthand.de\/truck\/#website"},"primaryImageOfPage":{"@id":"https:\/\/www.krafthand.de\/truck\/artikel\/die-branche-ist-im-wandel-wie-nie-37066\/#primaryimage"},"image":{"@id":"https:\/\/www.krafthand.de\/truck\/artikel\/die-branche-ist-im-wandel-wie-nie-37066\/#primaryimage"},"thumbnailUrl":"https:\/\/static.krafthand-truck.de\/uploads\/2023\/09\/SAF_Holland_Manuel_Balles_01.jpg","datePublished":"2023-09-04T07:59:04+00:00","dateModified":"2023-09-04T08:26:07+00:00","author":{"@id":"https:\/\/www.krafthand.de\/truck\/#\/schema\/person\/51fa80b1c57034c4bf63f9f988fc24ce"},"description":"Krafthand-Truck hat sich mit Manuel Balles, Vice President Aftermarket EMEA bei SAF-HOLLAND \u00fcber die Herausforderungen des Nfz-Marktes unterhalten.","breadcrumb":{"@id":"https:\/\/www.krafthand.de\/truck\/artikel\/die-branche-ist-im-wandel-wie-nie-37066\/#breadcrumb"},"inLanguage":"de","potentialAction":[{"@type":"ReadAction","target":["https:\/\/www.krafthand.de\/truck\/artikel\/die-branche-ist-im-wandel-wie-nie-37066\/"]}]},{"@type":"ImageObject","inLanguage":"de","@id":"https:\/\/www.krafthand.de\/truck\/artikel\/die-branche-ist-im-wandel-wie-nie-37066\/#primaryimage","url":"https:\/\/static.krafthand-truck.de\/uploads\/2023\/09\/SAF_Holland_Manuel_Balles_01.jpg","contentUrl":"https:\/\/static.krafthand-truck.de\/uploads\/2023\/09\/SAF_Holland_Manuel_Balles_01.jpg","width":1200,"height":646},{"@type":"BreadcrumbList","@id":"https:\/\/www.krafthand.de\/truck\/artikel\/die-branche-ist-im-wandel-wie-nie-37066\/#breadcrumb","itemListElement":[{"@type":"ListItem","position":1,"name":"Krafthand-Truck","item":"https:\/\/www.krafthand.de\/truck\/"},{"@type":"ListItem","position":2,"name":"Nfz-Branche","item":"https:\/\/www.krafthand.de\/truck\/kategorie\/branche\/"},{"@type":"ListItem","position":3,"name":"K\u00f6pfe\/Personen","item":"https:\/\/www.krafthand.de\/truck\/kategorie\/branche\/koepfe\/"},{"@type":"ListItem","position":4,"name":"\u201eDie Branche ist im Wandel wie nie\u201c"}]},{"@type":"WebSite","@id":"https:\/\/www.krafthand.de\/truck\/#website","url":"https:\/\/www.krafthand.de\/truck\/","name":"Krafthand-Truck","description":"","potentialAction":[{"@type":"SearchAction","target":{"@type":"EntryPoint","urlTemplate":"https:\/\/www.krafthand.de\/truck\/?s={search_term_string}"},"query-input":{"@type":"PropertyValueSpecification","valueRequired":true,"valueName":"search_term_string"}}],"inLanguage":"de"},{"@type":"Person","@id":"https:\/\/www.krafthand.de\/truck\/#\/schema\/person\/51fa80b1c57034c4bf63f9f988fc24ce","name":"georg.blenk@krafthand-medien.de","image":{"@type":"ImageObject","inLanguage":"de","@id":"https:\/\/secure.gravatar.com\/avatar\/93713c30affe0aa95d3a4130e499bb1abee2eb31adbdd9ce2aa1543538490215?s=96&d=mm&r=g","url":"https:\/\/secure.gravatar.com\/avatar\/93713c30affe0aa95d3a4130e499bb1abee2eb31adbdd9ce2aa1543538490215?s=96&d=mm&r=g","contentUrl":"https:\/\/secure.gravatar.com\/avatar\/93713c30affe0aa95d3a4130e499bb1abee2eb31adbdd9ce2aa1543538490215?s=96&d=mm&r=g","caption":"georg.blenk@krafthand-medien.de"}}]}},"_links":{"self":[{"href":"https:\/\/www.krafthand.de\/truck\/wp-json\/wp\/v2\/posts\/37066","targetHints":{"allow":["GET"]}}],"collection":[{"href":"https:\/\/www.krafthand.de\/truck\/wp-json\/wp\/v2\/posts"}],"about":[{"href":"https:\/\/www.krafthand.de\/truck\/wp-json\/wp\/v2\/types\/post"}],"author":[{"embeddable":true,"href":"https:\/\/www.krafthand.de\/truck\/wp-json\/wp\/v2\/users\/9"}],"replies":[{"embeddable":true,"href":"https:\/\/www.krafthand.de\/truck\/wp-json\/wp\/v2\/comments?post=37066"}],"version-history":[{"count":16,"href":"https:\/\/www.krafthand.de\/truck\/wp-json\/wp\/v2\/posts\/37066\/revisions"}],"predecessor-version":[{"id":37088,"href":"https:\/\/www.krafthand.de\/truck\/wp-json\/wp\/v2\/posts\/37066\/revisions\/37088"}],"wp:featuredmedia":[{"embeddable":true,"href":"https:\/\/www.krafthand.de\/truck\/wp-json\/wp\/v2\/media\/37068"}],"wp:attachment":[{"href":"https:\/\/www.krafthand.de\/truck\/wp-json\/wp\/v2\/media?parent=37066"}],"wp:term":[{"taxonomy":"category","embeddable":true,"href":"https:\/\/www.krafthand.de\/truck\/wp-json\/wp\/v2\/categories?post=37066"},{"taxonomy":"post_tag","embeddable":true,"href":"https:\/\/www.krafthand.de\/truck\/wp-json\/wp\/v2\/tags?post=37066"},{"taxonomy":"settings","embeddable":true,"href":"https:\/\/www.krafthand.de\/truck\/wp-json\/wp\/v2\/settings?post=37066"}],"curies":[{"name":"wp","href":"https:\/\/api.w.org\/{rel}","templated":true}]}}