{"id":36964,"date":"2023-08-11T11:23:31","date_gmt":"2023-08-11T09:23:31","guid":{"rendered":"https:\/\/www.krafthand.de\/truck\/?p=36964"},"modified":"2023-08-11T12:22:45","modified_gmt":"2023-08-11T10:22:45","slug":"gebuendelte-power-das-neue-werkstattkonzept-zf-proservice","status":"publish","type":"post","link":"https:\/\/www.krafthand.de\/truck\/artikel\/gebuendelte-power-das-neue-werkstattkonzept-zf-proservice-36964\/","title":{"rendered":"Geb\u00fcndelte Power: Das neue Werkstattkonzept ZF (pro)Service"},"content":{"rendered":"<p>Angesichts des rasanten Fortschritts in der Nutzfahrzeugtechnik ben\u00f6tigen Werkstattbetriebe heute mehr als nur eine zuverl\u00e4ssige Ersatzteilversorgung. F\u00fcr einen erfolgreichen Reparaturprozess m\u00fcssen noch weitere Voraussetzungen gegeben sein. Beispielsweise m\u00fcssen die Reparatur- und Wartungsinformationen (RMI) auf dem neuesten Stand, der Zugang zu den Fahrzeugdaten gew\u00e4hrleistet sein. Das Thema Weiterbildung steht ebenso auf der Agenda.<br \/>\nZudem kommen auf die Kfz-Unternehmen weitere Herausforderungen zu. Beispielsweise haben immer mehr gewerbliche Kunden Interesse an einem niedrigen Scope-3-Wert. Das bedeutet, dass ihre Dienstleister und Lieferanten (auch die Nfz-Werkst\u00e4tten) einen m\u00f6glichst geringen CO2-Aussto\u00df und Ressourcenverbrauch sicherstellen und dokumentieren m\u00fcssen. Der Fachkr\u00e4ftemangel, die Digitalisierung des gesamten Werkstattprozesses und der Zugang zu Live-Fahrzeugdaten sind weitere Aufgaben, die die einzelnen Werkst\u00e4tten bew\u00e4ltigen m\u00fcssen.<\/p>\n<h3>Zukunftsf\u00e4hig aufstellen<\/h3>\n<p>Um den Nfz-Betrieben dabei zu helfen, sich zukunftsf\u00e4hig aufzustellen, hat <a href=\"https:\/\/aftermarket.zf.com\/de\/aftermarket-portal\/\" target=\"_blank\" rel=\"noopener\">ZF Aftermarket<\/a> das neue Werkstattkonzept ZF (pro) Service entwickelt. Es ist zugeschnitten auf den Bedarf von spezialisierten Nutzfahrzeugwerkst\u00e4tten je nach Fahrzeugtyp (Nfz, Bus und\/oder Anh\u00e4nger) und vereint die bislang separat gef\u00fchrten Konzepte ZF Service Point, ZF(pro)Tech (Nutzfahrzeugvariante) und WABCO Service Partner. Die drei Konzepte betreuen laut ZF bislang rund 3.800 Nfz-Werkst\u00e4tten weltweit. \u201eDas Gesch\u00e4ft mit Wartungs- und Reparaturarbeiten f\u00fcr Nutzfahrzeuge birgt gro\u00dfes Wachstumspotenzial, auch f\u00fcr Kfz-Werkst\u00e4tten. Nach einer aktuellen Prognose der Bundesregierung soll beispielsweise der Lkw-G\u00fcterverkehr bis 2051 um 46 Prozent steigen. ZF (pro)Service ist ein einzigartiges Angebot auf dem Nutzfahrzeugmarkt, dass die Nutzfahrzeugbetriebe auf den Next Generation Aftermarket vorbereitet. Werkst\u00e4tten k\u00f6nnen dann profitieren, wenn sie sich f\u00fcr neue Gesch\u00e4ftsmodelle \u00f6ffnen und technisch immer auf dem neuesten Stand sind. Daf\u00fcr wollen wir mit ZF (pro)Service sorgen\u201c, so Elmar Bauer, Leiter Netzwerkmanagement f\u00fcr den Bereich Nutzfahrzeuge bei ZF Aftermarket.<\/p>\n<h3>Gesamtpaket<\/h3>\n<p>\u00dcber qualifizierte Distributoren und Servicestellen haben Werkst\u00e4tten Zugriff auf die komplette Produktwelt von ZF mit rund 70.000 Teilenummern. Dazu geh\u00f6ren auch wiederaufbereitete Ersatzteile und Austauschaggregate. Das Angebot w\u00e4chst laut ZF jedes Jahr um mehrere hundert Positionen. Die Schwerpunkte des Produktprogramms sind der Antriebsstrang (Getriebe, Kupplung) sowie das Fahrwerk (Achsen, Lenkung, Bremsen).<\/p>\n<p><strong>Zum Werkstattkonzept geh\u00f6ren folgende Servicebausteine:<\/strong><\/p>\n<ul>\n<li>Verkaufsf\u00f6rderung: Ein Schwerpunkt von ZF (pro)Service ist die Marketingunterst\u00fctzung f\u00fcr die Partnerbetriebe. Diese reicht von CI-Elementen f\u00fcr den Betrieb \u00fcber Werbemittel bis hin zu digitalen Werbema\u00dfnahmen wie den Eintrag in den Standortfinder und ein verbessertes Suchmaschinenranking.<\/li>\n<li>Technische Unterst\u00fctzung: Zu den Leistungen f\u00fcr ZF (pro)Service-Partner geh\u00f6ren unter anderem der direkte Kontakt zu den Spezialisten von ZF Aftermarket, eine Technik-Hotline, Zugang zu technischen Daten und Reparaturinformationen sowie Serviceinformationen der Hersteller und Unterst\u00fctzung bei der Fahrzeugdiagnose.<\/li>\n<li>Zusatzgesch\u00e4fte: ZF (pro)Service m\u00f6chte auch f\u00fcr neue Gesch\u00e4ftsm\u00f6glichkeiten f\u00fcr seine Partner und ein erweitertes Netzwerk durch Kooperationspartner sorgen. Beispielsweise k\u00f6nnen Werkst\u00e4tten autorisiert werden, Garantiearbeiten an Wabco Komponenten durchzuf\u00fchren. Das bringt nicht nur zus\u00e4tzlichen Umsatz, sondern tr\u00e4gt auch dazu bei, neue Kunden zu gewinnen. Zus\u00e4tzlich unterst\u00fctzt ZF seine Partner mit Nachr\u00fcstl\u00f6sungen. Beispiele sind die Trailervernetzung oder Reifendruck-\u00dcberwachungssysteme.<\/li>\n<li>Weiterbildung: ZF Aftermarket stellt seinen Partnern ein umfangreiches Trainingsprogramm zu Sonderkonditionen zur Verf\u00fcgung, das f\u00fcr das Jahr 2023 noch einmal deutlich ausgebaut wurde. Es reicht von kostenfreien Onlinetrainings bis hin zu mehrt\u00e4gigen Pr\u00e4senzschulungen. Hinzu kommen regelm\u00e4\u00dfige Audits um die Kompetenz und Servicequalit\u00e4t der Werkstattpartner zu f\u00f6rdern.<\/li>\n<\/ul>\n<p><i>Den Beitrag finden Sie auch in der Print-Ausgabe 3-2023 der <a href=\"https:\/\/www.krafthand.de\/truck\/magazin\/\" title=\"Zum Magazin\">Krafthand-Truck<\/a>.<\/i><\/p>\r\n\t\t\t\t<div class=\"post-author\">\r\n\t\t\t\t\t<div class=\"khm-cp-author clearfix\">\r\n\t\t\t\t\t\t<div class=\"khm-cp-author__content\">\r\n\t\t\t\t\t\t\t\tKontakt zum Autor:<br \/>\r\n\t\t\t\t\t\t\t\t<strong>Georg Blenk<\/strong>, 08247 \/ 3007-45 |  <a href=\"mailto:georg.blenk@krafthand-medien.de\">georg.blenk@krafthand-medien.de<\/a>\r\n\t\t\t\t\t\t\t<div class=\"khm-cp-author__image\">\r\n\t\t\t\t\t\t<img src=\"https:\/\/static.krafthand-truck.de\/uploads\/2021\/01\/Blenk_6104-250x300-1-removebg-preview.png\" class=\"img-responsive\">\r\n\t\t\t\t\t<\/div>\r\n\t\t\t\t\t\t<\/div>\r\n\t\t\t\t\t<\/div>\r\n\t\t\t\t<\/div>\r\n\t\t\t\t","protected":false},"excerpt":{"rendered":"<p>Um den Nfz-Betrieben dabei zu helfen, sich zukunftsf\u00e4hig aufzustellen, hat ZF Aftermarket das neue Werkstattkonzept ZF (pro)Service entwickelt. Es ist zugeschnitten auf den Bedarf von spezialisierten Nutzfahrzeugwerkst\u00e4tten und vereint die bislang separat gef\u00fchrten Konzepte &#8218;ZF Service Point&#8216;, &#8218;ZF (pro)Tech&#8216; (Nutzfahrzeugvariante) und &#8218;WABCO Service Partner&#8216;. <span class=\"excerpt-more__dots\">&#8230;<\/span> <a class=\"excerpt-more__link\" href=\"https:\/\/www.krafthand.de\/truck\/artikel\/gebuendelte-power-das-neue-werkstattkonzept-zf-proservice-36964\/\" >weiter<\/a><\/p>\n","protected":false},"author":9,"featured_media":36965,"comment_status":"closed","ping_status":"closed","sticky":false,"template":"","format":"standard","meta":{"footnotes":""},"categories":[4235],"tags":[1435,120,184,5702],"settings":[3524,4766,3523],"class_list":["post-36964","post","type-post","status-publish","format-standard","has-post-thumbnail","hentry","category-unternehmen","tag-trw","tag-wabco","tag-werkstattkonzept","tag-zf-pro-services"],"yoast_head":"<!-- This site is optimized with the Yoast SEO plugin v27.3 - https:\/\/yoast.com\/product\/yoast-seo-wordpress\/ -->\n<title>Geb\u00fcndelte Power: Das neue Werkstattkonzept ZF (pro)Service - Krafthand-Truck<\/title>\n<meta name=\"description\" content=\"ZF hat das Werkstattkonzept ZF [pro]Service vorgestellt. Es vereint die Konzepte &#039;ZF Service Point&#039;, &#039;ZF [pro]Tech&#039; (Nfz) und &#039;WABCO Service Partner&#039;.\" \/>\n<meta name=\"robots\" content=\"index, follow, max-snippet:-1, max-image-preview:large, max-video-preview:-1\" \/>\n<link rel=\"canonical\" href=\"https:\/\/www.krafthand.de\/truck\/artikel\/gebuendelte-power-das-neue-werkstattkonzept-zf-proservice-36964\/\" \/>\n<meta property=\"og:locale\" content=\"de_DE\" \/>\n<meta property=\"og:type\" content=\"article\" \/>\n<meta property=\"og:title\" content=\"Geb\u00fcndelte Power: Das neue Werkstattkonzept ZF (pro)Service - Krafthand-Truck\" \/>\n<meta property=\"og:description\" content=\"ZF hat das Werkstattkonzept ZF [pro]Service vorgestellt. Es vereint die Konzepte &#039;ZF Service Point&#039;, &#039;ZF [pro]Tech&#039; (Nfz) und &#039;WABCO Service Partner&#039;.\" \/>\n<meta property=\"og:url\" content=\"https:\/\/www.krafthand-truck.de\/artikel\/gebuendelte-power-das-neue-werkstattkonzept-zf-proservice-36964\/\" \/>\n<meta property=\"og:site_name\" content=\"Krafthand-Truck\" \/>\n<meta property=\"article:published_time\" content=\"2023-08-11T09:23:31+00:00\" \/>\n<meta property=\"article:modified_time\" content=\"2023-08-11T10:22:45+00:00\" \/>\n<meta property=\"og:image\" content=\"https:\/\/static.krafthand-truck.de\/uploads\/2023\/08\/ZF_Pro_Service_Nfz_Werkstattkonzept.jpg\" \/>\n\t<meta property=\"og:image:width\" content=\"1200\" \/>\n\t<meta property=\"og:image:height\" content=\"671\" \/>\n\t<meta property=\"og:image:type\" content=\"image\/jpeg\" \/>\n<meta name=\"author\" content=\"georg.blenk@krafthand-medien.de\" \/>\n<meta name=\"twitter:card\" content=\"summary_large_image\" \/>\n<meta name=\"twitter:label1\" content=\"Verfasst von\" \/>\n\t<meta name=\"twitter:data1\" content=\"georg.blenk@krafthand-medien.de\" \/>\n\t<meta name=\"twitter:label2\" content=\"Gesch\u00e4tzte Lesezeit\" \/>\n\t<meta name=\"twitter:data2\" content=\"3\u00a0Minuten\" \/>\n<script type=\"application\/ld+json\" class=\"yoast-schema-graph\">{\"@context\":\"https:\\\/\\\/schema.org\",\"@graph\":[{\"@type\":\"Article\",\"@id\":\"https:\\\/\\\/www.krafthand.de\\\/truck\\\/artikel\\\/gebuendelte-power-das-neue-werkstattkonzept-zf-proservice-36964\\\/#article\",\"isPartOf\":{\"@id\":\"https:\\\/\\\/www.krafthand.de\\\/truck\\\/artikel\\\/gebuendelte-power-das-neue-werkstattkonzept-zf-proservice-36964\\\/\"},\"author\":{\"name\":\"georg.blenk@krafthand-medien.de\",\"@id\":\"https:\\\/\\\/www.krafthand.de\\\/truck\\\/#\\\/schema\\\/person\\\/51fa80b1c57034c4bf63f9f988fc24ce\"},\"headline\":\"Geb\u00fcndelte Power: Das neue Werkstattkonzept ZF (pro)Service\",\"datePublished\":\"2023-08-11T09:23:31+00:00\",\"dateModified\":\"2023-08-11T10:22:45+00:00\",\"mainEntityOfPage\":{\"@id\":\"https:\\\/\\\/www.krafthand.de\\\/truck\\\/artikel\\\/gebuendelte-power-das-neue-werkstattkonzept-zf-proservice-36964\\\/\"},\"wordCount\":575,\"image\":{\"@id\":\"https:\\\/\\\/www.krafthand.de\\\/truck\\\/artikel\\\/gebuendelte-power-das-neue-werkstattkonzept-zf-proservice-36964\\\/#primaryimage\"},\"thumbnailUrl\":\"https:\\\/\\\/static.krafthand-truck.de\\\/uploads\\\/2023\\\/08\\\/ZF_Pro_Service_Nfz_Werkstattkonzept.jpg\",\"keywords\":[\"TRW\",\"Wabco\",\"Werkstattkonzept\",\"ZF Pro Services\"],\"articleSection\":[\"Unternehmen\"],\"inLanguage\":\"de\"},{\"@type\":\"WebPage\",\"@id\":\"https:\\\/\\\/www.krafthand.de\\\/truck\\\/artikel\\\/gebuendelte-power-das-neue-werkstattkonzept-zf-proservice-36964\\\/\",\"url\":\"https:\\\/\\\/www.krafthand.de\\\/truck\\\/artikel\\\/gebuendelte-power-das-neue-werkstattkonzept-zf-proservice-36964\\\/\",\"name\":\"Geb\u00fcndelte Power: Das neue Werkstattkonzept ZF (pro)Service - Krafthand-Truck\",\"isPartOf\":{\"@id\":\"https:\\\/\\\/www.krafthand.de\\\/truck\\\/#website\"},\"primaryImageOfPage\":{\"@id\":\"https:\\\/\\\/www.krafthand.de\\\/truck\\\/artikel\\\/gebuendelte-power-das-neue-werkstattkonzept-zf-proservice-36964\\\/#primaryimage\"},\"image\":{\"@id\":\"https:\\\/\\\/www.krafthand.de\\\/truck\\\/artikel\\\/gebuendelte-power-das-neue-werkstattkonzept-zf-proservice-36964\\\/#primaryimage\"},\"thumbnailUrl\":\"https:\\\/\\\/static.krafthand-truck.de\\\/uploads\\\/2023\\\/08\\\/ZF_Pro_Service_Nfz_Werkstattkonzept.jpg\",\"datePublished\":\"2023-08-11T09:23:31+00:00\",\"dateModified\":\"2023-08-11T10:22:45+00:00\",\"author\":{\"@id\":\"https:\\\/\\\/www.krafthand.de\\\/truck\\\/#\\\/schema\\\/person\\\/51fa80b1c57034c4bf63f9f988fc24ce\"},\"description\":\"ZF hat das Werkstattkonzept ZF [pro]Service vorgestellt. Es vereint die Konzepte 'ZF Service Point', 'ZF [pro]Tech' (Nfz) und 'WABCO Service Partner'.\",\"breadcrumb\":{\"@id\":\"https:\\\/\\\/www.krafthand.de\\\/truck\\\/artikel\\\/gebuendelte-power-das-neue-werkstattkonzept-zf-proservice-36964\\\/#breadcrumb\"},\"inLanguage\":\"de\",\"potentialAction\":[{\"@type\":\"ReadAction\",\"target\":[\"https:\\\/\\\/www.krafthand.de\\\/truck\\\/artikel\\\/gebuendelte-power-das-neue-werkstattkonzept-zf-proservice-36964\\\/\"]}]},{\"@type\":\"ImageObject\",\"inLanguage\":\"de\",\"@id\":\"https:\\\/\\\/www.krafthand.de\\\/truck\\\/artikel\\\/gebuendelte-power-das-neue-werkstattkonzept-zf-proservice-36964\\\/#primaryimage\",\"url\":\"https:\\\/\\\/static.krafthand-truck.de\\\/uploads\\\/2023\\\/08\\\/ZF_Pro_Service_Nfz_Werkstattkonzept.jpg\",\"contentUrl\":\"https:\\\/\\\/static.krafthand-truck.de\\\/uploads\\\/2023\\\/08\\\/ZF_Pro_Service_Nfz_Werkstattkonzept.jpg\",\"width\":1200,\"height\":671},{\"@type\":\"BreadcrumbList\",\"@id\":\"https:\\\/\\\/www.krafthand.de\\\/truck\\\/artikel\\\/gebuendelte-power-das-neue-werkstattkonzept-zf-proservice-36964\\\/#breadcrumb\",\"itemListElement\":[{\"@type\":\"ListItem\",\"position\":1,\"name\":\"Krafthand-Truck\",\"item\":\"https:\\\/\\\/www.krafthand.de\\\/truck\\\/\"},{\"@type\":\"ListItem\",\"position\":2,\"name\":\"Nfz-Branche\",\"item\":\"https:\\\/\\\/www.krafthand.de\\\/truck\\\/kategorie\\\/branche\\\/\"},{\"@type\":\"ListItem\",\"position\":3,\"name\":\"Unternehmen\",\"item\":\"https:\\\/\\\/www.krafthand.de\\\/truck\\\/kategorie\\\/branche\\\/unternehmen\\\/\"},{\"@type\":\"ListItem\",\"position\":4,\"name\":\"Geb\u00fcndelte Power: Das neue Werkstattkonzept ZF (pro)Service\"}]},{\"@type\":\"WebSite\",\"@id\":\"https:\\\/\\\/www.krafthand.de\\\/truck\\\/#website\",\"url\":\"https:\\\/\\\/www.krafthand.de\\\/truck\\\/\",\"name\":\"Krafthand-Truck\",\"description\":\"\",\"potentialAction\":[{\"@type\":\"SearchAction\",\"target\":{\"@type\":\"EntryPoint\",\"urlTemplate\":\"https:\\\/\\\/www.krafthand.de\\\/truck\\\/?s={search_term_string}\"},\"query-input\":{\"@type\":\"PropertyValueSpecification\",\"valueRequired\":true,\"valueName\":\"search_term_string\"}}],\"inLanguage\":\"de\"},{\"@type\":\"Person\",\"@id\":\"https:\\\/\\\/www.krafthand.de\\\/truck\\\/#\\\/schema\\\/person\\\/51fa80b1c57034c4bf63f9f988fc24ce\",\"name\":\"georg.blenk@krafthand-medien.de\",\"image\":{\"@type\":\"ImageObject\",\"inLanguage\":\"de\",\"@id\":\"https:\\\/\\\/secure.gravatar.com\\\/avatar\\\/93713c30affe0aa95d3a4130e499bb1abee2eb31adbdd9ce2aa1543538490215?s=96&d=mm&r=g\",\"url\":\"https:\\\/\\\/secure.gravatar.com\\\/avatar\\\/93713c30affe0aa95d3a4130e499bb1abee2eb31adbdd9ce2aa1543538490215?s=96&d=mm&r=g\",\"contentUrl\":\"https:\\\/\\\/secure.gravatar.com\\\/avatar\\\/93713c30affe0aa95d3a4130e499bb1abee2eb31adbdd9ce2aa1543538490215?s=96&d=mm&r=g\",\"caption\":\"georg.blenk@krafthand-medien.de\"}}]}<\/script>\n<!-- \/ Yoast SEO plugin. -->","yoast_head_json":{"title":"Geb\u00fcndelte Power: Das neue Werkstattkonzept ZF (pro)Service - Krafthand-Truck","description":"ZF hat das Werkstattkonzept ZF [pro]Service vorgestellt. Es vereint die Konzepte 'ZF Service Point', 'ZF [pro]Tech' (Nfz) und 'WABCO Service Partner'.","robots":{"index":"index","follow":"follow","max-snippet":"max-snippet:-1","max-image-preview":"max-image-preview:large","max-video-preview":"max-video-preview:-1"},"canonical":"https:\/\/www.krafthand.de\/truck\/artikel\/gebuendelte-power-das-neue-werkstattkonzept-zf-proservice-36964\/","og_locale":"de_DE","og_type":"article","og_title":"Geb\u00fcndelte Power: Das neue Werkstattkonzept ZF (pro)Service - Krafthand-Truck","og_description":"ZF hat das Werkstattkonzept ZF [pro]Service vorgestellt. Es vereint die Konzepte 'ZF Service Point', 'ZF [pro]Tech' (Nfz) und 'WABCO Service Partner'.","og_url":"https:\/\/www.krafthand-truck.de\/artikel\/gebuendelte-power-das-neue-werkstattkonzept-zf-proservice-36964\/","og_site_name":"Krafthand-Truck","article_published_time":"2023-08-11T09:23:31+00:00","article_modified_time":"2023-08-11T10:22:45+00:00","og_image":[{"width":1200,"height":671,"url":"https:\/\/static.krafthand-truck.de\/uploads\/2023\/08\/ZF_Pro_Service_Nfz_Werkstattkonzept.jpg","type":"image\/jpeg"}],"author":"georg.blenk@krafthand-medien.de","twitter_card":"summary_large_image","twitter_misc":{"Verfasst von":"georg.blenk@krafthand-medien.de","Gesch\u00e4tzte Lesezeit":"3\u00a0Minuten"},"schema":{"@context":"https:\/\/schema.org","@graph":[{"@type":"Article","@id":"https:\/\/www.krafthand.de\/truck\/artikel\/gebuendelte-power-das-neue-werkstattkonzept-zf-proservice-36964\/#article","isPartOf":{"@id":"https:\/\/www.krafthand.de\/truck\/artikel\/gebuendelte-power-das-neue-werkstattkonzept-zf-proservice-36964\/"},"author":{"name":"georg.blenk@krafthand-medien.de","@id":"https:\/\/www.krafthand.de\/truck\/#\/schema\/person\/51fa80b1c57034c4bf63f9f988fc24ce"},"headline":"Geb\u00fcndelte Power: Das neue Werkstattkonzept ZF (pro)Service","datePublished":"2023-08-11T09:23:31+00:00","dateModified":"2023-08-11T10:22:45+00:00","mainEntityOfPage":{"@id":"https:\/\/www.krafthand.de\/truck\/artikel\/gebuendelte-power-das-neue-werkstattkonzept-zf-proservice-36964\/"},"wordCount":575,"image":{"@id":"https:\/\/www.krafthand.de\/truck\/artikel\/gebuendelte-power-das-neue-werkstattkonzept-zf-proservice-36964\/#primaryimage"},"thumbnailUrl":"https:\/\/static.krafthand-truck.de\/uploads\/2023\/08\/ZF_Pro_Service_Nfz_Werkstattkonzept.jpg","keywords":["TRW","Wabco","Werkstattkonzept","ZF Pro Services"],"articleSection":["Unternehmen"],"inLanguage":"de"},{"@type":"WebPage","@id":"https:\/\/www.krafthand.de\/truck\/artikel\/gebuendelte-power-das-neue-werkstattkonzept-zf-proservice-36964\/","url":"https:\/\/www.krafthand.de\/truck\/artikel\/gebuendelte-power-das-neue-werkstattkonzept-zf-proservice-36964\/","name":"Geb\u00fcndelte Power: Das neue Werkstattkonzept ZF (pro)Service - Krafthand-Truck","isPartOf":{"@id":"https:\/\/www.krafthand.de\/truck\/#website"},"primaryImageOfPage":{"@id":"https:\/\/www.krafthand.de\/truck\/artikel\/gebuendelte-power-das-neue-werkstattkonzept-zf-proservice-36964\/#primaryimage"},"image":{"@id":"https:\/\/www.krafthand.de\/truck\/artikel\/gebuendelte-power-das-neue-werkstattkonzept-zf-proservice-36964\/#primaryimage"},"thumbnailUrl":"https:\/\/static.krafthand-truck.de\/uploads\/2023\/08\/ZF_Pro_Service_Nfz_Werkstattkonzept.jpg","datePublished":"2023-08-11T09:23:31+00:00","dateModified":"2023-08-11T10:22:45+00:00","author":{"@id":"https:\/\/www.krafthand.de\/truck\/#\/schema\/person\/51fa80b1c57034c4bf63f9f988fc24ce"},"description":"ZF hat das Werkstattkonzept ZF [pro]Service vorgestellt. Es vereint die Konzepte 'ZF Service Point', 'ZF [pro]Tech' (Nfz) und 'WABCO Service Partner'.","breadcrumb":{"@id":"https:\/\/www.krafthand.de\/truck\/artikel\/gebuendelte-power-das-neue-werkstattkonzept-zf-proservice-36964\/#breadcrumb"},"inLanguage":"de","potentialAction":[{"@type":"ReadAction","target":["https:\/\/www.krafthand.de\/truck\/artikel\/gebuendelte-power-das-neue-werkstattkonzept-zf-proservice-36964\/"]}]},{"@type":"ImageObject","inLanguage":"de","@id":"https:\/\/www.krafthand.de\/truck\/artikel\/gebuendelte-power-das-neue-werkstattkonzept-zf-proservice-36964\/#primaryimage","url":"https:\/\/static.krafthand-truck.de\/uploads\/2023\/08\/ZF_Pro_Service_Nfz_Werkstattkonzept.jpg","contentUrl":"https:\/\/static.krafthand-truck.de\/uploads\/2023\/08\/ZF_Pro_Service_Nfz_Werkstattkonzept.jpg","width":1200,"height":671},{"@type":"BreadcrumbList","@id":"https:\/\/www.krafthand.de\/truck\/artikel\/gebuendelte-power-das-neue-werkstattkonzept-zf-proservice-36964\/#breadcrumb","itemListElement":[{"@type":"ListItem","position":1,"name":"Krafthand-Truck","item":"https:\/\/www.krafthand.de\/truck\/"},{"@type":"ListItem","position":2,"name":"Nfz-Branche","item":"https:\/\/www.krafthand.de\/truck\/kategorie\/branche\/"},{"@type":"ListItem","position":3,"name":"Unternehmen","item":"https:\/\/www.krafthand.de\/truck\/kategorie\/branche\/unternehmen\/"},{"@type":"ListItem","position":4,"name":"Geb\u00fcndelte Power: Das neue Werkstattkonzept ZF (pro)Service"}]},{"@type":"WebSite","@id":"https:\/\/www.krafthand.de\/truck\/#website","url":"https:\/\/www.krafthand.de\/truck\/","name":"Krafthand-Truck","description":"","potentialAction":[{"@type":"SearchAction","target":{"@type":"EntryPoint","urlTemplate":"https:\/\/www.krafthand.de\/truck\/?s={search_term_string}"},"query-input":{"@type":"PropertyValueSpecification","valueRequired":true,"valueName":"search_term_string"}}],"inLanguage":"de"},{"@type":"Person","@id":"https:\/\/www.krafthand.de\/truck\/#\/schema\/person\/51fa80b1c57034c4bf63f9f988fc24ce","name":"georg.blenk@krafthand-medien.de","image":{"@type":"ImageObject","inLanguage":"de","@id":"https:\/\/secure.gravatar.com\/avatar\/93713c30affe0aa95d3a4130e499bb1abee2eb31adbdd9ce2aa1543538490215?s=96&d=mm&r=g","url":"https:\/\/secure.gravatar.com\/avatar\/93713c30affe0aa95d3a4130e499bb1abee2eb31adbdd9ce2aa1543538490215?s=96&d=mm&r=g","contentUrl":"https:\/\/secure.gravatar.com\/avatar\/93713c30affe0aa95d3a4130e499bb1abee2eb31adbdd9ce2aa1543538490215?s=96&d=mm&r=g","caption":"georg.blenk@krafthand-medien.de"}}]}},"_links":{"self":[{"href":"https:\/\/www.krafthand.de\/truck\/wp-json\/wp\/v2\/posts\/36964","targetHints":{"allow":["GET"]}}],"collection":[{"href":"https:\/\/www.krafthand.de\/truck\/wp-json\/wp\/v2\/posts"}],"about":[{"href":"https:\/\/www.krafthand.de\/truck\/wp-json\/wp\/v2\/types\/post"}],"author":[{"embeddable":true,"href":"https:\/\/www.krafthand.de\/truck\/wp-json\/wp\/v2\/users\/9"}],"replies":[{"embeddable":true,"href":"https:\/\/www.krafthand.de\/truck\/wp-json\/wp\/v2\/comments?post=36964"}],"version-history":[{"count":10,"href":"https:\/\/www.krafthand.de\/truck\/wp-json\/wp\/v2\/posts\/36964\/revisions"}],"predecessor-version":[{"id":36975,"href":"https:\/\/www.krafthand.de\/truck\/wp-json\/wp\/v2\/posts\/36964\/revisions\/36975"}],"wp:featuredmedia":[{"embeddable":true,"href":"https:\/\/www.krafthand.de\/truck\/wp-json\/wp\/v2\/media\/36965"}],"wp:attachment":[{"href":"https:\/\/www.krafthand.de\/truck\/wp-json\/wp\/v2\/media?parent=36964"}],"wp:term":[{"taxonomy":"category","embeddable":true,"href":"https:\/\/www.krafthand.de\/truck\/wp-json\/wp\/v2\/categories?post=36964"},{"taxonomy":"post_tag","embeddable":true,"href":"https:\/\/www.krafthand.de\/truck\/wp-json\/wp\/v2\/tags?post=36964"},{"taxonomy":"settings","embeddable":true,"href":"https:\/\/www.krafthand.de\/truck\/wp-json\/wp\/v2\/settings?post=36964"}],"curies":[{"name":"wp","href":"https:\/\/api.w.org\/{rel}","templated":true}]}}