{"id":36931,"date":"2023-08-02T10:14:13","date_gmt":"2023-08-02T08:14:13","guid":{"rendered":"https:\/\/www.krafthand.de\/truck\/?p=36931"},"modified":"2023-08-03T09:03:32","modified_gmt":"2023-08-03T07:03:32","slug":"twinbusch-neue-mobile-radgreiferanlage","status":"publish","type":"post","link":"https:\/\/www.krafthand.de\/truck\/artikel\/twinbusch-neue-mobile-radgreiferanlage-36931\/","title":{"rendered":"Twin Busch: Neue, mobile Radgreiferanlage"},"content":{"rendered":"<p>Der Bensheimer Spezialist f\u00fcr Hebetechnik Twin Busch, hat mit der TW540TW-4\/6 eine neue, mobile Radgreiferanlage vorgestellt. Das System wird mit vier oder sechs Hebes\u00e4ulen angeboten. Die hydraulische Anlage, mit vier oder sechs E-Motoren, ist laut <a href=\"https:\/\/www.twinbusch.de\" target=\"_blank\" rel=\"noopener\">Twin Busch<\/a> nach DIN-ISO 9001 gefertigt und CE-zertifiziert. Die einzelnen S\u00e4ulen aus Spezialwalzprofil sind akkubetrieben, das Ladeger\u00e4t ist in jede S\u00e4ule integriert und kann \u00fcber eine handels\u00fcbliche 230V-Steckdose aufgeladen werden.<\/p>\n<h3>Kabellose Kommunikation<\/h3>\n<figure id=\"attachment_36935\" aria-describedby=\"caption-attachment-36935\" style=\"width: 180px\" class=\"wp-caption alignright\"><a href=\"https:\/\/static.krafthand-truck.de\/uploads\/2023\/08\/Twinbusch_Radgreifer_Lkw.jpg\" target=\"_blank\" rel=\"noopener\"><img fetchpriority=\"high\" decoding=\"async\" class=\"wp-image-36935\" src=\"https:\/\/static.krafthand-truck.de\/uploads\/2023\/08\/Twinbusch_Radgreifer_Lkw-193x300.jpg\" alt=\"\" width=\"180\" height=\"280\" srcset=\"https:\/\/static.krafthand-truck.de\/uploads\/2023\/08\/Twinbusch_Radgreifer_Lkw-193x300.jpg 193w, https:\/\/static.krafthand-truck.de\/uploads\/2023\/08\/Twinbusch_Radgreifer_Lkw-658x1024.jpg 658w, https:\/\/static.krafthand-truck.de\/uploads\/2023\/08\/Twinbusch_Radgreifer_Lkw-768x1195.jpg 768w, https:\/\/static.krafthand-truck.de\/uploads\/2023\/08\/Twinbusch_Radgreifer_Lkw.jpg 800w\" sizes=\"(max-width: 180px) 100vw, 180px\" \/><\/a><figcaption id=\"caption-attachment-36935\" class=\"wp-caption-text\">Die Radgreifer verf\u00fcgen \u00fcber eine Sicherheitsverrieglung und einen Notaus-Schalter.<\/figcaption><\/figure>\n<p>Die Hubs\u00e4ulen kommunizieren kabellos \u00fcber eine gesicherte Funkverbindung miteinander. Die Steuerung, die \u00fcber jede S\u00e4ule bedient werden kann, erfolgt \u00fcber Touch-Screens mit Echtzeit-\u00dcberwachung, inklusive Anzeige der Hubh\u00f6he. Zudem l\u00e4sst sich die Anlage auf einzelnes oder gemeinsames Anheben umschalten. Um die Bedienung nur autorisierten und geschulten Mitarbeitern zu erm\u00f6glichen, kommen ID-Karten zum Einsatz. F\u00fcr die Sicherheit beim Absetzen der Last, sorgt das Safety-Lock-System (Sicherheitsverriegelung). Jede Hebes\u00e4ule verf\u00fcgt \u00fcber einen Notaus-Schater.<br \/>\nDie Radaufnahmen sind f\u00fcr Reifendurchmesser von 600 \u2013 1.250 mm einstellbar. Dadurch ist ein flexibles Anheben von Transportern, Wohnmobilen, Llkw, Lkw bis hin zu Landmaschinen m\u00f6glich. Die einzelnen Hebes\u00e4ulen k\u00f6nnen laut Twin Busch auch bei geringen Platzverh\u00e4ltnissen wie ein Hubwagen bewegt werden und lassen sich auf jedem ebenen, ausreichend befestigten Boden verwenden.<\/p>\n<p>Twin Busch ist auf der Nutzfahrzeugmesse <a href=\"https:\/\/www.nufam.de\/de\/\" target=\"_blank\" rel=\"noopener\">NUFAM<\/a> in Karlsruhe in <strong>Halle 1 , Stand E109<\/strong> zu finden.<\/p>\n<p><i>Den Beitrag finden Sie auch in der Print-Ausgabe 3-2023 der <a href=\"https:\/\/www.krafthand.de\/truck\/magazin\/\" title=\"Zum Magazin\">Krafthand-Truck<\/a>.<\/i><\/p>","protected":false},"excerpt":{"rendered":"<p>Der Bensheimer Spezialist f\u00fcr Hebetechnik Twin Busch, hat mit der TW540TW-4\/6 eine neue, mobile Radgreiferanlage vorgestellt. Das System wird mit vier oder sechs Hebes\u00e4ulen angeboten. <span class=\"excerpt-more__dots\">&#8230;<\/span> <a class=\"excerpt-more__link\" href=\"https:\/\/www.krafthand.de\/truck\/artikel\/twinbusch-neue-mobile-radgreiferanlage-36931\/\" >weiter<\/a><\/p>\n","protected":false},"author":9,"featured_media":36934,"comment_status":"closed","ping_status":"closed","sticky":false,"template":"","format":"standard","meta":{"footnotes":""},"categories":[4220],"tags":[3289,1358,407,5644,5699],"settings":[4766,3523],"class_list":["post-36931","post","type-post","status-publish","format-standard","has-post-thumbnail","hentry","category-werkstattausruestung","tag-hebebuehne","tag-hebetechnik","tag-nufam","tag-radgreifer","tag-twinbusch"],"yoast_head":"<!-- This site is optimized with the Yoast SEO plugin v27.3 - https:\/\/yoast.com\/product\/yoast-seo-wordpress\/ -->\n<title>Twin Busch: Neue, mobile Radgreiferanlage - Krafthand-Truck<\/title>\n<meta name=\"description\" content=\"Der Bensheimer Spezialist f\u00fcr Hebetechnik Twinbusch, hat mit der TW540TW-4\/6 eine neue, mobile Radgreiferanlage vorgestellt.\" \/>\n<meta name=\"robots\" content=\"index, follow, max-snippet:-1, max-image-preview:large, max-video-preview:-1\" \/>\n<link rel=\"canonical\" href=\"https:\/\/www.krafthand.de\/truck\/artikel\/twinbusch-neue-mobile-radgreiferanlage-36931\/\" \/>\n<meta property=\"og:locale\" content=\"de_DE\" \/>\n<meta property=\"og:type\" content=\"article\" \/>\n<meta property=\"og:title\" content=\"Twin Busch: Neue, mobile Radgreiferanlage - Krafthand-Truck\" \/>\n<meta property=\"og:description\" content=\"Der Bensheimer Spezialist f\u00fcr Hebetechnik Twinbusch, hat mit der TW540TW-4\/6 eine neue, mobile Radgreiferanlage vorgestellt.\" \/>\n<meta property=\"og:url\" content=\"https:\/\/www.krafthand-truck.de\/artikel\/twinbusch-neue-mobile-radgreiferanlage-36931\/\" \/>\n<meta property=\"og:site_name\" content=\"Krafthand-Truck\" \/>\n<meta property=\"article:published_time\" content=\"2023-08-02T08:14:13+00:00\" \/>\n<meta property=\"article:modified_time\" content=\"2023-08-03T07:03:32+00:00\" \/>\n<meta property=\"og:image\" content=\"https:\/\/static.krafthand-truck.de\/uploads\/2023\/08\/Twinbusch_Lkw_Saeulenhebebuehne.jpg\" \/>\n\t<meta property=\"og:image:width\" content=\"1200\" \/>\n\t<meta property=\"og:image:height\" content=\"728\" \/>\n\t<meta property=\"og:image:type\" content=\"image\/jpeg\" \/>\n<meta name=\"author\" content=\"georg.blenk@krafthand-medien.de\" \/>\n<meta name=\"twitter:card\" content=\"summary_large_image\" \/>\n<meta name=\"twitter:label1\" content=\"Verfasst von\" \/>\n\t<meta name=\"twitter:data1\" content=\"georg.blenk@krafthand-medien.de\" \/>\n\t<meta name=\"twitter:label2\" content=\"Gesch\u00e4tzte Lesezeit\" \/>\n\t<meta name=\"twitter:data2\" content=\"2\u00a0Minuten\" \/>\n<script type=\"application\/ld+json\" class=\"yoast-schema-graph\">{\"@context\":\"https:\\\/\\\/schema.org\",\"@graph\":[{\"@type\":\"Article\",\"@id\":\"https:\\\/\\\/www.krafthand.de\\\/truck\\\/artikel\\\/twinbusch-neue-mobile-radgreiferanlage-36931\\\/#article\",\"isPartOf\":{\"@id\":\"https:\\\/\\\/www.krafthand.de\\\/truck\\\/artikel\\\/twinbusch-neue-mobile-radgreiferanlage-36931\\\/\"},\"author\":{\"name\":\"georg.blenk@krafthand-medien.de\",\"@id\":\"https:\\\/\\\/www.krafthand.de\\\/truck\\\/#\\\/schema\\\/person\\\/51fa80b1c57034c4bf63f9f988fc24ce\"},\"headline\":\"Twin Busch: Neue, mobile Radgreiferanlage\",\"datePublished\":\"2023-08-02T08:14:13+00:00\",\"dateModified\":\"2023-08-03T07:03:32+00:00\",\"mainEntityOfPage\":{\"@id\":\"https:\\\/\\\/www.krafthand.de\\\/truck\\\/artikel\\\/twinbusch-neue-mobile-radgreiferanlage-36931\\\/\"},\"wordCount\":242,\"image\":{\"@id\":\"https:\\\/\\\/www.krafthand.de\\\/truck\\\/artikel\\\/twinbusch-neue-mobile-radgreiferanlage-36931\\\/#primaryimage\"},\"thumbnailUrl\":\"https:\\\/\\\/static.krafthand-truck.de\\\/uploads\\\/2023\\\/08\\\/Twinbusch_Lkw_Saeulenhebebuehne.jpg\",\"keywords\":[\"Hebeb\u00fchne\",\"Hebetechnik\",\"Nufam\",\"Radgreifer\",\"Twinbusch\"],\"articleSection\":[\"Werkstattausr\u00fcstung\"],\"inLanguage\":\"de\"},{\"@type\":\"WebPage\",\"@id\":\"https:\\\/\\\/www.krafthand.de\\\/truck\\\/artikel\\\/twinbusch-neue-mobile-radgreiferanlage-36931\\\/\",\"url\":\"https:\\\/\\\/www.krafthand.de\\\/truck\\\/artikel\\\/twinbusch-neue-mobile-radgreiferanlage-36931\\\/\",\"name\":\"Twin Busch: Neue, mobile Radgreiferanlage - Krafthand-Truck\",\"isPartOf\":{\"@id\":\"https:\\\/\\\/www.krafthand.de\\\/truck\\\/#website\"},\"primaryImageOfPage\":{\"@id\":\"https:\\\/\\\/www.krafthand.de\\\/truck\\\/artikel\\\/twinbusch-neue-mobile-radgreiferanlage-36931\\\/#primaryimage\"},\"image\":{\"@id\":\"https:\\\/\\\/www.krafthand.de\\\/truck\\\/artikel\\\/twinbusch-neue-mobile-radgreiferanlage-36931\\\/#primaryimage\"},\"thumbnailUrl\":\"https:\\\/\\\/static.krafthand-truck.de\\\/uploads\\\/2023\\\/08\\\/Twinbusch_Lkw_Saeulenhebebuehne.jpg\",\"datePublished\":\"2023-08-02T08:14:13+00:00\",\"dateModified\":\"2023-08-03T07:03:32+00:00\",\"author\":{\"@id\":\"https:\\\/\\\/www.krafthand.de\\\/truck\\\/#\\\/schema\\\/person\\\/51fa80b1c57034c4bf63f9f988fc24ce\"},\"description\":\"Der Bensheimer Spezialist f\u00fcr Hebetechnik Twinbusch, hat mit der TW540TW-4\\\/6 eine neue, mobile Radgreiferanlage vorgestellt.\",\"breadcrumb\":{\"@id\":\"https:\\\/\\\/www.krafthand.de\\\/truck\\\/artikel\\\/twinbusch-neue-mobile-radgreiferanlage-36931\\\/#breadcrumb\"},\"inLanguage\":\"de\",\"potentialAction\":[{\"@type\":\"ReadAction\",\"target\":[\"https:\\\/\\\/www.krafthand.de\\\/truck\\\/artikel\\\/twinbusch-neue-mobile-radgreiferanlage-36931\\\/\"]}]},{\"@type\":\"ImageObject\",\"inLanguage\":\"de\",\"@id\":\"https:\\\/\\\/www.krafthand.de\\\/truck\\\/artikel\\\/twinbusch-neue-mobile-radgreiferanlage-36931\\\/#primaryimage\",\"url\":\"https:\\\/\\\/static.krafthand-truck.de\\\/uploads\\\/2023\\\/08\\\/Twinbusch_Lkw_Saeulenhebebuehne.jpg\",\"contentUrl\":\"https:\\\/\\\/static.krafthand-truck.de\\\/uploads\\\/2023\\\/08\\\/Twinbusch_Lkw_Saeulenhebebuehne.jpg\",\"width\":1200,\"height\":728},{\"@type\":\"BreadcrumbList\",\"@id\":\"https:\\\/\\\/www.krafthand.de\\\/truck\\\/artikel\\\/twinbusch-neue-mobile-radgreiferanlage-36931\\\/#breadcrumb\",\"itemListElement\":[{\"@type\":\"ListItem\",\"position\":1,\"name\":\"Krafthand-Truck\",\"item\":\"https:\\\/\\\/www.krafthand.de\\\/truck\\\/\"},{\"@type\":\"ListItem\",\"position\":2,\"name\":\"Nfz-Service\",\"item\":\"https:\\\/\\\/www.krafthand.de\\\/truck\\\/kategorie\\\/nfz-service\\\/\"},{\"@type\":\"ListItem\",\"position\":3,\"name\":\"Werkstattausr\u00fcstung\",\"item\":\"https:\\\/\\\/www.krafthand.de\\\/truck\\\/kategorie\\\/nfz-service\\\/werkstattausruestung\\\/\"},{\"@type\":\"ListItem\",\"position\":4,\"name\":\"Twin Busch: Neue, mobile Radgreiferanlage\"}]},{\"@type\":\"WebSite\",\"@id\":\"https:\\\/\\\/www.krafthand.de\\\/truck\\\/#website\",\"url\":\"https:\\\/\\\/www.krafthand.de\\\/truck\\\/\",\"name\":\"Krafthand-Truck\",\"description\":\"\",\"potentialAction\":[{\"@type\":\"SearchAction\",\"target\":{\"@type\":\"EntryPoint\",\"urlTemplate\":\"https:\\\/\\\/www.krafthand.de\\\/truck\\\/?s={search_term_string}\"},\"query-input\":{\"@type\":\"PropertyValueSpecification\",\"valueRequired\":true,\"valueName\":\"search_term_string\"}}],\"inLanguage\":\"de\"},{\"@type\":\"Person\",\"@id\":\"https:\\\/\\\/www.krafthand.de\\\/truck\\\/#\\\/schema\\\/person\\\/51fa80b1c57034c4bf63f9f988fc24ce\",\"name\":\"georg.blenk@krafthand-medien.de\",\"image\":{\"@type\":\"ImageObject\",\"inLanguage\":\"de\",\"@id\":\"https:\\\/\\\/secure.gravatar.com\\\/avatar\\\/93713c30affe0aa95d3a4130e499bb1abee2eb31adbdd9ce2aa1543538490215?s=96&d=mm&r=g\",\"url\":\"https:\\\/\\\/secure.gravatar.com\\\/avatar\\\/93713c30affe0aa95d3a4130e499bb1abee2eb31adbdd9ce2aa1543538490215?s=96&d=mm&r=g\",\"contentUrl\":\"https:\\\/\\\/secure.gravatar.com\\\/avatar\\\/93713c30affe0aa95d3a4130e499bb1abee2eb31adbdd9ce2aa1543538490215?s=96&d=mm&r=g\",\"caption\":\"georg.blenk@krafthand-medien.de\"}}]}<\/script>\n<!-- \/ Yoast SEO plugin. -->","yoast_head_json":{"title":"Twin Busch: Neue, mobile Radgreiferanlage - Krafthand-Truck","description":"Der Bensheimer Spezialist f\u00fcr Hebetechnik Twinbusch, hat mit der TW540TW-4\/6 eine neue, mobile Radgreiferanlage vorgestellt.","robots":{"index":"index","follow":"follow","max-snippet":"max-snippet:-1","max-image-preview":"max-image-preview:large","max-video-preview":"max-video-preview:-1"},"canonical":"https:\/\/www.krafthand.de\/truck\/artikel\/twinbusch-neue-mobile-radgreiferanlage-36931\/","og_locale":"de_DE","og_type":"article","og_title":"Twin Busch: Neue, mobile Radgreiferanlage - Krafthand-Truck","og_description":"Der Bensheimer Spezialist f\u00fcr Hebetechnik Twinbusch, hat mit der TW540TW-4\/6 eine neue, mobile Radgreiferanlage vorgestellt.","og_url":"https:\/\/www.krafthand-truck.de\/artikel\/twinbusch-neue-mobile-radgreiferanlage-36931\/","og_site_name":"Krafthand-Truck","article_published_time":"2023-08-02T08:14:13+00:00","article_modified_time":"2023-08-03T07:03:32+00:00","og_image":[{"width":1200,"height":728,"url":"https:\/\/static.krafthand-truck.de\/uploads\/2023\/08\/Twinbusch_Lkw_Saeulenhebebuehne.jpg","type":"image\/jpeg"}],"author":"georg.blenk@krafthand-medien.de","twitter_card":"summary_large_image","twitter_misc":{"Verfasst von":"georg.blenk@krafthand-medien.de","Gesch\u00e4tzte Lesezeit":"2\u00a0Minuten"},"schema":{"@context":"https:\/\/schema.org","@graph":[{"@type":"Article","@id":"https:\/\/www.krafthand.de\/truck\/artikel\/twinbusch-neue-mobile-radgreiferanlage-36931\/#article","isPartOf":{"@id":"https:\/\/www.krafthand.de\/truck\/artikel\/twinbusch-neue-mobile-radgreiferanlage-36931\/"},"author":{"name":"georg.blenk@krafthand-medien.de","@id":"https:\/\/www.krafthand.de\/truck\/#\/schema\/person\/51fa80b1c57034c4bf63f9f988fc24ce"},"headline":"Twin Busch: Neue, mobile Radgreiferanlage","datePublished":"2023-08-02T08:14:13+00:00","dateModified":"2023-08-03T07:03:32+00:00","mainEntityOfPage":{"@id":"https:\/\/www.krafthand.de\/truck\/artikel\/twinbusch-neue-mobile-radgreiferanlage-36931\/"},"wordCount":242,"image":{"@id":"https:\/\/www.krafthand.de\/truck\/artikel\/twinbusch-neue-mobile-radgreiferanlage-36931\/#primaryimage"},"thumbnailUrl":"https:\/\/static.krafthand-truck.de\/uploads\/2023\/08\/Twinbusch_Lkw_Saeulenhebebuehne.jpg","keywords":["Hebeb\u00fchne","Hebetechnik","Nufam","Radgreifer","Twinbusch"],"articleSection":["Werkstattausr\u00fcstung"],"inLanguage":"de"},{"@type":"WebPage","@id":"https:\/\/www.krafthand.de\/truck\/artikel\/twinbusch-neue-mobile-radgreiferanlage-36931\/","url":"https:\/\/www.krafthand.de\/truck\/artikel\/twinbusch-neue-mobile-radgreiferanlage-36931\/","name":"Twin Busch: Neue, mobile Radgreiferanlage - Krafthand-Truck","isPartOf":{"@id":"https:\/\/www.krafthand.de\/truck\/#website"},"primaryImageOfPage":{"@id":"https:\/\/www.krafthand.de\/truck\/artikel\/twinbusch-neue-mobile-radgreiferanlage-36931\/#primaryimage"},"image":{"@id":"https:\/\/www.krafthand.de\/truck\/artikel\/twinbusch-neue-mobile-radgreiferanlage-36931\/#primaryimage"},"thumbnailUrl":"https:\/\/static.krafthand-truck.de\/uploads\/2023\/08\/Twinbusch_Lkw_Saeulenhebebuehne.jpg","datePublished":"2023-08-02T08:14:13+00:00","dateModified":"2023-08-03T07:03:32+00:00","author":{"@id":"https:\/\/www.krafthand.de\/truck\/#\/schema\/person\/51fa80b1c57034c4bf63f9f988fc24ce"},"description":"Der Bensheimer Spezialist f\u00fcr Hebetechnik Twinbusch, hat mit der TW540TW-4\/6 eine neue, mobile Radgreiferanlage vorgestellt.","breadcrumb":{"@id":"https:\/\/www.krafthand.de\/truck\/artikel\/twinbusch-neue-mobile-radgreiferanlage-36931\/#breadcrumb"},"inLanguage":"de","potentialAction":[{"@type":"ReadAction","target":["https:\/\/www.krafthand.de\/truck\/artikel\/twinbusch-neue-mobile-radgreiferanlage-36931\/"]}]},{"@type":"ImageObject","inLanguage":"de","@id":"https:\/\/www.krafthand.de\/truck\/artikel\/twinbusch-neue-mobile-radgreiferanlage-36931\/#primaryimage","url":"https:\/\/static.krafthand-truck.de\/uploads\/2023\/08\/Twinbusch_Lkw_Saeulenhebebuehne.jpg","contentUrl":"https:\/\/static.krafthand-truck.de\/uploads\/2023\/08\/Twinbusch_Lkw_Saeulenhebebuehne.jpg","width":1200,"height":728},{"@type":"BreadcrumbList","@id":"https:\/\/www.krafthand.de\/truck\/artikel\/twinbusch-neue-mobile-radgreiferanlage-36931\/#breadcrumb","itemListElement":[{"@type":"ListItem","position":1,"name":"Krafthand-Truck","item":"https:\/\/www.krafthand.de\/truck\/"},{"@type":"ListItem","position":2,"name":"Nfz-Service","item":"https:\/\/www.krafthand.de\/truck\/kategorie\/nfz-service\/"},{"@type":"ListItem","position":3,"name":"Werkstattausr\u00fcstung","item":"https:\/\/www.krafthand.de\/truck\/kategorie\/nfz-service\/werkstattausruestung\/"},{"@type":"ListItem","position":4,"name":"Twin Busch: Neue, mobile Radgreiferanlage"}]},{"@type":"WebSite","@id":"https:\/\/www.krafthand.de\/truck\/#website","url":"https:\/\/www.krafthand.de\/truck\/","name":"Krafthand-Truck","description":"","potentialAction":[{"@type":"SearchAction","target":{"@type":"EntryPoint","urlTemplate":"https:\/\/www.krafthand.de\/truck\/?s={search_term_string}"},"query-input":{"@type":"PropertyValueSpecification","valueRequired":true,"valueName":"search_term_string"}}],"inLanguage":"de"},{"@type":"Person","@id":"https:\/\/www.krafthand.de\/truck\/#\/schema\/person\/51fa80b1c57034c4bf63f9f988fc24ce","name":"georg.blenk@krafthand-medien.de","image":{"@type":"ImageObject","inLanguage":"de","@id":"https:\/\/secure.gravatar.com\/avatar\/93713c30affe0aa95d3a4130e499bb1abee2eb31adbdd9ce2aa1543538490215?s=96&d=mm&r=g","url":"https:\/\/secure.gravatar.com\/avatar\/93713c30affe0aa95d3a4130e499bb1abee2eb31adbdd9ce2aa1543538490215?s=96&d=mm&r=g","contentUrl":"https:\/\/secure.gravatar.com\/avatar\/93713c30affe0aa95d3a4130e499bb1abee2eb31adbdd9ce2aa1543538490215?s=96&d=mm&r=g","caption":"georg.blenk@krafthand-medien.de"}}]}},"_links":{"self":[{"href":"https:\/\/www.krafthand.de\/truck\/wp-json\/wp\/v2\/posts\/36931","targetHints":{"allow":["GET"]}}],"collection":[{"href":"https:\/\/www.krafthand.de\/truck\/wp-json\/wp\/v2\/posts"}],"about":[{"href":"https:\/\/www.krafthand.de\/truck\/wp-json\/wp\/v2\/types\/post"}],"author":[{"embeddable":true,"href":"https:\/\/www.krafthand.de\/truck\/wp-json\/wp\/v2\/users\/9"}],"replies":[{"embeddable":true,"href":"https:\/\/www.krafthand.de\/truck\/wp-json\/wp\/v2\/comments?post=36931"}],"version-history":[{"count":8,"href":"https:\/\/www.krafthand.de\/truck\/wp-json\/wp\/v2\/posts\/36931\/revisions"}],"predecessor-version":[{"id":36941,"href":"https:\/\/www.krafthand.de\/truck\/wp-json\/wp\/v2\/posts\/36931\/revisions\/36941"}],"wp:featuredmedia":[{"embeddable":true,"href":"https:\/\/www.krafthand.de\/truck\/wp-json\/wp\/v2\/media\/36934"}],"wp:attachment":[{"href":"https:\/\/www.krafthand.de\/truck\/wp-json\/wp\/v2\/media?parent=36931"}],"wp:term":[{"taxonomy":"category","embeddable":true,"href":"https:\/\/www.krafthand.de\/truck\/wp-json\/wp\/v2\/categories?post=36931"},{"taxonomy":"post_tag","embeddable":true,"href":"https:\/\/www.krafthand.de\/truck\/wp-json\/wp\/v2\/tags?post=36931"},{"taxonomy":"settings","embeddable":true,"href":"https:\/\/www.krafthand.de\/truck\/wp-json\/wp\/v2\/settings?post=36931"}],"curies":[{"name":"wp","href":"https:\/\/api.w.org\/{rel}","templated":true}]}}