{"id":36895,"date":"2023-07-28T12:33:02","date_gmt":"2023-07-28T10:33:02","guid":{"rendered":"https:\/\/www.krafthand.de\/truck\/?p=36895"},"modified":"2023-07-28T12:35:00","modified_gmt":"2023-07-28T10:35:00","slug":"neue-elektrische-achsantriebe-von-zf","status":"publish","type":"post","link":"https:\/\/www.krafthand.de\/truck\/artikel\/neue-elektrische-achsantriebe-von-zf-36895\/","title":{"rendered":"Neue elektrische Achsantriebe von ZF"},"content":{"rendered":"<p>Die Nutzfahrzeug-Sparte von ZF Friedrichshafen, die ZF-Division \u201a<a href=\"https:\/\/www.zf.com\/products\/de\/cv\/home\/cv.html\" target=\"_blank\" rel=\"noopener\">Commercial Vehicle Solution<\/a>s\u2018 (CVS), positioniert sich verst\u00e4rkt als Spezialist f\u00fcr elektrische Antriebseinheiten. Die Produktpalette umfasst beispielsweise den vollelektrischen Zentralantrieb CeTrax 2, die neuen Achsantriebe AxTrax 2 und AxTrax 2 dual sowie zahlreiche Komponenten f\u00fcr E-Trucks. Die integrierten und modularen E-Antriebssysteme eignen sich laut ZF f\u00fcr leichte, mittlere und schwere Fahrzeuge sowie f\u00fcr Trailer.<\/p>\n<h3>Skalierbarer Baukasten<\/h3>\n<blockquote><p>\u201eDer Baukasten beinhaltet skalierbare Achs- und Zentralantriebssysteme. Diese folgen, wie andere elektrische Systeme von ZF, dem Ansatz der Technologie-Offenheit. So lassen sie sich beispielweise mit einer Batterie oder Brennstoffzelle kombinieren. Erg\u00e4nzt wird der modulare Baukasten durch ein breites Spektrum an selbst entwickelten und produzierten E-Komponenten\u201c, so Winfried Gr\u00fcndler, Leiter der Produktlinie Antriebssysteme im ZF-Unternehmensbereich Commercial Vehicle Solutions.<\/p><\/blockquote>\n<h3>Achsbasiert, vollintegriert, kompaktes Design<\/h3>\n<figure id=\"attachment_36899\" aria-describedby=\"caption-attachment-36899\" style=\"width: 420px\" class=\"wp-caption alignright\"><a href=\"https:\/\/static.krafthand-truck.de\/uploads\/2023\/07\/ZF_CeTrax2Dual_E-Motor_Lkw.jpg\" target=\"_blank\" rel=\"noopener\"><img fetchpriority=\"high\" decoding=\"async\" class=\"wp-image-36899\" src=\"https:\/\/static.krafthand-truck.de\/uploads\/2023\/07\/ZF_CeTrax2Dual_E-Motor_Lkw-300x241.jpg\" alt=\"\" width=\"420\" height=\"337\" srcset=\"https:\/\/static.krafthand-truck.de\/uploads\/2023\/07\/ZF_CeTrax2Dual_E-Motor_Lkw-300x241.jpg 300w, https:\/\/static.krafthand-truck.de\/uploads\/2023\/07\/ZF_CeTrax2Dual_E-Motor_Lkw-1024x821.jpg 1024w, https:\/\/static.krafthand-truck.de\/uploads\/2023\/07\/ZF_CeTrax2Dual_E-Motor_Lkw-768x616.jpg 768w, https:\/\/static.krafthand-truck.de\/uploads\/2023\/07\/ZF_CeTrax2Dual_E-Motor_Lkw.jpg 1200w\" sizes=\"(max-width: 420px) 100vw, 420px\" \/><\/a><figcaption id=\"caption-attachment-36899\" class=\"wp-caption-text\">Doppelt-Power: Der vollelektrische Zentralantrieb CeTrax 2 Dual.<\/figcaption><\/figure>\n<p>Der Achsantrieb AxTrax 2 maximiert laut ZF aufgrund des kompakten Designs den verf\u00fcgbaren Platz f\u00fcr die Ladung oder den Fahrgastraum sowie f\u00fcr Batterien und erh\u00f6ht die Designflexibilit\u00e4t des Herstellers f\u00fcr zuk\u00fcnftige Fahrzeugkonzepte. Die Antriebe k\u00f6nnen vollst\u00e4ndig mit Fahrzeugfunktionen wie Brems-, ADAS- und automatisierten Fahrsystemen synchronisiert werden, um die Fahrzeugsicherheit und -effizienz zu verbessern. Der Austausch von Systeminformationen der E-Achse mit fortschrittlichen digitalen und Telematik-Systemen \u00fcber CAN-Bus ist ebenso m\u00f6glich.<br \/>\nAxTrax 2 wird in zwei Varianten angeboten: AxTrax 2 erm\u00f6glicht eine Dauerleistung von 210 kW. AxTrax 2 dual mit zwei integrierten E-Motoren ist ideal f\u00fcr schwere Nutzfahrzeuge und bietet 380 kW Dauerleistung. Beide Modelle ersetzen Motor, Getriebe, Gelenkwelle sowie konventionelle Achse, um ein Nutzfahrzeug zu elektrifizieren. Den Nutzfahrzeugherstellern bietet dieses Produkt neue Gestaltungsfreiheiten, beispielsweise um die Batteriekapazit\u00e4t zu erh\u00f6hen, die Aerodynamik zu verbessern und automatisierte Fahrfunktionen zu erm\u00f6glichen.<\/p>\n<h3>e-Trailer und Zusatzkomponenten<\/h3>\n<p>Als elektrische Antriebsachse in Sattelauflieger eingesetzt, kann AxTrax 2 zus\u00e4tzlich beim Bremsen elektrische Energie zur\u00fcckgewinnen. Diese wird in einer Batterie zwischengespeichert und kann von der elektrischen Achse zur Unterst\u00fctzung des Lkw-Antriebs genutzt werden. Damit kann ein erhebliches, bislang ungenutztes Potenzial zur Reduzierung des Kraftstoff- oder Energieverbrauch sowie der CO2-Emissionen erschlossen werden. Gleichzeitig wird die Sicherheit des Gesamtgespanns erh\u00f6ht.<\/p>\n<p>&nbsp;<\/p>\n<figure id=\"attachment_36900\" aria-describedby=\"caption-attachment-36900\" style=\"width: 800px\" class=\"wp-caption aligncenter\"><a href=\"https:\/\/static.krafthand-truck.de\/uploads\/2023\/07\/ZF_E_Trailer.jpg\" target=\"_blank\" rel=\"noopener\"><img decoding=\"async\" class=\"wp-image-36900\" src=\"https:\/\/static.krafthand-truck.de\/uploads\/2023\/07\/ZF_E_Trailer-300x157.jpg\" alt=\"\" width=\"800\" height=\"419\" srcset=\"https:\/\/static.krafthand-truck.de\/uploads\/2023\/07\/ZF_E_Trailer-300x157.jpg 300w, https:\/\/static.krafthand-truck.de\/uploads\/2023\/07\/ZF_E_Trailer-1024x537.jpg 1024w, https:\/\/static.krafthand-truck.de\/uploads\/2023\/07\/ZF_E_Trailer-768x403.jpg 768w, https:\/\/static.krafthand-truck.de\/uploads\/2023\/07\/ZF_E_Trailer.jpg 1200w\" sizes=\"(max-width: 800px) 100vw, 800px\" \/><\/a><figcaption id=\"caption-attachment-36900\" class=\"wp-caption-text\">Der eTrailer von ZF mit der Antriebsachse AxTrax 2 ist auf der NUFAM im Freigel\u00e4nde zu sehen. Das Unternehmen selbst findet man in Halle 1, Stand 115.<\/figcaption><\/figure>\n<p>Dar\u00fcber hinaus bietet ZF eigens f\u00fcr Nutzfahrzeuganforderungen entwickelte E-Komponenten an. Die Modularit\u00e4t erm\u00f6glicht es Herstellern, die kompletten Antriebssysteme von ZF zu nutzen oder alternativ mit eigenen Komponenten zu kombinieren und dabei Synergien und gemeinsame Schnittstellen zu nutzen. Dazu geh\u00f6ren E-Motoren (PSM), Wechselrichter auf Siliziumkarbid-Basis (SiC), ein E-Antriebssteuerger\u00e4t, E-Aktuatoren und Mehrganggetriebe.<\/p>\n<p><i>Den Beitrag finden Sie auch in der Print-Ausgabe 3-2023 der <a href=\"https:\/\/www.krafthand.de\/truck\/magazin\/\" title=\"Zum Magazin\">Krafthand-Truck<\/a>.<\/i><\/p>\r\n\t\t\t\t<div class=\"post-author\">\r\n\t\t\t\t\t<div class=\"khm-cp-author clearfix\">\r\n\t\t\t\t\t\t<div class=\"khm-cp-author__content\">\r\n\t\t\t\t\t\t\t\tKontakt zum Autor:<br \/>\r\n\t\t\t\t\t\t\t\t<strong>Georg Blenk<\/strong>, 08247 \/ 3007-45 |  <a href=\"mailto:georg.blenk@krafthand-medien.de\">georg.blenk@krafthand-medien.de<\/a>\r\n\t\t\t\t\t\t\t<div class=\"khm-cp-author__image\">\r\n\t\t\t\t\t\t<img src=\"https:\/\/static.krafthand-truck.de\/uploads\/2021\/01\/Blenk_6104-250x300-1-removebg-preview.png\" class=\"img-responsive\">\r\n\t\t\t\t\t<\/div>\r\n\t\t\t\t\t\t<\/div>\r\n\t\t\t\t\t<\/div>\r\n\t\t\t\t<\/div>\r\n\t\t\t\t","protected":false},"excerpt":{"rendered":"<p>Die Nutzfahrzeug-Sparte von ZF Friedrichshafen, die ZF-Division \u201aCommercial Vehicle Solutions\u2018 (CVS), positioniert sich verst\u00e4rkt als Spezialist f\u00fcr elektrische Antriebseinheiten. Die Produktpalette umfasst beispielsweise den vollelektrischen Zentralantrieb CeTrax 2, die neuen Achsantriebe AxTrax 2 und AxTrax 2 dual sowie zahlreiche Komponenten f\u00fcr E-Trucks. <span class=\"excerpt-more__dots\">&#8230;<\/span> <a class=\"excerpt-more__link\" href=\"https:\/\/www.krafthand.de\/truck\/artikel\/neue-elektrische-achsantriebe-von-zf-36895\/\" >weiter<\/a><\/p>\n","protected":false},"author":9,"featured_media":36897,"comment_status":"closed","ping_status":"closed","sticky":false,"template":"","format":"standard","meta":{"footnotes":""},"categories":[4224],"tags":[5140,5696,187],"settings":[3524,4766,3523],"class_list":["post-36895","post","type-post","status-publish","format-standard","has-post-thumbnail","hentry","category-e-antrieb","tag-e-achse","tag-e-trailer","tag-zf"],"yoast_head":"<!-- This site is optimized with the Yoast SEO plugin v27.3 - https:\/\/yoast.com\/product\/yoast-seo-wordpress\/ -->\n<title>Neue elektrische Achsantriebe von ZF - Krafthand-Truck<\/title>\n<meta name=\"description\" content=\"ZF Commercial Vehicle Solutions (CVS), positioniert sich verst\u00e4rkt als Spezialist f\u00fcr elektrische Antriebseinheiten f\u00fcr Nfz.\" \/>\n<meta name=\"robots\" content=\"index, follow, max-snippet:-1, max-image-preview:large, max-video-preview:-1\" \/>\n<link rel=\"canonical\" href=\"https:\/\/www.krafthand.de\/truck\/artikel\/neue-elektrische-achsantriebe-von-zf-36895\/\" \/>\n<meta property=\"og:locale\" content=\"de_DE\" \/>\n<meta property=\"og:type\" content=\"article\" \/>\n<meta property=\"og:title\" content=\"Neue elektrische Achsantriebe von ZF - Krafthand-Truck\" \/>\n<meta property=\"og:description\" content=\"ZF Commercial Vehicle Solutions (CVS), positioniert sich verst\u00e4rkt als Spezialist f\u00fcr elektrische Antriebseinheiten f\u00fcr Nfz.\" \/>\n<meta property=\"og:url\" content=\"https:\/\/www.krafthand-truck.de\/artikel\/neue-elektrische-achsantriebe-von-zf-36895\/\" \/>\n<meta property=\"og:site_name\" content=\"Krafthand-Truck\" \/>\n<meta property=\"article:published_time\" content=\"2023-07-28T10:33:02+00:00\" \/>\n<meta property=\"article:modified_time\" content=\"2023-07-28T10:35:00+00:00\" \/>\n<meta property=\"og:image\" content=\"https:\/\/static.krafthand-truck.de\/uploads\/2023\/07\/ZF_AxTrax2_Antriebesachse_E_Lkw.jpg\" \/>\n\t<meta property=\"og:image:width\" content=\"1200\" \/>\n\t<meta property=\"og:image:height\" content=\"578\" \/>\n\t<meta property=\"og:image:type\" content=\"image\/jpeg\" \/>\n<meta name=\"author\" content=\"georg.blenk@krafthand-medien.de\" \/>\n<meta name=\"twitter:card\" content=\"summary_large_image\" \/>\n<meta name=\"twitter:label1\" content=\"Verfasst von\" \/>\n\t<meta name=\"twitter:data1\" content=\"georg.blenk@krafthand-medien.de\" \/>\n\t<meta name=\"twitter:label2\" content=\"Gesch\u00e4tzte Lesezeit\" \/>\n\t<meta name=\"twitter:data2\" content=\"3\u00a0Minuten\" \/>\n<script type=\"application\/ld+json\" class=\"yoast-schema-graph\">{\"@context\":\"https:\\\/\\\/schema.org\",\"@graph\":[{\"@type\":\"Article\",\"@id\":\"https:\\\/\\\/www.krafthand.de\\\/truck\\\/artikel\\\/neue-elektrische-achsantriebe-von-zf-36895\\\/#article\",\"isPartOf\":{\"@id\":\"https:\\\/\\\/www.krafthand.de\\\/truck\\\/artikel\\\/neue-elektrische-achsantriebe-von-zf-36895\\\/\"},\"author\":{\"name\":\"georg.blenk@krafthand-medien.de\",\"@id\":\"https:\\\/\\\/www.krafthand.de\\\/truck\\\/#\\\/schema\\\/person\\\/51fa80b1c57034c4bf63f9f988fc24ce\"},\"headline\":\"Neue elektrische Achsantriebe von ZF\",\"datePublished\":\"2023-07-28T10:33:02+00:00\",\"dateModified\":\"2023-07-28T10:35:00+00:00\",\"mainEntityOfPage\":{\"@id\":\"https:\\\/\\\/www.krafthand.de\\\/truck\\\/artikel\\\/neue-elektrische-achsantriebe-von-zf-36895\\\/\"},\"wordCount\":445,\"image\":{\"@id\":\"https:\\\/\\\/www.krafthand.de\\\/truck\\\/artikel\\\/neue-elektrische-achsantriebe-von-zf-36895\\\/#primaryimage\"},\"thumbnailUrl\":\"https:\\\/\\\/static.krafthand-truck.de\\\/uploads\\\/2023\\\/07\\\/ZF_AxTrax2_Antriebesachse_E_Lkw.jpg\",\"keywords\":[\"e-Achse\",\"E-Trailer\",\"ZF\"],\"articleSection\":[\"E-Antrieb (BEV\\\/FCEV)\"],\"inLanguage\":\"de\"},{\"@type\":\"WebPage\",\"@id\":\"https:\\\/\\\/www.krafthand.de\\\/truck\\\/artikel\\\/neue-elektrische-achsantriebe-von-zf-36895\\\/\",\"url\":\"https:\\\/\\\/www.krafthand.de\\\/truck\\\/artikel\\\/neue-elektrische-achsantriebe-von-zf-36895\\\/\",\"name\":\"Neue elektrische Achsantriebe von ZF - Krafthand-Truck\",\"isPartOf\":{\"@id\":\"https:\\\/\\\/www.krafthand.de\\\/truck\\\/#website\"},\"primaryImageOfPage\":{\"@id\":\"https:\\\/\\\/www.krafthand.de\\\/truck\\\/artikel\\\/neue-elektrische-achsantriebe-von-zf-36895\\\/#primaryimage\"},\"image\":{\"@id\":\"https:\\\/\\\/www.krafthand.de\\\/truck\\\/artikel\\\/neue-elektrische-achsantriebe-von-zf-36895\\\/#primaryimage\"},\"thumbnailUrl\":\"https:\\\/\\\/static.krafthand-truck.de\\\/uploads\\\/2023\\\/07\\\/ZF_AxTrax2_Antriebesachse_E_Lkw.jpg\",\"datePublished\":\"2023-07-28T10:33:02+00:00\",\"dateModified\":\"2023-07-28T10:35:00+00:00\",\"author\":{\"@id\":\"https:\\\/\\\/www.krafthand.de\\\/truck\\\/#\\\/schema\\\/person\\\/51fa80b1c57034c4bf63f9f988fc24ce\"},\"description\":\"ZF Commercial Vehicle Solutions (CVS), positioniert sich verst\u00e4rkt als Spezialist f\u00fcr elektrische Antriebseinheiten f\u00fcr Nfz.\",\"breadcrumb\":{\"@id\":\"https:\\\/\\\/www.krafthand.de\\\/truck\\\/artikel\\\/neue-elektrische-achsantriebe-von-zf-36895\\\/#breadcrumb\"},\"inLanguage\":\"de\",\"potentialAction\":[{\"@type\":\"ReadAction\",\"target\":[\"https:\\\/\\\/www.krafthand.de\\\/truck\\\/artikel\\\/neue-elektrische-achsantriebe-von-zf-36895\\\/\"]}]},{\"@type\":\"ImageObject\",\"inLanguage\":\"de\",\"@id\":\"https:\\\/\\\/www.krafthand.de\\\/truck\\\/artikel\\\/neue-elektrische-achsantriebe-von-zf-36895\\\/#primaryimage\",\"url\":\"https:\\\/\\\/static.krafthand-truck.de\\\/uploads\\\/2023\\\/07\\\/ZF_AxTrax2_Antriebesachse_E_Lkw.jpg\",\"contentUrl\":\"https:\\\/\\\/static.krafthand-truck.de\\\/uploads\\\/2023\\\/07\\\/ZF_AxTrax2_Antriebesachse_E_Lkw.jpg\",\"width\":1200,\"height\":578},{\"@type\":\"BreadcrumbList\",\"@id\":\"https:\\\/\\\/www.krafthand.de\\\/truck\\\/artikel\\\/neue-elektrische-achsantriebe-von-zf-36895\\\/#breadcrumb\",\"itemListElement\":[{\"@type\":\"ListItem\",\"position\":1,\"name\":\"Krafthand-Truck\",\"item\":\"https:\\\/\\\/www.krafthand.de\\\/truck\\\/\"},{\"@type\":\"ListItem\",\"position\":2,\"name\":\"Nfz-Technik\",\"item\":\"https:\\\/\\\/www.krafthand.de\\\/truck\\\/kategorie\\\/nfz-technik\\\/\"},{\"@type\":\"ListItem\",\"position\":3,\"name\":\"E-Antrieb (BEV\\\/FCEV)\",\"item\":\"https:\\\/\\\/www.krafthand.de\\\/truck\\\/kategorie\\\/nfz-technik\\\/e-antrieb\\\/\"},{\"@type\":\"ListItem\",\"position\":4,\"name\":\"Neue elektrische Achsantriebe von ZF\"}]},{\"@type\":\"WebSite\",\"@id\":\"https:\\\/\\\/www.krafthand.de\\\/truck\\\/#website\",\"url\":\"https:\\\/\\\/www.krafthand.de\\\/truck\\\/\",\"name\":\"Krafthand-Truck\",\"description\":\"\",\"potentialAction\":[{\"@type\":\"SearchAction\",\"target\":{\"@type\":\"EntryPoint\",\"urlTemplate\":\"https:\\\/\\\/www.krafthand.de\\\/truck\\\/?s={search_term_string}\"},\"query-input\":{\"@type\":\"PropertyValueSpecification\",\"valueRequired\":true,\"valueName\":\"search_term_string\"}}],\"inLanguage\":\"de\"},{\"@type\":\"Person\",\"@id\":\"https:\\\/\\\/www.krafthand.de\\\/truck\\\/#\\\/schema\\\/person\\\/51fa80b1c57034c4bf63f9f988fc24ce\",\"name\":\"georg.blenk@krafthand-medien.de\",\"image\":{\"@type\":\"ImageObject\",\"inLanguage\":\"de\",\"@id\":\"https:\\\/\\\/secure.gravatar.com\\\/avatar\\\/93713c30affe0aa95d3a4130e499bb1abee2eb31adbdd9ce2aa1543538490215?s=96&d=mm&r=g\",\"url\":\"https:\\\/\\\/secure.gravatar.com\\\/avatar\\\/93713c30affe0aa95d3a4130e499bb1abee2eb31adbdd9ce2aa1543538490215?s=96&d=mm&r=g\",\"contentUrl\":\"https:\\\/\\\/secure.gravatar.com\\\/avatar\\\/93713c30affe0aa95d3a4130e499bb1abee2eb31adbdd9ce2aa1543538490215?s=96&d=mm&r=g\",\"caption\":\"georg.blenk@krafthand-medien.de\"}}]}<\/script>\n<!-- \/ Yoast SEO plugin. -->","yoast_head_json":{"title":"Neue elektrische Achsantriebe von ZF - Krafthand-Truck","description":"ZF Commercial Vehicle Solutions (CVS), positioniert sich verst\u00e4rkt als Spezialist f\u00fcr elektrische Antriebseinheiten f\u00fcr Nfz.","robots":{"index":"index","follow":"follow","max-snippet":"max-snippet:-1","max-image-preview":"max-image-preview:large","max-video-preview":"max-video-preview:-1"},"canonical":"https:\/\/www.krafthand.de\/truck\/artikel\/neue-elektrische-achsantriebe-von-zf-36895\/","og_locale":"de_DE","og_type":"article","og_title":"Neue elektrische Achsantriebe von ZF - Krafthand-Truck","og_description":"ZF Commercial Vehicle Solutions (CVS), positioniert sich verst\u00e4rkt als Spezialist f\u00fcr elektrische Antriebseinheiten f\u00fcr Nfz.","og_url":"https:\/\/www.krafthand-truck.de\/artikel\/neue-elektrische-achsantriebe-von-zf-36895\/","og_site_name":"Krafthand-Truck","article_published_time":"2023-07-28T10:33:02+00:00","article_modified_time":"2023-07-28T10:35:00+00:00","og_image":[{"width":1200,"height":578,"url":"https:\/\/static.krafthand-truck.de\/uploads\/2023\/07\/ZF_AxTrax2_Antriebesachse_E_Lkw.jpg","type":"image\/jpeg"}],"author":"georg.blenk@krafthand-medien.de","twitter_card":"summary_large_image","twitter_misc":{"Verfasst von":"georg.blenk@krafthand-medien.de","Gesch\u00e4tzte Lesezeit":"3\u00a0Minuten"},"schema":{"@context":"https:\/\/schema.org","@graph":[{"@type":"Article","@id":"https:\/\/www.krafthand.de\/truck\/artikel\/neue-elektrische-achsantriebe-von-zf-36895\/#article","isPartOf":{"@id":"https:\/\/www.krafthand.de\/truck\/artikel\/neue-elektrische-achsantriebe-von-zf-36895\/"},"author":{"name":"georg.blenk@krafthand-medien.de","@id":"https:\/\/www.krafthand.de\/truck\/#\/schema\/person\/51fa80b1c57034c4bf63f9f988fc24ce"},"headline":"Neue elektrische Achsantriebe von ZF","datePublished":"2023-07-28T10:33:02+00:00","dateModified":"2023-07-28T10:35:00+00:00","mainEntityOfPage":{"@id":"https:\/\/www.krafthand.de\/truck\/artikel\/neue-elektrische-achsantriebe-von-zf-36895\/"},"wordCount":445,"image":{"@id":"https:\/\/www.krafthand.de\/truck\/artikel\/neue-elektrische-achsantriebe-von-zf-36895\/#primaryimage"},"thumbnailUrl":"https:\/\/static.krafthand-truck.de\/uploads\/2023\/07\/ZF_AxTrax2_Antriebesachse_E_Lkw.jpg","keywords":["e-Achse","E-Trailer","ZF"],"articleSection":["E-Antrieb (BEV\/FCEV)"],"inLanguage":"de"},{"@type":"WebPage","@id":"https:\/\/www.krafthand.de\/truck\/artikel\/neue-elektrische-achsantriebe-von-zf-36895\/","url":"https:\/\/www.krafthand.de\/truck\/artikel\/neue-elektrische-achsantriebe-von-zf-36895\/","name":"Neue elektrische Achsantriebe von ZF - Krafthand-Truck","isPartOf":{"@id":"https:\/\/www.krafthand.de\/truck\/#website"},"primaryImageOfPage":{"@id":"https:\/\/www.krafthand.de\/truck\/artikel\/neue-elektrische-achsantriebe-von-zf-36895\/#primaryimage"},"image":{"@id":"https:\/\/www.krafthand.de\/truck\/artikel\/neue-elektrische-achsantriebe-von-zf-36895\/#primaryimage"},"thumbnailUrl":"https:\/\/static.krafthand-truck.de\/uploads\/2023\/07\/ZF_AxTrax2_Antriebesachse_E_Lkw.jpg","datePublished":"2023-07-28T10:33:02+00:00","dateModified":"2023-07-28T10:35:00+00:00","author":{"@id":"https:\/\/www.krafthand.de\/truck\/#\/schema\/person\/51fa80b1c57034c4bf63f9f988fc24ce"},"description":"ZF Commercial Vehicle Solutions (CVS), positioniert sich verst\u00e4rkt als Spezialist f\u00fcr elektrische Antriebseinheiten f\u00fcr Nfz.","breadcrumb":{"@id":"https:\/\/www.krafthand.de\/truck\/artikel\/neue-elektrische-achsantriebe-von-zf-36895\/#breadcrumb"},"inLanguage":"de","potentialAction":[{"@type":"ReadAction","target":["https:\/\/www.krafthand.de\/truck\/artikel\/neue-elektrische-achsantriebe-von-zf-36895\/"]}]},{"@type":"ImageObject","inLanguage":"de","@id":"https:\/\/www.krafthand.de\/truck\/artikel\/neue-elektrische-achsantriebe-von-zf-36895\/#primaryimage","url":"https:\/\/static.krafthand-truck.de\/uploads\/2023\/07\/ZF_AxTrax2_Antriebesachse_E_Lkw.jpg","contentUrl":"https:\/\/static.krafthand-truck.de\/uploads\/2023\/07\/ZF_AxTrax2_Antriebesachse_E_Lkw.jpg","width":1200,"height":578},{"@type":"BreadcrumbList","@id":"https:\/\/www.krafthand.de\/truck\/artikel\/neue-elektrische-achsantriebe-von-zf-36895\/#breadcrumb","itemListElement":[{"@type":"ListItem","position":1,"name":"Krafthand-Truck","item":"https:\/\/www.krafthand.de\/truck\/"},{"@type":"ListItem","position":2,"name":"Nfz-Technik","item":"https:\/\/www.krafthand.de\/truck\/kategorie\/nfz-technik\/"},{"@type":"ListItem","position":3,"name":"E-Antrieb (BEV\/FCEV)","item":"https:\/\/www.krafthand.de\/truck\/kategorie\/nfz-technik\/e-antrieb\/"},{"@type":"ListItem","position":4,"name":"Neue elektrische Achsantriebe von ZF"}]},{"@type":"WebSite","@id":"https:\/\/www.krafthand.de\/truck\/#website","url":"https:\/\/www.krafthand.de\/truck\/","name":"Krafthand-Truck","description":"","potentialAction":[{"@type":"SearchAction","target":{"@type":"EntryPoint","urlTemplate":"https:\/\/www.krafthand.de\/truck\/?s={search_term_string}"},"query-input":{"@type":"PropertyValueSpecification","valueRequired":true,"valueName":"search_term_string"}}],"inLanguage":"de"},{"@type":"Person","@id":"https:\/\/www.krafthand.de\/truck\/#\/schema\/person\/51fa80b1c57034c4bf63f9f988fc24ce","name":"georg.blenk@krafthand-medien.de","image":{"@type":"ImageObject","inLanguage":"de","@id":"https:\/\/secure.gravatar.com\/avatar\/93713c30affe0aa95d3a4130e499bb1abee2eb31adbdd9ce2aa1543538490215?s=96&d=mm&r=g","url":"https:\/\/secure.gravatar.com\/avatar\/93713c30affe0aa95d3a4130e499bb1abee2eb31adbdd9ce2aa1543538490215?s=96&d=mm&r=g","contentUrl":"https:\/\/secure.gravatar.com\/avatar\/93713c30affe0aa95d3a4130e499bb1abee2eb31adbdd9ce2aa1543538490215?s=96&d=mm&r=g","caption":"georg.blenk@krafthand-medien.de"}}]}},"_links":{"self":[{"href":"https:\/\/www.krafthand.de\/truck\/wp-json\/wp\/v2\/posts\/36895","targetHints":{"allow":["GET"]}}],"collection":[{"href":"https:\/\/www.krafthand.de\/truck\/wp-json\/wp\/v2\/posts"}],"about":[{"href":"https:\/\/www.krafthand.de\/truck\/wp-json\/wp\/v2\/types\/post"}],"author":[{"embeddable":true,"href":"https:\/\/www.krafthand.de\/truck\/wp-json\/wp\/v2\/users\/9"}],"replies":[{"embeddable":true,"href":"https:\/\/www.krafthand.de\/truck\/wp-json\/wp\/v2\/comments?post=36895"}],"version-history":[{"count":7,"href":"https:\/\/www.krafthand.de\/truck\/wp-json\/wp\/v2\/posts\/36895\/revisions"}],"predecessor-version":[{"id":36905,"href":"https:\/\/www.krafthand.de\/truck\/wp-json\/wp\/v2\/posts\/36895\/revisions\/36905"}],"wp:featuredmedia":[{"embeddable":true,"href":"https:\/\/www.krafthand.de\/truck\/wp-json\/wp\/v2\/media\/36897"}],"wp:attachment":[{"href":"https:\/\/www.krafthand.de\/truck\/wp-json\/wp\/v2\/media?parent=36895"}],"wp:term":[{"taxonomy":"category","embeddable":true,"href":"https:\/\/www.krafthand.de\/truck\/wp-json\/wp\/v2\/categories?post=36895"},{"taxonomy":"post_tag","embeddable":true,"href":"https:\/\/www.krafthand.de\/truck\/wp-json\/wp\/v2\/tags?post=36895"},{"taxonomy":"settings","embeddable":true,"href":"https:\/\/www.krafthand.de\/truck\/wp-json\/wp\/v2\/settings?post=36895"}],"curies":[{"name":"wp","href":"https:\/\/api.w.org\/{rel}","templated":true}]}}