{"id":36884,"date":"2023-07-25T17:01:50","date_gmt":"2023-07-25T15:01:50","guid":{"rendered":"https:\/\/www.krafthand.de\/truck\/?p=36884"},"modified":"2023-07-25T17:05:55","modified_gmt":"2023-07-25T15:05:55","slug":"brembo-fuehrt-oe-bremsbelaege-fuer-nutzfahrzeuge-im-aftermarket-ein","status":"publish","type":"post","link":"https:\/\/www.krafthand.de\/truck\/artikel\/brembo-fuehrt-oe-bremsbelaege-fuer-nutzfahrzeuge-im-aftermarket-ein-36884\/","title":{"rendered":"Brembo f\u00fchrt OE-Bremsbel\u00e4ge f\u00fcr Nutzfahrzeuge im Aftermarket ein"},"content":{"rendered":"<p>Der italienische Bremsenspezialist Brembo, steht vor der Markteinf\u00fchrung neuer Aftermarket-Bremsbel\u00e4ge f\u00fcr schwere Nutzfahrzeuge. Brembos Entwickler und Ingenieure haben ein komplett neues Bremsbelag-Sortiment f\u00fcr Nfz konzipiert und dabei auf die Erfahrung in der Erstausr\u00fcstung zur\u00fcckgreifen k\u00f6nnen. Das neue <a href=\"https:\/\/www.brembo.com\/de\/pkw\/aftermarket\" target=\"_blank\" rel=\"noopener\">Brembo<\/a>-Sortiment deckt laut Angaben mit 60 Artikelnummern mehr als 95 Prozent der europ\u00e4ischen Nutzfahrzeuge ab.<\/p>\n<h3>Gute Performance bereits beim Einbremsen<\/h3>\n<p>Die aus \u00fcber 30 verschiedenen Komponenten gefertigten Bremsbel\u00e4ge wurden laut Brembo speziell f\u00fcr alle Typen von Schwerlastfahrzeugen \u2013 darunter Lkw, Busse, Anh\u00e4nger und Sattelauflieger \u2013 und deren Einsatzbereiche entwickelt und ausgelegt. Dank einer Spezialbeschichtung bieten s\u00e4mtliche Bremsbel\u00e4ge eine einhundertprozentige Bremswirkung schon ab dem ersten Kilometer, ohne Fading-Effekt sowie bereits eine signifikante Verk\u00fcrzung des Bremswegs w\u00e4hrend der Einfahrphase. Die Brembo-Prime-Bremsbel\u00e4ge werden als Komplettsatz bereitgestellt.<\/p>\n<h3>ProTecS-Technologie von Knorr-Bremse<\/h3>\n<p>Dar\u00fcber hinaus ist ein Teil der Brembo-Bremsbel\u00e4ge mit der sogenannten <a href=\"https:\/\/www.knorr-bremse.de\/de\/commercialvehicles\/products_1\/discbrakes\/protecs__\/protecs___1.jsp\" target=\"_blank\" rel=\"noopener\">ProTecS-Ausf\u00fchrung<\/a> von Knorr-Bremse ausgestattet. Diese besteht aus einer Belagtr\u00e4gerplatte und einer Belaghaltefeder, die mittels einer geschwei\u00dften Halteklammer miteinander verbunden sind. Diese L\u00f6sung erm\u00f6glicht eine optimale F\u00fchrung der Bremsbel\u00e4ge, gew\u00e4hrleistet die pr\u00e4zise Ausnutzung der Federelastizit\u00e4t und erh\u00f6ht die Best\u00e4ndigkeit der Bel\u00e4ge unter widrigen und schwierigen Bedingungen. Au\u00dferdem gleitet der Bremsbelag beim L\u00f6sen der Bremse leichter aus dem Scheibenkontakt zur\u00fcck und tr\u00e4gt so zur Verschlei\u00dfreduzierung des Bremsbelags bei.<br \/>\nDie Technologie erm\u00f6gliche zudem eine solide Verbindung zwischen der Feder und dem Belag und schlie\u00dfe die risikobehaftete Wiederverwendung verschlissener Federn aus. Durch die Verwendung von 18 verschiedenen Reibmaterialien sorgen die Bremsbel\u00e4ge ab dem ersten Tag f\u00fcr sicheres und effektives Bremsen. Die einzelnen Komponenten sind f\u00fcr das optimale Zusammenspiel mit den Brembo-Bremsscheiben ausgelegt und lassen sich schnell und sicher austauschen.<br \/>\nIn den vergangenen Monaten wurden bereits 14 der insgesamt 19 ProTecS-Artikelnummern dem Markt zug\u00e4nglich gemacht, die verbleibenden F\u00fcnf werden nach und nach folgen. Einzelheiten zu den 14 bereits eingef\u00fchrten Produkten finden sich auf <a href=\"https:\/\/www.bremboparts.com\/europe\/de\" target=\"_blank\" rel=\"noopener\">Bremboparts<\/a> und TecDoc.<\/p>\n<p><i>Den Beitrag finden Sie auch in der Print-Ausgabe 3-2023 der <a href=\"https:\/\/www.krafthand.de\/truck\/magazin\/\" title=\"Zum Magazin\">Krafthand-Truck<\/a>.<\/i><\/p>\r\n\t\t\t\t<div class=\"post-author\">\r\n\t\t\t\t\t<div class=\"khm-cp-author clearfix\">\r\n\t\t\t\t\t\t<div class=\"khm-cp-author__content\">\r\n\t\t\t\t\t\t\t\tKontakt zum Autor:<br \/>\r\n\t\t\t\t\t\t\t\t<strong>Georg Blenk<\/strong>, 08247 \/ 3007-45 |  <a href=\"mailto:georg.blenk@krafthand-medien.de\">georg.blenk@krafthand-medien.de<\/a>\r\n\t\t\t\t\t\t\t<div class=\"khm-cp-author__image\">\r\n\t\t\t\t\t\t<img src=\"https:\/\/static.krafthand-truck.de\/uploads\/2021\/01\/Blenk_6104-250x300-1-removebg-preview.png\" class=\"img-responsive\">\r\n\t\t\t\t\t<\/div>\r\n\t\t\t\t\t\t<\/div>\r\n\t\t\t\t\t<\/div>\r\n\t\t\t\t<\/div>\r\n\t\t\t\t","protected":false},"excerpt":{"rendered":"<p>Der italienische Bremsenspezialist Brembo, steht vor der Markteinf\u00fchrung neuer Aftermarket-Bremsbel\u00e4ge f\u00fcr schwere Nutzfahrzeuge. Das neue Sortiment deckt laut Angaben mit 60 Artikelnummern mehr als 95 Prozent der europ\u00e4ischen Nutzfahrzeuge ab. Einige Bel\u00e4ge sind mit ProTecS-Technologie von Knorr-Bremse ausgestattet. <span class=\"excerpt-more__dots\">&#8230;<\/span> <a class=\"excerpt-more__link\" href=\"https:\/\/www.krafthand.de\/truck\/artikel\/brembo-fuehrt-oe-bremsbelaege-fuer-nutzfahrzeuge-im-aftermarket-ein-36884\/\" >weiter<\/a><\/p>\n","protected":false},"author":9,"featured_media":36886,"comment_status":"closed","ping_status":"closed","sticky":false,"template":"","format":"standard","meta":{"footnotes":""},"categories":[4912,4227],"tags":[1908,701],"settings":[3524,4766,3523],"class_list":["post-36884","post","type-post","status-publish","format-standard","has-post-thumbnail","hentry","category-ersatzteile-zubehoer","category-rad-reifen-bremse","tag-brembo","tag-bremsbelaege"],"yoast_head":"<!-- This site is optimized with the Yoast SEO plugin v27.3 - https:\/\/yoast.com\/product\/yoast-seo-wordpress\/ -->\n<title>Brembo f\u00fchrt OE-Bremsbel\u00e4ge f\u00fcr Nutzfahrzeuge im Aftermarket ein - Krafthand-Truck<\/title>\n<meta name=\"description\" content=\"Der italienische Bremsenspezialist Brembo, steht vor der Markteinf\u00fchrung neuer Aftermarket-Bremsbel\u00e4ge f\u00fcr schwere Nutzfahrzeuge.\" \/>\n<meta name=\"robots\" content=\"index, follow, max-snippet:-1, max-image-preview:large, max-video-preview:-1\" \/>\n<link rel=\"canonical\" href=\"https:\/\/www.krafthand.de\/truck\/artikel\/brembo-fuehrt-oe-bremsbelaege-fuer-nutzfahrzeuge-im-aftermarket-ein-36884\/\" \/>\n<meta property=\"og:locale\" content=\"de_DE\" \/>\n<meta property=\"og:type\" content=\"article\" \/>\n<meta property=\"og:title\" content=\"Brembo f\u00fchrt OE-Bremsbel\u00e4ge f\u00fcr Nutzfahrzeuge im Aftermarket ein - Krafthand-Truck\" \/>\n<meta property=\"og:description\" content=\"Der italienische Bremsenspezialist Brembo, steht vor der Markteinf\u00fchrung neuer Aftermarket-Bremsbel\u00e4ge f\u00fcr schwere Nutzfahrzeuge.\" \/>\n<meta property=\"og:url\" content=\"https:\/\/www.krafthand-truck.de\/artikel\/brembo-fuehrt-oe-bremsbelaege-fuer-nutzfahrzeuge-im-aftermarket-ein-36884\/\" \/>\n<meta property=\"og:site_name\" content=\"Krafthand-Truck\" \/>\n<meta property=\"article:published_time\" content=\"2023-07-25T15:01:50+00:00\" \/>\n<meta property=\"article:modified_time\" content=\"2023-07-25T15:05:55+00:00\" \/>\n<meta property=\"og:image\" content=\"https:\/\/static.krafthand-truck.de\/uploads\/2023\/07\/Brembo_Lkw_Bremsbelaege_Aftermarket_2023.jpg\" \/>\n\t<meta property=\"og:image:width\" content=\"1200\" \/>\n\t<meta property=\"og:image:height\" content=\"615\" \/>\n\t<meta property=\"og:image:type\" content=\"image\/jpeg\" \/>\n<meta name=\"author\" content=\"georg.blenk@krafthand-medien.de\" \/>\n<meta name=\"twitter:card\" content=\"summary_large_image\" \/>\n<meta name=\"twitter:label1\" content=\"Verfasst von\" \/>\n\t<meta name=\"twitter:data1\" content=\"georg.blenk@krafthand-medien.de\" \/>\n\t<meta name=\"twitter:label2\" content=\"Gesch\u00e4tzte Lesezeit\" \/>\n\t<meta name=\"twitter:data2\" content=\"2\u00a0Minuten\" \/>\n<script type=\"application\/ld+json\" class=\"yoast-schema-graph\">{\"@context\":\"https:\\\/\\\/schema.org\",\"@graph\":[{\"@type\":\"Article\",\"@id\":\"https:\\\/\\\/www.krafthand.de\\\/truck\\\/artikel\\\/brembo-fuehrt-oe-bremsbelaege-fuer-nutzfahrzeuge-im-aftermarket-ein-36884\\\/#article\",\"isPartOf\":{\"@id\":\"https:\\\/\\\/www.krafthand.de\\\/truck\\\/artikel\\\/brembo-fuehrt-oe-bremsbelaege-fuer-nutzfahrzeuge-im-aftermarket-ein-36884\\\/\"},\"author\":{\"name\":\"georg.blenk@krafthand-medien.de\",\"@id\":\"https:\\\/\\\/www.krafthand.de\\\/truck\\\/#\\\/schema\\\/person\\\/51fa80b1c57034c4bf63f9f988fc24ce\"},\"headline\":\"Brembo f\u00fchrt OE-Bremsbel\u00e4ge f\u00fcr Nutzfahrzeuge im Aftermarket ein\",\"datePublished\":\"2023-07-25T15:01:50+00:00\",\"dateModified\":\"2023-07-25T15:05:55+00:00\",\"mainEntityOfPage\":{\"@id\":\"https:\\\/\\\/www.krafthand.de\\\/truck\\\/artikel\\\/brembo-fuehrt-oe-bremsbelaege-fuer-nutzfahrzeuge-im-aftermarket-ein-36884\\\/\"},\"wordCount\":340,\"image\":{\"@id\":\"https:\\\/\\\/www.krafthand.de\\\/truck\\\/artikel\\\/brembo-fuehrt-oe-bremsbelaege-fuer-nutzfahrzeuge-im-aftermarket-ein-36884\\\/#primaryimage\"},\"thumbnailUrl\":\"https:\\\/\\\/static.krafthand-truck.de\\\/uploads\\\/2023\\\/07\\\/Brembo_Lkw_Bremsbelaege_Aftermarket_2023.jpg\",\"keywords\":[\"Brembo\",\"Bremsbel\u00e4ge\"],\"articleSection\":[\"Ersatzteile\\\/Zubeh\u00f6r\",\"Rad\\\/Reifen\\\/Bremse\"],\"inLanguage\":\"de\"},{\"@type\":\"WebPage\",\"@id\":\"https:\\\/\\\/www.krafthand.de\\\/truck\\\/artikel\\\/brembo-fuehrt-oe-bremsbelaege-fuer-nutzfahrzeuge-im-aftermarket-ein-36884\\\/\",\"url\":\"https:\\\/\\\/www.krafthand.de\\\/truck\\\/artikel\\\/brembo-fuehrt-oe-bremsbelaege-fuer-nutzfahrzeuge-im-aftermarket-ein-36884\\\/\",\"name\":\"Brembo f\u00fchrt OE-Bremsbel\u00e4ge f\u00fcr Nutzfahrzeuge im Aftermarket ein - Krafthand-Truck\",\"isPartOf\":{\"@id\":\"https:\\\/\\\/www.krafthand.de\\\/truck\\\/#website\"},\"primaryImageOfPage\":{\"@id\":\"https:\\\/\\\/www.krafthand.de\\\/truck\\\/artikel\\\/brembo-fuehrt-oe-bremsbelaege-fuer-nutzfahrzeuge-im-aftermarket-ein-36884\\\/#primaryimage\"},\"image\":{\"@id\":\"https:\\\/\\\/www.krafthand.de\\\/truck\\\/artikel\\\/brembo-fuehrt-oe-bremsbelaege-fuer-nutzfahrzeuge-im-aftermarket-ein-36884\\\/#primaryimage\"},\"thumbnailUrl\":\"https:\\\/\\\/static.krafthand-truck.de\\\/uploads\\\/2023\\\/07\\\/Brembo_Lkw_Bremsbelaege_Aftermarket_2023.jpg\",\"datePublished\":\"2023-07-25T15:01:50+00:00\",\"dateModified\":\"2023-07-25T15:05:55+00:00\",\"author\":{\"@id\":\"https:\\\/\\\/www.krafthand.de\\\/truck\\\/#\\\/schema\\\/person\\\/51fa80b1c57034c4bf63f9f988fc24ce\"},\"description\":\"Der italienische Bremsenspezialist Brembo, steht vor der Markteinf\u00fchrung neuer Aftermarket-Bremsbel\u00e4ge f\u00fcr schwere Nutzfahrzeuge.\",\"breadcrumb\":{\"@id\":\"https:\\\/\\\/www.krafthand.de\\\/truck\\\/artikel\\\/brembo-fuehrt-oe-bremsbelaege-fuer-nutzfahrzeuge-im-aftermarket-ein-36884\\\/#breadcrumb\"},\"inLanguage\":\"de\",\"potentialAction\":[{\"@type\":\"ReadAction\",\"target\":[\"https:\\\/\\\/www.krafthand.de\\\/truck\\\/artikel\\\/brembo-fuehrt-oe-bremsbelaege-fuer-nutzfahrzeuge-im-aftermarket-ein-36884\\\/\"]}]},{\"@type\":\"ImageObject\",\"inLanguage\":\"de\",\"@id\":\"https:\\\/\\\/www.krafthand.de\\\/truck\\\/artikel\\\/brembo-fuehrt-oe-bremsbelaege-fuer-nutzfahrzeuge-im-aftermarket-ein-36884\\\/#primaryimage\",\"url\":\"https:\\\/\\\/static.krafthand-truck.de\\\/uploads\\\/2023\\\/07\\\/Brembo_Lkw_Bremsbelaege_Aftermarket_2023.jpg\",\"contentUrl\":\"https:\\\/\\\/static.krafthand-truck.de\\\/uploads\\\/2023\\\/07\\\/Brembo_Lkw_Bremsbelaege_Aftermarket_2023.jpg\",\"width\":1200,\"height\":615},{\"@type\":\"BreadcrumbList\",\"@id\":\"https:\\\/\\\/www.krafthand.de\\\/truck\\\/artikel\\\/brembo-fuehrt-oe-bremsbelaege-fuer-nutzfahrzeuge-im-aftermarket-ein-36884\\\/#breadcrumb\",\"itemListElement\":[{\"@type\":\"ListItem\",\"position\":1,\"name\":\"Krafthand-Truck\",\"item\":\"https:\\\/\\\/www.krafthand.de\\\/truck\\\/\"},{\"@type\":\"ListItem\",\"position\":2,\"name\":\"Nfz-Service\",\"item\":\"https:\\\/\\\/www.krafthand.de\\\/truck\\\/kategorie\\\/nfz-service\\\/\"},{\"@type\":\"ListItem\",\"position\":3,\"name\":\"Ersatzteile\\\/Zubeh\u00f6r\",\"item\":\"https:\\\/\\\/www.krafthand.de\\\/truck\\\/kategorie\\\/nfz-service\\\/ersatzteile-zubehoer\\\/\"},{\"@type\":\"ListItem\",\"position\":4,\"name\":\"Brembo f\u00fchrt OE-Bremsbel\u00e4ge f\u00fcr Nutzfahrzeuge im Aftermarket ein\"}]},{\"@type\":\"WebSite\",\"@id\":\"https:\\\/\\\/www.krafthand.de\\\/truck\\\/#website\",\"url\":\"https:\\\/\\\/www.krafthand.de\\\/truck\\\/\",\"name\":\"Krafthand-Truck\",\"description\":\"\",\"potentialAction\":[{\"@type\":\"SearchAction\",\"target\":{\"@type\":\"EntryPoint\",\"urlTemplate\":\"https:\\\/\\\/www.krafthand.de\\\/truck\\\/?s={search_term_string}\"},\"query-input\":{\"@type\":\"PropertyValueSpecification\",\"valueRequired\":true,\"valueName\":\"search_term_string\"}}],\"inLanguage\":\"de\"},{\"@type\":\"Person\",\"@id\":\"https:\\\/\\\/www.krafthand.de\\\/truck\\\/#\\\/schema\\\/person\\\/51fa80b1c57034c4bf63f9f988fc24ce\",\"name\":\"georg.blenk@krafthand-medien.de\",\"image\":{\"@type\":\"ImageObject\",\"inLanguage\":\"de\",\"@id\":\"https:\\\/\\\/secure.gravatar.com\\\/avatar\\\/93713c30affe0aa95d3a4130e499bb1abee2eb31adbdd9ce2aa1543538490215?s=96&d=mm&r=g\",\"url\":\"https:\\\/\\\/secure.gravatar.com\\\/avatar\\\/93713c30affe0aa95d3a4130e499bb1abee2eb31adbdd9ce2aa1543538490215?s=96&d=mm&r=g\",\"contentUrl\":\"https:\\\/\\\/secure.gravatar.com\\\/avatar\\\/93713c30affe0aa95d3a4130e499bb1abee2eb31adbdd9ce2aa1543538490215?s=96&d=mm&r=g\",\"caption\":\"georg.blenk@krafthand-medien.de\"}}]}<\/script>\n<!-- \/ Yoast SEO plugin. -->","yoast_head_json":{"title":"Brembo f\u00fchrt OE-Bremsbel\u00e4ge f\u00fcr Nutzfahrzeuge im Aftermarket ein - Krafthand-Truck","description":"Der italienische Bremsenspezialist Brembo, steht vor der Markteinf\u00fchrung neuer Aftermarket-Bremsbel\u00e4ge f\u00fcr schwere Nutzfahrzeuge.","robots":{"index":"index","follow":"follow","max-snippet":"max-snippet:-1","max-image-preview":"max-image-preview:large","max-video-preview":"max-video-preview:-1"},"canonical":"https:\/\/www.krafthand.de\/truck\/artikel\/brembo-fuehrt-oe-bremsbelaege-fuer-nutzfahrzeuge-im-aftermarket-ein-36884\/","og_locale":"de_DE","og_type":"article","og_title":"Brembo f\u00fchrt OE-Bremsbel\u00e4ge f\u00fcr Nutzfahrzeuge im Aftermarket ein - Krafthand-Truck","og_description":"Der italienische Bremsenspezialist Brembo, steht vor der Markteinf\u00fchrung neuer Aftermarket-Bremsbel\u00e4ge f\u00fcr schwere Nutzfahrzeuge.","og_url":"https:\/\/www.krafthand-truck.de\/artikel\/brembo-fuehrt-oe-bremsbelaege-fuer-nutzfahrzeuge-im-aftermarket-ein-36884\/","og_site_name":"Krafthand-Truck","article_published_time":"2023-07-25T15:01:50+00:00","article_modified_time":"2023-07-25T15:05:55+00:00","og_image":[{"width":1200,"height":615,"url":"https:\/\/static.krafthand-truck.de\/uploads\/2023\/07\/Brembo_Lkw_Bremsbelaege_Aftermarket_2023.jpg","type":"image\/jpeg"}],"author":"georg.blenk@krafthand-medien.de","twitter_card":"summary_large_image","twitter_misc":{"Verfasst von":"georg.blenk@krafthand-medien.de","Gesch\u00e4tzte Lesezeit":"2\u00a0Minuten"},"schema":{"@context":"https:\/\/schema.org","@graph":[{"@type":"Article","@id":"https:\/\/www.krafthand.de\/truck\/artikel\/brembo-fuehrt-oe-bremsbelaege-fuer-nutzfahrzeuge-im-aftermarket-ein-36884\/#article","isPartOf":{"@id":"https:\/\/www.krafthand.de\/truck\/artikel\/brembo-fuehrt-oe-bremsbelaege-fuer-nutzfahrzeuge-im-aftermarket-ein-36884\/"},"author":{"name":"georg.blenk@krafthand-medien.de","@id":"https:\/\/www.krafthand.de\/truck\/#\/schema\/person\/51fa80b1c57034c4bf63f9f988fc24ce"},"headline":"Brembo f\u00fchrt OE-Bremsbel\u00e4ge f\u00fcr Nutzfahrzeuge im Aftermarket ein","datePublished":"2023-07-25T15:01:50+00:00","dateModified":"2023-07-25T15:05:55+00:00","mainEntityOfPage":{"@id":"https:\/\/www.krafthand.de\/truck\/artikel\/brembo-fuehrt-oe-bremsbelaege-fuer-nutzfahrzeuge-im-aftermarket-ein-36884\/"},"wordCount":340,"image":{"@id":"https:\/\/www.krafthand.de\/truck\/artikel\/brembo-fuehrt-oe-bremsbelaege-fuer-nutzfahrzeuge-im-aftermarket-ein-36884\/#primaryimage"},"thumbnailUrl":"https:\/\/static.krafthand-truck.de\/uploads\/2023\/07\/Brembo_Lkw_Bremsbelaege_Aftermarket_2023.jpg","keywords":["Brembo","Bremsbel\u00e4ge"],"articleSection":["Ersatzteile\/Zubeh\u00f6r","Rad\/Reifen\/Bremse"],"inLanguage":"de"},{"@type":"WebPage","@id":"https:\/\/www.krafthand.de\/truck\/artikel\/brembo-fuehrt-oe-bremsbelaege-fuer-nutzfahrzeuge-im-aftermarket-ein-36884\/","url":"https:\/\/www.krafthand.de\/truck\/artikel\/brembo-fuehrt-oe-bremsbelaege-fuer-nutzfahrzeuge-im-aftermarket-ein-36884\/","name":"Brembo f\u00fchrt OE-Bremsbel\u00e4ge f\u00fcr Nutzfahrzeuge im Aftermarket ein - Krafthand-Truck","isPartOf":{"@id":"https:\/\/www.krafthand.de\/truck\/#website"},"primaryImageOfPage":{"@id":"https:\/\/www.krafthand.de\/truck\/artikel\/brembo-fuehrt-oe-bremsbelaege-fuer-nutzfahrzeuge-im-aftermarket-ein-36884\/#primaryimage"},"image":{"@id":"https:\/\/www.krafthand.de\/truck\/artikel\/brembo-fuehrt-oe-bremsbelaege-fuer-nutzfahrzeuge-im-aftermarket-ein-36884\/#primaryimage"},"thumbnailUrl":"https:\/\/static.krafthand-truck.de\/uploads\/2023\/07\/Brembo_Lkw_Bremsbelaege_Aftermarket_2023.jpg","datePublished":"2023-07-25T15:01:50+00:00","dateModified":"2023-07-25T15:05:55+00:00","author":{"@id":"https:\/\/www.krafthand.de\/truck\/#\/schema\/person\/51fa80b1c57034c4bf63f9f988fc24ce"},"description":"Der italienische Bremsenspezialist Brembo, steht vor der Markteinf\u00fchrung neuer Aftermarket-Bremsbel\u00e4ge f\u00fcr schwere Nutzfahrzeuge.","breadcrumb":{"@id":"https:\/\/www.krafthand.de\/truck\/artikel\/brembo-fuehrt-oe-bremsbelaege-fuer-nutzfahrzeuge-im-aftermarket-ein-36884\/#breadcrumb"},"inLanguage":"de","potentialAction":[{"@type":"ReadAction","target":["https:\/\/www.krafthand.de\/truck\/artikel\/brembo-fuehrt-oe-bremsbelaege-fuer-nutzfahrzeuge-im-aftermarket-ein-36884\/"]}]},{"@type":"ImageObject","inLanguage":"de","@id":"https:\/\/www.krafthand.de\/truck\/artikel\/brembo-fuehrt-oe-bremsbelaege-fuer-nutzfahrzeuge-im-aftermarket-ein-36884\/#primaryimage","url":"https:\/\/static.krafthand-truck.de\/uploads\/2023\/07\/Brembo_Lkw_Bremsbelaege_Aftermarket_2023.jpg","contentUrl":"https:\/\/static.krafthand-truck.de\/uploads\/2023\/07\/Brembo_Lkw_Bremsbelaege_Aftermarket_2023.jpg","width":1200,"height":615},{"@type":"BreadcrumbList","@id":"https:\/\/www.krafthand.de\/truck\/artikel\/brembo-fuehrt-oe-bremsbelaege-fuer-nutzfahrzeuge-im-aftermarket-ein-36884\/#breadcrumb","itemListElement":[{"@type":"ListItem","position":1,"name":"Krafthand-Truck","item":"https:\/\/www.krafthand.de\/truck\/"},{"@type":"ListItem","position":2,"name":"Nfz-Service","item":"https:\/\/www.krafthand.de\/truck\/kategorie\/nfz-service\/"},{"@type":"ListItem","position":3,"name":"Ersatzteile\/Zubeh\u00f6r","item":"https:\/\/www.krafthand.de\/truck\/kategorie\/nfz-service\/ersatzteile-zubehoer\/"},{"@type":"ListItem","position":4,"name":"Brembo f\u00fchrt OE-Bremsbel\u00e4ge f\u00fcr Nutzfahrzeuge im Aftermarket ein"}]},{"@type":"WebSite","@id":"https:\/\/www.krafthand.de\/truck\/#website","url":"https:\/\/www.krafthand.de\/truck\/","name":"Krafthand-Truck","description":"","potentialAction":[{"@type":"SearchAction","target":{"@type":"EntryPoint","urlTemplate":"https:\/\/www.krafthand.de\/truck\/?s={search_term_string}"},"query-input":{"@type":"PropertyValueSpecification","valueRequired":true,"valueName":"search_term_string"}}],"inLanguage":"de"},{"@type":"Person","@id":"https:\/\/www.krafthand.de\/truck\/#\/schema\/person\/51fa80b1c57034c4bf63f9f988fc24ce","name":"georg.blenk@krafthand-medien.de","image":{"@type":"ImageObject","inLanguage":"de","@id":"https:\/\/secure.gravatar.com\/avatar\/93713c30affe0aa95d3a4130e499bb1abee2eb31adbdd9ce2aa1543538490215?s=96&d=mm&r=g","url":"https:\/\/secure.gravatar.com\/avatar\/93713c30affe0aa95d3a4130e499bb1abee2eb31adbdd9ce2aa1543538490215?s=96&d=mm&r=g","contentUrl":"https:\/\/secure.gravatar.com\/avatar\/93713c30affe0aa95d3a4130e499bb1abee2eb31adbdd9ce2aa1543538490215?s=96&d=mm&r=g","caption":"georg.blenk@krafthand-medien.de"}}]}},"_links":{"self":[{"href":"https:\/\/www.krafthand.de\/truck\/wp-json\/wp\/v2\/posts\/36884","targetHints":{"allow":["GET"]}}],"collection":[{"href":"https:\/\/www.krafthand.de\/truck\/wp-json\/wp\/v2\/posts"}],"about":[{"href":"https:\/\/www.krafthand.de\/truck\/wp-json\/wp\/v2\/types\/post"}],"author":[{"embeddable":true,"href":"https:\/\/www.krafthand.de\/truck\/wp-json\/wp\/v2\/users\/9"}],"replies":[{"embeddable":true,"href":"https:\/\/www.krafthand.de\/truck\/wp-json\/wp\/v2\/comments?post=36884"}],"version-history":[{"count":2,"href":"https:\/\/www.krafthand.de\/truck\/wp-json\/wp\/v2\/posts\/36884\/revisions"}],"predecessor-version":[{"id":36887,"href":"https:\/\/www.krafthand.de\/truck\/wp-json\/wp\/v2\/posts\/36884\/revisions\/36887"}],"wp:featuredmedia":[{"embeddable":true,"href":"https:\/\/www.krafthand.de\/truck\/wp-json\/wp\/v2\/media\/36886"}],"wp:attachment":[{"href":"https:\/\/www.krafthand.de\/truck\/wp-json\/wp\/v2\/media?parent=36884"}],"wp:term":[{"taxonomy":"category","embeddable":true,"href":"https:\/\/www.krafthand.de\/truck\/wp-json\/wp\/v2\/categories?post=36884"},{"taxonomy":"post_tag","embeddable":true,"href":"https:\/\/www.krafthand.de\/truck\/wp-json\/wp\/v2\/tags?post=36884"},{"taxonomy":"settings","embeddable":true,"href":"https:\/\/www.krafthand.de\/truck\/wp-json\/wp\/v2\/settings?post=36884"}],"curies":[{"name":"wp","href":"https:\/\/api.w.org\/{rel}","templated":true}]}}