{"id":36876,"date":"2023-07-26T09:40:57","date_gmt":"2023-07-26T07:40:57","guid":{"rendered":"https:\/\/www.krafthand.de\/truck\/?p=36876"},"modified":"2023-07-26T09:41:35","modified_gmt":"2023-07-26T07:41:35","slug":"grossauftrag-spedition-schwarz-bekommt-40-koegel-eurotrailer-und-sechs-mega","status":"publish","type":"post","link":"https:\/\/www.krafthand.de\/truck\/artikel\/grossauftrag-spedition-schwarz-bekommt-40-koegel-eurotrailer-und-sechs-mega-36876\/","title":{"rendered":"Gro\u00dfauftrag: Spedition Schwarz bekommt 40 K\u00f6gel-EuroTrailer und sechs Mega"},"content":{"rendered":"<p>In diesem Jahr erh\u00e4lt die Spedition Schwarz aus dem Baden-W\u00fcrttembergischen Herbrechtingen 40 EuroTrailer (Lang-Lkw Typ 1) mit volumenoptimiertem Aufbau sowie sechs K\u00f6gel Mega. Die traditionsreiche Spedition f\u00e4hrt vor allem gro\u00dfvolumige Ladungen wie wei\u00dfe Ware (Haushalts-Gro\u00dfger\u00e4te).<\/p>\n<p>Das Unternehmen nutzt dabei den volumenoptimierten <a href=\"https:\/\/www.koegel.com\" target=\"_blank\" rel=\"noopener\">K\u00f6gel<\/a> EuroTrailer mit Mega-Aufbau und drei Meter lichte Innenh\u00f6he sowie Hubdach. Der um 1,38 Meter verl\u00e4ngerte Sattelauflieger (Lang-Lkw Typ 1) bietet bis zu 111 Kubikmeter Nutzvolumen \u2013 das entspricht etwa zehn Prozent mehr als bei herk\u00f6mmlichen Mega-Trailern \u2013 beziehungsweise vier zus\u00e4tzlichen Europaletten-Stellpl\u00e4tzen. Zudem erzeugt der Transport mit dem EuroTrailer nachweislich bis zu zehn Prozent weniger CO2-Emissionen.<\/p>\n<blockquote><p>\u201eEs ist in unserem Interesse, so viel Ware wie m\u00f6glich in einem Fahrzeug zu transportieren. Daher nutzen wir ausschlie\u00dflich volumenoptimierte Transportl\u00f6sungen. Nutzlast und Volumen des EuroTrailer sind f\u00fcr wei\u00dfe Ware ideal\u201c, erkl\u00e4rt Hans-G\u00fcnther Schwarz, gemeinsam mit Thomas Schwarz Gesch\u00e4ftsf\u00fchrer der Spedition Schwarz und verantwortlich f\u00fcr den Fuhrpark.<\/p>\n<p>&nbsp;<\/p><\/blockquote>\n<figure id=\"attachment_36881\" aria-describedby=\"caption-attachment-36881\" style=\"width: 800px\" class=\"wp-caption aligncenter\"><a href=\"https:\/\/static.krafthand-truck.de\/uploads\/2023\/07\/Koegel_Trailer_Produktion_Burtenbach.jpg\" target=\"_blank\" rel=\"noopener\"><img fetchpriority=\"high\" decoding=\"async\" class=\"wp-image-36881\" src=\"https:\/\/static.krafthand-truck.de\/uploads\/2023\/07\/Koegel_Trailer_Produktion_Burtenbach-300x152.jpg\" alt=\"\" width=\"800\" height=\"405\" srcset=\"https:\/\/static.krafthand-truck.de\/uploads\/2023\/07\/Koegel_Trailer_Produktion_Burtenbach-300x152.jpg 300w, https:\/\/static.krafthand-truck.de\/uploads\/2023\/07\/Koegel_Trailer_Produktion_Burtenbach-1024x518.jpg 1024w, https:\/\/static.krafthand-truck.de\/uploads\/2023\/07\/Koegel_Trailer_Produktion_Burtenbach-768x388.jpg 768w, https:\/\/static.krafthand-truck.de\/uploads\/2023\/07\/Koegel_Trailer_Produktion_Burtenbach.jpg 1200w\" sizes=\"(max-width: 800px) 100vw, 800px\" \/><\/a><figcaption id=\"caption-attachment-36881\" class=\"wp-caption-text\">Trailer-Produktion bei K\u00f6gel in Burtenbach. Bild: Georg Blenk<\/figcaption><\/figure>\n<h3>Erste Trailer ausgeliefert<\/h3>\n<p>Insgesamt 46 Einheiten, 40 EuroTrailer und sechs herk\u00f6mmliche Mega-Auflieger, hat die <a href=\"https:\/\/spedition-schwarz.com\/de\/spedition\/\" target=\"_blank\" rel=\"noopener\">Spedition Schwarz<\/a> bei K\u00f6gel in diesem Jahr bestellt. Die ersten 13 EuroTrailer hat das Unternehmen bereits \u00fcbernommen. Inzwischen z\u00e4hlt der Fuhrpark der Spedition bereits 76 Trailer der Marke K\u00f6gel.<br \/>\nDie Spedition Schwarz ist ein Transportbetrieb mit langer Tradition. Die Wurzeln des familiengef\u00fchrten Unternehmens reichen bis zum Ende des 19. Jahrhunderts zur\u00fcck. Damals bot Georg St\u00e4ngles Pferdefuhrunternehmen lokale Transporte an. Aus diesem Betrieb erwuchs 1936 die Spedition Schwarz. Heute befindet sich der Unternehmenssitz in Herbrechtingen im Landkreis Heidenheim auf einem Areal mit 70.000 Quadratmeter Gr\u00f6\u00dfe. Dort befinden sich neben Verwaltung und Disposition auch Lagerfl\u00e4chen und Werkstatt. Schwarz ist vor allem in Deutschland aktiv, aber auch in der Schweiz und in \u00d6sterreich. Mit den Schwesterunternehmen Schwarz Logistik, der Spedition Schwarz in M\u00fcnster (Hessen) und Kareka in \u00dast\u00ed nad Labem (Tschechische Republik) bedient Schwarz weitere M\u00e4rkte auf dem Kontinent.<\/p>\n","protected":false},"excerpt":{"rendered":"<p>In diesem Jahr erh\u00e4lt die Spedition Schwarz aus dem Baden-W\u00fcrttembergischen Herbrechtingen 40 EuroTrailer (Lang-Lkw Typ 1) mit volumenoptimiertem Aufbau sowie sechs K\u00f6gel Mega. Die traditionsreiche Spedition f\u00e4hrt vor allem gro\u00dfvolumige Ladungen wie wei\u00dfe Ware (Haushalts-Gro\u00dfger\u00e4te). <span class=\"excerpt-more__dots\">&#8230;<\/span> <a class=\"excerpt-more__link\" href=\"https:\/\/www.krafthand.de\/truck\/artikel\/grossauftrag-spedition-schwarz-bekommt-40-koegel-eurotrailer-und-sechs-mega-36876\/\" >weiter<\/a><\/p>\n","protected":false},"author":9,"featured_media":36888,"comment_status":"closed","ping_status":"closed","sticky":false,"template":"","format":"standard","meta":{"footnotes":""},"categories":[4914,4235],"tags":[202,5695,599],"settings":[3523],"class_list":["post-36876","post","type-post","status-publish","format-standard","has-post-thumbnail","hentry","category-trailer-aufbauten","category-unternehmen","tag-koegel","tag-spedition-schwarz","tag-trailer"],"yoast_head":"<!-- This site is optimized with the Yoast SEO plugin v27.3 - https:\/\/yoast.com\/product\/yoast-seo-wordpress\/ -->\n<title>Gro\u00dfauftrag: Spedition Schwarz bekommt 40 K\u00f6gel-EuroTrailer und sechs Mega - Krafthand-Truck<\/title>\n<meta name=\"description\" content=\"In diesem Jahr erh\u00e4lt die Spedition Schwarz aus dem Baden-W\u00fcrttembergischen Herbrechtingen 40 K\u00f6gel EuroTrailer sowie sechs K\u00f6gel Mega.\" \/>\n<meta name=\"robots\" content=\"index, follow, max-snippet:-1, max-image-preview:large, max-video-preview:-1\" \/>\n<link rel=\"canonical\" href=\"https:\/\/www.krafthand.de\/truck\/artikel\/grossauftrag-spedition-schwarz-bekommt-40-koegel-eurotrailer-und-sechs-mega-36876\/\" \/>\n<meta property=\"og:locale\" content=\"de_DE\" \/>\n<meta property=\"og:type\" content=\"article\" \/>\n<meta property=\"og:title\" content=\"Gro\u00dfauftrag: Spedition Schwarz bekommt 40 K\u00f6gel-EuroTrailer und sechs Mega - Krafthand-Truck\" \/>\n<meta property=\"og:description\" content=\"In diesem Jahr erh\u00e4lt die Spedition Schwarz aus dem Baden-W\u00fcrttembergischen Herbrechtingen 40 K\u00f6gel EuroTrailer sowie sechs K\u00f6gel Mega.\" \/>\n<meta property=\"og:url\" content=\"https:\/\/www.krafthand-truck.de\/artikel\/grossauftrag-spedition-schwarz-bekommt-40-koegel-eurotrailer-und-sechs-mega-36876\/\" \/>\n<meta property=\"og:site_name\" content=\"Krafthand-Truck\" \/>\n<meta property=\"article:published_time\" content=\"2023-07-26T07:40:57+00:00\" \/>\n<meta property=\"article:modified_time\" content=\"2023-07-26T07:41:35+00:00\" \/>\n<meta property=\"og:image\" content=\"https:\/\/static.krafthand-truck.de\/uploads\/2023\/07\/Koegel_Schwarz_Logistik_Group_Gruppe.jpg\" \/>\n\t<meta property=\"og:image:width\" content=\"1200\" \/>\n\t<meta property=\"og:image:height\" content=\"803\" \/>\n\t<meta property=\"og:image:type\" content=\"image\/jpeg\" \/>\n<meta name=\"author\" content=\"georg.blenk@krafthand-medien.de\" \/>\n<meta name=\"twitter:card\" content=\"summary_large_image\" \/>\n<meta name=\"twitter:label1\" content=\"Verfasst von\" \/>\n\t<meta name=\"twitter:data1\" content=\"georg.blenk@krafthand-medien.de\" \/>\n\t<meta name=\"twitter:label2\" content=\"Gesch\u00e4tzte Lesezeit\" \/>\n\t<meta name=\"twitter:data2\" content=\"2\u00a0Minuten\" \/>\n<script type=\"application\/ld+json\" class=\"yoast-schema-graph\">{\"@context\":\"https:\\\/\\\/schema.org\",\"@graph\":[{\"@type\":\"Article\",\"@id\":\"https:\\\/\\\/www.krafthand.de\\\/truck\\\/artikel\\\/grossauftrag-spedition-schwarz-bekommt-40-koegel-eurotrailer-und-sechs-mega-36876\\\/#article\",\"isPartOf\":{\"@id\":\"https:\\\/\\\/www.krafthand.de\\\/truck\\\/artikel\\\/grossauftrag-spedition-schwarz-bekommt-40-koegel-eurotrailer-und-sechs-mega-36876\\\/\"},\"author\":{\"name\":\"georg.blenk@krafthand-medien.de\",\"@id\":\"https:\\\/\\\/www.krafthand.de\\\/truck\\\/#\\\/schema\\\/person\\\/51fa80b1c57034c4bf63f9f988fc24ce\"},\"headline\":\"Gro\u00dfauftrag: Spedition Schwarz bekommt 40 K\u00f6gel-EuroTrailer und sechs Mega\",\"datePublished\":\"2023-07-26T07:40:57+00:00\",\"dateModified\":\"2023-07-26T07:41:35+00:00\",\"mainEntityOfPage\":{\"@id\":\"https:\\\/\\\/www.krafthand.de\\\/truck\\\/artikel\\\/grossauftrag-spedition-schwarz-bekommt-40-koegel-eurotrailer-und-sechs-mega-36876\\\/\"},\"wordCount\":343,\"image\":{\"@id\":\"https:\\\/\\\/www.krafthand.de\\\/truck\\\/artikel\\\/grossauftrag-spedition-schwarz-bekommt-40-koegel-eurotrailer-und-sechs-mega-36876\\\/#primaryimage\"},\"thumbnailUrl\":\"https:\\\/\\\/static.krafthand-truck.de\\\/uploads\\\/2023\\\/07\\\/Koegel_Schwarz_Logistik_Group_Gruppe.jpg\",\"keywords\":[\"K\u00f6gel\",\"Spedition Schwarz\",\"Trailer\"],\"articleSection\":[\"Trailer\\\/Aufbauten\",\"Unternehmen\"],\"inLanguage\":\"de\"},{\"@type\":\"WebPage\",\"@id\":\"https:\\\/\\\/www.krafthand.de\\\/truck\\\/artikel\\\/grossauftrag-spedition-schwarz-bekommt-40-koegel-eurotrailer-und-sechs-mega-36876\\\/\",\"url\":\"https:\\\/\\\/www.krafthand.de\\\/truck\\\/artikel\\\/grossauftrag-spedition-schwarz-bekommt-40-koegel-eurotrailer-und-sechs-mega-36876\\\/\",\"name\":\"Gro\u00dfauftrag: Spedition Schwarz bekommt 40 K\u00f6gel-EuroTrailer und sechs Mega - Krafthand-Truck\",\"isPartOf\":{\"@id\":\"https:\\\/\\\/www.krafthand.de\\\/truck\\\/#website\"},\"primaryImageOfPage\":{\"@id\":\"https:\\\/\\\/www.krafthand.de\\\/truck\\\/artikel\\\/grossauftrag-spedition-schwarz-bekommt-40-koegel-eurotrailer-und-sechs-mega-36876\\\/#primaryimage\"},\"image\":{\"@id\":\"https:\\\/\\\/www.krafthand.de\\\/truck\\\/artikel\\\/grossauftrag-spedition-schwarz-bekommt-40-koegel-eurotrailer-und-sechs-mega-36876\\\/#primaryimage\"},\"thumbnailUrl\":\"https:\\\/\\\/static.krafthand-truck.de\\\/uploads\\\/2023\\\/07\\\/Koegel_Schwarz_Logistik_Group_Gruppe.jpg\",\"datePublished\":\"2023-07-26T07:40:57+00:00\",\"dateModified\":\"2023-07-26T07:41:35+00:00\",\"author\":{\"@id\":\"https:\\\/\\\/www.krafthand.de\\\/truck\\\/#\\\/schema\\\/person\\\/51fa80b1c57034c4bf63f9f988fc24ce\"},\"description\":\"In diesem Jahr erh\u00e4lt die Spedition Schwarz aus dem Baden-W\u00fcrttembergischen Herbrechtingen 40 K\u00f6gel EuroTrailer sowie sechs K\u00f6gel Mega.\",\"breadcrumb\":{\"@id\":\"https:\\\/\\\/www.krafthand.de\\\/truck\\\/artikel\\\/grossauftrag-spedition-schwarz-bekommt-40-koegel-eurotrailer-und-sechs-mega-36876\\\/#breadcrumb\"},\"inLanguage\":\"de\",\"potentialAction\":[{\"@type\":\"ReadAction\",\"target\":[\"https:\\\/\\\/www.krafthand.de\\\/truck\\\/artikel\\\/grossauftrag-spedition-schwarz-bekommt-40-koegel-eurotrailer-und-sechs-mega-36876\\\/\"]}]},{\"@type\":\"ImageObject\",\"inLanguage\":\"de\",\"@id\":\"https:\\\/\\\/www.krafthand.de\\\/truck\\\/artikel\\\/grossauftrag-spedition-schwarz-bekommt-40-koegel-eurotrailer-und-sechs-mega-36876\\\/#primaryimage\",\"url\":\"https:\\\/\\\/static.krafthand-truck.de\\\/uploads\\\/2023\\\/07\\\/Koegel_Schwarz_Logistik_Group_Gruppe.jpg\",\"contentUrl\":\"https:\\\/\\\/static.krafthand-truck.de\\\/uploads\\\/2023\\\/07\\\/Koegel_Schwarz_Logistik_Group_Gruppe.jpg\",\"width\":1200,\"height\":803},{\"@type\":\"BreadcrumbList\",\"@id\":\"https:\\\/\\\/www.krafthand.de\\\/truck\\\/artikel\\\/grossauftrag-spedition-schwarz-bekommt-40-koegel-eurotrailer-und-sechs-mega-36876\\\/#breadcrumb\",\"itemListElement\":[{\"@type\":\"ListItem\",\"position\":1,\"name\":\"Krafthand-Truck\",\"item\":\"https:\\\/\\\/www.krafthand.de\\\/truck\\\/\"},{\"@type\":\"ListItem\",\"position\":2,\"name\":\"Nfz-Branche\",\"item\":\"https:\\\/\\\/www.krafthand.de\\\/truck\\\/kategorie\\\/branche\\\/\"},{\"@type\":\"ListItem\",\"position\":3,\"name\":\"Unternehmen\",\"item\":\"https:\\\/\\\/www.krafthand.de\\\/truck\\\/kategorie\\\/branche\\\/unternehmen\\\/\"},{\"@type\":\"ListItem\",\"position\":4,\"name\":\"Gro\u00dfauftrag: Spedition Schwarz bekommt 40 K\u00f6gel-EuroTrailer und sechs Mega\"}]},{\"@type\":\"WebSite\",\"@id\":\"https:\\\/\\\/www.krafthand.de\\\/truck\\\/#website\",\"url\":\"https:\\\/\\\/www.krafthand.de\\\/truck\\\/\",\"name\":\"Krafthand-Truck\",\"description\":\"\",\"potentialAction\":[{\"@type\":\"SearchAction\",\"target\":{\"@type\":\"EntryPoint\",\"urlTemplate\":\"https:\\\/\\\/www.krafthand.de\\\/truck\\\/?s={search_term_string}\"},\"query-input\":{\"@type\":\"PropertyValueSpecification\",\"valueRequired\":true,\"valueName\":\"search_term_string\"}}],\"inLanguage\":\"de\"},{\"@type\":\"Person\",\"@id\":\"https:\\\/\\\/www.krafthand.de\\\/truck\\\/#\\\/schema\\\/person\\\/51fa80b1c57034c4bf63f9f988fc24ce\",\"name\":\"georg.blenk@krafthand-medien.de\",\"image\":{\"@type\":\"ImageObject\",\"inLanguage\":\"de\",\"@id\":\"https:\\\/\\\/secure.gravatar.com\\\/avatar\\\/93713c30affe0aa95d3a4130e499bb1abee2eb31adbdd9ce2aa1543538490215?s=96&d=mm&r=g\",\"url\":\"https:\\\/\\\/secure.gravatar.com\\\/avatar\\\/93713c30affe0aa95d3a4130e499bb1abee2eb31adbdd9ce2aa1543538490215?s=96&d=mm&r=g\",\"contentUrl\":\"https:\\\/\\\/secure.gravatar.com\\\/avatar\\\/93713c30affe0aa95d3a4130e499bb1abee2eb31adbdd9ce2aa1543538490215?s=96&d=mm&r=g\",\"caption\":\"georg.blenk@krafthand-medien.de\"}}]}<\/script>\n<!-- \/ Yoast SEO plugin. -->","yoast_head_json":{"title":"Gro\u00dfauftrag: Spedition Schwarz bekommt 40 K\u00f6gel-EuroTrailer und sechs Mega - Krafthand-Truck","description":"In diesem Jahr erh\u00e4lt die Spedition Schwarz aus dem Baden-W\u00fcrttembergischen Herbrechtingen 40 K\u00f6gel EuroTrailer sowie sechs K\u00f6gel Mega.","robots":{"index":"index","follow":"follow","max-snippet":"max-snippet:-1","max-image-preview":"max-image-preview:large","max-video-preview":"max-video-preview:-1"},"canonical":"https:\/\/www.krafthand.de\/truck\/artikel\/grossauftrag-spedition-schwarz-bekommt-40-koegel-eurotrailer-und-sechs-mega-36876\/","og_locale":"de_DE","og_type":"article","og_title":"Gro\u00dfauftrag: Spedition Schwarz bekommt 40 K\u00f6gel-EuroTrailer und sechs Mega - Krafthand-Truck","og_description":"In diesem Jahr erh\u00e4lt die Spedition Schwarz aus dem Baden-W\u00fcrttembergischen Herbrechtingen 40 K\u00f6gel EuroTrailer sowie sechs K\u00f6gel Mega.","og_url":"https:\/\/www.krafthand-truck.de\/artikel\/grossauftrag-spedition-schwarz-bekommt-40-koegel-eurotrailer-und-sechs-mega-36876\/","og_site_name":"Krafthand-Truck","article_published_time":"2023-07-26T07:40:57+00:00","article_modified_time":"2023-07-26T07:41:35+00:00","og_image":[{"width":1200,"height":803,"url":"https:\/\/static.krafthand-truck.de\/uploads\/2023\/07\/Koegel_Schwarz_Logistik_Group_Gruppe.jpg","type":"image\/jpeg"}],"author":"georg.blenk@krafthand-medien.de","twitter_card":"summary_large_image","twitter_misc":{"Verfasst von":"georg.blenk@krafthand-medien.de","Gesch\u00e4tzte Lesezeit":"2\u00a0Minuten"},"schema":{"@context":"https:\/\/schema.org","@graph":[{"@type":"Article","@id":"https:\/\/www.krafthand.de\/truck\/artikel\/grossauftrag-spedition-schwarz-bekommt-40-koegel-eurotrailer-und-sechs-mega-36876\/#article","isPartOf":{"@id":"https:\/\/www.krafthand.de\/truck\/artikel\/grossauftrag-spedition-schwarz-bekommt-40-koegel-eurotrailer-und-sechs-mega-36876\/"},"author":{"name":"georg.blenk@krafthand-medien.de","@id":"https:\/\/www.krafthand.de\/truck\/#\/schema\/person\/51fa80b1c57034c4bf63f9f988fc24ce"},"headline":"Gro\u00dfauftrag: Spedition Schwarz bekommt 40 K\u00f6gel-EuroTrailer und sechs Mega","datePublished":"2023-07-26T07:40:57+00:00","dateModified":"2023-07-26T07:41:35+00:00","mainEntityOfPage":{"@id":"https:\/\/www.krafthand.de\/truck\/artikel\/grossauftrag-spedition-schwarz-bekommt-40-koegel-eurotrailer-und-sechs-mega-36876\/"},"wordCount":343,"image":{"@id":"https:\/\/www.krafthand.de\/truck\/artikel\/grossauftrag-spedition-schwarz-bekommt-40-koegel-eurotrailer-und-sechs-mega-36876\/#primaryimage"},"thumbnailUrl":"https:\/\/static.krafthand-truck.de\/uploads\/2023\/07\/Koegel_Schwarz_Logistik_Group_Gruppe.jpg","keywords":["K\u00f6gel","Spedition Schwarz","Trailer"],"articleSection":["Trailer\/Aufbauten","Unternehmen"],"inLanguage":"de"},{"@type":"WebPage","@id":"https:\/\/www.krafthand.de\/truck\/artikel\/grossauftrag-spedition-schwarz-bekommt-40-koegel-eurotrailer-und-sechs-mega-36876\/","url":"https:\/\/www.krafthand.de\/truck\/artikel\/grossauftrag-spedition-schwarz-bekommt-40-koegel-eurotrailer-und-sechs-mega-36876\/","name":"Gro\u00dfauftrag: Spedition Schwarz bekommt 40 K\u00f6gel-EuroTrailer und sechs Mega - Krafthand-Truck","isPartOf":{"@id":"https:\/\/www.krafthand.de\/truck\/#website"},"primaryImageOfPage":{"@id":"https:\/\/www.krafthand.de\/truck\/artikel\/grossauftrag-spedition-schwarz-bekommt-40-koegel-eurotrailer-und-sechs-mega-36876\/#primaryimage"},"image":{"@id":"https:\/\/www.krafthand.de\/truck\/artikel\/grossauftrag-spedition-schwarz-bekommt-40-koegel-eurotrailer-und-sechs-mega-36876\/#primaryimage"},"thumbnailUrl":"https:\/\/static.krafthand-truck.de\/uploads\/2023\/07\/Koegel_Schwarz_Logistik_Group_Gruppe.jpg","datePublished":"2023-07-26T07:40:57+00:00","dateModified":"2023-07-26T07:41:35+00:00","author":{"@id":"https:\/\/www.krafthand.de\/truck\/#\/schema\/person\/51fa80b1c57034c4bf63f9f988fc24ce"},"description":"In diesem Jahr erh\u00e4lt die Spedition Schwarz aus dem Baden-W\u00fcrttembergischen Herbrechtingen 40 K\u00f6gel EuroTrailer sowie sechs K\u00f6gel Mega.","breadcrumb":{"@id":"https:\/\/www.krafthand.de\/truck\/artikel\/grossauftrag-spedition-schwarz-bekommt-40-koegel-eurotrailer-und-sechs-mega-36876\/#breadcrumb"},"inLanguage":"de","potentialAction":[{"@type":"ReadAction","target":["https:\/\/www.krafthand.de\/truck\/artikel\/grossauftrag-spedition-schwarz-bekommt-40-koegel-eurotrailer-und-sechs-mega-36876\/"]}]},{"@type":"ImageObject","inLanguage":"de","@id":"https:\/\/www.krafthand.de\/truck\/artikel\/grossauftrag-spedition-schwarz-bekommt-40-koegel-eurotrailer-und-sechs-mega-36876\/#primaryimage","url":"https:\/\/static.krafthand-truck.de\/uploads\/2023\/07\/Koegel_Schwarz_Logistik_Group_Gruppe.jpg","contentUrl":"https:\/\/static.krafthand-truck.de\/uploads\/2023\/07\/Koegel_Schwarz_Logistik_Group_Gruppe.jpg","width":1200,"height":803},{"@type":"BreadcrumbList","@id":"https:\/\/www.krafthand.de\/truck\/artikel\/grossauftrag-spedition-schwarz-bekommt-40-koegel-eurotrailer-und-sechs-mega-36876\/#breadcrumb","itemListElement":[{"@type":"ListItem","position":1,"name":"Krafthand-Truck","item":"https:\/\/www.krafthand.de\/truck\/"},{"@type":"ListItem","position":2,"name":"Nfz-Branche","item":"https:\/\/www.krafthand.de\/truck\/kategorie\/branche\/"},{"@type":"ListItem","position":3,"name":"Unternehmen","item":"https:\/\/www.krafthand.de\/truck\/kategorie\/branche\/unternehmen\/"},{"@type":"ListItem","position":4,"name":"Gro\u00dfauftrag: Spedition Schwarz bekommt 40 K\u00f6gel-EuroTrailer und sechs Mega"}]},{"@type":"WebSite","@id":"https:\/\/www.krafthand.de\/truck\/#website","url":"https:\/\/www.krafthand.de\/truck\/","name":"Krafthand-Truck","description":"","potentialAction":[{"@type":"SearchAction","target":{"@type":"EntryPoint","urlTemplate":"https:\/\/www.krafthand.de\/truck\/?s={search_term_string}"},"query-input":{"@type":"PropertyValueSpecification","valueRequired":true,"valueName":"search_term_string"}}],"inLanguage":"de"},{"@type":"Person","@id":"https:\/\/www.krafthand.de\/truck\/#\/schema\/person\/51fa80b1c57034c4bf63f9f988fc24ce","name":"georg.blenk@krafthand-medien.de","image":{"@type":"ImageObject","inLanguage":"de","@id":"https:\/\/secure.gravatar.com\/avatar\/93713c30affe0aa95d3a4130e499bb1abee2eb31adbdd9ce2aa1543538490215?s=96&d=mm&r=g","url":"https:\/\/secure.gravatar.com\/avatar\/93713c30affe0aa95d3a4130e499bb1abee2eb31adbdd9ce2aa1543538490215?s=96&d=mm&r=g","contentUrl":"https:\/\/secure.gravatar.com\/avatar\/93713c30affe0aa95d3a4130e499bb1abee2eb31adbdd9ce2aa1543538490215?s=96&d=mm&r=g","caption":"georg.blenk@krafthand-medien.de"}}]}},"_links":{"self":[{"href":"https:\/\/www.krafthand.de\/truck\/wp-json\/wp\/v2\/posts\/36876","targetHints":{"allow":["GET"]}}],"collection":[{"href":"https:\/\/www.krafthand.de\/truck\/wp-json\/wp\/v2\/posts"}],"about":[{"href":"https:\/\/www.krafthand.de\/truck\/wp-json\/wp\/v2\/types\/post"}],"author":[{"embeddable":true,"href":"https:\/\/www.krafthand.de\/truck\/wp-json\/wp\/v2\/users\/9"}],"replies":[{"embeddable":true,"href":"https:\/\/www.krafthand.de\/truck\/wp-json\/wp\/v2\/comments?post=36876"}],"version-history":[{"count":6,"href":"https:\/\/www.krafthand.de\/truck\/wp-json\/wp\/v2\/posts\/36876\/revisions"}],"predecessor-version":[{"id":36883,"href":"https:\/\/www.krafthand.de\/truck\/wp-json\/wp\/v2\/posts\/36876\/revisions\/36883"}],"wp:featuredmedia":[{"embeddable":true,"href":"https:\/\/www.krafthand.de\/truck\/wp-json\/wp\/v2\/media\/36888"}],"wp:attachment":[{"href":"https:\/\/www.krafthand.de\/truck\/wp-json\/wp\/v2\/media?parent=36876"}],"wp:term":[{"taxonomy":"category","embeddable":true,"href":"https:\/\/www.krafthand.de\/truck\/wp-json\/wp\/v2\/categories?post=36876"},{"taxonomy":"post_tag","embeddable":true,"href":"https:\/\/www.krafthand.de\/truck\/wp-json\/wp\/v2\/tags?post=36876"},{"taxonomy":"settings","embeddable":true,"href":"https:\/\/www.krafthand.de\/truck\/wp-json\/wp\/v2\/settings?post=36876"}],"curies":[{"name":"wp","href":"https:\/\/api.w.org\/{rel}","templated":true}]}}