{"id":36857,"date":"2023-07-25T08:57:47","date_gmt":"2023-07-25T06:57:47","guid":{"rendered":"https:\/\/www.krafthand.de\/truck\/?p=36857"},"modified":"2023-07-25T09:02:47","modified_gmt":"2023-07-25T07:02:47","slug":"stebag-scania-v8-truck-mit-yokohama-branding-zur-miete","status":"publish","type":"post","link":"https:\/\/www.krafthand.de\/truck\/artikel\/stebag-scania-v8-truck-mit-yokohama-branding-zur-miete-36857\/","title":{"rendered":"STEBAG: Scania V8-Truck mit Yokohama Branding zur Miete"},"content":{"rendered":"<p>Kunden von STEBAG Ellwangen k\u00f6nnen ab sofort einen neuen Scania S 590 V8 im exklusiven Yokohama-Branding als Zugmaschine mieten. Realisiert hat das Projekt die Kirchberger Stegmaier Group gemeinsam mit dem zur Karlsruher <a href=\"https:\/\/pneu.com\" target=\"_blank\" rel=\"noopener\">Pneuhage Gruppe<\/a> geh\u00f6renden Reifengro\u00dfh\u00e4ndler <a href=\"https:\/\/www.interpneu.de\" target=\"_blank\" rel=\"noopener\">Interpneu<\/a>.<\/p>\n<p>Die zu Stegmaier geh\u00f6rende <a href=\"https:\/\/www.stebag-ellwangen.de\" target=\"_blank\" rel=\"noopener\">STEBAG Land- und Nutzfahrzeugtechnik GmbH<\/a> betreibt als Scania Vertragspartner das Fahrzeug zur Vermietung und als Vorf\u00fchrfahrzeug. \u00dcber das Partnersystem &#8218;<a href=\"https:\/\/www.reifen1plus.de\" target=\"_blank\" rel=\"noopener\">Reifen1plus<\/a>&#8218; von Interpneu ist die Stegmaier Group zudem seit kurzem St\u00fctzpunkth\u00e4ndler f\u00fcr Yokohama Truck Reifen. Entsprechend wurde die Scania-Zugmaschine mit Yokohama Reifen der neuesten Generation ausger\u00fcstet.<\/p>\n<blockquote><p>\u201eWir freuen uns, dass wir dieses Projekt gemeinsam erfolgreich umsetzen konnten. Der <a href=\"https:\/\/www.scania.com\/de\/de\/home\/products\/trucks\/s-series\/s-series-specifications.html\" target=\"_blank\" rel=\"noopener\">Scania S 590 V8<\/a> ist bei Kunden nicht nur f\u00fcr seine Zugst\u00e4rke, sondern auch f\u00fcr seine Effizienz sehr gesch\u00e4tzt. Mit der Marke Yokohama bieten wir eine laufleistungsoptimierte Bereifung. Mit der speziell designten Yokohama-Beschriftung wird das Fahrzeug auch optisch f\u00fcr die Vermietung zu etwas Besonderem&#8220;, so Frank Neumann, Prokurist bei STEBAG.<\/p><\/blockquote>\n<figure id=\"attachment_36866\" aria-describedby=\"caption-attachment-36866\" style=\"width: 420px\" class=\"wp-caption alignleft\"><a href=\"https:\/\/static.krafthand-truck.de\/uploads\/2023\/07\/STEBAG-YOKOHAMA-SCANIA-Nuerburgring.jpg\" target=\"_blank\" rel=\"noopener\"><img fetchpriority=\"high\" decoding=\"async\" class=\"wp-image-36866\" src=\"https:\/\/static.krafthand-truck.de\/uploads\/2023\/07\/STEBAG-YOKOHAMA-SCANIA-Nuerburgring-300x197.jpg\" alt=\"\" width=\"420\" height=\"276\" srcset=\"https:\/\/static.krafthand-truck.de\/uploads\/2023\/07\/STEBAG-YOKOHAMA-SCANIA-Nuerburgring-300x197.jpg 300w, https:\/\/static.krafthand-truck.de\/uploads\/2023\/07\/STEBAG-YOKOHAMA-SCANIA-Nuerburgring-1024x672.jpg 1024w, https:\/\/static.krafthand-truck.de\/uploads\/2023\/07\/STEBAG-YOKOHAMA-SCANIA-Nuerburgring-768x504.jpg 768w, https:\/\/static.krafthand-truck.de\/uploads\/2023\/07\/STEBAG-YOKOHAMA-SCANIA-Nuerburgring.jpg 1200w\" sizes=\"(max-width: 420px) 100vw, 420px\" \/><\/a><figcaption id=\"caption-attachment-36866\" class=\"wp-caption-text\">Der Scania-V8 wurde auch auf dem Truck-Grand-Prix am N\u00fcrburgring gezeigt. Bild: STEBAG Group<\/figcaption><\/figure>\n<p>Auf der Antriebsachse soll das Reifenmodell <a href=\"https:\/\/www.yokohama.eu\/de\/reifen\/lkw-reifen\/regional\/\" target=\"_blank\" rel=\"noopener\">&#8218;Yokohama 704R&#8216;<\/a> mit laufrichtungsgebundenem Profil seine St\u00e4rke in der Traktion zeigen. Auf der Lenkachse ist das Profil 126S mit optimierter Fahrstabilit\u00e4t montiert. Am Ende des jeweiligen Mietzeitraums werden die Fahrer gebeten, die Bereifung zu beurteilen.<\/p>\n<p>Das Fahrzeug wurde Mitte Juli als Show-Truck erstmals im Rahmen der Pr\u00e4senz der Stegmaier Gruppe auf dem <a href=\"https:\/\/truck-grand-prix.de\" target=\"_blank\" rel=\"noopener\">Truck Grand Prix am N\u00fcrburgring<\/a> gezeigt. Bei der <a href=\"https:\/\/www.messe-ticket.de\/KMK\/NUFAM\/\" target=\"_blank\" rel=\"noopener\">NUFAM<\/a>, der Nutzfahrzeugmesse in Karlsruhe, bei der auch Pneuhage ausstellen wird, soll das Fahrzeug ebenfalls zu sehen sein.<\/p>\n","protected":false},"excerpt":{"rendered":"<p>Kunden von STEBAG Ellwangen k\u00f6nnen ab sofort einen neuen Scania S 590 V8 im exklusiven Yokohama-Branding als Zugmaschine mieten. Realisiert hat das Projekt die Kirchberger Stegmaier Group gemeinsam mit dem zur Karlsruher Pneuhage Gruppe geh\u00f6renden Reifengro\u00dfh\u00e4ndler Interpneu. <span class=\"excerpt-more__dots\">&#8230;<\/span> <a class=\"excerpt-more__link\" href=\"https:\/\/www.krafthand.de\/truck\/artikel\/stebag-scania-v8-truck-mit-yokohama-branding-zur-miete-36857\/\" >weiter<\/a><\/p>\n","protected":false},"author":9,"featured_media":36865,"comment_status":"closed","ping_status":"closed","sticky":false,"template":"","format":"standard","meta":{"footnotes":""},"categories":[4227],"tags":[3914,99,5073,5530,5074,4658],"settings":[3523],"class_list":["post-36857","post","type-post","status-publish","format-standard","has-post-thumbnail","hentry","category-rad-reifen-bremse","tag-pneuhage","tag-reifen","tag-reifen1","tag-stebag","tag-stegmaier","tag-yokohama"],"yoast_head":"<!-- This site is optimized with the Yoast SEO plugin v27.3 - https:\/\/yoast.com\/product\/yoast-seo-wordpress\/ -->\n<title>STEBAG: Scania V8-Truck mit Yokohama Branding zur Miete - Krafthand-Truck<\/title>\n<meta name=\"description\" content=\"Kunden von STEBAG Ellwangen k\u00f6nnen ab sofort einen neuen Scania S 590 V8 im exklusiven Yokohama-Branding als Zugmaschine mieten.\" \/>\n<meta name=\"robots\" content=\"index, follow, max-snippet:-1, max-image-preview:large, max-video-preview:-1\" \/>\n<link rel=\"canonical\" href=\"https:\/\/www.krafthand.de\/truck\/artikel\/stebag-scania-v8-truck-mit-yokohama-branding-zur-miete-36857\/\" \/>\n<meta property=\"og:locale\" content=\"de_DE\" \/>\n<meta property=\"og:type\" content=\"article\" \/>\n<meta property=\"og:title\" content=\"STEBAG: Scania V8-Truck mit Yokohama Branding zur Miete - Krafthand-Truck\" \/>\n<meta property=\"og:description\" content=\"Kunden von STEBAG Ellwangen k\u00f6nnen ab sofort einen neuen Scania S 590 V8 im exklusiven Yokohama-Branding als Zugmaschine mieten.\" \/>\n<meta property=\"og:url\" content=\"https:\/\/www.krafthand-truck.de\/artikel\/stebag-scania-v8-truck-mit-yokohama-branding-zur-miete-36857\/\" \/>\n<meta property=\"og:site_name\" content=\"Krafthand-Truck\" \/>\n<meta property=\"article:published_time\" content=\"2023-07-25T06:57:47+00:00\" \/>\n<meta property=\"article:modified_time\" content=\"2023-07-25T07:02:47+00:00\" \/>\n<meta property=\"og:image\" content=\"https:\/\/static.krafthand-truck.de\/uploads\/2023\/07\/STEBAG-YOKOHAMA-SCANIA-2.jpg\" \/>\n\t<meta property=\"og:image:width\" content=\"1200\" \/>\n\t<meta property=\"og:image:height\" content=\"778\" \/>\n\t<meta property=\"og:image:type\" content=\"image\/jpeg\" \/>\n<meta name=\"author\" content=\"georg.blenk@krafthand-medien.de\" \/>\n<meta name=\"twitter:card\" content=\"summary_large_image\" \/>\n<meta name=\"twitter:label1\" content=\"Verfasst von\" \/>\n\t<meta name=\"twitter:data1\" content=\"georg.blenk@krafthand-medien.de\" \/>\n\t<meta name=\"twitter:label2\" content=\"Gesch\u00e4tzte Lesezeit\" \/>\n\t<meta name=\"twitter:data2\" content=\"2\u00a0Minuten\" \/>\n<script type=\"application\/ld+json\" class=\"yoast-schema-graph\">{\"@context\":\"https:\\\/\\\/schema.org\",\"@graph\":[{\"@type\":\"Article\",\"@id\":\"https:\\\/\\\/www.krafthand.de\\\/truck\\\/artikel\\\/stebag-scania-v8-truck-mit-yokohama-branding-zur-miete-36857\\\/#article\",\"isPartOf\":{\"@id\":\"https:\\\/\\\/www.krafthand.de\\\/truck\\\/artikel\\\/stebag-scania-v8-truck-mit-yokohama-branding-zur-miete-36857\\\/\"},\"author\":{\"name\":\"georg.blenk@krafthand-medien.de\",\"@id\":\"https:\\\/\\\/www.krafthand.de\\\/truck\\\/#\\\/schema\\\/person\\\/51fa80b1c57034c4bf63f9f988fc24ce\"},\"headline\":\"STEBAG: Scania V8-Truck mit Yokohama Branding zur Miete\",\"datePublished\":\"2023-07-25T06:57:47+00:00\",\"dateModified\":\"2023-07-25T07:02:47+00:00\",\"mainEntityOfPage\":{\"@id\":\"https:\\\/\\\/www.krafthand.de\\\/truck\\\/artikel\\\/stebag-scania-v8-truck-mit-yokohama-branding-zur-miete-36857\\\/\"},\"wordCount\":280,\"image\":{\"@id\":\"https:\\\/\\\/www.krafthand.de\\\/truck\\\/artikel\\\/stebag-scania-v8-truck-mit-yokohama-branding-zur-miete-36857\\\/#primaryimage\"},\"thumbnailUrl\":\"https:\\\/\\\/static.krafthand-truck.de\\\/uploads\\\/2023\\\/07\\\/STEBAG-YOKOHAMA-SCANIA-2.jpg\",\"keywords\":[\"Pneuhage\",\"Reifen\",\"Reifen1+\",\"Stebag\",\"Stegmaier\",\"Yokohama\"],\"articleSection\":[\"Rad\\\/Reifen\\\/Bremse\"],\"inLanguage\":\"de\"},{\"@type\":\"WebPage\",\"@id\":\"https:\\\/\\\/www.krafthand.de\\\/truck\\\/artikel\\\/stebag-scania-v8-truck-mit-yokohama-branding-zur-miete-36857\\\/\",\"url\":\"https:\\\/\\\/www.krafthand.de\\\/truck\\\/artikel\\\/stebag-scania-v8-truck-mit-yokohama-branding-zur-miete-36857\\\/\",\"name\":\"STEBAG: Scania V8-Truck mit Yokohama Branding zur Miete - Krafthand-Truck\",\"isPartOf\":{\"@id\":\"https:\\\/\\\/www.krafthand.de\\\/truck\\\/#website\"},\"primaryImageOfPage\":{\"@id\":\"https:\\\/\\\/www.krafthand.de\\\/truck\\\/artikel\\\/stebag-scania-v8-truck-mit-yokohama-branding-zur-miete-36857\\\/#primaryimage\"},\"image\":{\"@id\":\"https:\\\/\\\/www.krafthand.de\\\/truck\\\/artikel\\\/stebag-scania-v8-truck-mit-yokohama-branding-zur-miete-36857\\\/#primaryimage\"},\"thumbnailUrl\":\"https:\\\/\\\/static.krafthand-truck.de\\\/uploads\\\/2023\\\/07\\\/STEBAG-YOKOHAMA-SCANIA-2.jpg\",\"datePublished\":\"2023-07-25T06:57:47+00:00\",\"dateModified\":\"2023-07-25T07:02:47+00:00\",\"author\":{\"@id\":\"https:\\\/\\\/www.krafthand.de\\\/truck\\\/#\\\/schema\\\/person\\\/51fa80b1c57034c4bf63f9f988fc24ce\"},\"description\":\"Kunden von STEBAG Ellwangen k\u00f6nnen ab sofort einen neuen Scania S 590 V8 im exklusiven Yokohama-Branding als Zugmaschine mieten.\",\"breadcrumb\":{\"@id\":\"https:\\\/\\\/www.krafthand.de\\\/truck\\\/artikel\\\/stebag-scania-v8-truck-mit-yokohama-branding-zur-miete-36857\\\/#breadcrumb\"},\"inLanguage\":\"de\",\"potentialAction\":[{\"@type\":\"ReadAction\",\"target\":[\"https:\\\/\\\/www.krafthand.de\\\/truck\\\/artikel\\\/stebag-scania-v8-truck-mit-yokohama-branding-zur-miete-36857\\\/\"]}]},{\"@type\":\"ImageObject\",\"inLanguage\":\"de\",\"@id\":\"https:\\\/\\\/www.krafthand.de\\\/truck\\\/artikel\\\/stebag-scania-v8-truck-mit-yokohama-branding-zur-miete-36857\\\/#primaryimage\",\"url\":\"https:\\\/\\\/static.krafthand-truck.de\\\/uploads\\\/2023\\\/07\\\/STEBAG-YOKOHAMA-SCANIA-2.jpg\",\"contentUrl\":\"https:\\\/\\\/static.krafthand-truck.de\\\/uploads\\\/2023\\\/07\\\/STEBAG-YOKOHAMA-SCANIA-2.jpg\",\"width\":1200,\"height\":778},{\"@type\":\"BreadcrumbList\",\"@id\":\"https:\\\/\\\/www.krafthand.de\\\/truck\\\/artikel\\\/stebag-scania-v8-truck-mit-yokohama-branding-zur-miete-36857\\\/#breadcrumb\",\"itemListElement\":[{\"@type\":\"ListItem\",\"position\":1,\"name\":\"Krafthand-Truck\",\"item\":\"https:\\\/\\\/www.krafthand.de\\\/truck\\\/\"},{\"@type\":\"ListItem\",\"position\":2,\"name\":\"Nfz-Technik\",\"item\":\"https:\\\/\\\/www.krafthand.de\\\/truck\\\/kategorie\\\/nfz-technik\\\/\"},{\"@type\":\"ListItem\",\"position\":3,\"name\":\"Rad\\\/Reifen\\\/Bremse\",\"item\":\"https:\\\/\\\/www.krafthand.de\\\/truck\\\/kategorie\\\/nfz-technik\\\/rad-reifen-bremse\\\/\"},{\"@type\":\"ListItem\",\"position\":4,\"name\":\"STEBAG: Scania V8-Truck mit Yokohama Branding zur Miete\"}]},{\"@type\":\"WebSite\",\"@id\":\"https:\\\/\\\/www.krafthand.de\\\/truck\\\/#website\",\"url\":\"https:\\\/\\\/www.krafthand.de\\\/truck\\\/\",\"name\":\"Krafthand-Truck\",\"description\":\"\",\"potentialAction\":[{\"@type\":\"SearchAction\",\"target\":{\"@type\":\"EntryPoint\",\"urlTemplate\":\"https:\\\/\\\/www.krafthand.de\\\/truck\\\/?s={search_term_string}\"},\"query-input\":{\"@type\":\"PropertyValueSpecification\",\"valueRequired\":true,\"valueName\":\"search_term_string\"}}],\"inLanguage\":\"de\"},{\"@type\":\"Person\",\"@id\":\"https:\\\/\\\/www.krafthand.de\\\/truck\\\/#\\\/schema\\\/person\\\/51fa80b1c57034c4bf63f9f988fc24ce\",\"name\":\"georg.blenk@krafthand-medien.de\",\"image\":{\"@type\":\"ImageObject\",\"inLanguage\":\"de\",\"@id\":\"https:\\\/\\\/secure.gravatar.com\\\/avatar\\\/93713c30affe0aa95d3a4130e499bb1abee2eb31adbdd9ce2aa1543538490215?s=96&d=mm&r=g\",\"url\":\"https:\\\/\\\/secure.gravatar.com\\\/avatar\\\/93713c30affe0aa95d3a4130e499bb1abee2eb31adbdd9ce2aa1543538490215?s=96&d=mm&r=g\",\"contentUrl\":\"https:\\\/\\\/secure.gravatar.com\\\/avatar\\\/93713c30affe0aa95d3a4130e499bb1abee2eb31adbdd9ce2aa1543538490215?s=96&d=mm&r=g\",\"caption\":\"georg.blenk@krafthand-medien.de\"}}]}<\/script>\n<!-- \/ Yoast SEO plugin. -->","yoast_head_json":{"title":"STEBAG: Scania V8-Truck mit Yokohama Branding zur Miete - Krafthand-Truck","description":"Kunden von STEBAG Ellwangen k\u00f6nnen ab sofort einen neuen Scania S 590 V8 im exklusiven Yokohama-Branding als Zugmaschine mieten.","robots":{"index":"index","follow":"follow","max-snippet":"max-snippet:-1","max-image-preview":"max-image-preview:large","max-video-preview":"max-video-preview:-1"},"canonical":"https:\/\/www.krafthand.de\/truck\/artikel\/stebag-scania-v8-truck-mit-yokohama-branding-zur-miete-36857\/","og_locale":"de_DE","og_type":"article","og_title":"STEBAG: Scania V8-Truck mit Yokohama Branding zur Miete - Krafthand-Truck","og_description":"Kunden von STEBAG Ellwangen k\u00f6nnen ab sofort einen neuen Scania S 590 V8 im exklusiven Yokohama-Branding als Zugmaschine mieten.","og_url":"https:\/\/www.krafthand-truck.de\/artikel\/stebag-scania-v8-truck-mit-yokohama-branding-zur-miete-36857\/","og_site_name":"Krafthand-Truck","article_published_time":"2023-07-25T06:57:47+00:00","article_modified_time":"2023-07-25T07:02:47+00:00","og_image":[{"width":1200,"height":778,"url":"https:\/\/static.krafthand-truck.de\/uploads\/2023\/07\/STEBAG-YOKOHAMA-SCANIA-2.jpg","type":"image\/jpeg"}],"author":"georg.blenk@krafthand-medien.de","twitter_card":"summary_large_image","twitter_misc":{"Verfasst von":"georg.blenk@krafthand-medien.de","Gesch\u00e4tzte Lesezeit":"2\u00a0Minuten"},"schema":{"@context":"https:\/\/schema.org","@graph":[{"@type":"Article","@id":"https:\/\/www.krafthand.de\/truck\/artikel\/stebag-scania-v8-truck-mit-yokohama-branding-zur-miete-36857\/#article","isPartOf":{"@id":"https:\/\/www.krafthand.de\/truck\/artikel\/stebag-scania-v8-truck-mit-yokohama-branding-zur-miete-36857\/"},"author":{"name":"georg.blenk@krafthand-medien.de","@id":"https:\/\/www.krafthand.de\/truck\/#\/schema\/person\/51fa80b1c57034c4bf63f9f988fc24ce"},"headline":"STEBAG: Scania V8-Truck mit Yokohama Branding zur Miete","datePublished":"2023-07-25T06:57:47+00:00","dateModified":"2023-07-25T07:02:47+00:00","mainEntityOfPage":{"@id":"https:\/\/www.krafthand.de\/truck\/artikel\/stebag-scania-v8-truck-mit-yokohama-branding-zur-miete-36857\/"},"wordCount":280,"image":{"@id":"https:\/\/www.krafthand.de\/truck\/artikel\/stebag-scania-v8-truck-mit-yokohama-branding-zur-miete-36857\/#primaryimage"},"thumbnailUrl":"https:\/\/static.krafthand-truck.de\/uploads\/2023\/07\/STEBAG-YOKOHAMA-SCANIA-2.jpg","keywords":["Pneuhage","Reifen","Reifen1+","Stebag","Stegmaier","Yokohama"],"articleSection":["Rad\/Reifen\/Bremse"],"inLanguage":"de"},{"@type":"WebPage","@id":"https:\/\/www.krafthand.de\/truck\/artikel\/stebag-scania-v8-truck-mit-yokohama-branding-zur-miete-36857\/","url":"https:\/\/www.krafthand.de\/truck\/artikel\/stebag-scania-v8-truck-mit-yokohama-branding-zur-miete-36857\/","name":"STEBAG: Scania V8-Truck mit Yokohama Branding zur Miete - Krafthand-Truck","isPartOf":{"@id":"https:\/\/www.krafthand.de\/truck\/#website"},"primaryImageOfPage":{"@id":"https:\/\/www.krafthand.de\/truck\/artikel\/stebag-scania-v8-truck-mit-yokohama-branding-zur-miete-36857\/#primaryimage"},"image":{"@id":"https:\/\/www.krafthand.de\/truck\/artikel\/stebag-scania-v8-truck-mit-yokohama-branding-zur-miete-36857\/#primaryimage"},"thumbnailUrl":"https:\/\/static.krafthand-truck.de\/uploads\/2023\/07\/STEBAG-YOKOHAMA-SCANIA-2.jpg","datePublished":"2023-07-25T06:57:47+00:00","dateModified":"2023-07-25T07:02:47+00:00","author":{"@id":"https:\/\/www.krafthand.de\/truck\/#\/schema\/person\/51fa80b1c57034c4bf63f9f988fc24ce"},"description":"Kunden von STEBAG Ellwangen k\u00f6nnen ab sofort einen neuen Scania S 590 V8 im exklusiven Yokohama-Branding als Zugmaschine mieten.","breadcrumb":{"@id":"https:\/\/www.krafthand.de\/truck\/artikel\/stebag-scania-v8-truck-mit-yokohama-branding-zur-miete-36857\/#breadcrumb"},"inLanguage":"de","potentialAction":[{"@type":"ReadAction","target":["https:\/\/www.krafthand.de\/truck\/artikel\/stebag-scania-v8-truck-mit-yokohama-branding-zur-miete-36857\/"]}]},{"@type":"ImageObject","inLanguage":"de","@id":"https:\/\/www.krafthand.de\/truck\/artikel\/stebag-scania-v8-truck-mit-yokohama-branding-zur-miete-36857\/#primaryimage","url":"https:\/\/static.krafthand-truck.de\/uploads\/2023\/07\/STEBAG-YOKOHAMA-SCANIA-2.jpg","contentUrl":"https:\/\/static.krafthand-truck.de\/uploads\/2023\/07\/STEBAG-YOKOHAMA-SCANIA-2.jpg","width":1200,"height":778},{"@type":"BreadcrumbList","@id":"https:\/\/www.krafthand.de\/truck\/artikel\/stebag-scania-v8-truck-mit-yokohama-branding-zur-miete-36857\/#breadcrumb","itemListElement":[{"@type":"ListItem","position":1,"name":"Krafthand-Truck","item":"https:\/\/www.krafthand.de\/truck\/"},{"@type":"ListItem","position":2,"name":"Nfz-Technik","item":"https:\/\/www.krafthand.de\/truck\/kategorie\/nfz-technik\/"},{"@type":"ListItem","position":3,"name":"Rad\/Reifen\/Bremse","item":"https:\/\/www.krafthand.de\/truck\/kategorie\/nfz-technik\/rad-reifen-bremse\/"},{"@type":"ListItem","position":4,"name":"STEBAG: Scania V8-Truck mit Yokohama Branding zur Miete"}]},{"@type":"WebSite","@id":"https:\/\/www.krafthand.de\/truck\/#website","url":"https:\/\/www.krafthand.de\/truck\/","name":"Krafthand-Truck","description":"","potentialAction":[{"@type":"SearchAction","target":{"@type":"EntryPoint","urlTemplate":"https:\/\/www.krafthand.de\/truck\/?s={search_term_string}"},"query-input":{"@type":"PropertyValueSpecification","valueRequired":true,"valueName":"search_term_string"}}],"inLanguage":"de"},{"@type":"Person","@id":"https:\/\/www.krafthand.de\/truck\/#\/schema\/person\/51fa80b1c57034c4bf63f9f988fc24ce","name":"georg.blenk@krafthand-medien.de","image":{"@type":"ImageObject","inLanguage":"de","@id":"https:\/\/secure.gravatar.com\/avatar\/93713c30affe0aa95d3a4130e499bb1abee2eb31adbdd9ce2aa1543538490215?s=96&d=mm&r=g","url":"https:\/\/secure.gravatar.com\/avatar\/93713c30affe0aa95d3a4130e499bb1abee2eb31adbdd9ce2aa1543538490215?s=96&d=mm&r=g","contentUrl":"https:\/\/secure.gravatar.com\/avatar\/93713c30affe0aa95d3a4130e499bb1abee2eb31adbdd9ce2aa1543538490215?s=96&d=mm&r=g","caption":"georg.blenk@krafthand-medien.de"}}]}},"_links":{"self":[{"href":"https:\/\/www.krafthand.de\/truck\/wp-json\/wp\/v2\/posts\/36857","targetHints":{"allow":["GET"]}}],"collection":[{"href":"https:\/\/www.krafthand.de\/truck\/wp-json\/wp\/v2\/posts"}],"about":[{"href":"https:\/\/www.krafthand.de\/truck\/wp-json\/wp\/v2\/types\/post"}],"author":[{"embeddable":true,"href":"https:\/\/www.krafthand.de\/truck\/wp-json\/wp\/v2\/users\/9"}],"replies":[{"embeddable":true,"href":"https:\/\/www.krafthand.de\/truck\/wp-json\/wp\/v2\/comments?post=36857"}],"version-history":[{"count":16,"href":"https:\/\/www.krafthand.de\/truck\/wp-json\/wp\/v2\/posts\/36857\/revisions"}],"predecessor-version":[{"id":36875,"href":"https:\/\/www.krafthand.de\/truck\/wp-json\/wp\/v2\/posts\/36857\/revisions\/36875"}],"wp:featuredmedia":[{"embeddable":true,"href":"https:\/\/www.krafthand.de\/truck\/wp-json\/wp\/v2\/media\/36865"}],"wp:attachment":[{"href":"https:\/\/www.krafthand.de\/truck\/wp-json\/wp\/v2\/media?parent=36857"}],"wp:term":[{"taxonomy":"category","embeddable":true,"href":"https:\/\/www.krafthand.de\/truck\/wp-json\/wp\/v2\/categories?post=36857"},{"taxonomy":"post_tag","embeddable":true,"href":"https:\/\/www.krafthand.de\/truck\/wp-json\/wp\/v2\/tags?post=36857"},{"taxonomy":"settings","embeddable":true,"href":"https:\/\/www.krafthand.de\/truck\/wp-json\/wp\/v2\/settings?post=36857"}],"curies":[{"name":"wp","href":"https:\/\/api.w.org\/{rel}","templated":true}]}}