{"id":36813,"date":"2023-07-18T11:15:46","date_gmt":"2023-07-18T09:15:46","guid":{"rendered":"https:\/\/www.krafthand.de\/truck\/?p=36813"},"modified":"2023-07-18T11:18:22","modified_gmt":"2023-07-18T09:18:22","slug":"iveco-bezieht-neues-ersatzteillager-in-gingen-an-der-brenz","status":"publish","type":"post","link":"https:\/\/www.krafthand.de\/truck\/artikel\/iveco-bezieht-neues-ersatzteillager-in-gingen-an-der-brenz-36813\/","title":{"rendered":"IVECO bezieht neues Ersatzteillager in Gingen an der Brenz"},"content":{"rendered":"<p>Am 17. Juli 2023 fand die offizielle Schl\u00fcssel\u00fcbergabe des neuen Ersatzeillagers der Iveco Group in Giengen an der Brenz statt. Nun soll zeitnah der Umzug von bisherigen Lager in Langenau nach Giengen erfolgen. Bereits 2022 unterzeichneten die <a href=\"https:\/\/www.iveco.com\/Germany\/Pages\/Home-page.aspx\" target=\"_blank\" rel=\"noopener\">Iveco Group<\/a> und die <a href=\"https:\/\/logproject.de\" target=\"_blank\" rel=\"noopener\">LogProject Giengen<\/a> an der Brenz GmbH, ein Spezialist f\u00fcr Gewerbe-, Industrie- und Logistik-Immobilien, einen Mietvertrag f\u00fcr das verkehrsg\u00fcnstig gelegene, neue Lager im Giengener Industriepark an der A7.<\/p>\n<h3>Ersatzteile auf \u00fcber 28.500 Quadratmeter<\/h3>\n<p>Das gesamte Teilelager hat eine Fl\u00e4che von 28.500 Quadratmeter. Hinzu kommt ein 500 Quadratmeter gro\u00dfes B\u00fcrogeb\u00e4ude, weitere rund 1.200 Quadratmeter B\u00fcro- Sozialr\u00e4ume und eine Kantine auf der Zwischenebene im Lagerbereich sowie rund 800 Quadratmeter B\u00fcror\u00e4ume im Erdgeschoss.\u00a0 Die Halle teilen sich die 35 Mitarbeiterinnen und Mitarbeiter mit dem Logistikdienstleister K\u00fchne &amp; Nagel, der ebenfalls k\u00fcnftig 195 Mitarbeiterinnen und Mitarbeiter am neuen Lagerstandort besch\u00e4ftigen m\u00f6chte.<br \/>\nK\u00fchne &amp; Nagel \u00fcbernimmt auch die komplette Intralogistik und den Versand im neuen Iveco-Group-Ersatzteillager. Auf rund 24.100 Quadratmetern finden sich insgesamt drei Lagerhallen, die mit 85 Reihen Hochregalen mit der h\u00f6chsten Ladekante von 11,80 Metern und somit 19.580 Europalettenstellpl\u00e4tzen und weiteren 16.950 Lagerpl\u00e4tzen f\u00fcr andere Gr\u00f6\u00dfen versehen sind. Zudem befinden sich 1.250 Meter Kragarmregale f\u00fcr Langgutlagerungen in den Hallen. In zwei Hallen gibt es zus\u00e4tzlich eine 1.900 Quadratmeter gro\u00dfe Zwischenebene mit weiteren 118 Regalreihen mit rund 14.300 Lagerpl\u00e4tzen f\u00fcr Kleinteile und die 5.600 Schnelldreher der Klassen A bis D.<\/p>\n<h3>38.000 Parts<\/h3>\n<p>Laut IVECO sollen rund 38.000 unterschiedliche Ersatzteile der Marken, IVECO, FPT, IVECO BUS, HEULIEZ, ASTRA, MAGIRUS, und IVD im neunen Iveco-Group-Lager in Giengen eingelagert werden. F\u00fcr den Waren-Ein- und -Ausgang stehen insgesamt 31 \u00dcberladebr\u00fccken und drei ebenerdige Tore zur Verf\u00fcgung. Acht Jumbo-Br\u00fccken eignen sich auch zur Be- und Entladung von Mega-Aufliegern.<\/p>\n<h3>9.000 Quadratmeter Photovoltaik<\/h3>\n<p>Rund 9.000 Quadratmeter der Dachfl\u00e4che sind mit einer 750 kWp starken Photovoltaik-Anlage ausgestattet. Die dadurch gewonnene Jahresproduktion von rund 650.000 kWh soll neben den komplett mit Bewegungssensoren gesteuerten LED-Beleuchtungen des Lagerkomplexes auch die verbaute W\u00e4rmepumpenanlage versorgen. In Kombination mit einer Umluftheizung sind gegen\u00fcber Heizungen mit alternativen Brennstoffen so hohe CO2-Einsparungen realisierbar. 80 Prozent des Dachs sind zudem begr\u00fcnt. So entsteht eine nat\u00fcrliche D\u00e4mmung, die auch neue Lebensr\u00e4ume f\u00fcr Flora und Fauna schaffen soll. Ein weiterer Nebeneffekt: Die Pflanzen binden Feinstaub und helfen bei der Einbringung von Wasser in den nat\u00fcrlichen Kreislauf.<\/p>\n<p><i>Den Beitrag finden Sie auch in der Print-Ausgabe 3-2023 der <a href=\"https:\/\/www.krafthand.de\/truck\/magazin\/\" title=\"Zum Magazin\">Krafthand-Truck<\/a>.<\/i><\/p>","protected":false},"excerpt":{"rendered":"<p>Am 17. Juli 2023 fand die offizielle Schl\u00fcssel\u00fcbergabe des neuen Ersatzeillagers der Iveco Group in Giengen an der Brenz statt. Nun soll zeitnah der Umzug von bisherigen Lager in Langenau nach Giengen erfolgen. Das gesamte Teilelager hat eine Fl\u00e4che von 28.500 Quadratmeter. <span class=\"excerpt-more__dots\">&#8230;<\/span> <a class=\"excerpt-more__link\" href=\"https:\/\/www.krafthand.de\/truck\/artikel\/iveco-bezieht-neues-ersatzteillager-in-gingen-an-der-brenz-36813\/\" >weiter<\/a><\/p>\n","protected":false},"author":9,"featured_media":36814,"comment_status":"closed","ping_status":"closed","sticky":false,"template":"","format":"standard","meta":{"footnotes":""},"categories":[4235],"tags":[5691,510,4346,29],"settings":[3524,3523],"class_list":["post-36813","post","type-post","status-publish","format-standard","has-post-thumbnail","hentry","category-unternehmen","tag-ersatzteilager","tag-ersatzteile","tag-gerrit-marx","tag-iveco"],"yoast_head":"<!-- This site is optimized with the Yoast SEO plugin v27.3 - https:\/\/yoast.com\/product\/yoast-seo-wordpress\/ -->\n<title>IVECO bezieht neues Ersatzteillager in Gingen an der Brenz - Krafthand-Truck<\/title>\n<meta name=\"description\" content=\"Am 17. Juli 2023 fand die offizielle Schl\u00fcssel\u00fcbergabe des neuen Ersatzeillagers der Iveco Group in Giengen an der Brenz statt.\" \/>\n<meta name=\"robots\" content=\"index, follow, max-snippet:-1, max-image-preview:large, max-video-preview:-1\" \/>\n<link rel=\"canonical\" href=\"https:\/\/www.krafthand.de\/truck\/artikel\/iveco-bezieht-neues-ersatzteillager-in-gingen-an-der-brenz-36813\/\" \/>\n<meta property=\"og:locale\" content=\"de_DE\" \/>\n<meta property=\"og:type\" content=\"article\" \/>\n<meta property=\"og:title\" content=\"IVECO bezieht neues Ersatzteillager in Gingen an der Brenz - Krafthand-Truck\" \/>\n<meta property=\"og:description\" content=\"Am 17. Juli 2023 fand die offizielle Schl\u00fcssel\u00fcbergabe des neuen Ersatzeillagers der Iveco Group in Giengen an der Brenz statt.\" \/>\n<meta property=\"og:url\" content=\"https:\/\/www.krafthand-truck.de\/artikel\/iveco-bezieht-neues-ersatzteillager-in-gingen-an-der-brenz-36813\/\" \/>\n<meta property=\"og:site_name\" content=\"Krafthand-Truck\" \/>\n<meta property=\"article:published_time\" content=\"2023-07-18T09:15:46+00:00\" \/>\n<meta property=\"article:modified_time\" content=\"2023-07-18T09:18:22+00:00\" \/>\n<meta property=\"og:image\" content=\"https:\/\/static.krafthand-truck.de\/uploads\/2023\/07\/Iveco_Group_Lager_Giengen_Gerrit_Marx.jpg\" \/>\n\t<meta property=\"og:image:width\" content=\"1200\" \/>\n\t<meta property=\"og:image:height\" content=\"697\" \/>\n\t<meta property=\"og:image:type\" content=\"image\/jpeg\" \/>\n<meta name=\"author\" content=\"georg.blenk@krafthand-medien.de\" \/>\n<meta name=\"twitter:card\" content=\"summary_large_image\" \/>\n<meta name=\"twitter:label1\" content=\"Verfasst von\" \/>\n\t<meta name=\"twitter:data1\" content=\"georg.blenk@krafthand-medien.de\" \/>\n\t<meta name=\"twitter:label2\" content=\"Gesch\u00e4tzte Lesezeit\" \/>\n\t<meta name=\"twitter:data2\" content=\"3\u00a0Minuten\" \/>\n<script type=\"application\/ld+json\" class=\"yoast-schema-graph\">{\"@context\":\"https:\\\/\\\/schema.org\",\"@graph\":[{\"@type\":\"Article\",\"@id\":\"https:\\\/\\\/www.krafthand.de\\\/truck\\\/artikel\\\/iveco-bezieht-neues-ersatzteillager-in-gingen-an-der-brenz-36813\\\/#article\",\"isPartOf\":{\"@id\":\"https:\\\/\\\/www.krafthand.de\\\/truck\\\/artikel\\\/iveco-bezieht-neues-ersatzteillager-in-gingen-an-der-brenz-36813\\\/\"},\"author\":{\"name\":\"georg.blenk@krafthand-medien.de\",\"@id\":\"https:\\\/\\\/www.krafthand.de\\\/truck\\\/#\\\/schema\\\/person\\\/51fa80b1c57034c4bf63f9f988fc24ce\"},\"headline\":\"IVECO bezieht neues Ersatzteillager in Gingen an der Brenz\",\"datePublished\":\"2023-07-18T09:15:46+00:00\",\"dateModified\":\"2023-07-18T09:18:22+00:00\",\"mainEntityOfPage\":{\"@id\":\"https:\\\/\\\/www.krafthand.de\\\/truck\\\/artikel\\\/iveco-bezieht-neues-ersatzteillager-in-gingen-an-der-brenz-36813\\\/\"},\"wordCount\":396,\"image\":{\"@id\":\"https:\\\/\\\/www.krafthand.de\\\/truck\\\/artikel\\\/iveco-bezieht-neues-ersatzteillager-in-gingen-an-der-brenz-36813\\\/#primaryimage\"},\"thumbnailUrl\":\"https:\\\/\\\/static.krafthand-truck.de\\\/uploads\\\/2023\\\/07\\\/Iveco_Group_Lager_Giengen_Gerrit_Marx.jpg\",\"keywords\":[\"Ersatzteilager\",\"Ersatzteile\",\"Gerrit Marx\",\"Iveco\"],\"articleSection\":[\"Unternehmen\"],\"inLanguage\":\"de\"},{\"@type\":\"WebPage\",\"@id\":\"https:\\\/\\\/www.krafthand.de\\\/truck\\\/artikel\\\/iveco-bezieht-neues-ersatzteillager-in-gingen-an-der-brenz-36813\\\/\",\"url\":\"https:\\\/\\\/www.krafthand.de\\\/truck\\\/artikel\\\/iveco-bezieht-neues-ersatzteillager-in-gingen-an-der-brenz-36813\\\/\",\"name\":\"IVECO bezieht neues Ersatzteillager in Gingen an der Brenz - Krafthand-Truck\",\"isPartOf\":{\"@id\":\"https:\\\/\\\/www.krafthand.de\\\/truck\\\/#website\"},\"primaryImageOfPage\":{\"@id\":\"https:\\\/\\\/www.krafthand.de\\\/truck\\\/artikel\\\/iveco-bezieht-neues-ersatzteillager-in-gingen-an-der-brenz-36813\\\/#primaryimage\"},\"image\":{\"@id\":\"https:\\\/\\\/www.krafthand.de\\\/truck\\\/artikel\\\/iveco-bezieht-neues-ersatzteillager-in-gingen-an-der-brenz-36813\\\/#primaryimage\"},\"thumbnailUrl\":\"https:\\\/\\\/static.krafthand-truck.de\\\/uploads\\\/2023\\\/07\\\/Iveco_Group_Lager_Giengen_Gerrit_Marx.jpg\",\"datePublished\":\"2023-07-18T09:15:46+00:00\",\"dateModified\":\"2023-07-18T09:18:22+00:00\",\"author\":{\"@id\":\"https:\\\/\\\/www.krafthand.de\\\/truck\\\/#\\\/schema\\\/person\\\/51fa80b1c57034c4bf63f9f988fc24ce\"},\"description\":\"Am 17. Juli 2023 fand die offizielle Schl\u00fcssel\u00fcbergabe des neuen Ersatzeillagers der Iveco Group in Giengen an der Brenz statt.\",\"breadcrumb\":{\"@id\":\"https:\\\/\\\/www.krafthand.de\\\/truck\\\/artikel\\\/iveco-bezieht-neues-ersatzteillager-in-gingen-an-der-brenz-36813\\\/#breadcrumb\"},\"inLanguage\":\"de\",\"potentialAction\":[{\"@type\":\"ReadAction\",\"target\":[\"https:\\\/\\\/www.krafthand.de\\\/truck\\\/artikel\\\/iveco-bezieht-neues-ersatzteillager-in-gingen-an-der-brenz-36813\\\/\"]}]},{\"@type\":\"ImageObject\",\"inLanguage\":\"de\",\"@id\":\"https:\\\/\\\/www.krafthand.de\\\/truck\\\/artikel\\\/iveco-bezieht-neues-ersatzteillager-in-gingen-an-der-brenz-36813\\\/#primaryimage\",\"url\":\"https:\\\/\\\/static.krafthand-truck.de\\\/uploads\\\/2023\\\/07\\\/Iveco_Group_Lager_Giengen_Gerrit_Marx.jpg\",\"contentUrl\":\"https:\\\/\\\/static.krafthand-truck.de\\\/uploads\\\/2023\\\/07\\\/Iveco_Group_Lager_Giengen_Gerrit_Marx.jpg\",\"width\":1200,\"height\":697},{\"@type\":\"BreadcrumbList\",\"@id\":\"https:\\\/\\\/www.krafthand.de\\\/truck\\\/artikel\\\/iveco-bezieht-neues-ersatzteillager-in-gingen-an-der-brenz-36813\\\/#breadcrumb\",\"itemListElement\":[{\"@type\":\"ListItem\",\"position\":1,\"name\":\"Krafthand-Truck\",\"item\":\"https:\\\/\\\/www.krafthand.de\\\/truck\\\/\"},{\"@type\":\"ListItem\",\"position\":2,\"name\":\"Nfz-Branche\",\"item\":\"https:\\\/\\\/www.krafthand.de\\\/truck\\\/kategorie\\\/branche\\\/\"},{\"@type\":\"ListItem\",\"position\":3,\"name\":\"Unternehmen\",\"item\":\"https:\\\/\\\/www.krafthand.de\\\/truck\\\/kategorie\\\/branche\\\/unternehmen\\\/\"},{\"@type\":\"ListItem\",\"position\":4,\"name\":\"IVECO bezieht neues Ersatzteillager in Gingen an der Brenz\"}]},{\"@type\":\"WebSite\",\"@id\":\"https:\\\/\\\/www.krafthand.de\\\/truck\\\/#website\",\"url\":\"https:\\\/\\\/www.krafthand.de\\\/truck\\\/\",\"name\":\"Krafthand-Truck\",\"description\":\"\",\"potentialAction\":[{\"@type\":\"SearchAction\",\"target\":{\"@type\":\"EntryPoint\",\"urlTemplate\":\"https:\\\/\\\/www.krafthand.de\\\/truck\\\/?s={search_term_string}\"},\"query-input\":{\"@type\":\"PropertyValueSpecification\",\"valueRequired\":true,\"valueName\":\"search_term_string\"}}],\"inLanguage\":\"de\"},{\"@type\":\"Person\",\"@id\":\"https:\\\/\\\/www.krafthand.de\\\/truck\\\/#\\\/schema\\\/person\\\/51fa80b1c57034c4bf63f9f988fc24ce\",\"name\":\"georg.blenk@krafthand-medien.de\",\"image\":{\"@type\":\"ImageObject\",\"inLanguage\":\"de\",\"@id\":\"https:\\\/\\\/secure.gravatar.com\\\/avatar\\\/93713c30affe0aa95d3a4130e499bb1abee2eb31adbdd9ce2aa1543538490215?s=96&d=mm&r=g\",\"url\":\"https:\\\/\\\/secure.gravatar.com\\\/avatar\\\/93713c30affe0aa95d3a4130e499bb1abee2eb31adbdd9ce2aa1543538490215?s=96&d=mm&r=g\",\"contentUrl\":\"https:\\\/\\\/secure.gravatar.com\\\/avatar\\\/93713c30affe0aa95d3a4130e499bb1abee2eb31adbdd9ce2aa1543538490215?s=96&d=mm&r=g\",\"caption\":\"georg.blenk@krafthand-medien.de\"}}]}<\/script>\n<!-- \/ Yoast SEO plugin. -->","yoast_head_json":{"title":"IVECO bezieht neues Ersatzteillager in Gingen an der Brenz - Krafthand-Truck","description":"Am 17. Juli 2023 fand die offizielle Schl\u00fcssel\u00fcbergabe des neuen Ersatzeillagers der Iveco Group in Giengen an der Brenz statt.","robots":{"index":"index","follow":"follow","max-snippet":"max-snippet:-1","max-image-preview":"max-image-preview:large","max-video-preview":"max-video-preview:-1"},"canonical":"https:\/\/www.krafthand.de\/truck\/artikel\/iveco-bezieht-neues-ersatzteillager-in-gingen-an-der-brenz-36813\/","og_locale":"de_DE","og_type":"article","og_title":"IVECO bezieht neues Ersatzteillager in Gingen an der Brenz - Krafthand-Truck","og_description":"Am 17. Juli 2023 fand die offizielle Schl\u00fcssel\u00fcbergabe des neuen Ersatzeillagers der Iveco Group in Giengen an der Brenz statt.","og_url":"https:\/\/www.krafthand-truck.de\/artikel\/iveco-bezieht-neues-ersatzteillager-in-gingen-an-der-brenz-36813\/","og_site_name":"Krafthand-Truck","article_published_time":"2023-07-18T09:15:46+00:00","article_modified_time":"2023-07-18T09:18:22+00:00","og_image":[{"width":1200,"height":697,"url":"https:\/\/static.krafthand-truck.de\/uploads\/2023\/07\/Iveco_Group_Lager_Giengen_Gerrit_Marx.jpg","type":"image\/jpeg"}],"author":"georg.blenk@krafthand-medien.de","twitter_card":"summary_large_image","twitter_misc":{"Verfasst von":"georg.blenk@krafthand-medien.de","Gesch\u00e4tzte Lesezeit":"3\u00a0Minuten"},"schema":{"@context":"https:\/\/schema.org","@graph":[{"@type":"Article","@id":"https:\/\/www.krafthand.de\/truck\/artikel\/iveco-bezieht-neues-ersatzteillager-in-gingen-an-der-brenz-36813\/#article","isPartOf":{"@id":"https:\/\/www.krafthand.de\/truck\/artikel\/iveco-bezieht-neues-ersatzteillager-in-gingen-an-der-brenz-36813\/"},"author":{"name":"georg.blenk@krafthand-medien.de","@id":"https:\/\/www.krafthand.de\/truck\/#\/schema\/person\/51fa80b1c57034c4bf63f9f988fc24ce"},"headline":"IVECO bezieht neues Ersatzteillager in Gingen an der Brenz","datePublished":"2023-07-18T09:15:46+00:00","dateModified":"2023-07-18T09:18:22+00:00","mainEntityOfPage":{"@id":"https:\/\/www.krafthand.de\/truck\/artikel\/iveco-bezieht-neues-ersatzteillager-in-gingen-an-der-brenz-36813\/"},"wordCount":396,"image":{"@id":"https:\/\/www.krafthand.de\/truck\/artikel\/iveco-bezieht-neues-ersatzteillager-in-gingen-an-der-brenz-36813\/#primaryimage"},"thumbnailUrl":"https:\/\/static.krafthand-truck.de\/uploads\/2023\/07\/Iveco_Group_Lager_Giengen_Gerrit_Marx.jpg","keywords":["Ersatzteilager","Ersatzteile","Gerrit Marx","Iveco"],"articleSection":["Unternehmen"],"inLanguage":"de"},{"@type":"WebPage","@id":"https:\/\/www.krafthand.de\/truck\/artikel\/iveco-bezieht-neues-ersatzteillager-in-gingen-an-der-brenz-36813\/","url":"https:\/\/www.krafthand.de\/truck\/artikel\/iveco-bezieht-neues-ersatzteillager-in-gingen-an-der-brenz-36813\/","name":"IVECO bezieht neues Ersatzteillager in Gingen an der Brenz - Krafthand-Truck","isPartOf":{"@id":"https:\/\/www.krafthand.de\/truck\/#website"},"primaryImageOfPage":{"@id":"https:\/\/www.krafthand.de\/truck\/artikel\/iveco-bezieht-neues-ersatzteillager-in-gingen-an-der-brenz-36813\/#primaryimage"},"image":{"@id":"https:\/\/www.krafthand.de\/truck\/artikel\/iveco-bezieht-neues-ersatzteillager-in-gingen-an-der-brenz-36813\/#primaryimage"},"thumbnailUrl":"https:\/\/static.krafthand-truck.de\/uploads\/2023\/07\/Iveco_Group_Lager_Giengen_Gerrit_Marx.jpg","datePublished":"2023-07-18T09:15:46+00:00","dateModified":"2023-07-18T09:18:22+00:00","author":{"@id":"https:\/\/www.krafthand.de\/truck\/#\/schema\/person\/51fa80b1c57034c4bf63f9f988fc24ce"},"description":"Am 17. Juli 2023 fand die offizielle Schl\u00fcssel\u00fcbergabe des neuen Ersatzeillagers der Iveco Group in Giengen an der Brenz statt.","breadcrumb":{"@id":"https:\/\/www.krafthand.de\/truck\/artikel\/iveco-bezieht-neues-ersatzteillager-in-gingen-an-der-brenz-36813\/#breadcrumb"},"inLanguage":"de","potentialAction":[{"@type":"ReadAction","target":["https:\/\/www.krafthand.de\/truck\/artikel\/iveco-bezieht-neues-ersatzteillager-in-gingen-an-der-brenz-36813\/"]}]},{"@type":"ImageObject","inLanguage":"de","@id":"https:\/\/www.krafthand.de\/truck\/artikel\/iveco-bezieht-neues-ersatzteillager-in-gingen-an-der-brenz-36813\/#primaryimage","url":"https:\/\/static.krafthand-truck.de\/uploads\/2023\/07\/Iveco_Group_Lager_Giengen_Gerrit_Marx.jpg","contentUrl":"https:\/\/static.krafthand-truck.de\/uploads\/2023\/07\/Iveco_Group_Lager_Giengen_Gerrit_Marx.jpg","width":1200,"height":697},{"@type":"BreadcrumbList","@id":"https:\/\/www.krafthand.de\/truck\/artikel\/iveco-bezieht-neues-ersatzteillager-in-gingen-an-der-brenz-36813\/#breadcrumb","itemListElement":[{"@type":"ListItem","position":1,"name":"Krafthand-Truck","item":"https:\/\/www.krafthand.de\/truck\/"},{"@type":"ListItem","position":2,"name":"Nfz-Branche","item":"https:\/\/www.krafthand.de\/truck\/kategorie\/branche\/"},{"@type":"ListItem","position":3,"name":"Unternehmen","item":"https:\/\/www.krafthand.de\/truck\/kategorie\/branche\/unternehmen\/"},{"@type":"ListItem","position":4,"name":"IVECO bezieht neues Ersatzteillager in Gingen an der Brenz"}]},{"@type":"WebSite","@id":"https:\/\/www.krafthand.de\/truck\/#website","url":"https:\/\/www.krafthand.de\/truck\/","name":"Krafthand-Truck","description":"","potentialAction":[{"@type":"SearchAction","target":{"@type":"EntryPoint","urlTemplate":"https:\/\/www.krafthand.de\/truck\/?s={search_term_string}"},"query-input":{"@type":"PropertyValueSpecification","valueRequired":true,"valueName":"search_term_string"}}],"inLanguage":"de"},{"@type":"Person","@id":"https:\/\/www.krafthand.de\/truck\/#\/schema\/person\/51fa80b1c57034c4bf63f9f988fc24ce","name":"georg.blenk@krafthand-medien.de","image":{"@type":"ImageObject","inLanguage":"de","@id":"https:\/\/secure.gravatar.com\/avatar\/93713c30affe0aa95d3a4130e499bb1abee2eb31adbdd9ce2aa1543538490215?s=96&d=mm&r=g","url":"https:\/\/secure.gravatar.com\/avatar\/93713c30affe0aa95d3a4130e499bb1abee2eb31adbdd9ce2aa1543538490215?s=96&d=mm&r=g","contentUrl":"https:\/\/secure.gravatar.com\/avatar\/93713c30affe0aa95d3a4130e499bb1abee2eb31adbdd9ce2aa1543538490215?s=96&d=mm&r=g","caption":"georg.blenk@krafthand-medien.de"}}]}},"_links":{"self":[{"href":"https:\/\/www.krafthand.de\/truck\/wp-json\/wp\/v2\/posts\/36813","targetHints":{"allow":["GET"]}}],"collection":[{"href":"https:\/\/www.krafthand.de\/truck\/wp-json\/wp\/v2\/posts"}],"about":[{"href":"https:\/\/www.krafthand.de\/truck\/wp-json\/wp\/v2\/types\/post"}],"author":[{"embeddable":true,"href":"https:\/\/www.krafthand.de\/truck\/wp-json\/wp\/v2\/users\/9"}],"replies":[{"embeddable":true,"href":"https:\/\/www.krafthand.de\/truck\/wp-json\/wp\/v2\/comments?post=36813"}],"version-history":[{"count":9,"href":"https:\/\/www.krafthand.de\/truck\/wp-json\/wp\/v2\/posts\/36813\/revisions"}],"predecessor-version":[{"id":36823,"href":"https:\/\/www.krafthand.de\/truck\/wp-json\/wp\/v2\/posts\/36813\/revisions\/36823"}],"wp:featuredmedia":[{"embeddable":true,"href":"https:\/\/www.krafthand.de\/truck\/wp-json\/wp\/v2\/media\/36814"}],"wp:attachment":[{"href":"https:\/\/www.krafthand.de\/truck\/wp-json\/wp\/v2\/media?parent=36813"}],"wp:term":[{"taxonomy":"category","embeddable":true,"href":"https:\/\/www.krafthand.de\/truck\/wp-json\/wp\/v2\/categories?post=36813"},{"taxonomy":"post_tag","embeddable":true,"href":"https:\/\/www.krafthand.de\/truck\/wp-json\/wp\/v2\/tags?post=36813"},{"taxonomy":"settings","embeddable":true,"href":"https:\/\/www.krafthand.de\/truck\/wp-json\/wp\/v2\/settings?post=36813"}],"curies":[{"name":"wp","href":"https:\/\/api.w.org\/{rel}","templated":true}]}}