{"id":36801,"date":"2023-07-13T13:46:33","date_gmt":"2023-07-13T11:46:33","guid":{"rendered":"https:\/\/www.krafthand.de\/truck\/?p=36801"},"modified":"2023-07-13T13:50:01","modified_gmt":"2023-07-13T11:50:01","slug":"bilstein-group-hochlauf-des-logistikzentrums-abgeschlossen","status":"publish","type":"post","link":"https:\/\/www.krafthand.de\/truck\/artikel\/bilstein-group-hochlauf-des-logistikzentrums-abgeschlossen-36801\/","title":{"rendered":"Bilstein Group: Hochlauf des Logistikzentrums abgeschlossen"},"content":{"rendered":"<p>Vor \u00fcber einem Jahr hat der Hochlauf des neuen Logistikzentrums der Bilstein Group in Gelsenkirchen begonnen. K\u00fcrzlich konnte der Auto- und Lkw-Ersatzteilspezialist den erfolgreichen Abschluss verk\u00fcnden.<\/p>\n<p>Seit M\u00e4rz 2022 wurden schrittweise die verschiedenen Logistikbereiche vom Wareneingang \u00fcber die Kommissionierung bis zur Konfektionierung hochgefahren. Dazu hat das weltweit agierende Unternehmen insgesamt mehr als 60.000 Paletten mit Reparaturl\u00f6sungen vom Hauptstandort in Ennepetal und aus den Au\u00dfenlagern nach Gelsenkirchen transportiert. Parallel dazu wurde neue Ware direkt am Standort im Industriepark \u201aSchalker Verein\u2018 eingelagert.<\/p>\n<blockquote><p>\u201eNach dem Bau des Logistikzentrums ist der erfolgreich abgeschlossene Hochlauf der Intralogistik der zweite gro\u00dfe Meilenstein in unserer jungen Unternehmensgeschichte in Gelsenkirchen\u201c, so Gesch\u00e4ftsf\u00fchrer Jan Siekermann. \u201eZiel war und ist es, unsere Kunden k\u00fcnftig noch besser beliefern zu k\u00f6nnen. Viele profitieren bereits jetzt von h\u00f6herer Verf\u00fcgbarkeit und einem noch besseren Logistikservice.\u201c<\/p><\/blockquote>\n<p>Im Rahmen des Hochlaufs wurden \u00fcber 40.000 Artikel umgestellt. Dank des neuen Standorts konnte die <a href=\"https:\/\/www.febi.com\" target=\"_blank\" rel=\"noopener\">Bilstein Group<\/a> zudem drei kleinere Lager bei externen Dienstleistern aufl\u00f6sen. K\u00fcnftig will das Unternehmen in Gelsenkirchen rund 250 Millionen Euro an Auftragsvolumen pro Jahr umsetzen. Parallel zum Hochlauf wurden auch zahlreiche neue Mitarbeitende eingestellt. Aktuell arbeiten 425 Menschen in Gelsenkirchen \u2013 von gewerblichen Logistikmitarbeitern, \u00fcber B\u00fcro- und IT-Fachkr\u00e4fte bis zu Mechatronikern. Laut Angaben sind weitere Einstellungen geplant.<\/p>\n<p>Mit rund 120 Millionen Euro ist das neue Logistikzentrum die gr\u00f6\u00dfte Einzelinvestition in der Geschichte der Bilstein Group.<\/p>\n<p><i>Den Beitrag finden Sie auch in der Print-Ausgabe 2-2023 der <a href=\"https:\/\/www.krafthand.de\/truck\/magazin\/\" title=\"Zum Magazin\">Krafthand-Truck<\/a>.<\/i><\/p>","protected":false},"excerpt":{"rendered":"<p>Vor \u00fcber einem Jahr hat der Hochlauf des neuen Logistikzentrums der Bilstein Group in Gelsenkirchen begonnen. K\u00fcrzlich konnte der Auto- und Lkw-Ersatzteilspezialist den erfolgreichen Abschluss verk\u00fcnden. <span class=\"excerpt-more__dots\">&#8230;<\/span> <a class=\"excerpt-more__link\" href=\"https:\/\/www.krafthand.de\/truck\/artikel\/bilstein-group-hochlauf-des-logistikzentrums-abgeschlossen-36801\/\" >weiter<\/a><\/p>\n","protected":false},"author":9,"featured_media":36802,"comment_status":"closed","ping_status":"closed","sticky":false,"template":"","format":"standard","meta":{"footnotes":""},"categories":[4235],"tags":[3124,1481,5686],"settings":[3523],"class_list":["post-36801","post","type-post","status-publish","format-standard","has-post-thumbnail","hentry","category-unternehmen","tag-bilstein","tag-febi","tag-gelsenkrichen"],"yoast_head":"<!-- This site is optimized with the Yoast SEO plugin v27.3 - https:\/\/yoast.com\/product\/yoast-seo-wordpress\/ -->\n<title>Bilstein Group: Hochlauf des Logistikzentrums abgeschlossen - Krafthand-Truck<\/title>\n<meta name=\"description\" content=\"Vor \u00fcber einem Jahr hat der Hochlauf des Logistikzentrums der Bilstein Group in Gelsenkirchen begonnen. K\u00fcrzlich konnte man den Abschluss verk\u00fcnden.\" \/>\n<meta name=\"robots\" content=\"index, follow, max-snippet:-1, max-image-preview:large, max-video-preview:-1\" \/>\n<link rel=\"canonical\" href=\"https:\/\/www.krafthand.de\/truck\/artikel\/bilstein-group-hochlauf-des-logistikzentrums-abgeschlossen-36801\/\" \/>\n<meta property=\"og:locale\" content=\"de_DE\" \/>\n<meta property=\"og:type\" content=\"article\" \/>\n<meta property=\"og:title\" content=\"Bilstein Group: Hochlauf des Logistikzentrums abgeschlossen - Krafthand-Truck\" \/>\n<meta property=\"og:description\" content=\"Vor \u00fcber einem Jahr hat der Hochlauf des Logistikzentrums der Bilstein Group in Gelsenkirchen begonnen. K\u00fcrzlich konnte man den Abschluss verk\u00fcnden.\" \/>\n<meta property=\"og:url\" content=\"https:\/\/www.krafthand-truck.de\/artikel\/bilstein-group-hochlauf-des-logistikzentrums-abgeschlossen-36801\/\" \/>\n<meta property=\"og:site_name\" content=\"Krafthand-Truck\" \/>\n<meta property=\"article:published_time\" content=\"2023-07-13T11:46:33+00:00\" \/>\n<meta property=\"article:modified_time\" content=\"2023-07-13T11:50:01+00:00\" \/>\n<meta property=\"og:image\" content=\"https:\/\/static.krafthand-truck.de\/uploads\/2023\/07\/02_2023_029.jpg\" \/>\n\t<meta property=\"og:image:width\" content=\"1400\" \/>\n\t<meta property=\"og:image:height\" content=\"787\" \/>\n\t<meta property=\"og:image:type\" content=\"image\/jpeg\" \/>\n<meta name=\"author\" content=\"georg.blenk@krafthand-medien.de\" \/>\n<meta name=\"twitter:card\" content=\"summary_large_image\" \/>\n<meta name=\"twitter:label1\" content=\"Verfasst von\" \/>\n\t<meta name=\"twitter:data1\" content=\"georg.blenk@krafthand-medien.de\" \/>\n\t<meta name=\"twitter:label2\" content=\"Gesch\u00e4tzte Lesezeit\" \/>\n\t<meta name=\"twitter:data2\" content=\"1\u00a0Minute\" \/>\n<script type=\"application\/ld+json\" class=\"yoast-schema-graph\">{\"@context\":\"https:\\\/\\\/schema.org\",\"@graph\":[{\"@type\":\"Article\",\"@id\":\"https:\\\/\\\/www.krafthand.de\\\/truck\\\/artikel\\\/bilstein-group-hochlauf-des-logistikzentrums-abgeschlossen-36801\\\/#article\",\"isPartOf\":{\"@id\":\"https:\\\/\\\/www.krafthand.de\\\/truck\\\/artikel\\\/bilstein-group-hochlauf-des-logistikzentrums-abgeschlossen-36801\\\/\"},\"author\":{\"name\":\"georg.blenk@krafthand-medien.de\",\"@id\":\"https:\\\/\\\/www.krafthand.de\\\/truck\\\/#\\\/schema\\\/person\\\/51fa80b1c57034c4bf63f9f988fc24ce\"},\"headline\":\"Bilstein Group: Hochlauf des Logistikzentrums abgeschlossen\",\"datePublished\":\"2023-07-13T11:46:33+00:00\",\"dateModified\":\"2023-07-13T11:50:01+00:00\",\"mainEntityOfPage\":{\"@id\":\"https:\\\/\\\/www.krafthand.de\\\/truck\\\/artikel\\\/bilstein-group-hochlauf-des-logistikzentrums-abgeschlossen-36801\\\/\"},\"wordCount\":237,\"image\":{\"@id\":\"https:\\\/\\\/www.krafthand.de\\\/truck\\\/artikel\\\/bilstein-group-hochlauf-des-logistikzentrums-abgeschlossen-36801\\\/#primaryimage\"},\"thumbnailUrl\":\"https:\\\/\\\/static.krafthand-truck.de\\\/uploads\\\/2023\\\/07\\\/02_2023_029.jpg\",\"keywords\":[\"Bilstein\",\"Febi\",\"Gelsenkrichen\"],\"articleSection\":[\"Unternehmen\"],\"inLanguage\":\"de\"},{\"@type\":\"WebPage\",\"@id\":\"https:\\\/\\\/www.krafthand.de\\\/truck\\\/artikel\\\/bilstein-group-hochlauf-des-logistikzentrums-abgeschlossen-36801\\\/\",\"url\":\"https:\\\/\\\/www.krafthand.de\\\/truck\\\/artikel\\\/bilstein-group-hochlauf-des-logistikzentrums-abgeschlossen-36801\\\/\",\"name\":\"Bilstein Group: Hochlauf des Logistikzentrums abgeschlossen - Krafthand-Truck\",\"isPartOf\":{\"@id\":\"https:\\\/\\\/www.krafthand.de\\\/truck\\\/#website\"},\"primaryImageOfPage\":{\"@id\":\"https:\\\/\\\/www.krafthand.de\\\/truck\\\/artikel\\\/bilstein-group-hochlauf-des-logistikzentrums-abgeschlossen-36801\\\/#primaryimage\"},\"image\":{\"@id\":\"https:\\\/\\\/www.krafthand.de\\\/truck\\\/artikel\\\/bilstein-group-hochlauf-des-logistikzentrums-abgeschlossen-36801\\\/#primaryimage\"},\"thumbnailUrl\":\"https:\\\/\\\/static.krafthand-truck.de\\\/uploads\\\/2023\\\/07\\\/02_2023_029.jpg\",\"datePublished\":\"2023-07-13T11:46:33+00:00\",\"dateModified\":\"2023-07-13T11:50:01+00:00\",\"author\":{\"@id\":\"https:\\\/\\\/www.krafthand.de\\\/truck\\\/#\\\/schema\\\/person\\\/51fa80b1c57034c4bf63f9f988fc24ce\"},\"description\":\"Vor \u00fcber einem Jahr hat der Hochlauf des Logistikzentrums der Bilstein Group in Gelsenkirchen begonnen. K\u00fcrzlich konnte man den Abschluss verk\u00fcnden.\",\"breadcrumb\":{\"@id\":\"https:\\\/\\\/www.krafthand.de\\\/truck\\\/artikel\\\/bilstein-group-hochlauf-des-logistikzentrums-abgeschlossen-36801\\\/#breadcrumb\"},\"inLanguage\":\"de\",\"potentialAction\":[{\"@type\":\"ReadAction\",\"target\":[\"https:\\\/\\\/www.krafthand.de\\\/truck\\\/artikel\\\/bilstein-group-hochlauf-des-logistikzentrums-abgeschlossen-36801\\\/\"]}]},{\"@type\":\"ImageObject\",\"inLanguage\":\"de\",\"@id\":\"https:\\\/\\\/www.krafthand.de\\\/truck\\\/artikel\\\/bilstein-group-hochlauf-des-logistikzentrums-abgeschlossen-36801\\\/#primaryimage\",\"url\":\"https:\\\/\\\/static.krafthand-truck.de\\\/uploads\\\/2023\\\/07\\\/02_2023_029.jpg\",\"contentUrl\":\"https:\\\/\\\/static.krafthand-truck.de\\\/uploads\\\/2023\\\/07\\\/02_2023_029.jpg\",\"width\":1400,\"height\":787},{\"@type\":\"BreadcrumbList\",\"@id\":\"https:\\\/\\\/www.krafthand.de\\\/truck\\\/artikel\\\/bilstein-group-hochlauf-des-logistikzentrums-abgeschlossen-36801\\\/#breadcrumb\",\"itemListElement\":[{\"@type\":\"ListItem\",\"position\":1,\"name\":\"Krafthand-Truck\",\"item\":\"https:\\\/\\\/www.krafthand.de\\\/truck\\\/\"},{\"@type\":\"ListItem\",\"position\":2,\"name\":\"Nfz-Branche\",\"item\":\"https:\\\/\\\/www.krafthand.de\\\/truck\\\/kategorie\\\/branche\\\/\"},{\"@type\":\"ListItem\",\"position\":3,\"name\":\"Unternehmen\",\"item\":\"https:\\\/\\\/www.krafthand.de\\\/truck\\\/kategorie\\\/branche\\\/unternehmen\\\/\"},{\"@type\":\"ListItem\",\"position\":4,\"name\":\"Bilstein Group: Hochlauf des Logistikzentrums abgeschlossen\"}]},{\"@type\":\"WebSite\",\"@id\":\"https:\\\/\\\/www.krafthand.de\\\/truck\\\/#website\",\"url\":\"https:\\\/\\\/www.krafthand.de\\\/truck\\\/\",\"name\":\"Krafthand-Truck\",\"description\":\"\",\"potentialAction\":[{\"@type\":\"SearchAction\",\"target\":{\"@type\":\"EntryPoint\",\"urlTemplate\":\"https:\\\/\\\/www.krafthand.de\\\/truck\\\/?s={search_term_string}\"},\"query-input\":{\"@type\":\"PropertyValueSpecification\",\"valueRequired\":true,\"valueName\":\"search_term_string\"}}],\"inLanguage\":\"de\"},{\"@type\":\"Person\",\"@id\":\"https:\\\/\\\/www.krafthand.de\\\/truck\\\/#\\\/schema\\\/person\\\/51fa80b1c57034c4bf63f9f988fc24ce\",\"name\":\"georg.blenk@krafthand-medien.de\",\"image\":{\"@type\":\"ImageObject\",\"inLanguage\":\"de\",\"@id\":\"https:\\\/\\\/secure.gravatar.com\\\/avatar\\\/93713c30affe0aa95d3a4130e499bb1abee2eb31adbdd9ce2aa1543538490215?s=96&d=mm&r=g\",\"url\":\"https:\\\/\\\/secure.gravatar.com\\\/avatar\\\/93713c30affe0aa95d3a4130e499bb1abee2eb31adbdd9ce2aa1543538490215?s=96&d=mm&r=g\",\"contentUrl\":\"https:\\\/\\\/secure.gravatar.com\\\/avatar\\\/93713c30affe0aa95d3a4130e499bb1abee2eb31adbdd9ce2aa1543538490215?s=96&d=mm&r=g\",\"caption\":\"georg.blenk@krafthand-medien.de\"}}]}<\/script>\n<!-- \/ Yoast SEO plugin. -->","yoast_head_json":{"title":"Bilstein Group: Hochlauf des Logistikzentrums abgeschlossen - Krafthand-Truck","description":"Vor \u00fcber einem Jahr hat der Hochlauf des Logistikzentrums der Bilstein Group in Gelsenkirchen begonnen. K\u00fcrzlich konnte man den Abschluss verk\u00fcnden.","robots":{"index":"index","follow":"follow","max-snippet":"max-snippet:-1","max-image-preview":"max-image-preview:large","max-video-preview":"max-video-preview:-1"},"canonical":"https:\/\/www.krafthand.de\/truck\/artikel\/bilstein-group-hochlauf-des-logistikzentrums-abgeschlossen-36801\/","og_locale":"de_DE","og_type":"article","og_title":"Bilstein Group: Hochlauf des Logistikzentrums abgeschlossen - Krafthand-Truck","og_description":"Vor \u00fcber einem Jahr hat der Hochlauf des Logistikzentrums der Bilstein Group in Gelsenkirchen begonnen. K\u00fcrzlich konnte man den Abschluss verk\u00fcnden.","og_url":"https:\/\/www.krafthand-truck.de\/artikel\/bilstein-group-hochlauf-des-logistikzentrums-abgeschlossen-36801\/","og_site_name":"Krafthand-Truck","article_published_time":"2023-07-13T11:46:33+00:00","article_modified_time":"2023-07-13T11:50:01+00:00","og_image":[{"width":1400,"height":787,"url":"https:\/\/static.krafthand-truck.de\/uploads\/2023\/07\/02_2023_029.jpg","type":"image\/jpeg"}],"author":"georg.blenk@krafthand-medien.de","twitter_card":"summary_large_image","twitter_misc":{"Verfasst von":"georg.blenk@krafthand-medien.de","Gesch\u00e4tzte Lesezeit":"1\u00a0Minute"},"schema":{"@context":"https:\/\/schema.org","@graph":[{"@type":"Article","@id":"https:\/\/www.krafthand.de\/truck\/artikel\/bilstein-group-hochlauf-des-logistikzentrums-abgeschlossen-36801\/#article","isPartOf":{"@id":"https:\/\/www.krafthand.de\/truck\/artikel\/bilstein-group-hochlauf-des-logistikzentrums-abgeschlossen-36801\/"},"author":{"name":"georg.blenk@krafthand-medien.de","@id":"https:\/\/www.krafthand.de\/truck\/#\/schema\/person\/51fa80b1c57034c4bf63f9f988fc24ce"},"headline":"Bilstein Group: Hochlauf des Logistikzentrums abgeschlossen","datePublished":"2023-07-13T11:46:33+00:00","dateModified":"2023-07-13T11:50:01+00:00","mainEntityOfPage":{"@id":"https:\/\/www.krafthand.de\/truck\/artikel\/bilstein-group-hochlauf-des-logistikzentrums-abgeschlossen-36801\/"},"wordCount":237,"image":{"@id":"https:\/\/www.krafthand.de\/truck\/artikel\/bilstein-group-hochlauf-des-logistikzentrums-abgeschlossen-36801\/#primaryimage"},"thumbnailUrl":"https:\/\/static.krafthand-truck.de\/uploads\/2023\/07\/02_2023_029.jpg","keywords":["Bilstein","Febi","Gelsenkrichen"],"articleSection":["Unternehmen"],"inLanguage":"de"},{"@type":"WebPage","@id":"https:\/\/www.krafthand.de\/truck\/artikel\/bilstein-group-hochlauf-des-logistikzentrums-abgeschlossen-36801\/","url":"https:\/\/www.krafthand.de\/truck\/artikel\/bilstein-group-hochlauf-des-logistikzentrums-abgeschlossen-36801\/","name":"Bilstein Group: Hochlauf des Logistikzentrums abgeschlossen - Krafthand-Truck","isPartOf":{"@id":"https:\/\/www.krafthand.de\/truck\/#website"},"primaryImageOfPage":{"@id":"https:\/\/www.krafthand.de\/truck\/artikel\/bilstein-group-hochlauf-des-logistikzentrums-abgeschlossen-36801\/#primaryimage"},"image":{"@id":"https:\/\/www.krafthand.de\/truck\/artikel\/bilstein-group-hochlauf-des-logistikzentrums-abgeschlossen-36801\/#primaryimage"},"thumbnailUrl":"https:\/\/static.krafthand-truck.de\/uploads\/2023\/07\/02_2023_029.jpg","datePublished":"2023-07-13T11:46:33+00:00","dateModified":"2023-07-13T11:50:01+00:00","author":{"@id":"https:\/\/www.krafthand.de\/truck\/#\/schema\/person\/51fa80b1c57034c4bf63f9f988fc24ce"},"description":"Vor \u00fcber einem Jahr hat der Hochlauf des Logistikzentrums der Bilstein Group in Gelsenkirchen begonnen. K\u00fcrzlich konnte man den Abschluss verk\u00fcnden.","breadcrumb":{"@id":"https:\/\/www.krafthand.de\/truck\/artikel\/bilstein-group-hochlauf-des-logistikzentrums-abgeschlossen-36801\/#breadcrumb"},"inLanguage":"de","potentialAction":[{"@type":"ReadAction","target":["https:\/\/www.krafthand.de\/truck\/artikel\/bilstein-group-hochlauf-des-logistikzentrums-abgeschlossen-36801\/"]}]},{"@type":"ImageObject","inLanguage":"de","@id":"https:\/\/www.krafthand.de\/truck\/artikel\/bilstein-group-hochlauf-des-logistikzentrums-abgeschlossen-36801\/#primaryimage","url":"https:\/\/static.krafthand-truck.de\/uploads\/2023\/07\/02_2023_029.jpg","contentUrl":"https:\/\/static.krafthand-truck.de\/uploads\/2023\/07\/02_2023_029.jpg","width":1400,"height":787},{"@type":"BreadcrumbList","@id":"https:\/\/www.krafthand.de\/truck\/artikel\/bilstein-group-hochlauf-des-logistikzentrums-abgeschlossen-36801\/#breadcrumb","itemListElement":[{"@type":"ListItem","position":1,"name":"Krafthand-Truck","item":"https:\/\/www.krafthand.de\/truck\/"},{"@type":"ListItem","position":2,"name":"Nfz-Branche","item":"https:\/\/www.krafthand.de\/truck\/kategorie\/branche\/"},{"@type":"ListItem","position":3,"name":"Unternehmen","item":"https:\/\/www.krafthand.de\/truck\/kategorie\/branche\/unternehmen\/"},{"@type":"ListItem","position":4,"name":"Bilstein Group: Hochlauf des Logistikzentrums abgeschlossen"}]},{"@type":"WebSite","@id":"https:\/\/www.krafthand.de\/truck\/#website","url":"https:\/\/www.krafthand.de\/truck\/","name":"Krafthand-Truck","description":"","potentialAction":[{"@type":"SearchAction","target":{"@type":"EntryPoint","urlTemplate":"https:\/\/www.krafthand.de\/truck\/?s={search_term_string}"},"query-input":{"@type":"PropertyValueSpecification","valueRequired":true,"valueName":"search_term_string"}}],"inLanguage":"de"},{"@type":"Person","@id":"https:\/\/www.krafthand.de\/truck\/#\/schema\/person\/51fa80b1c57034c4bf63f9f988fc24ce","name":"georg.blenk@krafthand-medien.de","image":{"@type":"ImageObject","inLanguage":"de","@id":"https:\/\/secure.gravatar.com\/avatar\/93713c30affe0aa95d3a4130e499bb1abee2eb31adbdd9ce2aa1543538490215?s=96&d=mm&r=g","url":"https:\/\/secure.gravatar.com\/avatar\/93713c30affe0aa95d3a4130e499bb1abee2eb31adbdd9ce2aa1543538490215?s=96&d=mm&r=g","contentUrl":"https:\/\/secure.gravatar.com\/avatar\/93713c30affe0aa95d3a4130e499bb1abee2eb31adbdd9ce2aa1543538490215?s=96&d=mm&r=g","caption":"georg.blenk@krafthand-medien.de"}}]}},"_links":{"self":[{"href":"https:\/\/www.krafthand.de\/truck\/wp-json\/wp\/v2\/posts\/36801","targetHints":{"allow":["GET"]}}],"collection":[{"href":"https:\/\/www.krafthand.de\/truck\/wp-json\/wp\/v2\/posts"}],"about":[{"href":"https:\/\/www.krafthand.de\/truck\/wp-json\/wp\/v2\/types\/post"}],"author":[{"embeddable":true,"href":"https:\/\/www.krafthand.de\/truck\/wp-json\/wp\/v2\/users\/9"}],"replies":[{"embeddable":true,"href":"https:\/\/www.krafthand.de\/truck\/wp-json\/wp\/v2\/comments?post=36801"}],"version-history":[{"count":2,"href":"https:\/\/www.krafthand.de\/truck\/wp-json\/wp\/v2\/posts\/36801\/revisions"}],"predecessor-version":[{"id":36804,"href":"https:\/\/www.krafthand.de\/truck\/wp-json\/wp\/v2\/posts\/36801\/revisions\/36804"}],"wp:featuredmedia":[{"embeddable":true,"href":"https:\/\/www.krafthand.de\/truck\/wp-json\/wp\/v2\/media\/36802"}],"wp:attachment":[{"href":"https:\/\/www.krafthand.de\/truck\/wp-json\/wp\/v2\/media?parent=36801"}],"wp:term":[{"taxonomy":"category","embeddable":true,"href":"https:\/\/www.krafthand.de\/truck\/wp-json\/wp\/v2\/categories?post=36801"},{"taxonomy":"post_tag","embeddable":true,"href":"https:\/\/www.krafthand.de\/truck\/wp-json\/wp\/v2\/tags?post=36801"},{"taxonomy":"settings","embeddable":true,"href":"https:\/\/www.krafthand.de\/truck\/wp-json\/wp\/v2\/settings?post=36801"}],"curies":[{"name":"wp","href":"https:\/\/api.w.org\/{rel}","templated":true}]}}