{"id":36739,"date":"2023-07-10T12:06:52","date_gmt":"2023-07-10T10:06:52","guid":{"rendered":"https:\/\/www.krafthand.de\/truck\/?p=36739"},"modified":"2023-07-10T12:15:58","modified_gmt":"2023-07-10T10:15:58","slug":"prometeon-haendlernetzwerk-supertruck-waechst-weiter","status":"publish","type":"post","link":"https:\/\/www.krafthand.de\/truck\/artikel\/prometeon-haendlernetzwerk-supertruck-waechst-weiter-36739\/","title":{"rendered":"Prometeon-H\u00e4ndlernetzwerk &#8218;SuperTruck&#8216; w\u00e4chst weiter"},"content":{"rendered":"<p>Das neue H\u00e4ndlernetzwerk der <a href=\"https:\/\/www.prometeon.com\/DE\/de_DE\" target=\"_blank\" rel=\"noopener\">Prometeon Tyre Group<\/a> &#8218;SuperTruck&#8216;, das auf der Fachmesse Transport+Logistik im Mai in M\u00fcnchen vorgestellt wurde, w\u00e4chst weiter. Die erste internationale Tagung in Parma (Italien), mit H\u00e4ndlern aus Deutschland, der Schweiz, \u00d6sterreich, Italien, Polen, Griechenland, dem Vereinigten K\u00f6nigreich, Spanien und Belgien best\u00e4tigte jetzt laut Prometeon den erfolgreichen Wachstumskurs.<\/p>\n<p>Die SuperTruck-Convention bot die Gelegenheit, sich \u00fcber die aktuellen und zuk\u00fcnftigen Strategien von Prometeon, die Neuheiten der <a href=\"https:\/\/www.prometeon.com\/DE\/de_DE\/products\/find\" target=\"_blank\" rel=\"noopener\">Reifen-Serie 02<\/a>, die neuen Marketingaktivit\u00e4ten zur F\u00f6rderung der Marke Prometeon und des Gesch\u00e4fts des Netzwerks sowie die Ausweitung des SuperTruck-Projekts in Europa auszutauschen. Aktuell gibt es 34 SuperTruck-Partner, unter anderem in Italien, Polen, Griechenland, Zypern, dem Vereinigten K\u00f6nigreich, Spanien und Portugal.\u00a0 Prometeon ist gerade dabei das H\u00e4ndlernetzwerk auch in Deutschland und der Schweiz auszurollen.<\/p>\n<blockquote><p>&#8222;Mit diesem 1. internationalen Kongress wollten wir zeigen, dass wir fest an eine privilegierte Beziehung zu unseren Kunden glauben. Aus diesem Grund hat das Projekt &#8218;SuperTruck&#8216; und die Entwicklung von nutzwertigen Dienstleistungen f\u00fcr die Nfz-Reifenbranche f\u00fcr uns eine gro\u00dfe Bedeutung&#8220;, so Francesco Antonacci, CEO der Region Europa.<\/p><\/blockquote>\n<h3>Das H\u00e4ndlernetzwerk<\/h3>\n<p>SuperTruck ist ein Netzwerk von unabh\u00e4ngigen Nutzfahrzeug-Reifen-H\u00e4ndlern, die sich auf den Lkw- und Bussektor spezialisiert haben. Das Netzwerk bietet den H\u00e4ndlern eine breite Palette von Dienstleistungen und Produkten an. Die Prometeon Tyre Group stellt das technologische Know-how in Bezug auf die Entwicklung von Nutzfahrzeugreifen zur Verf\u00fcgung.<br \/>\nZu den Services geh\u00f6ren das Reifen-Inspektions- und \u00dcberwachnung-System PRO Check, das zentrale Abrechnungssystem PRO Management, sowie der Pannenservice PRO Time (24\/7 Pannenhilfe, inklusive\u00a0 Service). Das exklusive Schulungsprogramm PRO Campus f\u00fcr Netzwerkpartner liefert\u00a0 Schulungen und Trainings zur Reifentechnologie, Wartung, Inspektion, \u00dcberwachung und Leistungsanalyse an.<br \/>\nHinzu kommt das Dienstleistungsangebot Prometeon Fleet Fit. Es umfasst feste monatliche Kosten, eine im Voraus festgelegte Anzahl von Reifen und Eins\u00e4tzen pro Jahr, ein plattformgest\u00fctztes Management und die Kontrolle der Eins\u00e4tze f\u00fcr einen Rundum-Service, der die Kosten und vor allem den Verwaltungsaufwand des Reifenmanagements von Flotten reduzieren soll.<\/p>\n<blockquote><p>&#8222;SuperTruck st\u00fctzt sich auf die engen Beziehungen zu Prometeon sowie auf starke Synergien und Kooperationen zwischen Hersteller, Reifenh\u00e4ndler und den H\u00e4ndlern selbst&#8220;, so Andrea Bottini, Leiter SuperTruck und Services Europa.<\/p><\/blockquote>\n<p>&nbsp;<\/p>\n","protected":false},"excerpt":{"rendered":"<p>Das neue H\u00e4ndlernetzwerk der Prometeon Tyre Group &#8218;SuperTruck&#8216;, das auf der Fachmesse Transport+Logistik im Mai in M\u00fcnchen vorgestellt wurde, w\u00e4chst weiter. Auf der ersten internationalen Tagung in Parma (Italien) best\u00e4tigte Prometeon den erfolgreichen Wachstumskurs. <span class=\"excerpt-more__dots\">&#8230;<\/span> <a class=\"excerpt-more__link\" href=\"https:\/\/www.krafthand.de\/truck\/artikel\/prometeon-haendlernetzwerk-supertruck-waechst-weiter-36739\/\" >weiter<\/a><\/p>\n","protected":false},"author":9,"featured_media":36753,"comment_status":"closed","ping_status":"closed","sticky":false,"template":"","format":"standard","meta":{"footnotes":""},"categories":[4227,4235],"tags":[1258,5158,99,5682],"settings":[4766,3523],"class_list":["post-36739","post","type-post","status-publish","format-standard","has-post-thumbnail","hentry","category-rad-reifen-bremse","category-unternehmen","tag-pirelli","tag-prometeon","tag-reifen","tag-super-truck"],"yoast_head":"<!-- This site is optimized with the Yoast SEO plugin v27.3 - https:\/\/yoast.com\/product\/yoast-seo-wordpress\/ -->\n<title>Prometeon-H\u00e4ndlernetzwerk &#039;SuperTruck&#039; w\u00e4chst weiter - Krafthand-Truck<\/title>\n<meta name=\"description\" content=\"Das H\u00e4ndlernetzwerk der Prometeon Tyre Group, &#039;SuperTruck&#039;, das auf der Transport+Logistik im Mai in M\u00fcnchen vorgestellt wurde, w\u00e4chst weiter.\" \/>\n<meta name=\"robots\" content=\"index, follow, max-snippet:-1, max-image-preview:large, max-video-preview:-1\" \/>\n<link rel=\"canonical\" href=\"https:\/\/www.krafthand.de\/truck\/artikel\/prometeon-haendlernetzwerk-supertruck-waechst-weiter-36739\/\" \/>\n<meta property=\"og:locale\" content=\"de_DE\" \/>\n<meta property=\"og:type\" content=\"article\" \/>\n<meta property=\"og:title\" content=\"Prometeon-H\u00e4ndlernetzwerk &#039;SuperTruck&#039; w\u00e4chst weiter - Krafthand-Truck\" \/>\n<meta property=\"og:description\" content=\"Das H\u00e4ndlernetzwerk der Prometeon Tyre Group, &#039;SuperTruck&#039;, das auf der Transport+Logistik im Mai in M\u00fcnchen vorgestellt wurde, w\u00e4chst weiter.\" \/>\n<meta property=\"og:url\" content=\"https:\/\/www.krafthand-truck.de\/artikel\/prometeon-haendlernetzwerk-supertruck-waechst-weiter-36739\/\" \/>\n<meta property=\"og:site_name\" content=\"Krafthand-Truck\" \/>\n<meta property=\"article:published_time\" content=\"2023-07-10T10:06:52+00:00\" \/>\n<meta property=\"article:modified_time\" content=\"2023-07-10T10:15:58+00:00\" \/>\n<meta property=\"og:image\" content=\"https:\/\/static.krafthand-truck.de\/uploads\/2023\/07\/Prometeon_SuperTruck_Convention_2023_Parma.jpg\" \/>\n\t<meta property=\"og:image:width\" content=\"1200\" \/>\n\t<meta property=\"og:image:height\" content=\"800\" \/>\n\t<meta property=\"og:image:type\" content=\"image\/jpeg\" \/>\n<meta name=\"author\" content=\"georg.blenk@krafthand-medien.de\" \/>\n<meta name=\"twitter:card\" content=\"summary_large_image\" \/>\n<meta name=\"twitter:label1\" content=\"Verfasst von\" \/>\n\t<meta name=\"twitter:data1\" content=\"georg.blenk@krafthand-medien.de\" \/>\n\t<meta name=\"twitter:label2\" content=\"Gesch\u00e4tzte Lesezeit\" \/>\n\t<meta name=\"twitter:data2\" content=\"2\u00a0Minuten\" \/>\n<script type=\"application\/ld+json\" class=\"yoast-schema-graph\">{\"@context\":\"https:\\\/\\\/schema.org\",\"@graph\":[{\"@type\":\"Article\",\"@id\":\"https:\\\/\\\/www.krafthand.de\\\/truck\\\/artikel\\\/prometeon-haendlernetzwerk-supertruck-waechst-weiter-36739\\\/#article\",\"isPartOf\":{\"@id\":\"https:\\\/\\\/www.krafthand.de\\\/truck\\\/artikel\\\/prometeon-haendlernetzwerk-supertruck-waechst-weiter-36739\\\/\"},\"author\":{\"name\":\"georg.blenk@krafthand-medien.de\",\"@id\":\"https:\\\/\\\/www.krafthand.de\\\/truck\\\/#\\\/schema\\\/person\\\/51fa80b1c57034c4bf63f9f988fc24ce\"},\"headline\":\"Prometeon-H\u00e4ndlernetzwerk &#8218;SuperTruck&#8216; w\u00e4chst weiter\",\"datePublished\":\"2023-07-10T10:06:52+00:00\",\"dateModified\":\"2023-07-10T10:15:58+00:00\",\"mainEntityOfPage\":{\"@id\":\"https:\\\/\\\/www.krafthand.de\\\/truck\\\/artikel\\\/prometeon-haendlernetzwerk-supertruck-waechst-weiter-36739\\\/\"},\"wordCount\":371,\"image\":{\"@id\":\"https:\\\/\\\/www.krafthand.de\\\/truck\\\/artikel\\\/prometeon-haendlernetzwerk-supertruck-waechst-weiter-36739\\\/#primaryimage\"},\"thumbnailUrl\":\"https:\\\/\\\/static.krafthand-truck.de\\\/uploads\\\/2023\\\/07\\\/Prometeon_SuperTruck_Convention_2023_Parma.jpg\",\"keywords\":[\"Pirelli\",\"Prometeon\",\"Reifen\",\"Super-Truck\"],\"articleSection\":[\"Rad\\\/Reifen\\\/Bremse\",\"Unternehmen\"],\"inLanguage\":\"de\"},{\"@type\":\"WebPage\",\"@id\":\"https:\\\/\\\/www.krafthand.de\\\/truck\\\/artikel\\\/prometeon-haendlernetzwerk-supertruck-waechst-weiter-36739\\\/\",\"url\":\"https:\\\/\\\/www.krafthand.de\\\/truck\\\/artikel\\\/prometeon-haendlernetzwerk-supertruck-waechst-weiter-36739\\\/\",\"name\":\"Prometeon-H\u00e4ndlernetzwerk 'SuperTruck' w\u00e4chst weiter - Krafthand-Truck\",\"isPartOf\":{\"@id\":\"https:\\\/\\\/www.krafthand.de\\\/truck\\\/#website\"},\"primaryImageOfPage\":{\"@id\":\"https:\\\/\\\/www.krafthand.de\\\/truck\\\/artikel\\\/prometeon-haendlernetzwerk-supertruck-waechst-weiter-36739\\\/#primaryimage\"},\"image\":{\"@id\":\"https:\\\/\\\/www.krafthand.de\\\/truck\\\/artikel\\\/prometeon-haendlernetzwerk-supertruck-waechst-weiter-36739\\\/#primaryimage\"},\"thumbnailUrl\":\"https:\\\/\\\/static.krafthand-truck.de\\\/uploads\\\/2023\\\/07\\\/Prometeon_SuperTruck_Convention_2023_Parma.jpg\",\"datePublished\":\"2023-07-10T10:06:52+00:00\",\"dateModified\":\"2023-07-10T10:15:58+00:00\",\"author\":{\"@id\":\"https:\\\/\\\/www.krafthand.de\\\/truck\\\/#\\\/schema\\\/person\\\/51fa80b1c57034c4bf63f9f988fc24ce\"},\"description\":\"Das H\u00e4ndlernetzwerk der Prometeon Tyre Group, 'SuperTruck', das auf der Transport+Logistik im Mai in M\u00fcnchen vorgestellt wurde, w\u00e4chst weiter.\",\"breadcrumb\":{\"@id\":\"https:\\\/\\\/www.krafthand.de\\\/truck\\\/artikel\\\/prometeon-haendlernetzwerk-supertruck-waechst-weiter-36739\\\/#breadcrumb\"},\"inLanguage\":\"de\",\"potentialAction\":[{\"@type\":\"ReadAction\",\"target\":[\"https:\\\/\\\/www.krafthand.de\\\/truck\\\/artikel\\\/prometeon-haendlernetzwerk-supertruck-waechst-weiter-36739\\\/\"]}]},{\"@type\":\"ImageObject\",\"inLanguage\":\"de\",\"@id\":\"https:\\\/\\\/www.krafthand.de\\\/truck\\\/artikel\\\/prometeon-haendlernetzwerk-supertruck-waechst-weiter-36739\\\/#primaryimage\",\"url\":\"https:\\\/\\\/static.krafthand-truck.de\\\/uploads\\\/2023\\\/07\\\/Prometeon_SuperTruck_Convention_2023_Parma.jpg\",\"contentUrl\":\"https:\\\/\\\/static.krafthand-truck.de\\\/uploads\\\/2023\\\/07\\\/Prometeon_SuperTruck_Convention_2023_Parma.jpg\",\"width\":1200,\"height\":800},{\"@type\":\"BreadcrumbList\",\"@id\":\"https:\\\/\\\/www.krafthand.de\\\/truck\\\/artikel\\\/prometeon-haendlernetzwerk-supertruck-waechst-weiter-36739\\\/#breadcrumb\",\"itemListElement\":[{\"@type\":\"ListItem\",\"position\":1,\"name\":\"Krafthand-Truck\",\"item\":\"https:\\\/\\\/www.krafthand.de\\\/truck\\\/\"},{\"@type\":\"ListItem\",\"position\":2,\"name\":\"Nfz-Branche\",\"item\":\"https:\\\/\\\/www.krafthand.de\\\/truck\\\/kategorie\\\/branche\\\/\"},{\"@type\":\"ListItem\",\"position\":3,\"name\":\"Unternehmen\",\"item\":\"https:\\\/\\\/www.krafthand.de\\\/truck\\\/kategorie\\\/branche\\\/unternehmen\\\/\"},{\"@type\":\"ListItem\",\"position\":4,\"name\":\"Prometeon-H\u00e4ndlernetzwerk &#8218;SuperTruck&#8216; w\u00e4chst weiter\"}]},{\"@type\":\"WebSite\",\"@id\":\"https:\\\/\\\/www.krafthand.de\\\/truck\\\/#website\",\"url\":\"https:\\\/\\\/www.krafthand.de\\\/truck\\\/\",\"name\":\"Krafthand-Truck\",\"description\":\"\",\"potentialAction\":[{\"@type\":\"SearchAction\",\"target\":{\"@type\":\"EntryPoint\",\"urlTemplate\":\"https:\\\/\\\/www.krafthand.de\\\/truck\\\/?s={search_term_string}\"},\"query-input\":{\"@type\":\"PropertyValueSpecification\",\"valueRequired\":true,\"valueName\":\"search_term_string\"}}],\"inLanguage\":\"de\"},{\"@type\":\"Person\",\"@id\":\"https:\\\/\\\/www.krafthand.de\\\/truck\\\/#\\\/schema\\\/person\\\/51fa80b1c57034c4bf63f9f988fc24ce\",\"name\":\"georg.blenk@krafthand-medien.de\",\"image\":{\"@type\":\"ImageObject\",\"inLanguage\":\"de\",\"@id\":\"https:\\\/\\\/secure.gravatar.com\\\/avatar\\\/93713c30affe0aa95d3a4130e499bb1abee2eb31adbdd9ce2aa1543538490215?s=96&d=mm&r=g\",\"url\":\"https:\\\/\\\/secure.gravatar.com\\\/avatar\\\/93713c30affe0aa95d3a4130e499bb1abee2eb31adbdd9ce2aa1543538490215?s=96&d=mm&r=g\",\"contentUrl\":\"https:\\\/\\\/secure.gravatar.com\\\/avatar\\\/93713c30affe0aa95d3a4130e499bb1abee2eb31adbdd9ce2aa1543538490215?s=96&d=mm&r=g\",\"caption\":\"georg.blenk@krafthand-medien.de\"}}]}<\/script>\n<!-- \/ Yoast SEO plugin. -->","yoast_head_json":{"title":"Prometeon-H\u00e4ndlernetzwerk 'SuperTruck' w\u00e4chst weiter - Krafthand-Truck","description":"Das H\u00e4ndlernetzwerk der Prometeon Tyre Group, 'SuperTruck', das auf der Transport+Logistik im Mai in M\u00fcnchen vorgestellt wurde, w\u00e4chst weiter.","robots":{"index":"index","follow":"follow","max-snippet":"max-snippet:-1","max-image-preview":"max-image-preview:large","max-video-preview":"max-video-preview:-1"},"canonical":"https:\/\/www.krafthand.de\/truck\/artikel\/prometeon-haendlernetzwerk-supertruck-waechst-weiter-36739\/","og_locale":"de_DE","og_type":"article","og_title":"Prometeon-H\u00e4ndlernetzwerk 'SuperTruck' w\u00e4chst weiter - Krafthand-Truck","og_description":"Das H\u00e4ndlernetzwerk der Prometeon Tyre Group, 'SuperTruck', das auf der Transport+Logistik im Mai in M\u00fcnchen vorgestellt wurde, w\u00e4chst weiter.","og_url":"https:\/\/www.krafthand-truck.de\/artikel\/prometeon-haendlernetzwerk-supertruck-waechst-weiter-36739\/","og_site_name":"Krafthand-Truck","article_published_time":"2023-07-10T10:06:52+00:00","article_modified_time":"2023-07-10T10:15:58+00:00","og_image":[{"width":1200,"height":800,"url":"https:\/\/static.krafthand-truck.de\/uploads\/2023\/07\/Prometeon_SuperTruck_Convention_2023_Parma.jpg","type":"image\/jpeg"}],"author":"georg.blenk@krafthand-medien.de","twitter_card":"summary_large_image","twitter_misc":{"Verfasst von":"georg.blenk@krafthand-medien.de","Gesch\u00e4tzte Lesezeit":"2\u00a0Minuten"},"schema":{"@context":"https:\/\/schema.org","@graph":[{"@type":"Article","@id":"https:\/\/www.krafthand.de\/truck\/artikel\/prometeon-haendlernetzwerk-supertruck-waechst-weiter-36739\/#article","isPartOf":{"@id":"https:\/\/www.krafthand.de\/truck\/artikel\/prometeon-haendlernetzwerk-supertruck-waechst-weiter-36739\/"},"author":{"name":"georg.blenk@krafthand-medien.de","@id":"https:\/\/www.krafthand.de\/truck\/#\/schema\/person\/51fa80b1c57034c4bf63f9f988fc24ce"},"headline":"Prometeon-H\u00e4ndlernetzwerk &#8218;SuperTruck&#8216; w\u00e4chst weiter","datePublished":"2023-07-10T10:06:52+00:00","dateModified":"2023-07-10T10:15:58+00:00","mainEntityOfPage":{"@id":"https:\/\/www.krafthand.de\/truck\/artikel\/prometeon-haendlernetzwerk-supertruck-waechst-weiter-36739\/"},"wordCount":371,"image":{"@id":"https:\/\/www.krafthand.de\/truck\/artikel\/prometeon-haendlernetzwerk-supertruck-waechst-weiter-36739\/#primaryimage"},"thumbnailUrl":"https:\/\/static.krafthand-truck.de\/uploads\/2023\/07\/Prometeon_SuperTruck_Convention_2023_Parma.jpg","keywords":["Pirelli","Prometeon","Reifen","Super-Truck"],"articleSection":["Rad\/Reifen\/Bremse","Unternehmen"],"inLanguage":"de"},{"@type":"WebPage","@id":"https:\/\/www.krafthand.de\/truck\/artikel\/prometeon-haendlernetzwerk-supertruck-waechst-weiter-36739\/","url":"https:\/\/www.krafthand.de\/truck\/artikel\/prometeon-haendlernetzwerk-supertruck-waechst-weiter-36739\/","name":"Prometeon-H\u00e4ndlernetzwerk 'SuperTruck' w\u00e4chst weiter - Krafthand-Truck","isPartOf":{"@id":"https:\/\/www.krafthand.de\/truck\/#website"},"primaryImageOfPage":{"@id":"https:\/\/www.krafthand.de\/truck\/artikel\/prometeon-haendlernetzwerk-supertruck-waechst-weiter-36739\/#primaryimage"},"image":{"@id":"https:\/\/www.krafthand.de\/truck\/artikel\/prometeon-haendlernetzwerk-supertruck-waechst-weiter-36739\/#primaryimage"},"thumbnailUrl":"https:\/\/static.krafthand-truck.de\/uploads\/2023\/07\/Prometeon_SuperTruck_Convention_2023_Parma.jpg","datePublished":"2023-07-10T10:06:52+00:00","dateModified":"2023-07-10T10:15:58+00:00","author":{"@id":"https:\/\/www.krafthand.de\/truck\/#\/schema\/person\/51fa80b1c57034c4bf63f9f988fc24ce"},"description":"Das H\u00e4ndlernetzwerk der Prometeon Tyre Group, 'SuperTruck', das auf der Transport+Logistik im Mai in M\u00fcnchen vorgestellt wurde, w\u00e4chst weiter.","breadcrumb":{"@id":"https:\/\/www.krafthand.de\/truck\/artikel\/prometeon-haendlernetzwerk-supertruck-waechst-weiter-36739\/#breadcrumb"},"inLanguage":"de","potentialAction":[{"@type":"ReadAction","target":["https:\/\/www.krafthand.de\/truck\/artikel\/prometeon-haendlernetzwerk-supertruck-waechst-weiter-36739\/"]}]},{"@type":"ImageObject","inLanguage":"de","@id":"https:\/\/www.krafthand.de\/truck\/artikel\/prometeon-haendlernetzwerk-supertruck-waechst-weiter-36739\/#primaryimage","url":"https:\/\/static.krafthand-truck.de\/uploads\/2023\/07\/Prometeon_SuperTruck_Convention_2023_Parma.jpg","contentUrl":"https:\/\/static.krafthand-truck.de\/uploads\/2023\/07\/Prometeon_SuperTruck_Convention_2023_Parma.jpg","width":1200,"height":800},{"@type":"BreadcrumbList","@id":"https:\/\/www.krafthand.de\/truck\/artikel\/prometeon-haendlernetzwerk-supertruck-waechst-weiter-36739\/#breadcrumb","itemListElement":[{"@type":"ListItem","position":1,"name":"Krafthand-Truck","item":"https:\/\/www.krafthand.de\/truck\/"},{"@type":"ListItem","position":2,"name":"Nfz-Branche","item":"https:\/\/www.krafthand.de\/truck\/kategorie\/branche\/"},{"@type":"ListItem","position":3,"name":"Unternehmen","item":"https:\/\/www.krafthand.de\/truck\/kategorie\/branche\/unternehmen\/"},{"@type":"ListItem","position":4,"name":"Prometeon-H\u00e4ndlernetzwerk &#8218;SuperTruck&#8216; w\u00e4chst weiter"}]},{"@type":"WebSite","@id":"https:\/\/www.krafthand.de\/truck\/#website","url":"https:\/\/www.krafthand.de\/truck\/","name":"Krafthand-Truck","description":"","potentialAction":[{"@type":"SearchAction","target":{"@type":"EntryPoint","urlTemplate":"https:\/\/www.krafthand.de\/truck\/?s={search_term_string}"},"query-input":{"@type":"PropertyValueSpecification","valueRequired":true,"valueName":"search_term_string"}}],"inLanguage":"de"},{"@type":"Person","@id":"https:\/\/www.krafthand.de\/truck\/#\/schema\/person\/51fa80b1c57034c4bf63f9f988fc24ce","name":"georg.blenk@krafthand-medien.de","image":{"@type":"ImageObject","inLanguage":"de","@id":"https:\/\/secure.gravatar.com\/avatar\/93713c30affe0aa95d3a4130e499bb1abee2eb31adbdd9ce2aa1543538490215?s=96&d=mm&r=g","url":"https:\/\/secure.gravatar.com\/avatar\/93713c30affe0aa95d3a4130e499bb1abee2eb31adbdd9ce2aa1543538490215?s=96&d=mm&r=g","contentUrl":"https:\/\/secure.gravatar.com\/avatar\/93713c30affe0aa95d3a4130e499bb1abee2eb31adbdd9ce2aa1543538490215?s=96&d=mm&r=g","caption":"georg.blenk@krafthand-medien.de"}}]}},"_links":{"self":[{"href":"https:\/\/www.krafthand.de\/truck\/wp-json\/wp\/v2\/posts\/36739","targetHints":{"allow":["GET"]}}],"collection":[{"href":"https:\/\/www.krafthand.de\/truck\/wp-json\/wp\/v2\/posts"}],"about":[{"href":"https:\/\/www.krafthand.de\/truck\/wp-json\/wp\/v2\/types\/post"}],"author":[{"embeddable":true,"href":"https:\/\/www.krafthand.de\/truck\/wp-json\/wp\/v2\/users\/9"}],"replies":[{"embeddable":true,"href":"https:\/\/www.krafthand.de\/truck\/wp-json\/wp\/v2\/comments?post=36739"}],"version-history":[{"count":21,"href":"https:\/\/www.krafthand.de\/truck\/wp-json\/wp\/v2\/posts\/36739\/revisions"}],"predecessor-version":[{"id":36762,"href":"https:\/\/www.krafthand.de\/truck\/wp-json\/wp\/v2\/posts\/36739\/revisions\/36762"}],"wp:featuredmedia":[{"embeddable":true,"href":"https:\/\/www.krafthand.de\/truck\/wp-json\/wp\/v2\/media\/36753"}],"wp:attachment":[{"href":"https:\/\/www.krafthand.de\/truck\/wp-json\/wp\/v2\/media?parent=36739"}],"wp:term":[{"taxonomy":"category","embeddable":true,"href":"https:\/\/www.krafthand.de\/truck\/wp-json\/wp\/v2\/categories?post=36739"},{"taxonomy":"post_tag","embeddable":true,"href":"https:\/\/www.krafthand.de\/truck\/wp-json\/wp\/v2\/tags?post=36739"},{"taxonomy":"settings","embeddable":true,"href":"https:\/\/www.krafthand.de\/truck\/wp-json\/wp\/v2\/settings?post=36739"}],"curies":[{"name":"wp","href":"https:\/\/api.w.org\/{rel}","templated":true}]}}