{"id":36729,"date":"2023-07-07T11:22:49","date_gmt":"2023-07-07T09:22:49","guid":{"rendered":"https:\/\/www.krafthand.de\/truck\/?p=36729"},"modified":"2023-07-14T09:36:39","modified_gmt":"2023-07-14T07:36:39","slug":"iveco-und-plus-bringen-automatisierten-lkw-auf-die-strasse","status":"publish","type":"post","link":"https:\/\/www.krafthand.de\/truck\/artikel\/iveco-und-plus-bringen-automatisierten-lkw-auf-die-strasse-36729\/","title":{"rendered":"IVECO und Plus bringen automatisierten Lkw auf die Stra\u00dfe"},"content":{"rendered":"<p>IVECO und Plus gaben k\u00fcrzlich bekannt, dass der mit PlusDrive ausgestattete IVECO S-WAY seinen Betrieb auf \u00f6ffentlichen Stra\u00dfen in Deutschland aufgenommen hat. Bei PlusDrive handelt es sich um eine erweiterte Fahrerassistenzl\u00f6sung des US-amerikanischen Unternehmens <a href=\"https:\/\/plus.ai\" target=\"_blank\" rel=\"noopener\">Plus<\/a> auf der Grundlage einer offenen Autonomieplattform.<\/p>\n<p>Dem Echtbetrieb ging laut <a href=\"https:\/\/www.iveco.com\/Germany\/Pages\/Home-page.aspx\" target=\"_blank\" rel=\"noopener\">IVECO<\/a> ein strenger Test- und Validierungsprozess voraus, der umfangreiche Tests auf nicht\u00f6ffentlichen Strecken, die Validierung zuvor gesammelter Daten aus dem \u00f6ffentlichen Stra\u00dfenverkehr und eine umfangreiche Schulung der Testfahrer zu den Sicherheits- und Fahrerassistenzsystemen des Lkw umfasste. Dar\u00fcber hinaus pr\u00fcfte der T\u00dcV S\u00dcD die funktionale Sicherheit des Sicherheitskonzepts f\u00fcr die Erprobung auf \u00f6ffentlichen Stra\u00dfen. Die Sammlung umfangreicher Praxisdaten w\u00e4hrend der wichtigen Phase der Erprobung auf \u00f6ffentlichen Stra\u00dfen soll die Grundlage der k\u00fcnftigen Industrialisierung f\u00fcr den automatisierten Lkw mit Fahrer schaffen.<\/p>\n<blockquote><p>\u201eDie neue Generation leistungsstarker, KI-basierter, vorausschauender Sicherheitstechnologien wie PlusDrive macht den Lkw-Verkehr sicherer, einfacher und nachhaltiger und kann dazu beitragen, das Unfallrisiko zu senken, den Kraftstoffverbrauch zu senken, die Fahrerbindung zu verbessern und den Lkw-Fahrermangel in Europa zu vermindern. Wir freuen uns, in diese n\u00e4chste Phase unserer Partnerschaft mit Plus einzutreten und die zunehmende Reife unseres IVECO S-WAY mit PlusDrive durch Tests auf \u00f6ffentlichen Stra\u00dfen und den kommerziellen Betrieb zu demonstrieren&#8220;, sagte Marco Liccardo, Chief Technology &amp; Digital Officer, bei der Iveco Group.<\/p><\/blockquote>\n<h3>Zahlreiche Sensoren<\/h3>\n<p>Ausgestattet mit hochmoderner KI-basierter Software f\u00fcr autonomes Fahren und zahlreichen Sensoren wie Lidar, Radar und Kameras bietet PlusDrive laut IVECO dem Fahrer ein neues Bewusstsein f\u00fcr die Umgebung des Fahrzeugs. Die Tests auf \u00f6ffentlichen Stra\u00dfen werden in den n\u00e4chsten Monaten in Deutschland fortgesetzt und auf \u00d6sterreich, Frankreich, Italien und die Schweiz ausgeweitet, um reale Daten von den verschiedenen Stra\u00dfen- und Fahrbedingungen der einzelnen Regionen zu sammeln. Die Tests sollen zudem zeigen, dass PlusDrive sicher und automatisch fahrerunterst\u00fctzte Man\u00f6ver durchf\u00fchren kann, wie das Zentrieren der Fahrspur, Einf\u00e4deln in die Fahrspur, vom Fahrer initiierte oder vom System vorgeschlagene Fahrspurwechsel, Stauassistenz und <strong>Nudging<\/strong> (&#8218;Nudging&#8216; ist im Bereich des automatisierten Fahrens der Fachbegriff f\u00fcr eine seitliche Bewegung innerhalb einer Fahrspur, um den Sicherheitsabstand bei Vorbeifahrt an zum Beispiel stehenden oder parkenden Fahrzeugen zu erh\u00f6hen).<\/p>\n<blockquote><p>\u201eWir sind stolz auf die harte Arbeit, die die Teams von Iveco und Plus geleistet haben, um diese innovative Fahrl\u00f6sung auf \u00f6ffentlichen Stra\u00dfen zu testen. Einige der gr\u00f6\u00dften Flotten der Welt nutzen PlusDrive bereits f\u00fcr den gewerblichen Stra\u00dfeng\u00fcterverkehr. Je fr\u00fcher wir dieses kommerzielle Produkt f\u00fcr mehr Flotten verf\u00fcgbar machen k\u00f6nnen, desto gr\u00f6\u00dfer ist die Wirkung, die wir erzielen k\u00f6nnen&#8220;, so Shawn Kerrigan, COO und Mitbegr\u00fcnder von Plus.<\/p><\/blockquote>\n<p>Einen ausf\u00fchrlichen Beitrag zum hochautomatisierten Fahren sowie Statements von <strong>Sunny Choi<\/strong>, Vice Pr\u00e4sidentin Business Development beim kalifornischen Spezialisten f\u00fcr Fahrerassistenzsysteme Plus, finden Sie <a href=\"https:\/\/www.krafthand.de\/truck\/artikel\/zukunftsmusik-das-potenzial-von-hochautomatisierten-lkw-36411\/\" target=\"_blank\" rel=\"noopener\">hier<\/a>.<\/p>\n\r\n\t\t\t\t<div class=\"post-author\">\r\n\t\t\t\t\t<div class=\"khm-cp-author clearfix\">\r\n\t\t\t\t\t\t<div class=\"khm-cp-author__content\">\r\n\t\t\t\t\t\t\t\tKontakt zum Autor:<br \/>\r\n\t\t\t\t\t\t\t\t<strong>Georg Blenk<\/strong>, 08247 \/ 3007-45 |  <a href=\"mailto:georg.blenk@krafthand-medien.de\">georg.blenk@krafthand-medien.de<\/a>\r\n\t\t\t\t\t\t\t<div class=\"khm-cp-author__image\">\r\n\t\t\t\t\t\t<img src=\"https:\/\/static.krafthand-truck.de\/uploads\/2021\/01\/Blenk_6104-250x300-1-removebg-preview.png\" class=\"img-responsive\">\r\n\t\t\t\t\t<\/div>\r\n\t\t\t\t\t\t<\/div>\r\n\t\t\t\t\t<\/div>\r\n\t\t\t\t<\/div>\r\n\t\t\t\t","protected":false},"excerpt":{"rendered":"<p>IVECO und Plus gaben k\u00fcrzlich bekannt, dass der mit PlusDrive ausgestattete IVECO S-WAY seinen Betrieb auf \u00f6ffentlichen Stra\u00dfen in Deutschland aufgenommen hat. Bei PlusDrive handelt es sich um eine erweiterte Fahrerassistenzl\u00f6sung des US-amerikanischen Unternehmens Plus auf der Grundlage einer offenen Autonomieplattform. <span class=\"excerpt-more__dots\">&#8230;<\/span> <a class=\"excerpt-more__link\" href=\"https:\/\/www.krafthand.de\/truck\/artikel\/iveco-und-plus-bringen-automatisierten-lkw-auf-die-strasse-36729\/\" >weiter<\/a><\/p>\n","protected":false},"author":9,"featured_media":36736,"comment_status":"closed","ping_status":"closed","sticky":false,"template":"","format":"standard","meta":{"footnotes":""},"categories":[4225],"tags":[4301,29,4981],"settings":[3524,3523],"class_list":["post-36729","post","type-post","status-publish","format-standard","has-post-thumbnail","hentry","category-ssistenzsysteme","tag-assistenzsysteme","tag-iveco","tag-plus"],"yoast_head":"<!-- This site is optimized with the Yoast SEO plugin v27.3 - https:\/\/yoast.com\/product\/yoast-seo-wordpress\/ -->\n<title>IVECO und Plus bringen automatisierten Lkw auf die Stra\u00dfe - Krafthand-Truck<\/title>\n<meta name=\"description\" content=\"IVECO und Plus gaben bekannt, dass der mit PlusDrive ausgestattete IVECO S-WAY seinen Betrieb auf \u00f6ffentlichen Stra\u00dfen aufgenommen hat.\" \/>\n<meta name=\"robots\" content=\"index, follow, max-snippet:-1, max-image-preview:large, max-video-preview:-1\" \/>\n<link rel=\"canonical\" href=\"https:\/\/www.krafthand.de\/truck\/artikel\/iveco-und-plus-bringen-automatisierten-lkw-auf-die-strasse-36729\/\" \/>\n<meta property=\"og:locale\" content=\"de_DE\" \/>\n<meta property=\"og:type\" content=\"article\" \/>\n<meta property=\"og:title\" content=\"IVECO und Plus bringen automatisierten Lkw auf die Stra\u00dfe - Krafthand-Truck\" \/>\n<meta property=\"og:description\" content=\"IVECO und Plus gaben bekannt, dass der mit PlusDrive ausgestattete IVECO S-WAY seinen Betrieb auf \u00f6ffentlichen Stra\u00dfen aufgenommen hat.\" \/>\n<meta property=\"og:url\" content=\"https:\/\/www.krafthand-truck.de\/artikel\/iveco-und-plus-bringen-automatisierten-lkw-auf-die-strasse-36729\/\" \/>\n<meta property=\"og:site_name\" content=\"Krafthand-Truck\" \/>\n<meta property=\"article:published_time\" content=\"2023-07-07T09:22:49+00:00\" \/>\n<meta property=\"article:modified_time\" content=\"2023-07-14T07:36:39+00:00\" \/>\n<meta property=\"og:image\" content=\"https:\/\/static.krafthand-truck.de\/uploads\/2023\/07\/IVECO_PLUS_Automatisiertes_Fahren_Lkw.jpg\" \/>\n\t<meta property=\"og:image:width\" content=\"1200\" \/>\n\t<meta property=\"og:image:height\" content=\"620\" \/>\n\t<meta property=\"og:image:type\" content=\"image\/jpeg\" \/>\n<meta name=\"author\" content=\"georg.blenk@krafthand-medien.de\" \/>\n<meta name=\"twitter:card\" content=\"summary_large_image\" \/>\n<meta name=\"twitter:label1\" content=\"Verfasst von\" \/>\n\t<meta name=\"twitter:data1\" content=\"georg.blenk@krafthand-medien.de\" \/>\n\t<meta name=\"twitter:label2\" content=\"Gesch\u00e4tzte Lesezeit\" \/>\n\t<meta name=\"twitter:data2\" content=\"2\u00a0Minuten\" \/>\n<script type=\"application\/ld+json\" class=\"yoast-schema-graph\">{\"@context\":\"https:\\\/\\\/schema.org\",\"@graph\":[{\"@type\":\"Article\",\"@id\":\"https:\\\/\\\/www.krafthand.de\\\/truck\\\/artikel\\\/iveco-und-plus-bringen-automatisierten-lkw-auf-die-strasse-36729\\\/#article\",\"isPartOf\":{\"@id\":\"https:\\\/\\\/www.krafthand.de\\\/truck\\\/artikel\\\/iveco-und-plus-bringen-automatisierten-lkw-auf-die-strasse-36729\\\/\"},\"author\":{\"name\":\"georg.blenk@krafthand-medien.de\",\"@id\":\"https:\\\/\\\/www.krafthand.de\\\/truck\\\/#\\\/schema\\\/person\\\/51fa80b1c57034c4bf63f9f988fc24ce\"},\"headline\":\"IVECO und Plus bringen automatisierten Lkw auf die Stra\u00dfe\",\"datePublished\":\"2023-07-07T09:22:49+00:00\",\"dateModified\":\"2023-07-14T07:36:39+00:00\",\"mainEntityOfPage\":{\"@id\":\"https:\\\/\\\/www.krafthand.de\\\/truck\\\/artikel\\\/iveco-und-plus-bringen-automatisierten-lkw-auf-die-strasse-36729\\\/\"},\"wordCount\":484,\"image\":{\"@id\":\"https:\\\/\\\/www.krafthand.de\\\/truck\\\/artikel\\\/iveco-und-plus-bringen-automatisierten-lkw-auf-die-strasse-36729\\\/#primaryimage\"},\"thumbnailUrl\":\"https:\\\/\\\/static.krafthand-truck.de\\\/uploads\\\/2023\\\/07\\\/IVECO_PLUS_Automatisiertes_Fahren_Lkw.jpg\",\"keywords\":[\"Assistenzsysteme\",\"Iveco\",\"Plus\"],\"articleSection\":[\"Assistenzsysteme\"],\"inLanguage\":\"de\"},{\"@type\":\"WebPage\",\"@id\":\"https:\\\/\\\/www.krafthand.de\\\/truck\\\/artikel\\\/iveco-und-plus-bringen-automatisierten-lkw-auf-die-strasse-36729\\\/\",\"url\":\"https:\\\/\\\/www.krafthand.de\\\/truck\\\/artikel\\\/iveco-und-plus-bringen-automatisierten-lkw-auf-die-strasse-36729\\\/\",\"name\":\"IVECO und Plus bringen automatisierten Lkw auf die Stra\u00dfe - Krafthand-Truck\",\"isPartOf\":{\"@id\":\"https:\\\/\\\/www.krafthand.de\\\/truck\\\/#website\"},\"primaryImageOfPage\":{\"@id\":\"https:\\\/\\\/www.krafthand.de\\\/truck\\\/artikel\\\/iveco-und-plus-bringen-automatisierten-lkw-auf-die-strasse-36729\\\/#primaryimage\"},\"image\":{\"@id\":\"https:\\\/\\\/www.krafthand.de\\\/truck\\\/artikel\\\/iveco-und-plus-bringen-automatisierten-lkw-auf-die-strasse-36729\\\/#primaryimage\"},\"thumbnailUrl\":\"https:\\\/\\\/static.krafthand-truck.de\\\/uploads\\\/2023\\\/07\\\/IVECO_PLUS_Automatisiertes_Fahren_Lkw.jpg\",\"datePublished\":\"2023-07-07T09:22:49+00:00\",\"dateModified\":\"2023-07-14T07:36:39+00:00\",\"author\":{\"@id\":\"https:\\\/\\\/www.krafthand.de\\\/truck\\\/#\\\/schema\\\/person\\\/51fa80b1c57034c4bf63f9f988fc24ce\"},\"description\":\"IVECO und Plus gaben bekannt, dass der mit PlusDrive ausgestattete IVECO S-WAY seinen Betrieb auf \u00f6ffentlichen Stra\u00dfen aufgenommen hat.\",\"breadcrumb\":{\"@id\":\"https:\\\/\\\/www.krafthand.de\\\/truck\\\/artikel\\\/iveco-und-plus-bringen-automatisierten-lkw-auf-die-strasse-36729\\\/#breadcrumb\"},\"inLanguage\":\"de\",\"potentialAction\":[{\"@type\":\"ReadAction\",\"target\":[\"https:\\\/\\\/www.krafthand.de\\\/truck\\\/artikel\\\/iveco-und-plus-bringen-automatisierten-lkw-auf-die-strasse-36729\\\/\"]}]},{\"@type\":\"ImageObject\",\"inLanguage\":\"de\",\"@id\":\"https:\\\/\\\/www.krafthand.de\\\/truck\\\/artikel\\\/iveco-und-plus-bringen-automatisierten-lkw-auf-die-strasse-36729\\\/#primaryimage\",\"url\":\"https:\\\/\\\/static.krafthand-truck.de\\\/uploads\\\/2023\\\/07\\\/IVECO_PLUS_Automatisiertes_Fahren_Lkw.jpg\",\"contentUrl\":\"https:\\\/\\\/static.krafthand-truck.de\\\/uploads\\\/2023\\\/07\\\/IVECO_PLUS_Automatisiertes_Fahren_Lkw.jpg\",\"width\":1200,\"height\":620},{\"@type\":\"BreadcrumbList\",\"@id\":\"https:\\\/\\\/www.krafthand.de\\\/truck\\\/artikel\\\/iveco-und-plus-bringen-automatisierten-lkw-auf-die-strasse-36729\\\/#breadcrumb\",\"itemListElement\":[{\"@type\":\"ListItem\",\"position\":1,\"name\":\"Krafthand-Truck\",\"item\":\"https:\\\/\\\/www.krafthand.de\\\/truck\\\/\"},{\"@type\":\"ListItem\",\"position\":2,\"name\":\"Nfz-Technik\",\"item\":\"https:\\\/\\\/www.krafthand.de\\\/truck\\\/kategorie\\\/nfz-technik\\\/\"},{\"@type\":\"ListItem\",\"position\":3,\"name\":\"Assistenzsysteme\",\"item\":\"https:\\\/\\\/www.krafthand.de\\\/truck\\\/kategorie\\\/nfz-technik\\\/ssistenzsysteme\\\/\"},{\"@type\":\"ListItem\",\"position\":4,\"name\":\"IVECO und Plus bringen automatisierten Lkw auf die Stra\u00dfe\"}]},{\"@type\":\"WebSite\",\"@id\":\"https:\\\/\\\/www.krafthand.de\\\/truck\\\/#website\",\"url\":\"https:\\\/\\\/www.krafthand.de\\\/truck\\\/\",\"name\":\"Krafthand-Truck\",\"description\":\"\",\"potentialAction\":[{\"@type\":\"SearchAction\",\"target\":{\"@type\":\"EntryPoint\",\"urlTemplate\":\"https:\\\/\\\/www.krafthand.de\\\/truck\\\/?s={search_term_string}\"},\"query-input\":{\"@type\":\"PropertyValueSpecification\",\"valueRequired\":true,\"valueName\":\"search_term_string\"}}],\"inLanguage\":\"de\"},{\"@type\":\"Person\",\"@id\":\"https:\\\/\\\/www.krafthand.de\\\/truck\\\/#\\\/schema\\\/person\\\/51fa80b1c57034c4bf63f9f988fc24ce\",\"name\":\"georg.blenk@krafthand-medien.de\",\"image\":{\"@type\":\"ImageObject\",\"inLanguage\":\"de\",\"@id\":\"https:\\\/\\\/secure.gravatar.com\\\/avatar\\\/93713c30affe0aa95d3a4130e499bb1abee2eb31adbdd9ce2aa1543538490215?s=96&d=mm&r=g\",\"url\":\"https:\\\/\\\/secure.gravatar.com\\\/avatar\\\/93713c30affe0aa95d3a4130e499bb1abee2eb31adbdd9ce2aa1543538490215?s=96&d=mm&r=g\",\"contentUrl\":\"https:\\\/\\\/secure.gravatar.com\\\/avatar\\\/93713c30affe0aa95d3a4130e499bb1abee2eb31adbdd9ce2aa1543538490215?s=96&d=mm&r=g\",\"caption\":\"georg.blenk@krafthand-medien.de\"}}]}<\/script>\n<!-- \/ Yoast SEO plugin. -->","yoast_head_json":{"title":"IVECO und Plus bringen automatisierten Lkw auf die Stra\u00dfe - Krafthand-Truck","description":"IVECO und Plus gaben bekannt, dass der mit PlusDrive ausgestattete IVECO S-WAY seinen Betrieb auf \u00f6ffentlichen Stra\u00dfen aufgenommen hat.","robots":{"index":"index","follow":"follow","max-snippet":"max-snippet:-1","max-image-preview":"max-image-preview:large","max-video-preview":"max-video-preview:-1"},"canonical":"https:\/\/www.krafthand.de\/truck\/artikel\/iveco-und-plus-bringen-automatisierten-lkw-auf-die-strasse-36729\/","og_locale":"de_DE","og_type":"article","og_title":"IVECO und Plus bringen automatisierten Lkw auf die Stra\u00dfe - Krafthand-Truck","og_description":"IVECO und Plus gaben bekannt, dass der mit PlusDrive ausgestattete IVECO S-WAY seinen Betrieb auf \u00f6ffentlichen Stra\u00dfen aufgenommen hat.","og_url":"https:\/\/www.krafthand-truck.de\/artikel\/iveco-und-plus-bringen-automatisierten-lkw-auf-die-strasse-36729\/","og_site_name":"Krafthand-Truck","article_published_time":"2023-07-07T09:22:49+00:00","article_modified_time":"2023-07-14T07:36:39+00:00","og_image":[{"width":1200,"height":620,"url":"https:\/\/static.krafthand-truck.de\/uploads\/2023\/07\/IVECO_PLUS_Automatisiertes_Fahren_Lkw.jpg","type":"image\/jpeg"}],"author":"georg.blenk@krafthand-medien.de","twitter_card":"summary_large_image","twitter_misc":{"Verfasst von":"georg.blenk@krafthand-medien.de","Gesch\u00e4tzte Lesezeit":"2\u00a0Minuten"},"schema":{"@context":"https:\/\/schema.org","@graph":[{"@type":"Article","@id":"https:\/\/www.krafthand.de\/truck\/artikel\/iveco-und-plus-bringen-automatisierten-lkw-auf-die-strasse-36729\/#article","isPartOf":{"@id":"https:\/\/www.krafthand.de\/truck\/artikel\/iveco-und-plus-bringen-automatisierten-lkw-auf-die-strasse-36729\/"},"author":{"name":"georg.blenk@krafthand-medien.de","@id":"https:\/\/www.krafthand.de\/truck\/#\/schema\/person\/51fa80b1c57034c4bf63f9f988fc24ce"},"headline":"IVECO und Plus bringen automatisierten Lkw auf die Stra\u00dfe","datePublished":"2023-07-07T09:22:49+00:00","dateModified":"2023-07-14T07:36:39+00:00","mainEntityOfPage":{"@id":"https:\/\/www.krafthand.de\/truck\/artikel\/iveco-und-plus-bringen-automatisierten-lkw-auf-die-strasse-36729\/"},"wordCount":484,"image":{"@id":"https:\/\/www.krafthand.de\/truck\/artikel\/iveco-und-plus-bringen-automatisierten-lkw-auf-die-strasse-36729\/#primaryimage"},"thumbnailUrl":"https:\/\/static.krafthand-truck.de\/uploads\/2023\/07\/IVECO_PLUS_Automatisiertes_Fahren_Lkw.jpg","keywords":["Assistenzsysteme","Iveco","Plus"],"articleSection":["Assistenzsysteme"],"inLanguage":"de"},{"@type":"WebPage","@id":"https:\/\/www.krafthand.de\/truck\/artikel\/iveco-und-plus-bringen-automatisierten-lkw-auf-die-strasse-36729\/","url":"https:\/\/www.krafthand.de\/truck\/artikel\/iveco-und-plus-bringen-automatisierten-lkw-auf-die-strasse-36729\/","name":"IVECO und Plus bringen automatisierten Lkw auf die Stra\u00dfe - Krafthand-Truck","isPartOf":{"@id":"https:\/\/www.krafthand.de\/truck\/#website"},"primaryImageOfPage":{"@id":"https:\/\/www.krafthand.de\/truck\/artikel\/iveco-und-plus-bringen-automatisierten-lkw-auf-die-strasse-36729\/#primaryimage"},"image":{"@id":"https:\/\/www.krafthand.de\/truck\/artikel\/iveco-und-plus-bringen-automatisierten-lkw-auf-die-strasse-36729\/#primaryimage"},"thumbnailUrl":"https:\/\/static.krafthand-truck.de\/uploads\/2023\/07\/IVECO_PLUS_Automatisiertes_Fahren_Lkw.jpg","datePublished":"2023-07-07T09:22:49+00:00","dateModified":"2023-07-14T07:36:39+00:00","author":{"@id":"https:\/\/www.krafthand.de\/truck\/#\/schema\/person\/51fa80b1c57034c4bf63f9f988fc24ce"},"description":"IVECO und Plus gaben bekannt, dass der mit PlusDrive ausgestattete IVECO S-WAY seinen Betrieb auf \u00f6ffentlichen Stra\u00dfen aufgenommen hat.","breadcrumb":{"@id":"https:\/\/www.krafthand.de\/truck\/artikel\/iveco-und-plus-bringen-automatisierten-lkw-auf-die-strasse-36729\/#breadcrumb"},"inLanguage":"de","potentialAction":[{"@type":"ReadAction","target":["https:\/\/www.krafthand.de\/truck\/artikel\/iveco-und-plus-bringen-automatisierten-lkw-auf-die-strasse-36729\/"]}]},{"@type":"ImageObject","inLanguage":"de","@id":"https:\/\/www.krafthand.de\/truck\/artikel\/iveco-und-plus-bringen-automatisierten-lkw-auf-die-strasse-36729\/#primaryimage","url":"https:\/\/static.krafthand-truck.de\/uploads\/2023\/07\/IVECO_PLUS_Automatisiertes_Fahren_Lkw.jpg","contentUrl":"https:\/\/static.krafthand-truck.de\/uploads\/2023\/07\/IVECO_PLUS_Automatisiertes_Fahren_Lkw.jpg","width":1200,"height":620},{"@type":"BreadcrumbList","@id":"https:\/\/www.krafthand.de\/truck\/artikel\/iveco-und-plus-bringen-automatisierten-lkw-auf-die-strasse-36729\/#breadcrumb","itemListElement":[{"@type":"ListItem","position":1,"name":"Krafthand-Truck","item":"https:\/\/www.krafthand.de\/truck\/"},{"@type":"ListItem","position":2,"name":"Nfz-Technik","item":"https:\/\/www.krafthand.de\/truck\/kategorie\/nfz-technik\/"},{"@type":"ListItem","position":3,"name":"Assistenzsysteme","item":"https:\/\/www.krafthand.de\/truck\/kategorie\/nfz-technik\/ssistenzsysteme\/"},{"@type":"ListItem","position":4,"name":"IVECO und Plus bringen automatisierten Lkw auf die Stra\u00dfe"}]},{"@type":"WebSite","@id":"https:\/\/www.krafthand.de\/truck\/#website","url":"https:\/\/www.krafthand.de\/truck\/","name":"Krafthand-Truck","description":"","potentialAction":[{"@type":"SearchAction","target":{"@type":"EntryPoint","urlTemplate":"https:\/\/www.krafthand.de\/truck\/?s={search_term_string}"},"query-input":{"@type":"PropertyValueSpecification","valueRequired":true,"valueName":"search_term_string"}}],"inLanguage":"de"},{"@type":"Person","@id":"https:\/\/www.krafthand.de\/truck\/#\/schema\/person\/51fa80b1c57034c4bf63f9f988fc24ce","name":"georg.blenk@krafthand-medien.de","image":{"@type":"ImageObject","inLanguage":"de","@id":"https:\/\/secure.gravatar.com\/avatar\/93713c30affe0aa95d3a4130e499bb1abee2eb31adbdd9ce2aa1543538490215?s=96&d=mm&r=g","url":"https:\/\/secure.gravatar.com\/avatar\/93713c30affe0aa95d3a4130e499bb1abee2eb31adbdd9ce2aa1543538490215?s=96&d=mm&r=g","contentUrl":"https:\/\/secure.gravatar.com\/avatar\/93713c30affe0aa95d3a4130e499bb1abee2eb31adbdd9ce2aa1543538490215?s=96&d=mm&r=g","caption":"georg.blenk@krafthand-medien.de"}}]}},"_links":{"self":[{"href":"https:\/\/www.krafthand.de\/truck\/wp-json\/wp\/v2\/posts\/36729","targetHints":{"allow":["GET"]}}],"collection":[{"href":"https:\/\/www.krafthand.de\/truck\/wp-json\/wp\/v2\/posts"}],"about":[{"href":"https:\/\/www.krafthand.de\/truck\/wp-json\/wp\/v2\/types\/post"}],"author":[{"embeddable":true,"href":"https:\/\/www.krafthand.de\/truck\/wp-json\/wp\/v2\/users\/9"}],"replies":[{"embeddable":true,"href":"https:\/\/www.krafthand.de\/truck\/wp-json\/wp\/v2\/comments?post=36729"}],"version-history":[{"count":8,"href":"https:\/\/www.krafthand.de\/truck\/wp-json\/wp\/v2\/posts\/36729\/revisions"}],"predecessor-version":[{"id":36738,"href":"https:\/\/www.krafthand.de\/truck\/wp-json\/wp\/v2\/posts\/36729\/revisions\/36738"}],"wp:featuredmedia":[{"embeddable":true,"href":"https:\/\/www.krafthand.de\/truck\/wp-json\/wp\/v2\/media\/36736"}],"wp:attachment":[{"href":"https:\/\/www.krafthand.de\/truck\/wp-json\/wp\/v2\/media?parent=36729"}],"wp:term":[{"taxonomy":"category","embeddable":true,"href":"https:\/\/www.krafthand.de\/truck\/wp-json\/wp\/v2\/categories?post=36729"},{"taxonomy":"post_tag","embeddable":true,"href":"https:\/\/www.krafthand.de\/truck\/wp-json\/wp\/v2\/tags?post=36729"},{"taxonomy":"settings","embeddable":true,"href":"https:\/\/www.krafthand.de\/truck\/wp-json\/wp\/v2\/settings?post=36729"}],"curies":[{"name":"wp","href":"https:\/\/api.w.org\/{rel}","templated":true}]}}