{"id":36700,"date":"2023-07-05T16:46:26","date_gmt":"2023-07-05T14:46:26","guid":{"rendered":"https:\/\/www.krafthand.de\/truck\/?p=36700"},"modified":"2023-07-05T16:55:02","modified_gmt":"2023-07-05T14:55:02","slug":"zf-wird-hauptlieferant-fuer-mehrere-kernsysteme-des-volta-zero","status":"publish","type":"post","link":"https:\/\/www.krafthand.de\/truck\/artikel\/zf-wird-hauptlieferant-fuer-mehrere-kernsysteme-des-volta-zero-36700\/","title":{"rendered":"Volta Trucks: ZF liefert mehrere Kernsysteme f\u00fcr den Volta Zero"},"content":{"rendered":"<p>Volta Trucks\u00a0 ist eine langfristige Kooperation mit ZF als Lieferant von Kernsystemen und -komponenten f\u00fcr den vollelektrischen Volta Zero eingegangen. Die Technologien von ZF CVS (<a href=\"https:\/\/www.zf.com\/products\/de\/cv\/home\/cv.html\" target=\"_blank\" rel=\"noopener\">Commercial Vehicle Solutions)<\/a> wurden speziell f\u00fcr Nutzfahrzeuge entwickelt und sind laut <a href=\"https:\/\/voltatrucks.com\/de\" target=\"_blank\" rel=\"noopener\">Volta-Trucks<\/a> von zentraler Bedeutung f\u00fcr den vollelektrischen Volta Zero.<\/p>\n<h3>Zahlreiche Assistenzsysteme<\/h3>\n<p>Zu den zugelieferten Systemen geh\u00f6ren beispielsweise das OnGuardACTIVE Advanced Emergency Braking System (AEBS), das elektronische Bremssystem (EBS) einschlie\u00dflich des Bremspedalsystems, das elektronische Stabilit\u00e4tsprogramm ESCsmart (ESC) und die elektropneumatische Handbremse OnHand (EPH). Auch der OnLaneALERT stammt von ZF. Der Spurhalteassistent (LDWS) erh\u00f6ht die Sicherheit und verhindert, dass der Lkw unbeabsichtigt aus der Spur f\u00e4hrt. Au\u00dferdem liefert ZF Komponenten f\u00fcr das Lenksystem, darunter die Lenks\u00e4ule und das Lenkgetriebe.<\/p>\n<figure id=\"attachment_36703\" aria-describedby=\"caption-attachment-36703\" style=\"width: 420px\" class=\"wp-caption alignleft\"><a href=\"https:\/\/static.krafthand-truck.de\/uploads\/2023\/07\/Volta_Trucks_ZF_CVS_Volta_Zero_Vorderachse.jpg\" target=\"_blank\" rel=\"noopener\"><img fetchpriority=\"high\" decoding=\"async\" class=\"wp-image-36703\" src=\"https:\/\/static.krafthand-truck.de\/uploads\/2023\/07\/Volta_Trucks_ZF_CVS_Volta_Zero_Vorderachse-300x180.jpg\" alt=\"\" width=\"420\" height=\"252\" srcset=\"https:\/\/static.krafthand-truck.de\/uploads\/2023\/07\/Volta_Trucks_ZF_CVS_Volta_Zero_Vorderachse-300x180.jpg 300w, https:\/\/static.krafthand-truck.de\/uploads\/2023\/07\/Volta_Trucks_ZF_CVS_Volta_Zero_Vorderachse-1024x614.jpg 1024w, https:\/\/static.krafthand-truck.de\/uploads\/2023\/07\/Volta_Trucks_ZF_CVS_Volta_Zero_Vorderachse-768x460.jpg 768w, https:\/\/static.krafthand-truck.de\/uploads\/2023\/07\/Volta_Trucks_ZF_CVS_Volta_Zero_Vorderachse.jpg 1200w\" sizes=\"(max-width: 420px) 100vw, 420px\" \/><\/a><figcaption id=\"caption-attachment-36703\" class=\"wp-caption-text\">Das Vorderachssystem mit Einzelradaufh\u00e4ngung (IFS) f\u00fcr den Volta Zero stammt ebenfalls von ZF.<\/figcaption><\/figure>\n<h3>Achssystem mit Einzelradaufh\u00e4ngung<\/h3>\n<p>Auch das Achssystem mit Einzelradaufh\u00e4ngung (IFS) liefert ZF f\u00fcr den Volta Zero. Die tiefsitzende Kabine des neu konzipierten E-Lkw sorgt f\u00fcr einen bequemen Einstieg und eine bessere Rundumsicht. Die f\u00fcr E-Fahrzeuge entwickelte ZF-Achse passt laut Volta Trucks zu diesem Konzept. Sie erm\u00f6glicht lange Federwege und gro\u00dfe Lenkwinkel und soll so den Fahrkomfort, das Fahrverhalten und die Man\u00f6vrierf\u00e4higkeit des Fahrzeugs verbessern. Dar\u00fcber hinaus unterst\u00fctzt das von ZF f\u00fcr den Volta Zero gelieferte elektronisch geregelte Luftfedersystem OptiRide (ECAS) den t\u00e4glichen Fahrzeugbetrieb. Die automatische und manuelle Fahrwerksh\u00f6henanpassung macht besonders das Beladen an der Rampe sicherer und effizienter und somit auch komfortabler.<\/p>\n<h3>Produktion in Graz<\/h3>\n<p>Der Volta-Zero wird bei <a href=\"https:\/\/www.krafthand.de\/truck\/artikel\/volta-trucks-startet-produktion-des-volta-zero-bei-steyr-automotive-35942\/\" target=\"_blank\" rel=\"noopener\">Steyr Automotive in Graz<\/a> produziert. Das Unternehmen hat zudem ein Netz von sogenannten &#8222;Volta Trucks Hubs&#8220; f\u00fcr Service und Wartung in seinen Einf\u00fchrungsm\u00e4rkten aufgebaut. Die ersten beiden dieser Einrichtungen wurden in Bonneuil-sur-Marne, s\u00fcdlich von Paris, und in Tottenham in London vorgestellt. Erst k\u00fcrzlich folgten zwei weitere Hubs in Madrid (Spanien) und in <a href=\"https:\/\/www.krafthand.de\/truck\/artikel\/truck-as-a-service-volta-trucks-mit-neuem-service-standort-in-duisburg-35253\/\" target=\"_blank\" rel=\"noopener\">Duisburg<\/a> im Westen der Rhein-Ruhr-Region (Deutschland).<\/p>\n\r\n\t\t\t\t<div class=\"post-author\">\r\n\t\t\t\t\t<div class=\"khm-cp-author clearfix\">\r\n\t\t\t\t\t\t<div class=\"khm-cp-author__content\">\r\n\t\t\t\t\t\t\t\tKontakt zum Autor:<br \/>\r\n\t\t\t\t\t\t\t\t<strong>Georg Blenk<\/strong>, 08247 \/ 3007-45 |  <a href=\"mailto:georg.blenk@krafthand-medien.de\">georg.blenk@krafthand-medien.de<\/a>\r\n\t\t\t\t\t\t\t<div class=\"khm-cp-author__image\">\r\n\t\t\t\t\t\t<img src=\"https:\/\/static.krafthand-truck.de\/uploads\/2021\/01\/Blenk_6104-250x300-1-removebg-preview.png\" class=\"img-responsive\">\r\n\t\t\t\t\t<\/div>\r\n\t\t\t\t\t\t<\/div>\r\n\t\t\t\t\t<\/div>\r\n\t\t\t\t<\/div>\r\n\t\t\t\t","protected":false},"excerpt":{"rendered":"<p>Volta Trucks\u00a0 ist eine langfristige Kooperation mit ZF als Lieferant von Kernsystemen und -komponenten f\u00fcr den vollelektrischen Volta Zero eingegangen. Die Technologien von ZF wurden speziell f\u00fcr Nutzfahrzeuge entwickelt und sind laut Volta-Trucks von zentraler Bedeutung f\u00fcr den vollelektrischen Volta Zero. <span class=\"excerpt-more__dots\">&#8230;<\/span> <a class=\"excerpt-more__link\" href=\"https:\/\/www.krafthand.de\/truck\/artikel\/zf-wird-hauptlieferant-fuer-mehrere-kernsysteme-des-volta-zero-36700\/\" >weiter<\/a><\/p>\n","protected":false},"author":9,"featured_media":36705,"comment_status":"closed","ping_status":"closed","sticky":false,"template":"","format":"standard","meta":{"footnotes":""},"categories":[4225,4224,4226,4915],"tags":[4176,187],"settings":[3524,4766,3523],"class_list":["post-36700","post","type-post","status-publish","format-standard","has-post-thumbnail","hentry","category-ssistenzsysteme","category-e-antrieb","category-fahrwerk","category-neue-fahrzeuge","tag-volta-trucks","tag-zf"],"yoast_head":"<!-- This site is optimized with the Yoast SEO plugin v27.3 - https:\/\/yoast.com\/product\/yoast-seo-wordpress\/ -->\n<title>Volta Trucks: ZF liefert mehrere Kernsysteme f\u00fcr den Volta Zero - Krafthand-Truck<\/title>\n<meta name=\"description\" content=\"ZF liefert mehre Systeme f\u00fcr den vollelektrischen Volta Zero, darunter die Vorderachse, ADAS und die Luftfederung.\" \/>\n<meta name=\"robots\" content=\"index, follow, max-snippet:-1, max-image-preview:large, max-video-preview:-1\" \/>\n<link rel=\"canonical\" href=\"https:\/\/www.krafthand.de\/truck\/artikel\/zf-wird-hauptlieferant-fuer-mehrere-kernsysteme-des-volta-zero-36700\/\" \/>\n<meta property=\"og:locale\" content=\"de_DE\" \/>\n<meta property=\"og:type\" content=\"article\" \/>\n<meta property=\"og:title\" content=\"Volta Trucks: ZF liefert mehrere Kernsysteme f\u00fcr den Volta Zero - Krafthand-Truck\" \/>\n<meta property=\"og:description\" content=\"ZF liefert mehre Systeme f\u00fcr den vollelektrischen Volta Zero, darunter die Vorderachse, ADAS und die Luftfederung.\" \/>\n<meta property=\"og:url\" content=\"https:\/\/www.krafthand-truck.de\/artikel\/zf-wird-hauptlieferant-fuer-mehrere-kernsysteme-des-volta-zero-36700\/\" \/>\n<meta property=\"og:site_name\" content=\"Krafthand-Truck\" \/>\n<meta property=\"article:published_time\" content=\"2023-07-05T14:46:26+00:00\" \/>\n<meta property=\"article:modified_time\" content=\"2023-07-05T14:55:02+00:00\" \/>\n<meta property=\"og:image\" content=\"https:\/\/static.krafthand-truck.de\/uploads\/2023\/07\/Volta_Trucks_Volta_Zero_ZF_CVS_Uebersicht_Komponenten.jpg\" \/>\n\t<meta property=\"og:image:width\" content=\"1200\" \/>\n\t<meta property=\"og:image:height\" content=\"660\" \/>\n\t<meta property=\"og:image:type\" content=\"image\/jpeg\" \/>\n<meta name=\"author\" content=\"georg.blenk@krafthand-medien.de\" \/>\n<meta name=\"twitter:card\" content=\"summary_large_image\" \/>\n<meta name=\"twitter:label1\" content=\"Verfasst von\" \/>\n\t<meta name=\"twitter:data1\" content=\"georg.blenk@krafthand-medien.de\" \/>\n\t<meta name=\"twitter:label2\" content=\"Gesch\u00e4tzte Lesezeit\" \/>\n\t<meta name=\"twitter:data2\" content=\"2\u00a0Minuten\" \/>\n<script type=\"application\/ld+json\" class=\"yoast-schema-graph\">{\"@context\":\"https:\\\/\\\/schema.org\",\"@graph\":[{\"@type\":\"Article\",\"@id\":\"https:\\\/\\\/www.krafthand.de\\\/truck\\\/artikel\\\/zf-wird-hauptlieferant-fuer-mehrere-kernsysteme-des-volta-zero-36700\\\/#article\",\"isPartOf\":{\"@id\":\"https:\\\/\\\/www.krafthand.de\\\/truck\\\/artikel\\\/zf-wird-hauptlieferant-fuer-mehrere-kernsysteme-des-volta-zero-36700\\\/\"},\"author\":{\"name\":\"georg.blenk@krafthand-medien.de\",\"@id\":\"https:\\\/\\\/www.krafthand.de\\\/truck\\\/#\\\/schema\\\/person\\\/51fa80b1c57034c4bf63f9f988fc24ce\"},\"headline\":\"Volta Trucks: ZF liefert mehrere Kernsysteme f\u00fcr den Volta Zero\",\"datePublished\":\"2023-07-05T14:46:26+00:00\",\"dateModified\":\"2023-07-05T14:55:02+00:00\",\"mainEntityOfPage\":{\"@id\":\"https:\\\/\\\/www.krafthand.de\\\/truck\\\/artikel\\\/zf-wird-hauptlieferant-fuer-mehrere-kernsysteme-des-volta-zero-36700\\\/\"},\"wordCount\":342,\"image\":{\"@id\":\"https:\\\/\\\/www.krafthand.de\\\/truck\\\/artikel\\\/zf-wird-hauptlieferant-fuer-mehrere-kernsysteme-des-volta-zero-36700\\\/#primaryimage\"},\"thumbnailUrl\":\"https:\\\/\\\/static.krafthand-truck.de\\\/uploads\\\/2023\\\/07\\\/Volta_Trucks_Volta_Zero_ZF_CVS_Uebersicht_Komponenten.jpg\",\"keywords\":[\"Volta-Trucks\",\"ZF\"],\"articleSection\":[\"Assistenzsysteme\",\"E-Antrieb (BEV\\\/FCEV)\",\"Fahrwerk\\\/D\u00e4mpfung\",\"Neue Fahrzeuge\"],\"inLanguage\":\"de\"},{\"@type\":\"WebPage\",\"@id\":\"https:\\\/\\\/www.krafthand.de\\\/truck\\\/artikel\\\/zf-wird-hauptlieferant-fuer-mehrere-kernsysteme-des-volta-zero-36700\\\/\",\"url\":\"https:\\\/\\\/www.krafthand.de\\\/truck\\\/artikel\\\/zf-wird-hauptlieferant-fuer-mehrere-kernsysteme-des-volta-zero-36700\\\/\",\"name\":\"Volta Trucks: ZF liefert mehrere Kernsysteme f\u00fcr den Volta Zero - Krafthand-Truck\",\"isPartOf\":{\"@id\":\"https:\\\/\\\/www.krafthand.de\\\/truck\\\/#website\"},\"primaryImageOfPage\":{\"@id\":\"https:\\\/\\\/www.krafthand.de\\\/truck\\\/artikel\\\/zf-wird-hauptlieferant-fuer-mehrere-kernsysteme-des-volta-zero-36700\\\/#primaryimage\"},\"image\":{\"@id\":\"https:\\\/\\\/www.krafthand.de\\\/truck\\\/artikel\\\/zf-wird-hauptlieferant-fuer-mehrere-kernsysteme-des-volta-zero-36700\\\/#primaryimage\"},\"thumbnailUrl\":\"https:\\\/\\\/static.krafthand-truck.de\\\/uploads\\\/2023\\\/07\\\/Volta_Trucks_Volta_Zero_ZF_CVS_Uebersicht_Komponenten.jpg\",\"datePublished\":\"2023-07-05T14:46:26+00:00\",\"dateModified\":\"2023-07-05T14:55:02+00:00\",\"author\":{\"@id\":\"https:\\\/\\\/www.krafthand.de\\\/truck\\\/#\\\/schema\\\/person\\\/51fa80b1c57034c4bf63f9f988fc24ce\"},\"description\":\"ZF liefert mehre Systeme f\u00fcr den vollelektrischen Volta Zero, darunter die Vorderachse, ADAS und die Luftfederung.\",\"breadcrumb\":{\"@id\":\"https:\\\/\\\/www.krafthand.de\\\/truck\\\/artikel\\\/zf-wird-hauptlieferant-fuer-mehrere-kernsysteme-des-volta-zero-36700\\\/#breadcrumb\"},\"inLanguage\":\"de\",\"potentialAction\":[{\"@type\":\"ReadAction\",\"target\":[\"https:\\\/\\\/www.krafthand.de\\\/truck\\\/artikel\\\/zf-wird-hauptlieferant-fuer-mehrere-kernsysteme-des-volta-zero-36700\\\/\"]}]},{\"@type\":\"ImageObject\",\"inLanguage\":\"de\",\"@id\":\"https:\\\/\\\/www.krafthand.de\\\/truck\\\/artikel\\\/zf-wird-hauptlieferant-fuer-mehrere-kernsysteme-des-volta-zero-36700\\\/#primaryimage\",\"url\":\"https:\\\/\\\/static.krafthand-truck.de\\\/uploads\\\/2023\\\/07\\\/Volta_Trucks_Volta_Zero_ZF_CVS_Uebersicht_Komponenten.jpg\",\"contentUrl\":\"https:\\\/\\\/static.krafthand-truck.de\\\/uploads\\\/2023\\\/07\\\/Volta_Trucks_Volta_Zero_ZF_CVS_Uebersicht_Komponenten.jpg\",\"width\":1200,\"height\":660,\"caption\":\"ZF \\\/CVS) liefert zahlreiche Kernsysteme f\u00fcr den vollelektrischen Volta Zero.\"},{\"@type\":\"BreadcrumbList\",\"@id\":\"https:\\\/\\\/www.krafthand.de\\\/truck\\\/artikel\\\/zf-wird-hauptlieferant-fuer-mehrere-kernsysteme-des-volta-zero-36700\\\/#breadcrumb\",\"itemListElement\":[{\"@type\":\"ListItem\",\"position\":1,\"name\":\"Krafthand-Truck\",\"item\":\"https:\\\/\\\/www.krafthand.de\\\/truck\\\/\"},{\"@type\":\"ListItem\",\"position\":2,\"name\":\"IT+Fuhrpark\",\"item\":\"https:\\\/\\\/www.krafthand.de\\\/truck\\\/kategorie\\\/fuhrpark\\\/\"},{\"@type\":\"ListItem\",\"position\":3,\"name\":\"Neue Fahrzeuge\",\"item\":\"https:\\\/\\\/www.krafthand.de\\\/truck\\\/kategorie\\\/fuhrpark\\\/neue-fahrzeuge\\\/\"},{\"@type\":\"ListItem\",\"position\":4,\"name\":\"Volta Trucks: ZF liefert mehrere Kernsysteme f\u00fcr den Volta Zero\"}]},{\"@type\":\"WebSite\",\"@id\":\"https:\\\/\\\/www.krafthand.de\\\/truck\\\/#website\",\"url\":\"https:\\\/\\\/www.krafthand.de\\\/truck\\\/\",\"name\":\"Krafthand-Truck\",\"description\":\"\",\"potentialAction\":[{\"@type\":\"SearchAction\",\"target\":{\"@type\":\"EntryPoint\",\"urlTemplate\":\"https:\\\/\\\/www.krafthand.de\\\/truck\\\/?s={search_term_string}\"},\"query-input\":{\"@type\":\"PropertyValueSpecification\",\"valueRequired\":true,\"valueName\":\"search_term_string\"}}],\"inLanguage\":\"de\"},{\"@type\":\"Person\",\"@id\":\"https:\\\/\\\/www.krafthand.de\\\/truck\\\/#\\\/schema\\\/person\\\/51fa80b1c57034c4bf63f9f988fc24ce\",\"name\":\"georg.blenk@krafthand-medien.de\",\"image\":{\"@type\":\"ImageObject\",\"inLanguage\":\"de\",\"@id\":\"https:\\\/\\\/secure.gravatar.com\\\/avatar\\\/93713c30affe0aa95d3a4130e499bb1abee2eb31adbdd9ce2aa1543538490215?s=96&d=mm&r=g\",\"url\":\"https:\\\/\\\/secure.gravatar.com\\\/avatar\\\/93713c30affe0aa95d3a4130e499bb1abee2eb31adbdd9ce2aa1543538490215?s=96&d=mm&r=g\",\"contentUrl\":\"https:\\\/\\\/secure.gravatar.com\\\/avatar\\\/93713c30affe0aa95d3a4130e499bb1abee2eb31adbdd9ce2aa1543538490215?s=96&d=mm&r=g\",\"caption\":\"georg.blenk@krafthand-medien.de\"}}]}<\/script>\n<!-- \/ Yoast SEO plugin. -->","yoast_head_json":{"title":"Volta Trucks: ZF liefert mehrere Kernsysteme f\u00fcr den Volta Zero - Krafthand-Truck","description":"ZF liefert mehre Systeme f\u00fcr den vollelektrischen Volta Zero, darunter die Vorderachse, ADAS und die Luftfederung.","robots":{"index":"index","follow":"follow","max-snippet":"max-snippet:-1","max-image-preview":"max-image-preview:large","max-video-preview":"max-video-preview:-1"},"canonical":"https:\/\/www.krafthand.de\/truck\/artikel\/zf-wird-hauptlieferant-fuer-mehrere-kernsysteme-des-volta-zero-36700\/","og_locale":"de_DE","og_type":"article","og_title":"Volta Trucks: ZF liefert mehrere Kernsysteme f\u00fcr den Volta Zero - Krafthand-Truck","og_description":"ZF liefert mehre Systeme f\u00fcr den vollelektrischen Volta Zero, darunter die Vorderachse, ADAS und die Luftfederung.","og_url":"https:\/\/www.krafthand-truck.de\/artikel\/zf-wird-hauptlieferant-fuer-mehrere-kernsysteme-des-volta-zero-36700\/","og_site_name":"Krafthand-Truck","article_published_time":"2023-07-05T14:46:26+00:00","article_modified_time":"2023-07-05T14:55:02+00:00","og_image":[{"width":1200,"height":660,"url":"https:\/\/static.krafthand-truck.de\/uploads\/2023\/07\/Volta_Trucks_Volta_Zero_ZF_CVS_Uebersicht_Komponenten.jpg","type":"image\/jpeg"}],"author":"georg.blenk@krafthand-medien.de","twitter_card":"summary_large_image","twitter_misc":{"Verfasst von":"georg.blenk@krafthand-medien.de","Gesch\u00e4tzte Lesezeit":"2\u00a0Minuten"},"schema":{"@context":"https:\/\/schema.org","@graph":[{"@type":"Article","@id":"https:\/\/www.krafthand.de\/truck\/artikel\/zf-wird-hauptlieferant-fuer-mehrere-kernsysteme-des-volta-zero-36700\/#article","isPartOf":{"@id":"https:\/\/www.krafthand.de\/truck\/artikel\/zf-wird-hauptlieferant-fuer-mehrere-kernsysteme-des-volta-zero-36700\/"},"author":{"name":"georg.blenk@krafthand-medien.de","@id":"https:\/\/www.krafthand.de\/truck\/#\/schema\/person\/51fa80b1c57034c4bf63f9f988fc24ce"},"headline":"Volta Trucks: ZF liefert mehrere Kernsysteme f\u00fcr den Volta Zero","datePublished":"2023-07-05T14:46:26+00:00","dateModified":"2023-07-05T14:55:02+00:00","mainEntityOfPage":{"@id":"https:\/\/www.krafthand.de\/truck\/artikel\/zf-wird-hauptlieferant-fuer-mehrere-kernsysteme-des-volta-zero-36700\/"},"wordCount":342,"image":{"@id":"https:\/\/www.krafthand.de\/truck\/artikel\/zf-wird-hauptlieferant-fuer-mehrere-kernsysteme-des-volta-zero-36700\/#primaryimage"},"thumbnailUrl":"https:\/\/static.krafthand-truck.de\/uploads\/2023\/07\/Volta_Trucks_Volta_Zero_ZF_CVS_Uebersicht_Komponenten.jpg","keywords":["Volta-Trucks","ZF"],"articleSection":["Assistenzsysteme","E-Antrieb (BEV\/FCEV)","Fahrwerk\/D\u00e4mpfung","Neue Fahrzeuge"],"inLanguage":"de"},{"@type":"WebPage","@id":"https:\/\/www.krafthand.de\/truck\/artikel\/zf-wird-hauptlieferant-fuer-mehrere-kernsysteme-des-volta-zero-36700\/","url":"https:\/\/www.krafthand.de\/truck\/artikel\/zf-wird-hauptlieferant-fuer-mehrere-kernsysteme-des-volta-zero-36700\/","name":"Volta Trucks: ZF liefert mehrere Kernsysteme f\u00fcr den Volta Zero - Krafthand-Truck","isPartOf":{"@id":"https:\/\/www.krafthand.de\/truck\/#website"},"primaryImageOfPage":{"@id":"https:\/\/www.krafthand.de\/truck\/artikel\/zf-wird-hauptlieferant-fuer-mehrere-kernsysteme-des-volta-zero-36700\/#primaryimage"},"image":{"@id":"https:\/\/www.krafthand.de\/truck\/artikel\/zf-wird-hauptlieferant-fuer-mehrere-kernsysteme-des-volta-zero-36700\/#primaryimage"},"thumbnailUrl":"https:\/\/static.krafthand-truck.de\/uploads\/2023\/07\/Volta_Trucks_Volta_Zero_ZF_CVS_Uebersicht_Komponenten.jpg","datePublished":"2023-07-05T14:46:26+00:00","dateModified":"2023-07-05T14:55:02+00:00","author":{"@id":"https:\/\/www.krafthand.de\/truck\/#\/schema\/person\/51fa80b1c57034c4bf63f9f988fc24ce"},"description":"ZF liefert mehre Systeme f\u00fcr den vollelektrischen Volta Zero, darunter die Vorderachse, ADAS und die Luftfederung.","breadcrumb":{"@id":"https:\/\/www.krafthand.de\/truck\/artikel\/zf-wird-hauptlieferant-fuer-mehrere-kernsysteme-des-volta-zero-36700\/#breadcrumb"},"inLanguage":"de","potentialAction":[{"@type":"ReadAction","target":["https:\/\/www.krafthand.de\/truck\/artikel\/zf-wird-hauptlieferant-fuer-mehrere-kernsysteme-des-volta-zero-36700\/"]}]},{"@type":"ImageObject","inLanguage":"de","@id":"https:\/\/www.krafthand.de\/truck\/artikel\/zf-wird-hauptlieferant-fuer-mehrere-kernsysteme-des-volta-zero-36700\/#primaryimage","url":"https:\/\/static.krafthand-truck.de\/uploads\/2023\/07\/Volta_Trucks_Volta_Zero_ZF_CVS_Uebersicht_Komponenten.jpg","contentUrl":"https:\/\/static.krafthand-truck.de\/uploads\/2023\/07\/Volta_Trucks_Volta_Zero_ZF_CVS_Uebersicht_Komponenten.jpg","width":1200,"height":660,"caption":"ZF \/CVS) liefert zahlreiche Kernsysteme f\u00fcr den vollelektrischen Volta Zero."},{"@type":"BreadcrumbList","@id":"https:\/\/www.krafthand.de\/truck\/artikel\/zf-wird-hauptlieferant-fuer-mehrere-kernsysteme-des-volta-zero-36700\/#breadcrumb","itemListElement":[{"@type":"ListItem","position":1,"name":"Krafthand-Truck","item":"https:\/\/www.krafthand.de\/truck\/"},{"@type":"ListItem","position":2,"name":"IT+Fuhrpark","item":"https:\/\/www.krafthand.de\/truck\/kategorie\/fuhrpark\/"},{"@type":"ListItem","position":3,"name":"Neue Fahrzeuge","item":"https:\/\/www.krafthand.de\/truck\/kategorie\/fuhrpark\/neue-fahrzeuge\/"},{"@type":"ListItem","position":4,"name":"Volta Trucks: ZF liefert mehrere Kernsysteme f\u00fcr den Volta Zero"}]},{"@type":"WebSite","@id":"https:\/\/www.krafthand.de\/truck\/#website","url":"https:\/\/www.krafthand.de\/truck\/","name":"Krafthand-Truck","description":"","potentialAction":[{"@type":"SearchAction","target":{"@type":"EntryPoint","urlTemplate":"https:\/\/www.krafthand.de\/truck\/?s={search_term_string}"},"query-input":{"@type":"PropertyValueSpecification","valueRequired":true,"valueName":"search_term_string"}}],"inLanguage":"de"},{"@type":"Person","@id":"https:\/\/www.krafthand.de\/truck\/#\/schema\/person\/51fa80b1c57034c4bf63f9f988fc24ce","name":"georg.blenk@krafthand-medien.de","image":{"@type":"ImageObject","inLanguage":"de","@id":"https:\/\/secure.gravatar.com\/avatar\/93713c30affe0aa95d3a4130e499bb1abee2eb31adbdd9ce2aa1543538490215?s=96&d=mm&r=g","url":"https:\/\/secure.gravatar.com\/avatar\/93713c30affe0aa95d3a4130e499bb1abee2eb31adbdd9ce2aa1543538490215?s=96&d=mm&r=g","contentUrl":"https:\/\/secure.gravatar.com\/avatar\/93713c30affe0aa95d3a4130e499bb1abee2eb31adbdd9ce2aa1543538490215?s=96&d=mm&r=g","caption":"georg.blenk@krafthand-medien.de"}}]}},"_links":{"self":[{"href":"https:\/\/www.krafthand.de\/truck\/wp-json\/wp\/v2\/posts\/36700","targetHints":{"allow":["GET"]}}],"collection":[{"href":"https:\/\/www.krafthand.de\/truck\/wp-json\/wp\/v2\/posts"}],"about":[{"href":"https:\/\/www.krafthand.de\/truck\/wp-json\/wp\/v2\/types\/post"}],"author":[{"embeddable":true,"href":"https:\/\/www.krafthand.de\/truck\/wp-json\/wp\/v2\/users\/9"}],"replies":[{"embeddable":true,"href":"https:\/\/www.krafthand.de\/truck\/wp-json\/wp\/v2\/comments?post=36700"}],"version-history":[{"count":20,"href":"https:\/\/www.krafthand.de\/truck\/wp-json\/wp\/v2\/posts\/36700\/revisions"}],"predecessor-version":[{"id":36722,"href":"https:\/\/www.krafthand.de\/truck\/wp-json\/wp\/v2\/posts\/36700\/revisions\/36722"}],"wp:featuredmedia":[{"embeddable":true,"href":"https:\/\/www.krafthand.de\/truck\/wp-json\/wp\/v2\/media\/36705"}],"wp:attachment":[{"href":"https:\/\/www.krafthand.de\/truck\/wp-json\/wp\/v2\/media?parent=36700"}],"wp:term":[{"taxonomy":"category","embeddable":true,"href":"https:\/\/www.krafthand.de\/truck\/wp-json\/wp\/v2\/categories?post=36700"},{"taxonomy":"post_tag","embeddable":true,"href":"https:\/\/www.krafthand.de\/truck\/wp-json\/wp\/v2\/tags?post=36700"},{"taxonomy":"settings","embeddable":true,"href":"https:\/\/www.krafthand.de\/truck\/wp-json\/wp\/v2\/settings?post=36700"}],"curies":[{"name":"wp","href":"https:\/\/api.w.org\/{rel}","templated":true}]}}