{"id":36669,"date":"2023-07-04T14:53:51","date_gmt":"2023-07-04T12:53:51","guid":{"rendered":"https:\/\/www.krafthand.de\/truck\/?p=36669"},"modified":"2023-07-04T14:54:54","modified_gmt":"2023-07-04T12:54:54","slug":"diesel-technic-parts-specialists-beim-truck-grand-prix-am-nuerburgring","status":"publish","type":"post","link":"https:\/\/www.krafthand.de\/truck\/artikel\/diesel-technic-parts-specialists-beim-truck-grand-prix-am-nuerburgring-36669\/","title":{"rendered":"Diesel Technic: Parts Specialists beim Truck-Grand-Prix am N\u00fcrburgring"},"content":{"rendered":"<p>Im Rahmen des 36. Internationalen <a href=\"https:\/\/truck-grand-prix.de\" target=\"_blank\" rel=\"noopener\">ADAC Truck-Grand-Prix<\/a> vom 13.-16. Juli 2023 am N\u00fcrburgring sind die Parts Specialists von Diesel Technic wieder mit einem eigenem Stand vertreten. Im Rahmen des Truck-Racing-Events haben sie f\u00fcr alle Nutzer von Fahrzeugteilen der Marke <a href=\"https:\/\/www.dt-spareparts.com\/de\/\" target=\"_blank\" rel=\"noopener\">DT Spare Parts<\/a> ein offenes Ohr, geben praktische Tipps und bieten diverse Aktionen an.<\/p>\n<figure id=\"attachment_36674\" aria-describedby=\"caption-attachment-36674\" style=\"width: 380px\" class=\"wp-caption alignleft\"><a href=\"https:\/\/static.krafthand-truck.de\/uploads\/2023\/07\/DT_Spareparts_Nuerburgring_Stand_Truck_Grand_Prix_2022.jpg\" target=\"_blank\" rel=\"noopener\"><img fetchpriority=\"high\" decoding=\"async\" class=\"wp-image-36674\" src=\"https:\/\/static.krafthand-truck.de\/uploads\/2023\/07\/DT_Spareparts_Nuerburgring_Stand_Truck_Grand_Prix_2022-300x200.jpg\" alt=\"\" width=\"380\" height=\"253\" srcset=\"https:\/\/static.krafthand-truck.de\/uploads\/2023\/07\/DT_Spareparts_Nuerburgring_Stand_Truck_Grand_Prix_2022-300x200.jpg 300w, https:\/\/static.krafthand-truck.de\/uploads\/2023\/07\/DT_Spareparts_Nuerburgring_Stand_Truck_Grand_Prix_2022-1024x683.jpg 1024w, https:\/\/static.krafthand-truck.de\/uploads\/2023\/07\/DT_Spareparts_Nuerburgring_Stand_Truck_Grand_Prix_2022-768x512.jpg 768w, https:\/\/static.krafthand-truck.de\/uploads\/2023\/07\/DT_Spareparts_Nuerburgring_Stand_Truck_Grand_Prix_2022.jpg 1200w\" sizes=\"(max-width: 380px) 100vw, 380px\" \/><\/a><figcaption id=\"caption-attachment-36674\" class=\"wp-caption-text\">Die Werkstattprofis von Diesel Technic sind auch dieses Jahr wieder am N\u00fcrburgring pr\u00e4sent.<\/figcaption><\/figure>\n<p>DT Spare Parts ist einer der Sponsoren des Teams <a href=\"https:\/\/www.sl-trucksport.de\" target=\"_blank\" rel=\"noopener\">SL TruckSport 30<\/a> mit Profi-Rennfahrer Sascha Lenz. Mit einem zweiten und zwei dritten Pl\u00e4tzen feierte der Wei\u00dfenthurmer MAN-Pilot eine \u00e4u\u00dferst erfolgreiches Wochenende beim dritten Lauf zur Europameisterschaft in Polen. Dank der \u201eTruck Racing Experience\u201c haben nun Mitglieder des Parts Specialists Club die M\u00f6glichkeit, das Renn-Wochenende vor Ort am N\u00fcrburgring zu erleben, um gemeinsam hinter die Kulissen zu schauen und Sascha Lenz pers\u00f6nlich in der Box zu treffen.<\/p>\n<p>Die Werkstattprofis von Diesel Technic freuen sich beim Truck-Grand-Prix auf viele Fachgespr\u00e4che am N\u00fcrburgring. Die <a href=\"https:\/\/www.parts-specialists.com\/de\/parts-specialists\/\" target=\"_blank\" rel=\"noopener\">Parts Specialists<\/a> bieten spezielle Services f\u00fcr Mitarbeiter von Fuhrparks und Werkst\u00e4tten, die ihnen pers\u00f6nlich w\u00e4hrend des Truck-Grand-Prix vorgestellt werden. Zus\u00e4tzliche Unterst\u00fctzung erfahren Werkstattmitarbeiter \u00fcber detaillierte Montageanleitungen und Videos, die gesammelt im YouTube-Channel der Parts Specialists unter <a href=\"https:\/\/www.youtube.com\/user\/DieselTechnicGroup\" target=\"_blank\" rel=\"noopener\">ps-web.tv<\/a> zu finden sind.<\/p>\n","protected":false},"excerpt":{"rendered":"<p>Im Rahmen des 36. Internationalen ADAC Truck-Grand-Prix vom 13.-16. Juli 2023 am N\u00fcrburgring sind die Parts Specialists von Diesel Technic wieder mit einem eigenem Stand vertreten. Im Rahmen des Truck-Racing-Events haben sie f\u00fcr alle Nutzer von Fahrzeugteilen der Marke DT Spare Parts ein offenes Ohr, geben praktische Tipps und bieten diverse Aktionen an. <span class=\"excerpt-more__dots\">&#8230;<\/span> <a class=\"excerpt-more__link\" href=\"https:\/\/www.krafthand.de\/truck\/artikel\/diesel-technic-parts-specialists-beim-truck-grand-prix-am-nuerburgring-36669\/\" >weiter<\/a><\/p>\n","protected":false},"author":9,"featured_media":36675,"comment_status":"closed","ping_status":"closed","sticky":false,"template":"","format":"standard","meta":{"footnotes":""},"categories":[4236],"tags":[223,4283,5677,145],"settings":[3524,3523],"class_list":["post-36669","post","type-post","status-publish","format-standard","has-post-thumbnail","hentry","category-veranstaltungen","tag-diesel-technic","tag-dt-spareparts","tag-sascha-lenz","tag-truck-grand-prix"],"yoast_head":"<!-- This site is optimized with the Yoast SEO plugin v27.3 - https:\/\/yoast.com\/product\/yoast-seo-wordpress\/ -->\n<title>Diesel Technic: Parts Specialists beim Truck-Grand-Prix am N\u00fcrburgring - Krafthand-Truck<\/title>\n<meta name=\"description\" content=\"Beim ADAC Truck-Grand-Prix vom 13.-16. Juli 2023 am N\u00fcrburgring sind die Parts Specialists von Diesel Technic mit einem eigenem Stand vertreten.\" \/>\n<meta name=\"robots\" content=\"index, follow, max-snippet:-1, max-image-preview:large, max-video-preview:-1\" \/>\n<link rel=\"canonical\" href=\"https:\/\/www.krafthand.de\/truck\/artikel\/diesel-technic-parts-specialists-beim-truck-grand-prix-am-nuerburgring-36669\/\" \/>\n<meta property=\"og:locale\" content=\"de_DE\" \/>\n<meta property=\"og:type\" content=\"article\" \/>\n<meta property=\"og:title\" content=\"Diesel Technic: Parts Specialists beim Truck-Grand-Prix am N\u00fcrburgring - Krafthand-Truck\" \/>\n<meta property=\"og:description\" content=\"Beim ADAC Truck-Grand-Prix vom 13.-16. Juli 2023 am N\u00fcrburgring sind die Parts Specialists von Diesel Technic mit einem eigenem Stand vertreten.\" \/>\n<meta property=\"og:url\" content=\"https:\/\/www.krafthand-truck.de\/artikel\/diesel-technic-parts-specialists-beim-truck-grand-prix-am-nuerburgring-36669\/\" \/>\n<meta property=\"og:site_name\" content=\"Krafthand-Truck\" \/>\n<meta property=\"article:published_time\" content=\"2023-07-04T12:53:51+00:00\" \/>\n<meta property=\"article:modified_time\" content=\"2023-07-04T12:54:54+00:00\" \/>\n<meta property=\"og:image\" content=\"https:\/\/static.krafthand-truck.de\/uploads\/2023\/07\/DT_Spareparts_Truck_Grand_Prix_Team_SL_Trucksport_30_Sascha_Lenz.jpg\" \/>\n\t<meta property=\"og:image:width\" content=\"1200\" \/>\n\t<meta property=\"og:image:height\" content=\"591\" \/>\n\t<meta property=\"og:image:type\" content=\"image\/jpeg\" \/>\n<meta name=\"author\" content=\"georg.blenk@krafthand-medien.de\" \/>\n<meta name=\"twitter:card\" content=\"summary_large_image\" \/>\n<meta name=\"twitter:label1\" content=\"Verfasst von\" \/>\n\t<meta name=\"twitter:data1\" content=\"georg.blenk@krafthand-medien.de\" \/>\n\t<meta name=\"twitter:label2\" content=\"Gesch\u00e4tzte Lesezeit\" \/>\n\t<meta name=\"twitter:data2\" content=\"2\u00a0Minuten\" \/>\n<script type=\"application\/ld+json\" class=\"yoast-schema-graph\">{\"@context\":\"https:\\\/\\\/schema.org\",\"@graph\":[{\"@type\":\"Article\",\"@id\":\"https:\\\/\\\/www.krafthand.de\\\/truck\\\/artikel\\\/diesel-technic-parts-specialists-beim-truck-grand-prix-am-nuerburgring-36669\\\/#article\",\"isPartOf\":{\"@id\":\"https:\\\/\\\/www.krafthand.de\\\/truck\\\/artikel\\\/diesel-technic-parts-specialists-beim-truck-grand-prix-am-nuerburgring-36669\\\/\"},\"author\":{\"name\":\"georg.blenk@krafthand-medien.de\",\"@id\":\"https:\\\/\\\/www.krafthand.de\\\/truck\\\/#\\\/schema\\\/person\\\/51fa80b1c57034c4bf63f9f988fc24ce\"},\"headline\":\"Diesel Technic: Parts Specialists beim Truck-Grand-Prix am N\u00fcrburgring\",\"datePublished\":\"2023-07-04T12:53:51+00:00\",\"dateModified\":\"2023-07-04T12:54:54+00:00\",\"mainEntityOfPage\":{\"@id\":\"https:\\\/\\\/www.krafthand.de\\\/truck\\\/artikel\\\/diesel-technic-parts-specialists-beim-truck-grand-prix-am-nuerburgring-36669\\\/\"},\"wordCount\":229,\"image\":{\"@id\":\"https:\\\/\\\/www.krafthand.de\\\/truck\\\/artikel\\\/diesel-technic-parts-specialists-beim-truck-grand-prix-am-nuerburgring-36669\\\/#primaryimage\"},\"thumbnailUrl\":\"https:\\\/\\\/static.krafthand-truck.de\\\/uploads\\\/2023\\\/07\\\/DT_Spareparts_Truck_Grand_Prix_Team_SL_Trucksport_30_Sascha_Lenz.jpg\",\"keywords\":[\"Diesel Technic\",\"DT Spareparts\",\"Sascha Lenz\",\"Truck-Grand-Prix\"],\"articleSection\":[\"Veranstaltungen\\\/Messen\"],\"inLanguage\":\"de\"},{\"@type\":\"WebPage\",\"@id\":\"https:\\\/\\\/www.krafthand.de\\\/truck\\\/artikel\\\/diesel-technic-parts-specialists-beim-truck-grand-prix-am-nuerburgring-36669\\\/\",\"url\":\"https:\\\/\\\/www.krafthand.de\\\/truck\\\/artikel\\\/diesel-technic-parts-specialists-beim-truck-grand-prix-am-nuerburgring-36669\\\/\",\"name\":\"Diesel Technic: Parts Specialists beim Truck-Grand-Prix am N\u00fcrburgring - Krafthand-Truck\",\"isPartOf\":{\"@id\":\"https:\\\/\\\/www.krafthand.de\\\/truck\\\/#website\"},\"primaryImageOfPage\":{\"@id\":\"https:\\\/\\\/www.krafthand.de\\\/truck\\\/artikel\\\/diesel-technic-parts-specialists-beim-truck-grand-prix-am-nuerburgring-36669\\\/#primaryimage\"},\"image\":{\"@id\":\"https:\\\/\\\/www.krafthand.de\\\/truck\\\/artikel\\\/diesel-technic-parts-specialists-beim-truck-grand-prix-am-nuerburgring-36669\\\/#primaryimage\"},\"thumbnailUrl\":\"https:\\\/\\\/static.krafthand-truck.de\\\/uploads\\\/2023\\\/07\\\/DT_Spareparts_Truck_Grand_Prix_Team_SL_Trucksport_30_Sascha_Lenz.jpg\",\"datePublished\":\"2023-07-04T12:53:51+00:00\",\"dateModified\":\"2023-07-04T12:54:54+00:00\",\"author\":{\"@id\":\"https:\\\/\\\/www.krafthand.de\\\/truck\\\/#\\\/schema\\\/person\\\/51fa80b1c57034c4bf63f9f988fc24ce\"},\"description\":\"Beim ADAC Truck-Grand-Prix vom 13.-16. Juli 2023 am N\u00fcrburgring sind die Parts Specialists von Diesel Technic mit einem eigenem Stand vertreten.\",\"breadcrumb\":{\"@id\":\"https:\\\/\\\/www.krafthand.de\\\/truck\\\/artikel\\\/diesel-technic-parts-specialists-beim-truck-grand-prix-am-nuerburgring-36669\\\/#breadcrumb\"},\"inLanguage\":\"de\",\"potentialAction\":[{\"@type\":\"ReadAction\",\"target\":[\"https:\\\/\\\/www.krafthand.de\\\/truck\\\/artikel\\\/diesel-technic-parts-specialists-beim-truck-grand-prix-am-nuerburgring-36669\\\/\"]}]},{\"@type\":\"ImageObject\",\"inLanguage\":\"de\",\"@id\":\"https:\\\/\\\/www.krafthand.de\\\/truck\\\/artikel\\\/diesel-technic-parts-specialists-beim-truck-grand-prix-am-nuerburgring-36669\\\/#primaryimage\",\"url\":\"https:\\\/\\\/static.krafthand-truck.de\\\/uploads\\\/2023\\\/07\\\/DT_Spareparts_Truck_Grand_Prix_Team_SL_Trucksport_30_Sascha_Lenz.jpg\",\"contentUrl\":\"https:\\\/\\\/static.krafthand-truck.de\\\/uploads\\\/2023\\\/07\\\/DT_Spareparts_Truck_Grand_Prix_Team_SL_Trucksport_30_Sascha_Lenz.jpg\",\"width\":1200,\"height\":591},{\"@type\":\"BreadcrumbList\",\"@id\":\"https:\\\/\\\/www.krafthand.de\\\/truck\\\/artikel\\\/diesel-technic-parts-specialists-beim-truck-grand-prix-am-nuerburgring-36669\\\/#breadcrumb\",\"itemListElement\":[{\"@type\":\"ListItem\",\"position\":1,\"name\":\"Krafthand-Truck\",\"item\":\"https:\\\/\\\/www.krafthand.de\\\/truck\\\/\"},{\"@type\":\"ListItem\",\"position\":2,\"name\":\"Nfz-Branche\",\"item\":\"https:\\\/\\\/www.krafthand.de\\\/truck\\\/kategorie\\\/branche\\\/\"},{\"@type\":\"ListItem\",\"position\":3,\"name\":\"Veranstaltungen\\\/Messen\",\"item\":\"https:\\\/\\\/www.krafthand.de\\\/truck\\\/kategorie\\\/branche\\\/veranstaltungen\\\/\"},{\"@type\":\"ListItem\",\"position\":4,\"name\":\"Diesel Technic: Parts Specialists beim Truck-Grand-Prix am N\u00fcrburgring\"}]},{\"@type\":\"WebSite\",\"@id\":\"https:\\\/\\\/www.krafthand.de\\\/truck\\\/#website\",\"url\":\"https:\\\/\\\/www.krafthand.de\\\/truck\\\/\",\"name\":\"Krafthand-Truck\",\"description\":\"\",\"potentialAction\":[{\"@type\":\"SearchAction\",\"target\":{\"@type\":\"EntryPoint\",\"urlTemplate\":\"https:\\\/\\\/www.krafthand.de\\\/truck\\\/?s={search_term_string}\"},\"query-input\":{\"@type\":\"PropertyValueSpecification\",\"valueRequired\":true,\"valueName\":\"search_term_string\"}}],\"inLanguage\":\"de\"},{\"@type\":\"Person\",\"@id\":\"https:\\\/\\\/www.krafthand.de\\\/truck\\\/#\\\/schema\\\/person\\\/51fa80b1c57034c4bf63f9f988fc24ce\",\"name\":\"georg.blenk@krafthand-medien.de\",\"image\":{\"@type\":\"ImageObject\",\"inLanguage\":\"de\",\"@id\":\"https:\\\/\\\/secure.gravatar.com\\\/avatar\\\/93713c30affe0aa95d3a4130e499bb1abee2eb31adbdd9ce2aa1543538490215?s=96&d=mm&r=g\",\"url\":\"https:\\\/\\\/secure.gravatar.com\\\/avatar\\\/93713c30affe0aa95d3a4130e499bb1abee2eb31adbdd9ce2aa1543538490215?s=96&d=mm&r=g\",\"contentUrl\":\"https:\\\/\\\/secure.gravatar.com\\\/avatar\\\/93713c30affe0aa95d3a4130e499bb1abee2eb31adbdd9ce2aa1543538490215?s=96&d=mm&r=g\",\"caption\":\"georg.blenk@krafthand-medien.de\"}}]}<\/script>\n<!-- \/ Yoast SEO plugin. -->","yoast_head_json":{"title":"Diesel Technic: Parts Specialists beim Truck-Grand-Prix am N\u00fcrburgring - Krafthand-Truck","description":"Beim ADAC Truck-Grand-Prix vom 13.-16. Juli 2023 am N\u00fcrburgring sind die Parts Specialists von Diesel Technic mit einem eigenem Stand vertreten.","robots":{"index":"index","follow":"follow","max-snippet":"max-snippet:-1","max-image-preview":"max-image-preview:large","max-video-preview":"max-video-preview:-1"},"canonical":"https:\/\/www.krafthand.de\/truck\/artikel\/diesel-technic-parts-specialists-beim-truck-grand-prix-am-nuerburgring-36669\/","og_locale":"de_DE","og_type":"article","og_title":"Diesel Technic: Parts Specialists beim Truck-Grand-Prix am N\u00fcrburgring - Krafthand-Truck","og_description":"Beim ADAC Truck-Grand-Prix vom 13.-16. Juli 2023 am N\u00fcrburgring sind die Parts Specialists von Diesel Technic mit einem eigenem Stand vertreten.","og_url":"https:\/\/www.krafthand-truck.de\/artikel\/diesel-technic-parts-specialists-beim-truck-grand-prix-am-nuerburgring-36669\/","og_site_name":"Krafthand-Truck","article_published_time":"2023-07-04T12:53:51+00:00","article_modified_time":"2023-07-04T12:54:54+00:00","og_image":[{"width":1200,"height":591,"url":"https:\/\/static.krafthand-truck.de\/uploads\/2023\/07\/DT_Spareparts_Truck_Grand_Prix_Team_SL_Trucksport_30_Sascha_Lenz.jpg","type":"image\/jpeg"}],"author":"georg.blenk@krafthand-medien.de","twitter_card":"summary_large_image","twitter_misc":{"Verfasst von":"georg.blenk@krafthand-medien.de","Gesch\u00e4tzte Lesezeit":"2\u00a0Minuten"},"schema":{"@context":"https:\/\/schema.org","@graph":[{"@type":"Article","@id":"https:\/\/www.krafthand.de\/truck\/artikel\/diesel-technic-parts-specialists-beim-truck-grand-prix-am-nuerburgring-36669\/#article","isPartOf":{"@id":"https:\/\/www.krafthand.de\/truck\/artikel\/diesel-technic-parts-specialists-beim-truck-grand-prix-am-nuerburgring-36669\/"},"author":{"name":"georg.blenk@krafthand-medien.de","@id":"https:\/\/www.krafthand.de\/truck\/#\/schema\/person\/51fa80b1c57034c4bf63f9f988fc24ce"},"headline":"Diesel Technic: Parts Specialists beim Truck-Grand-Prix am N\u00fcrburgring","datePublished":"2023-07-04T12:53:51+00:00","dateModified":"2023-07-04T12:54:54+00:00","mainEntityOfPage":{"@id":"https:\/\/www.krafthand.de\/truck\/artikel\/diesel-technic-parts-specialists-beim-truck-grand-prix-am-nuerburgring-36669\/"},"wordCount":229,"image":{"@id":"https:\/\/www.krafthand.de\/truck\/artikel\/diesel-technic-parts-specialists-beim-truck-grand-prix-am-nuerburgring-36669\/#primaryimage"},"thumbnailUrl":"https:\/\/static.krafthand-truck.de\/uploads\/2023\/07\/DT_Spareparts_Truck_Grand_Prix_Team_SL_Trucksport_30_Sascha_Lenz.jpg","keywords":["Diesel Technic","DT Spareparts","Sascha Lenz","Truck-Grand-Prix"],"articleSection":["Veranstaltungen\/Messen"],"inLanguage":"de"},{"@type":"WebPage","@id":"https:\/\/www.krafthand.de\/truck\/artikel\/diesel-technic-parts-specialists-beim-truck-grand-prix-am-nuerburgring-36669\/","url":"https:\/\/www.krafthand.de\/truck\/artikel\/diesel-technic-parts-specialists-beim-truck-grand-prix-am-nuerburgring-36669\/","name":"Diesel Technic: Parts Specialists beim Truck-Grand-Prix am N\u00fcrburgring - Krafthand-Truck","isPartOf":{"@id":"https:\/\/www.krafthand.de\/truck\/#website"},"primaryImageOfPage":{"@id":"https:\/\/www.krafthand.de\/truck\/artikel\/diesel-technic-parts-specialists-beim-truck-grand-prix-am-nuerburgring-36669\/#primaryimage"},"image":{"@id":"https:\/\/www.krafthand.de\/truck\/artikel\/diesel-technic-parts-specialists-beim-truck-grand-prix-am-nuerburgring-36669\/#primaryimage"},"thumbnailUrl":"https:\/\/static.krafthand-truck.de\/uploads\/2023\/07\/DT_Spareparts_Truck_Grand_Prix_Team_SL_Trucksport_30_Sascha_Lenz.jpg","datePublished":"2023-07-04T12:53:51+00:00","dateModified":"2023-07-04T12:54:54+00:00","author":{"@id":"https:\/\/www.krafthand.de\/truck\/#\/schema\/person\/51fa80b1c57034c4bf63f9f988fc24ce"},"description":"Beim ADAC Truck-Grand-Prix vom 13.-16. Juli 2023 am N\u00fcrburgring sind die Parts Specialists von Diesel Technic mit einem eigenem Stand vertreten.","breadcrumb":{"@id":"https:\/\/www.krafthand.de\/truck\/artikel\/diesel-technic-parts-specialists-beim-truck-grand-prix-am-nuerburgring-36669\/#breadcrumb"},"inLanguage":"de","potentialAction":[{"@type":"ReadAction","target":["https:\/\/www.krafthand.de\/truck\/artikel\/diesel-technic-parts-specialists-beim-truck-grand-prix-am-nuerburgring-36669\/"]}]},{"@type":"ImageObject","inLanguage":"de","@id":"https:\/\/www.krafthand.de\/truck\/artikel\/diesel-technic-parts-specialists-beim-truck-grand-prix-am-nuerburgring-36669\/#primaryimage","url":"https:\/\/static.krafthand-truck.de\/uploads\/2023\/07\/DT_Spareparts_Truck_Grand_Prix_Team_SL_Trucksport_30_Sascha_Lenz.jpg","contentUrl":"https:\/\/static.krafthand-truck.de\/uploads\/2023\/07\/DT_Spareparts_Truck_Grand_Prix_Team_SL_Trucksport_30_Sascha_Lenz.jpg","width":1200,"height":591},{"@type":"BreadcrumbList","@id":"https:\/\/www.krafthand.de\/truck\/artikel\/diesel-technic-parts-specialists-beim-truck-grand-prix-am-nuerburgring-36669\/#breadcrumb","itemListElement":[{"@type":"ListItem","position":1,"name":"Krafthand-Truck","item":"https:\/\/www.krafthand.de\/truck\/"},{"@type":"ListItem","position":2,"name":"Nfz-Branche","item":"https:\/\/www.krafthand.de\/truck\/kategorie\/branche\/"},{"@type":"ListItem","position":3,"name":"Veranstaltungen\/Messen","item":"https:\/\/www.krafthand.de\/truck\/kategorie\/branche\/veranstaltungen\/"},{"@type":"ListItem","position":4,"name":"Diesel Technic: Parts Specialists beim Truck-Grand-Prix am N\u00fcrburgring"}]},{"@type":"WebSite","@id":"https:\/\/www.krafthand.de\/truck\/#website","url":"https:\/\/www.krafthand.de\/truck\/","name":"Krafthand-Truck","description":"","potentialAction":[{"@type":"SearchAction","target":{"@type":"EntryPoint","urlTemplate":"https:\/\/www.krafthand.de\/truck\/?s={search_term_string}"},"query-input":{"@type":"PropertyValueSpecification","valueRequired":true,"valueName":"search_term_string"}}],"inLanguage":"de"},{"@type":"Person","@id":"https:\/\/www.krafthand.de\/truck\/#\/schema\/person\/51fa80b1c57034c4bf63f9f988fc24ce","name":"georg.blenk@krafthand-medien.de","image":{"@type":"ImageObject","inLanguage":"de","@id":"https:\/\/secure.gravatar.com\/avatar\/93713c30affe0aa95d3a4130e499bb1abee2eb31adbdd9ce2aa1543538490215?s=96&d=mm&r=g","url":"https:\/\/secure.gravatar.com\/avatar\/93713c30affe0aa95d3a4130e499bb1abee2eb31adbdd9ce2aa1543538490215?s=96&d=mm&r=g","contentUrl":"https:\/\/secure.gravatar.com\/avatar\/93713c30affe0aa95d3a4130e499bb1abee2eb31adbdd9ce2aa1543538490215?s=96&d=mm&r=g","caption":"georg.blenk@krafthand-medien.de"}}]}},"_links":{"self":[{"href":"https:\/\/www.krafthand.de\/truck\/wp-json\/wp\/v2\/posts\/36669","targetHints":{"allow":["GET"]}}],"collection":[{"href":"https:\/\/www.krafthand.de\/truck\/wp-json\/wp\/v2\/posts"}],"about":[{"href":"https:\/\/www.krafthand.de\/truck\/wp-json\/wp\/v2\/types\/post"}],"author":[{"embeddable":true,"href":"https:\/\/www.krafthand.de\/truck\/wp-json\/wp\/v2\/users\/9"}],"replies":[{"embeddable":true,"href":"https:\/\/www.krafthand.de\/truck\/wp-json\/wp\/v2\/comments?post=36669"}],"version-history":[{"count":8,"href":"https:\/\/www.krafthand.de\/truck\/wp-json\/wp\/v2\/posts\/36669\/revisions"}],"predecessor-version":[{"id":36679,"href":"https:\/\/www.krafthand.de\/truck\/wp-json\/wp\/v2\/posts\/36669\/revisions\/36679"}],"wp:featuredmedia":[{"embeddable":true,"href":"https:\/\/www.krafthand.de\/truck\/wp-json\/wp\/v2\/media\/36675"}],"wp:attachment":[{"href":"https:\/\/www.krafthand.de\/truck\/wp-json\/wp\/v2\/media?parent=36669"}],"wp:term":[{"taxonomy":"category","embeddable":true,"href":"https:\/\/www.krafthand.de\/truck\/wp-json\/wp\/v2\/categories?post=36669"},{"taxonomy":"post_tag","embeddable":true,"href":"https:\/\/www.krafthand.de\/truck\/wp-json\/wp\/v2\/tags?post=36669"},{"taxonomy":"settings","embeddable":true,"href":"https:\/\/www.krafthand.de\/truck\/wp-json\/wp\/v2\/settings?post=36669"}],"curies":[{"name":"wp","href":"https:\/\/api.w.org\/{rel}","templated":true}]}}