{"id":36643,"date":"2023-06-30T11:01:07","date_gmt":"2023-06-30T09:01:07","guid":{"rendered":"https:\/\/www.krafthand.de\/truck\/?p=36643"},"modified":"2023-06-30T11:20:20","modified_gmt":"2023-06-30T09:20:20","slug":"mahle-setzt-auf-wasserstoffmotor-fuer-nutzfahrzeuge","status":"publish","type":"post","link":"https:\/\/www.krafthand.de\/truck\/artikel\/mahle-setzt-auf-wasserstoffmotor-fuer-nutzfahrzeuge-36643\/","title":{"rendered":"MAHLE setzt auf Wasserstoffmotor f\u00fcr Nutzfahrzeuge"},"content":{"rendered":"<p>\u201eWasserstoff<em> ist ein wichtiger Hebel zur Dekarbonisierung. Er hat das Potenzial, viele Nutzfahrzeuge besonders schnell klimaneutral zu machen\u201c<\/em>, so MAHLE CEO Arnd Franz bei der Veranstaltung \u201eWasserstoff Motor Live\u201c, die die <a href=\"https:\/\/allianz-wasserstoffmotor.de\/de\/startseite.html\" target=\"_blank\" rel=\"noopener\">Allianz Wasserstoffmotor e.V.<\/a> am Karlsruher Institut f\u00fcr Technologie (KIT) am heutigen Freitag ausrichtete.<\/p>\n<p><a href=\"https:\/\/www.mahle.com\/de\/\" target=\"_blank\" rel=\"noopener\">MAHLE<\/a> ist Mitglied der Allianz und z\u00e4hlt zu den 20 Partnern aus der Automobilindustrie, die im Rahmen der Veranstaltung ihre Produktinnovationen rund um Wasserstoff pr\u00e4sentierten. Die Allianz Wasserstoffmotor sieht Wasserstoffmotoren als Alternative zum batterieelektrischen\u2013 und Brennstoffzellenantrieb in allen gr\u00f6\u00dferen M\u00e4rkten vor dem Durchbruch. An der Veranstaltung nahmen Vertreter der Wirtschaft und Politik teil.<\/p>\n<h3><strong><em>&#8222;In Vielfalt die Technologien denken&#8220;<\/em><\/strong><\/h3>\n<p>In seinem Impulsvortrag stellte Franz klar, dass Wasserstoff insbesondere im Transportgewerbe die Alternative zum rein elektrischen Antrieb sei, denn die Gesamtkosten f\u00fcr die Flottenbetreiber seien hier der ma\u00dfgebliche Faktor. <em>\u201eUm die ambitionierten Klimaziele zu erreichen, brauchen wir innovativen Wettbewerb und keine ideologisch gepr\u00e4gten Technikvorgaben. Die Mobilit\u00e4tsbed\u00fcrfnisse f\u00fcr Personen und G\u00fcter sind enorm vielf\u00e4ltig. Deshalb sollten wir in Vielfalt der Technologien denken. Ein technologieoffener Wettbewerb der Ideen und Konzepte ist der schnellste und vielversprechendste Weg zur Klimaneutralit\u00e4t\u201c<\/em>, erkl\u00e4rte der MAHLE Chef. In den laufenden politischen Beratungen zur Fortschreibung der EU CO2-Flottenziele f\u00fcr schwere Nutzfahrzeuge m\u00fcsse neben der Elektrifizierung auch das Potenzial von Wasserstoff und erneuerbaren Kraftstoffen umfassend genutzt werden.<\/p>\n<figure id=\"attachment_36649\" aria-describedby=\"caption-attachment-36649\" style=\"width: 380px\" class=\"wp-caption alignleft\"><a href=\"https:\/\/static.krafthand-truck.de\/uploads\/2023\/06\/Mahle_Wasserstoffmotor_Hydrogen_Combustion.jpg\" target=\"_blank\" rel=\"noopener\"><img fetchpriority=\"high\" decoding=\"async\" class=\"wp-image-36649\" src=\"https:\/\/static.krafthand-truck.de\/uploads\/2023\/06\/Mahle_Wasserstoffmotor_Hydrogen_Combustion-300x240.jpg\" alt=\"\" width=\"380\" height=\"303\" srcset=\"https:\/\/static.krafthand-truck.de\/uploads\/2023\/06\/Mahle_Wasserstoffmotor_Hydrogen_Combustion-300x240.jpg 300w, https:\/\/static.krafthand-truck.de\/uploads\/2023\/06\/Mahle_Wasserstoffmotor_Hydrogen_Combustion-1024x817.jpg 1024w, https:\/\/static.krafthand-truck.de\/uploads\/2023\/06\/Mahle_Wasserstoffmotor_Hydrogen_Combustion-768x613.jpg 768w, https:\/\/static.krafthand-truck.de\/uploads\/2023\/06\/Mahle_Wasserstoffmotor_Hydrogen_Combustion.jpg 1200w\" sizes=\"(max-width: 380px) 100vw, 380px\" \/><\/a><figcaption id=\"caption-attachment-36649\" class=\"wp-caption-text\">MAHLE Motorenkomponenten erm\u00f6glichen den Einsatz von Wasserstoff in Verbrennungsmotoren. Bild: Mahle<\/figcaption><\/figure>\n<p><strong><em>\u201eMAHLE ist bereit f\u00fcr den Wasserstoffmotor\u201c<\/em><\/strong>, bekr\u00e4ftigte Franz. Bald w\u00fcrden die ersten Produkte im Serieneinsatz bei Bau- und Landmaschinen hierf\u00fcr den Beweis antreten. Viele Komponenten und Produkte von MAHLE seien bereits heute f\u00fcr Wasserstoff nutzbar. Der einsatzf\u00e4hige Wasserstoffmotor sei ein Signal f\u00fcr den Aufbau einer Wasserstofftankstelleninfrastruktur in Europa, der zeitnah starten m\u00fcsse, um die Technologie auf die Stra\u00dfe zu bringen. Wasserstoffmotoren auf der Stra\u00dfe k\u00f6nnen der Wegbereiter f\u00fcr eine leistungsf\u00e4hige und fl\u00e4chendeckende Tankinfrastruktur auch f\u00fcr Brennstoffzellenfahrzeuge sein.<\/p>\n<h3>Wasserstoff-Pr\u00fcfzentrum Stuttgart<\/h3>\n<p>In seinem Wasserstoff-Pr\u00fcfzentrum in Stuttgart kann MAHLE Technologien f\u00fcr Wasserstoffmotoren, aber auch Brennstoffzellenantriebe entwickeln und auf Herz und Nieren testen. MAHLE Motorkomponenten erm\u00f6glichten die n\u00f6tige Effizienz und Betriebssicherheit bei niedrigsten Emissionen und wettbewerbsf\u00e4higen Kosten.<br \/>\nBatterieelektrische, hybride Antriebe und Verbrennungsmotoren sowie Wasserstoffantriebe bilden den Antriebsmix der Zukunft. Je nach Weltregion wird die Entwicklung aber sehr unterschiedlich verlaufen. Insbesondere bei Nutzfahrzeugen wird auch nach 2035 der Verbrennungsmotor weltweit mit rund 60 Prozent vorherrschen.<\/p>\n","protected":false},"excerpt":{"rendered":"<p>\u201eWasserstoff ist ein wichtiger Hebel zur Dekarbonisierung. Er hat das Potenzial, viele Nutzfahrzeuge besonders schnell klimaneutral zu machen\u201c, so MAHLE CEO Arnd Franz bei der Veranstaltung \u201eWasserstoff Motor Live\u201c, die die Allianz Wasserstoffmotor e.V. am Karlsruher Institut f\u00fcr Technologie (KIT) am heutigen Freitag ausrichtete. <span class=\"excerpt-more__dots\">&#8230;<\/span> <a class=\"excerpt-more__link\" href=\"https:\/\/www.krafthand.de\/truck\/artikel\/mahle-setzt-auf-wasserstoffmotor-fuer-nutzfahrzeuge-36643\/\" >weiter<\/a><\/p>\n","protected":false},"author":9,"featured_media":36645,"comment_status":"closed","ping_status":"closed","sticky":false,"template":"","format":"standard","meta":{"footnotes":""},"categories":[4913,4238],"tags":[5673,4209,1401,4179],"settings":[4766,3523],"class_list":["post-36643","post","type-post","status-publish","format-standard","has-post-thumbnail","hentry","category-alternative-kraftstoffe","category-koepfe","tag-arnd-franz","tag-brennstoffzelle","tag-mahle","tag-wasserstoffmotor"],"yoast_head":"<!-- This site is optimized with the Yoast SEO plugin v27.3 - https:\/\/yoast.com\/product\/yoast-seo-wordpress\/ -->\n<title>MAHLE setzt auf Wasserstoffmotor f\u00fcr Nutzfahrzeuge - Krafthand-Truck<\/title>\n<meta name=\"description\" content=\"\u201eWasserstoff ist ein wichtiger Hebel zur Dekarbonisierung. Er hat das Potenzial, viele Nfz schnell klimaneutral zu machen\u201c, so MAHLE CEO Arnd Franz.\" \/>\n<meta name=\"robots\" content=\"index, follow, max-snippet:-1, max-image-preview:large, max-video-preview:-1\" \/>\n<link rel=\"canonical\" href=\"https:\/\/www.krafthand.de\/truck\/artikel\/mahle-setzt-auf-wasserstoffmotor-fuer-nutzfahrzeuge-36643\/\" \/>\n<meta property=\"og:locale\" content=\"de_DE\" \/>\n<meta property=\"og:type\" content=\"article\" \/>\n<meta property=\"og:title\" content=\"MAHLE setzt auf Wasserstoffmotor f\u00fcr Nutzfahrzeuge - Krafthand-Truck\" \/>\n<meta property=\"og:description\" content=\"\u201eWasserstoff ist ein wichtiger Hebel zur Dekarbonisierung. Er hat das Potenzial, viele Nfz schnell klimaneutral zu machen\u201c, so MAHLE CEO Arnd Franz.\" \/>\n<meta property=\"og:url\" content=\"https:\/\/www.krafthand-truck.de\/artikel\/mahle-setzt-auf-wasserstoffmotor-fuer-nutzfahrzeuge-36643\/\" \/>\n<meta property=\"og:site_name\" content=\"Krafthand-Truck\" \/>\n<meta property=\"article:published_time\" content=\"2023-06-30T09:01:07+00:00\" \/>\n<meta property=\"article:modified_time\" content=\"2023-06-30T09:20:20+00:00\" \/>\n<meta property=\"og:image\" content=\"https:\/\/static.krafthand-truck.de\/uploads\/2023\/06\/Mahle_Arnd_Franz.jpg\" \/>\n\t<meta property=\"og:image:width\" content=\"1200\" \/>\n\t<meta property=\"og:image:height\" content=\"763\" \/>\n\t<meta property=\"og:image:type\" content=\"image\/jpeg\" \/>\n<meta name=\"author\" content=\"georg.blenk@krafthand-medien.de\" \/>\n<meta name=\"twitter:card\" content=\"summary_large_image\" \/>\n<meta name=\"twitter:label1\" content=\"Verfasst von\" \/>\n\t<meta name=\"twitter:data1\" content=\"georg.blenk@krafthand-medien.de\" \/>\n\t<meta name=\"twitter:label2\" content=\"Gesch\u00e4tzte Lesezeit\" \/>\n\t<meta name=\"twitter:data2\" content=\"3\u00a0Minuten\" \/>\n<script type=\"application\/ld+json\" class=\"yoast-schema-graph\">{\"@context\":\"https:\\\/\\\/schema.org\",\"@graph\":[{\"@type\":\"Article\",\"@id\":\"https:\\\/\\\/www.krafthand.de\\\/truck\\\/artikel\\\/mahle-setzt-auf-wasserstoffmotor-fuer-nutzfahrzeuge-36643\\\/#article\",\"isPartOf\":{\"@id\":\"https:\\\/\\\/www.krafthand.de\\\/truck\\\/artikel\\\/mahle-setzt-auf-wasserstoffmotor-fuer-nutzfahrzeuge-36643\\\/\"},\"author\":{\"name\":\"georg.blenk@krafthand-medien.de\",\"@id\":\"https:\\\/\\\/www.krafthand.de\\\/truck\\\/#\\\/schema\\\/person\\\/51fa80b1c57034c4bf63f9f988fc24ce\"},\"headline\":\"MAHLE setzt auf Wasserstoffmotor f\u00fcr Nutzfahrzeuge\",\"datePublished\":\"2023-06-30T09:01:07+00:00\",\"dateModified\":\"2023-06-30T09:20:20+00:00\",\"mainEntityOfPage\":{\"@id\":\"https:\\\/\\\/www.krafthand.de\\\/truck\\\/artikel\\\/mahle-setzt-auf-wasserstoffmotor-fuer-nutzfahrzeuge-36643\\\/\"},\"wordCount\":423,\"image\":{\"@id\":\"https:\\\/\\\/www.krafthand.de\\\/truck\\\/artikel\\\/mahle-setzt-auf-wasserstoffmotor-fuer-nutzfahrzeuge-36643\\\/#primaryimage\"},\"thumbnailUrl\":\"https:\\\/\\\/static.krafthand-truck.de\\\/uploads\\\/2023\\\/06\\\/Mahle_Arnd_Franz.jpg\",\"keywords\":[\"Arnd Franz\",\"Brennstoffzelle\",\"Mahle\",\"Wasserstoffmotor\"],\"articleSection\":[\"Alternative Kraftstoffe\",\"K\u00f6pfe\\\/Personen\"],\"inLanguage\":\"de\"},{\"@type\":\"WebPage\",\"@id\":\"https:\\\/\\\/www.krafthand.de\\\/truck\\\/artikel\\\/mahle-setzt-auf-wasserstoffmotor-fuer-nutzfahrzeuge-36643\\\/\",\"url\":\"https:\\\/\\\/www.krafthand.de\\\/truck\\\/artikel\\\/mahle-setzt-auf-wasserstoffmotor-fuer-nutzfahrzeuge-36643\\\/\",\"name\":\"MAHLE setzt auf Wasserstoffmotor f\u00fcr Nutzfahrzeuge - Krafthand-Truck\",\"isPartOf\":{\"@id\":\"https:\\\/\\\/www.krafthand.de\\\/truck\\\/#website\"},\"primaryImageOfPage\":{\"@id\":\"https:\\\/\\\/www.krafthand.de\\\/truck\\\/artikel\\\/mahle-setzt-auf-wasserstoffmotor-fuer-nutzfahrzeuge-36643\\\/#primaryimage\"},\"image\":{\"@id\":\"https:\\\/\\\/www.krafthand.de\\\/truck\\\/artikel\\\/mahle-setzt-auf-wasserstoffmotor-fuer-nutzfahrzeuge-36643\\\/#primaryimage\"},\"thumbnailUrl\":\"https:\\\/\\\/static.krafthand-truck.de\\\/uploads\\\/2023\\\/06\\\/Mahle_Arnd_Franz.jpg\",\"datePublished\":\"2023-06-30T09:01:07+00:00\",\"dateModified\":\"2023-06-30T09:20:20+00:00\",\"author\":{\"@id\":\"https:\\\/\\\/www.krafthand.de\\\/truck\\\/#\\\/schema\\\/person\\\/51fa80b1c57034c4bf63f9f988fc24ce\"},\"description\":\"\u201eWasserstoff ist ein wichtiger Hebel zur Dekarbonisierung. Er hat das Potenzial, viele Nfz schnell klimaneutral zu machen\u201c, so MAHLE CEO Arnd Franz.\",\"breadcrumb\":{\"@id\":\"https:\\\/\\\/www.krafthand.de\\\/truck\\\/artikel\\\/mahle-setzt-auf-wasserstoffmotor-fuer-nutzfahrzeuge-36643\\\/#breadcrumb\"},\"inLanguage\":\"de\",\"potentialAction\":[{\"@type\":\"ReadAction\",\"target\":[\"https:\\\/\\\/www.krafthand.de\\\/truck\\\/artikel\\\/mahle-setzt-auf-wasserstoffmotor-fuer-nutzfahrzeuge-36643\\\/\"]}]},{\"@type\":\"ImageObject\",\"inLanguage\":\"de\",\"@id\":\"https:\\\/\\\/www.krafthand.de\\\/truck\\\/artikel\\\/mahle-setzt-auf-wasserstoffmotor-fuer-nutzfahrzeuge-36643\\\/#primaryimage\",\"url\":\"https:\\\/\\\/static.krafthand-truck.de\\\/uploads\\\/2023\\\/06\\\/Mahle_Arnd_Franz.jpg\",\"contentUrl\":\"https:\\\/\\\/static.krafthand-truck.de\\\/uploads\\\/2023\\\/06\\\/Mahle_Arnd_Franz.jpg\",\"width\":1200,\"height\":763},{\"@type\":\"BreadcrumbList\",\"@id\":\"https:\\\/\\\/www.krafthand.de\\\/truck\\\/artikel\\\/mahle-setzt-auf-wasserstoffmotor-fuer-nutzfahrzeuge-36643\\\/#breadcrumb\",\"itemListElement\":[{\"@type\":\"ListItem\",\"position\":1,\"name\":\"Krafthand-Truck\",\"item\":\"https:\\\/\\\/www.krafthand.de\\\/truck\\\/\"},{\"@type\":\"ListItem\",\"position\":2,\"name\":\"Nfz-Technik\",\"item\":\"https:\\\/\\\/www.krafthand.de\\\/truck\\\/kategorie\\\/nfz-technik\\\/\"},{\"@type\":\"ListItem\",\"position\":3,\"name\":\"Alternative Kraftstoffe\",\"item\":\"https:\\\/\\\/www.krafthand.de\\\/truck\\\/kategorie\\\/nfz-technik\\\/alternative-kraftstoffe\\\/\"},{\"@type\":\"ListItem\",\"position\":4,\"name\":\"MAHLE setzt auf Wasserstoffmotor f\u00fcr Nutzfahrzeuge\"}]},{\"@type\":\"WebSite\",\"@id\":\"https:\\\/\\\/www.krafthand.de\\\/truck\\\/#website\",\"url\":\"https:\\\/\\\/www.krafthand.de\\\/truck\\\/\",\"name\":\"Krafthand-Truck\",\"description\":\"\",\"potentialAction\":[{\"@type\":\"SearchAction\",\"target\":{\"@type\":\"EntryPoint\",\"urlTemplate\":\"https:\\\/\\\/www.krafthand.de\\\/truck\\\/?s={search_term_string}\"},\"query-input\":{\"@type\":\"PropertyValueSpecification\",\"valueRequired\":true,\"valueName\":\"search_term_string\"}}],\"inLanguage\":\"de\"},{\"@type\":\"Person\",\"@id\":\"https:\\\/\\\/www.krafthand.de\\\/truck\\\/#\\\/schema\\\/person\\\/51fa80b1c57034c4bf63f9f988fc24ce\",\"name\":\"georg.blenk@krafthand-medien.de\",\"image\":{\"@type\":\"ImageObject\",\"inLanguage\":\"de\",\"@id\":\"https:\\\/\\\/secure.gravatar.com\\\/avatar\\\/93713c30affe0aa95d3a4130e499bb1abee2eb31adbdd9ce2aa1543538490215?s=96&d=mm&r=g\",\"url\":\"https:\\\/\\\/secure.gravatar.com\\\/avatar\\\/93713c30affe0aa95d3a4130e499bb1abee2eb31adbdd9ce2aa1543538490215?s=96&d=mm&r=g\",\"contentUrl\":\"https:\\\/\\\/secure.gravatar.com\\\/avatar\\\/93713c30affe0aa95d3a4130e499bb1abee2eb31adbdd9ce2aa1543538490215?s=96&d=mm&r=g\",\"caption\":\"georg.blenk@krafthand-medien.de\"}}]}<\/script>\n<!-- \/ Yoast SEO plugin. -->","yoast_head_json":{"title":"MAHLE setzt auf Wasserstoffmotor f\u00fcr Nutzfahrzeuge - Krafthand-Truck","description":"\u201eWasserstoff ist ein wichtiger Hebel zur Dekarbonisierung. Er hat das Potenzial, viele Nfz schnell klimaneutral zu machen\u201c, so MAHLE CEO Arnd Franz.","robots":{"index":"index","follow":"follow","max-snippet":"max-snippet:-1","max-image-preview":"max-image-preview:large","max-video-preview":"max-video-preview:-1"},"canonical":"https:\/\/www.krafthand.de\/truck\/artikel\/mahle-setzt-auf-wasserstoffmotor-fuer-nutzfahrzeuge-36643\/","og_locale":"de_DE","og_type":"article","og_title":"MAHLE setzt auf Wasserstoffmotor f\u00fcr Nutzfahrzeuge - Krafthand-Truck","og_description":"\u201eWasserstoff ist ein wichtiger Hebel zur Dekarbonisierung. Er hat das Potenzial, viele Nfz schnell klimaneutral zu machen\u201c, so MAHLE CEO Arnd Franz.","og_url":"https:\/\/www.krafthand-truck.de\/artikel\/mahle-setzt-auf-wasserstoffmotor-fuer-nutzfahrzeuge-36643\/","og_site_name":"Krafthand-Truck","article_published_time":"2023-06-30T09:01:07+00:00","article_modified_time":"2023-06-30T09:20:20+00:00","og_image":[{"width":1200,"height":763,"url":"https:\/\/static.krafthand-truck.de\/uploads\/2023\/06\/Mahle_Arnd_Franz.jpg","type":"image\/jpeg"}],"author":"georg.blenk@krafthand-medien.de","twitter_card":"summary_large_image","twitter_misc":{"Verfasst von":"georg.blenk@krafthand-medien.de","Gesch\u00e4tzte Lesezeit":"3\u00a0Minuten"},"schema":{"@context":"https:\/\/schema.org","@graph":[{"@type":"Article","@id":"https:\/\/www.krafthand.de\/truck\/artikel\/mahle-setzt-auf-wasserstoffmotor-fuer-nutzfahrzeuge-36643\/#article","isPartOf":{"@id":"https:\/\/www.krafthand.de\/truck\/artikel\/mahle-setzt-auf-wasserstoffmotor-fuer-nutzfahrzeuge-36643\/"},"author":{"name":"georg.blenk@krafthand-medien.de","@id":"https:\/\/www.krafthand.de\/truck\/#\/schema\/person\/51fa80b1c57034c4bf63f9f988fc24ce"},"headline":"MAHLE setzt auf Wasserstoffmotor f\u00fcr Nutzfahrzeuge","datePublished":"2023-06-30T09:01:07+00:00","dateModified":"2023-06-30T09:20:20+00:00","mainEntityOfPage":{"@id":"https:\/\/www.krafthand.de\/truck\/artikel\/mahle-setzt-auf-wasserstoffmotor-fuer-nutzfahrzeuge-36643\/"},"wordCount":423,"image":{"@id":"https:\/\/www.krafthand.de\/truck\/artikel\/mahle-setzt-auf-wasserstoffmotor-fuer-nutzfahrzeuge-36643\/#primaryimage"},"thumbnailUrl":"https:\/\/static.krafthand-truck.de\/uploads\/2023\/06\/Mahle_Arnd_Franz.jpg","keywords":["Arnd Franz","Brennstoffzelle","Mahle","Wasserstoffmotor"],"articleSection":["Alternative Kraftstoffe","K\u00f6pfe\/Personen"],"inLanguage":"de"},{"@type":"WebPage","@id":"https:\/\/www.krafthand.de\/truck\/artikel\/mahle-setzt-auf-wasserstoffmotor-fuer-nutzfahrzeuge-36643\/","url":"https:\/\/www.krafthand.de\/truck\/artikel\/mahle-setzt-auf-wasserstoffmotor-fuer-nutzfahrzeuge-36643\/","name":"MAHLE setzt auf Wasserstoffmotor f\u00fcr Nutzfahrzeuge - Krafthand-Truck","isPartOf":{"@id":"https:\/\/www.krafthand.de\/truck\/#website"},"primaryImageOfPage":{"@id":"https:\/\/www.krafthand.de\/truck\/artikel\/mahle-setzt-auf-wasserstoffmotor-fuer-nutzfahrzeuge-36643\/#primaryimage"},"image":{"@id":"https:\/\/www.krafthand.de\/truck\/artikel\/mahle-setzt-auf-wasserstoffmotor-fuer-nutzfahrzeuge-36643\/#primaryimage"},"thumbnailUrl":"https:\/\/static.krafthand-truck.de\/uploads\/2023\/06\/Mahle_Arnd_Franz.jpg","datePublished":"2023-06-30T09:01:07+00:00","dateModified":"2023-06-30T09:20:20+00:00","author":{"@id":"https:\/\/www.krafthand.de\/truck\/#\/schema\/person\/51fa80b1c57034c4bf63f9f988fc24ce"},"description":"\u201eWasserstoff ist ein wichtiger Hebel zur Dekarbonisierung. Er hat das Potenzial, viele Nfz schnell klimaneutral zu machen\u201c, so MAHLE CEO Arnd Franz.","breadcrumb":{"@id":"https:\/\/www.krafthand.de\/truck\/artikel\/mahle-setzt-auf-wasserstoffmotor-fuer-nutzfahrzeuge-36643\/#breadcrumb"},"inLanguage":"de","potentialAction":[{"@type":"ReadAction","target":["https:\/\/www.krafthand.de\/truck\/artikel\/mahle-setzt-auf-wasserstoffmotor-fuer-nutzfahrzeuge-36643\/"]}]},{"@type":"ImageObject","inLanguage":"de","@id":"https:\/\/www.krafthand.de\/truck\/artikel\/mahle-setzt-auf-wasserstoffmotor-fuer-nutzfahrzeuge-36643\/#primaryimage","url":"https:\/\/static.krafthand-truck.de\/uploads\/2023\/06\/Mahle_Arnd_Franz.jpg","contentUrl":"https:\/\/static.krafthand-truck.de\/uploads\/2023\/06\/Mahle_Arnd_Franz.jpg","width":1200,"height":763},{"@type":"BreadcrumbList","@id":"https:\/\/www.krafthand.de\/truck\/artikel\/mahle-setzt-auf-wasserstoffmotor-fuer-nutzfahrzeuge-36643\/#breadcrumb","itemListElement":[{"@type":"ListItem","position":1,"name":"Krafthand-Truck","item":"https:\/\/www.krafthand.de\/truck\/"},{"@type":"ListItem","position":2,"name":"Nfz-Technik","item":"https:\/\/www.krafthand.de\/truck\/kategorie\/nfz-technik\/"},{"@type":"ListItem","position":3,"name":"Alternative Kraftstoffe","item":"https:\/\/www.krafthand.de\/truck\/kategorie\/nfz-technik\/alternative-kraftstoffe\/"},{"@type":"ListItem","position":4,"name":"MAHLE setzt auf Wasserstoffmotor f\u00fcr Nutzfahrzeuge"}]},{"@type":"WebSite","@id":"https:\/\/www.krafthand.de\/truck\/#website","url":"https:\/\/www.krafthand.de\/truck\/","name":"Krafthand-Truck","description":"","potentialAction":[{"@type":"SearchAction","target":{"@type":"EntryPoint","urlTemplate":"https:\/\/www.krafthand.de\/truck\/?s={search_term_string}"},"query-input":{"@type":"PropertyValueSpecification","valueRequired":true,"valueName":"search_term_string"}}],"inLanguage":"de"},{"@type":"Person","@id":"https:\/\/www.krafthand.de\/truck\/#\/schema\/person\/51fa80b1c57034c4bf63f9f988fc24ce","name":"georg.blenk@krafthand-medien.de","image":{"@type":"ImageObject","inLanguage":"de","@id":"https:\/\/secure.gravatar.com\/avatar\/93713c30affe0aa95d3a4130e499bb1abee2eb31adbdd9ce2aa1543538490215?s=96&d=mm&r=g","url":"https:\/\/secure.gravatar.com\/avatar\/93713c30affe0aa95d3a4130e499bb1abee2eb31adbdd9ce2aa1543538490215?s=96&d=mm&r=g","contentUrl":"https:\/\/secure.gravatar.com\/avatar\/93713c30affe0aa95d3a4130e499bb1abee2eb31adbdd9ce2aa1543538490215?s=96&d=mm&r=g","caption":"georg.blenk@krafthand-medien.de"}}]}},"_links":{"self":[{"href":"https:\/\/www.krafthand.de\/truck\/wp-json\/wp\/v2\/posts\/36643","targetHints":{"allow":["GET"]}}],"collection":[{"href":"https:\/\/www.krafthand.de\/truck\/wp-json\/wp\/v2\/posts"}],"about":[{"href":"https:\/\/www.krafthand.de\/truck\/wp-json\/wp\/v2\/types\/post"}],"author":[{"embeddable":true,"href":"https:\/\/www.krafthand.de\/truck\/wp-json\/wp\/v2\/users\/9"}],"replies":[{"embeddable":true,"href":"https:\/\/www.krafthand.de\/truck\/wp-json\/wp\/v2\/comments?post=36643"}],"version-history":[{"count":8,"href":"https:\/\/www.krafthand.de\/truck\/wp-json\/wp\/v2\/posts\/36643\/revisions"}],"predecessor-version":[{"id":36653,"href":"https:\/\/www.krafthand.de\/truck\/wp-json\/wp\/v2\/posts\/36643\/revisions\/36653"}],"wp:featuredmedia":[{"embeddable":true,"href":"https:\/\/www.krafthand.de\/truck\/wp-json\/wp\/v2\/media\/36645"}],"wp:attachment":[{"href":"https:\/\/www.krafthand.de\/truck\/wp-json\/wp\/v2\/media?parent=36643"}],"wp:term":[{"taxonomy":"category","embeddable":true,"href":"https:\/\/www.krafthand.de\/truck\/wp-json\/wp\/v2\/categories?post=36643"},{"taxonomy":"post_tag","embeddable":true,"href":"https:\/\/www.krafthand.de\/truck\/wp-json\/wp\/v2\/tags?post=36643"},{"taxonomy":"settings","embeddable":true,"href":"https:\/\/www.krafthand.de\/truck\/wp-json\/wp\/v2\/settings?post=36643"}],"curies":[{"name":"wp","href":"https:\/\/api.w.org\/{rel}","templated":true}]}}