{"id":36627,"date":"2023-06-29T11:21:48","date_gmt":"2023-06-29T09:21:48","guid":{"rendered":"https:\/\/www.krafthand.de\/truck\/?p=36627"},"modified":"2023-06-29T11:24:45","modified_gmt":"2023-06-29T09:24:45","slug":"federleicht-gewichtsoptimierte-luftfedern-fuer-euro-6-lkw","status":"publish","type":"post","link":"https:\/\/www.krafthand.de\/truck\/artikel\/federleicht-gewichtsoptimierte-luftfedern-fuer-euro-6-lkw-36627\/","title":{"rendered":"Federleicht &#8211; Gewichtsoptimierte Luftfedern f\u00fcr Euro-6-Lkw"},"content":{"rendered":"<p>Unter der Produkt-Marke ContiTech bietet Continental jetzt gewichtsoptimierte Luftfedern f\u00fcr Euro-6-Fahrzeuge f\u00fcr den Aftermarket an. Abgedeckt werden die \u201aBig 7\u2018 der Lkw-Hersteller, also Mercedes-Benz, MAN, Scania, Volvo, DAF, Renault und Iveco. Damit hat das Unternehmen sein Produktprogramm f\u00fcr Luftfedern f\u00fcr den Nutzfahrzeug-Ersatzmarkt komplettiert.<\/p>\n<p>\u201eWir haben Luftfedern entwickelt, die unter anderem durch den Einsatz von Kunststoff eine leichtere Bauweise haben und so zu einer Gewichtsreduktion des Fahrzeuges beitragen \u2013 und damit indirekt f\u00fcr eine verbesserte Energiebilanz sorgen\u201c, so Ingo Rosenau, Produktmanager bei Continental, Advanced Dynamics Solutions. Als Erstausr\u00fcster deckt <a href=\"https:\/\/www.continental-industry.com\/de\/solutions\/suspension-anti-vibration\/commercial-vehicles\/air-spring-replacement\" target=\"_blank\" rel=\"noopener\">Continental<\/a> mit seinem Lieferprogramm im Ersatzmarkt rund 95 Prozent des Luftfederbedarfs im Wirtschaftsraum Europa, Naher Osten und Afrika ab und damit nahezu alle g\u00e4ngigen Truck-Achsanwendungen.<\/p>\n<h2>Kunststoff statt Stahl<\/h2>\n<figure id=\"attachment_36629\" aria-describedby=\"caption-attachment-36629\" style=\"width: 280px\" class=\"wp-caption alignleft\"><a href=\"https:\/\/static.krafthand-truck.de\/uploads\/2023\/06\/02_2023_014_2.jpg\" target=\"_blank\" rel=\"noopener\"><img fetchpriority=\"high\" decoding=\"async\" class=\"wp-image-36629\" src=\"https:\/\/static.krafthand-truck.de\/uploads\/2023\/06\/02_2023_014_2-235x300.jpg\" alt=\"\" width=\"280\" height=\"357\" srcset=\"https:\/\/static.krafthand-truck.de\/uploads\/2023\/06\/02_2023_014_2-235x300.jpg 235w, https:\/\/static.krafthand-truck.de\/uploads\/2023\/06\/02_2023_014_2.jpg 391w\" sizes=\"(max-width: 280px) 100vw, 280px\" \/><\/a><figcaption id=\"caption-attachment-36629\" class=\"wp-caption-text\">Leichtbau-Luftfeder 6122N.<\/figcaption><\/figure>\n<p>Bei den neuen Luftfedern sind Metallteile wie der Stahlkolben konstruktiv durch leichtere, aber ebenso belastbare Kunststoffteile ersetzt. Auch der Sitz sowie die Art der Befestigung des Kolbens ist optimiert. Durch die Kombination von Spritzgussfertigung mit einem speziellen F\u00fcgeprozess kann das vollst\u00e4ndige Kolbeninnenvolumen genutzt werden. Die Ma\u00dfnahmen sorgen laut Continental f\u00fcr eine Gewichtseinsparung von einigen hundert Gramm gegen\u00fcber den herk\u00f6mmlichen Bauteilen. F\u00fcr die gesamte Fahrzeugeinheit kommen so, je nach Luftfedertyp, mehrere Kilogramm Gewichtseinsparung zusammen, was den Kraftstoffverbrauch senkt. Dabei sind die neuen Luftfedersysteme nach aktuellen Hersteller-Vorgaben gefertigt. F\u00fcr Nfz-Werkst\u00e4tten wichtig: Der Austausch der alten mit Stahlkolben und der Einbau der neuen Luftfedern, ist ohne Ver\u00e4nderungen an den Aufnahmepunkten problemlos m\u00f6glich. Die Zuladung der Fahrzeuge bleibt unver\u00e4ndert und wird laut Continental teils noch erh\u00f6ht.<\/p>\n<h2>Die richtige Luftfeder finden<\/h2>\n<p>Unter <a href=\"https:\/\/www.airspringapp.com\/de\/EMEA\" target=\"_blank\" rel=\"noopener\">www.luftfederkatalog.de<\/a> sind s\u00e4mtliche Luftfedern f\u00fcr den Aftermarket der Produkt-Marke ContiTech, inklusiv technischen Informationen, verzeichnet. Eine universelle Suchfunktion erleichtert die Suche und selektiert nach Anwendungsbereich, Artikelbezeichnung, Originalteilenummer oder Vergleichsnummer.<\/p>\n<p><i>Den Beitrag finden Sie auch in der Print-Ausgabe 2-2023 der <a href=\"https:\/\/www.krafthand.de\/truck\/magazin\/\" title=\"Zum Magazin\">Krafthand-Truck<\/a>.<\/i><\/p>\r\n\t\t\t\t<div class=\"post-author\">\r\n\t\t\t\t\t<div class=\"khm-cp-author clearfix\">\r\n\t\t\t\t\t\t<div class=\"khm-cp-author__content\">\r\n\t\t\t\t\t\t\t\tKontakt zum Autor:<br \/>\r\n\t\t\t\t\t\t\t\t<strong>Georg Blenk<\/strong>, 08247 \/ 3007-45 |  <a href=\"mailto:georg.blenk@krafthand-medien.de\">georg.blenk@krafthand-medien.de<\/a>\r\n\t\t\t\t\t\t\t<div class=\"khm-cp-author__image\">\r\n\t\t\t\t\t\t<img src=\"https:\/\/static.krafthand-truck.de\/uploads\/2021\/01\/Blenk_6104-250x300-1-removebg-preview.png\" class=\"img-responsive\">\r\n\t\t\t\t\t<\/div>\r\n\t\t\t\t\t\t<\/div>\r\n\t\t\t\t\t<\/div>\r\n\t\t\t\t<\/div>\r\n\t\t\t\t","protected":false},"excerpt":{"rendered":"<p>Unter der Produkt-Marke ContiTech bietet Continental jetzt gewichtsoptimierte Luftfedern f\u00fcr Euro-6-Fahrzeuge f\u00fcr den Aftermarket an. Abgedeckt werden die \u201aBig 7\u2018 der Lkw-Hersteller, also Mercedes-Benz, MAN, Scania, Volvo, DAF, Renault und Iveco. Damit hat das Unternehmen sein Produktprogramm f\u00fcr Luftfedern f\u00fcr den Nutzfahrzeug-Ersatzmarkt komplettiert. <span class=\"excerpt-more__dots\">&#8230;<\/span> <a class=\"excerpt-more__link\" href=\"https:\/\/www.krafthand.de\/truck\/artikel\/federleicht-gewichtsoptimierte-luftfedern-fuer-euro-6-lkw-36627\/\" >weiter<\/a><\/p>\n","protected":false},"author":11,"featured_media":36628,"comment_status":"closed","ping_status":"closed","sticky":false,"template":"","format":"standard","meta":{"footnotes":""},"categories":[4226,4229],"tags":[98,2507,5499],"settings":[3524,4766,3523],"class_list":["post-36627","post","type-post","status-publish","format-standard","has-post-thumbnail","hentry","category-fahrwerk","category-nfz-teile-systeme","tag-continental","tag-contitech","tag-luftfedern"],"yoast_head":"<!-- This site is optimized with the Yoast SEO plugin v27.3 - https:\/\/yoast.com\/product\/yoast-seo-wordpress\/ -->\n<title>Federleicht - Gewichtsoptimierte Luftfedern f\u00fcr Euro-6-Lkw - Krafthand-Truck<\/title>\n<meta name=\"description\" content=\"Unter der Produkt-Marke ContiTech bietet Continental jetzt gewichtsoptimierte Luftfedern f\u00fcr Euro-6-Fahrzeuge f\u00fcr den Aftermarket an.\" \/>\n<meta name=\"robots\" content=\"index, follow, max-snippet:-1, max-image-preview:large, max-video-preview:-1\" \/>\n<link rel=\"canonical\" href=\"https:\/\/www.krafthand.de\/truck\/artikel\/federleicht-gewichtsoptimierte-luftfedern-fuer-euro-6-lkw-36627\/\" \/>\n<meta property=\"og:locale\" content=\"de_DE\" \/>\n<meta property=\"og:type\" content=\"article\" \/>\n<meta property=\"og:title\" content=\"Federleicht - Gewichtsoptimierte Luftfedern f\u00fcr Euro-6-Lkw - Krafthand-Truck\" \/>\n<meta property=\"og:description\" content=\"Unter der Produkt-Marke ContiTech bietet Continental jetzt gewichtsoptimierte Luftfedern f\u00fcr Euro-6-Fahrzeuge f\u00fcr den Aftermarket an.\" \/>\n<meta property=\"og:url\" content=\"https:\/\/www.krafthand-truck.de\/artikel\/federleicht-gewichtsoptimierte-luftfedern-fuer-euro-6-lkw-36627\/\" \/>\n<meta property=\"og:site_name\" content=\"Krafthand-Truck\" \/>\n<meta property=\"article:published_time\" content=\"2023-06-29T09:21:48+00:00\" \/>\n<meta property=\"article:modified_time\" content=\"2023-06-29T09:24:45+00:00\" \/>\n<meta property=\"og:image\" content=\"https:\/\/static.krafthand-truck.de\/uploads\/2023\/06\/02_2023_014_1a.jpg\" \/>\n\t<meta property=\"og:image:width\" content=\"1400\" \/>\n\t<meta property=\"og:image:height\" content=\"799\" \/>\n\t<meta property=\"og:image:type\" content=\"image\/jpeg\" \/>\n<meta name=\"author\" content=\"Redaktion Truck\" \/>\n<meta name=\"twitter:card\" content=\"summary_large_image\" \/>\n<meta name=\"twitter:label1\" content=\"Verfasst von\" \/>\n\t<meta name=\"twitter:data1\" content=\"Redaktion Truck\" \/>\n\t<meta name=\"twitter:label2\" content=\"Gesch\u00e4tzte Lesezeit\" \/>\n\t<meta name=\"twitter:data2\" content=\"2\u00a0Minuten\" \/>\n<script type=\"application\/ld+json\" class=\"yoast-schema-graph\">{\"@context\":\"https:\\\/\\\/schema.org\",\"@graph\":[{\"@type\":\"Article\",\"@id\":\"https:\\\/\\\/www.krafthand.de\\\/truck\\\/artikel\\\/federleicht-gewichtsoptimierte-luftfedern-fuer-euro-6-lkw-36627\\\/#article\",\"isPartOf\":{\"@id\":\"https:\\\/\\\/www.krafthand.de\\\/truck\\\/artikel\\\/federleicht-gewichtsoptimierte-luftfedern-fuer-euro-6-lkw-36627\\\/\"},\"author\":{\"name\":\"Redaktion Truck\",\"@id\":\"https:\\\/\\\/www.krafthand.de\\\/truck\\\/#\\\/schema\\\/person\\\/5e47d727209575a4b89376746e24f02f\"},\"headline\":\"Federleicht &#8211; Gewichtsoptimierte Luftfedern f\u00fcr Euro-6-Lkw\",\"datePublished\":\"2023-06-29T09:21:48+00:00\",\"dateModified\":\"2023-06-29T09:24:45+00:00\",\"mainEntityOfPage\":{\"@id\":\"https:\\\/\\\/www.krafthand.de\\\/truck\\\/artikel\\\/federleicht-gewichtsoptimierte-luftfedern-fuer-euro-6-lkw-36627\\\/\"},\"wordCount\":310,\"image\":{\"@id\":\"https:\\\/\\\/www.krafthand.de\\\/truck\\\/artikel\\\/federleicht-gewichtsoptimierte-luftfedern-fuer-euro-6-lkw-36627\\\/#primaryimage\"},\"thumbnailUrl\":\"https:\\\/\\\/static.krafthand-truck.de\\\/uploads\\\/2023\\\/06\\\/02_2023_014_1a.jpg\",\"keywords\":[\"Continental\",\"Contitech\",\"Luftfedern\"],\"articleSection\":[\"Fahrwerk\\\/D\u00e4mpfung\",\"Nfz-Teile\\\/Systeme\"],\"inLanguage\":\"de\"},{\"@type\":\"WebPage\",\"@id\":\"https:\\\/\\\/www.krafthand.de\\\/truck\\\/artikel\\\/federleicht-gewichtsoptimierte-luftfedern-fuer-euro-6-lkw-36627\\\/\",\"url\":\"https:\\\/\\\/www.krafthand.de\\\/truck\\\/artikel\\\/federleicht-gewichtsoptimierte-luftfedern-fuer-euro-6-lkw-36627\\\/\",\"name\":\"Federleicht - Gewichtsoptimierte Luftfedern f\u00fcr Euro-6-Lkw - Krafthand-Truck\",\"isPartOf\":{\"@id\":\"https:\\\/\\\/www.krafthand.de\\\/truck\\\/#website\"},\"primaryImageOfPage\":{\"@id\":\"https:\\\/\\\/www.krafthand.de\\\/truck\\\/artikel\\\/federleicht-gewichtsoptimierte-luftfedern-fuer-euro-6-lkw-36627\\\/#primaryimage\"},\"image\":{\"@id\":\"https:\\\/\\\/www.krafthand.de\\\/truck\\\/artikel\\\/federleicht-gewichtsoptimierte-luftfedern-fuer-euro-6-lkw-36627\\\/#primaryimage\"},\"thumbnailUrl\":\"https:\\\/\\\/static.krafthand-truck.de\\\/uploads\\\/2023\\\/06\\\/02_2023_014_1a.jpg\",\"datePublished\":\"2023-06-29T09:21:48+00:00\",\"dateModified\":\"2023-06-29T09:24:45+00:00\",\"author\":{\"@id\":\"https:\\\/\\\/www.krafthand.de\\\/truck\\\/#\\\/schema\\\/person\\\/5e47d727209575a4b89376746e24f02f\"},\"description\":\"Unter der Produkt-Marke ContiTech bietet Continental jetzt gewichtsoptimierte Luftfedern f\u00fcr Euro-6-Fahrzeuge f\u00fcr den Aftermarket an.\",\"breadcrumb\":{\"@id\":\"https:\\\/\\\/www.krafthand.de\\\/truck\\\/artikel\\\/federleicht-gewichtsoptimierte-luftfedern-fuer-euro-6-lkw-36627\\\/#breadcrumb\"},\"inLanguage\":\"de\",\"potentialAction\":[{\"@type\":\"ReadAction\",\"target\":[\"https:\\\/\\\/www.krafthand.de\\\/truck\\\/artikel\\\/federleicht-gewichtsoptimierte-luftfedern-fuer-euro-6-lkw-36627\\\/\"]}]},{\"@type\":\"ImageObject\",\"inLanguage\":\"de\",\"@id\":\"https:\\\/\\\/www.krafthand.de\\\/truck\\\/artikel\\\/federleicht-gewichtsoptimierte-luftfedern-fuer-euro-6-lkw-36627\\\/#primaryimage\",\"url\":\"https:\\\/\\\/static.krafthand-truck.de\\\/uploads\\\/2023\\\/06\\\/02_2023_014_1a.jpg\",\"contentUrl\":\"https:\\\/\\\/static.krafthand-truck.de\\\/uploads\\\/2023\\\/06\\\/02_2023_014_1a.jpg\",\"width\":1400,\"height\":799,\"caption\":\"F\u00fcr die gesamte Fahrzeugeinheit kommen aufgrund der neuen Luftfedern, je nach Luftfedertyp, mehrere Kilogramm Gewichtseinsparung zusammen. Bilder: Continental\"},{\"@type\":\"BreadcrumbList\",\"@id\":\"https:\\\/\\\/www.krafthand.de\\\/truck\\\/artikel\\\/federleicht-gewichtsoptimierte-luftfedern-fuer-euro-6-lkw-36627\\\/#breadcrumb\",\"itemListElement\":[{\"@type\":\"ListItem\",\"position\":1,\"name\":\"Krafthand-Truck\",\"item\":\"https:\\\/\\\/www.krafthand.de\\\/truck\\\/\"},{\"@type\":\"ListItem\",\"position\":2,\"name\":\"Nfz-Technik\",\"item\":\"https:\\\/\\\/www.krafthand.de\\\/truck\\\/kategorie\\\/nfz-technik\\\/\"},{\"@type\":\"ListItem\",\"position\":3,\"name\":\"Fahrwerk\\\/D\u00e4mpfung\",\"item\":\"https:\\\/\\\/www.krafthand.de\\\/truck\\\/kategorie\\\/nfz-technik\\\/fahrwerk\\\/\"},{\"@type\":\"ListItem\",\"position\":4,\"name\":\"Federleicht &#8211; Gewichtsoptimierte Luftfedern f\u00fcr Euro-6-Lkw\"}]},{\"@type\":\"WebSite\",\"@id\":\"https:\\\/\\\/www.krafthand.de\\\/truck\\\/#website\",\"url\":\"https:\\\/\\\/www.krafthand.de\\\/truck\\\/\",\"name\":\"Krafthand-Truck\",\"description\":\"\",\"potentialAction\":[{\"@type\":\"SearchAction\",\"target\":{\"@type\":\"EntryPoint\",\"urlTemplate\":\"https:\\\/\\\/www.krafthand.de\\\/truck\\\/?s={search_term_string}\"},\"query-input\":{\"@type\":\"PropertyValueSpecification\",\"valueRequired\":true,\"valueName\":\"search_term_string\"}}],\"inLanguage\":\"de\"},{\"@type\":\"Person\",\"@id\":\"https:\\\/\\\/www.krafthand.de\\\/truck\\\/#\\\/schema\\\/person\\\/5e47d727209575a4b89376746e24f02f\",\"name\":\"Redaktion Truck\",\"image\":{\"@type\":\"ImageObject\",\"inLanguage\":\"de\",\"@id\":\"https:\\\/\\\/secure.gravatar.com\\\/avatar\\\/64cedf5d293ad6eb6600c19e949d032ff0090f240174891ab1517d73ead05c87?s=96&d=mm&r=g\",\"url\":\"https:\\\/\\\/secure.gravatar.com\\\/avatar\\\/64cedf5d293ad6eb6600c19e949d032ff0090f240174891ab1517d73ead05c87?s=96&d=mm&r=g\",\"contentUrl\":\"https:\\\/\\\/secure.gravatar.com\\\/avatar\\\/64cedf5d293ad6eb6600c19e949d032ff0090f240174891ab1517d73ead05c87?s=96&d=mm&r=g\",\"caption\":\"Redaktion Truck\"}}]}<\/script>\n<!-- \/ Yoast SEO plugin. -->","yoast_head_json":{"title":"Federleicht - Gewichtsoptimierte Luftfedern f\u00fcr Euro-6-Lkw - Krafthand-Truck","description":"Unter der Produkt-Marke ContiTech bietet Continental jetzt gewichtsoptimierte Luftfedern f\u00fcr Euro-6-Fahrzeuge f\u00fcr den Aftermarket an.","robots":{"index":"index","follow":"follow","max-snippet":"max-snippet:-1","max-image-preview":"max-image-preview:large","max-video-preview":"max-video-preview:-1"},"canonical":"https:\/\/www.krafthand.de\/truck\/artikel\/federleicht-gewichtsoptimierte-luftfedern-fuer-euro-6-lkw-36627\/","og_locale":"de_DE","og_type":"article","og_title":"Federleicht - Gewichtsoptimierte Luftfedern f\u00fcr Euro-6-Lkw - Krafthand-Truck","og_description":"Unter der Produkt-Marke ContiTech bietet Continental jetzt gewichtsoptimierte Luftfedern f\u00fcr Euro-6-Fahrzeuge f\u00fcr den Aftermarket an.","og_url":"https:\/\/www.krafthand-truck.de\/artikel\/federleicht-gewichtsoptimierte-luftfedern-fuer-euro-6-lkw-36627\/","og_site_name":"Krafthand-Truck","article_published_time":"2023-06-29T09:21:48+00:00","article_modified_time":"2023-06-29T09:24:45+00:00","og_image":[{"width":1400,"height":799,"url":"https:\/\/static.krafthand-truck.de\/uploads\/2023\/06\/02_2023_014_1a.jpg","type":"image\/jpeg"}],"author":"Redaktion Truck","twitter_card":"summary_large_image","twitter_misc":{"Verfasst von":"Redaktion Truck","Gesch\u00e4tzte Lesezeit":"2\u00a0Minuten"},"schema":{"@context":"https:\/\/schema.org","@graph":[{"@type":"Article","@id":"https:\/\/www.krafthand.de\/truck\/artikel\/federleicht-gewichtsoptimierte-luftfedern-fuer-euro-6-lkw-36627\/#article","isPartOf":{"@id":"https:\/\/www.krafthand.de\/truck\/artikel\/federleicht-gewichtsoptimierte-luftfedern-fuer-euro-6-lkw-36627\/"},"author":{"name":"Redaktion Truck","@id":"https:\/\/www.krafthand.de\/truck\/#\/schema\/person\/5e47d727209575a4b89376746e24f02f"},"headline":"Federleicht &#8211; Gewichtsoptimierte Luftfedern f\u00fcr Euro-6-Lkw","datePublished":"2023-06-29T09:21:48+00:00","dateModified":"2023-06-29T09:24:45+00:00","mainEntityOfPage":{"@id":"https:\/\/www.krafthand.de\/truck\/artikel\/federleicht-gewichtsoptimierte-luftfedern-fuer-euro-6-lkw-36627\/"},"wordCount":310,"image":{"@id":"https:\/\/www.krafthand.de\/truck\/artikel\/federleicht-gewichtsoptimierte-luftfedern-fuer-euro-6-lkw-36627\/#primaryimage"},"thumbnailUrl":"https:\/\/static.krafthand-truck.de\/uploads\/2023\/06\/02_2023_014_1a.jpg","keywords":["Continental","Contitech","Luftfedern"],"articleSection":["Fahrwerk\/D\u00e4mpfung","Nfz-Teile\/Systeme"],"inLanguage":"de"},{"@type":"WebPage","@id":"https:\/\/www.krafthand.de\/truck\/artikel\/federleicht-gewichtsoptimierte-luftfedern-fuer-euro-6-lkw-36627\/","url":"https:\/\/www.krafthand.de\/truck\/artikel\/federleicht-gewichtsoptimierte-luftfedern-fuer-euro-6-lkw-36627\/","name":"Federleicht - Gewichtsoptimierte Luftfedern f\u00fcr Euro-6-Lkw - Krafthand-Truck","isPartOf":{"@id":"https:\/\/www.krafthand.de\/truck\/#website"},"primaryImageOfPage":{"@id":"https:\/\/www.krafthand.de\/truck\/artikel\/federleicht-gewichtsoptimierte-luftfedern-fuer-euro-6-lkw-36627\/#primaryimage"},"image":{"@id":"https:\/\/www.krafthand.de\/truck\/artikel\/federleicht-gewichtsoptimierte-luftfedern-fuer-euro-6-lkw-36627\/#primaryimage"},"thumbnailUrl":"https:\/\/static.krafthand-truck.de\/uploads\/2023\/06\/02_2023_014_1a.jpg","datePublished":"2023-06-29T09:21:48+00:00","dateModified":"2023-06-29T09:24:45+00:00","author":{"@id":"https:\/\/www.krafthand.de\/truck\/#\/schema\/person\/5e47d727209575a4b89376746e24f02f"},"description":"Unter der Produkt-Marke ContiTech bietet Continental jetzt gewichtsoptimierte Luftfedern f\u00fcr Euro-6-Fahrzeuge f\u00fcr den Aftermarket an.","breadcrumb":{"@id":"https:\/\/www.krafthand.de\/truck\/artikel\/federleicht-gewichtsoptimierte-luftfedern-fuer-euro-6-lkw-36627\/#breadcrumb"},"inLanguage":"de","potentialAction":[{"@type":"ReadAction","target":["https:\/\/www.krafthand.de\/truck\/artikel\/federleicht-gewichtsoptimierte-luftfedern-fuer-euro-6-lkw-36627\/"]}]},{"@type":"ImageObject","inLanguage":"de","@id":"https:\/\/www.krafthand.de\/truck\/artikel\/federleicht-gewichtsoptimierte-luftfedern-fuer-euro-6-lkw-36627\/#primaryimage","url":"https:\/\/static.krafthand-truck.de\/uploads\/2023\/06\/02_2023_014_1a.jpg","contentUrl":"https:\/\/static.krafthand-truck.de\/uploads\/2023\/06\/02_2023_014_1a.jpg","width":1400,"height":799,"caption":"F\u00fcr die gesamte Fahrzeugeinheit kommen aufgrund der neuen Luftfedern, je nach Luftfedertyp, mehrere Kilogramm Gewichtseinsparung zusammen. Bilder: Continental"},{"@type":"BreadcrumbList","@id":"https:\/\/www.krafthand.de\/truck\/artikel\/federleicht-gewichtsoptimierte-luftfedern-fuer-euro-6-lkw-36627\/#breadcrumb","itemListElement":[{"@type":"ListItem","position":1,"name":"Krafthand-Truck","item":"https:\/\/www.krafthand.de\/truck\/"},{"@type":"ListItem","position":2,"name":"Nfz-Technik","item":"https:\/\/www.krafthand.de\/truck\/kategorie\/nfz-technik\/"},{"@type":"ListItem","position":3,"name":"Fahrwerk\/D\u00e4mpfung","item":"https:\/\/www.krafthand.de\/truck\/kategorie\/nfz-technik\/fahrwerk\/"},{"@type":"ListItem","position":4,"name":"Federleicht &#8211; Gewichtsoptimierte Luftfedern f\u00fcr Euro-6-Lkw"}]},{"@type":"WebSite","@id":"https:\/\/www.krafthand.de\/truck\/#website","url":"https:\/\/www.krafthand.de\/truck\/","name":"Krafthand-Truck","description":"","potentialAction":[{"@type":"SearchAction","target":{"@type":"EntryPoint","urlTemplate":"https:\/\/www.krafthand.de\/truck\/?s={search_term_string}"},"query-input":{"@type":"PropertyValueSpecification","valueRequired":true,"valueName":"search_term_string"}}],"inLanguage":"de"},{"@type":"Person","@id":"https:\/\/www.krafthand.de\/truck\/#\/schema\/person\/5e47d727209575a4b89376746e24f02f","name":"Redaktion Truck","image":{"@type":"ImageObject","inLanguage":"de","@id":"https:\/\/secure.gravatar.com\/avatar\/64cedf5d293ad6eb6600c19e949d032ff0090f240174891ab1517d73ead05c87?s=96&d=mm&r=g","url":"https:\/\/secure.gravatar.com\/avatar\/64cedf5d293ad6eb6600c19e949d032ff0090f240174891ab1517d73ead05c87?s=96&d=mm&r=g","contentUrl":"https:\/\/secure.gravatar.com\/avatar\/64cedf5d293ad6eb6600c19e949d032ff0090f240174891ab1517d73ead05c87?s=96&d=mm&r=g","caption":"Redaktion Truck"}}]}},"_links":{"self":[{"href":"https:\/\/www.krafthand.de\/truck\/wp-json\/wp\/v2\/posts\/36627","targetHints":{"allow":["GET"]}}],"collection":[{"href":"https:\/\/www.krafthand.de\/truck\/wp-json\/wp\/v2\/posts"}],"about":[{"href":"https:\/\/www.krafthand.de\/truck\/wp-json\/wp\/v2\/types\/post"}],"author":[{"embeddable":true,"href":"https:\/\/www.krafthand.de\/truck\/wp-json\/wp\/v2\/users\/11"}],"replies":[{"embeddable":true,"href":"https:\/\/www.krafthand.de\/truck\/wp-json\/wp\/v2\/comments?post=36627"}],"version-history":[{"count":5,"href":"https:\/\/www.krafthand.de\/truck\/wp-json\/wp\/v2\/posts\/36627\/revisions"}],"predecessor-version":[{"id":36631,"href":"https:\/\/www.krafthand.de\/truck\/wp-json\/wp\/v2\/posts\/36627\/revisions\/36631"}],"wp:featuredmedia":[{"embeddable":true,"href":"https:\/\/www.krafthand.de\/truck\/wp-json\/wp\/v2\/media\/36628"}],"wp:attachment":[{"href":"https:\/\/www.krafthand.de\/truck\/wp-json\/wp\/v2\/media?parent=36627"}],"wp:term":[{"taxonomy":"category","embeddable":true,"href":"https:\/\/www.krafthand.de\/truck\/wp-json\/wp\/v2\/categories?post=36627"},{"taxonomy":"post_tag","embeddable":true,"href":"https:\/\/www.krafthand.de\/truck\/wp-json\/wp\/v2\/tags?post=36627"},{"taxonomy":"settings","embeddable":true,"href":"https:\/\/www.krafthand.de\/truck\/wp-json\/wp\/v2\/settings?post=36627"}],"curies":[{"name":"wp","href":"https:\/\/api.w.org\/{rel}","templated":true}]}}