{"id":36534,"date":"2023-06-23T09:56:13","date_gmt":"2023-06-23T07:56:13","guid":{"rendered":"https:\/\/www.krafthand.de\/truck\/?p=36534"},"modified":"2023-06-23T10:13:46","modified_gmt":"2023-06-23T08:13:46","slug":"truck-grand-prix-hankook-wieder-am-nuerburgring-praesent","status":"publish","type":"post","link":"https:\/\/www.krafthand.de\/truck\/artikel\/truck-grand-prix-hankook-wieder-am-nuerburgring-praesent-36534\/","title":{"rendered":"Truck-Grand-Prix: Hankook mit neuem Ausstellungszelt am N\u00fcrburgring"},"content":{"rendered":"<p>Der Reifenhersteller Hankook ist in diesem Jahr zum achten Mal auf dem <a href=\"https:\/\/truck-grand-prix.de\" target=\"_blank\" rel=\"noopener\">ADAC-Truck-Grand-Prix<\/a> am N\u00fcrburgring pr\u00e4sent. In einem neuen, gro\u00dfen Zelt stellt Hankook ausgew\u00e4hlte Highlights aus seinem Lkw- und Busreifen-Portfolio vor. Das Saisonhighlight der FIA European Truck Racing Championship mit Festival und Messe lockt vom <strong>13. bis 16. Juli<\/strong> weit \u00fcber 100.000 Motorsportfans in die Eifel.<\/p>\n<blockquote>\n<figure id=\"attachment_36536\" aria-describedby=\"caption-attachment-36536\" style=\"width: 180px\" class=\"wp-caption alignleft\"><a href=\"https:\/\/static.krafthand-truck.de\/uploads\/2023\/06\/Hankook_Manfred_Zoni.jpg\" target=\"_blank\" rel=\"noopener\"><img decoding=\"async\" class=\"wp-image-36536\" src=\"https:\/\/static.krafthand-truck.de\/uploads\/2023\/06\/Hankook_Manfred_Zoni-220x300.jpg\" alt=\"\" width=\"180\" height=\"245\" srcset=\"https:\/\/static.krafthand-truck.de\/uploads\/2023\/06\/Hankook_Manfred_Zoni-220x300.jpg 220w, https:\/\/static.krafthand-truck.de\/uploads\/2023\/06\/Hankook_Manfred_Zoni-752x1024.jpg 752w, https:\/\/static.krafthand-truck.de\/uploads\/2023\/06\/Hankook_Manfred_Zoni-768x1046.jpg 768w, https:\/\/static.krafthand-truck.de\/uploads\/2023\/06\/Hankook_Manfred_Zoni.jpg 800w\" sizes=\"(max-width: 180px) 100vw, 180px\" \/><\/a><figcaption id=\"caption-attachment-36536\" class=\"wp-caption-text\">Manfred Zoni. Foto: Georg Blenk<\/figcaption><\/figure>\n<p>\u201eWir freuen uns sehr, dass wir dieses Jahr wieder an diesem gro\u00dfartigen Event teilnehmen, um zusammen mit unserem Team, unseren Kunden und den Besuchern vor Ort die neuesten Highlights aus dem Hankook Lkw- und Busreifenbereich zu pr\u00e4sentieren\u201c, so Manfred Zoni, Lkw-Vertriebsdirektor bei Hankook Reifen Deutschland. \u201eDer Truck-Grand-Prix ist nicht nur das wichtigste Truck-Motorsportevent des Jahres, sondern auch eine der wichtigsten Truck- und Nutzfahrzeug-Messen in Europa.\u201c<\/p><\/blockquote>\n<p>Als Highlights zeigt <a href=\"https:\/\/www.hankooktire.com\/de\/de\/tirelist\/vehicle\/truck-and-bus.html\" target=\"_blank\" rel=\"noopener\">Hankook<\/a> am N\u00fcrburgring seine neuesten Profile aus der SmartFlex- und SmartLine-Reihe. Der neue SmartLine AL50 f\u00fcr die Lenkachse und die Rundumbereifung sowie der neue SmartLine DL50 f\u00fcr die Antriebsachse sind laut Hankook gezielt auf Bed\u00fcrfnisse auf der Langstrecke angepasst. Dank eines umfassenden Technologiepakets soll sich die SmartLine-Reifen durch einen besonders geringen Rollwiderstand auszeichnen, was zu weniger Kraftstoffverbrauch f\u00fchrt.<\/p>\n<p>Mit den neuen Reifenprofilen SmartFlex AL51 und DL51 pr\u00e4sentiert Hankook Allrounder f\u00fcr den Regional- und Fernverkehr, die sich durch ein breites Anwendungsspektrum, lange Lebensdauer und geringen Rollwiderstand auszeichnen.<\/p>\n<h4>Das Hankook-Imagevideo zum Truck-Grand-Prix<\/h4>\n<div class=\"brlbs-cmpnt-container brlbs-cmpnt-content-blocker brlbs-cmpnt-with-individual-styles\" data-borlabs-cookie-content-blocker-id=\"youtube-content-blocker\" data-borlabs-cookie-content=\"PGlmcmFtZSB0aXRsZT0iVHJ1Y2sgR3JhbmRwcml4IDIwMjIiIHdpZHRoPSI2NjUiIGhlaWdodD0iMzc0IiBzcmM9Imh0dHBzOi8vd3d3LnlvdXR1YmUtbm9jb29raWUuY29tL2VtYmVkL3VIdlpReUd4Tjk0P2ZlYXR1cmU9b2VtYmVkIiBmcmFtZWJvcmRlcj0iMCIgYWxsb3c9ImFjY2VsZXJvbWV0ZXI7IGF1dG9wbGF5OyBjbGlwYm9hcmQtd3JpdGU7IGVuY3J5cHRlZC1tZWRpYTsgZ3lyb3Njb3BlOyBwaWN0dXJlLWluLXBpY3R1cmU7IHdlYi1zaGFyZSIgcmVmZXJyZXJwb2xpY3k9InN0cmljdC1vcmlnaW4td2hlbi1jcm9zcy1vcmlnaW4iIGFsbG93ZnVsbHNjcmVlbj48L2lmcmFtZT4=\">\n<div class=\"brlbs-cmpnt-cb-preset-c brlbs-cmpnt-cb-youtube\">\n<div class=\"brlbs-cmpnt-cb-thumbnail\" style=\"background-image: url('https:\/\/static.krafthand-truck.de\/uploads\/borlabs-cookie\/1\/yt_uHvZQyGxN94_hqdefault.jpg')\"><\/div>\n<div class=\"brlbs-cmpnt-cb-main\">\n<div class=\"brlbs-cmpnt-cb-play-button\"><\/div>\n<div class=\"brlbs-cmpnt-cb-content\">\n<p class=\"brlbs-cmpnt-cb-description\">Sie sehen gerade einen Platzhalterinhalt von <strong>YouTube<\/strong>. Um auf den eigentlichen Inhalt zuzugreifen, klicken Sie auf die Schaltfl\u00e4che unten. Bitte beachten Sie, dass dabei Daten an Drittanbieter weitergegeben werden.<\/p>\n<p> <a class=\"brlbs-cmpnt-cb-provider-toggle\" href=\"#\" data-borlabs-cookie-show-provider-information role=\"button\">Mehr Informationen<\/a> <\/div>\n<div class=\"brlbs-cmpnt-cb-buttons\"> <a class=\"brlbs-cmpnt-cb-btn\" href=\"#\" data-borlabs-cookie-unblock role=\"button\">Inhalt entsperren<\/a> <a class=\"brlbs-cmpnt-cb-btn\" href=\"#\" data-borlabs-cookie-accept-service role=\"button\" style=\"display: inherit\">Erforderlichen Service akzeptieren und Inhalte entsperren<\/a> <\/div>\n<\/p><\/div>\n<\/p><\/div>\n<\/div>\n","protected":false},"excerpt":{"rendered":"<p>Der Reifenhersteller Hankook ist in diesem Jahr zum achten Mal auf dem ADAC-Truck-Grand-Prix am N\u00fcrburgring pr\u00e4sent. In einem neuen, gro\u00dfen Zelt stellt Hankook ausgew\u00e4hlte Highlights aus seinem Lkw- und Busreifen-Portfolio vor. <span class=\"excerpt-more__dots\">&#8230;<\/span> <a class=\"excerpt-more__link\" href=\"https:\/\/www.krafthand.de\/truck\/artikel\/truck-grand-prix-hankook-wieder-am-nuerburgring-praesent-36534\/\" >weiter<\/a><\/p>\n","protected":false},"author":9,"featured_media":36539,"comment_status":"closed","ping_status":"closed","sticky":false,"template":"","format":"standard","meta":{"footnotes":""},"categories":[4227,4236],"tags":[1587,442],"settings":[4766,3523],"class_list":["post-36534","post","type-post","status-publish","format-standard","has-post-thumbnail","hentry","category-rad-reifen-bremse","category-veranstaltungen","tag-adac-truck-grand-prix","tag-hankook"],"yoast_head":"<!-- This site is optimized with the Yoast SEO plugin v27.3 - https:\/\/yoast.com\/product\/yoast-seo-wordpress\/ -->\n<title>Truck-Grand-Prix: Hankook mit neuem Ausstellungszelt am N\u00fcrburgring - Krafthand-Truck<\/title>\n<meta name=\"description\" content=\"Der Reifenhersteller Hankook ist in diesem Jahr zum achten Mal auf dem ADAC-Truck-Grand-Prix am N\u00fcrburgring pr\u00e4sent.\" \/>\n<meta name=\"robots\" content=\"index, follow, max-snippet:-1, max-image-preview:large, max-video-preview:-1\" \/>\n<link rel=\"canonical\" href=\"https:\/\/www.krafthand.de\/truck\/artikel\/truck-grand-prix-hankook-wieder-am-nuerburgring-praesent-36534\/\" \/>\n<meta property=\"og:locale\" content=\"de_DE\" \/>\n<meta property=\"og:type\" content=\"article\" \/>\n<meta property=\"og:title\" content=\"Truck-Grand-Prix: Hankook mit neuem Ausstellungszelt am N\u00fcrburgring - Krafthand-Truck\" \/>\n<meta property=\"og:description\" content=\"Der Reifenhersteller Hankook ist in diesem Jahr zum achten Mal auf dem ADAC-Truck-Grand-Prix am N\u00fcrburgring pr\u00e4sent.\" \/>\n<meta property=\"og:url\" content=\"https:\/\/www.krafthand-truck.de\/artikel\/truck-grand-prix-hankook-wieder-am-nuerburgring-praesent-36534\/\" \/>\n<meta property=\"og:site_name\" content=\"Krafthand-Truck\" \/>\n<meta property=\"article:published_time\" content=\"2023-06-23T07:56:13+00:00\" \/>\n<meta property=\"article:modified_time\" content=\"2023-06-23T08:13:46+00:00\" \/>\n<meta property=\"og:image\" content=\"https:\/\/static.krafthand-truck.de\/uploads\/2023\/06\/Hankook_Truck_Grand_Prix_Nuerburgring_2023jpg.jpg\" \/>\n\t<meta property=\"og:image:width\" content=\"1200\" \/>\n\t<meta property=\"og:image:height\" content=\"800\" \/>\n\t<meta property=\"og:image:type\" content=\"image\/jpeg\" \/>\n<meta name=\"author\" content=\"georg.blenk@krafthand-medien.de\" \/>\n<meta name=\"twitter:card\" content=\"summary_large_image\" \/>\n<meta name=\"twitter:label1\" content=\"Verfasst von\" \/>\n\t<meta name=\"twitter:data1\" content=\"georg.blenk@krafthand-medien.de\" \/>\n\t<meta name=\"twitter:label2\" content=\"Gesch\u00e4tzte Lesezeit\" \/>\n\t<meta name=\"twitter:data2\" content=\"2\u00a0Minuten\" \/>\n<script type=\"application\/ld+json\" class=\"yoast-schema-graph\">{\"@context\":\"https:\\\/\\\/schema.org\",\"@graph\":[{\"@type\":\"Article\",\"@id\":\"https:\\\/\\\/www.krafthand.de\\\/truck\\\/artikel\\\/truck-grand-prix-hankook-wieder-am-nuerburgring-praesent-36534\\\/#article\",\"isPartOf\":{\"@id\":\"https:\\\/\\\/www.krafthand.de\\\/truck\\\/artikel\\\/truck-grand-prix-hankook-wieder-am-nuerburgring-praesent-36534\\\/\"},\"author\":{\"name\":\"georg.blenk@krafthand-medien.de\",\"@id\":\"https:\\\/\\\/www.krafthand.de\\\/truck\\\/#\\\/schema\\\/person\\\/51fa80b1c57034c4bf63f9f988fc24ce\"},\"headline\":\"Truck-Grand-Prix: Hankook mit neuem Ausstellungszelt am N\u00fcrburgring\",\"datePublished\":\"2023-06-23T07:56:13+00:00\",\"dateModified\":\"2023-06-23T08:13:46+00:00\",\"mainEntityOfPage\":{\"@id\":\"https:\\\/\\\/www.krafthand.de\\\/truck\\\/artikel\\\/truck-grand-prix-hankook-wieder-am-nuerburgring-praesent-36534\\\/\"},\"wordCount\":248,\"image\":{\"@id\":\"https:\\\/\\\/www.krafthand.de\\\/truck\\\/artikel\\\/truck-grand-prix-hankook-wieder-am-nuerburgring-praesent-36534\\\/#primaryimage\"},\"thumbnailUrl\":\"https:\\\/\\\/static.krafthand-truck.de\\\/uploads\\\/2023\\\/06\\\/Hankook_Truck_Grand_Prix_Nuerburgring_2023jpg.jpg\",\"keywords\":[\"ADAC-Truck-Grand-Prix\",\"Hankook\"],\"articleSection\":[\"Rad\\\/Reifen\\\/Bremse\",\"Veranstaltungen\\\/Messen\"],\"inLanguage\":\"de\"},{\"@type\":\"WebPage\",\"@id\":\"https:\\\/\\\/www.krafthand.de\\\/truck\\\/artikel\\\/truck-grand-prix-hankook-wieder-am-nuerburgring-praesent-36534\\\/\",\"url\":\"https:\\\/\\\/www.krafthand.de\\\/truck\\\/artikel\\\/truck-grand-prix-hankook-wieder-am-nuerburgring-praesent-36534\\\/\",\"name\":\"Truck-Grand-Prix: Hankook mit neuem Ausstellungszelt am N\u00fcrburgring - Krafthand-Truck\",\"isPartOf\":{\"@id\":\"https:\\\/\\\/www.krafthand.de\\\/truck\\\/#website\"},\"primaryImageOfPage\":{\"@id\":\"https:\\\/\\\/www.krafthand.de\\\/truck\\\/artikel\\\/truck-grand-prix-hankook-wieder-am-nuerburgring-praesent-36534\\\/#primaryimage\"},\"image\":{\"@id\":\"https:\\\/\\\/www.krafthand.de\\\/truck\\\/artikel\\\/truck-grand-prix-hankook-wieder-am-nuerburgring-praesent-36534\\\/#primaryimage\"},\"thumbnailUrl\":\"https:\\\/\\\/static.krafthand-truck.de\\\/uploads\\\/2023\\\/06\\\/Hankook_Truck_Grand_Prix_Nuerburgring_2023jpg.jpg\",\"datePublished\":\"2023-06-23T07:56:13+00:00\",\"dateModified\":\"2023-06-23T08:13:46+00:00\",\"author\":{\"@id\":\"https:\\\/\\\/www.krafthand.de\\\/truck\\\/#\\\/schema\\\/person\\\/51fa80b1c57034c4bf63f9f988fc24ce\"},\"description\":\"Der Reifenhersteller Hankook ist in diesem Jahr zum achten Mal auf dem ADAC-Truck-Grand-Prix am N\u00fcrburgring pr\u00e4sent.\",\"breadcrumb\":{\"@id\":\"https:\\\/\\\/www.krafthand.de\\\/truck\\\/artikel\\\/truck-grand-prix-hankook-wieder-am-nuerburgring-praesent-36534\\\/#breadcrumb\"},\"inLanguage\":\"de\",\"potentialAction\":[{\"@type\":\"ReadAction\",\"target\":[\"https:\\\/\\\/www.krafthand.de\\\/truck\\\/artikel\\\/truck-grand-prix-hankook-wieder-am-nuerburgring-praesent-36534\\\/\"]}]},{\"@type\":\"ImageObject\",\"inLanguage\":\"de\",\"@id\":\"https:\\\/\\\/www.krafthand.de\\\/truck\\\/artikel\\\/truck-grand-prix-hankook-wieder-am-nuerburgring-praesent-36534\\\/#primaryimage\",\"url\":\"https:\\\/\\\/static.krafthand-truck.de\\\/uploads\\\/2023\\\/06\\\/Hankook_Truck_Grand_Prix_Nuerburgring_2023jpg.jpg\",\"contentUrl\":\"https:\\\/\\\/static.krafthand-truck.de\\\/uploads\\\/2023\\\/06\\\/Hankook_Truck_Grand_Prix_Nuerburgring_2023jpg.jpg\",\"width\":1200,\"height\":800},{\"@type\":\"BreadcrumbList\",\"@id\":\"https:\\\/\\\/www.krafthand.de\\\/truck\\\/artikel\\\/truck-grand-prix-hankook-wieder-am-nuerburgring-praesent-36534\\\/#breadcrumb\",\"itemListElement\":[{\"@type\":\"ListItem\",\"position\":1,\"name\":\"Krafthand-Truck\",\"item\":\"https:\\\/\\\/www.krafthand.de\\\/truck\\\/\"},{\"@type\":\"ListItem\",\"position\":2,\"name\":\"Nfz-Branche\",\"item\":\"https:\\\/\\\/www.krafthand.de\\\/truck\\\/kategorie\\\/branche\\\/\"},{\"@type\":\"ListItem\",\"position\":3,\"name\":\"Veranstaltungen\\\/Messen\",\"item\":\"https:\\\/\\\/www.krafthand.de\\\/truck\\\/kategorie\\\/branche\\\/veranstaltungen\\\/\"},{\"@type\":\"ListItem\",\"position\":4,\"name\":\"Truck-Grand-Prix: Hankook mit neuem Ausstellungszelt am N\u00fcrburgring\"}]},{\"@type\":\"WebSite\",\"@id\":\"https:\\\/\\\/www.krafthand.de\\\/truck\\\/#website\",\"url\":\"https:\\\/\\\/www.krafthand.de\\\/truck\\\/\",\"name\":\"Krafthand-Truck\",\"description\":\"\",\"potentialAction\":[{\"@type\":\"SearchAction\",\"target\":{\"@type\":\"EntryPoint\",\"urlTemplate\":\"https:\\\/\\\/www.krafthand.de\\\/truck\\\/?s={search_term_string}\"},\"query-input\":{\"@type\":\"PropertyValueSpecification\",\"valueRequired\":true,\"valueName\":\"search_term_string\"}}],\"inLanguage\":\"de\"},{\"@type\":\"Person\",\"@id\":\"https:\\\/\\\/www.krafthand.de\\\/truck\\\/#\\\/schema\\\/person\\\/51fa80b1c57034c4bf63f9f988fc24ce\",\"name\":\"georg.blenk@krafthand-medien.de\",\"image\":{\"@type\":\"ImageObject\",\"inLanguage\":\"de\",\"@id\":\"https:\\\/\\\/secure.gravatar.com\\\/avatar\\\/93713c30affe0aa95d3a4130e499bb1abee2eb31adbdd9ce2aa1543538490215?s=96&d=mm&r=g\",\"url\":\"https:\\\/\\\/secure.gravatar.com\\\/avatar\\\/93713c30affe0aa95d3a4130e499bb1abee2eb31adbdd9ce2aa1543538490215?s=96&d=mm&r=g\",\"contentUrl\":\"https:\\\/\\\/secure.gravatar.com\\\/avatar\\\/93713c30affe0aa95d3a4130e499bb1abee2eb31adbdd9ce2aa1543538490215?s=96&d=mm&r=g\",\"caption\":\"georg.blenk@krafthand-medien.de\"}}]}<\/script>\n<!-- \/ Yoast SEO plugin. -->","yoast_head_json":{"title":"Truck-Grand-Prix: Hankook mit neuem Ausstellungszelt am N\u00fcrburgring - Krafthand-Truck","description":"Der Reifenhersteller Hankook ist in diesem Jahr zum achten Mal auf dem ADAC-Truck-Grand-Prix am N\u00fcrburgring pr\u00e4sent.","robots":{"index":"index","follow":"follow","max-snippet":"max-snippet:-1","max-image-preview":"max-image-preview:large","max-video-preview":"max-video-preview:-1"},"canonical":"https:\/\/www.krafthand.de\/truck\/artikel\/truck-grand-prix-hankook-wieder-am-nuerburgring-praesent-36534\/","og_locale":"de_DE","og_type":"article","og_title":"Truck-Grand-Prix: Hankook mit neuem Ausstellungszelt am N\u00fcrburgring - Krafthand-Truck","og_description":"Der Reifenhersteller Hankook ist in diesem Jahr zum achten Mal auf dem ADAC-Truck-Grand-Prix am N\u00fcrburgring pr\u00e4sent.","og_url":"https:\/\/www.krafthand-truck.de\/artikel\/truck-grand-prix-hankook-wieder-am-nuerburgring-praesent-36534\/","og_site_name":"Krafthand-Truck","article_published_time":"2023-06-23T07:56:13+00:00","article_modified_time":"2023-06-23T08:13:46+00:00","og_image":[{"width":1200,"height":800,"url":"https:\/\/static.krafthand-truck.de\/uploads\/2023\/06\/Hankook_Truck_Grand_Prix_Nuerburgring_2023jpg.jpg","type":"image\/jpeg"}],"author":"georg.blenk@krafthand-medien.de","twitter_card":"summary_large_image","twitter_misc":{"Verfasst von":"georg.blenk@krafthand-medien.de","Gesch\u00e4tzte Lesezeit":"2\u00a0Minuten"},"schema":{"@context":"https:\/\/schema.org","@graph":[{"@type":"Article","@id":"https:\/\/www.krafthand.de\/truck\/artikel\/truck-grand-prix-hankook-wieder-am-nuerburgring-praesent-36534\/#article","isPartOf":{"@id":"https:\/\/www.krafthand.de\/truck\/artikel\/truck-grand-prix-hankook-wieder-am-nuerburgring-praesent-36534\/"},"author":{"name":"georg.blenk@krafthand-medien.de","@id":"https:\/\/www.krafthand.de\/truck\/#\/schema\/person\/51fa80b1c57034c4bf63f9f988fc24ce"},"headline":"Truck-Grand-Prix: Hankook mit neuem Ausstellungszelt am N\u00fcrburgring","datePublished":"2023-06-23T07:56:13+00:00","dateModified":"2023-06-23T08:13:46+00:00","mainEntityOfPage":{"@id":"https:\/\/www.krafthand.de\/truck\/artikel\/truck-grand-prix-hankook-wieder-am-nuerburgring-praesent-36534\/"},"wordCount":248,"image":{"@id":"https:\/\/www.krafthand.de\/truck\/artikel\/truck-grand-prix-hankook-wieder-am-nuerburgring-praesent-36534\/#primaryimage"},"thumbnailUrl":"https:\/\/static.krafthand-truck.de\/uploads\/2023\/06\/Hankook_Truck_Grand_Prix_Nuerburgring_2023jpg.jpg","keywords":["ADAC-Truck-Grand-Prix","Hankook"],"articleSection":["Rad\/Reifen\/Bremse","Veranstaltungen\/Messen"],"inLanguage":"de"},{"@type":"WebPage","@id":"https:\/\/www.krafthand.de\/truck\/artikel\/truck-grand-prix-hankook-wieder-am-nuerburgring-praesent-36534\/","url":"https:\/\/www.krafthand.de\/truck\/artikel\/truck-grand-prix-hankook-wieder-am-nuerburgring-praesent-36534\/","name":"Truck-Grand-Prix: Hankook mit neuem Ausstellungszelt am N\u00fcrburgring - Krafthand-Truck","isPartOf":{"@id":"https:\/\/www.krafthand.de\/truck\/#website"},"primaryImageOfPage":{"@id":"https:\/\/www.krafthand.de\/truck\/artikel\/truck-grand-prix-hankook-wieder-am-nuerburgring-praesent-36534\/#primaryimage"},"image":{"@id":"https:\/\/www.krafthand.de\/truck\/artikel\/truck-grand-prix-hankook-wieder-am-nuerburgring-praesent-36534\/#primaryimage"},"thumbnailUrl":"https:\/\/static.krafthand-truck.de\/uploads\/2023\/06\/Hankook_Truck_Grand_Prix_Nuerburgring_2023jpg.jpg","datePublished":"2023-06-23T07:56:13+00:00","dateModified":"2023-06-23T08:13:46+00:00","author":{"@id":"https:\/\/www.krafthand.de\/truck\/#\/schema\/person\/51fa80b1c57034c4bf63f9f988fc24ce"},"description":"Der Reifenhersteller Hankook ist in diesem Jahr zum achten Mal auf dem ADAC-Truck-Grand-Prix am N\u00fcrburgring pr\u00e4sent.","breadcrumb":{"@id":"https:\/\/www.krafthand.de\/truck\/artikel\/truck-grand-prix-hankook-wieder-am-nuerburgring-praesent-36534\/#breadcrumb"},"inLanguage":"de","potentialAction":[{"@type":"ReadAction","target":["https:\/\/www.krafthand.de\/truck\/artikel\/truck-grand-prix-hankook-wieder-am-nuerburgring-praesent-36534\/"]}]},{"@type":"ImageObject","inLanguage":"de","@id":"https:\/\/www.krafthand.de\/truck\/artikel\/truck-grand-prix-hankook-wieder-am-nuerburgring-praesent-36534\/#primaryimage","url":"https:\/\/static.krafthand-truck.de\/uploads\/2023\/06\/Hankook_Truck_Grand_Prix_Nuerburgring_2023jpg.jpg","contentUrl":"https:\/\/static.krafthand-truck.de\/uploads\/2023\/06\/Hankook_Truck_Grand_Prix_Nuerburgring_2023jpg.jpg","width":1200,"height":800},{"@type":"BreadcrumbList","@id":"https:\/\/www.krafthand.de\/truck\/artikel\/truck-grand-prix-hankook-wieder-am-nuerburgring-praesent-36534\/#breadcrumb","itemListElement":[{"@type":"ListItem","position":1,"name":"Krafthand-Truck","item":"https:\/\/www.krafthand.de\/truck\/"},{"@type":"ListItem","position":2,"name":"Nfz-Branche","item":"https:\/\/www.krafthand.de\/truck\/kategorie\/branche\/"},{"@type":"ListItem","position":3,"name":"Veranstaltungen\/Messen","item":"https:\/\/www.krafthand.de\/truck\/kategorie\/branche\/veranstaltungen\/"},{"@type":"ListItem","position":4,"name":"Truck-Grand-Prix: Hankook mit neuem Ausstellungszelt am N\u00fcrburgring"}]},{"@type":"WebSite","@id":"https:\/\/www.krafthand.de\/truck\/#website","url":"https:\/\/www.krafthand.de\/truck\/","name":"Krafthand-Truck","description":"","potentialAction":[{"@type":"SearchAction","target":{"@type":"EntryPoint","urlTemplate":"https:\/\/www.krafthand.de\/truck\/?s={search_term_string}"},"query-input":{"@type":"PropertyValueSpecification","valueRequired":true,"valueName":"search_term_string"}}],"inLanguage":"de"},{"@type":"Person","@id":"https:\/\/www.krafthand.de\/truck\/#\/schema\/person\/51fa80b1c57034c4bf63f9f988fc24ce","name":"georg.blenk@krafthand-medien.de","image":{"@type":"ImageObject","inLanguage":"de","@id":"https:\/\/secure.gravatar.com\/avatar\/93713c30affe0aa95d3a4130e499bb1abee2eb31adbdd9ce2aa1543538490215?s=96&d=mm&r=g","url":"https:\/\/secure.gravatar.com\/avatar\/93713c30affe0aa95d3a4130e499bb1abee2eb31adbdd9ce2aa1543538490215?s=96&d=mm&r=g","contentUrl":"https:\/\/secure.gravatar.com\/avatar\/93713c30affe0aa95d3a4130e499bb1abee2eb31adbdd9ce2aa1543538490215?s=96&d=mm&r=g","caption":"georg.blenk@krafthand-medien.de"}}]}},"_links":{"self":[{"href":"https:\/\/www.krafthand.de\/truck\/wp-json\/wp\/v2\/posts\/36534","targetHints":{"allow":["GET"]}}],"collection":[{"href":"https:\/\/www.krafthand.de\/truck\/wp-json\/wp\/v2\/posts"}],"about":[{"href":"https:\/\/www.krafthand.de\/truck\/wp-json\/wp\/v2\/types\/post"}],"author":[{"embeddable":true,"href":"https:\/\/www.krafthand.de\/truck\/wp-json\/wp\/v2\/users\/9"}],"replies":[{"embeddable":true,"href":"https:\/\/www.krafthand.de\/truck\/wp-json\/wp\/v2\/comments?post=36534"}],"version-history":[{"count":11,"href":"https:\/\/www.krafthand.de\/truck\/wp-json\/wp\/v2\/posts\/36534\/revisions"}],"predecessor-version":[{"id":36547,"href":"https:\/\/www.krafthand.de\/truck\/wp-json\/wp\/v2\/posts\/36534\/revisions\/36547"}],"wp:featuredmedia":[{"embeddable":true,"href":"https:\/\/www.krafthand.de\/truck\/wp-json\/wp\/v2\/media\/36539"}],"wp:attachment":[{"href":"https:\/\/www.krafthand.de\/truck\/wp-json\/wp\/v2\/media?parent=36534"}],"wp:term":[{"taxonomy":"category","embeddable":true,"href":"https:\/\/www.krafthand.de\/truck\/wp-json\/wp\/v2\/categories?post=36534"},{"taxonomy":"post_tag","embeddable":true,"href":"https:\/\/www.krafthand.de\/truck\/wp-json\/wp\/v2\/tags?post=36534"},{"taxonomy":"settings","embeddable":true,"href":"https:\/\/www.krafthand.de\/truck\/wp-json\/wp\/v2\/settings?post=36534"}],"curies":[{"name":"wp","href":"https:\/\/api.w.org\/{rel}","templated":true}]}}